{"id":1266,"date":"2019-12-10T15:19:20","date_gmt":"2019-12-10T21:19:20","guid":{"rendered":"http:\/\/ollantayitzamna.com\/?p=1266"},"modified":"2025-07-03T19:01:28","modified_gmt":"2025-07-04T01:01:28","slug":"derechos-humanos-desde-perspectivas-indigenas","status":"publish","type":"post","link":"https:\/\/ollantayitzamna.com\/?p=1266","title":{"rendered":"Derechos humanos desde perspectivas ind\u00edgenas"},"content":{"rendered":"<figure id=\"attachment_1268\" aria-describedby=\"caption-attachment-1268\" style=\"width: 594px\" class=\"wp-caption aligncenter\"><img data-recalc-dims=\"1\" fetchpriority=\"high\" decoding=\"async\" data-attachment-id=\"1268\" data-permalink=\"https:\/\/ollantayitzamna.com\/?attachment_id=1268\" data-orig-file=\"https:\/\/i0.wp.com\/ollantayitzamna.com\/wp-content\/uploads\/2019\/12\/maya.jpg?fit=594%2C800&amp;ssl=1\" data-orig-size=\"594,800\" data-comments-opened=\"1\" data-image-meta=\"{&quot;aperture&quot;:&quot;0&quot;,&quot;credit&quot;:&quot;&quot;,&quot;camera&quot;:&quot;&quot;,&quot;caption&quot;:&quot;&quot;,&quot;created_timestamp&quot;:&quot;0&quot;,&quot;copyright&quot;:&quot;&quot;,&quot;focal_length&quot;:&quot;0&quot;,&quot;iso&quot;:&quot;0&quot;,&quot;shutter_speed&quot;:&quot;0&quot;,&quot;title&quot;:&quot;&quot;,&quot;orientation&quot;:&quot;0&quot;}\" data-image-title=\"maya\" data-image-description=\"\" data-image-caption=\"&lt;p&gt;Proceso y visi\u00f3n de los Acuerdos de Paz. Paula Nicho&lt;\/p&gt;\n\" data-large-file=\"https:\/\/i0.wp.com\/ollantayitzamna.com\/wp-content\/uploads\/2019\/12\/maya.jpg?fit=594%2C800&amp;ssl=1\" class=\"size-full wp-image-1268\" src=\"https:\/\/i0.wp.com\/ollantayitzamna.com\/wp-content\/uploads\/2019\/12\/maya.jpg?resize=594%2C800&#038;ssl=1\" alt=\"\" width=\"594\" height=\"800\" \/><figcaption id=\"caption-attachment-1268\" class=\"wp-caption-text\">Proceso y visi\u00f3n de los Acuerdos de Paz. Paula Nicho<\/figcaption><\/figure>\n<h4 style=\"text-align:center;\">En las filosof\u00edas ind\u00edgenas el ser humano es parte integral del entramado de la Vida. No es ni centro, ni medida, de la realidad. Mucho menos la finalidad.<\/h4>\n<p><!--more--><\/p>\n<p>En 1948, la civilidad occidental, asombrada por su capacidad auto destructiva ocasionada por sus guerras mundiales, declar\u00f3 lo que, hoy, se conoce como la Declaraci\u00f3n Universal de los Derechos Humanos, con la promesa de encaminar a la humanidad por el sendero del Desarrollo y de la Democracia.<\/p>\n<p>71 a\u00f1os despu\u00e9s, un diagn\u00f3sticos diacr\u00f3nico y sincr\u00f3nico de las condiciones de vida de los m\u00e1s de 7.5 mil millones de habitantes del mundo nos indica que vamos por camino equivocado.<\/p>\n<p>En la actualidad, no s\u00f3lo el hambre, las enfermedades, el analfabetismo, la desigualdad socioecon\u00f3mica&#8230; asechan a diferentes bolsones de las sociedades, incluso en los pa\u00edses denominados (mal) desarrollados, sino que las condiciones de Vida en el planeta Tierra son cada vez m\u00e1s precarias\/peligrosas.<\/p>\n<p>Se agotan irremediablemente las reservas de agua dulce y la poblaci\u00f3n crece, los suelos son cada vez m\u00e1s est\u00e9riles y hay m\u00e1s demanda de alimentos, las reservas de hidrocarburos se agotan y la demanda de energ\u00eda crece, el clima es impredecible, los nevados retroceden y los mares crecen, los bosques, ecosistemas y diferentes formas de vida se despiden\u2026<\/p>\n<h3><strong>\u00bfPor qu\u00e9 los derechos humanos no pudo provenir esta situaci\u00f3n?<\/strong><\/h3>\n<p>Cuando liberales y socialistas debatieron (durante el siglo XX) los derechos humanos se concentraron exclusivamente en la idea del desarrollo antropoc\u00e9ntrico. Es decir, el bienestar del ser humano individual. Hubo debate entre derechos individuales (liberales) y colectivos (socialistas), se impuso lo primero. Pero, ambos centrados en el bienestar humano\/desarrollo.<\/p>\n<p>El sue\u00f1o desarrollista (propulsado por la filosof\u00eda individualista y el antropocentrismo) aceleraron la depredaci\u00f3n del entramado de la Vida en el planeta, al punto de poner en peligro la continuidad de la especie humana. \u00bfDe qu\u00e9 sirve tener derechos, incluso dinero, si no hay agua disponible, comida (saludable), condiciones clim\u00e1ticas predecibles?<\/p>\n<p>71 a\u00f1os despu\u00e9s del reconocimiento e implementaci\u00f3n progresiva de los derechos humanos, nos damos cuenta que \u00e9stos derechos, sean individuales o colectivas, son insuficientes para garantizar el bienestar y la pervivencia de la especie humana en el planeta. Necesitamos reconocer e implementar los derechos de la Madre Tierra que garanticen, a su vez, los derechos\/oportunidades para los humanos.<\/p>\n<h3><strong>\u00bfQu\u00e9 noci\u00f3n tienen los pueblos ind\u00edgenas sobre los derechos humanos?<\/strong><\/h3>\n<figure id=\"attachment_1270\" aria-describedby=\"caption-attachment-1270\" style=\"width: 613px\" class=\"wp-caption aligncenter\"><img data-recalc-dims=\"1\" decoding=\"async\" data-attachment-id=\"1270\" data-permalink=\"https:\/\/ollantayitzamna.com\/?attachment_id=1270\" data-orig-file=\"https:\/\/i0.wp.com\/ollantayitzamna.com\/wp-content\/uploads\/2019\/12\/paula-nicho-cumez.jpg?fit=613%2C800&amp;ssl=1\" data-orig-size=\"613,800\" data-comments-opened=\"1\" data-image-meta=\"{&quot;aperture&quot;:&quot;0&quot;,&quot;credit&quot;:&quot;&quot;,&quot;camera&quot;:&quot;&quot;,&quot;caption&quot;:&quot;&quot;,&quot;created_timestamp&quot;:&quot;0&quot;,&quot;copyright&quot;:&quot;&quot;,&quot;focal_length&quot;:&quot;0&quot;,&quot;iso&quot;:&quot;0&quot;,&quot;shutter_speed&quot;:&quot;0&quot;,&quot;title&quot;:&quot;&quot;,&quot;orientation&quot;:&quot;0&quot;}\" data-image-title=\"Paula Nicho Cumez\" data-image-description=\"\" data-image-caption=\"&lt;p&gt;Coraz\u00f3n del Agua. Paula Nicho&lt;\/p&gt;\n\" data-large-file=\"https:\/\/i0.wp.com\/ollantayitzamna.com\/wp-content\/uploads\/2019\/12\/paula-nicho-cumez.jpg?fit=613%2C800&amp;ssl=1\" class=\"size-full wp-image-1270\" src=\"https:\/\/i0.wp.com\/ollantayitzamna.com\/wp-content\/uploads\/2019\/12\/paula-nicho-cumez.jpg?resize=613%2C800&#038;ssl=1\" alt=\"\" width=\"613\" height=\"800\" \/><figcaption id=\"caption-attachment-1270\" class=\"wp-caption-text\">Coraz\u00f3n del Agua. Paula Nicho<\/figcaption><\/figure>\n<p>El pensamiento\/academia occidental, fruto de su arrogancia intelectual, llega a la conclusi\u00f3n falaz de: \u201clos pueblos ind\u00edgenas y\/u orientales no tienen noci\u00f3n de derechos humanos. Apenas llegan a concebir la idea de dignidad\u201d. Esto es falso.<\/p>\n<p>Nuestros abuelos ten\u00eda muy claro que \u201cel bienestar de la comunidad humana depend\u00eda del bienestar de la comunidad c\u00f3smica\u201d.<\/p>\n<p>En las filosof\u00edas de los pueblos abor\u00edgenes y\/u orientales jam\u00e1s existi\u00f3 la idea del ser humano como un ser individual\/independiente. Mucho menos como un ser desgajado de la comunidad c\u00f3smica. No existi\u00f3 la locura de buscar el bienestar del humano individual incluso quemando o destruyendo la \u00fanica casa com\u00fan.<\/p>\n<p>En las filosof\u00edas ind\u00edgenas el ser humano es parte integral del entramado de la Vida. No es ni centro, ni medida, de la realidad. Mucho menos la finalidad. Pero, esta l\u00f3gica simb\u00f3lica\/interrelacional es imposible constatar\/comprender con el antropocentrismo metodol\u00f3gico. Mucho menos con el m\u00e9todo individualista.<\/p>\n<p>Para los pueblos ind\u00edgenas la \u00fanica v\u00eda para garantizar los derechos humanos es reconocer la dignidad, los derechos, y oportunidades de la Madre Tierra (como comunidad c\u00f3smica).<\/p>\n<p>Derechos plenos para los humanos es imposible conseguir por la v\u00eda del desarrollo. El desarrollo siempre depredar\u00e1 los derechos y oportunidades de las grandes mayor\u00edas, y sobre todo, el entramado de la Vida en el planeta.<\/p>\n<p>Seg\u00fan las filosof\u00edas ind\u00edgenas, la comunidad humana tendr\u00e1 el disfrute de sus facultades de bienestar (derechos) \u00fanicamente como un ser comunitario, restaurando los equilibrios rotos por el antropocentrismo y el individualismo.<\/p>\n","protected":false},"excerpt":{"rendered":"<p>En las filosof\u00edas ind\u00edgenas el ser humano es parte integral del entramado de la Vida. No es ni centro, ni medida, de la realidad. Mucho menos la finalidad.<\/p>\n","protected":false},"author":95365428,"featured_media":1268,"comment_status":"open","ping_status":"open","sticky":false,"template":"","format":"standard","meta":{"_coblocks_attr":"","_coblocks_dimensions":"","_coblocks_responsive_height":"","_coblocks_accordion_ie_support":"","_jetpack_newsletter_access":"","_jetpack_dont_email_post_to_subs":false,"_jetpack_newsletter_tier_id":0,"_jetpack_memberships_contains_paywalled_content":false,"_wpcom_ai_launchpad_first_post":false,"_jetpack_feature_clip_id":0,"_jetpack_memberships_contains_paid_content":false,"footnotes":"","jetpack_publicize_message":"{title}\n\n{excerpt}\n\n{url}","jetpack_publicize_feature_enabled":true,"jetpack_social_post_already_shared":false,"jetpack_social_options":{"image_generator_settings":{"template":"highway","default_image_id":0,"font":"","enabled":false},"version":2},"_wpas_customize_per_network":false,"jetpack_post_was_ever_published":false},"categories":[696796406],"tags":[543247,2473320,696795861,846965],"class_list":["post-1266","post","type-post","status-publish","format-standard","has-post-thumbnail","hentry","category-comunalidad","tag-antropocentrismo","tag-comunitarismo","tag-derechos-humanos","tag-pueblos-indigenas"],"yoast_head":"<!-- This site is optimized with the Yoast SEO plugin v28.4 - https:\/\/yoast.com\/product\/yoast-seo-wordpress\/ -->\n<title>Derechos humanos desde perspectivas ind\u00edgenas - Ollantay Itzamn\u00e1<\/title>\n<meta name=\"robots\" content=\"index, follow, max-snippet:-1, max-image-preview:large, max-video-preview:-1\" \/>\n<link rel=\"canonical\" href=\"https:\/\/ollantayitzamna.com\/?p=1266\" \/>\n<meta property=\"og:locale\" content=\"es_ES\" \/>\n<meta property=\"og:type\" content=\"article\" \/>\n<meta property=\"og:title\" content=\"Derechos humanos desde perspectivas ind\u00edgenas - Ollantay Itzamn\u00e1\" \/>\n<meta property=\"og:description\" content=\"En las filosof\u00edas ind\u00edgenas el ser humano es parte integral del entramado de la Vida. No es ni centro, ni medida, de la realidad. Mucho menos la finalidad.\" \/>\n<meta property=\"og:url\" content=\"https:\/\/ollantayitzamna.com\/?p=1266\" \/>\n<meta property=\"og:site_name\" content=\"Ollantay Itzamn\u00e1\" \/>\n<meta property=\"article:published_time\" content=\"2019-12-10T21:19:20+00:00\" \/>\n<meta property=\"article:modified_time\" content=\"2025-07-04T01:01:28+00:00\" \/>\n<meta property=\"og:image\" content=\"https:\/\/i0.wp.com\/ollantayitzamna.com\/wp-content\/uploads\/2019\/12\/maya.jpg?fit=594%2C800&ssl=1\" \/>\n\t<meta property=\"og:image:width\" content=\"594\" \/>\n\t<meta property=\"og:image:height\" content=\"800\" \/>\n\t<meta property=\"og:image:type\" content=\"image\/jpeg\" \/>\n<meta name=\"author\" content=\"ollantayitzamna\" \/>\n<meta name=\"twitter:card\" content=\"summary_large_image\" \/>\n<meta name=\"twitter:label1\" content=\"Escrito por\" \/>\n\t<meta name=\"twitter:data1\" content=\"ollantayitzamna\" \/>\n\t<meta name=\"twitter:label2\" content=\"Tiempo de lectura\" \/>\n\t<meta name=\"twitter:data2\" content=\"4 minutos\" \/>\n<script type=\"application\/ld+json\" class=\"yoast-schema-graph\">{\"@context\":\"https:\\\/\\\/schema.org\",\"@graph\":[{\"@type\":\"Article\",\"@id\":\"https:\\\/\\\/ollantayitzamna.com\\\/?p=1266#article\",\"isPartOf\":{\"@id\":\"https:\\\/\\\/ollantayitzamna.com\\\/?p=1266\"},\"author\":{\"name\":\"ollantayitzamna\",\"@id\":\"https:\\\/\\\/ollantayitzamna.com\\\/#\\\/schema\\\/person\\\/d7d683451f51a71c7d7c6b4b70437092\"},\"headline\":\"Derechos humanos desde perspectivas ind\u00edgenas\",\"datePublished\":\"2019-12-10T21:19:20+00:00\",\"dateModified\":\"2025-07-04T01:01:28+00:00\",\"mainEntityOfPage\":{\"@id\":\"https:\\\/\\\/ollantayitzamna.com\\\/?p=1266\"},\"wordCount\":724,\"commentCount\":0,\"image\":{\"@id\":\"https:\\\/\\\/ollantayitzamna.com\\\/?p=1266#primaryimage\"},\"thumbnailUrl\":\"https:\\\/\\\/i0.wp.com\\\/ollantayitzamna.com\\\/wp-content\\\/uploads\\\/2019\\\/12\\\/maya.jpg?fit=594%2C800&ssl=1\",\"keywords\":[\"antropocentrismo\",\"comunitarismo\",\"Derechos Humanos\",\"pueblos ind\u00edgenas\"],\"articleSection\":[\"Comunalidad\"],\"inLanguage\":\"es\",\"potentialAction\":[{\"@type\":\"CommentAction\",\"name\":\"Comment\",\"target\":[\"https:\\\/\\\/ollantayitzamna.com\\\/?p=1266#respond\"]}]},{\"@type\":\"WebPage\",\"@id\":\"https:\\\/\\\/ollantayitzamna.com\\\/?p=1266\",\"url\":\"https:\\\/\\\/ollantayitzamna.com\\\/?p=1266\",\"name\":\"Derechos humanos desde perspectivas ind\u00edgenas - Ollantay Itzamn\u00e1\",\"isPartOf\":{\"@id\":\"https:\\\/\\\/ollantayitzamna.com\\\/#website\"},\"primaryImageOfPage\":{\"@id\":\"https:\\\/\\\/ollantayitzamna.com\\\/?p=1266#primaryimage\"},\"image\":{\"@id\":\"https:\\\/\\\/ollantayitzamna.com\\\/?p=1266#primaryimage\"},\"thumbnailUrl\":\"https:\\\/\\\/i0.wp.com\\\/ollantayitzamna.com\\\/wp-content\\\/uploads\\\/2019\\\/12\\\/maya.jpg?fit=594%2C800&ssl=1\",\"datePublished\":\"2019-12-10T21:19:20+00:00\",\"dateModified\":\"2025-07-04T01:01:28+00:00\",\"author\":{\"@id\":\"https:\\\/\\\/ollantayitzamna.com\\\/#\\\/schema\\\/person\\\/d7d683451f51a71c7d7c6b4b70437092\"},\"breadcrumb\":{\"@id\":\"https:\\\/\\\/ollantayitzamna.com\\\/?p=1266#breadcrumb\"},\"inLanguage\":\"es\",\"potentialAction\":[{\"@type\":\"ReadAction\",\"target\":[\"https:\\\/\\\/ollantayitzamna.com\\\/?p=1266\"]}]},{\"@type\":\"ImageObject\",\"inLanguage\":\"es\",\"@id\":\"https:\\\/\\\/ollantayitzamna.com\\\/?p=1266#primaryimage\",\"url\":\"https:\\\/\\\/i0.wp.com\\\/ollantayitzamna.com\\\/wp-content\\\/uploads\\\/2019\\\/12\\\/maya.jpg?fit=594%2C800&ssl=1\",\"contentUrl\":\"https:\\\/\\\/i0.wp.com\\\/ollantayitzamna.com\\\/wp-content\\\/uploads\\\/2019\\\/12\\\/maya.jpg?fit=594%2C800&ssl=1\",\"width\":594,\"height\":800,\"caption\":\"Proceso y visi\u00f3n de los Acuerdos de Paz. Paula Nicho\"},{\"@type\":\"BreadcrumbList\",\"@id\":\"https:\\\/\\\/ollantayitzamna.com\\\/?p=1266#breadcrumb\",\"itemListElement\":[{\"@type\":\"ListItem\",\"position\":1,\"name\":\"Portada\",\"item\":\"https:\\\/\\\/ollantayitzamna.com\\\/\"},{\"@type\":\"ListItem\",\"position\":2,\"name\":\"Derechos humanos desde perspectivas ind\u00edgenas\"}]},{\"@type\":\"WebSite\",\"@id\":\"https:\\\/\\\/ollantayitzamna.com\\\/#website\",\"url\":\"https:\\\/\\\/ollantayitzamna.com\\\/\",\"name\":\"Ollantay Itzamn\u00e1\",\"description\":\"Susurros del silencio\",\"potentialAction\":[{\"@type\":\"SearchAction\",\"target\":{\"@type\":\"EntryPoint\",\"urlTemplate\":\"https:\\\/\\\/ollantayitzamna.com\\\/?s={search_term_string}\"},\"query-input\":{\"@type\":\"PropertyValueSpecification\",\"valueRequired\":true,\"valueName\":\"search_term_string\"}}],\"inLanguage\":\"es\"},{\"@type\":\"Person\",\"@id\":\"https:\\\/\\\/ollantayitzamna.com\\\/#\\\/schema\\\/person\\\/d7d683451f51a71c7d7c6b4b70437092\",\"name\":\"ollantayitzamna\",\"image\":{\"@type\":\"ImageObject\",\"inLanguage\":\"es\",\"@id\":\"https:\\\/\\\/secure.gravatar.com\\\/avatar\\\/576387c53cc1a5ef704abf20408627fa3cb969d3f33355a576a2b20d65397362?s=96&d=identicon&r=g\",\"url\":\"https:\\\/\\\/secure.gravatar.com\\\/avatar\\\/576387c53cc1a5ef704abf20408627fa3cb969d3f33355a576a2b20d65397362?s=96&d=identicon&r=g\",\"contentUrl\":\"https:\\\/\\\/secure.gravatar.com\\\/avatar\\\/576387c53cc1a5ef704abf20408627fa3cb969d3f33355a576a2b20d65397362?s=96&d=identicon&r=g\",\"caption\":\"ollantayitzamna\"},\"description\":\"Soy Tierra que siente, que llora, que ama, que conspira, que sue\u00f1a. Soy wawa (criatura) de la Pachamama.\",\"sameAs\":[\"http:\\\/\\\/ollantayitzamna.com\"],\"url\":\"https:\\\/\\\/ollantayitzamna.com\\\/?author=95365428\"}]}<\/script>\n<!-- \/ Yoast SEO plugin. -->","yoast_head_json":{"title":"Derechos humanos desde perspectivas ind\u00edgenas - Ollantay Itzamn\u00e1","robots":{"index":"index","follow":"follow","max-snippet":"max-snippet:-1","max-image-preview":"max-image-preview:large","max-video-preview":"max-video-preview:-1"},"canonical":"https:\/\/ollantayitzamna.com\/?p=1266","og_locale":"es_ES","og_type":"article","og_title":"Derechos humanos desde perspectivas ind\u00edgenas - Ollantay Itzamn\u00e1","og_description":"En las filosof\u00edas ind\u00edgenas el ser humano es parte integral del entramado de la Vida. No es ni centro, ni medida, de la realidad. Mucho menos la finalidad.","og_url":"https:\/\/ollantayitzamna.com\/?p=1266","og_site_name":"Ollantay Itzamn\u00e1","article_published_time":"2019-12-10T21:19:20+00:00","article_modified_time":"2025-07-04T01:01:28+00:00","og_image":[{"width":594,"height":800,"url":"https:\/\/i0.wp.com\/ollantayitzamna.com\/wp-content\/uploads\/2019\/12\/maya.jpg?fit=594%2C800&ssl=1","type":"image\/jpeg"}],"author":"ollantayitzamna","twitter_card":"summary_large_image","twitter_misc":{"Escrito por":"ollantayitzamna","Tiempo de lectura":"4 minutos"},"schema":{"@context":"https:\/\/schema.org","@graph":[{"@type":"Article","@id":"https:\/\/ollantayitzamna.com\/?p=1266#article","isPartOf":{"@id":"https:\/\/ollantayitzamna.com\/?p=1266"},"author":{"name":"ollantayitzamna","@id":"https:\/\/ollantayitzamna.com\/#\/schema\/person\/d7d683451f51a71c7d7c6b4b70437092"},"headline":"Derechos humanos desde perspectivas ind\u00edgenas","datePublished":"2019-12-10T21:19:20+00:00","dateModified":"2025-07-04T01:01:28+00:00","mainEntityOfPage":{"@id":"https:\/\/ollantayitzamna.com\/?p=1266"},"wordCount":724,"commentCount":0,"image":{"@id":"https:\/\/ollantayitzamna.com\/?p=1266#primaryimage"},"thumbnailUrl":"https:\/\/i0.wp.com\/ollantayitzamna.com\/wp-content\/uploads\/2019\/12\/maya.jpg?fit=594%2C800&ssl=1","keywords":["antropocentrismo","comunitarismo","Derechos Humanos","pueblos ind\u00edgenas"],"articleSection":["Comunalidad"],"inLanguage":"es","potentialAction":[{"@type":"CommentAction","name":"Comment","target":["https:\/\/ollantayitzamna.com\/?p=1266#respond"]}]},{"@type":"WebPage","@id":"https:\/\/ollantayitzamna.com\/?p=1266","url":"https:\/\/ollantayitzamna.com\/?p=1266","name":"Derechos humanos desde perspectivas ind\u00edgenas - Ollantay Itzamn\u00e1","isPartOf":{"@id":"https:\/\/ollantayitzamna.com\/#website"},"primaryImageOfPage":{"@id":"https:\/\/ollantayitzamna.com\/?p=1266#primaryimage"},"image":{"@id":"https:\/\/ollantayitzamna.com\/?p=1266#primaryimage"},"thumbnailUrl":"https:\/\/i0.wp.com\/ollantayitzamna.com\/wp-content\/uploads\/2019\/12\/maya.jpg?fit=594%2C800&ssl=1","datePublished":"2019-12-10T21:19:20+00:00","dateModified":"2025-07-04T01:01:28+00:00","author":{"@id":"https:\/\/ollantayitzamna.com\/#\/schema\/person\/d7d683451f51a71c7d7c6b4b70437092"},"breadcrumb":{"@id":"https:\/\/ollantayitzamna.com\/?p=1266#breadcrumb"},"inLanguage":"es","potentialAction":[{"@type":"ReadAction","target":["https:\/\/ollantayitzamna.com\/?p=1266"]}]},{"@type":"ImageObject","inLanguage":"es","@id":"https:\/\/ollantayitzamna.com\/?p=1266#primaryimage","url":"https:\/\/i0.wp.com\/ollantayitzamna.com\/wp-content\/uploads\/2019\/12\/maya.jpg?fit=594%2C800&ssl=1","contentUrl":"https:\/\/i0.wp.com\/ollantayitzamna.com\/wp-content\/uploads\/2019\/12\/maya.jpg?fit=594%2C800&ssl=1","width":594,"height":800,"caption":"Proceso y visi\u00f3n de los Acuerdos de Paz. Paula Nicho"},{"@type":"BreadcrumbList","@id":"https:\/\/ollantayitzamna.com\/?p=1266#breadcrumb","itemListElement":[{"@type":"ListItem","position":1,"name":"Portada","item":"https:\/\/ollantayitzamna.com\/"},{"@type":"ListItem","position":2,"name":"Derechos humanos desde perspectivas ind\u00edgenas"}]},{"@type":"WebSite","@id":"https:\/\/ollantayitzamna.com\/#website","url":"https:\/\/ollantayitzamna.com\/","name":"Ollantay Itzamn\u00e1","description":"Susurros del silencio","potentialAction":[{"@type":"SearchAction","target":{"@type":"EntryPoint","urlTemplate":"https:\/\/ollantayitzamna.com\/?s={search_term_string}"},"query-input":{"@type":"PropertyValueSpecification","valueRequired":true,"valueName":"search_term_string"}}],"inLanguage":"es"},{"@type":"Person","@id":"https:\/\/ollantayitzamna.com\/#\/schema\/person\/d7d683451f51a71c7d7c6b4b70437092","name":"ollantayitzamna","image":{"@type":"ImageObject","inLanguage":"es","@id":"https:\/\/secure.gravatar.com\/avatar\/576387c53cc1a5ef704abf20408627fa3cb969d3f33355a576a2b20d65397362?s=96&d=identicon&r=g","url":"https:\/\/secure.gravatar.com\/avatar\/576387c53cc1a5ef704abf20408627fa3cb969d3f33355a576a2b20d65397362?s=96&d=identicon&r=g","contentUrl":"https:\/\/secure.gravatar.com\/avatar\/576387c53cc1a5ef704abf20408627fa3cb969d3f33355a576a2b20d65397362?s=96&d=identicon&r=g","caption":"ollantayitzamna"},"description":"Soy Tierra que siente, que llora, que ama, que conspira, que sue\u00f1a. Soy wawa (criatura) de la Pachamama.","sameAs":["http:\/\/ollantayitzamna.com"],"url":"https:\/\/ollantayitzamna.com\/?author=95365428"}]}},"jetpack_publicize_connections":[],"jetpack_likes_enabled":true,"jetpack_sharing_enabled":true,"jetpack_featured_media_url":"https:\/\/i0.wp.com\/ollantayitzamna.com\/wp-content\/uploads\/2019\/12\/maya.jpg?fit=594%2C800&ssl=1","_links":{"self":[{"href":"https:\/\/ollantayitzamna.com\/index.php?rest_route=\/wp\/v2\/posts\/1266","targetHints":{"allow":["GET"]}}],"collection":[{"href":"https:\/\/ollantayitzamna.com\/index.php?rest_route=\/wp\/v2\/posts"}],"about":[{"href":"https:\/\/ollantayitzamna.com\/index.php?rest_route=\/wp\/v2\/types\/post"}],"author":[{"embeddable":true,"href":"https:\/\/ollantayitzamna.com\/index.php?rest_route=\/wp\/v2\/users\/95365428"}],"replies":[{"embeddable":true,"href":"https:\/\/ollantayitzamna.com\/index.php?rest_route=%2Fwp%2Fv2%2Fcomments&post=1266"}],"version-history":[{"count":5,"href":"https:\/\/ollantayitzamna.com\/index.php?rest_route=\/wp\/v2\/posts\/1266\/revisions"}],"predecessor-version":[{"id":1273,"href":"https:\/\/ollantayitzamna.com\/index.php?rest_route=\/wp\/v2\/posts\/1266\/revisions\/1273"}],"wp:featuredmedia":[{"embeddable":true,"href":"https:\/\/ollantayitzamna.com\/index.php?rest_route=\/wp\/v2\/media\/1268"}],"wp:attachment":[{"href":"https:\/\/ollantayitzamna.com\/index.php?rest_route=%2Fwp%2Fv2%2Fmedia&parent=1266"}],"wp:term":[{"taxonomy":"category","embeddable":true,"href":"https:\/\/ollantayitzamna.com\/index.php?rest_route=%2Fwp%2Fv2%2Fcategories&post=1266"},{"taxonomy":"post_tag","embeddable":true,"href":"https:\/\/ollantayitzamna.com\/index.php?rest_route=%2Fwp%2Fv2%2Ftags&post=1266"}],"curies":[{"name":"wp","href":"https:\/\/api.w.org\/{rel}","templated":true}]}}