{"id":1297,"date":"2020-01-15T15:31:19","date_gmt":"2020-01-15T21:31:19","guid":{"rendered":"http:\/\/ollantayitzamna.com\/?p=1297"},"modified":"2025-07-04T07:37:50","modified_gmt":"2025-07-04T13:37:50","slug":"bolivia-el-derecho-a-la-rebelion-y-las-milicias-armadas","status":"publish","type":"post","link":"https:\/\/ollantayitzamna.com\/?p=1297","title":{"rendered":"Bolivia, el derecho a la rebeli\u00f3n y las milicias armadas"},"content":{"rendered":"<figure id=\"attachment_1299\" aria-describedby=\"caption-attachment-1299\" style=\"width: 640px\" class=\"wp-caption aligncenter\"><img data-recalc-dims=\"1\" fetchpriority=\"high\" decoding=\"async\" data-attachment-id=\"1299\" data-permalink=\"https:\/\/ollantayitzamna.com\/?attachment_id=1299\" data-orig-file=\"https:\/\/i0.wp.com\/ollantayitzamna.com\/wp-content\/uploads\/2020\/01\/pablo-zarate-willka.jpg?fit=770%2C430&amp;ssl=1\" data-orig-size=\"770,430\" data-comments-opened=\"1\" data-image-meta=\"{&quot;aperture&quot;:&quot;0&quot;,&quot;credit&quot;:&quot;&quot;,&quot;camera&quot;:&quot;&quot;,&quot;caption&quot;:&quot;&quot;,&quot;created_timestamp&quot;:&quot;0&quot;,&quot;copyright&quot;:&quot;&quot;,&quot;focal_length&quot;:&quot;0&quot;,&quot;iso&quot;:&quot;0&quot;,&quot;shutter_speed&quot;:&quot;0&quot;,&quot;title&quot;:&quot;&quot;,&quot;orientation&quot;:&quot;0&quot;}\" data-image-title=\"pablo zarate willka\" data-image-description=\"\" data-image-caption=\"&lt;p&gt;Z\u00e1rate Willka. Internet.&lt;\/p&gt;\n\" data-large-file=\"https:\/\/i0.wp.com\/ollantayitzamna.com\/wp-content\/uploads\/2020\/01\/pablo-zarate-willka.jpg?fit=770%2C430&amp;ssl=1\" class=\"size-full wp-image-1299\" src=\"https:\/\/i0.wp.com\/ollantayitzamna.com\/wp-content\/uploads\/2020\/01\/pablo-zarate-willka.jpg?resize=640%2C357&#038;ssl=1\" alt=\"\" width=\"640\" height=\"357\" \/><figcaption id=\"caption-attachment-1299\" class=\"wp-caption-text\">Z\u00e1rate Willka. Internet.<\/figcaption><\/figure>\n<h4 style=\"text-align:center;\"><span style=\"color:#ff0000;\">Un pueblo subyugado que olvida o repele su derecho a la rebeli\u00f3n armada es un basti\u00f3n de esclavos<\/span><\/h4>\n<p><!--more-->El derecho a la rebeli\u00f3n es la facultad que asiste a todo pueblo para auto protegerse de la tiran\u00eda. Este derecho es m\u00e1s antiguo que la noci\u00f3n del Estado moderno o Estado de Derecho.<\/p>\n<p>En la Edad Media, algunos escol\u00e1sticos (Francisco de Su\u00e1rez, entre ellos) lo argumentaron incluso como tiranicidio. Es decir, teol\u00f3gicamente estar\u00eda incluso justificado asesinar a la tirana o al tirano en aras de preservar la soberan\u00eda popular.<\/p>\n<p>En la Modernidad, la Revoluci\u00f3n Francesa consagr\u00f3 la rebeli\u00f3n popular como un derecho humano fundamental. De este modo, en el actual y diverso constitucionalismo latinoamericano, el derecho a la rebeli\u00f3n que asiste a los pueblos amenazados o afectados en sus derechos b\u00e1sicos est\u00e1 incorporado como en el caso de Venezuela, Ecuador. En otros casos aparece como \u201cderecho a la resistencia\u201d (caso Guatemala, por ejemplo).<\/p>\n<p>Desde la filosof\u00eda pol\u00edtica, el derecho a la rebeli\u00f3n est\u00e1 justificado en la soberan\u00eda\/potestad que tiene todo pueblo, como sujeto pol\u00edtico, para emprender su propio destino. Desde la perspectiva jur\u00eddica, la rebeli\u00f3n es la facultad que todo pueblo sometido tiene de preservar o restaurar sus derechos amenazados o conculcados.<\/p>\n<p>La rebeli\u00f3n popular necesariamente es una acci\u00f3n violenta en contra del tirano o tirana que usurpa o masacra a los pueblos. En ese sentido, la acci\u00f3n guerrillera\/armada, es parte constitutiva del derecho a la rebeli\u00f3n que asiste a los pueblos subyugados. Un pueblo subyugado que olvida o repele su derecho a la rebeli\u00f3n armada es un basti\u00f3n de esclavos.<\/p>\n<figure id=\"attachment_1301\" aria-describedby=\"caption-attachment-1301\" style=\"width: 447px\" class=\"wp-caption aligncenter\"><img data-recalc-dims=\"1\" decoding=\"async\" data-attachment-id=\"1301\" data-permalink=\"https:\/\/ollantayitzamna.com\/?attachment_id=1301\" data-orig-file=\"https:\/\/i0.wp.com\/ollantayitzamna.com\/wp-content\/uploads\/2020\/01\/katari-y-sisa-e1499037009355.jpg?fit=447%2C292&amp;ssl=1\" data-orig-size=\"447,292\" data-comments-opened=\"1\" data-image-meta=\"{&quot;aperture&quot;:&quot;0&quot;,&quot;credit&quot;:&quot;&quot;,&quot;camera&quot;:&quot;&quot;,&quot;caption&quot;:&quot;&quot;,&quot;created_timestamp&quot;:&quot;0&quot;,&quot;copyright&quot;:&quot;&quot;,&quot;focal_length&quot;:&quot;0&quot;,&quot;iso&quot;:&quot;0&quot;,&quot;shutter_speed&quot;:&quot;0&quot;,&quot;title&quot;:&quot;&quot;,&quot;orientation&quot;:&quot;0&quot;}\" data-image-title=\"Katari-y-Sisa-e1499037009355\" data-image-description=\"&lt;p&gt;T\u00fapac Katari y Bartolina Sisa. Internet.&lt;\/p&gt;\n\" data-image-caption=\"\" data-large-file=\"https:\/\/i0.wp.com\/ollantayitzamna.com\/wp-content\/uploads\/2020\/01\/katari-y-sisa-e1499037009355.jpg?fit=447%2C292&amp;ssl=1\" class=\"wp-image-1301 size-full\" src=\"https:\/\/i0.wp.com\/ollantayitzamna.com\/wp-content\/uploads\/2020\/01\/katari-y-sisa-e1499037009355.jpg?resize=447%2C292&#038;ssl=1\" alt=\"\" width=\"447\" height=\"292\" \/><figcaption id=\"caption-attachment-1301\" class=\"wp-caption-text\">T\u00fapac Katari y Bartolina Sisa. Internet<\/figcaption><\/figure>\n<p>La reciente sugerencia o llamada que hizo Evo Morales a \u201corganizar milicias armadas en Bolivia\u201d para restaurar derechos frente a la Dictadura actual, discursivamente encaja dentro de la filosof\u00eda jur\u00eddica del ejercicio del derecho de rebeli\u00f3n popular.<\/p>\n<p>La reacci\u00f3n de la Dictadura boliviana, y de sus secuaces, frente a las declaraciones de Morales, es una conducta constante de todo tirano. Ellos est\u00e1n convencidos que fueron enviados por alg\u00fan \u201cdesignio desconocido\u201d para restaurar\/normalizar la dominaci\u00f3n, en nombre de la democracia. Y, cualquier sugerencia o aguijoneo a los pueblos sometidos para que ejerciten su derecho a la rebeli\u00f3n ser\u00e1 repelido\/sancionado como un sacrilegio contra su democracia.<\/p>\n<p>Tampoco no es novedad la recepci\u00f3n o reacci\u00f3n que hace la clase media tradicional, los medios empresariales de informaci\u00f3n, o los analistas bien portados con la Dictadura, de la repulsa violenta que hace la tiran\u00eda boliviana de la posibilidad del ejercicio popular del derecho a la rebeli\u00f3n.<\/p>\n<p>Las inconclusas historias de los pueblos subalternos en Bolivia est\u00e1n empedradas por apote\u00f3sicos rebeliones en defensa de sus derechos colectivos. T\u00fapac Katari (siglo XVIII), Z\u00e1rate Willka (siglo XIX), Revoluci\u00f3n Nacional (siglo XX), por mencionar algunos. Quiz\u00e1s el \u201cproceso de cambio\u201d emprendido el 18 diciembre del 2005, hasta el 10 de noviembre del 2019, sea la \u00fanica sublevaci\u00f3n democr\u00e1tica (no violenta). La Bolivia subalterna, ahora, vapuleada por la Dictadura post golpe, deber\u00eda reconocer sus historias inconclusas sin mayores sentimientos de culpa.<\/p>\n","protected":false},"excerpt":{"rendered":"<p>Un pueblo subyugado que olvida o repele su derecho a la rebeli\u00f3n armada es un basti\u00f3n de esclavos<\/p>\n","protected":false},"author":95365428,"featured_media":1299,"comment_status":"open","ping_status":"open","sticky":false,"template":"","format":"standard","meta":{"_coblocks_attr":"","_coblocks_dimensions":"","_coblocks_responsive_height":"","_coblocks_accordion_ie_support":"","_jetpack_newsletter_access":"","_jetpack_dont_email_post_to_subs":false,"_jetpack_newsletter_tier_id":0,"_jetpack_memberships_contains_paywalled_content":false,"_wpcom_ai_launchpad_first_post":false,"_jetpack_feature_clip_id":0,"_jetpack_memberships_contains_paid_content":false,"footnotes":"","jetpack_publicize_message":"{title}\n\n{excerpt}\n\n{url}","jetpack_publicize_feature_enabled":true,"jetpack_social_post_already_shared":false,"jetpack_social_options":{"image_generator_settings":{"template":"highway","default_image_id":0,"font":"","enabled":false},"version":2},"_wpas_customize_per_network":false,"jetpack_post_was_ever_published":false},"categories":[696795897],"tags":[696795857,257589,696795876,159741],"class_list":["post-1297","post","type-post","status-publish","format-standard","has-post-thumbnail","hentry","category-buen-vivir","tag-bolivia","tag-democracia","tag-derecho-a-la-rebelion","tag-pueblos"],"yoast_head":"<!-- This site is optimized with the Yoast SEO plugin v28.4 - https:\/\/yoast.com\/product\/yoast-seo-wordpress\/ -->\n<title>Bolivia, el derecho a la rebeli\u00f3n y las milicias armadas - Ollantay Itzamn\u00e1<\/title>\n<meta name=\"robots\" content=\"index, follow, max-snippet:-1, max-image-preview:large, max-video-preview:-1\" \/>\n<link rel=\"canonical\" href=\"https:\/\/ollantayitzamna.com\/?p=1297\" \/>\n<meta property=\"og:locale\" content=\"es_ES\" \/>\n<meta property=\"og:type\" content=\"article\" \/>\n<meta property=\"og:title\" content=\"Bolivia, el derecho a la rebeli\u00f3n y las milicias armadas - Ollantay Itzamn\u00e1\" \/>\n<meta property=\"og:description\" content=\"Un pueblo subyugado que olvida o repele su derecho a la rebeli\u00f3n armada es un basti\u00f3n de esclavos\" \/>\n<meta property=\"og:url\" content=\"https:\/\/ollantayitzamna.com\/?p=1297\" \/>\n<meta property=\"og:site_name\" content=\"Ollantay Itzamn\u00e1\" \/>\n<meta property=\"article:published_time\" content=\"2020-01-15T21:31:19+00:00\" \/>\n<meta property=\"article:modified_time\" content=\"2025-07-04T13:37:50+00:00\" \/>\n<meta property=\"og:image\" content=\"https:\/\/i0.wp.com\/ollantayitzamna.com\/wp-content\/uploads\/2020\/01\/pablo-zarate-willka.jpg?fit=770%2C430&ssl=1\" \/>\n\t<meta property=\"og:image:width\" content=\"770\" \/>\n\t<meta property=\"og:image:height\" content=\"430\" \/>\n\t<meta property=\"og:image:type\" content=\"image\/jpeg\" \/>\n<meta name=\"author\" content=\"ollantayitzamna\" \/>\n<meta name=\"twitter:card\" content=\"summary_large_image\" \/>\n<meta name=\"twitter:label1\" content=\"Escrito por\" \/>\n\t<meta name=\"twitter:data1\" content=\"ollantayitzamna\" \/>\n\t<meta name=\"twitter:label2\" content=\"Tiempo de lectura\" \/>\n\t<meta name=\"twitter:data2\" content=\"3 minutos\" \/>\n<script type=\"application\/ld+json\" class=\"yoast-schema-graph\">{\"@context\":\"https:\\\/\\\/schema.org\",\"@graph\":[{\"@type\":\"Article\",\"@id\":\"https:\\\/\\\/ollantayitzamna.com\\\/?p=1297#article\",\"isPartOf\":{\"@id\":\"https:\\\/\\\/ollantayitzamna.com\\\/?p=1297\"},\"author\":{\"name\":\"ollantayitzamna\",\"@id\":\"https:\\\/\\\/ollantayitzamna.com\\\/#\\\/schema\\\/person\\\/d7d683451f51a71c7d7c6b4b70437092\"},\"headline\":\"Bolivia, el derecho a la rebeli\u00f3n y las milicias armadas\",\"datePublished\":\"2020-01-15T21:31:19+00:00\",\"dateModified\":\"2025-07-04T13:37:50+00:00\",\"mainEntityOfPage\":{\"@id\":\"https:\\\/\\\/ollantayitzamna.com\\\/?p=1297\"},\"wordCount\":577,\"commentCount\":0,\"image\":{\"@id\":\"https:\\\/\\\/ollantayitzamna.com\\\/?p=1297#primaryimage\"},\"thumbnailUrl\":\"https:\\\/\\\/i0.wp.com\\\/ollantayitzamna.com\\\/wp-content\\\/uploads\\\/2020\\\/01\\\/pablo-zarate-willka.jpg?fit=770%2C430&ssl=1\",\"keywords\":[\"Bolivia\",\"democracia\",\"Derecho a la rebeli\u00f3n\",\"pueblos\"],\"articleSection\":[\"Buen Vivir\"],\"inLanguage\":\"es\",\"potentialAction\":[{\"@type\":\"CommentAction\",\"name\":\"Comment\",\"target\":[\"https:\\\/\\\/ollantayitzamna.com\\\/?p=1297#respond\"]}]},{\"@type\":\"WebPage\",\"@id\":\"https:\\\/\\\/ollantayitzamna.com\\\/?p=1297\",\"url\":\"https:\\\/\\\/ollantayitzamna.com\\\/?p=1297\",\"name\":\"Bolivia, el derecho a la rebeli\u00f3n y las milicias armadas - Ollantay Itzamn\u00e1\",\"isPartOf\":{\"@id\":\"https:\\\/\\\/ollantayitzamna.com\\\/#website\"},\"primaryImageOfPage\":{\"@id\":\"https:\\\/\\\/ollantayitzamna.com\\\/?p=1297#primaryimage\"},\"image\":{\"@id\":\"https:\\\/\\\/ollantayitzamna.com\\\/?p=1297#primaryimage\"},\"thumbnailUrl\":\"https:\\\/\\\/i0.wp.com\\\/ollantayitzamna.com\\\/wp-content\\\/uploads\\\/2020\\\/01\\\/pablo-zarate-willka.jpg?fit=770%2C430&ssl=1\",\"datePublished\":\"2020-01-15T21:31:19+00:00\",\"dateModified\":\"2025-07-04T13:37:50+00:00\",\"author\":{\"@id\":\"https:\\\/\\\/ollantayitzamna.com\\\/#\\\/schema\\\/person\\\/d7d683451f51a71c7d7c6b4b70437092\"},\"breadcrumb\":{\"@id\":\"https:\\\/\\\/ollantayitzamna.com\\\/?p=1297#breadcrumb\"},\"inLanguage\":\"es\",\"potentialAction\":[{\"@type\":\"ReadAction\",\"target\":[\"https:\\\/\\\/ollantayitzamna.com\\\/?p=1297\"]}]},{\"@type\":\"ImageObject\",\"inLanguage\":\"es\",\"@id\":\"https:\\\/\\\/ollantayitzamna.com\\\/?p=1297#primaryimage\",\"url\":\"https:\\\/\\\/i0.wp.com\\\/ollantayitzamna.com\\\/wp-content\\\/uploads\\\/2020\\\/01\\\/pablo-zarate-willka.jpg?fit=770%2C430&ssl=1\",\"contentUrl\":\"https:\\\/\\\/i0.wp.com\\\/ollantayitzamna.com\\\/wp-content\\\/uploads\\\/2020\\\/01\\\/pablo-zarate-willka.jpg?fit=770%2C430&ssl=1\",\"width\":770,\"height\":430,\"caption\":\"Z\u00e1rate Willka. Internet.\"},{\"@type\":\"BreadcrumbList\",\"@id\":\"https:\\\/\\\/ollantayitzamna.com\\\/?p=1297#breadcrumb\",\"itemListElement\":[{\"@type\":\"ListItem\",\"position\":1,\"name\":\"Portada\",\"item\":\"https:\\\/\\\/ollantayitzamna.com\\\/\"},{\"@type\":\"ListItem\",\"position\":2,\"name\":\"Bolivia, el derecho a la rebeli\u00f3n y las milicias armadas\"}]},{\"@type\":\"WebSite\",\"@id\":\"https:\\\/\\\/ollantayitzamna.com\\\/#website\",\"url\":\"https:\\\/\\\/ollantayitzamna.com\\\/\",\"name\":\"Ollantay Itzamn\u00e1\",\"description\":\"Susurros del silencio\",\"potentialAction\":[{\"@type\":\"SearchAction\",\"target\":{\"@type\":\"EntryPoint\",\"urlTemplate\":\"https:\\\/\\\/ollantayitzamna.com\\\/?s={search_term_string}\"},\"query-input\":{\"@type\":\"PropertyValueSpecification\",\"valueRequired\":true,\"valueName\":\"search_term_string\"}}],\"inLanguage\":\"es\"},{\"@type\":\"Person\",\"@id\":\"https:\\\/\\\/ollantayitzamna.com\\\/#\\\/schema\\\/person\\\/d7d683451f51a71c7d7c6b4b70437092\",\"name\":\"ollantayitzamna\",\"image\":{\"@type\":\"ImageObject\",\"inLanguage\":\"es\",\"@id\":\"https:\\\/\\\/secure.gravatar.com\\\/avatar\\\/576387c53cc1a5ef704abf20408627fa3cb969d3f33355a576a2b20d65397362?s=96&d=identicon&r=g\",\"url\":\"https:\\\/\\\/secure.gravatar.com\\\/avatar\\\/576387c53cc1a5ef704abf20408627fa3cb969d3f33355a576a2b20d65397362?s=96&d=identicon&r=g\",\"contentUrl\":\"https:\\\/\\\/secure.gravatar.com\\\/avatar\\\/576387c53cc1a5ef704abf20408627fa3cb969d3f33355a576a2b20d65397362?s=96&d=identicon&r=g\",\"caption\":\"ollantayitzamna\"},\"description\":\"Soy Tierra que siente, que llora, que ama, que conspira, que sue\u00f1a. Soy wawa (criatura) de la Pachamama.\",\"sameAs\":[\"http:\\\/\\\/ollantayitzamna.com\"],\"url\":\"https:\\\/\\\/ollantayitzamna.com\\\/?author=95365428\"}]}<\/script>\n<!-- \/ Yoast SEO plugin. -->","yoast_head_json":{"title":"Bolivia, el derecho a la rebeli\u00f3n y las milicias armadas - Ollantay Itzamn\u00e1","robots":{"index":"index","follow":"follow","max-snippet":"max-snippet:-1","max-image-preview":"max-image-preview:large","max-video-preview":"max-video-preview:-1"},"canonical":"https:\/\/ollantayitzamna.com\/?p=1297","og_locale":"es_ES","og_type":"article","og_title":"Bolivia, el derecho a la rebeli\u00f3n y las milicias armadas - Ollantay Itzamn\u00e1","og_description":"Un pueblo subyugado que olvida o repele su derecho a la rebeli\u00f3n armada es un basti\u00f3n de esclavos","og_url":"https:\/\/ollantayitzamna.com\/?p=1297","og_site_name":"Ollantay Itzamn\u00e1","article_published_time":"2020-01-15T21:31:19+00:00","article_modified_time":"2025-07-04T13:37:50+00:00","og_image":[{"width":770,"height":430,"url":"https:\/\/i0.wp.com\/ollantayitzamna.com\/wp-content\/uploads\/2020\/01\/pablo-zarate-willka.jpg?fit=770%2C430&ssl=1","type":"image\/jpeg"}],"author":"ollantayitzamna","twitter_card":"summary_large_image","twitter_misc":{"Escrito por":"ollantayitzamna","Tiempo de lectura":"3 minutos"},"schema":{"@context":"https:\/\/schema.org","@graph":[{"@type":"Article","@id":"https:\/\/ollantayitzamna.com\/?p=1297#article","isPartOf":{"@id":"https:\/\/ollantayitzamna.com\/?p=1297"},"author":{"name":"ollantayitzamna","@id":"https:\/\/ollantayitzamna.com\/#\/schema\/person\/d7d683451f51a71c7d7c6b4b70437092"},"headline":"Bolivia, el derecho a la rebeli\u00f3n y las milicias armadas","datePublished":"2020-01-15T21:31:19+00:00","dateModified":"2025-07-04T13:37:50+00:00","mainEntityOfPage":{"@id":"https:\/\/ollantayitzamna.com\/?p=1297"},"wordCount":577,"commentCount":0,"image":{"@id":"https:\/\/ollantayitzamna.com\/?p=1297#primaryimage"},"thumbnailUrl":"https:\/\/i0.wp.com\/ollantayitzamna.com\/wp-content\/uploads\/2020\/01\/pablo-zarate-willka.jpg?fit=770%2C430&ssl=1","keywords":["Bolivia","democracia","Derecho a la rebeli\u00f3n","pueblos"],"articleSection":["Buen Vivir"],"inLanguage":"es","potentialAction":[{"@type":"CommentAction","name":"Comment","target":["https:\/\/ollantayitzamna.com\/?p=1297#respond"]}]},{"@type":"WebPage","@id":"https:\/\/ollantayitzamna.com\/?p=1297","url":"https:\/\/ollantayitzamna.com\/?p=1297","name":"Bolivia, el derecho a la rebeli\u00f3n y las milicias armadas - Ollantay Itzamn\u00e1","isPartOf":{"@id":"https:\/\/ollantayitzamna.com\/#website"},"primaryImageOfPage":{"@id":"https:\/\/ollantayitzamna.com\/?p=1297#primaryimage"},"image":{"@id":"https:\/\/ollantayitzamna.com\/?p=1297#primaryimage"},"thumbnailUrl":"https:\/\/i0.wp.com\/ollantayitzamna.com\/wp-content\/uploads\/2020\/01\/pablo-zarate-willka.jpg?fit=770%2C430&ssl=1","datePublished":"2020-01-15T21:31:19+00:00","dateModified":"2025-07-04T13:37:50+00:00","author":{"@id":"https:\/\/ollantayitzamna.com\/#\/schema\/person\/d7d683451f51a71c7d7c6b4b70437092"},"breadcrumb":{"@id":"https:\/\/ollantayitzamna.com\/?p=1297#breadcrumb"},"inLanguage":"es","potentialAction":[{"@type":"ReadAction","target":["https:\/\/ollantayitzamna.com\/?p=1297"]}]},{"@type":"ImageObject","inLanguage":"es","@id":"https:\/\/ollantayitzamna.com\/?p=1297#primaryimage","url":"https:\/\/i0.wp.com\/ollantayitzamna.com\/wp-content\/uploads\/2020\/01\/pablo-zarate-willka.jpg?fit=770%2C430&ssl=1","contentUrl":"https:\/\/i0.wp.com\/ollantayitzamna.com\/wp-content\/uploads\/2020\/01\/pablo-zarate-willka.jpg?fit=770%2C430&ssl=1","width":770,"height":430,"caption":"Z\u00e1rate Willka. Internet."},{"@type":"BreadcrumbList","@id":"https:\/\/ollantayitzamna.com\/?p=1297#breadcrumb","itemListElement":[{"@type":"ListItem","position":1,"name":"Portada","item":"https:\/\/ollantayitzamna.com\/"},{"@type":"ListItem","position":2,"name":"Bolivia, el derecho a la rebeli\u00f3n y las milicias armadas"}]},{"@type":"WebSite","@id":"https:\/\/ollantayitzamna.com\/#website","url":"https:\/\/ollantayitzamna.com\/","name":"Ollantay Itzamn\u00e1","description":"Susurros del silencio","potentialAction":[{"@type":"SearchAction","target":{"@type":"EntryPoint","urlTemplate":"https:\/\/ollantayitzamna.com\/?s={search_term_string}"},"query-input":{"@type":"PropertyValueSpecification","valueRequired":true,"valueName":"search_term_string"}}],"inLanguage":"es"},{"@type":"Person","@id":"https:\/\/ollantayitzamna.com\/#\/schema\/person\/d7d683451f51a71c7d7c6b4b70437092","name":"ollantayitzamna","image":{"@type":"ImageObject","inLanguage":"es","@id":"https:\/\/secure.gravatar.com\/avatar\/576387c53cc1a5ef704abf20408627fa3cb969d3f33355a576a2b20d65397362?s=96&d=identicon&r=g","url":"https:\/\/secure.gravatar.com\/avatar\/576387c53cc1a5ef704abf20408627fa3cb969d3f33355a576a2b20d65397362?s=96&d=identicon&r=g","contentUrl":"https:\/\/secure.gravatar.com\/avatar\/576387c53cc1a5ef704abf20408627fa3cb969d3f33355a576a2b20d65397362?s=96&d=identicon&r=g","caption":"ollantayitzamna"},"description":"Soy Tierra que siente, que llora, que ama, que conspira, que sue\u00f1a. Soy wawa (criatura) de la Pachamama.","sameAs":["http:\/\/ollantayitzamna.com"],"url":"https:\/\/ollantayitzamna.com\/?author=95365428"}]}},"jetpack_publicize_connections":[],"jetpack_likes_enabled":true,"jetpack_sharing_enabled":true,"jetpack_featured_media_url":"https:\/\/i0.wp.com\/ollantayitzamna.com\/wp-content\/uploads\/2020\/01\/pablo-zarate-willka.jpg?fit=770%2C430&ssl=1","_links":{"self":[{"href":"https:\/\/ollantayitzamna.com\/index.php?rest_route=\/wp\/v2\/posts\/1297","targetHints":{"allow":["GET"]}}],"collection":[{"href":"https:\/\/ollantayitzamna.com\/index.php?rest_route=\/wp\/v2\/posts"}],"about":[{"href":"https:\/\/ollantayitzamna.com\/index.php?rest_route=\/wp\/v2\/types\/post"}],"author":[{"embeddable":true,"href":"https:\/\/ollantayitzamna.com\/index.php?rest_route=\/wp\/v2\/users\/95365428"}],"replies":[{"embeddable":true,"href":"https:\/\/ollantayitzamna.com\/index.php?rest_route=%2Fwp%2Fv2%2Fcomments&post=1297"}],"version-history":[{"count":3,"href":"https:\/\/ollantayitzamna.com\/index.php?rest_route=\/wp\/v2\/posts\/1297\/revisions"}],"predecessor-version":[{"id":1302,"href":"https:\/\/ollantayitzamna.com\/index.php?rest_route=\/wp\/v2\/posts\/1297\/revisions\/1302"}],"wp:featuredmedia":[{"embeddable":true,"href":"https:\/\/ollantayitzamna.com\/index.php?rest_route=\/wp\/v2\/media\/1299"}],"wp:attachment":[{"href":"https:\/\/ollantayitzamna.com\/index.php?rest_route=%2Fwp%2Fv2%2Fmedia&parent=1297"}],"wp:term":[{"taxonomy":"category","embeddable":true,"href":"https:\/\/ollantayitzamna.com\/index.php?rest_route=%2Fwp%2Fv2%2Fcategories&post=1297"},{"taxonomy":"post_tag","embeddable":true,"href":"https:\/\/ollantayitzamna.com\/index.php?rest_route=%2Fwp%2Fv2%2Ftags&post=1297"}],"curies":[{"name":"wp","href":"https:\/\/api.w.org\/{rel}","templated":true}]}}