{"id":1598,"date":"2020-07-25T12:42:40","date_gmt":"2020-07-25T18:42:40","guid":{"rendered":"https:\/\/ollantayitzamna.com\/?p=1598"},"modified":"2025-07-03T18:57:41","modified_gmt":"2025-07-04T00:57:41","slug":"existe-identidad-peruana","status":"publish","type":"post","link":"https:\/\/ollantayitzamna.com\/?p=1598","title":{"rendered":"\u00bfExiste identidad peruana?"},"content":{"rendered":"<figure id=\"attachment_1600\" aria-describedby=\"caption-attachment-1600\" style=\"width: 425px\" class=\"wp-caption aligncenter\"><img data-recalc-dims=\"1\" fetchpriority=\"high\" decoding=\"async\" data-attachment-id=\"1600\" data-permalink=\"https:\/\/ollantayitzamna.com\/?attachment_id=1600\" data-orig-file=\"https:\/\/i0.wp.com\/ollantayitzamna.com\/wp-content\/uploads\/2020\/07\/unnamed.jpg?fit=425%2C420&amp;ssl=1\" data-orig-size=\"425,420\" data-comments-opened=\"1\" data-image-meta=\"{&quot;aperture&quot;:&quot;0&quot;,&quot;credit&quot;:&quot;&quot;,&quot;camera&quot;:&quot;&quot;,&quot;caption&quot;:&quot;&quot;,&quot;created_timestamp&quot;:&quot;0&quot;,&quot;copyright&quot;:&quot;&quot;,&quot;focal_length&quot;:&quot;0&quot;,&quot;iso&quot;:&quot;0&quot;,&quot;shutter_speed&quot;:&quot;0&quot;,&quot;title&quot;:&quot;&quot;,&quot;orientation&quot;:&quot;1&quot;}\" data-image-title=\"unnamed\" data-image-description=\"\" data-image-caption=\"&lt;p&gt;Bandera en el rostro de una mujer. Internet&lt;\/p&gt;\n\" data-large-file=\"https:\/\/i0.wp.com\/ollantayitzamna.com\/wp-content\/uploads\/2020\/07\/unnamed.jpg?fit=425%2C420&amp;ssl=1\" class=\"wp-image-1600 size-full\" src=\"https:\/\/i0.wp.com\/ollantayitzamna.com\/wp-content\/uploads\/2020\/07\/unnamed.jpg?resize=425%2C420&#038;ssl=1\" alt=\"\" width=\"425\" height=\"420\" srcset=\"https:\/\/i0.wp.com\/ollantayitzamna.com\/wp-content\/uploads\/2020\/07\/unnamed.jpg?w=425&amp;ssl=1 425w, https:\/\/i0.wp.com\/ollantayitzamna.com\/wp-content\/uploads\/2020\/07\/unnamed.jpg?resize=300%2C296&amp;ssl=1 300w, https:\/\/i0.wp.com\/ollantayitzamna.com\/wp-content\/uploads\/2020\/07\/unnamed.jpg?resize=150%2C148&amp;ssl=1 150w, https:\/\/i0.wp.com\/ollantayitzamna.com\/wp-content\/uploads\/2020\/07\/unnamed.jpg?resize=88%2C88&amp;ssl=1 88w\" sizes=\"(max-width: 425px) 100vw, 425px\" \/><figcaption id=\"caption-attachment-1600\" class=\"wp-caption-text\">Bandera en el rostro de una mujer. Internet<\/figcaption><\/figure>\n<h5 style=\"text-align: center;\"><span style=\"color: #ff0000;\">\u00bfCu\u00e1l es la identidad peruana? \u00bfEl 28 de julio, d\u00eda de la \u201cindependencia\u201d? \u00bfCu\u00e1l independencia, o independencia de qui\u00e9n, o para qui\u00e9n? El invasor de anta\u00f1o o el colonizador jam\u00e1s se fue de lo que llaman Per\u00fa\u2026 El colonizador se qued\u00f3 y habita en ti y en m\u00ed, y se regocija cada que \u201ccelebramos\u201d el 28 de julio.<\/span><\/h5>\n<p><!--more--><\/p>\n<p>Casi ninguno de los m\u00e1s de 30 millones de \u201cperuanos\u201d tiene certeza del origen etimol\u00f3gico del t\u00e9rmino Per\u00fa. Los cronistas de la \u00e9poca de la invasi\u00f3n hablan de un Cacique llamado Bir\u00fa, otros, de alg\u00fan riachuelo con ese denominativo\u2026 Al final, los invasores habitados por el deseo del metal lo nominaron Per\u00fa, y con esa nominaci\u00f3n del verdugo nos quedamos. Y nos enorgullecemos de \u201cser\u201d peruanos.<\/p>\n<p>\u00bfQu\u00e9 es ser peruano? \u00bfEs pertenecer a ese megadiverso territorio de m\u00e1s de mill\u00f3n de Km<sup>2<\/sup>? Pero, \u00bfacaso no coexisten m\u00e1s de 50 diferentes pueblos oficialmente reconocidos en ese territorio? \u00bfCu\u00e1l de esos pueblos es el pueblo peruano?<\/p>\n<p>\u00bfCu\u00e1l es el hombre o mujer peruana? \u00bfEl quechua? \u00bfEl aymara? \u00bfEl shipibo?&#8230;<\/p>\n<p>Me dir\u00e1s son todos ellos peruanos. Pero, \u00bfpor qu\u00e9 el Estado peruano y sus instituciones funcionan con idioma, est\u00e9tica y costumbres criollo mestizos?<\/p>\n<p>Si todos esos pueblos son peruanos, \u00bfpor qu\u00e9 el campesino, ind\u00edgena o provinciano se tiene que a mestizar o lime\u00f1izarse para ser admitido como \u201cciudadano peruano\u201d? \u00bfPor qu\u00e9 aquellos, para obtener un t\u00edtulo acad\u00e9mico o buscar servicios p\u00fablicos deben necesariamente esconder sus idiomas\/est\u00e9ticas y utilizar un idioma extra\u00f1o?<\/p>\n<p>\u00bfCu\u00e1l es la identidad peruana? \u00bfEl 28 de julio, d\u00eda de la \u201cindependencia\u201d? \u00bfCu\u00e1l independencia, o independencia de qui\u00e9n, o para qui\u00e9n? El invasor de anta\u00f1o o el colonizador jam\u00e1s se fue de lo que llaman Per\u00fa\u2026 El colonizador se qued\u00f3 y habita en ti y en m\u00ed, y se regocija cada que \u201ccelebramos\u201d el 28 de julio.<\/p>\n<p>Me dir\u00e1s, la bandera bicolor (rojo y blanco). Dime, \u00bfcu\u00e1l es el color central de la bandera peruana? Blanco. \u00bfDe qu\u00e9 color es la piel del patr\u00f3n, de los santos o de su Dios? Blanca.<\/p>\n<p>El color blanco se puso en el centro de los s\u00edmbolos patrios para que t\u00fa y yo idealicemos la blanquitud como el color superior y perfecto, frente al color cobrizo de los pueblos. Y para que no levantes la cerviz frente al patr\u00f3n, el color del Dios europeo tambi\u00e9n es blanco (aunque el Nazareno haya sido cobrizo).<\/p>\n<p>\u00bfCon qu\u00e9 se identifica el peruano? \u00bfCon Machupiccuchu? Pues, ese santuario es quechua, ahora, en manos for\u00e1neas. \u00bfCon el cebiche? Pues, ese plato tambi\u00e9n se prepara y lo comen otros pueblos. \u00bfCon el pisco? Haber, \u00bfpreguntemos por el pisco a los que se denominan chilenos?<\/p>\n<p>Quiz\u00e1s los pr\u00f3ceres. Pero, d\u00e9jame decirte que los pr\u00f3ceres de la supuesta independencia no estaban pensando, ni en Ud., ni en m\u00ed cuando hac\u00edan su trabajo. Ellos peleaban porque las \u00e9lites de su \u00e9poca les pagaban por ello. \u00bfUd. cree que Jos\u00e9 de San Mart\u00edn vino a pie desde Argentina de gratis para pelear por un pueblo que desconoc\u00eda?<\/p>\n<figure id=\"attachment_1602\" aria-describedby=\"caption-attachment-1602\" style=\"width: 590px\" class=\"wp-caption aligncenter\"><img data-recalc-dims=\"1\" decoding=\"async\" data-attachment-id=\"1602\" data-permalink=\"https:\/\/ollantayitzamna.com\/?attachment_id=1602\" data-orig-file=\"https:\/\/i0.wp.com\/ollantayitzamna.com\/wp-content\/uploads\/2020\/07\/dia-de-la-madre-peruana.jpg?fit=590%2C309&amp;ssl=1\" data-orig-size=\"590,309\" data-comments-opened=\"1\" data-image-meta=\"{&quot;aperture&quot;:&quot;0&quot;,&quot;credit&quot;:&quot;&quot;,&quot;camera&quot;:&quot;&quot;,&quot;caption&quot;:&quot;&quot;,&quot;created_timestamp&quot;:&quot;0&quot;,&quot;copyright&quot;:&quot;&quot;,&quot;focal_length&quot;:&quot;0&quot;,&quot;iso&quot;:&quot;0&quot;,&quot;shutter_speed&quot;:&quot;0&quot;,&quot;title&quot;:&quot;&quot;,&quot;orientation&quot;:&quot;0&quot;}\" data-image-title=\"dia-de-la-madre-peruana\" data-image-description=\"\" data-image-caption=\"&lt;p&gt;Madre qechua. Internet&lt;\/p&gt;\n\" data-large-file=\"https:\/\/i0.wp.com\/ollantayitzamna.com\/wp-content\/uploads\/2020\/07\/dia-de-la-madre-peruana.jpg?fit=590%2C309&amp;ssl=1\" class=\"size-full wp-image-1602\" src=\"https:\/\/i0.wp.com\/ollantayitzamna.com\/wp-content\/uploads\/2020\/07\/dia-de-la-madre-peruana.jpg?resize=590%2C309&#038;ssl=1\" alt=\"\" width=\"590\" height=\"309\" srcset=\"https:\/\/i0.wp.com\/ollantayitzamna.com\/wp-content\/uploads\/2020\/07\/dia-de-la-madre-peruana.jpg?w=590&amp;ssl=1 590w, https:\/\/i0.wp.com\/ollantayitzamna.com\/wp-content\/uploads\/2020\/07\/dia-de-la-madre-peruana.jpg?resize=300%2C157&amp;ssl=1 300w, https:\/\/i0.wp.com\/ollantayitzamna.com\/wp-content\/uploads\/2020\/07\/dia-de-la-madre-peruana.jpg?resize=150%2C79&amp;ssl=1 150w\" sizes=\"(max-width: 590px) 100vw, 590px\" \/><figcaption id=\"caption-attachment-1602\" class=\"wp-caption-text\">Madre qechua. Internet<\/figcaption><\/figure>\n<p>No existe una identidad peruana. Coexisten diferentes identidades culturales en lo que se llama Per\u00fa. Pero, eso que llamamos Per\u00fa no acepta a la diversidad de pueblos m\u00e1s all\u00e1 del folclorismo comercial.<\/p>\n<p>Al final, aunque duela, lo peruano o Per\u00fa es un concepto vac\u00edo de contenidos. Convertido en una marca comercial en los \u00faltimos decenios neoliberales para que los empresarios vendan productos \u201cmarca Per\u00fa\u201d.<\/p>\n<p>En dos siglos de Rep\u00fablica criolla no se pudo construir una comunidad pol\u00edtica imaginada (naci\u00f3n peruana). \u00bfC\u00f3mo se podr\u00eda construir una identidad nacional en un archipi\u00e9lago de pueblos y nacionalidades diferentes dominados por una oligarqu\u00eda obtusa? Existe un aparente Estado empresa, pero sin naci\u00f3n. Y pueblos diversos sin Estado de derecho.<\/p>\n<p>Los pueblos que cohabitamos en lo que llamamos Per\u00fa tenemos la ineludible tarea de emprender procesos de reconstituci\u00f3n territorial e identitario hacia adentro, y atrevernos a imaginar entre todos los pueblos el Estado que deseamos construir con la participaci\u00f3n y en beneficio de todos y todas.<\/p>\n<p>Este camino es el proceso de la Asamblea Constituyente Plurinacional para consensuar reglas b\u00e1sicas de convivencia y horizontes de bienestar compartidos. El nuevo Estado deber\u00e1 necesariamente reconocer y garantizar territorios aut\u00f3nomos para todos los pueblos ind\u00edgenas o no.<\/p>\n<p>&nbsp;<\/p>\n","protected":false},"excerpt":{"rendered":"<p>\u00bfCu\u00e1l es la identidad peruana? \u00bfEl 28 de julio, d\u00eda de la \u201cindependencia\u201d? \u00bfCu\u00e1l independencia, o independencia de qui\u00e9n, o para qui\u00e9n? El invasor de anta\u00f1o o el colonizador jam\u00e1s se fue de lo que llaman Per\u00fa\u2026 El colonizador se qued\u00f3 y habita en ti y en m\u00ed, y se regocija cada que \u201ccelebramos\u201d el [&hellip;]<\/p>\n","protected":false},"author":95365428,"featured_media":1600,"comment_status":"open","ping_status":"open","sticky":false,"template":"","format":"standard","meta":{"_coblocks_attr":"","_coblocks_dimensions":"","_coblocks_responsive_height":"","_coblocks_accordion_ie_support":"","_jetpack_newsletter_access":"","_jetpack_dont_email_post_to_subs":false,"_jetpack_newsletter_tier_id":0,"_jetpack_memberships_contains_paywalled_content":false,"_wpcom_ai_launchpad_first_post":false,"_jetpack_feature_clip_id":0,"_jetpack_memberships_contains_paid_content":false,"footnotes":"","jetpack_publicize_message":"{title}\n\n{excerpt}\n\n{url}","jetpack_publicize_feature_enabled":true,"jetpack_social_post_already_shared":true,"jetpack_social_options":{"image_generator_settings":{"template":"highway","default_image_id":0,"font":"","enabled":false},"version":2},"_wpas_customize_per_network":false,"jetpack_post_was_ever_published":false},"categories":[696796406],"tags":[696795870,6289,29953428,36547,159741],"class_list":["post-1598","post","type-post","status-publish","format-standard","has-post-thumbnail","hentry","category-comunalidad","tag-estado","tag-identidad","tag-marca-peru","tag-peru","tag-pueblos"],"yoast_head":"<!-- This site is optimized with the Yoast SEO plugin v28.3 - https:\/\/yoast.com\/product\/yoast-seo-wordpress\/ -->\n<title>\u00bfExiste identidad peruana? - Ollantay Itzamn\u00e1<\/title>\n<meta name=\"robots\" content=\"index, follow, max-snippet:-1, max-image-preview:large, max-video-preview:-1\" \/>\n<link rel=\"canonical\" href=\"https:\/\/ollantayitzamna.com\/?p=1598\" \/>\n<meta property=\"og:locale\" content=\"es_ES\" \/>\n<meta property=\"og:type\" content=\"article\" \/>\n<meta property=\"og:title\" content=\"\u00bfExiste identidad peruana? - Ollantay Itzamn\u00e1\" \/>\n<meta property=\"og:description\" content=\"\u00bfCu\u00e1l es la identidad peruana? \u00bfEl 28 de julio, d\u00eda de la \u201cindependencia\u201d? \u00bfCu\u00e1l independencia, o independencia de qui\u00e9n, o para qui\u00e9n? El invasor de anta\u00f1o o el colonizador jam\u00e1s se fue de lo que llaman Per\u00fa\u2026 El colonizador se qued\u00f3 y habita en ti y en m\u00ed, y se regocija cada que \u201ccelebramos\u201d el [&hellip;]\" \/>\n<meta property=\"og:url\" content=\"https:\/\/ollantayitzamna.com\/?p=1598\" \/>\n<meta property=\"og:site_name\" content=\"Ollantay Itzamn\u00e1\" \/>\n<meta property=\"article:published_time\" content=\"2020-07-25T18:42:40+00:00\" \/>\n<meta property=\"article:modified_time\" content=\"2025-07-04T00:57:41+00:00\" \/>\n<meta property=\"og:image\" content=\"https:\/\/i0.wp.com\/ollantayitzamna.com\/wp-content\/uploads\/2020\/07\/unnamed.jpg?fit=425%2C420&ssl=1\" \/>\n\t<meta property=\"og:image:width\" content=\"425\" \/>\n\t<meta property=\"og:image:height\" content=\"420\" \/>\n\t<meta property=\"og:image:type\" content=\"image\/jpeg\" \/>\n<meta name=\"author\" content=\"ollantayitzamna\" \/>\n<meta name=\"twitter:card\" content=\"summary_large_image\" \/>\n<meta name=\"twitter:label1\" content=\"Escrito por\" \/>\n\t<meta name=\"twitter:data1\" content=\"ollantayitzamna\" \/>\n\t<meta name=\"twitter:label2\" content=\"Tiempo de lectura\" \/>\n\t<meta name=\"twitter:data2\" content=\"4 minutos\" \/>\n<script type=\"application\/ld+json\" class=\"yoast-schema-graph\">{\"@context\":\"https:\\\/\\\/schema.org\",\"@graph\":[{\"@type\":\"Article\",\"@id\":\"https:\\\/\\\/ollantayitzamna.com\\\/?p=1598#article\",\"isPartOf\":{\"@id\":\"https:\\\/\\\/ollantayitzamna.com\\\/?p=1598\"},\"author\":{\"name\":\"ollantayitzamna\",\"@id\":\"https:\\\/\\\/ollantayitzamna.com\\\/#\\\/schema\\\/person\\\/d7d683451f51a71c7d7c6b4b70437092\"},\"headline\":\"\u00bfExiste identidad peruana?\",\"datePublished\":\"2020-07-25T18:42:40+00:00\",\"dateModified\":\"2025-07-04T00:57:41+00:00\",\"mainEntityOfPage\":{\"@id\":\"https:\\\/\\\/ollantayitzamna.com\\\/?p=1598\"},\"wordCount\":787,\"commentCount\":0,\"image\":{\"@id\":\"https:\\\/\\\/ollantayitzamna.com\\\/?p=1598#primaryimage\"},\"thumbnailUrl\":\"https:\\\/\\\/i0.wp.com\\\/ollantayitzamna.com\\\/wp-content\\\/uploads\\\/2020\\\/07\\\/unnamed.jpg?fit=425%2C420&ssl=1\",\"keywords\":[\"Estado\",\"identidad\",\"Marca Per\u00fa\",\"Per\u00fa\",\"pueblos\"],\"articleSection\":[\"Comunalidad\"],\"inLanguage\":\"es\",\"potentialAction\":[{\"@type\":\"CommentAction\",\"name\":\"Comment\",\"target\":[\"https:\\\/\\\/ollantayitzamna.com\\\/?p=1598#respond\"]}]},{\"@type\":\"WebPage\",\"@id\":\"https:\\\/\\\/ollantayitzamna.com\\\/?p=1598\",\"url\":\"https:\\\/\\\/ollantayitzamna.com\\\/?p=1598\",\"name\":\"\u00bfExiste identidad peruana? - Ollantay Itzamn\u00e1\",\"isPartOf\":{\"@id\":\"https:\\\/\\\/ollantayitzamna.com\\\/#website\"},\"primaryImageOfPage\":{\"@id\":\"https:\\\/\\\/ollantayitzamna.com\\\/?p=1598#primaryimage\"},\"image\":{\"@id\":\"https:\\\/\\\/ollantayitzamna.com\\\/?p=1598#primaryimage\"},\"thumbnailUrl\":\"https:\\\/\\\/i0.wp.com\\\/ollantayitzamna.com\\\/wp-content\\\/uploads\\\/2020\\\/07\\\/unnamed.jpg?fit=425%2C420&ssl=1\",\"datePublished\":\"2020-07-25T18:42:40+00:00\",\"dateModified\":\"2025-07-04T00:57:41+00:00\",\"author\":{\"@id\":\"https:\\\/\\\/ollantayitzamna.com\\\/#\\\/schema\\\/person\\\/d7d683451f51a71c7d7c6b4b70437092\"},\"breadcrumb\":{\"@id\":\"https:\\\/\\\/ollantayitzamna.com\\\/?p=1598#breadcrumb\"},\"inLanguage\":\"es\",\"potentialAction\":[{\"@type\":\"ReadAction\",\"target\":[\"https:\\\/\\\/ollantayitzamna.com\\\/?p=1598\"]}]},{\"@type\":\"ImageObject\",\"inLanguage\":\"es\",\"@id\":\"https:\\\/\\\/ollantayitzamna.com\\\/?p=1598#primaryimage\",\"url\":\"https:\\\/\\\/i0.wp.com\\\/ollantayitzamna.com\\\/wp-content\\\/uploads\\\/2020\\\/07\\\/unnamed.jpg?fit=425%2C420&ssl=1\",\"contentUrl\":\"https:\\\/\\\/i0.wp.com\\\/ollantayitzamna.com\\\/wp-content\\\/uploads\\\/2020\\\/07\\\/unnamed.jpg?fit=425%2C420&ssl=1\",\"width\":425,\"height\":420,\"caption\":\"Bandera en el rostro de una mujer. Internet\"},{\"@type\":\"BreadcrumbList\",\"@id\":\"https:\\\/\\\/ollantayitzamna.com\\\/?p=1598#breadcrumb\",\"itemListElement\":[{\"@type\":\"ListItem\",\"position\":1,\"name\":\"Portada\",\"item\":\"https:\\\/\\\/ollantayitzamna.com\\\/\"},{\"@type\":\"ListItem\",\"position\":2,\"name\":\"\u00bfExiste identidad peruana?\"}]},{\"@type\":\"WebSite\",\"@id\":\"https:\\\/\\\/ollantayitzamna.com\\\/#website\",\"url\":\"https:\\\/\\\/ollantayitzamna.com\\\/\",\"name\":\"Ollantay Itzamn\u00e1\",\"description\":\"Susurros del silencio\",\"potentialAction\":[{\"@type\":\"SearchAction\",\"target\":{\"@type\":\"EntryPoint\",\"urlTemplate\":\"https:\\\/\\\/ollantayitzamna.com\\\/?s={search_term_string}\"},\"query-input\":{\"@type\":\"PropertyValueSpecification\",\"valueRequired\":true,\"valueName\":\"search_term_string\"}}],\"inLanguage\":\"es\"},{\"@type\":\"Person\",\"@id\":\"https:\\\/\\\/ollantayitzamna.com\\\/#\\\/schema\\\/person\\\/d7d683451f51a71c7d7c6b4b70437092\",\"name\":\"ollantayitzamna\",\"image\":{\"@type\":\"ImageObject\",\"inLanguage\":\"es\",\"@id\":\"https:\\\/\\\/secure.gravatar.com\\\/avatar\\\/576387c53cc1a5ef704abf20408627fa3cb969d3f33355a576a2b20d65397362?s=96&d=identicon&r=g\",\"url\":\"https:\\\/\\\/secure.gravatar.com\\\/avatar\\\/576387c53cc1a5ef704abf20408627fa3cb969d3f33355a576a2b20d65397362?s=96&d=identicon&r=g\",\"contentUrl\":\"https:\\\/\\\/secure.gravatar.com\\\/avatar\\\/576387c53cc1a5ef704abf20408627fa3cb969d3f33355a576a2b20d65397362?s=96&d=identicon&r=g\",\"caption\":\"ollantayitzamna\"},\"description\":\"Soy Tierra que siente, que llora, que ama, que conspira, que sue\u00f1a. Soy wawa (criatura) de la Pachamama.\",\"sameAs\":[\"http:\\\/\\\/ollantayitzamna.com\"],\"url\":\"https:\\\/\\\/ollantayitzamna.com\\\/?author=95365428\"}]}<\/script>\n<!-- \/ Yoast SEO plugin. -->","yoast_head_json":{"title":"\u00bfExiste identidad peruana? - Ollantay Itzamn\u00e1","robots":{"index":"index","follow":"follow","max-snippet":"max-snippet:-1","max-image-preview":"max-image-preview:large","max-video-preview":"max-video-preview:-1"},"canonical":"https:\/\/ollantayitzamna.com\/?p=1598","og_locale":"es_ES","og_type":"article","og_title":"\u00bfExiste identidad peruana? - Ollantay Itzamn\u00e1","og_description":"\u00bfCu\u00e1l es la identidad peruana? \u00bfEl 28 de julio, d\u00eda de la \u201cindependencia\u201d? \u00bfCu\u00e1l independencia, o independencia de qui\u00e9n, o para qui\u00e9n? El invasor de anta\u00f1o o el colonizador jam\u00e1s se fue de lo que llaman Per\u00fa\u2026 El colonizador se qued\u00f3 y habita en ti y en m\u00ed, y se regocija cada que \u201ccelebramos\u201d el [&hellip;]","og_url":"https:\/\/ollantayitzamna.com\/?p=1598","og_site_name":"Ollantay Itzamn\u00e1","article_published_time":"2020-07-25T18:42:40+00:00","article_modified_time":"2025-07-04T00:57:41+00:00","og_image":[{"width":425,"height":420,"url":"https:\/\/i0.wp.com\/ollantayitzamna.com\/wp-content\/uploads\/2020\/07\/unnamed.jpg?fit=425%2C420&ssl=1","type":"image\/jpeg"}],"author":"ollantayitzamna","twitter_card":"summary_large_image","twitter_misc":{"Escrito por":"ollantayitzamna","Tiempo de lectura":"4 minutos"},"schema":{"@context":"https:\/\/schema.org","@graph":[{"@type":"Article","@id":"https:\/\/ollantayitzamna.com\/?p=1598#article","isPartOf":{"@id":"https:\/\/ollantayitzamna.com\/?p=1598"},"author":{"name":"ollantayitzamna","@id":"https:\/\/ollantayitzamna.com\/#\/schema\/person\/d7d683451f51a71c7d7c6b4b70437092"},"headline":"\u00bfExiste identidad peruana?","datePublished":"2020-07-25T18:42:40+00:00","dateModified":"2025-07-04T00:57:41+00:00","mainEntityOfPage":{"@id":"https:\/\/ollantayitzamna.com\/?p=1598"},"wordCount":787,"commentCount":0,"image":{"@id":"https:\/\/ollantayitzamna.com\/?p=1598#primaryimage"},"thumbnailUrl":"https:\/\/i0.wp.com\/ollantayitzamna.com\/wp-content\/uploads\/2020\/07\/unnamed.jpg?fit=425%2C420&ssl=1","keywords":["Estado","identidad","Marca Per\u00fa","Per\u00fa","pueblos"],"articleSection":["Comunalidad"],"inLanguage":"es","potentialAction":[{"@type":"CommentAction","name":"Comment","target":["https:\/\/ollantayitzamna.com\/?p=1598#respond"]}]},{"@type":"WebPage","@id":"https:\/\/ollantayitzamna.com\/?p=1598","url":"https:\/\/ollantayitzamna.com\/?p=1598","name":"\u00bfExiste identidad peruana? - Ollantay Itzamn\u00e1","isPartOf":{"@id":"https:\/\/ollantayitzamna.com\/#website"},"primaryImageOfPage":{"@id":"https:\/\/ollantayitzamna.com\/?p=1598#primaryimage"},"image":{"@id":"https:\/\/ollantayitzamna.com\/?p=1598#primaryimage"},"thumbnailUrl":"https:\/\/i0.wp.com\/ollantayitzamna.com\/wp-content\/uploads\/2020\/07\/unnamed.jpg?fit=425%2C420&ssl=1","datePublished":"2020-07-25T18:42:40+00:00","dateModified":"2025-07-04T00:57:41+00:00","author":{"@id":"https:\/\/ollantayitzamna.com\/#\/schema\/person\/d7d683451f51a71c7d7c6b4b70437092"},"breadcrumb":{"@id":"https:\/\/ollantayitzamna.com\/?p=1598#breadcrumb"},"inLanguage":"es","potentialAction":[{"@type":"ReadAction","target":["https:\/\/ollantayitzamna.com\/?p=1598"]}]},{"@type":"ImageObject","inLanguage":"es","@id":"https:\/\/ollantayitzamna.com\/?p=1598#primaryimage","url":"https:\/\/i0.wp.com\/ollantayitzamna.com\/wp-content\/uploads\/2020\/07\/unnamed.jpg?fit=425%2C420&ssl=1","contentUrl":"https:\/\/i0.wp.com\/ollantayitzamna.com\/wp-content\/uploads\/2020\/07\/unnamed.jpg?fit=425%2C420&ssl=1","width":425,"height":420,"caption":"Bandera en el rostro de una mujer. Internet"},{"@type":"BreadcrumbList","@id":"https:\/\/ollantayitzamna.com\/?p=1598#breadcrumb","itemListElement":[{"@type":"ListItem","position":1,"name":"Portada","item":"https:\/\/ollantayitzamna.com\/"},{"@type":"ListItem","position":2,"name":"\u00bfExiste identidad peruana?"}]},{"@type":"WebSite","@id":"https:\/\/ollantayitzamna.com\/#website","url":"https:\/\/ollantayitzamna.com\/","name":"Ollantay Itzamn\u00e1","description":"Susurros del silencio","potentialAction":[{"@type":"SearchAction","target":{"@type":"EntryPoint","urlTemplate":"https:\/\/ollantayitzamna.com\/?s={search_term_string}"},"query-input":{"@type":"PropertyValueSpecification","valueRequired":true,"valueName":"search_term_string"}}],"inLanguage":"es"},{"@type":"Person","@id":"https:\/\/ollantayitzamna.com\/#\/schema\/person\/d7d683451f51a71c7d7c6b4b70437092","name":"ollantayitzamna","image":{"@type":"ImageObject","inLanguage":"es","@id":"https:\/\/secure.gravatar.com\/avatar\/576387c53cc1a5ef704abf20408627fa3cb969d3f33355a576a2b20d65397362?s=96&d=identicon&r=g","url":"https:\/\/secure.gravatar.com\/avatar\/576387c53cc1a5ef704abf20408627fa3cb969d3f33355a576a2b20d65397362?s=96&d=identicon&r=g","contentUrl":"https:\/\/secure.gravatar.com\/avatar\/576387c53cc1a5ef704abf20408627fa3cb969d3f33355a576a2b20d65397362?s=96&d=identicon&r=g","caption":"ollantayitzamna"},"description":"Soy Tierra que siente, que llora, que ama, que conspira, que sue\u00f1a. Soy wawa (criatura) de la Pachamama.","sameAs":["http:\/\/ollantayitzamna.com"],"url":"https:\/\/ollantayitzamna.com\/?author=95365428"}]}},"jetpack_publicize_connections":[],"jetpack_likes_enabled":true,"jetpack_sharing_enabled":true,"jetpack_featured_media_url":"https:\/\/i0.wp.com\/ollantayitzamna.com\/wp-content\/uploads\/2020\/07\/unnamed.jpg?fit=425%2C420&ssl=1","_links":{"self":[{"href":"https:\/\/ollantayitzamna.com\/index.php?rest_route=\/wp\/v2\/posts\/1598","targetHints":{"allow":["GET"]}}],"collection":[{"href":"https:\/\/ollantayitzamna.com\/index.php?rest_route=\/wp\/v2\/posts"}],"about":[{"href":"https:\/\/ollantayitzamna.com\/index.php?rest_route=\/wp\/v2\/types\/post"}],"author":[{"embeddable":true,"href":"https:\/\/ollantayitzamna.com\/index.php?rest_route=\/wp\/v2\/users\/95365428"}],"replies":[{"embeddable":true,"href":"https:\/\/ollantayitzamna.com\/index.php?rest_route=%2Fwp%2Fv2%2Fcomments&post=1598"}],"version-history":[{"count":5,"href":"https:\/\/ollantayitzamna.com\/index.php?rest_route=\/wp\/v2\/posts\/1598\/revisions"}],"predecessor-version":[{"id":1605,"href":"https:\/\/ollantayitzamna.com\/index.php?rest_route=\/wp\/v2\/posts\/1598\/revisions\/1605"}],"wp:featuredmedia":[{"embeddable":true,"href":"https:\/\/ollantayitzamna.com\/index.php?rest_route=\/wp\/v2\/media\/1600"}],"wp:attachment":[{"href":"https:\/\/ollantayitzamna.com\/index.php?rest_route=%2Fwp%2Fv2%2Fmedia&parent=1598"}],"wp:term":[{"taxonomy":"category","embeddable":true,"href":"https:\/\/ollantayitzamna.com\/index.php?rest_route=%2Fwp%2Fv2%2Fcategories&post=1598"},{"taxonomy":"post_tag","embeddable":true,"href":"https:\/\/ollantayitzamna.com\/index.php?rest_route=%2Fwp%2Fv2%2Ftags&post=1598"}],"curies":[{"name":"wp","href":"https:\/\/api.w.org\/{rel}","templated":true}]}}