{"id":1707,"date":"2020-09-23T19:29:25","date_gmt":"2020-09-24T01:29:25","guid":{"rendered":"https:\/\/ollantayitzamna.com\/?p=1707"},"modified":"2025-07-03T18:58:52","modified_gmt":"2025-07-04T00:58:52","slug":"bolivia-ahora-por-que-callan-tus-indianistas-indigenistas-ambientalistas-feministas","status":"publish","type":"post","link":"https:\/\/ollantayitzamna.com\/?p=1707","title":{"rendered":"Bolivia, \u00bfahora, por qu\u00e9 callan tus indianistas, indigenistas, ambientalistas, feministas&#8230;?"},"content":{"rendered":"<figure id=\"attachment_1709\" aria-describedby=\"caption-attachment-1709\" style=\"width: 800px\" class=\"wp-caption aligncenter\"><img data-recalc-dims=\"1\" fetchpriority=\"high\" decoding=\"async\" data-attachment-id=\"1709\" data-permalink=\"https:\/\/ollantayitzamna.com\/?attachment_id=1709\" data-orig-file=\"https:\/\/i0.wp.com\/ollantayitzamna.com\/wp-content\/uploads\/2020\/09\/Chiquitani%CC%81a-arde.jpg?fit=800%2C479&amp;ssl=1\" data-orig-size=\"800,479\" data-comments-opened=\"1\" data-image-meta=\"{&quot;aperture&quot;:&quot;0&quot;,&quot;credit&quot;:&quot;&quot;,&quot;camera&quot;:&quot;&quot;,&quot;caption&quot;:&quot;&quot;,&quot;created_timestamp&quot;:&quot;0&quot;,&quot;copyright&quot;:&quot;&quot;,&quot;focal_length&quot;:&quot;0&quot;,&quot;iso&quot;:&quot;0&quot;,&quot;shutter_speed&quot;:&quot;0&quot;,&quot;title&quot;:&quot;&quot;,&quot;orientation&quot;:&quot;1&quot;}\" data-image-title=\"Chiquitani\u0301a arde\" data-image-description=\"\" data-image-caption=\"&lt;p&gt;Bosque de la Chiquitan\u00eda se incendia ante el silencio estridente de ambientalistas durante el gobierno de facto&lt;\/p&gt;\n\" data-large-file=\"https:\/\/i0.wp.com\/ollantayitzamna.com\/wp-content\/uploads\/2020\/09\/Chiquitani%CC%81a-arde.jpg?fit=800%2C479&amp;ssl=1\" class=\"size-full wp-image-1709\" src=\"https:\/\/i0.wp.com\/ollantayitzamna.com\/wp-content\/uploads\/2020\/09\/Chiquitani%CC%81a-arde.jpg?resize=800%2C479&#038;ssl=1\" alt=\"\" width=\"800\" height=\"479\" srcset=\"https:\/\/i0.wp.com\/ollantayitzamna.com\/wp-content\/uploads\/2020\/09\/Chiquitani%CC%81a-arde.jpg?w=800&amp;ssl=1 800w, https:\/\/i0.wp.com\/ollantayitzamna.com\/wp-content\/uploads\/2020\/09\/Chiquitani%CC%81a-arde.jpg?resize=300%2C180&amp;ssl=1 300w, https:\/\/i0.wp.com\/ollantayitzamna.com\/wp-content\/uploads\/2020\/09\/Chiquitani%CC%81a-arde.jpg?resize=150%2C90&amp;ssl=1 150w, https:\/\/i0.wp.com\/ollantayitzamna.com\/wp-content\/uploads\/2020\/09\/Chiquitani%CC%81a-arde.jpg?resize=768%2C460&amp;ssl=1 768w\" sizes=\"(max-width: 800px) 100vw, 800px\" \/><figcaption id=\"caption-attachment-1709\" class=\"wp-caption-text\">Bosque de la Chiquitan\u00eda se incendia ante el silencio estridente de ambientalistas durante el gobierno de facto<\/figcaption><\/figure>\n<h4 style=\"text-align: center;\"><span style=\"color: #ff0000;\">Quiz\u00e1s sea su sentimiento de culpa que los obliga al actual silencio sepulcral. Quiz\u00e1s sea el miedo al bulliyng que les limita opinar sobre su engendro. Qui\u00e9n sabe.<\/span><\/h4>\n<p><!--more--><\/p>\n<p>A casi un a\u00f1o de la consumaci\u00f3n del Golpe de Estado, y la instauraci\u00f3n del letal r\u00e9gimen dictatorial en Bolivia, seguimos pregunt\u00e1ndonos \u00bfd\u00f3nde est\u00e1n los prolijos indianistas, indigenistas, feministas, ambientalistas\u2026 que fustigaron duramente contra el indio dictador de Evo Morales?<\/p>\n<p>Sus discursos incendiarios abonaron\/promovieron el Golpe de Estado el 10 de noviembre pasado. Pero, una vez que el \u201cindio Presidente\u201d fue \u201cdefenestrado\u201d, y asumi\u00f3 el poder de facto Jeanine \u00c1\u00f1ez, por voluntad del Gobierno norteamericano, indianistas, indigenistas, ambientalistas, y muchas feministas, guardaron y guardan un c\u00f3mplice silencio sepulcral.<\/p>\n<p>Arengaron en las calles y redes sociodigitales contra Evo Morales por la muerte de p\u00e1jaros en los incendios de Chiquitania (que Morales ejemplarmente apag\u00f3), pero negaron la existencia del Golpe de Estado. No dijeron nada ante las dos masacres de ind\u00edgenas que se resist\u00edan al Gobierno de facto. Mucho menos, ante la persecuci\u00f3n\/criminalizaci\u00f3n\/encarcelamiento de defensores ind\u00edgenas. La Amazon\u00eda boliviana contin\u00faa ardiendo, y los narco aviones despegan incluso de aeropuertos estatales, pero Sol\u00f3n, Cusicanqui, Portugal, Zibechi, Guti\u00e9rrez\u2026 y el ej\u00e9rcito de oenegeros guardan silencio sepulcral. \u00bfPor qu\u00e9?<\/p>\n<figure id=\"attachment_1715\" aria-describedby=\"caption-attachment-1715\" style=\"width: 720px\" class=\"wp-caption aligncenter\"><img data-recalc-dims=\"1\" decoding=\"async\" data-attachment-id=\"1715\" data-permalink=\"https:\/\/ollantayitzamna.com\/?attachment_id=1715\" data-orig-file=\"https:\/\/i0.wp.com\/ollantayitzamna.com\/wp-content\/uploads\/2020\/09\/caricature-5123407_960_720.jpg?fit=720%2C720&amp;ssl=1\" data-orig-size=\"720,720\" data-comments-opened=\"1\" data-image-meta=\"{&quot;aperture&quot;:&quot;0&quot;,&quot;credit&quot;:&quot;&quot;,&quot;camera&quot;:&quot;&quot;,&quot;caption&quot;:&quot;&quot;,&quot;created_timestamp&quot;:&quot;0&quot;,&quot;copyright&quot;:&quot;&quot;,&quot;focal_length&quot;:&quot;0&quot;,&quot;iso&quot;:&quot;0&quot;,&quot;shutter_speed&quot;:&quot;0&quot;,&quot;title&quot;:&quot;&quot;,&quot;orientation&quot;:&quot;0&quot;}\" data-image-title=\"caricature-5123407_960_720\" data-image-description=\"\" data-image-caption=\"&lt;p&gt;El silencio. Caricatura. Internet&lt;\/p&gt;\n\" data-large-file=\"https:\/\/i0.wp.com\/ollantayitzamna.com\/wp-content\/uploads\/2020\/09\/caricature-5123407_960_720.jpg?fit=720%2C720&amp;ssl=1\" class=\"size-full wp-image-1715\" src=\"https:\/\/i0.wp.com\/ollantayitzamna.com\/wp-content\/uploads\/2020\/09\/caricature-5123407_960_720.jpg?resize=720%2C720&#038;ssl=1\" alt=\"\" width=\"720\" height=\"720\" srcset=\"https:\/\/i0.wp.com\/ollantayitzamna.com\/wp-content\/uploads\/2020\/09\/caricature-5123407_960_720.jpg?w=720&amp;ssl=1 720w, https:\/\/i0.wp.com\/ollantayitzamna.com\/wp-content\/uploads\/2020\/09\/caricature-5123407_960_720.jpg?resize=300%2C300&amp;ssl=1 300w, https:\/\/i0.wp.com\/ollantayitzamna.com\/wp-content\/uploads\/2020\/09\/caricature-5123407_960_720.jpg?resize=150%2C150&amp;ssl=1 150w, https:\/\/i0.wp.com\/ollantayitzamna.com\/wp-content\/uploads\/2020\/09\/caricature-5123407_960_720.jpg?resize=400%2C400&amp;ssl=1 400w, https:\/\/i0.wp.com\/ollantayitzamna.com\/wp-content\/uploads\/2020\/09\/caricature-5123407_960_720.jpg?resize=200%2C200&amp;ssl=1 200w, https:\/\/i0.wp.com\/ollantayitzamna.com\/wp-content\/uploads\/2020\/09\/caricature-5123407_960_720.jpg?resize=88%2C88&amp;ssl=1 88w\" sizes=\"(max-width: 720px) 100vw, 720px\" \/><figcaption id=\"caption-attachment-1715\" class=\"wp-caption-text\">El silencio. Caricatura. Internet<\/figcaption><\/figure>\n<p>La dictadura boliviana hizo del pa\u00eds un escarnio. Bolivia, ahora, en la comunidad internacional es sin\u00f3nimo de corrupci\u00f3n, narcoestado, improvisaci\u00f3n, endeudamiento, nepotismo, racismo\u2026 Pero, por ning\u00fan lado se asoman indianistas, indigenistas, ambientalistas, moralistas\u2026 para llamar a \u201cbuen recaudo\u201d al monstruo pol\u00edtico que directamente o indirectamente ellos perge\u00f1aron.<\/p>\n<p>A las feministas pro movimientos ind\u00edgenas les incomodaba los micromachismos de Evo Morales. Por eso hicieron de \u00e9ste la materializaci\u00f3n del patriarcado en Bolivia, y lo apabullaron sin clemencia. Pero, el machismo de Camacho \u2013 A\u00f1ez &#8211; Murillo, y de los sables militares, fueron y son demasiado letales incluso para ellas. \u00bfPor qu\u00e9 callan ahora?<\/p>\n<p>A los indianistas les ofendi\u00f3 de sobremanera que los cuadros dirigenciales del Gobierno de Morales \u201cmonopolizasen\u201d la narrativa indianista, dej\u00e1ndolos hu\u00e9rfanos de discurso, o por lo menos de audiencia. Por eso fustigaron duramente a Morales como dictador \u201cpachamamista\u201d, \u201cind\u00edgena falso\u201d\u2026 Pero, el Golpe y el gobierno de facto les mostr\u00f3 lo que es la dictadura y un gobierno etn\u00f3fagico. Ahora, a los indianistas los llaman \u201cbestias humanas\u201d \u201csalvajes\u201d, desde la institucionalidad estatal. \u00bfPor qu\u00e9 aguantan tanta afrenta en silencio?<\/p>\n<p>A los indigenistas, en especial afincadas en las ONG, les sacaba roncha que el indio Presidente, mediante pol\u00edticas p\u00fablicas, haya sacado a millones de bolivianos de la situaci\u00f3n de empobrecimiento hacia la nueva clase media. Eso les afectaba porque as\u00ed el pa\u00eds dej\u00f3 de ser una prioridad de la cooperaci\u00f3n financiera internacional. El indigenismo subsiste en la medida que hay bolsones de folclorizados ind\u00edgenas en la indigencia\u2026. Pero, con la pandemia el chorro de la cooperaci\u00f3n financiera se agot\u00f3. \u00bfPor qu\u00e9 callan, ahora, en tiempos de hambre?<\/p>\n<figure id=\"attachment_1711\" aria-describedby=\"caption-attachment-1711\" style=\"width: 1000px\" class=\"wp-caption aligncenter\"><img data-recalc-dims=\"1\" decoding=\"async\" data-attachment-id=\"1711\" data-permalink=\"https:\/\/ollantayitzamna.com\/?attachment_id=1711\" data-orig-file=\"https:\/\/i0.wp.com\/ollantayitzamna.com\/wp-content\/uploads\/2020\/09\/Mujer-indi%CC%81gena-luego-de-la-masacre-en-Senkata.jpg?fit=1000%2C541&amp;ssl=1\" data-orig-size=\"1000,541\" data-comments-opened=\"1\" data-image-meta=\"{&quot;aperture&quot;:&quot;0&quot;,&quot;credit&quot;:&quot;&quot;,&quot;camera&quot;:&quot;&quot;,&quot;caption&quot;:&quot;&quot;,&quot;created_timestamp&quot;:&quot;0&quot;,&quot;copyright&quot;:&quot;&quot;,&quot;focal_length&quot;:&quot;0&quot;,&quot;iso&quot;:&quot;0&quot;,&quot;shutter_speed&quot;:&quot;0&quot;,&quot;title&quot;:&quot;&quot;,&quot;orientation&quot;:&quot;0&quot;}\" data-image-title=\"Mujer indi\u0301gena, luego de la masacre en Senkata\" data-image-description=\"\" data-image-caption=\"&lt;p&gt;Madre ind\u00edgena llora ante su hijo masacrado en Senkata. Bolivia&lt;\/p&gt;\n\" data-large-file=\"https:\/\/i0.wp.com\/ollantayitzamna.com\/wp-content\/uploads\/2020\/09\/Mujer-indi%CC%81gena-luego-de-la-masacre-en-Senkata.jpg?fit=800%2C433&amp;ssl=1\" class=\"size-full wp-image-1711\" src=\"https:\/\/i0.wp.com\/ollantayitzamna.com\/wp-content\/uploads\/2020\/09\/Mujer-indi%CC%81gena-luego-de-la-masacre-en-Senkata.jpg?resize=800%2C433&#038;ssl=1\" alt=\"\" width=\"800\" height=\"433\" srcset=\"https:\/\/i0.wp.com\/ollantayitzamna.com\/wp-content\/uploads\/2020\/09\/Mujer-indi%CC%81gena-luego-de-la-masacre-en-Senkata.jpg?w=1000&amp;ssl=1 1000w, https:\/\/i0.wp.com\/ollantayitzamna.com\/wp-content\/uploads\/2020\/09\/Mujer-indi%CC%81gena-luego-de-la-masacre-en-Senkata.jpg?resize=300%2C162&amp;ssl=1 300w, https:\/\/i0.wp.com\/ollantayitzamna.com\/wp-content\/uploads\/2020\/09\/Mujer-indi%CC%81gena-luego-de-la-masacre-en-Senkata.jpg?resize=150%2C81&amp;ssl=1 150w, https:\/\/i0.wp.com\/ollantayitzamna.com\/wp-content\/uploads\/2020\/09\/Mujer-indi%CC%81gena-luego-de-la-masacre-en-Senkata.jpg?resize=768%2C415&amp;ssl=1 768w, https:\/\/i0.wp.com\/ollantayitzamna.com\/wp-content\/uploads\/2020\/09\/Mujer-indi%CC%81gena-luego-de-la-masacre-en-Senkata.jpg?resize=900%2C487&amp;ssl=1 900w\" sizes=\"(max-width: 800px) 100vw, 800px\" \/><figcaption id=\"caption-attachment-1711\" class=\"wp-caption-text\">Madre ind\u00edgena llora ante su hijo masacrado en Senkata. Bolivia<\/figcaption><\/figure>\n<p>A las y los ambientalistas les enfad\u00f3 de sobre manera que Morales se haya negado declarar \u201cemergencia nacional\u201d ante los incendios en la Chiquitan\u00eda. Dicha declaratoria les posibilitaba acceder a cooperaci\u00f3n internacional de emergencia. Pero, Morales opt\u00f3 por apagar dicho incendio por propia cuenta. Este sector ya ven\u00eda molesto con Garc\u00eda Linera, quien con su verba ven\u00eda \u201cmaltratando\u201d a las ONG ambientalistas\u2026 Durante el gobierno de facto los incendios forestales continuaron, las semillas transg\u00e9nicas adquirieron carta de ciudadan\u00eda\u2026 Pero, Fundaci\u00f3n Sol\u00f3n, Fundaci\u00f3n Jubileo, Lidema\u2026 todos calla\u00edtos \u00bfPor qu\u00e9? \u00bfSer\u00e1 porque las migajas que, ahora, les reparte la USAID, les tranquiliza su hambre?<\/p>\n<p>Quiz\u00e1s sea su sentimiento de culpa que los obliga al actual silencio sepulcral. Quiz\u00e1s sea el miedo al bulliyng que les limita opinar sobre su engendro. Qui\u00e9n sabe.<\/p>\n<p>Lo \u00fanico cierto es que las y los ind\u00edgenas, campesinos, mujeres, j\u00f3venes. En especial las y los sobrevivientes a las masacres y encarcelamientos no olvidaremos el da\u00f1o que nos infringieron a los pueblos. Y el repudio contra ellos y sus patrones no terminar\u00e1 el pr\u00f3ximo 18 de octubre.<\/p>\n","protected":false},"excerpt":{"rendered":"<p>Quiz\u00e1s sea su sentimiento de culpa que los obliga al actual silencio sepulcral. Quiz\u00e1s sea el miedo al bulliyng que les limita opinar sobre su engendro. Qui\u00e9n sabe.<\/p>\n","protected":false},"author":95365428,"featured_media":1715,"comment_status":"open","ping_status":"open","sticky":false,"template":"","format":"standard","meta":{"_coblocks_attr":"","_coblocks_dimensions":"","_coblocks_responsive_height":"","_coblocks_accordion_ie_support":"","_jetpack_newsletter_access":"","_jetpack_dont_email_post_to_subs":false,"_jetpack_newsletter_tier_id":0,"_jetpack_memberships_contains_paywalled_content":false,"_wpcom_ai_launchpad_first_post":false,"_jetpack_feature_clip_id":0,"_jetpack_memberships_contains_paid_content":false,"footnotes":"","jetpack_publicize_message":"{title}\n\n{excerpt}\n\n{url}","jetpack_publicize_feature_enabled":true,"jetpack_social_post_already_shared":true,"jetpack_social_options":{"image_generator_settings":{"template":"highway","default_image_id":0,"font":"","enabled":false},"version":2},"_wpas_customize_per_network":false,"jetpack_post_was_ever_published":false},"categories":[696796406],"tags":[696795894,696795857,696795893,696795872,11162166,1331829],"class_list":["post-1707","post","type-post","status-publish","format-standard","has-post-thumbnail","hentry","category-comunalidad","tag-ambientalitas","tag-bolivia","tag-feminismo","tag-golpe-de-estado","tag-indianismo","tag-indigenismo"],"yoast_head":"<!-- This site is optimized with the Yoast SEO plugin v28.3 - https:\/\/yoast.com\/product\/yoast-seo-wordpress\/ -->\n<title>Bolivia, \u00bfahora, por qu\u00e9 callan tus indianistas, indigenistas, ambientalistas, feministas...? - Ollantay Itzamn\u00e1<\/title>\n<meta name=\"robots\" content=\"index, follow, max-snippet:-1, max-image-preview:large, max-video-preview:-1\" \/>\n<link rel=\"canonical\" href=\"https:\/\/ollantayitzamna.com\/?p=1707\" \/>\n<meta property=\"og:locale\" content=\"es_ES\" \/>\n<meta property=\"og:type\" content=\"article\" \/>\n<meta property=\"og:title\" content=\"Bolivia, \u00bfahora, por qu\u00e9 callan tus indianistas, indigenistas, ambientalistas, feministas...? - Ollantay Itzamn\u00e1\" \/>\n<meta property=\"og:description\" content=\"Quiz\u00e1s sea su sentimiento de culpa que los obliga al actual silencio sepulcral. Quiz\u00e1s sea el miedo al bulliyng que les limita opinar sobre su engendro. Qui\u00e9n sabe.\" \/>\n<meta property=\"og:url\" content=\"https:\/\/ollantayitzamna.com\/?p=1707\" \/>\n<meta property=\"og:site_name\" content=\"Ollantay Itzamn\u00e1\" \/>\n<meta property=\"article:published_time\" content=\"2020-09-24T01:29:25+00:00\" \/>\n<meta property=\"article:modified_time\" content=\"2025-07-04T00:58:52+00:00\" \/>\n<meta property=\"og:image\" content=\"https:\/\/i0.wp.com\/ollantayitzamna.com\/wp-content\/uploads\/2020\/09\/caricature-5123407_960_720.jpg?fit=720%2C720&ssl=1\" \/>\n\t<meta property=\"og:image:width\" content=\"720\" \/>\n\t<meta property=\"og:image:height\" content=\"720\" \/>\n\t<meta property=\"og:image:type\" content=\"image\/jpeg\" \/>\n<meta name=\"author\" content=\"ollantayitzamna\" \/>\n<meta name=\"twitter:card\" content=\"summary_large_image\" \/>\n<meta name=\"twitter:label1\" content=\"Escrito por\" \/>\n\t<meta name=\"twitter:data1\" content=\"ollantayitzamna\" \/>\n\t<meta name=\"twitter:label2\" content=\"Tiempo de lectura\" \/>\n\t<meta name=\"twitter:data2\" content=\"4 minutos\" \/>\n<script type=\"application\/ld+json\" class=\"yoast-schema-graph\">{\"@context\":\"https:\\\/\\\/schema.org\",\"@graph\":[{\"@type\":\"Article\",\"@id\":\"https:\\\/\\\/ollantayitzamna.com\\\/?p=1707#article\",\"isPartOf\":{\"@id\":\"https:\\\/\\\/ollantayitzamna.com\\\/?p=1707\"},\"author\":{\"name\":\"ollantayitzamna\",\"@id\":\"https:\\\/\\\/ollantayitzamna.com\\\/#\\\/schema\\\/person\\\/d7d683451f51a71c7d7c6b4b70437092\"},\"headline\":\"Bolivia, \u00bfahora, por qu\u00e9 callan tus indianistas, indigenistas, ambientalistas, feministas&#8230;?\",\"datePublished\":\"2020-09-24T01:29:25+00:00\",\"dateModified\":\"2025-07-04T00:58:52+00:00\",\"mainEntityOfPage\":{\"@id\":\"https:\\\/\\\/ollantayitzamna.com\\\/?p=1707\"},\"wordCount\":773,\"commentCount\":2,\"image\":{\"@id\":\"https:\\\/\\\/ollantayitzamna.com\\\/?p=1707#primaryimage\"},\"thumbnailUrl\":\"https:\\\/\\\/i0.wp.com\\\/ollantayitzamna.com\\\/wp-content\\\/uploads\\\/2020\\\/09\\\/caricature-5123407_960_720.jpg?fit=720%2C720&ssl=1\",\"keywords\":[\"ambientalitas\",\"Bolivia\",\"feminismo\",\"Golpe de Estado\",\"indianismo\",\"Indigenismo\"],\"articleSection\":[\"Comunalidad\"],\"inLanguage\":\"es\",\"potentialAction\":[{\"@type\":\"CommentAction\",\"name\":\"Comment\",\"target\":[\"https:\\\/\\\/ollantayitzamna.com\\\/?p=1707#respond\"]}]},{\"@type\":\"WebPage\",\"@id\":\"https:\\\/\\\/ollantayitzamna.com\\\/?p=1707\",\"url\":\"https:\\\/\\\/ollantayitzamna.com\\\/?p=1707\",\"name\":\"Bolivia, \u00bfahora, por qu\u00e9 callan tus indianistas, indigenistas, ambientalistas, feministas...? - Ollantay Itzamn\u00e1\",\"isPartOf\":{\"@id\":\"https:\\\/\\\/ollantayitzamna.com\\\/#website\"},\"primaryImageOfPage\":{\"@id\":\"https:\\\/\\\/ollantayitzamna.com\\\/?p=1707#primaryimage\"},\"image\":{\"@id\":\"https:\\\/\\\/ollantayitzamna.com\\\/?p=1707#primaryimage\"},\"thumbnailUrl\":\"https:\\\/\\\/i0.wp.com\\\/ollantayitzamna.com\\\/wp-content\\\/uploads\\\/2020\\\/09\\\/caricature-5123407_960_720.jpg?fit=720%2C720&ssl=1\",\"datePublished\":\"2020-09-24T01:29:25+00:00\",\"dateModified\":\"2025-07-04T00:58:52+00:00\",\"author\":{\"@id\":\"https:\\\/\\\/ollantayitzamna.com\\\/#\\\/schema\\\/person\\\/d7d683451f51a71c7d7c6b4b70437092\"},\"breadcrumb\":{\"@id\":\"https:\\\/\\\/ollantayitzamna.com\\\/?p=1707#breadcrumb\"},\"inLanguage\":\"es\",\"potentialAction\":[{\"@type\":\"ReadAction\",\"target\":[\"https:\\\/\\\/ollantayitzamna.com\\\/?p=1707\"]}]},{\"@type\":\"ImageObject\",\"inLanguage\":\"es\",\"@id\":\"https:\\\/\\\/ollantayitzamna.com\\\/?p=1707#primaryimage\",\"url\":\"https:\\\/\\\/i0.wp.com\\\/ollantayitzamna.com\\\/wp-content\\\/uploads\\\/2020\\\/09\\\/caricature-5123407_960_720.jpg?fit=720%2C720&ssl=1\",\"contentUrl\":\"https:\\\/\\\/i0.wp.com\\\/ollantayitzamna.com\\\/wp-content\\\/uploads\\\/2020\\\/09\\\/caricature-5123407_960_720.jpg?fit=720%2C720&ssl=1\",\"width\":720,\"height\":720,\"caption\":\"El silencio. Caricatura. Internet\"},{\"@type\":\"BreadcrumbList\",\"@id\":\"https:\\\/\\\/ollantayitzamna.com\\\/?p=1707#breadcrumb\",\"itemListElement\":[{\"@type\":\"ListItem\",\"position\":1,\"name\":\"Portada\",\"item\":\"https:\\\/\\\/ollantayitzamna.com\\\/\"},{\"@type\":\"ListItem\",\"position\":2,\"name\":\"Bolivia, \u00bfahora, por qu\u00e9 callan tus indianistas, indigenistas, ambientalistas, feministas&#8230;?\"}]},{\"@type\":\"WebSite\",\"@id\":\"https:\\\/\\\/ollantayitzamna.com\\\/#website\",\"url\":\"https:\\\/\\\/ollantayitzamna.com\\\/\",\"name\":\"Ollantay Itzamn\u00e1\",\"description\":\"Susurros del silencio\",\"potentialAction\":[{\"@type\":\"SearchAction\",\"target\":{\"@type\":\"EntryPoint\",\"urlTemplate\":\"https:\\\/\\\/ollantayitzamna.com\\\/?s={search_term_string}\"},\"query-input\":{\"@type\":\"PropertyValueSpecification\",\"valueRequired\":true,\"valueName\":\"search_term_string\"}}],\"inLanguage\":\"es\"},{\"@type\":\"Person\",\"@id\":\"https:\\\/\\\/ollantayitzamna.com\\\/#\\\/schema\\\/person\\\/d7d683451f51a71c7d7c6b4b70437092\",\"name\":\"ollantayitzamna\",\"image\":{\"@type\":\"ImageObject\",\"inLanguage\":\"es\",\"@id\":\"https:\\\/\\\/secure.gravatar.com\\\/avatar\\\/576387c53cc1a5ef704abf20408627fa3cb969d3f33355a576a2b20d65397362?s=96&d=identicon&r=g\",\"url\":\"https:\\\/\\\/secure.gravatar.com\\\/avatar\\\/576387c53cc1a5ef704abf20408627fa3cb969d3f33355a576a2b20d65397362?s=96&d=identicon&r=g\",\"contentUrl\":\"https:\\\/\\\/secure.gravatar.com\\\/avatar\\\/576387c53cc1a5ef704abf20408627fa3cb969d3f33355a576a2b20d65397362?s=96&d=identicon&r=g\",\"caption\":\"ollantayitzamna\"},\"description\":\"Soy Tierra que siente, que llora, que ama, que conspira, que sue\u00f1a. Soy wawa (criatura) de la Pachamama.\",\"sameAs\":[\"http:\\\/\\\/ollantayitzamna.com\"],\"url\":\"https:\\\/\\\/ollantayitzamna.com\\\/?author=95365428\"}]}<\/script>\n<!-- \/ Yoast SEO plugin. -->","yoast_head_json":{"title":"Bolivia, \u00bfahora, por qu\u00e9 callan tus indianistas, indigenistas, ambientalistas, feministas...? - Ollantay Itzamn\u00e1","robots":{"index":"index","follow":"follow","max-snippet":"max-snippet:-1","max-image-preview":"max-image-preview:large","max-video-preview":"max-video-preview:-1"},"canonical":"https:\/\/ollantayitzamna.com\/?p=1707","og_locale":"es_ES","og_type":"article","og_title":"Bolivia, \u00bfahora, por qu\u00e9 callan tus indianistas, indigenistas, ambientalistas, feministas...? - Ollantay Itzamn\u00e1","og_description":"Quiz\u00e1s sea su sentimiento de culpa que los obliga al actual silencio sepulcral. Quiz\u00e1s sea el miedo al bulliyng que les limita opinar sobre su engendro. Qui\u00e9n sabe.","og_url":"https:\/\/ollantayitzamna.com\/?p=1707","og_site_name":"Ollantay Itzamn\u00e1","article_published_time":"2020-09-24T01:29:25+00:00","article_modified_time":"2025-07-04T00:58:52+00:00","og_image":[{"width":720,"height":720,"url":"https:\/\/i0.wp.com\/ollantayitzamna.com\/wp-content\/uploads\/2020\/09\/caricature-5123407_960_720.jpg?fit=720%2C720&ssl=1","type":"image\/jpeg"}],"author":"ollantayitzamna","twitter_card":"summary_large_image","twitter_misc":{"Escrito por":"ollantayitzamna","Tiempo de lectura":"4 minutos"},"schema":{"@context":"https:\/\/schema.org","@graph":[{"@type":"Article","@id":"https:\/\/ollantayitzamna.com\/?p=1707#article","isPartOf":{"@id":"https:\/\/ollantayitzamna.com\/?p=1707"},"author":{"name":"ollantayitzamna","@id":"https:\/\/ollantayitzamna.com\/#\/schema\/person\/d7d683451f51a71c7d7c6b4b70437092"},"headline":"Bolivia, \u00bfahora, por qu\u00e9 callan tus indianistas, indigenistas, ambientalistas, feministas&#8230;?","datePublished":"2020-09-24T01:29:25+00:00","dateModified":"2025-07-04T00:58:52+00:00","mainEntityOfPage":{"@id":"https:\/\/ollantayitzamna.com\/?p=1707"},"wordCount":773,"commentCount":2,"image":{"@id":"https:\/\/ollantayitzamna.com\/?p=1707#primaryimage"},"thumbnailUrl":"https:\/\/i0.wp.com\/ollantayitzamna.com\/wp-content\/uploads\/2020\/09\/caricature-5123407_960_720.jpg?fit=720%2C720&ssl=1","keywords":["ambientalitas","Bolivia","feminismo","Golpe de Estado","indianismo","Indigenismo"],"articleSection":["Comunalidad"],"inLanguage":"es","potentialAction":[{"@type":"CommentAction","name":"Comment","target":["https:\/\/ollantayitzamna.com\/?p=1707#respond"]}]},{"@type":"WebPage","@id":"https:\/\/ollantayitzamna.com\/?p=1707","url":"https:\/\/ollantayitzamna.com\/?p=1707","name":"Bolivia, \u00bfahora, por qu\u00e9 callan tus indianistas, indigenistas, ambientalistas, feministas...? - Ollantay Itzamn\u00e1","isPartOf":{"@id":"https:\/\/ollantayitzamna.com\/#website"},"primaryImageOfPage":{"@id":"https:\/\/ollantayitzamna.com\/?p=1707#primaryimage"},"image":{"@id":"https:\/\/ollantayitzamna.com\/?p=1707#primaryimage"},"thumbnailUrl":"https:\/\/i0.wp.com\/ollantayitzamna.com\/wp-content\/uploads\/2020\/09\/caricature-5123407_960_720.jpg?fit=720%2C720&ssl=1","datePublished":"2020-09-24T01:29:25+00:00","dateModified":"2025-07-04T00:58:52+00:00","author":{"@id":"https:\/\/ollantayitzamna.com\/#\/schema\/person\/d7d683451f51a71c7d7c6b4b70437092"},"breadcrumb":{"@id":"https:\/\/ollantayitzamna.com\/?p=1707#breadcrumb"},"inLanguage":"es","potentialAction":[{"@type":"ReadAction","target":["https:\/\/ollantayitzamna.com\/?p=1707"]}]},{"@type":"ImageObject","inLanguage":"es","@id":"https:\/\/ollantayitzamna.com\/?p=1707#primaryimage","url":"https:\/\/i0.wp.com\/ollantayitzamna.com\/wp-content\/uploads\/2020\/09\/caricature-5123407_960_720.jpg?fit=720%2C720&ssl=1","contentUrl":"https:\/\/i0.wp.com\/ollantayitzamna.com\/wp-content\/uploads\/2020\/09\/caricature-5123407_960_720.jpg?fit=720%2C720&ssl=1","width":720,"height":720,"caption":"El silencio. Caricatura. Internet"},{"@type":"BreadcrumbList","@id":"https:\/\/ollantayitzamna.com\/?p=1707#breadcrumb","itemListElement":[{"@type":"ListItem","position":1,"name":"Portada","item":"https:\/\/ollantayitzamna.com\/"},{"@type":"ListItem","position":2,"name":"Bolivia, \u00bfahora, por qu\u00e9 callan tus indianistas, indigenistas, ambientalistas, feministas&#8230;?"}]},{"@type":"WebSite","@id":"https:\/\/ollantayitzamna.com\/#website","url":"https:\/\/ollantayitzamna.com\/","name":"Ollantay Itzamn\u00e1","description":"Susurros del silencio","potentialAction":[{"@type":"SearchAction","target":{"@type":"EntryPoint","urlTemplate":"https:\/\/ollantayitzamna.com\/?s={search_term_string}"},"query-input":{"@type":"PropertyValueSpecification","valueRequired":true,"valueName":"search_term_string"}}],"inLanguage":"es"},{"@type":"Person","@id":"https:\/\/ollantayitzamna.com\/#\/schema\/person\/d7d683451f51a71c7d7c6b4b70437092","name":"ollantayitzamna","image":{"@type":"ImageObject","inLanguage":"es","@id":"https:\/\/secure.gravatar.com\/avatar\/576387c53cc1a5ef704abf20408627fa3cb969d3f33355a576a2b20d65397362?s=96&d=identicon&r=g","url":"https:\/\/secure.gravatar.com\/avatar\/576387c53cc1a5ef704abf20408627fa3cb969d3f33355a576a2b20d65397362?s=96&d=identicon&r=g","contentUrl":"https:\/\/secure.gravatar.com\/avatar\/576387c53cc1a5ef704abf20408627fa3cb969d3f33355a576a2b20d65397362?s=96&d=identicon&r=g","caption":"ollantayitzamna"},"description":"Soy Tierra que siente, que llora, que ama, que conspira, que sue\u00f1a. Soy wawa (criatura) de la Pachamama.","sameAs":["http:\/\/ollantayitzamna.com"],"url":"https:\/\/ollantayitzamna.com\/?author=95365428"}]}},"jetpack_publicize_connections":[],"jetpack_likes_enabled":true,"jetpack_sharing_enabled":true,"jetpack_featured_media_url":"https:\/\/i0.wp.com\/ollantayitzamna.com\/wp-content\/uploads\/2020\/09\/caricature-5123407_960_720.jpg?fit=720%2C720&ssl=1","_links":{"self":[{"href":"https:\/\/ollantayitzamna.com\/index.php?rest_route=\/wp\/v2\/posts\/1707","targetHints":{"allow":["GET"]}}],"collection":[{"href":"https:\/\/ollantayitzamna.com\/index.php?rest_route=\/wp\/v2\/posts"}],"about":[{"href":"https:\/\/ollantayitzamna.com\/index.php?rest_route=\/wp\/v2\/types\/post"}],"author":[{"embeddable":true,"href":"https:\/\/ollantayitzamna.com\/index.php?rest_route=\/wp\/v2\/users\/95365428"}],"replies":[{"embeddable":true,"href":"https:\/\/ollantayitzamna.com\/index.php?rest_route=%2Fwp%2Fv2%2Fcomments&post=1707"}],"version-history":[{"count":6,"href":"https:\/\/ollantayitzamna.com\/index.php?rest_route=\/wp\/v2\/posts\/1707\/revisions"}],"predecessor-version":[{"id":1717,"href":"https:\/\/ollantayitzamna.com\/index.php?rest_route=\/wp\/v2\/posts\/1707\/revisions\/1717"}],"wp:featuredmedia":[{"embeddable":true,"href":"https:\/\/ollantayitzamna.com\/index.php?rest_route=\/wp\/v2\/media\/1715"}],"wp:attachment":[{"href":"https:\/\/ollantayitzamna.com\/index.php?rest_route=%2Fwp%2Fv2%2Fmedia&parent=1707"}],"wp:term":[{"taxonomy":"category","embeddable":true,"href":"https:\/\/ollantayitzamna.com\/index.php?rest_route=%2Fwp%2Fv2%2Fcategories&post=1707"},{"taxonomy":"post_tag","embeddable":true,"href":"https:\/\/ollantayitzamna.com\/index.php?rest_route=%2Fwp%2Fv2%2Ftags&post=1707"}],"curies":[{"name":"wp","href":"https:\/\/api.w.org\/{rel}","templated":true}]}}