{"id":1812,"date":"2020-11-14T07:27:25","date_gmt":"2020-11-14T13:27:25","guid":{"rendered":"https:\/\/ollantayitzamna.com\/?p=1812"},"modified":"2025-07-04T07:21:19","modified_gmt":"2025-07-04T13:21:19","slug":"peru-entre-golpe-de-estado-y-la-demanda-de-su-13a-asamblea-constituyente","status":"publish","type":"post","link":"https:\/\/ollantayitzamna.com\/?p=1812","title":{"rendered":"Per\u00fa, entre \u201cGolpe de Estado\u201d y la demanda de su 13\u00aa Asamblea Constituyente"},"content":{"rendered":"<figure id=\"attachment_1815\" aria-describedby=\"caption-attachment-1815\" style=\"width: 3000px\" class=\"wp-caption aligncenter\"><img data-recalc-dims=\"1\" fetchpriority=\"high\" decoding=\"async\" data-attachment-id=\"1815\" data-permalink=\"https:\/\/ollantayitzamna.com\/?attachment_id=1815\" data-orig-file=\"https:\/\/i0.wp.com\/ollantayitzamna.com\/wp-content\/uploads\/2020\/11\/20180926-FTCCP-en-JNL-Asamblea-Constituyente-Que-se-vayan-todos-web-1.jpg?fit=3000%2C1893&amp;ssl=1\" data-orig-size=\"3000,1893\" data-comments-opened=\"1\" data-image-meta=\"{&quot;aperture&quot;:&quot;3.5&quot;,&quot;credit&quot;:&quot;&quot;,&quot;camera&quot;:&quot;NIKON D3200&quot;,&quot;caption&quot;:&quot;&quot;,&quot;created_timestamp&quot;:&quot;1537987590&quot;,&quot;copyright&quot;:&quot;&quot;,&quot;focal_length&quot;:&quot;10&quot;,&quot;iso&quot;:&quot;640&quot;,&quot;shutter_speed&quot;:&quot;0.016666666666667&quot;,&quot;title&quot;:&quot;&quot;,&quot;orientation&quot;:&quot;1&quot;}\" data-image-title=\"20180926-FTCCP-en-JNL-Asamblea-Constituyente&amp;#8212;Que-se-vayan-todos-web (1)\" data-image-description=\"\" data-image-caption=\"&lt;p&gt;Trabajadores exigen proceso constituyente. Internet&lt;\/p&gt;\n\" data-large-file=\"https:\/\/i0.wp.com\/ollantayitzamna.com\/wp-content\/uploads\/2020\/11\/20180926-FTCCP-en-JNL-Asamblea-Constituyente-Que-se-vayan-todos-web-1.jpg?fit=800%2C505&amp;ssl=1\" class=\"size-full wp-image-1815\" src=\"https:\/\/i0.wp.com\/ollantayitzamna.com\/wp-content\/uploads\/2020\/11\/20180926-FTCCP-en-JNL-Asamblea-Constituyente-Que-se-vayan-todos-web-1.jpg?resize=800%2C505&#038;ssl=1\" alt=\"\" width=\"800\" height=\"505\" srcset=\"https:\/\/i0.wp.com\/ollantayitzamna.com\/wp-content\/uploads\/2020\/11\/20180926-FTCCP-en-JNL-Asamblea-Constituyente-Que-se-vayan-todos-web-1.jpg?w=3000&amp;ssl=1 3000w, https:\/\/i0.wp.com\/ollantayitzamna.com\/wp-content\/uploads\/2020\/11\/20180926-FTCCP-en-JNL-Asamblea-Constituyente-Que-se-vayan-todos-web-1.jpg?resize=300%2C189&amp;ssl=1 300w, https:\/\/i0.wp.com\/ollantayitzamna.com\/wp-content\/uploads\/2020\/11\/20180926-FTCCP-en-JNL-Asamblea-Constituyente-Que-se-vayan-todos-web-1.jpg?resize=1024%2C646&amp;ssl=1 1024w, https:\/\/i0.wp.com\/ollantayitzamna.com\/wp-content\/uploads\/2020\/11\/20180926-FTCCP-en-JNL-Asamblea-Constituyente-Que-se-vayan-todos-web-1.jpg?resize=150%2C95&amp;ssl=1 150w, https:\/\/i0.wp.com\/ollantayitzamna.com\/wp-content\/uploads\/2020\/11\/20180926-FTCCP-en-JNL-Asamblea-Constituyente-Que-se-vayan-todos-web-1.jpg?resize=768%2C485&amp;ssl=1 768w, https:\/\/i0.wp.com\/ollantayitzamna.com\/wp-content\/uploads\/2020\/11\/20180926-FTCCP-en-JNL-Asamblea-Constituyente-Que-se-vayan-todos-web-1.jpg?resize=1536%2C969&amp;ssl=1 1536w, https:\/\/i0.wp.com\/ollantayitzamna.com\/wp-content\/uploads\/2020\/11\/20180926-FTCCP-en-JNL-Asamblea-Constituyente-Que-se-vayan-todos-web-1.jpg?resize=2048%2C1292&amp;ssl=1 2048w, https:\/\/i0.wp.com\/ollantayitzamna.com\/wp-content\/uploads\/2020\/11\/20180926-FTCCP-en-JNL-Asamblea-Constituyente-Que-se-vayan-todos-web-1.jpg?resize=1200%2C757&amp;ssl=1 1200w, https:\/\/i0.wp.com\/ollantayitzamna.com\/wp-content\/uploads\/2020\/11\/20180926-FTCCP-en-JNL-Asamblea-Constituyente-Que-se-vayan-todos-web-1.jpg?resize=900%2C568&amp;ssl=1 900w, https:\/\/i0.wp.com\/ollantayitzamna.com\/wp-content\/uploads\/2020\/11\/20180926-FTCCP-en-JNL-Asamblea-Constituyente-Que-se-vayan-todos-web-1.jpg?resize=1280%2C808&amp;ssl=1 1280w, https:\/\/i0.wp.com\/ollantayitzamna.com\/wp-content\/uploads\/2020\/11\/20180926-FTCCP-en-JNL-Asamblea-Constituyente-Que-se-vayan-todos-web-1.jpg?w=1600&amp;ssl=1 1600w, https:\/\/i0.wp.com\/ollantayitzamna.com\/wp-content\/uploads\/2020\/11\/20180926-FTCCP-en-JNL-Asamblea-Constituyente-Que-se-vayan-todos-web-1.jpg?w=2400&amp;ssl=1 2400w\" sizes=\"(max-width: 800px) 100vw, 800px\" \/><figcaption id=\"caption-attachment-1815\" class=\"wp-caption-text\">Trabajadores exigen proceso constituyente. Internet<\/figcaption><\/figure>\n<h4 style=\"text-align: center;\"><span style=\"color: #ff0000;\">El Per\u00fa oficial, en sus dos siglos de Rep\u00fablica, tuvo 12 asambleas constituyentes, que a su vez, redactaron\/aprobaron 12 constituciones pol\u00edticas. La primera, en 1823. La \u00faltima, en 1993. La m\u00e1s longeva, fue la de 1933. Ninguna de estas constituciones pol\u00edticas llevaba, ni lleva, las improntas de los sectores mayoritarios del pa\u00eds.<\/span><\/h4>\n<p><!--more--><\/p>\n<p>Per\u00fa es uno de los pa\u00edses de Abya Yala donde el sistema neoliberal, luego de la \u201cderrota\u201d de los grupos guerrilleros (Sendero Luminoso y Movimiento Revolucionario T\u00fapac Amaru), a inicios de la d\u00e9cada de los 90 del pasado siglo, se impon\u00eda sin mayor resistencia, ni conflictividad social.<\/p>\n<p>En los \u00faltimos 30 a\u00f1os, el debilitamiento del Estado criollo se dio en proporci\u00f3n diametral a la \u201canulaci\u00f3n\u201d de los procesos de articulaci\u00f3n social de los sectores populares del pa\u00eds. No s\u00f3lo perdi\u00f3 fuerza el Estado, sino tambi\u00e9n los sectores populares (muy a pesar de contar con una envidiable acumulaci\u00f3n hist\u00f3rica de luchas desde la \u00e9poca de la Colonia espa\u00f1ola) no logran constituirse en actores sociopol\u00edticos con horizonte nacional.<\/p>\n<p>Lo ocurrido el pasado 9 de noviembre, donde el Congreso de la Rep\u00fablica, basado en disposiciones constitucionales, destituy\u00f3 al entonces Presidente del Per\u00fa, Mart\u00edn Vizcarra (tambi\u00e9n denunciado por actos de corrupci\u00f3n), para que el \u201cdesconocido\u201d Manuel Merino (hasta entonces Presidente del Congreso) juramentase como nuevo Presidente, y la simult\u00e1nea reacci\u00f3n popular de repudio en las calles, expresan inc\u00f3modas verdades profundas que van m\u00e1s all\u00e1 del end\u00e9mico mal de la corrupci\u00f3n que carcome a la institucionalidad p\u00fablica.<\/p>\n<p>Los congresistas que destituyeron a Vizcarra, aplicando lo establecido en la Constituci\u00f3n Pol\u00edtica, fueron recientemente electos, en buena medida, por la ciudadan\u00eda que ahora rechaza dicha acci\u00f3n y repudia a Merino, a los congresistas y a partidos pol\u00edticos. Esto indica que el sistema de la \u201crepresentaci\u00f3n pol\u00edtica\u201d est\u00e1 agotado en el Per\u00fa. En consecuencia, la \u201cdemocracia peruana\u201d necesita ser democratizada mediante nuevos mecanismos de participaci\u00f3n que no privilegien necesariamente a los partidos pol\u00edticos.<\/p>\n<p>El hecho que todos los ex gobernantes peruanos, desde inicios de la d\u00e9cada de los 90 del pasado siglo, est\u00e9n encarcelados, procesados penalmente, o se hayan suicidado para evitar la c\u00e1rcel (como Alan Garc\u00eda), es un indicativo que lo que el Per\u00fa vive actualmente no es una crisis pol\u00edtica, sino una crisis de Estado. El debilitado Estado criollo, aparte de no velar por los intereses de todos los y las peruanas, funciona como un ap\u00e9ndice patrimonial de la oligarqu\u00eda peruana.<\/p>\n<h5><strong>Es insuficiente una nueva elecci\u00f3n de gobernantes. Urge un nuevo ordenamiento constitucional<\/strong><\/h5>\n<figure id=\"attachment_1816\" aria-describedby=\"caption-attachment-1816\" style=\"width: 960px\" class=\"wp-caption aligncenter\"><img data-recalc-dims=\"1\" decoding=\"async\" data-attachment-id=\"1816\" data-permalink=\"https:\/\/ollantayitzamna.com\/?attachment_id=1816\" data-orig-file=\"https:\/\/i0.wp.com\/ollantayitzamna.com\/wp-content\/uploads\/2020\/11\/WhatsApp-Image-2020-11-14-at-1.16.32-AM.jpeg?fit=960%2C640&amp;ssl=1\" data-orig-size=\"960,640\" data-comments-opened=\"1\" data-image-meta=\"{&quot;aperture&quot;:&quot;0&quot;,&quot;credit&quot;:&quot;&quot;,&quot;camera&quot;:&quot;&quot;,&quot;caption&quot;:&quot;&quot;,&quot;created_timestamp&quot;:&quot;0&quot;,&quot;copyright&quot;:&quot;&quot;,&quot;focal_length&quot;:&quot;0&quot;,&quot;iso&quot;:&quot;0&quot;,&quot;shutter_speed&quot;:&quot;0&quot;,&quot;title&quot;:&quot;&quot;,&quot;orientation&quot;:&quot;0&quot;}\" data-image-title=\"WhatsApp Image 2020-11-14 at 1.16.32 AM\" data-image-description=\"\" data-image-caption=\"&lt;p&gt;Ciudadan\u00eda exige nueva Constituci\u00f3n Pol\u00edtica.Internet&lt;\/p&gt;\n\" data-large-file=\"https:\/\/i0.wp.com\/ollantayitzamna.com\/wp-content\/uploads\/2020\/11\/WhatsApp-Image-2020-11-14-at-1.16.32-AM.jpeg?fit=800%2C533&amp;ssl=1\" class=\"size-full wp-image-1816\" src=\"https:\/\/i0.wp.com\/ollantayitzamna.com\/wp-content\/uploads\/2020\/11\/WhatsApp-Image-2020-11-14-at-1.16.32-AM.jpeg?resize=800%2C533&#038;ssl=1\" alt=\"\" width=\"800\" height=\"533\" srcset=\"https:\/\/i0.wp.com\/ollantayitzamna.com\/wp-content\/uploads\/2020\/11\/WhatsApp-Image-2020-11-14-at-1.16.32-AM.jpeg?w=960&amp;ssl=1 960w, https:\/\/i0.wp.com\/ollantayitzamna.com\/wp-content\/uploads\/2020\/11\/WhatsApp-Image-2020-11-14-at-1.16.32-AM.jpeg?resize=300%2C200&amp;ssl=1 300w, https:\/\/i0.wp.com\/ollantayitzamna.com\/wp-content\/uploads\/2020\/11\/WhatsApp-Image-2020-11-14-at-1.16.32-AM.jpeg?resize=150%2C100&amp;ssl=1 150w, https:\/\/i0.wp.com\/ollantayitzamna.com\/wp-content\/uploads\/2020\/11\/WhatsApp-Image-2020-11-14-at-1.16.32-AM.jpeg?resize=768%2C512&amp;ssl=1 768w, https:\/\/i0.wp.com\/ollantayitzamna.com\/wp-content\/uploads\/2020\/11\/WhatsApp-Image-2020-11-14-at-1.16.32-AM.jpeg?resize=900%2C600&amp;ssl=1 900w\" sizes=\"(max-width: 800px) 100vw, 800px\" \/><figcaption id=\"caption-attachment-1816\" class=\"wp-caption-text\">Ciudadan\u00eda exige nueva Constituci\u00f3n Pol\u00edtica.Internet<\/figcaption><\/figure>\n<p>Una crisis estatal no se resuelve con un proceso electoral. Los pueblos y sectores del Per\u00fa, para saldar los hist\u00f3ricos problemas irresueltos, necesitan propiciar un nuevo consenso sociopol\u00edtico, amplio y plural, para crear un nuevo Estado que exprese la voluntad y las aspiraciones de todos y todas.<\/p>\n<p>El actual Estado naci\u00f3n criollo, aparte de ser tremendamente excluyente con las grandes mayor\u00edas sociales, expresa, en buena medida, los intereses\/caprichos de la \u00e9lite olig\u00e1rquica, incapaz de articular\/implementar un proyecto de naci\u00f3n en dos siglos de Rep\u00fablica.<\/p>\n<p>El Per\u00fa oficial, en sus dos siglos de Rep\u00fablica, tuvo 12 asambleas constituyentes, que a su vez, redactaron\/aprobaron 12 constituciones pol\u00edticas. La primera, en 1823. La \u00faltima, en 1993. La m\u00e1s longeva, fue la de 1933. Ninguna de estas constituciones pol\u00edticas llevaba, ni lleva, las improntas de los sectores mayoritarios del pa\u00eds. Estuvieron algunos constituyentes con apellidos ind\u00edgenas, pero pol\u00edticamente obedec\u00edan a los intereses patronales.<\/p>\n<p>La nueva Constituci\u00f3n Pol\u00edtica del Per\u00fa debe ser consensuada y redactada por una Asamblea Constituyente que represente a todos los pueblos y sectores del pa\u00eds. En dicho proceso deber\u00e1 participar decisivamente el mayor porcentaje posible de la poblaci\u00f3n, tanto en el debate de los contenidos de la nueva Constituci\u00f3n Pol\u00edtica, como en la aprobaci\u00f3n del texto constitucional por voto popular.<\/p>\n<p>El asunto no es \u00fanicamente contar con una nueva Constituci\u00f3n Pol\u00edtica, sino hacer que todos los pueblos y sectores, todas y todos, participen en el proceso constituyente. De tal forma que dicho proceso se constituya en un espacio significativo para el inicio de la construcci\u00f3n de la comunidad pol\u00edtica o naci\u00f3n plurinacional del nuevo Per\u00fa (o el nombre que lleve el pa\u00eds).<\/p>\n<h5><strong>\u00bfQu\u00e9 modificar o incorporar en la nueva Constituci\u00f3n Pol\u00edtica?<\/strong><\/h5>\n<p>Entre las aspiraciones populares que se oyen o leen entre l\u00edneas para los contenidos de la nueva Constituci\u00f3n Pol\u00edtica, en especial desde los pueblos y sectores del \u201cPer\u00fa profundo\u201d, est\u00e1n:<\/p>\n<p>En lo pol\u00edtico. Establecer una democracia plural, incluyendo democracia participativa, comunitaria, representativa, que promueva una ciudadan\u00eda m\u00e1s all\u00e1 del ritual voto obligatorio para seleccionar gobernantes \u201cimpunes\u201d.<\/p>\n<p>La potestad de destituir gobernantes electos debe ser potestad privativa de la ciudadan\u00eda. Ello significa que la nueva Constituci\u00f3n Pol\u00edtica debe establecer la revocatoria de mandato para todas las autoridades electas. Se debe suprimir el privilegio de la inmunidad para gobernantes y representantes electos. Se debe poner l\u00edmites a la voracidad inmoral del empresariado transnacional.<\/p>\n<p>En lo econ\u00f3mico. Recuperaci\u00f3n de los bienes y servicios privatizados, la inclusi\u00f3n de actores econ\u00f3micos populares junto a las empresas privadas. El Estado debe dejar de ser simple \u201cpolic\u00eda\u201d que vela por los intereses de los privados, y convertirse en el actor central de la econom\u00eda.<\/p>\n<p>Relativo a los derechos. Muchos derechos colectivos e individuales est\u00e1n ausentes en la Constituci\u00f3n Pol\u00edtica actual. Ejemplo, el derecho a la autodeterminaci\u00f3n de los pueblos ind\u00edgenas, derecho al consentimiento previo, derecho a tierra y territorio&#8230; deben formar parte de los contenidos constitucionales. Derecho del acceso a la tierra, el acceso al agua y saneamiento tienen que ser incorporados en la nueva Constituci\u00f3n.<\/p>\n<p>La concepci\u00f3n de la soberan\u00eda, la seguridad, las relaciones internacionales\u2026, en la Constituci\u00f3n Pol\u00edtica actual, son obsoletas para esta era del internet.<\/p>\n<p>Es evidente que la soluci\u00f3n a la crisis sist\u00e9mica estatal que vive el Per\u00fa, no se resolver\u00e1 con las elecciones pr\u00f3ximas del mes de abril. En dichas elecciones se podr\u00e1 optar por un o una gobernante que posibilite jur\u00eddicamente el proceso de una Asamblea Constituyente Plural, pero la realizaci\u00f3n verdaderamente participativa de dicho proceso constituyente depende del involucramiento responsable de todas las y los peruanos, en las diferentes fases del proceso constituyente.<\/p>\n","protected":false},"excerpt":{"rendered":"<p>El Per\u00fa oficial, en sus dos siglos de Rep\u00fablica, tuvo 12 asambleas constituyentes, que a su vez, redactaron\/aprobaron 12 constituciones pol\u00edticas. La primera, en 1823. La \u00faltima, en 1993. La m\u00e1s longeva, fue la de 1933. Ninguna de estas constituciones pol\u00edticas llevaba, ni lleva, las improntas de los sectores mayoritarios del pa\u00eds.<\/p>\n","protected":false},"author":95365428,"featured_media":1815,"comment_status":"open","ping_status":"open","sticky":false,"template":"","format":"standard","meta":{"_coblocks_attr":"","_coblocks_dimensions":"","_coblocks_responsive_height":"","_coblocks_accordion_ie_support":"","_crdt_document":"","_jetpack_newsletter_access":"","_jetpack_dont_email_post_to_subs":false,"_jetpack_newsletter_tier_id":0,"_jetpack_memberships_contains_paywalled_content":false,"_jetpack_memberships_contains_paid_content":false,"footnotes":"","jetpack_publicize_message":"","jetpack_publicize_feature_enabled":true,"jetpack_social_post_already_shared":true,"jetpack_social_options":{"image_generator_settings":{"template":"highway","default_image_id":0,"font":"","enabled":false},"version":2},"_wpas_customize_per_network":false,"jetpack_post_was_ever_published":false},"categories":[696796406],"tags":[696795900,696795899,696795872,36547,696795901],"class_list":["post-1812","post","type-post","status-publish","format-standard","has-post-thumbnail","hentry","category-comunalidad","tag-asamblea-constituyente","tag-estado-criollo","tag-golpe-de-estado","tag-peru","tag-pueblos-indigenas-y-campesinos"],"yoast_head":"<!-- This site is optimized with the Yoast SEO plugin v27.4 - https:\/\/yoast.com\/product\/yoast-seo-wordpress\/ -->\n<title>Per\u00fa, entre \u201cGolpe de Estado\u201d y la demanda de su 13\u00aa Asamblea Constituyente - Ollantay Itzamn\u00e1<\/title>\n<meta name=\"robots\" content=\"index, follow, max-snippet:-1, max-image-preview:large, max-video-preview:-1\" \/>\n<link rel=\"canonical\" href=\"https:\/\/ollantayitzamna.com\/?p=1812\" \/>\n<meta property=\"og:locale\" content=\"es_ES\" \/>\n<meta property=\"og:type\" content=\"article\" \/>\n<meta property=\"og:title\" content=\"Per\u00fa, entre \u201cGolpe de Estado\u201d y la demanda de su 13\u00aa Asamblea Constituyente - Ollantay Itzamn\u00e1\" \/>\n<meta property=\"og:description\" content=\"El Per\u00fa oficial, en sus dos siglos de Rep\u00fablica, tuvo 12 asambleas constituyentes, que a su vez, redactaron\/aprobaron 12 constituciones pol\u00edticas. La primera, en 1823. La \u00faltima, en 1993. La m\u00e1s longeva, fue la de 1933. Ninguna de estas constituciones pol\u00edticas llevaba, ni lleva, las improntas de los sectores mayoritarios del pa\u00eds.\" \/>\n<meta property=\"og:url\" content=\"https:\/\/ollantayitzamna.com\/?p=1812\" \/>\n<meta property=\"og:site_name\" content=\"Ollantay Itzamn\u00e1\" \/>\n<meta property=\"article:published_time\" content=\"2020-11-14T13:27:25+00:00\" \/>\n<meta property=\"article:modified_time\" content=\"2025-07-04T13:21:19+00:00\" \/>\n<meta property=\"og:image\" content=\"https:\/\/i0.wp.com\/ollantayitzamna.com\/wp-content\/uploads\/2020\/11\/20180926-FTCCP-en-JNL-Asamblea-Constituyente-Que-se-vayan-todos-web-1.jpg?fit=3000%2C1893&ssl=1\" \/>\n\t<meta property=\"og:image:width\" content=\"3000\" \/>\n\t<meta property=\"og:image:height\" content=\"1893\" \/>\n\t<meta property=\"og:image:type\" content=\"image\/jpeg\" \/>\n<meta name=\"author\" content=\"ollantayitzamna\" \/>\n<meta name=\"twitter:card\" content=\"summary_large_image\" \/>\n<meta name=\"twitter:label1\" content=\"Escrito por\" \/>\n\t<meta name=\"twitter:data1\" content=\"ollantayitzamna\" \/>\n\t<meta name=\"twitter:label2\" content=\"Tiempo de lectura\" \/>\n\t<meta name=\"twitter:data2\" content=\"6 minutos\" \/>\n<script type=\"application\/ld+json\" class=\"yoast-schema-graph\">{\"@context\":\"https:\\\/\\\/schema.org\",\"@graph\":[{\"@type\":\"Article\",\"@id\":\"https:\\\/\\\/ollantayitzamna.com\\\/?p=1812#article\",\"isPartOf\":{\"@id\":\"https:\\\/\\\/ollantayitzamna.com\\\/?p=1812\"},\"author\":{\"name\":\"ollantayitzamna\",\"@id\":\"https:\\\/\\\/ollantayitzamna.com\\\/#\\\/schema\\\/person\\\/d7d683451f51a71c7d7c6b4b70437092\"},\"headline\":\"Per\u00fa, entre \u201cGolpe de Estado\u201d y la demanda de su 13\u00aa Asamblea Constituyente\",\"datePublished\":\"2020-11-14T13:27:25+00:00\",\"dateModified\":\"2025-07-04T13:21:19+00:00\",\"mainEntityOfPage\":{\"@id\":\"https:\\\/\\\/ollantayitzamna.com\\\/?p=1812\"},\"wordCount\":1142,\"commentCount\":0,\"image\":{\"@id\":\"https:\\\/\\\/ollantayitzamna.com\\\/?p=1812#primaryimage\"},\"thumbnailUrl\":\"https:\\\/\\\/i0.wp.com\\\/ollantayitzamna.com\\\/wp-content\\\/uploads\\\/2020\\\/11\\\/20180926-FTCCP-en-JNL-Asamblea-Constituyente-Que-se-vayan-todos-web-1.jpg?fit=3000%2C1893&ssl=1\",\"keywords\":[\"Asamblea Constituyente\",\"Estado criollo\",\"Golpe de Estado\",\"Per\u00fa\",\"pueblos indigenas y campesinos\"],\"articleSection\":[\"Comunalidad\"],\"inLanguage\":\"es\",\"potentialAction\":[{\"@type\":\"CommentAction\",\"name\":\"Comment\",\"target\":[\"https:\\\/\\\/ollantayitzamna.com\\\/?p=1812#respond\"]}]},{\"@type\":\"WebPage\",\"@id\":\"https:\\\/\\\/ollantayitzamna.com\\\/?p=1812\",\"url\":\"https:\\\/\\\/ollantayitzamna.com\\\/?p=1812\",\"name\":\"Per\u00fa, entre \u201cGolpe de Estado\u201d y la demanda de su 13\u00aa Asamblea Constituyente - Ollantay Itzamn\u00e1\",\"isPartOf\":{\"@id\":\"https:\\\/\\\/ollantayitzamna.com\\\/#website\"},\"primaryImageOfPage\":{\"@id\":\"https:\\\/\\\/ollantayitzamna.com\\\/?p=1812#primaryimage\"},\"image\":{\"@id\":\"https:\\\/\\\/ollantayitzamna.com\\\/?p=1812#primaryimage\"},\"thumbnailUrl\":\"https:\\\/\\\/i0.wp.com\\\/ollantayitzamna.com\\\/wp-content\\\/uploads\\\/2020\\\/11\\\/20180926-FTCCP-en-JNL-Asamblea-Constituyente-Que-se-vayan-todos-web-1.jpg?fit=3000%2C1893&ssl=1\",\"datePublished\":\"2020-11-14T13:27:25+00:00\",\"dateModified\":\"2025-07-04T13:21:19+00:00\",\"author\":{\"@id\":\"https:\\\/\\\/ollantayitzamna.com\\\/#\\\/schema\\\/person\\\/d7d683451f51a71c7d7c6b4b70437092\"},\"breadcrumb\":{\"@id\":\"https:\\\/\\\/ollantayitzamna.com\\\/?p=1812#breadcrumb\"},\"inLanguage\":\"es\",\"potentialAction\":[{\"@type\":\"ReadAction\",\"target\":[\"https:\\\/\\\/ollantayitzamna.com\\\/?p=1812\"]}]},{\"@type\":\"ImageObject\",\"inLanguage\":\"es\",\"@id\":\"https:\\\/\\\/ollantayitzamna.com\\\/?p=1812#primaryimage\",\"url\":\"https:\\\/\\\/i0.wp.com\\\/ollantayitzamna.com\\\/wp-content\\\/uploads\\\/2020\\\/11\\\/20180926-FTCCP-en-JNL-Asamblea-Constituyente-Que-se-vayan-todos-web-1.jpg?fit=3000%2C1893&ssl=1\",\"contentUrl\":\"https:\\\/\\\/i0.wp.com\\\/ollantayitzamna.com\\\/wp-content\\\/uploads\\\/2020\\\/11\\\/20180926-FTCCP-en-JNL-Asamblea-Constituyente-Que-se-vayan-todos-web-1.jpg?fit=3000%2C1893&ssl=1\",\"width\":3000,\"height\":1893,\"caption\":\"Trabajadores exigen proceso constituyente. Internet\"},{\"@type\":\"BreadcrumbList\",\"@id\":\"https:\\\/\\\/ollantayitzamna.com\\\/?p=1812#breadcrumb\",\"itemListElement\":[{\"@type\":\"ListItem\",\"position\":1,\"name\":\"Portada\",\"item\":\"https:\\\/\\\/ollantayitzamna.com\\\/\"},{\"@type\":\"ListItem\",\"position\":2,\"name\":\"Per\u00fa, entre \u201cGolpe de Estado\u201d y la demanda de su 13\u00aa Asamblea Constituyente\"}]},{\"@type\":\"WebSite\",\"@id\":\"https:\\\/\\\/ollantayitzamna.com\\\/#website\",\"url\":\"https:\\\/\\\/ollantayitzamna.com\\\/\",\"name\":\"Ollantay Itzamn\u00e1\",\"description\":\"Susurros del silencio\",\"potentialAction\":[{\"@type\":\"SearchAction\",\"target\":{\"@type\":\"EntryPoint\",\"urlTemplate\":\"https:\\\/\\\/ollantayitzamna.com\\\/?s={search_term_string}\"},\"query-input\":{\"@type\":\"PropertyValueSpecification\",\"valueRequired\":true,\"valueName\":\"search_term_string\"}}],\"inLanguage\":\"es\"},{\"@type\":\"Person\",\"@id\":\"https:\\\/\\\/ollantayitzamna.com\\\/#\\\/schema\\\/person\\\/d7d683451f51a71c7d7c6b4b70437092\",\"name\":\"ollantayitzamna\",\"image\":{\"@type\":\"ImageObject\",\"inLanguage\":\"es\",\"@id\":\"https:\\\/\\\/secure.gravatar.com\\\/avatar\\\/576387c53cc1a5ef704abf20408627fa3cb969d3f33355a576a2b20d65397362?s=96&d=identicon&r=g\",\"url\":\"https:\\\/\\\/secure.gravatar.com\\\/avatar\\\/576387c53cc1a5ef704abf20408627fa3cb969d3f33355a576a2b20d65397362?s=96&d=identicon&r=g\",\"contentUrl\":\"https:\\\/\\\/secure.gravatar.com\\\/avatar\\\/576387c53cc1a5ef704abf20408627fa3cb969d3f33355a576a2b20d65397362?s=96&d=identicon&r=g\",\"caption\":\"ollantayitzamna\"},\"description\":\"Soy Tierra que siente, que llora, que ama, que conspira, que sue\u00f1a. Soy wawa (criatura) de la Pachamama.\",\"sameAs\":[\"http:\\\/\\\/ollantayitzamna.com\"],\"url\":\"https:\\\/\\\/ollantayitzamna.com\\\/?author=95365428\"}]}<\/script>\n<!-- \/ Yoast SEO plugin. -->","yoast_head_json":{"title":"Per\u00fa, entre \u201cGolpe de Estado\u201d y la demanda de su 13\u00aa Asamblea Constituyente - Ollantay Itzamn\u00e1","robots":{"index":"index","follow":"follow","max-snippet":"max-snippet:-1","max-image-preview":"max-image-preview:large","max-video-preview":"max-video-preview:-1"},"canonical":"https:\/\/ollantayitzamna.com\/?p=1812","og_locale":"es_ES","og_type":"article","og_title":"Per\u00fa, entre \u201cGolpe de Estado\u201d y la demanda de su 13\u00aa Asamblea Constituyente - Ollantay Itzamn\u00e1","og_description":"El Per\u00fa oficial, en sus dos siglos de Rep\u00fablica, tuvo 12 asambleas constituyentes, que a su vez, redactaron\/aprobaron 12 constituciones pol\u00edticas. La primera, en 1823. La \u00faltima, en 1993. La m\u00e1s longeva, fue la de 1933. Ninguna de estas constituciones pol\u00edticas llevaba, ni lleva, las improntas de los sectores mayoritarios del pa\u00eds.","og_url":"https:\/\/ollantayitzamna.com\/?p=1812","og_site_name":"Ollantay Itzamn\u00e1","article_published_time":"2020-11-14T13:27:25+00:00","article_modified_time":"2025-07-04T13:21:19+00:00","og_image":[{"width":3000,"height":1893,"url":"https:\/\/i0.wp.com\/ollantayitzamna.com\/wp-content\/uploads\/2020\/11\/20180926-FTCCP-en-JNL-Asamblea-Constituyente-Que-se-vayan-todos-web-1.jpg?fit=3000%2C1893&ssl=1","type":"image\/jpeg"}],"author":"ollantayitzamna","twitter_card":"summary_large_image","twitter_misc":{"Escrito por":"ollantayitzamna","Tiempo de lectura":"6 minutos"},"schema":{"@context":"https:\/\/schema.org","@graph":[{"@type":"Article","@id":"https:\/\/ollantayitzamna.com\/?p=1812#article","isPartOf":{"@id":"https:\/\/ollantayitzamna.com\/?p=1812"},"author":{"name":"ollantayitzamna","@id":"https:\/\/ollantayitzamna.com\/#\/schema\/person\/d7d683451f51a71c7d7c6b4b70437092"},"headline":"Per\u00fa, entre \u201cGolpe de Estado\u201d y la demanda de su 13\u00aa Asamblea Constituyente","datePublished":"2020-11-14T13:27:25+00:00","dateModified":"2025-07-04T13:21:19+00:00","mainEntityOfPage":{"@id":"https:\/\/ollantayitzamna.com\/?p=1812"},"wordCount":1142,"commentCount":0,"image":{"@id":"https:\/\/ollantayitzamna.com\/?p=1812#primaryimage"},"thumbnailUrl":"https:\/\/i0.wp.com\/ollantayitzamna.com\/wp-content\/uploads\/2020\/11\/20180926-FTCCP-en-JNL-Asamblea-Constituyente-Que-se-vayan-todos-web-1.jpg?fit=3000%2C1893&ssl=1","keywords":["Asamblea Constituyente","Estado criollo","Golpe de Estado","Per\u00fa","pueblos indigenas y campesinos"],"articleSection":["Comunalidad"],"inLanguage":"es","potentialAction":[{"@type":"CommentAction","name":"Comment","target":["https:\/\/ollantayitzamna.com\/?p=1812#respond"]}]},{"@type":"WebPage","@id":"https:\/\/ollantayitzamna.com\/?p=1812","url":"https:\/\/ollantayitzamna.com\/?p=1812","name":"Per\u00fa, entre \u201cGolpe de Estado\u201d y la demanda de su 13\u00aa Asamblea Constituyente - Ollantay Itzamn\u00e1","isPartOf":{"@id":"https:\/\/ollantayitzamna.com\/#website"},"primaryImageOfPage":{"@id":"https:\/\/ollantayitzamna.com\/?p=1812#primaryimage"},"image":{"@id":"https:\/\/ollantayitzamna.com\/?p=1812#primaryimage"},"thumbnailUrl":"https:\/\/i0.wp.com\/ollantayitzamna.com\/wp-content\/uploads\/2020\/11\/20180926-FTCCP-en-JNL-Asamblea-Constituyente-Que-se-vayan-todos-web-1.jpg?fit=3000%2C1893&ssl=1","datePublished":"2020-11-14T13:27:25+00:00","dateModified":"2025-07-04T13:21:19+00:00","author":{"@id":"https:\/\/ollantayitzamna.com\/#\/schema\/person\/d7d683451f51a71c7d7c6b4b70437092"},"breadcrumb":{"@id":"https:\/\/ollantayitzamna.com\/?p=1812#breadcrumb"},"inLanguage":"es","potentialAction":[{"@type":"ReadAction","target":["https:\/\/ollantayitzamna.com\/?p=1812"]}]},{"@type":"ImageObject","inLanguage":"es","@id":"https:\/\/ollantayitzamna.com\/?p=1812#primaryimage","url":"https:\/\/i0.wp.com\/ollantayitzamna.com\/wp-content\/uploads\/2020\/11\/20180926-FTCCP-en-JNL-Asamblea-Constituyente-Que-se-vayan-todos-web-1.jpg?fit=3000%2C1893&ssl=1","contentUrl":"https:\/\/i0.wp.com\/ollantayitzamna.com\/wp-content\/uploads\/2020\/11\/20180926-FTCCP-en-JNL-Asamblea-Constituyente-Que-se-vayan-todos-web-1.jpg?fit=3000%2C1893&ssl=1","width":3000,"height":1893,"caption":"Trabajadores exigen proceso constituyente. Internet"},{"@type":"BreadcrumbList","@id":"https:\/\/ollantayitzamna.com\/?p=1812#breadcrumb","itemListElement":[{"@type":"ListItem","position":1,"name":"Portada","item":"https:\/\/ollantayitzamna.com\/"},{"@type":"ListItem","position":2,"name":"Per\u00fa, entre \u201cGolpe de Estado\u201d y la demanda de su 13\u00aa Asamblea Constituyente"}]},{"@type":"WebSite","@id":"https:\/\/ollantayitzamna.com\/#website","url":"https:\/\/ollantayitzamna.com\/","name":"Ollantay Itzamn\u00e1","description":"Susurros del silencio","potentialAction":[{"@type":"SearchAction","target":{"@type":"EntryPoint","urlTemplate":"https:\/\/ollantayitzamna.com\/?s={search_term_string}"},"query-input":{"@type":"PropertyValueSpecification","valueRequired":true,"valueName":"search_term_string"}}],"inLanguage":"es"},{"@type":"Person","@id":"https:\/\/ollantayitzamna.com\/#\/schema\/person\/d7d683451f51a71c7d7c6b4b70437092","name":"ollantayitzamna","image":{"@type":"ImageObject","inLanguage":"es","@id":"https:\/\/secure.gravatar.com\/avatar\/576387c53cc1a5ef704abf20408627fa3cb969d3f33355a576a2b20d65397362?s=96&d=identicon&r=g","url":"https:\/\/secure.gravatar.com\/avatar\/576387c53cc1a5ef704abf20408627fa3cb969d3f33355a576a2b20d65397362?s=96&d=identicon&r=g","contentUrl":"https:\/\/secure.gravatar.com\/avatar\/576387c53cc1a5ef704abf20408627fa3cb969d3f33355a576a2b20d65397362?s=96&d=identicon&r=g","caption":"ollantayitzamna"},"description":"Soy Tierra que siente, que llora, que ama, que conspira, que sue\u00f1a. Soy wawa (criatura) de la Pachamama.","sameAs":["http:\/\/ollantayitzamna.com"],"url":"https:\/\/ollantayitzamna.com\/?author=95365428"}]}},"jetpack_publicize_connections":[],"jetpack_featured_media_url":"https:\/\/i0.wp.com\/ollantayitzamna.com\/wp-content\/uploads\/2020\/11\/20180926-FTCCP-en-JNL-Asamblea-Constituyente-Que-se-vayan-todos-web-1.jpg?fit=3000%2C1893&ssl=1","jetpack_likes_enabled":true,"jetpack_sharing_enabled":true,"_links":{"self":[{"href":"https:\/\/ollantayitzamna.com\/index.php?rest_route=\/wp\/v2\/posts\/1812","targetHints":{"allow":["GET"]}}],"collection":[{"href":"https:\/\/ollantayitzamna.com\/index.php?rest_route=\/wp\/v2\/posts"}],"about":[{"href":"https:\/\/ollantayitzamna.com\/index.php?rest_route=\/wp\/v2\/types\/post"}],"author":[{"embeddable":true,"href":"https:\/\/ollantayitzamna.com\/index.php?rest_route=\/wp\/v2\/users\/95365428"}],"replies":[{"embeddable":true,"href":"https:\/\/ollantayitzamna.com\/index.php?rest_route=%2Fwp%2Fv2%2Fcomments&post=1812"}],"version-history":[{"count":6,"href":"https:\/\/ollantayitzamna.com\/index.php?rest_route=\/wp\/v2\/posts\/1812\/revisions"}],"predecessor-version":[{"id":1820,"href":"https:\/\/ollantayitzamna.com\/index.php?rest_route=\/wp\/v2\/posts\/1812\/revisions\/1820"}],"wp:featuredmedia":[{"embeddable":true,"href":"https:\/\/ollantayitzamna.com\/index.php?rest_route=\/wp\/v2\/media\/1815"}],"wp:attachment":[{"href":"https:\/\/ollantayitzamna.com\/index.php?rest_route=%2Fwp%2Fv2%2Fmedia&parent=1812"}],"wp:term":[{"taxonomy":"category","embeddable":true,"href":"https:\/\/ollantayitzamna.com\/index.php?rest_route=%2Fwp%2Fv2%2Fcategories&post=1812"},{"taxonomy":"post_tag","embeddable":true,"href":"https:\/\/ollantayitzamna.com\/index.php?rest_route=%2Fwp%2Fv2%2Ftags&post=1812"}],"curies":[{"name":"wp","href":"https:\/\/api.w.org\/{rel}","templated":true}]}}