{"id":1880,"date":"2020-12-26T23:44:21","date_gmt":"2020-12-27T05:44:21","guid":{"rendered":"https:\/\/ollantayitzamna.com\/?p=1880"},"modified":"2025-07-04T07:38:42","modified_gmt":"2025-07-04T13:38:42","slug":"navidad-campesina-en-guatemala-en-tiempos-de-pandemia","status":"publish","type":"post","link":"https:\/\/ollantayitzamna.com\/?p=1880","title":{"rendered":"Navidad campesina en Guatemala en tiempos de pandemia"},"content":{"rendered":"<figure id=\"attachment_1883\" aria-describedby=\"caption-attachment-1883\" style=\"width: 864px\" class=\"wp-caption aligncenter\"><img data-recalc-dims=\"1\" fetchpriority=\"high\" decoding=\"async\" data-attachment-id=\"1883\" data-permalink=\"https:\/\/ollantayitzamna.com\/?attachment_id=1883\" data-orig-file=\"https:\/\/i0.wp.com\/ollantayitzamna.com\/wp-content\/uploads\/2020\/12\/WhatsApp-Image-2020-12-26-at-11.34.29-PM.jpeg?fit=864%2C1152&amp;ssl=1\" data-orig-size=\"864,1152\" data-comments-opened=\"1\" data-image-meta=\"{&quot;aperture&quot;:&quot;0&quot;,&quot;credit&quot;:&quot;&quot;,&quot;camera&quot;:&quot;&quot;,&quot;caption&quot;:&quot;&quot;,&quot;created_timestamp&quot;:&quot;0&quot;,&quot;copyright&quot;:&quot;&quot;,&quot;focal_length&quot;:&quot;0&quot;,&quot;iso&quot;:&quot;0&quot;,&quot;shutter_speed&quot;:&quot;0&quot;,&quot;title&quot;:&quot;&quot;,&quot;orientation&quot;:&quot;0&quot;}\" data-image-title=\"WhatsApp Image 2020-12-26 at 11.34.29 PM\" data-image-description=\"\" data-image-caption=\"&lt;p&gt;Navidad 2020. Margaritas III&lt;\/p&gt;\n\" data-large-file=\"https:\/\/i0.wp.com\/ollantayitzamna.com\/wp-content\/uploads\/2020\/12\/WhatsApp-Image-2020-12-26-at-11.34.29-PM.jpeg?fit=768%2C1024&amp;ssl=1\" class=\"size-full wp-image-1883\" src=\"https:\/\/i0.wp.com\/ollantayitzamna.com\/wp-content\/uploads\/2020\/12\/WhatsApp-Image-2020-12-26-at-11.34.29-PM.jpeg?resize=800%2C1067&#038;ssl=1\" alt=\"\" width=\"800\" height=\"1067\" srcset=\"https:\/\/i0.wp.com\/ollantayitzamna.com\/wp-content\/uploads\/2020\/12\/WhatsApp-Image-2020-12-26-at-11.34.29-PM.jpeg?w=864&amp;ssl=1 864w, https:\/\/i0.wp.com\/ollantayitzamna.com\/wp-content\/uploads\/2020\/12\/WhatsApp-Image-2020-12-26-at-11.34.29-PM.jpeg?resize=225%2C300&amp;ssl=1 225w, https:\/\/i0.wp.com\/ollantayitzamna.com\/wp-content\/uploads\/2020\/12\/WhatsApp-Image-2020-12-26-at-11.34.29-PM.jpeg?resize=768%2C1024&amp;ssl=1 768w, https:\/\/i0.wp.com\/ollantayitzamna.com\/wp-content\/uploads\/2020\/12\/WhatsApp-Image-2020-12-26-at-11.34.29-PM.jpeg?resize=113%2C150&amp;ssl=1 113w, https:\/\/i0.wp.com\/ollantayitzamna.com\/wp-content\/uploads\/2020\/12\/WhatsApp-Image-2020-12-26-at-11.34.29-PM.jpeg?resize=600%2C800&amp;ssl=1 600w, https:\/\/i0.wp.com\/ollantayitzamna.com\/wp-content\/uploads\/2020\/12\/WhatsApp-Image-2020-12-26-at-11.34.29-PM.jpeg?resize=300%2C400&amp;ssl=1 300w, https:\/\/i0.wp.com\/ollantayitzamna.com\/wp-content\/uploads\/2020\/12\/WhatsApp-Image-2020-12-26-at-11.34.29-PM.jpeg?resize=150%2C200&amp;ssl=1 150w\" sizes=\"(max-width: 800px) 100vw, 800px\" \/><figcaption id=\"caption-attachment-1883\" class=\"wp-caption-text\">Navidad 2020. Margaritas III<\/figcaption><\/figure>\n<p>Podemos estar o no de acuerdo con el sentido religioso o mercantil de la Navidad. Pero no se puede negar el hecho que estas fechas simb\u00f3licas pueden y deber\u00edan ser aprovechadas para promover la proximidad entre las personas, y afianzar el tejido social comunitario. Sobre todo, ahora, que la pandemia nos mostr\u00f3 que la comunidad es el \u201cant\u00eddoto social\u201d contra este mal.<\/p>\n<p>La Comunidad Margaritas III, se encuentra en el Municipio de San Francisco Zapotitl\u00e1n, Suchitep\u00e9quez, a 170 Km al suroeste de la ciudad de Guatemala. Est\u00e1 conformada por 15 familias campesinas, en su gran mayor\u00eda ex mozos colonos de las fincas agr\u00edcolas aleda\u00f1as que rodean a la comunidad.<\/p>\n<figure id=\"attachment_1885\" aria-describedby=\"caption-attachment-1885\" style=\"width: 1152px\" class=\"wp-caption aligncenter\"><img data-recalc-dims=\"1\" decoding=\"async\" data-attachment-id=\"1885\" data-permalink=\"https:\/\/ollantayitzamna.com\/?attachment_id=1885\" data-orig-file=\"https:\/\/i0.wp.com\/ollantayitzamna.com\/wp-content\/uploads\/2020\/12\/WhatsApp-Image-2020-12-26-at-11.34.30-PM-1.jpeg?fit=1152%2C864&amp;ssl=1\" data-orig-size=\"1152,864\" data-comments-opened=\"1\" data-image-meta=\"{&quot;aperture&quot;:&quot;0&quot;,&quot;credit&quot;:&quot;&quot;,&quot;camera&quot;:&quot;&quot;,&quot;caption&quot;:&quot;&quot;,&quot;created_timestamp&quot;:&quot;0&quot;,&quot;copyright&quot;:&quot;&quot;,&quot;focal_length&quot;:&quot;0&quot;,&quot;iso&quot;:&quot;0&quot;,&quot;shutter_speed&quot;:&quot;0&quot;,&quot;title&quot;:&quot;&quot;,&quot;orientation&quot;:&quot;0&quot;}\" data-image-title=\"WhatsApp Image 2020-12-26 at 11.34.30 PM (1)\" data-image-description=\"\" data-image-caption=\"&lt;p&gt;Navidad 2020. Margaritas III&lt;\/p&gt;\n\" data-large-file=\"https:\/\/i0.wp.com\/ollantayitzamna.com\/wp-content\/uploads\/2020\/12\/WhatsApp-Image-2020-12-26-at-11.34.30-PM-1.jpeg?fit=800%2C600&amp;ssl=1\" class=\"size-full wp-image-1885\" src=\"https:\/\/i0.wp.com\/ollantayitzamna.com\/wp-content\/uploads\/2020\/12\/WhatsApp-Image-2020-12-26-at-11.34.30-PM-1.jpeg?resize=800%2C600&#038;ssl=1\" alt=\"\" width=\"800\" height=\"600\" srcset=\"https:\/\/i0.wp.com\/ollantayitzamna.com\/wp-content\/uploads\/2020\/12\/WhatsApp-Image-2020-12-26-at-11.34.30-PM-1.jpeg?w=1152&amp;ssl=1 1152w, https:\/\/i0.wp.com\/ollantayitzamna.com\/wp-content\/uploads\/2020\/12\/WhatsApp-Image-2020-12-26-at-11.34.30-PM-1.jpeg?resize=300%2C225&amp;ssl=1 300w, https:\/\/i0.wp.com\/ollantayitzamna.com\/wp-content\/uploads\/2020\/12\/WhatsApp-Image-2020-12-26-at-11.34.30-PM-1.jpeg?resize=1024%2C768&amp;ssl=1 1024w, https:\/\/i0.wp.com\/ollantayitzamna.com\/wp-content\/uploads\/2020\/12\/WhatsApp-Image-2020-12-26-at-11.34.30-PM-1.jpeg?resize=150%2C113&amp;ssl=1 150w, https:\/\/i0.wp.com\/ollantayitzamna.com\/wp-content\/uploads\/2020\/12\/WhatsApp-Image-2020-12-26-at-11.34.30-PM-1.jpeg?resize=768%2C576&amp;ssl=1 768w, https:\/\/i0.wp.com\/ollantayitzamna.com\/wp-content\/uploads\/2020\/12\/WhatsApp-Image-2020-12-26-at-11.34.30-PM-1.jpeg?resize=800%2C600&amp;ssl=1 800w, https:\/\/i0.wp.com\/ollantayitzamna.com\/wp-content\/uploads\/2020\/12\/WhatsApp-Image-2020-12-26-at-11.34.30-PM-1.jpeg?resize=400%2C300&amp;ssl=1 400w, https:\/\/i0.wp.com\/ollantayitzamna.com\/wp-content\/uploads\/2020\/12\/WhatsApp-Image-2020-12-26-at-11.34.30-PM-1.jpeg?resize=200%2C150&amp;ssl=1 200w, https:\/\/i0.wp.com\/ollantayitzamna.com\/wp-content\/uploads\/2020\/12\/WhatsApp-Image-2020-12-26-at-11.34.30-PM-1.jpeg?resize=900%2C675&amp;ssl=1 900w\" sizes=\"(max-width: 800px) 100vw, 800px\" \/><figcaption id=\"caption-attachment-1885\" class=\"wp-caption-text\">Navidad 2020. Margaritas III<\/figcaption><\/figure>\n<p>Las y los integrantes de la comunidad, por el proceso del colonaje, perdieron por completo su idioma materno, buena parte de sus costumbres mayas\u2026 Gen\u00e9ticamente predominan los rasgos mayas. Las familias son campesinas, pero sin tierras. Generan sus medios de vida como jornaleros en las fincas vecinas, alternando con trabajos en los poblados m\u00e1s pr\u00f3ximos.<\/p>\n<h4><strong>J\u00f3venes campesinos se organizan en tiempos de pandemia<\/strong><\/h4>\n<figure id=\"attachment_1886\" aria-describedby=\"caption-attachment-1886\" style=\"width: 864px\" class=\"wp-caption aligncenter\"><img data-recalc-dims=\"1\" decoding=\"async\" data-attachment-id=\"1886\" data-permalink=\"https:\/\/ollantayitzamna.com\/?attachment_id=1886\" data-orig-file=\"https:\/\/i0.wp.com\/ollantayitzamna.com\/wp-content\/uploads\/2020\/12\/WhatsApp-Image-2020-12-26-at-11.34.30-PM.jpeg?fit=864%2C1152&amp;ssl=1\" data-orig-size=\"864,1152\" data-comments-opened=\"1\" data-image-meta=\"{&quot;aperture&quot;:&quot;0&quot;,&quot;credit&quot;:&quot;&quot;,&quot;camera&quot;:&quot;&quot;,&quot;caption&quot;:&quot;&quot;,&quot;created_timestamp&quot;:&quot;0&quot;,&quot;copyright&quot;:&quot;&quot;,&quot;focal_length&quot;:&quot;0&quot;,&quot;iso&quot;:&quot;0&quot;,&quot;shutter_speed&quot;:&quot;0&quot;,&quot;title&quot;:&quot;&quot;,&quot;orientation&quot;:&quot;0&quot;}\" data-image-title=\"WhatsApp Image 2020-12-26 at 11.34.30 PM\" data-image-description=\"\" data-image-caption=\"&lt;p&gt;Navidad 2020. Margaritas III&lt;\/p&gt;\n\" data-large-file=\"https:\/\/i0.wp.com\/ollantayitzamna.com\/wp-content\/uploads\/2020\/12\/WhatsApp-Image-2020-12-26-at-11.34.30-PM.jpeg?fit=768%2C1024&amp;ssl=1\" class=\"size-full wp-image-1886\" src=\"https:\/\/i0.wp.com\/ollantayitzamna.com\/wp-content\/uploads\/2020\/12\/WhatsApp-Image-2020-12-26-at-11.34.30-PM.jpeg?resize=800%2C1067&#038;ssl=1\" alt=\"\" width=\"800\" height=\"1067\" srcset=\"https:\/\/i0.wp.com\/ollantayitzamna.com\/wp-content\/uploads\/2020\/12\/WhatsApp-Image-2020-12-26-at-11.34.30-PM.jpeg?w=864&amp;ssl=1 864w, https:\/\/i0.wp.com\/ollantayitzamna.com\/wp-content\/uploads\/2020\/12\/WhatsApp-Image-2020-12-26-at-11.34.30-PM.jpeg?resize=225%2C300&amp;ssl=1 225w, https:\/\/i0.wp.com\/ollantayitzamna.com\/wp-content\/uploads\/2020\/12\/WhatsApp-Image-2020-12-26-at-11.34.30-PM.jpeg?resize=768%2C1024&amp;ssl=1 768w, https:\/\/i0.wp.com\/ollantayitzamna.com\/wp-content\/uploads\/2020\/12\/WhatsApp-Image-2020-12-26-at-11.34.30-PM.jpeg?resize=113%2C150&amp;ssl=1 113w, https:\/\/i0.wp.com\/ollantayitzamna.com\/wp-content\/uploads\/2020\/12\/WhatsApp-Image-2020-12-26-at-11.34.30-PM.jpeg?resize=600%2C800&amp;ssl=1 600w, https:\/\/i0.wp.com\/ollantayitzamna.com\/wp-content\/uploads\/2020\/12\/WhatsApp-Image-2020-12-26-at-11.34.30-PM.jpeg?resize=300%2C400&amp;ssl=1 300w, https:\/\/i0.wp.com\/ollantayitzamna.com\/wp-content\/uploads\/2020\/12\/WhatsApp-Image-2020-12-26-at-11.34.30-PM.jpeg?resize=150%2C200&amp;ssl=1 150w\" sizes=\"(max-width: 800px) 100vw, 800px\" \/><figcaption id=\"caption-attachment-1886\" class=\"wp-caption-text\">Navidad 2020. Margaritas III<\/figcaption><\/figure>\n<p>Durante la pandemia, aprovechando la presencia permanente en la comunidad, j\u00f3venes y ni\u00f1os crearon su organizaci\u00f3n juvenil y la denominaron Genera Comunidad. Lo hicieron con la finalidad de promover la \u201cparticipaci\u00f3n de ni\u00f1os y j\u00f3venes en la vida comunitaria\u201d.<\/p>\n<p>Estos j\u00f3venes, con motivo de la Navidad 2020, prepararon una convivencia navide\u00f1a para toda la comunidad. Consiguieron y entregaron juguetes y caramelos para todos los y las ni\u00f1as de la comunidad, como nunca antes hab\u00eda ocurrido.<\/p>\n<p>Para financiar dicha actividad, cada joven y ni\u00f1os que integran la organizaci\u00f3n Genera Comunidad aport\u00f3 Q 25 (equivalente al jornal m\u00ednimo que reciben en las fincas vecinas por el corte del caf\u00e9) Y, para completar el costo del convivio navide\u00f1o, enviaron solicitudes de apoyo a algunas amistades externas a la comunidad.<\/p>\n<p>Algunos padres de familia aportaron frijoles, tortillas, carne, le\u00f1a\u2026 y los j\u00f3venes prepararon la cena. Otros, aportaron y elaboraron las bebidas\u2026 Los refrescos y desechables estuvieron completamente ausentes en la fiesta\u2026 Una de las familias aport\u00f3 la \u201cllegada de un Papa Noel cargado de pelotas\u201d que dibuj\u00f3 angelicales alegr\u00edas en los rostros de ni\u00f1os presentes.<\/p>\n<p>Desde d\u00edas anteriores, las y los j\u00f3venes prepararon los adornos y mensajes para la ambientaci\u00f3n del lugar de la reuni\u00f3n, compraron y envolvieron los juguetes con dedicatoria para cada ni\u00f1o y ni\u00f1a, seg\u00fan sus edades&#8230;<\/p>\n<p>As\u00ed, la tarde del convivio navide\u00f1o comunitario fue l\u00fadica, colorida, y sobre todo alegre por la presencia y sonrisas de ni\u00f1os ilusionados con sus juguetes.<\/p>\n<h4><strong>Qu\u00e9 aprendimos de esta convivencia navide\u00f1a comunitaria<\/strong><\/h4>\n<figure id=\"attachment_1888\" aria-describedby=\"caption-attachment-1888\" style=\"width: 1152px\" class=\"wp-caption aligncenter\"><img data-recalc-dims=\"1\" loading=\"lazy\" decoding=\"async\" data-attachment-id=\"1888\" data-permalink=\"https:\/\/ollantayitzamna.com\/?attachment_id=1888\" data-orig-file=\"https:\/\/i0.wp.com\/ollantayitzamna.com\/wp-content\/uploads\/2020\/12\/WhatsApp-Image-2020-12-26-at-11.34.30-PM-2.jpeg?fit=1152%2C864&amp;ssl=1\" data-orig-size=\"1152,864\" data-comments-opened=\"1\" data-image-meta=\"{&quot;aperture&quot;:&quot;0&quot;,&quot;credit&quot;:&quot;&quot;,&quot;camera&quot;:&quot;&quot;,&quot;caption&quot;:&quot;&quot;,&quot;created_timestamp&quot;:&quot;0&quot;,&quot;copyright&quot;:&quot;&quot;,&quot;focal_length&quot;:&quot;0&quot;,&quot;iso&quot;:&quot;0&quot;,&quot;shutter_speed&quot;:&quot;0&quot;,&quot;title&quot;:&quot;&quot;,&quot;orientation&quot;:&quot;0&quot;}\" data-image-title=\"WhatsApp Image 2020-12-26 at 11.34.30 PM (2)\" data-image-description=\"\" data-image-caption=\"&lt;p&gt;Navidad 2020. Margaritas III&lt;\/p&gt;\n\" data-large-file=\"https:\/\/i0.wp.com\/ollantayitzamna.com\/wp-content\/uploads\/2020\/12\/WhatsApp-Image-2020-12-26-at-11.34.30-PM-2.jpeg?fit=800%2C600&amp;ssl=1\" class=\"size-full wp-image-1888\" src=\"https:\/\/i0.wp.com\/ollantayitzamna.com\/wp-content\/uploads\/2020\/12\/WhatsApp-Image-2020-12-26-at-11.34.30-PM-2.jpeg?resize=800%2C600&#038;ssl=1\" alt=\"\" width=\"800\" height=\"600\" srcset=\"https:\/\/i0.wp.com\/ollantayitzamna.com\/wp-content\/uploads\/2020\/12\/WhatsApp-Image-2020-12-26-at-11.34.30-PM-2.jpeg?w=1152&amp;ssl=1 1152w, https:\/\/i0.wp.com\/ollantayitzamna.com\/wp-content\/uploads\/2020\/12\/WhatsApp-Image-2020-12-26-at-11.34.30-PM-2.jpeg?resize=300%2C225&amp;ssl=1 300w, https:\/\/i0.wp.com\/ollantayitzamna.com\/wp-content\/uploads\/2020\/12\/WhatsApp-Image-2020-12-26-at-11.34.30-PM-2.jpeg?resize=1024%2C768&amp;ssl=1 1024w, https:\/\/i0.wp.com\/ollantayitzamna.com\/wp-content\/uploads\/2020\/12\/WhatsApp-Image-2020-12-26-at-11.34.30-PM-2.jpeg?resize=150%2C113&amp;ssl=1 150w, https:\/\/i0.wp.com\/ollantayitzamna.com\/wp-content\/uploads\/2020\/12\/WhatsApp-Image-2020-12-26-at-11.34.30-PM-2.jpeg?resize=768%2C576&amp;ssl=1 768w, https:\/\/i0.wp.com\/ollantayitzamna.com\/wp-content\/uploads\/2020\/12\/WhatsApp-Image-2020-12-26-at-11.34.30-PM-2.jpeg?resize=800%2C600&amp;ssl=1 800w, https:\/\/i0.wp.com\/ollantayitzamna.com\/wp-content\/uploads\/2020\/12\/WhatsApp-Image-2020-12-26-at-11.34.30-PM-2.jpeg?resize=400%2C300&amp;ssl=1 400w, https:\/\/i0.wp.com\/ollantayitzamna.com\/wp-content\/uploads\/2020\/12\/WhatsApp-Image-2020-12-26-at-11.34.30-PM-2.jpeg?resize=200%2C150&amp;ssl=1 200w, https:\/\/i0.wp.com\/ollantayitzamna.com\/wp-content\/uploads\/2020\/12\/WhatsApp-Image-2020-12-26-at-11.34.30-PM-2.jpeg?resize=900%2C675&amp;ssl=1 900w\" sizes=\"(max-width: 800px) 100vw, 800px\" \/><figcaption id=\"caption-attachment-1888\" class=\"wp-caption-text\">Navidad 2020. Margaritas III<\/figcaption><\/figure>\n<p>Podemos estar o no de acuerdo con el sentido religioso o mercantil de la Navidad. Pero no se puede negar el hecho que estas fechas simb\u00f3licas pueden y deber\u00edan ser aprovechadas para promover la proximidad entre las personas, y afianzar el tejido social comunitario. Sobre todo, ahora, que la pandemia nos mostr\u00f3 que la comunidad es el \u201cant\u00eddoto social\u201d contra este mal.<\/p>\n<p>Si bien la Navidad es un veh\u00edculo de colonizaci\u00f3n y mercantilizaci\u00f3n incluso de lo \u201csagrado\u201d, sin embargo, tambi\u00e9n dicha fecha puede y deber\u00eda ser motivo para organizarnos, compartir y cultivar la comunidad. El individualismo y el consumismo no tienen por qu\u00e9 ser necesariamente los \u00fanicos referentes a seguir para la juventud y la ni\u00f1ez.<\/p>\n<p>No importa en qu\u00e9 situaci\u00f3n econ\u00f3mica nos encontremos las familias. Si tenemos esperanza, y fe en el ser humano, siempre tendremos mucho que ofrecer para las y los dem\u00e1s.<\/p>\n<p>Las y los j\u00f3venes campesinos, hijos de jornaleros de la Comunidad Margaritas III, nos ense\u00f1an que si estamos organizados y habitados por una buena voluntad siempre se puede regar con alguna dosis de alegr\u00eda nuestro mundo marchito en tiempos de pandemia.<\/p>\n<p>No sabemos qui\u00e9nes, cu\u00e1ntos , ni c\u00f3mo estaremos para la Navidad del 2021. Lo que s\u00ed sabemos es qu\u00e9 y c\u00f3mo compartimos la Vida con nuestra comunidad hasta ahora. Si la Navidad nos sirve para cultivar comunidad, y abonar a la esperanza humana, pues, bendita fecha, sin importar si es de origen profano o sagrado.<\/p>\n<p>&nbsp;<\/p>\n<p>&nbsp;<\/p>\n","protected":false},"excerpt":{"rendered":"<p>Podemos estar o no de acuerdo con el sentido religioso o mercantil de la Navidad. Pero no se puede negar el hecho que estas fechas simb\u00f3licas pueden y deber\u00edan ser aprovechadas para promover la proximidad entre las personas, y afianzar el tejido social comunitario. Sobre todo, ahora, que la pandemia nos mostr\u00f3 que la comunidad [&hellip;]<\/p>\n","protected":false},"author":95365428,"featured_media":1883,"comment_status":"open","ping_status":"open","sticky":false,"template":"","format":"standard","meta":{"_coblocks_attr":"","_coblocks_dimensions":"","_coblocks_responsive_height":"","_coblocks_accordion_ie_support":"","_jetpack_newsletter_access":"","_jetpack_dont_email_post_to_subs":false,"_jetpack_newsletter_tier_id":0,"_jetpack_memberships_contains_paywalled_content":false,"_wpcom_ai_launchpad_first_post":false,"_jetpack_feature_clip_id":0,"_jetpack_memberships_contains_paid_content":false,"footnotes":"","jetpack_publicize_message":"{title}\n\n{excerpt}\n\n{url}","jetpack_publicize_feature_enabled":true,"jetpack_social_post_already_shared":true,"jetpack_social_options":{"image_generator_settings":{"template":"highway","default_image_id":0,"font":"","enabled":false},"version":2},"_wpas_customize_per_network":false,"jetpack_post_was_ever_published":false},"categories":[696795897],"tags":[989952,11705,696795858,244583,13899],"class_list":["post-1880","post","type-post","status-publish","format-standard","has-post-thumbnail","hentry","category-buen-vivir","tag-campesinos","tag-comunidad","tag-guatemala","tag-indigenas","tag-navidad"],"yoast_head":"<!-- This site is optimized with the Yoast SEO plugin v28.3 - https:\/\/yoast.com\/product\/yoast-seo-wordpress\/ -->\n<title>Navidad campesina en Guatemala en tiempos de pandemia - Ollantay Itzamn\u00e1<\/title>\n<meta name=\"robots\" content=\"index, follow, max-snippet:-1, max-image-preview:large, max-video-preview:-1\" \/>\n<link rel=\"canonical\" href=\"https:\/\/ollantayitzamna.com\/?p=1880\" \/>\n<meta property=\"og:locale\" content=\"es_ES\" \/>\n<meta property=\"og:type\" content=\"article\" \/>\n<meta property=\"og:title\" content=\"Navidad campesina en Guatemala en tiempos de pandemia - Ollantay Itzamn\u00e1\" \/>\n<meta property=\"og:description\" content=\"Podemos estar o no de acuerdo con el sentido religioso o mercantil de la Navidad. Pero no se puede negar el hecho que estas fechas simb\u00f3licas pueden y deber\u00edan ser aprovechadas para promover la proximidad entre las personas, y afianzar el tejido social comunitario. Sobre todo, ahora, que la pandemia nos mostr\u00f3 que la comunidad [&hellip;]\" \/>\n<meta property=\"og:url\" content=\"https:\/\/ollantayitzamna.com\/?p=1880\" \/>\n<meta property=\"og:site_name\" content=\"Ollantay Itzamn\u00e1\" \/>\n<meta property=\"article:published_time\" content=\"2020-12-27T05:44:21+00:00\" \/>\n<meta property=\"article:modified_time\" content=\"2025-07-04T13:38:42+00:00\" \/>\n<meta property=\"og:image\" content=\"https:\/\/i0.wp.com\/ollantayitzamna.com\/wp-content\/uploads\/2020\/12\/WhatsApp-Image-2020-12-26-at-11.34.29-PM.jpeg?fit=864%2C1152&ssl=1\" \/>\n\t<meta property=\"og:image:width\" content=\"864\" \/>\n\t<meta property=\"og:image:height\" content=\"1152\" \/>\n\t<meta property=\"og:image:type\" content=\"image\/jpeg\" \/>\n<meta name=\"author\" content=\"ollantayitzamna\" \/>\n<meta name=\"twitter:card\" content=\"summary_large_image\" \/>\n<meta name=\"twitter:label1\" content=\"Escrito por\" \/>\n\t<meta name=\"twitter:data1\" content=\"ollantayitzamna\" \/>\n\t<meta name=\"twitter:label2\" content=\"Tiempo de lectura\" \/>\n\t<meta name=\"twitter:data2\" content=\"4 minutos\" \/>\n<script type=\"application\/ld+json\" class=\"yoast-schema-graph\">{\"@context\":\"https:\\\/\\\/schema.org\",\"@graph\":[{\"@type\":\"Article\",\"@id\":\"https:\\\/\\\/ollantayitzamna.com\\\/?p=1880#article\",\"isPartOf\":{\"@id\":\"https:\\\/\\\/ollantayitzamna.com\\\/?p=1880\"},\"author\":{\"name\":\"ollantayitzamna\",\"@id\":\"https:\\\/\\\/ollantayitzamna.com\\\/#\\\/schema\\\/person\\\/d7d683451f51a71c7d7c6b4b70437092\"},\"headline\":\"Navidad campesina en Guatemala en tiempos de pandemia\",\"datePublished\":\"2020-12-27T05:44:21+00:00\",\"dateModified\":\"2025-07-04T13:38:42+00:00\",\"mainEntityOfPage\":{\"@id\":\"https:\\\/\\\/ollantayitzamna.com\\\/?p=1880\"},\"wordCount\":765,\"commentCount\":0,\"image\":{\"@id\":\"https:\\\/\\\/ollantayitzamna.com\\\/?p=1880#primaryimage\"},\"thumbnailUrl\":\"https:\\\/\\\/i0.wp.com\\\/ollantayitzamna.com\\\/wp-content\\\/uploads\\\/2020\\\/12\\\/WhatsApp-Image-2020-12-26-at-11.34.29-PM.jpeg?fit=864%2C1152&ssl=1\",\"keywords\":[\"campesinos\",\"comunidad\",\"Guatemala\",\"ind\u00edgenas\",\"Navidad\"],\"articleSection\":[\"Buen Vivir\"],\"inLanguage\":\"es\",\"potentialAction\":[{\"@type\":\"CommentAction\",\"name\":\"Comment\",\"target\":[\"https:\\\/\\\/ollantayitzamna.com\\\/?p=1880#respond\"]}]},{\"@type\":\"WebPage\",\"@id\":\"https:\\\/\\\/ollantayitzamna.com\\\/?p=1880\",\"url\":\"https:\\\/\\\/ollantayitzamna.com\\\/?p=1880\",\"name\":\"Navidad campesina en Guatemala en tiempos de pandemia - Ollantay Itzamn\u00e1\",\"isPartOf\":{\"@id\":\"https:\\\/\\\/ollantayitzamna.com\\\/#website\"},\"primaryImageOfPage\":{\"@id\":\"https:\\\/\\\/ollantayitzamna.com\\\/?p=1880#primaryimage\"},\"image\":{\"@id\":\"https:\\\/\\\/ollantayitzamna.com\\\/?p=1880#primaryimage\"},\"thumbnailUrl\":\"https:\\\/\\\/i0.wp.com\\\/ollantayitzamna.com\\\/wp-content\\\/uploads\\\/2020\\\/12\\\/WhatsApp-Image-2020-12-26-at-11.34.29-PM.jpeg?fit=864%2C1152&ssl=1\",\"datePublished\":\"2020-12-27T05:44:21+00:00\",\"dateModified\":\"2025-07-04T13:38:42+00:00\",\"author\":{\"@id\":\"https:\\\/\\\/ollantayitzamna.com\\\/#\\\/schema\\\/person\\\/d7d683451f51a71c7d7c6b4b70437092\"},\"breadcrumb\":{\"@id\":\"https:\\\/\\\/ollantayitzamna.com\\\/?p=1880#breadcrumb\"},\"inLanguage\":\"es\",\"potentialAction\":[{\"@type\":\"ReadAction\",\"target\":[\"https:\\\/\\\/ollantayitzamna.com\\\/?p=1880\"]}]},{\"@type\":\"ImageObject\",\"inLanguage\":\"es\",\"@id\":\"https:\\\/\\\/ollantayitzamna.com\\\/?p=1880#primaryimage\",\"url\":\"https:\\\/\\\/i0.wp.com\\\/ollantayitzamna.com\\\/wp-content\\\/uploads\\\/2020\\\/12\\\/WhatsApp-Image-2020-12-26-at-11.34.29-PM.jpeg?fit=864%2C1152&ssl=1\",\"contentUrl\":\"https:\\\/\\\/i0.wp.com\\\/ollantayitzamna.com\\\/wp-content\\\/uploads\\\/2020\\\/12\\\/WhatsApp-Image-2020-12-26-at-11.34.29-PM.jpeg?fit=864%2C1152&ssl=1\",\"width\":864,\"height\":1152,\"caption\":\"Navidad 2020. Margaritas III\"},{\"@type\":\"BreadcrumbList\",\"@id\":\"https:\\\/\\\/ollantayitzamna.com\\\/?p=1880#breadcrumb\",\"itemListElement\":[{\"@type\":\"ListItem\",\"position\":1,\"name\":\"Portada\",\"item\":\"https:\\\/\\\/ollantayitzamna.com\\\/\"},{\"@type\":\"ListItem\",\"position\":2,\"name\":\"Navidad campesina en Guatemala en tiempos de pandemia\"}]},{\"@type\":\"WebSite\",\"@id\":\"https:\\\/\\\/ollantayitzamna.com\\\/#website\",\"url\":\"https:\\\/\\\/ollantayitzamna.com\\\/\",\"name\":\"Ollantay Itzamn\u00e1\",\"description\":\"Susurros del silencio\",\"potentialAction\":[{\"@type\":\"SearchAction\",\"target\":{\"@type\":\"EntryPoint\",\"urlTemplate\":\"https:\\\/\\\/ollantayitzamna.com\\\/?s={search_term_string}\"},\"query-input\":{\"@type\":\"PropertyValueSpecification\",\"valueRequired\":true,\"valueName\":\"search_term_string\"}}],\"inLanguage\":\"es\"},{\"@type\":\"Person\",\"@id\":\"https:\\\/\\\/ollantayitzamna.com\\\/#\\\/schema\\\/person\\\/d7d683451f51a71c7d7c6b4b70437092\",\"name\":\"ollantayitzamna\",\"image\":{\"@type\":\"ImageObject\",\"inLanguage\":\"es\",\"@id\":\"https:\\\/\\\/secure.gravatar.com\\\/avatar\\\/576387c53cc1a5ef704abf20408627fa3cb969d3f33355a576a2b20d65397362?s=96&d=identicon&r=g\",\"url\":\"https:\\\/\\\/secure.gravatar.com\\\/avatar\\\/576387c53cc1a5ef704abf20408627fa3cb969d3f33355a576a2b20d65397362?s=96&d=identicon&r=g\",\"contentUrl\":\"https:\\\/\\\/secure.gravatar.com\\\/avatar\\\/576387c53cc1a5ef704abf20408627fa3cb969d3f33355a576a2b20d65397362?s=96&d=identicon&r=g\",\"caption\":\"ollantayitzamna\"},\"description\":\"Soy Tierra que siente, que llora, que ama, que conspira, que sue\u00f1a. Soy wawa (criatura) de la Pachamama.\",\"sameAs\":[\"http:\\\/\\\/ollantayitzamna.com\"],\"url\":\"https:\\\/\\\/ollantayitzamna.com\\\/?author=95365428\"}]}<\/script>\n<!-- \/ Yoast SEO plugin. -->","yoast_head_json":{"title":"Navidad campesina en Guatemala en tiempos de pandemia - Ollantay Itzamn\u00e1","robots":{"index":"index","follow":"follow","max-snippet":"max-snippet:-1","max-image-preview":"max-image-preview:large","max-video-preview":"max-video-preview:-1"},"canonical":"https:\/\/ollantayitzamna.com\/?p=1880","og_locale":"es_ES","og_type":"article","og_title":"Navidad campesina en Guatemala en tiempos de pandemia - Ollantay Itzamn\u00e1","og_description":"Podemos estar o no de acuerdo con el sentido religioso o mercantil de la Navidad. Pero no se puede negar el hecho que estas fechas simb\u00f3licas pueden y deber\u00edan ser aprovechadas para promover la proximidad entre las personas, y afianzar el tejido social comunitario. Sobre todo, ahora, que la pandemia nos mostr\u00f3 que la comunidad [&hellip;]","og_url":"https:\/\/ollantayitzamna.com\/?p=1880","og_site_name":"Ollantay Itzamn\u00e1","article_published_time":"2020-12-27T05:44:21+00:00","article_modified_time":"2025-07-04T13:38:42+00:00","og_image":[{"width":864,"height":1152,"url":"https:\/\/i0.wp.com\/ollantayitzamna.com\/wp-content\/uploads\/2020\/12\/WhatsApp-Image-2020-12-26-at-11.34.29-PM.jpeg?fit=864%2C1152&ssl=1","type":"image\/jpeg"}],"author":"ollantayitzamna","twitter_card":"summary_large_image","twitter_misc":{"Escrito por":"ollantayitzamna","Tiempo de lectura":"4 minutos"},"schema":{"@context":"https:\/\/schema.org","@graph":[{"@type":"Article","@id":"https:\/\/ollantayitzamna.com\/?p=1880#article","isPartOf":{"@id":"https:\/\/ollantayitzamna.com\/?p=1880"},"author":{"name":"ollantayitzamna","@id":"https:\/\/ollantayitzamna.com\/#\/schema\/person\/d7d683451f51a71c7d7c6b4b70437092"},"headline":"Navidad campesina en Guatemala en tiempos de pandemia","datePublished":"2020-12-27T05:44:21+00:00","dateModified":"2025-07-04T13:38:42+00:00","mainEntityOfPage":{"@id":"https:\/\/ollantayitzamna.com\/?p=1880"},"wordCount":765,"commentCount":0,"image":{"@id":"https:\/\/ollantayitzamna.com\/?p=1880#primaryimage"},"thumbnailUrl":"https:\/\/i0.wp.com\/ollantayitzamna.com\/wp-content\/uploads\/2020\/12\/WhatsApp-Image-2020-12-26-at-11.34.29-PM.jpeg?fit=864%2C1152&ssl=1","keywords":["campesinos","comunidad","Guatemala","ind\u00edgenas","Navidad"],"articleSection":["Buen Vivir"],"inLanguage":"es","potentialAction":[{"@type":"CommentAction","name":"Comment","target":["https:\/\/ollantayitzamna.com\/?p=1880#respond"]}]},{"@type":"WebPage","@id":"https:\/\/ollantayitzamna.com\/?p=1880","url":"https:\/\/ollantayitzamna.com\/?p=1880","name":"Navidad campesina en Guatemala en tiempos de pandemia - Ollantay Itzamn\u00e1","isPartOf":{"@id":"https:\/\/ollantayitzamna.com\/#website"},"primaryImageOfPage":{"@id":"https:\/\/ollantayitzamna.com\/?p=1880#primaryimage"},"image":{"@id":"https:\/\/ollantayitzamna.com\/?p=1880#primaryimage"},"thumbnailUrl":"https:\/\/i0.wp.com\/ollantayitzamna.com\/wp-content\/uploads\/2020\/12\/WhatsApp-Image-2020-12-26-at-11.34.29-PM.jpeg?fit=864%2C1152&ssl=1","datePublished":"2020-12-27T05:44:21+00:00","dateModified":"2025-07-04T13:38:42+00:00","author":{"@id":"https:\/\/ollantayitzamna.com\/#\/schema\/person\/d7d683451f51a71c7d7c6b4b70437092"},"breadcrumb":{"@id":"https:\/\/ollantayitzamna.com\/?p=1880#breadcrumb"},"inLanguage":"es","potentialAction":[{"@type":"ReadAction","target":["https:\/\/ollantayitzamna.com\/?p=1880"]}]},{"@type":"ImageObject","inLanguage":"es","@id":"https:\/\/ollantayitzamna.com\/?p=1880#primaryimage","url":"https:\/\/i0.wp.com\/ollantayitzamna.com\/wp-content\/uploads\/2020\/12\/WhatsApp-Image-2020-12-26-at-11.34.29-PM.jpeg?fit=864%2C1152&ssl=1","contentUrl":"https:\/\/i0.wp.com\/ollantayitzamna.com\/wp-content\/uploads\/2020\/12\/WhatsApp-Image-2020-12-26-at-11.34.29-PM.jpeg?fit=864%2C1152&ssl=1","width":864,"height":1152,"caption":"Navidad 2020. Margaritas III"},{"@type":"BreadcrumbList","@id":"https:\/\/ollantayitzamna.com\/?p=1880#breadcrumb","itemListElement":[{"@type":"ListItem","position":1,"name":"Portada","item":"https:\/\/ollantayitzamna.com\/"},{"@type":"ListItem","position":2,"name":"Navidad campesina en Guatemala en tiempos de pandemia"}]},{"@type":"WebSite","@id":"https:\/\/ollantayitzamna.com\/#website","url":"https:\/\/ollantayitzamna.com\/","name":"Ollantay Itzamn\u00e1","description":"Susurros del silencio","potentialAction":[{"@type":"SearchAction","target":{"@type":"EntryPoint","urlTemplate":"https:\/\/ollantayitzamna.com\/?s={search_term_string}"},"query-input":{"@type":"PropertyValueSpecification","valueRequired":true,"valueName":"search_term_string"}}],"inLanguage":"es"},{"@type":"Person","@id":"https:\/\/ollantayitzamna.com\/#\/schema\/person\/d7d683451f51a71c7d7c6b4b70437092","name":"ollantayitzamna","image":{"@type":"ImageObject","inLanguage":"es","@id":"https:\/\/secure.gravatar.com\/avatar\/576387c53cc1a5ef704abf20408627fa3cb969d3f33355a576a2b20d65397362?s=96&d=identicon&r=g","url":"https:\/\/secure.gravatar.com\/avatar\/576387c53cc1a5ef704abf20408627fa3cb969d3f33355a576a2b20d65397362?s=96&d=identicon&r=g","contentUrl":"https:\/\/secure.gravatar.com\/avatar\/576387c53cc1a5ef704abf20408627fa3cb969d3f33355a576a2b20d65397362?s=96&d=identicon&r=g","caption":"ollantayitzamna"},"description":"Soy Tierra que siente, que llora, que ama, que conspira, que sue\u00f1a. Soy wawa (criatura) de la Pachamama.","sameAs":["http:\/\/ollantayitzamna.com"],"url":"https:\/\/ollantayitzamna.com\/?author=95365428"}]}},"jetpack_publicize_connections":[],"jetpack_likes_enabled":true,"jetpack_sharing_enabled":true,"jetpack_featured_media_url":"https:\/\/i0.wp.com\/ollantayitzamna.com\/wp-content\/uploads\/2020\/12\/WhatsApp-Image-2020-12-26-at-11.34.29-PM.jpeg?fit=864%2C1152&ssl=1","_links":{"self":[{"href":"https:\/\/ollantayitzamna.com\/index.php?rest_route=\/wp\/v2\/posts\/1880","targetHints":{"allow":["GET"]}}],"collection":[{"href":"https:\/\/ollantayitzamna.com\/index.php?rest_route=\/wp\/v2\/posts"}],"about":[{"href":"https:\/\/ollantayitzamna.com\/index.php?rest_route=\/wp\/v2\/types\/post"}],"author":[{"embeddable":true,"href":"https:\/\/ollantayitzamna.com\/index.php?rest_route=\/wp\/v2\/users\/95365428"}],"replies":[{"embeddable":true,"href":"https:\/\/ollantayitzamna.com\/index.php?rest_route=%2Fwp%2Fv2%2Fcomments&post=1880"}],"version-history":[{"count":6,"href":"https:\/\/ollantayitzamna.com\/index.php?rest_route=\/wp\/v2\/posts\/1880\/revisions"}],"predecessor-version":[{"id":1890,"href":"https:\/\/ollantayitzamna.com\/index.php?rest_route=\/wp\/v2\/posts\/1880\/revisions\/1890"}],"wp:featuredmedia":[{"embeddable":true,"href":"https:\/\/ollantayitzamna.com\/index.php?rest_route=\/wp\/v2\/media\/1883"}],"wp:attachment":[{"href":"https:\/\/ollantayitzamna.com\/index.php?rest_route=%2Fwp%2Fv2%2Fmedia&parent=1880"}],"wp:term":[{"taxonomy":"category","embeddable":true,"href":"https:\/\/ollantayitzamna.com\/index.php?rest_route=%2Fwp%2Fv2%2Fcategories&post=1880"},{"taxonomy":"post_tag","embeddable":true,"href":"https:\/\/ollantayitzamna.com\/index.php?rest_route=%2Fwp%2Fv2%2Ftags&post=1880"}],"curies":[{"name":"wp","href":"https:\/\/api.w.org\/{rel}","templated":true}]}}