{"id":1927,"date":"2021-02-15T23:58:06","date_gmt":"2021-02-16T05:58:06","guid":{"rendered":"https:\/\/ollantayitzamna.com\/?p=1927"},"modified":"2025-07-04T07:18:54","modified_gmt":"2025-07-04T13:18:54","slug":"guatemala-indigenas-y-campesinos-de-codeca-vuelven-a-las-calles-con-barbijos","status":"publish","type":"post","link":"https:\/\/ollantayitzamna.com\/?p=1927","title":{"rendered":"Guatemala: ind\u00edgenas y campesinos de CODECA vuelven a las calles con barbijos"},"content":{"rendered":"<figure id=\"attachment_1929\" aria-describedby=\"caption-attachment-1929\" style=\"width: 960px\" class=\"wp-caption aligncenter\"><img data-recalc-dims=\"1\" fetchpriority=\"high\" decoding=\"async\" data-attachment-id=\"1929\" data-permalink=\"https:\/\/ollantayitzamna.com\/?attachment_id=1929\" data-orig-file=\"https:\/\/i0.wp.com\/ollantayitzamna.com\/wp-content\/uploads\/2021\/02\/WhatsApp-Image-2021-02-15-at-11.43.33-PM.jpeg?fit=960%2C640&amp;ssl=1\" data-orig-size=\"960,640\" data-comments-opened=\"1\" data-image-meta=\"{&quot;aperture&quot;:&quot;0&quot;,&quot;credit&quot;:&quot;&quot;,&quot;camera&quot;:&quot;&quot;,&quot;caption&quot;:&quot;&quot;,&quot;created_timestamp&quot;:&quot;0&quot;,&quot;copyright&quot;:&quot;&quot;,&quot;focal_length&quot;:&quot;0&quot;,&quot;iso&quot;:&quot;0&quot;,&quot;shutter_speed&quot;:&quot;0&quot;,&quot;title&quot;:&quot;&quot;,&quot;orientation&quot;:&quot;0&quot;}\" data-image-title=\"WhatsApp Image 2021-02-15 at 11.43.33 PM\" data-image-description=\"\" data-image-caption=\"&lt;p&gt;Asamblea comunitaria. CODECA&lt;\/p&gt;\n\" data-large-file=\"https:\/\/i0.wp.com\/ollantayitzamna.com\/wp-content\/uploads\/2021\/02\/WhatsApp-Image-2021-02-15-at-11.43.33-PM.jpeg?fit=800%2C533&amp;ssl=1\" class=\"size-full wp-image-1929\" src=\"https:\/\/i0.wp.com\/ollantayitzamna.com\/wp-content\/uploads\/2021\/02\/WhatsApp-Image-2021-02-15-at-11.43.33-PM.jpeg?resize=800%2C533&#038;ssl=1\" alt=\"\" width=\"800\" height=\"533\" srcset=\"https:\/\/i0.wp.com\/ollantayitzamna.com\/wp-content\/uploads\/2021\/02\/WhatsApp-Image-2021-02-15-at-11.43.33-PM.jpeg?w=960&amp;ssl=1 960w, https:\/\/i0.wp.com\/ollantayitzamna.com\/wp-content\/uploads\/2021\/02\/WhatsApp-Image-2021-02-15-at-11.43.33-PM.jpeg?resize=300%2C200&amp;ssl=1 300w, https:\/\/i0.wp.com\/ollantayitzamna.com\/wp-content\/uploads\/2021\/02\/WhatsApp-Image-2021-02-15-at-11.43.33-PM.jpeg?resize=150%2C100&amp;ssl=1 150w, https:\/\/i0.wp.com\/ollantayitzamna.com\/wp-content\/uploads\/2021\/02\/WhatsApp-Image-2021-02-15-at-11.43.33-PM.jpeg?resize=768%2C512&amp;ssl=1 768w, https:\/\/i0.wp.com\/ollantayitzamna.com\/wp-content\/uploads\/2021\/02\/WhatsApp-Image-2021-02-15-at-11.43.33-PM.jpeg?resize=900%2C600&amp;ssl=1 900w\" sizes=\"(max-width: 800px) 100vw, 800px\" \/><figcaption id=\"caption-attachment-1929\" class=\"wp-caption-text\">Asamblea comunitaria. CODECA<\/figcaption><\/figure>\n<h4 style=\"text-align: center;\"><span style=\"color: #ff0000;\">En Guatemala, al igual que en el resto de los pa\u00edses de Abya Yala, el sector rural no ha sido, ni es al momento, el m\u00e1s golpeado por COVID19. No lo es ni a nivel de p\u00e9rdidas econ\u00f3micas, ni de p\u00e9rdidas de vidas humanas. Pero, salen a las calles a protestar por los males estructurales del pa\u00eds, como es el constante saqueo de los pocos bienes comunes que a\u00fan quedan en el pa\u00eds.<\/span><\/h4>\n<p><!--more--><\/p>\n<p>Luego de la destituci\u00f3n y el encarcelamiento por actos de corrupci\u00f3n del entonces Presidente de la Rep\u00fablica Otto P\u00e9rez Molina y su Vicepresidente Roxana Baldetti, en 2015, los dos gobiernos sucesivos del pa\u00eds no lograron mejorar los \u201cp\u00e9simos niveles de aceptaci\u00f3n popular del gobierno de Guatemala\u201d.<\/p>\n<p>El gobernante Jimmy Morales (2016-2020), con evidentes responsabilidades en actos de corrupci\u00f3n, concluy\u00f3 su mandato \u201cgracias al respaldo expreso del gobierno norteamericano de Donald Trump\u201d. Y, ahora, se encuentra \u201crefugiado\u201d, inmune, en el Parlamento Centroamericano<\/p>\n<p>El actual gobernante, Alejandro Giammattei, que perdi\u00f3 respaldo popular por el mal manejo que hace de la pandemia y el exagerado endeudamiento del pa\u00eds, se mantiene a\u00fan en el poder gracias al \u201cestado de sitio global implantado por la pandemia\u201d, y por los constantes focalizados estados de excepci\u00f3n declarados en Guatemala para frenar protestas sociales.<\/p>\n<p>En este contexto, y en la medida que las restricciones sociales se levantan en el pa\u00eds, comunidades ind\u00edgenas y campesinas en resistencia frente a la invasi\u00f3n de las empresas neoliberales, articuladas en el movimiento sociopol\u00edtico Comit\u00e9 de Desarrollo Campesino (CODECA), anuncian que para el pr\u00f3ximo 18 de febrero se trasladar\u00e1n a la ciudad de Guatemala para protestar exigiendo la renuncia del gobernante actual por su \u201cincapacidad para atender la salud y las necesidades urgentes del pa\u00eds durante la pandemia\u201d<\/p>\n<p>As\u00ed mismo, exigen la renuncia de la Fiscal General de la Rep\u00fablica por no investigar los casos de los asesinatos de defensores y defensoras comunitarias de derechos, al igual que los casos crecientes de secuestro y asesinato de mujeres y ni\u00f1as, y por la postergaci\u00f3n y\/o paralizaci\u00f3n de las investigaciones de los casos de corrupci\u00f3n p\u00fablica en el pa\u00eds.<\/p>\n<p>Anuncian, adem\u00e1s, que presentar\u00e1n al Congreso de la Rep\u00fablica, un anteproyecto de Ley para nacionalizar todos los bienes y servicios privatizados en el pa\u00eds, como es el caso de la energ\u00eda el\u00e9ctrica. Este sector social organizado del pa\u00eds, al momento tiene una Diputada en el Congreso, electa mediante la organizaci\u00f3n pol\u00edtica Movimiento para la Liberaci\u00f3n de los Pueblos (MLP).<\/p>\n<p><strong>Acci\u00f3n simult\u00e1nea en todo el pa\u00eds utilizando plataformas de redes sociales<\/strong><\/p>\n<figure id=\"attachment_1931\" aria-describedby=\"caption-attachment-1931\" style=\"width: 1080px\" class=\"wp-caption aligncenter\"><img data-recalc-dims=\"1\" decoding=\"async\" data-attachment-id=\"1931\" data-permalink=\"https:\/\/ollantayitzamna.com\/?attachment_id=1931\" data-orig-file=\"https:\/\/i0.wp.com\/ollantayitzamna.com\/wp-content\/uploads\/2021\/02\/WhatsApp-Image-2021-02-15-at-11.47.45-PM.jpeg?fit=1080%2C608&amp;ssl=1\" data-orig-size=\"1080,608\" data-comments-opened=\"1\" data-image-meta=\"{&quot;aperture&quot;:&quot;0&quot;,&quot;credit&quot;:&quot;&quot;,&quot;camera&quot;:&quot;&quot;,&quot;caption&quot;:&quot;&quot;,&quot;created_timestamp&quot;:&quot;0&quot;,&quot;copyright&quot;:&quot;&quot;,&quot;focal_length&quot;:&quot;0&quot;,&quot;iso&quot;:&quot;0&quot;,&quot;shutter_speed&quot;:&quot;0&quot;,&quot;title&quot;:&quot;&quot;,&quot;orientation&quot;:&quot;0&quot;}\" data-image-title=\"WhatsApp Image 2021-02-15 at 11.47.45 PM\" data-image-description=\"\" data-image-caption=\"&lt;p&gt;Conferencia de prensa. CODECA&lt;\/p&gt;\n\" data-large-file=\"https:\/\/i0.wp.com\/ollantayitzamna.com\/wp-content\/uploads\/2021\/02\/WhatsApp-Image-2021-02-15-at-11.47.45-PM.jpeg?fit=800%2C450&amp;ssl=1\" class=\"size-full wp-image-1931\" src=\"https:\/\/i0.wp.com\/ollantayitzamna.com\/wp-content\/uploads\/2021\/02\/WhatsApp-Image-2021-02-15-at-11.47.45-PM.jpeg?resize=800%2C450&#038;ssl=1\" alt=\"\" width=\"800\" height=\"450\" srcset=\"https:\/\/i0.wp.com\/ollantayitzamna.com\/wp-content\/uploads\/2021\/02\/WhatsApp-Image-2021-02-15-at-11.47.45-PM.jpeg?w=1080&amp;ssl=1 1080w, https:\/\/i0.wp.com\/ollantayitzamna.com\/wp-content\/uploads\/2021\/02\/WhatsApp-Image-2021-02-15-at-11.47.45-PM.jpeg?resize=300%2C169&amp;ssl=1 300w, https:\/\/i0.wp.com\/ollantayitzamna.com\/wp-content\/uploads\/2021\/02\/WhatsApp-Image-2021-02-15-at-11.47.45-PM.jpeg?resize=1024%2C576&amp;ssl=1 1024w, https:\/\/i0.wp.com\/ollantayitzamna.com\/wp-content\/uploads\/2021\/02\/WhatsApp-Image-2021-02-15-at-11.47.45-PM.jpeg?resize=150%2C84&amp;ssl=1 150w, https:\/\/i0.wp.com\/ollantayitzamna.com\/wp-content\/uploads\/2021\/02\/WhatsApp-Image-2021-02-15-at-11.47.45-PM.jpeg?resize=768%2C432&amp;ssl=1 768w, https:\/\/i0.wp.com\/ollantayitzamna.com\/wp-content\/uploads\/2021\/02\/WhatsApp-Image-2021-02-15-at-11.47.45-PM.jpeg?resize=900%2C507&amp;ssl=1 900w\" sizes=\"(max-width: 800px) 100vw, 800px\" \/><figcaption id=\"caption-attachment-1931\" class=\"wp-caption-text\">Conferencia de prensa. CODECA<\/figcaption><\/figure>\n<p>El 15 de febrero reciente, para anunciar las pr\u00f3ximas movilizaciones de protesta, convocaron y realizaron una conferencia de prensa en simult\u00e1neo en todas las ciudades principales del pa\u00eds. En 19 ciudades en total.<\/p>\n<p>S\u00ed. Ind\u00edgenas y campesinos, quienes muchos de ellos apenas saben leer y escribir, y hablan un castellano con acento nativo marcado, hicieron sus conferencias de prensa frente a las c\u00e1maras de los tel\u00e9fonos celulares de sus hijos e hijas, quienes transmit\u00edan en vivo en las m\u00faltiples p\u00e1ginas de Facebook que llevan el logo de CODECA.<\/p>\n<p>Ante el impacto en las redes sociales de dicha conferencia de prensa, como en pasadas oportunidades, la prensa corporativa del pa\u00eds se vio obligada a visitar las cuentas de Facebook del movimiento CODECA e incluir en sus titulares la \u201cmovilizaci\u00f3n de ind\u00edgenas y campesinos\u201d, porque la consigna de este movimiento es: \u201cConferencias de prensa sin la prensa canalla\u201d.<\/p>\n<p>Los finqueros y empresarios de Guatemala, aglutinados en el CACIF, inc\u00f3modos con el anuncio de las movilizaciones sociales anunciadas por CODECA, ya expresaron su protesta exigiendo a que el Gobierno haga cumplir las leyes y evite dichas manifestaciones por la \u201csalud y la gobernabilidad del pa\u00eds\u201d.<\/p>\n<figure id=\"attachment_1932\" aria-describedby=\"caption-attachment-1932\" style=\"width: 864px\" class=\"wp-caption aligncenter\"><img data-recalc-dims=\"1\" decoding=\"async\" data-attachment-id=\"1932\" data-permalink=\"https:\/\/ollantayitzamna.com\/?attachment_id=1932\" data-orig-file=\"https:\/\/i0.wp.com\/ollantayitzamna.com\/wp-content\/uploads\/2021\/02\/WhatsApp-Image-2021-02-15-at-11.44.21-PM.jpeg?fit=864%2C1152&amp;ssl=1\" data-orig-size=\"864,1152\" data-comments-opened=\"1\" data-image-meta=\"{&quot;aperture&quot;:&quot;0&quot;,&quot;credit&quot;:&quot;&quot;,&quot;camera&quot;:&quot;&quot;,&quot;caption&quot;:&quot;&quot;,&quot;created_timestamp&quot;:&quot;0&quot;,&quot;copyright&quot;:&quot;&quot;,&quot;focal_length&quot;:&quot;0&quot;,&quot;iso&quot;:&quot;0&quot;,&quot;shutter_speed&quot;:&quot;0&quot;,&quot;title&quot;:&quot;&quot;,&quot;orientation&quot;:&quot;0&quot;}\" data-image-title=\"WhatsApp Image 2021-02-15 at 11.44.21 PM\" data-image-description=\"\" data-image-caption=\"&lt;p&gt;Conferencia de prensa. CODECA&lt;\/p&gt;\n\" data-large-file=\"https:\/\/i0.wp.com\/ollantayitzamna.com\/wp-content\/uploads\/2021\/02\/WhatsApp-Image-2021-02-15-at-11.44.21-PM.jpeg?fit=768%2C1024&amp;ssl=1\" class=\"size-full wp-image-1932\" src=\"https:\/\/i0.wp.com\/ollantayitzamna.com\/wp-content\/uploads\/2021\/02\/WhatsApp-Image-2021-02-15-at-11.44.21-PM.jpeg?resize=800%2C1067&#038;ssl=1\" alt=\"\" width=\"800\" height=\"1067\" srcset=\"https:\/\/i0.wp.com\/ollantayitzamna.com\/wp-content\/uploads\/2021\/02\/WhatsApp-Image-2021-02-15-at-11.44.21-PM.jpeg?w=864&amp;ssl=1 864w, https:\/\/i0.wp.com\/ollantayitzamna.com\/wp-content\/uploads\/2021\/02\/WhatsApp-Image-2021-02-15-at-11.44.21-PM.jpeg?resize=225%2C300&amp;ssl=1 225w, https:\/\/i0.wp.com\/ollantayitzamna.com\/wp-content\/uploads\/2021\/02\/WhatsApp-Image-2021-02-15-at-11.44.21-PM.jpeg?resize=768%2C1024&amp;ssl=1 768w, https:\/\/i0.wp.com\/ollantayitzamna.com\/wp-content\/uploads\/2021\/02\/WhatsApp-Image-2021-02-15-at-11.44.21-PM.jpeg?resize=113%2C150&amp;ssl=1 113w, https:\/\/i0.wp.com\/ollantayitzamna.com\/wp-content\/uploads\/2021\/02\/WhatsApp-Image-2021-02-15-at-11.44.21-PM.jpeg?resize=600%2C800&amp;ssl=1 600w, https:\/\/i0.wp.com\/ollantayitzamna.com\/wp-content\/uploads\/2021\/02\/WhatsApp-Image-2021-02-15-at-11.44.21-PM.jpeg?resize=300%2C400&amp;ssl=1 300w, https:\/\/i0.wp.com\/ollantayitzamna.com\/wp-content\/uploads\/2021\/02\/WhatsApp-Image-2021-02-15-at-11.44.21-PM.jpeg?resize=150%2C200&amp;ssl=1 150w\" sizes=\"(max-width: 800px) 100vw, 800px\" \/><figcaption id=\"caption-attachment-1932\" class=\"wp-caption-text\">Conferencia de prensa. CODECA<\/figcaption><\/figure>\n<p>En Guatemala, al igual que en el resto de los pa\u00edses de Abya Yala, el sector rural no ha sido, ni es al momento, el m\u00e1s golpeado por COVID19. No lo es ni a nivel de p\u00e9rdidas econ\u00f3micas, ni de p\u00e9rdidas de vidas humanas. Pero, salen a las calles a protestar por los males estructurales del pa\u00eds, como es el constante saqueo de los pocos bienes comunes que a\u00fan quedan en el pa\u00eds.<\/p>\n<p>Si a esto se suman las impagables deudas p\u00fablicas, envueltas en mantos de corrupci\u00f3n, que los irresponsables gobiernos les ponen encima, entonces, tienen suficientes razones para protestar, y sobrados argumentos para proponer la nacionalizaci\u00f3n de los bienes privatizados.<\/p>\n","protected":false},"excerpt":{"rendered":"<p>En Guatemala, al igual que en el resto de los pa\u00edses de Abya Yala, el sector rural no ha sido, ni es al momento, el m\u00e1s golpeado por COVID19. No lo es ni a nivel de p\u00e9rdidas econ\u00f3micas, ni de p\u00e9rdidas de vidas humanas. Pero, salen a las calles a protestar por los males estructurales [&hellip;]<\/p>\n","protected":false},"author":95365428,"featured_media":1929,"comment_status":"open","ping_status":"open","sticky":false,"template":"","format":"standard","meta":{"_coblocks_attr":"","_coblocks_dimensions":"","_coblocks_responsive_height":"","_coblocks_accordion_ie_support":"","_crdt_document":"","_jetpack_newsletter_access":"","_jetpack_dont_email_post_to_subs":false,"_jetpack_newsletter_tier_id":0,"_jetpack_memberships_contains_paywalled_content":false,"_jetpack_memberships_contains_paid_content":false,"footnotes":"","jetpack_publicize_message":"","jetpack_publicize_feature_enabled":true,"jetpack_social_post_already_shared":true,"jetpack_social_options":{"image_generator_settings":{"template":"highway","default_image_id":0,"font":"","enabled":false},"version":2},"_wpas_customize_per_network":false,"jetpack_post_was_ever_published":false},"categories":[696796406],"tags":[696795864,696795858,470817,696795916],"class_list":["post-1927","post","type-post","status-publish","format-standard","has-post-thumbnail","hentry","category-comunalidad","tag-corrupcion","tag-guatemala","tag-movilizacion","tag-nacionalizacion"],"yoast_head":"<!-- This site is optimized with the Yoast SEO plugin v27.4 - https:\/\/yoast.com\/product\/yoast-seo-wordpress\/ -->\n<title>Guatemala: ind\u00edgenas y campesinos de CODECA vuelven a las calles con barbijos - Ollantay Itzamn\u00e1<\/title>\n<meta name=\"robots\" content=\"index, follow, max-snippet:-1, max-image-preview:large, max-video-preview:-1\" \/>\n<link rel=\"canonical\" href=\"https:\/\/ollantayitzamna.com\/?p=1927\" \/>\n<meta property=\"og:locale\" content=\"es_ES\" \/>\n<meta property=\"og:type\" content=\"article\" \/>\n<meta property=\"og:title\" content=\"Guatemala: ind\u00edgenas y campesinos de CODECA vuelven a las calles con barbijos - Ollantay Itzamn\u00e1\" \/>\n<meta property=\"og:description\" content=\"En Guatemala, al igual que en el resto de los pa\u00edses de Abya Yala, el sector rural no ha sido, ni es al momento, el m\u00e1s golpeado por COVID19. No lo es ni a nivel de p\u00e9rdidas econ\u00f3micas, ni de p\u00e9rdidas de vidas humanas. Pero, salen a las calles a protestar por los males estructurales [&hellip;]\" \/>\n<meta property=\"og:url\" content=\"https:\/\/ollantayitzamna.com\/?p=1927\" \/>\n<meta property=\"og:site_name\" content=\"Ollantay Itzamn\u00e1\" \/>\n<meta property=\"article:published_time\" content=\"2021-02-16T05:58:06+00:00\" \/>\n<meta property=\"article:modified_time\" content=\"2025-07-04T13:18:54+00:00\" \/>\n<meta property=\"og:image\" content=\"https:\/\/i0.wp.com\/ollantayitzamna.com\/wp-content\/uploads\/2021\/02\/WhatsApp-Image-2021-02-15-at-11.43.33-PM.jpeg?fit=960%2C640&ssl=1\" \/>\n\t<meta property=\"og:image:width\" content=\"960\" \/>\n\t<meta property=\"og:image:height\" content=\"640\" \/>\n\t<meta property=\"og:image:type\" content=\"image\/jpeg\" \/>\n<meta name=\"author\" content=\"ollantayitzamna\" \/>\n<meta name=\"twitter:card\" content=\"summary_large_image\" \/>\n<meta name=\"twitter:label1\" content=\"Escrito por\" \/>\n\t<meta name=\"twitter:data1\" content=\"ollantayitzamna\" \/>\n\t<meta name=\"twitter:label2\" content=\"Tiempo de lectura\" \/>\n\t<meta name=\"twitter:data2\" content=\"4 minutos\" \/>\n<script type=\"application\/ld+json\" class=\"yoast-schema-graph\">{\"@context\":\"https:\\\/\\\/schema.org\",\"@graph\":[{\"@type\":\"Article\",\"@id\":\"https:\\\/\\\/ollantayitzamna.com\\\/?p=1927#article\",\"isPartOf\":{\"@id\":\"https:\\\/\\\/ollantayitzamna.com\\\/?p=1927\"},\"author\":{\"name\":\"ollantayitzamna\",\"@id\":\"https:\\\/\\\/ollantayitzamna.com\\\/#\\\/schema\\\/person\\\/d7d683451f51a71c7d7c6b4b70437092\"},\"headline\":\"Guatemala: ind\u00edgenas y campesinos de CODECA vuelven a las calles con barbijos\",\"datePublished\":\"2021-02-16T05:58:06+00:00\",\"dateModified\":\"2025-07-04T13:18:54+00:00\",\"mainEntityOfPage\":{\"@id\":\"https:\\\/\\\/ollantayitzamna.com\\\/?p=1927\"},\"wordCount\":833,\"commentCount\":1,\"image\":{\"@id\":\"https:\\\/\\\/ollantayitzamna.com\\\/?p=1927#primaryimage\"},\"thumbnailUrl\":\"https:\\\/\\\/i0.wp.com\\\/ollantayitzamna.com\\\/wp-content\\\/uploads\\\/2021\\\/02\\\/WhatsApp-Image-2021-02-15-at-11.43.33-PM.jpeg?fit=960%2C640&ssl=1\",\"keywords\":[\"corrupci\u00f3n\",\"Guatemala\",\"movilizaci\u00f3n\",\"nacionalizaci\u00f3n\"],\"articleSection\":[\"Comunalidad\"],\"inLanguage\":\"es\",\"potentialAction\":[{\"@type\":\"CommentAction\",\"name\":\"Comment\",\"target\":[\"https:\\\/\\\/ollantayitzamna.com\\\/?p=1927#respond\"]}]},{\"@type\":\"WebPage\",\"@id\":\"https:\\\/\\\/ollantayitzamna.com\\\/?p=1927\",\"url\":\"https:\\\/\\\/ollantayitzamna.com\\\/?p=1927\",\"name\":\"Guatemala: ind\u00edgenas y campesinos de CODECA vuelven a las calles con barbijos - Ollantay Itzamn\u00e1\",\"isPartOf\":{\"@id\":\"https:\\\/\\\/ollantayitzamna.com\\\/#website\"},\"primaryImageOfPage\":{\"@id\":\"https:\\\/\\\/ollantayitzamna.com\\\/?p=1927#primaryimage\"},\"image\":{\"@id\":\"https:\\\/\\\/ollantayitzamna.com\\\/?p=1927#primaryimage\"},\"thumbnailUrl\":\"https:\\\/\\\/i0.wp.com\\\/ollantayitzamna.com\\\/wp-content\\\/uploads\\\/2021\\\/02\\\/WhatsApp-Image-2021-02-15-at-11.43.33-PM.jpeg?fit=960%2C640&ssl=1\",\"datePublished\":\"2021-02-16T05:58:06+00:00\",\"dateModified\":\"2025-07-04T13:18:54+00:00\",\"author\":{\"@id\":\"https:\\\/\\\/ollantayitzamna.com\\\/#\\\/schema\\\/person\\\/d7d683451f51a71c7d7c6b4b70437092\"},\"breadcrumb\":{\"@id\":\"https:\\\/\\\/ollantayitzamna.com\\\/?p=1927#breadcrumb\"},\"inLanguage\":\"es\",\"potentialAction\":[{\"@type\":\"ReadAction\",\"target\":[\"https:\\\/\\\/ollantayitzamna.com\\\/?p=1927\"]}]},{\"@type\":\"ImageObject\",\"inLanguage\":\"es\",\"@id\":\"https:\\\/\\\/ollantayitzamna.com\\\/?p=1927#primaryimage\",\"url\":\"https:\\\/\\\/i0.wp.com\\\/ollantayitzamna.com\\\/wp-content\\\/uploads\\\/2021\\\/02\\\/WhatsApp-Image-2021-02-15-at-11.43.33-PM.jpeg?fit=960%2C640&ssl=1\",\"contentUrl\":\"https:\\\/\\\/i0.wp.com\\\/ollantayitzamna.com\\\/wp-content\\\/uploads\\\/2021\\\/02\\\/WhatsApp-Image-2021-02-15-at-11.43.33-PM.jpeg?fit=960%2C640&ssl=1\",\"width\":960,\"height\":640,\"caption\":\"Asamblea comunitaria. CODECA\"},{\"@type\":\"BreadcrumbList\",\"@id\":\"https:\\\/\\\/ollantayitzamna.com\\\/?p=1927#breadcrumb\",\"itemListElement\":[{\"@type\":\"ListItem\",\"position\":1,\"name\":\"Portada\",\"item\":\"https:\\\/\\\/ollantayitzamna.com\\\/\"},{\"@type\":\"ListItem\",\"position\":2,\"name\":\"Guatemala: ind\u00edgenas y campesinos de CODECA vuelven a las calles con barbijos\"}]},{\"@type\":\"WebSite\",\"@id\":\"https:\\\/\\\/ollantayitzamna.com\\\/#website\",\"url\":\"https:\\\/\\\/ollantayitzamna.com\\\/\",\"name\":\"Ollantay Itzamn\u00e1\",\"description\":\"Susurros del silencio\",\"potentialAction\":[{\"@type\":\"SearchAction\",\"target\":{\"@type\":\"EntryPoint\",\"urlTemplate\":\"https:\\\/\\\/ollantayitzamna.com\\\/?s={search_term_string}\"},\"query-input\":{\"@type\":\"PropertyValueSpecification\",\"valueRequired\":true,\"valueName\":\"search_term_string\"}}],\"inLanguage\":\"es\"},{\"@type\":\"Person\",\"@id\":\"https:\\\/\\\/ollantayitzamna.com\\\/#\\\/schema\\\/person\\\/d7d683451f51a71c7d7c6b4b70437092\",\"name\":\"ollantayitzamna\",\"image\":{\"@type\":\"ImageObject\",\"inLanguage\":\"es\",\"@id\":\"https:\\\/\\\/secure.gravatar.com\\\/avatar\\\/576387c53cc1a5ef704abf20408627fa3cb969d3f33355a576a2b20d65397362?s=96&d=identicon&r=g\",\"url\":\"https:\\\/\\\/secure.gravatar.com\\\/avatar\\\/576387c53cc1a5ef704abf20408627fa3cb969d3f33355a576a2b20d65397362?s=96&d=identicon&r=g\",\"contentUrl\":\"https:\\\/\\\/secure.gravatar.com\\\/avatar\\\/576387c53cc1a5ef704abf20408627fa3cb969d3f33355a576a2b20d65397362?s=96&d=identicon&r=g\",\"caption\":\"ollantayitzamna\"},\"description\":\"Soy Tierra que siente, que llora, que ama, que conspira, que sue\u00f1a. Soy wawa (criatura) de la Pachamama.\",\"sameAs\":[\"http:\\\/\\\/ollantayitzamna.com\"],\"url\":\"https:\\\/\\\/ollantayitzamna.com\\\/?author=95365428\"}]}<\/script>\n<!-- \/ Yoast SEO plugin. -->","yoast_head_json":{"title":"Guatemala: ind\u00edgenas y campesinos de CODECA vuelven a las calles con barbijos - Ollantay Itzamn\u00e1","robots":{"index":"index","follow":"follow","max-snippet":"max-snippet:-1","max-image-preview":"max-image-preview:large","max-video-preview":"max-video-preview:-1"},"canonical":"https:\/\/ollantayitzamna.com\/?p=1927","og_locale":"es_ES","og_type":"article","og_title":"Guatemala: ind\u00edgenas y campesinos de CODECA vuelven a las calles con barbijos - Ollantay Itzamn\u00e1","og_description":"En Guatemala, al igual que en el resto de los pa\u00edses de Abya Yala, el sector rural no ha sido, ni es al momento, el m\u00e1s golpeado por COVID19. No lo es ni a nivel de p\u00e9rdidas econ\u00f3micas, ni de p\u00e9rdidas de vidas humanas. Pero, salen a las calles a protestar por los males estructurales [&hellip;]","og_url":"https:\/\/ollantayitzamna.com\/?p=1927","og_site_name":"Ollantay Itzamn\u00e1","article_published_time":"2021-02-16T05:58:06+00:00","article_modified_time":"2025-07-04T13:18:54+00:00","og_image":[{"width":960,"height":640,"url":"https:\/\/i0.wp.com\/ollantayitzamna.com\/wp-content\/uploads\/2021\/02\/WhatsApp-Image-2021-02-15-at-11.43.33-PM.jpeg?fit=960%2C640&ssl=1","type":"image\/jpeg"}],"author":"ollantayitzamna","twitter_card":"summary_large_image","twitter_misc":{"Escrito por":"ollantayitzamna","Tiempo de lectura":"4 minutos"},"schema":{"@context":"https:\/\/schema.org","@graph":[{"@type":"Article","@id":"https:\/\/ollantayitzamna.com\/?p=1927#article","isPartOf":{"@id":"https:\/\/ollantayitzamna.com\/?p=1927"},"author":{"name":"ollantayitzamna","@id":"https:\/\/ollantayitzamna.com\/#\/schema\/person\/d7d683451f51a71c7d7c6b4b70437092"},"headline":"Guatemala: ind\u00edgenas y campesinos de CODECA vuelven a las calles con barbijos","datePublished":"2021-02-16T05:58:06+00:00","dateModified":"2025-07-04T13:18:54+00:00","mainEntityOfPage":{"@id":"https:\/\/ollantayitzamna.com\/?p=1927"},"wordCount":833,"commentCount":1,"image":{"@id":"https:\/\/ollantayitzamna.com\/?p=1927#primaryimage"},"thumbnailUrl":"https:\/\/i0.wp.com\/ollantayitzamna.com\/wp-content\/uploads\/2021\/02\/WhatsApp-Image-2021-02-15-at-11.43.33-PM.jpeg?fit=960%2C640&ssl=1","keywords":["corrupci\u00f3n","Guatemala","movilizaci\u00f3n","nacionalizaci\u00f3n"],"articleSection":["Comunalidad"],"inLanguage":"es","potentialAction":[{"@type":"CommentAction","name":"Comment","target":["https:\/\/ollantayitzamna.com\/?p=1927#respond"]}]},{"@type":"WebPage","@id":"https:\/\/ollantayitzamna.com\/?p=1927","url":"https:\/\/ollantayitzamna.com\/?p=1927","name":"Guatemala: ind\u00edgenas y campesinos de CODECA vuelven a las calles con barbijos - Ollantay Itzamn\u00e1","isPartOf":{"@id":"https:\/\/ollantayitzamna.com\/#website"},"primaryImageOfPage":{"@id":"https:\/\/ollantayitzamna.com\/?p=1927#primaryimage"},"image":{"@id":"https:\/\/ollantayitzamna.com\/?p=1927#primaryimage"},"thumbnailUrl":"https:\/\/i0.wp.com\/ollantayitzamna.com\/wp-content\/uploads\/2021\/02\/WhatsApp-Image-2021-02-15-at-11.43.33-PM.jpeg?fit=960%2C640&ssl=1","datePublished":"2021-02-16T05:58:06+00:00","dateModified":"2025-07-04T13:18:54+00:00","author":{"@id":"https:\/\/ollantayitzamna.com\/#\/schema\/person\/d7d683451f51a71c7d7c6b4b70437092"},"breadcrumb":{"@id":"https:\/\/ollantayitzamna.com\/?p=1927#breadcrumb"},"inLanguage":"es","potentialAction":[{"@type":"ReadAction","target":["https:\/\/ollantayitzamna.com\/?p=1927"]}]},{"@type":"ImageObject","inLanguage":"es","@id":"https:\/\/ollantayitzamna.com\/?p=1927#primaryimage","url":"https:\/\/i0.wp.com\/ollantayitzamna.com\/wp-content\/uploads\/2021\/02\/WhatsApp-Image-2021-02-15-at-11.43.33-PM.jpeg?fit=960%2C640&ssl=1","contentUrl":"https:\/\/i0.wp.com\/ollantayitzamna.com\/wp-content\/uploads\/2021\/02\/WhatsApp-Image-2021-02-15-at-11.43.33-PM.jpeg?fit=960%2C640&ssl=1","width":960,"height":640,"caption":"Asamblea comunitaria. CODECA"},{"@type":"BreadcrumbList","@id":"https:\/\/ollantayitzamna.com\/?p=1927#breadcrumb","itemListElement":[{"@type":"ListItem","position":1,"name":"Portada","item":"https:\/\/ollantayitzamna.com\/"},{"@type":"ListItem","position":2,"name":"Guatemala: ind\u00edgenas y campesinos de CODECA vuelven a las calles con barbijos"}]},{"@type":"WebSite","@id":"https:\/\/ollantayitzamna.com\/#website","url":"https:\/\/ollantayitzamna.com\/","name":"Ollantay Itzamn\u00e1","description":"Susurros del silencio","potentialAction":[{"@type":"SearchAction","target":{"@type":"EntryPoint","urlTemplate":"https:\/\/ollantayitzamna.com\/?s={search_term_string}"},"query-input":{"@type":"PropertyValueSpecification","valueRequired":true,"valueName":"search_term_string"}}],"inLanguage":"es"},{"@type":"Person","@id":"https:\/\/ollantayitzamna.com\/#\/schema\/person\/d7d683451f51a71c7d7c6b4b70437092","name":"ollantayitzamna","image":{"@type":"ImageObject","inLanguage":"es","@id":"https:\/\/secure.gravatar.com\/avatar\/576387c53cc1a5ef704abf20408627fa3cb969d3f33355a576a2b20d65397362?s=96&d=identicon&r=g","url":"https:\/\/secure.gravatar.com\/avatar\/576387c53cc1a5ef704abf20408627fa3cb969d3f33355a576a2b20d65397362?s=96&d=identicon&r=g","contentUrl":"https:\/\/secure.gravatar.com\/avatar\/576387c53cc1a5ef704abf20408627fa3cb969d3f33355a576a2b20d65397362?s=96&d=identicon&r=g","caption":"ollantayitzamna"},"description":"Soy Tierra que siente, que llora, que ama, que conspira, que sue\u00f1a. Soy wawa (criatura) de la Pachamama.","sameAs":["http:\/\/ollantayitzamna.com"],"url":"https:\/\/ollantayitzamna.com\/?author=95365428"}]}},"jetpack_publicize_connections":[],"jetpack_featured_media_url":"https:\/\/i0.wp.com\/ollantayitzamna.com\/wp-content\/uploads\/2021\/02\/WhatsApp-Image-2021-02-15-at-11.43.33-PM.jpeg?fit=960%2C640&ssl=1","jetpack_likes_enabled":true,"jetpack_sharing_enabled":true,"_links":{"self":[{"href":"https:\/\/ollantayitzamna.com\/index.php?rest_route=\/wp\/v2\/posts\/1927","targetHints":{"allow":["GET"]}}],"collection":[{"href":"https:\/\/ollantayitzamna.com\/index.php?rest_route=\/wp\/v2\/posts"}],"about":[{"href":"https:\/\/ollantayitzamna.com\/index.php?rest_route=\/wp\/v2\/types\/post"}],"author":[{"embeddable":true,"href":"https:\/\/ollantayitzamna.com\/index.php?rest_route=\/wp\/v2\/users\/95365428"}],"replies":[{"embeddable":true,"href":"https:\/\/ollantayitzamna.com\/index.php?rest_route=%2Fwp%2Fv2%2Fcomments&post=1927"}],"version-history":[{"count":6,"href":"https:\/\/ollantayitzamna.com\/index.php?rest_route=\/wp\/v2\/posts\/1927\/revisions"}],"predecessor-version":[{"id":1936,"href":"https:\/\/ollantayitzamna.com\/index.php?rest_route=\/wp\/v2\/posts\/1927\/revisions\/1936"}],"wp:featuredmedia":[{"embeddable":true,"href":"https:\/\/ollantayitzamna.com\/index.php?rest_route=\/wp\/v2\/media\/1929"}],"wp:attachment":[{"href":"https:\/\/ollantayitzamna.com\/index.php?rest_route=%2Fwp%2Fv2%2Fmedia&parent=1927"}],"wp:term":[{"taxonomy":"category","embeddable":true,"href":"https:\/\/ollantayitzamna.com\/index.php?rest_route=%2Fwp%2Fv2%2Fcategories&post=1927"},{"taxonomy":"post_tag","embeddable":true,"href":"https:\/\/ollantayitzamna.com\/index.php?rest_route=%2Fwp%2Fv2%2Ftags&post=1927"}],"curies":[{"name":"wp","href":"https:\/\/api.w.org\/{rel}","templated":true}]}}