{"id":217,"date":"2015-11-28T15:17:52","date_gmt":"2015-11-28T21:17:52","guid":{"rendered":"https:\/\/ollantayitzamna.com\/?p=217"},"modified":"2025-07-04T07:40:56","modified_gmt":"2025-07-04T13:40:56","slug":"los-pueblos-indigenas-tambien-dejamos-huellas-ecologicas","status":"publish","type":"post","link":"https:\/\/ollantayitzamna.com\/?p=217","title":{"rendered":"Los pueblos ind\u00edgenas tambi\u00e9n dejamos huellas ecol\u00f3gicas"},"content":{"rendered":"<figure id=\"attachment_218\" aria-describedby=\"caption-attachment-218\" style=\"width: 529px\" class=\"wp-caption aligncenter\"><img data-recalc-dims=\"1\" fetchpriority=\"high\" decoding=\"async\" data-attachment-id=\"218\" data-permalink=\"https:\/\/ollantayitzamna.com\/?attachment_id=218\" data-orig-file=\"https:\/\/i0.wp.com\/ollantayitzamna.com\/wp-content\/uploads\/2015\/11\/dscf7712.jpg?fit=3072%2C4608&amp;ssl=1\" data-orig-size=\"3072,4608\" data-comments-opened=\"1\" data-image-meta=\"{&quot;aperture&quot;:&quot;6.4&quot;,&quot;credit&quot;:&quot;&quot;,&quot;camera&quot;:&quot;FinePix HS20EXR&quot;,&quot;caption&quot;:&quot;&quot;,&quot;created_timestamp&quot;:&quot;1372626033&quot;,&quot;copyright&quot;:&quot;&quot;,&quot;focal_length&quot;:&quot;10.1&quot;,&quot;iso&quot;:&quot;400&quot;,&quot;shutter_speed&quot;:&quot;0.0018181818181818&quot;,&quot;title&quot;:&quot;&quot;,&quot;orientation&quot;:&quot;1&quot;}\" data-image-title=\"mujer ind\u00edgena pech\" data-image-description=\"\" data-image-caption=\"\" data-large-file=\"https:\/\/i0.wp.com\/ollantayitzamna.com\/wp-content\/uploads\/2015\/11\/dscf7712.jpg?fit=683%2C1024&amp;ssl=1\" class=\"wp-image-218 size-large\" src=\"https:\/\/i0.wp.com\/ollantayitzamna.com\/wp-content\/uploads\/2015\/11\/dscf7712.jpg?resize=529%2C794&#038;ssl=1\" alt=\"mujer ind\u00edgena pech\" width=\"529\" height=\"794\" \/><figcaption id=\"caption-attachment-218\" class=\"wp-caption-text\">Mujer ind\u00edgena pech. Honduras. OI<\/figcaption><\/figure>\n<p style=\"text-align:justify;\">Al abordar la correlaci\u00f3n entre movimientos ind\u00edgenas y crisis ecol\u00f3gica, las y los \u201cespecialistas\u201d en el tema, por lo regular, asumen dos posturas excluyentes entre s\u00ed: unos dicen que los pueblos ind\u00edgenas somos esencialmente cuidadosos, jardineros, de la Madre Tierra. Otros, que somos, por nuestra condici\u00f3n de empobrecimiento, uno de los responsables de la crisis ecol\u00f3gico, espec\u00edficamente por las t\u00e9cnicas agr\u00edcolas de tala y quema que solemos utilizar.<\/p>\n<p style=\"text-align:justify;\">El Informe Brundtland de las Naciones Unidas, titulado \u201cNuestro Futuro Com\u00fan\u201d, de 1987, identific\u00f3 como una de las causas de la crisis ecol\u00f3gica a la situaci\u00f3n de pobreza en la que viven grandes porcentajes de la humanidad. En otras palabras, los empobrecidos, dentro de ellos los pueblos ind\u00edgenas, somos los responsables de la situaci\u00f3n cr\u00edtica del planeta. En los \u00faltimos a\u00f1os, esta postura de la Organizaci\u00f3n de las Naciones Unidas (ONU), fue variando, hasta reconocer a los pueblos ind\u00edgenas como los guardianes m\u00e1s eficientes en el cuidado y cultivo de la megadiversidad de ecosistemas en sus territorios.<\/p>\n<p style=\"text-align:justify;\"><!--more-->Desde mi experiencia existencial, estas categorizaciones, casi maniqueas, no corresponde a la realidad. No todos cuantos nos asumimos como ind\u00edgenas tenemos la conciencia Tierra o vivimos las ecoespiritualidades. Pero, tampoco las y los ind\u00edgenas somos los responsables de la crisis ecol\u00f3gica en sus diversas expresiones. En otras palabras, la gran mayor\u00eda de ind\u00edgenas articulados en los cerca de 5 mil pueblos en el planeta estamos habitados por el antropocentrismo, por tanto denominamos y dominamos a la Madre Tierra como naturaleza (cosa inerte, sin conciencia), y la maltratamos como cualquier cristiano, musulm\u00e1n o jud\u00edo que tiene a su Creador en lejano cielo y concibe a la materia como c\u00e1rcel y enemigo del sublime esp\u00edritu. Pero, tambi\u00e9n es verdad que en nuestra conciencia individual y colectiva resuenan part\u00edculas de reminiscencia milenaria de nuestra identidad Tierra, opacada por el ruido y deseos estridentes de la modernidad. Muchos somos gen\u00e9tica y discursivamente ind\u00edgenas, pero cultural y espiritualmente desligados y enemistados con nuestra Madre Tierra.<\/p>\n<hr \/>\n<h3 style=\"text-align:center;\">El antropocentrismo y la desacralizaci\u00f3n de la Madre Tierra son dos de las causas que originaron el desequilibrio clim\u00e1tico, h\u00eddrico, energ\u00e9tico, alimenticio y humano en el que se encuentra el planeta. Nosotros ind\u00edgenas, colonizados en nuestros conocimientos, sue\u00f1os y deseos, hemos ca\u00eddo preso de estas dos equivocaciones.<\/h3>\n<hr \/>\n<p style=\"text-align:justify;\">La modernidad y las religiones monote\u00edstas nos inculcaron y nos hicieron creer la falsa conciencia de la superioridad humana frente al resto de la comunidad c\u00f3smica. Occidente, con todos sus fil\u00f3sofos cl\u00e1sicos, nos enga\u00f1\u00f3 con la mentira que el humano es el centro, la medida y el fin de todo cuanto existe. Que los \u00fanicos seres o sujetos con derechos somos los humanos (por nuestra condici\u00f3n de racionalidad, voluntad y conciencia) Esta falsedad se afianz\u00f3 en el mito religioso del humano como la \u00fanica imagen y semejanza del Dios celestial que habita en el cielo y en los templos, pero ya no en el libro sagrado de la creaci\u00f3n.<\/p>\n<p style=\"text-align:justify;\">Con estas mentiras, el moderno sujeto civilizado, montado en su maquinaria, perdi\u00f3 el respecto a la sacralidad de la Madre Tierra, la devast\u00f3 y devasta hasta m\u00e1s all\u00e1 de su capacidad regenerativa. Siempre persiguiendo su insaciable\u00a0 e infinito deseo de producci\u00f3n-consumo-confort, llamado desarrollo.<\/p>\n<h2 style=\"text-align:justify;\"><strong>Nuestra condici\u00f3n de colonialidad persistente nos predispone a agredir a la Madre Tierra<\/strong><\/h2>\n<p style=\"text-align:justify;\">Uno de los grandes legados que nos dej\u00f3 la Colonia fue y es el aprehender el modo de pensar, sentir y hacer de los colonizadores habitados por el dios del metal. Aprendimos sus vicios end\u00e9micos como virtudes. Aprendimos a desear y so\u00f1ar con las malas costumbres atentatorias contra la dignidad y la vida de nuestra Madre Tierra.<\/p>\n<p style=\"text-align:justify;\">Nuestros abuelos milenarios nos educaron en la sobriedad de la vida. Nos ense\u00f1aron a tomar de la Madre Tierra s\u00f3lo lo necesario para convivir con dignidad. Pero, ahora, el esp\u00edritu de la acumulaci\u00f3n del capital nos habita al grado de convertirnos en los nuevos ecosidas irresponsables. Revisemos cu\u00e1les son nuestros sue\u00f1os materiales. Y, pregunt\u00e9monos si la Madre Tierra tiene o no capacidad para generar tantos bienes como para satisfacer los infinitos deseos de consumo de los m\u00e1s de 7 mil millones de humanos que coexistimos en el planeta.<\/p>\n<p style=\"text-align:justify;\">La persistente colonialidad del saber y del poder cambi\u00f3 diametralmente nuestras jerarqu\u00edas de valores. Antes, el cuidado, la cooperaci\u00f3n, la ecoespiritualidad, eran valores importantes. Ahora, so\u00f1amos con los valores \u00e9ticos de la competencia, de la eficiencia, del progreso, de la racionalidad insensible. Esta configuraci\u00f3n \u00e9tica y moral es producto de la educaci\u00f3n, adoctrinamiento religioso y el envenenamiento desde los medios masivos de desinformaci\u00f3n.<\/p>\n<p style=\"text-align:justify;\">En este, y en otros sentidos, la educaci\u00f3n occidental mercantil nos hizo mucho da\u00f1o. El mestizaje violento y racista tambi\u00e9n hizo su parte para divorciarnos, aislarnos, de las vibraciones y el pulso de nuestra Madre Tierra. Los aparentes y extra\u00f1os estados nacionales nos obligaron a renunciar a nuestras identidades interdependientes de la Madre Tierra a cambio de permitirnos como sus cuasi ciudadanos.<\/p>\n<p style=\"text-align:justify;\">Antes \u00e9ramos cuidadores, jardineros de las diferentes formas de vida en la comunidad c\u00f3smica. Ahora, para ser ciudadanos y modernos, debemos ser productores (olvidando que es la Madre Tierra la que produce), consumidores compulsivos. Y as\u00ed, vamos corriendo tras la ilusoria modernidad aun cuando en el lugar de origen de la modernidad, ahora, algunos\/as comienzan a desandar por el camino de la reconciliaci\u00f3n con la Madre Tierra.<\/p>\n<p style=\"text-align:justify;\">En este contexto, el gran reto que tenemos cuantos nos asumimos como ind\u00edgenas es comenzar a reconciliarnos con nuestra Madre Tierra. Reconstruir nuestra identidad Tierra. Asumirnos, sin complejos, como parte horizontal de la comunidad c\u00f3smica. Reconocer que todos los otros seres tambi\u00e9n son portadores de dignidad y de derechos. No somos, ni nunca fuimos, el centro, ni el fin, ni la medida de la realidad o de todo cuanto existe. Somos una cofinalidad con todos los otros seres materiales y espirituales que coexisten con nosotros creando e inventado una infinidad de redes de interrelaci\u00f3n. Nuestro camino no es la competencia, ni la dominaci\u00f3n. Nuestro camino es la cooperaci\u00f3n. Nuestro destino es la comunidad. La comunidad c\u00f3smica.<\/p>\n<p style=\"text-align:justify;\">Esta tarea implica necesariamente desaprender lo aprendido como verdades absolutas. Necesitamos cultivarnos en el m\u00e9todo de la sospecha y de la duda-pregunta permanente. Debemos zafarnos del cors\u00e9 de la academia y de las universidades como las \u00fanicas fuentes y depositarias del conocimiento. Las universidades y la academia s\u00f3lo saben lo que occidente le dice que sepa. Nuestros econocimientos no est\u00e1n en las universidades. As\u00ed como el universo y el pluriverso se encuentran en permanente expansi\u00f3n y consolidaci\u00f3n, tambi\u00e9n los conocimientos se encuentran en peramente construcci\u00f3n. No existen verdades absolutas, ni modos \u00fanicos de construir los conocimientos.<\/p>\n<p style=\"text-align:justify;\">La raz\u00f3n occidental es incapaz de conocer las razones de la Madre Tierra. Al palpitar del coraz\u00f3n de la Madre Tierra se accede mediante la ritualidad y el sentimiento pensante. Debemos abandonar la idealizaci\u00f3n de los grados y t\u00edtulos acad\u00e9micos, y la cultura escrita, como fetiches del conocimiento y estatus social. El mundo actual est\u00e1 patas arriba, \u00bfpor el gobierno de qui\u00e9nes? La ilustraci\u00f3n y la modernidad devastaron el planeta en menos de tres siglos. Pero, a la Madre Tierra le llev\u00f3 cientos de millones de a\u00f1os para posibilitar las condiciones adecuadas para cobijar las diferentes formas de vida. Nuestros abuelos subsistieron y convivieron en Ella y con Ella miles de a\u00f1os.<\/p>\n<p style=\"text-align:justify;\">Otras camisas de fuerza de las que debemos liberarnos los pueblos ind\u00edgenas son del autoritarismo de los estados nacionales y de las religiones monote\u00edstas. Para nosotros, en estos doscientos a\u00f1os de rep\u00fablicas latinoamericanas, no ha existido Estado alguno. Estado entendido como garante de los derechos y facilidator de la construcci\u00f3n del bienestar integral com\u00fan. Por tanto, no nos sentimos parte, ni representados por los estados nacionales.<\/p>\n<p style=\"text-align:justify;\">Nosotros nunca fuimos parte, ni en los or\u00edgenes, ni en las historias de dichos estados. Su autoridad no es leg\u00edtima para nosotros. En el mejor de los casos, a los estados nacionales los vimos y sentimos como los agentes violentos del colonialismo interno, avasallando nuestros territorios. Cuando aguantamos y nos inmolamos para el bienestar de los due\u00f1os de los estados nacionales, entonces, nos toman como \u201cindios\u201d permitidos. Pero, cuando nos organizamos y exigimos nuestros derechos y los derechos de nuestra Madre Tierra, nos declaran y reprimen como a los enemigos internos del Estado.<\/p>\n<p style=\"text-align:justify;\">El monote\u00edsmo no es amigable con la diversidad, ni con la interrelaci\u00f3n. La religi\u00f3n monote\u00edsta engendra violencia porque su misi\u00f3n esencial es anular-convertir al otro diferente. Y, como la Madre Tierra nos engendr\u00f3 y concibi\u00f3 abiertos a la diversidad, entonces, el misionero monote\u00edsta (agente del monoculturalismo) colisiona con esta realidad. All\u00ed nace la violencia, la fragmentaci\u00f3n, la exclusi\u00f3n. Las doctrinas monote\u00edstas fueron acu\u00f1adas y son sostenidas con la finalidad de legitimar la dominaci\u00f3n de unos pocos privilegiados a costa del dolor de las grandes mayor\u00edas. Las y los ind\u00edgenas sabemos, por propia experiencia como pueblos, el recurso del monote\u00edsmo para la colonizaci\u00f3n permanente. El monote\u00edsmo no permite la interrelaci\u00f3n porque plantea la unicidad-uniforme como el ideal perfecto. No admite la sacralidad del universo, ni de la Madre Tierra, porque lo sagrado es monopolio del Dios desconocido ahist\u00f3rico que habita fuera del universo y pluriverso.<\/p>\n<p style=\"text-align:justify;\">Los pueblos ind\u00edgenas, si apostamos al disfrute pleno de nuestros derechos, y a la garant\u00eda de los derechos de nuestra Madre Tierra, debemos transitar hacia la autodeterminaci\u00f3n en nuestros territorios reconstruidos. Desde all\u00ed, si es inevitable, impulsar procesos de construcci\u00f3n de Estados plurinacionales. Aunque tambi\u00e9n somos conscientes que no necesariamente la humanidad naci\u00f3 con estados, ni est\u00e1 condenado a subsistir bajo los estados. Debemos transitar de las religiones mal aprendidas a la fase de las espiritualidades interculturales. Las religiones son dogmas, jerarqu\u00edas, exclusiones. Las espiritualidades son vivencias transformadores que nos predisponen a la fecunda y creativa comunidad c\u00f3smica, nos motiva a gastar la vida en la construcci\u00f3n de un mundo equilibrado e intercultural.<\/p>\n","protected":false},"excerpt":{"rendered":"<p>Al abordar la correlaci\u00f3n entre movimientos ind\u00edgenas y crisis ecol\u00f3gica, las y los \u201cespecialistas\u201d en el tema, por lo regular, asumen dos posturas excluyentes entre s\u00ed: unos dicen que los pueblos ind\u00edgenas somos esencialmente cuidadosos, jardineros, de la Madre Tierra. Otros, que somos, por nuestra condici\u00f3n de empobrecimiento, uno de los responsables de la crisis [&hellip;]<\/p>\n","protected":false},"author":95365428,"featured_media":218,"comment_status":"open","ping_status":"open","sticky":false,"template":"","format":"standard","meta":{"_coblocks_attr":"","_coblocks_dimensions":"","_coblocks_responsive_height":"","_coblocks_accordion_ie_support":"","_jetpack_newsletter_access":"","_jetpack_dont_email_post_to_subs":false,"_jetpack_newsletter_tier_id":0,"_jetpack_memberships_contains_paywalled_content":false,"_wpcom_ai_launchpad_first_post":false,"_jetpack_feature_clip_id":0,"_jetpack_memberships_contains_paid_content":false,"footnotes":"","jetpack_publicize_message":"{title}\n\n{excerpt}\n\n{url}","jetpack_publicize_feature_enabled":true,"jetpack_social_post_already_shared":false,"jetpack_social_options":{"image_generator_settings":{"template":"highway","default_image_id":0,"font":"","enabled":false},"version":2},"_wpas_customize_per_network":false,"jetpack_post_was_ever_published":false},"categories":[406844226],"tags":[14272018,6289,602357,846965],"class_list":["post-217","post","type-post","status-publish","format-standard","has-post-thumbnail","hentry","category-decolonialidad","tag-colonialidad","tag-identidad","tag-madre-tierra","tag-pueblos-indigenas"],"yoast_head":"<!-- This site is optimized with the Yoast SEO plugin v28.3 - https:\/\/yoast.com\/product\/yoast-seo-wordpress\/ -->\n<title>Los pueblos ind\u00edgenas tambi\u00e9n dejamos huellas ecol\u00f3gicas - Ollantay Itzamn\u00e1<\/title>\n<meta name=\"robots\" content=\"index, follow, max-snippet:-1, max-image-preview:large, max-video-preview:-1\" \/>\n<link rel=\"canonical\" href=\"https:\/\/ollantayitzamna.com\/?p=217\" \/>\n<meta property=\"og:locale\" content=\"es_ES\" \/>\n<meta property=\"og:type\" content=\"article\" \/>\n<meta property=\"og:title\" content=\"Los pueblos ind\u00edgenas tambi\u00e9n dejamos huellas ecol\u00f3gicas - Ollantay Itzamn\u00e1\" \/>\n<meta property=\"og:description\" content=\"Al abordar la correlaci\u00f3n entre movimientos ind\u00edgenas y crisis ecol\u00f3gica, las y los \u201cespecialistas\u201d en el tema, por lo regular, asumen dos posturas excluyentes entre s\u00ed: unos dicen que los pueblos ind\u00edgenas somos esencialmente cuidadosos, jardineros, de la Madre Tierra. Otros, que somos, por nuestra condici\u00f3n de empobrecimiento, uno de los responsables de la crisis [&hellip;]\" \/>\n<meta property=\"og:url\" content=\"https:\/\/ollantayitzamna.com\/?p=217\" \/>\n<meta property=\"og:site_name\" content=\"Ollantay Itzamn\u00e1\" \/>\n<meta property=\"article:published_time\" content=\"2015-11-28T21:17:52+00:00\" \/>\n<meta property=\"article:modified_time\" content=\"2025-07-04T13:40:56+00:00\" \/>\n<meta property=\"og:image\" content=\"https:\/\/i0.wp.com\/ollantayitzamna.com\/wp-content\/uploads\/2015\/11\/dscf7712.jpg?fit=683%2C1024&ssl=1\" \/>\n\t<meta property=\"og:image:width\" content=\"683\" \/>\n\t<meta property=\"og:image:height\" content=\"1024\" \/>\n\t<meta property=\"og:image:type\" content=\"image\/jpeg\" \/>\n<meta name=\"author\" content=\"ollantayitzamna\" \/>\n<meta name=\"twitter:card\" content=\"summary_large_image\" \/>\n<meta name=\"twitter:label1\" content=\"Escrito por\" \/>\n\t<meta name=\"twitter:data1\" content=\"ollantayitzamna\" \/>\n\t<meta name=\"twitter:label2\" content=\"Tiempo de lectura\" \/>\n\t<meta name=\"twitter:data2\" content=\"9 minutos\" \/>\n<script type=\"application\/ld+json\" class=\"yoast-schema-graph\">{\"@context\":\"https:\\\/\\\/schema.org\",\"@graph\":[{\"@type\":\"Article\",\"@id\":\"https:\\\/\\\/ollantayitzamna.com\\\/?p=217#article\",\"isPartOf\":{\"@id\":\"https:\\\/\\\/ollantayitzamna.com\\\/?p=217\"},\"author\":{\"name\":\"ollantayitzamna\",\"@id\":\"https:\\\/\\\/ollantayitzamna.com\\\/#\\\/schema\\\/person\\\/d7d683451f51a71c7d7c6b4b70437092\"},\"headline\":\"Los pueblos ind\u00edgenas tambi\u00e9n dejamos huellas ecol\u00f3gicas\",\"datePublished\":\"2015-11-28T21:17:52+00:00\",\"dateModified\":\"2025-07-04T13:40:56+00:00\",\"mainEntityOfPage\":{\"@id\":\"https:\\\/\\\/ollantayitzamna.com\\\/?p=217\"},\"wordCount\":1763,\"commentCount\":0,\"image\":{\"@id\":\"https:\\\/\\\/ollantayitzamna.com\\\/?p=217#primaryimage\"},\"thumbnailUrl\":\"https:\\\/\\\/i0.wp.com\\\/ollantayitzamna.com\\\/wp-content\\\/uploads\\\/2015\\\/11\\\/dscf7712.jpg?fit=3072%2C4608&ssl=1\",\"keywords\":[\"colonialidad\",\"identidad\",\"Madre Tierra\",\"pueblos ind\u00edgenas\"],\"articleSection\":[\"Decolonialidad\"],\"inLanguage\":\"es\",\"potentialAction\":[{\"@type\":\"CommentAction\",\"name\":\"Comment\",\"target\":[\"https:\\\/\\\/ollantayitzamna.com\\\/?p=217#respond\"]}]},{\"@type\":\"WebPage\",\"@id\":\"https:\\\/\\\/ollantayitzamna.com\\\/?p=217\",\"url\":\"https:\\\/\\\/ollantayitzamna.com\\\/?p=217\",\"name\":\"Los pueblos ind\u00edgenas tambi\u00e9n dejamos huellas ecol\u00f3gicas - Ollantay Itzamn\u00e1\",\"isPartOf\":{\"@id\":\"https:\\\/\\\/ollantayitzamna.com\\\/#website\"},\"primaryImageOfPage\":{\"@id\":\"https:\\\/\\\/ollantayitzamna.com\\\/?p=217#primaryimage\"},\"image\":{\"@id\":\"https:\\\/\\\/ollantayitzamna.com\\\/?p=217#primaryimage\"},\"thumbnailUrl\":\"https:\\\/\\\/i0.wp.com\\\/ollantayitzamna.com\\\/wp-content\\\/uploads\\\/2015\\\/11\\\/dscf7712.jpg?fit=3072%2C4608&ssl=1\",\"datePublished\":\"2015-11-28T21:17:52+00:00\",\"dateModified\":\"2025-07-04T13:40:56+00:00\",\"author\":{\"@id\":\"https:\\\/\\\/ollantayitzamna.com\\\/#\\\/schema\\\/person\\\/d7d683451f51a71c7d7c6b4b70437092\"},\"breadcrumb\":{\"@id\":\"https:\\\/\\\/ollantayitzamna.com\\\/?p=217#breadcrumb\"},\"inLanguage\":\"es\",\"potentialAction\":[{\"@type\":\"ReadAction\",\"target\":[\"https:\\\/\\\/ollantayitzamna.com\\\/?p=217\"]}]},{\"@type\":\"ImageObject\",\"inLanguage\":\"es\",\"@id\":\"https:\\\/\\\/ollantayitzamna.com\\\/?p=217#primaryimage\",\"url\":\"https:\\\/\\\/i0.wp.com\\\/ollantayitzamna.com\\\/wp-content\\\/uploads\\\/2015\\\/11\\\/dscf7712.jpg?fit=3072%2C4608&ssl=1\",\"contentUrl\":\"https:\\\/\\\/i0.wp.com\\\/ollantayitzamna.com\\\/wp-content\\\/uploads\\\/2015\\\/11\\\/dscf7712.jpg?fit=3072%2C4608&ssl=1\",\"width\":3072,\"height\":4608},{\"@type\":\"BreadcrumbList\",\"@id\":\"https:\\\/\\\/ollantayitzamna.com\\\/?p=217#breadcrumb\",\"itemListElement\":[{\"@type\":\"ListItem\",\"position\":1,\"name\":\"Portada\",\"item\":\"https:\\\/\\\/ollantayitzamna.com\\\/\"},{\"@type\":\"ListItem\",\"position\":2,\"name\":\"Los pueblos ind\u00edgenas tambi\u00e9n dejamos huellas ecol\u00f3gicas\"}]},{\"@type\":\"WebSite\",\"@id\":\"https:\\\/\\\/ollantayitzamna.com\\\/#website\",\"url\":\"https:\\\/\\\/ollantayitzamna.com\\\/\",\"name\":\"Ollantay Itzamn\u00e1\",\"description\":\"Susurros del silencio\",\"potentialAction\":[{\"@type\":\"SearchAction\",\"target\":{\"@type\":\"EntryPoint\",\"urlTemplate\":\"https:\\\/\\\/ollantayitzamna.com\\\/?s={search_term_string}\"},\"query-input\":{\"@type\":\"PropertyValueSpecification\",\"valueRequired\":true,\"valueName\":\"search_term_string\"}}],\"inLanguage\":\"es\"},{\"@type\":\"Person\",\"@id\":\"https:\\\/\\\/ollantayitzamna.com\\\/#\\\/schema\\\/person\\\/d7d683451f51a71c7d7c6b4b70437092\",\"name\":\"ollantayitzamna\",\"image\":{\"@type\":\"ImageObject\",\"inLanguage\":\"es\",\"@id\":\"https:\\\/\\\/secure.gravatar.com\\\/avatar\\\/576387c53cc1a5ef704abf20408627fa3cb969d3f33355a576a2b20d65397362?s=96&d=identicon&r=g\",\"url\":\"https:\\\/\\\/secure.gravatar.com\\\/avatar\\\/576387c53cc1a5ef704abf20408627fa3cb969d3f33355a576a2b20d65397362?s=96&d=identicon&r=g\",\"contentUrl\":\"https:\\\/\\\/secure.gravatar.com\\\/avatar\\\/576387c53cc1a5ef704abf20408627fa3cb969d3f33355a576a2b20d65397362?s=96&d=identicon&r=g\",\"caption\":\"ollantayitzamna\"},\"description\":\"Soy Tierra que siente, que llora, que ama, que conspira, que sue\u00f1a. Soy wawa (criatura) de la Pachamama.\",\"sameAs\":[\"http:\\\/\\\/ollantayitzamna.com\"],\"url\":\"https:\\\/\\\/ollantayitzamna.com\\\/?author=95365428\"}]}<\/script>\n<!-- \/ Yoast SEO plugin. -->","yoast_head_json":{"title":"Los pueblos ind\u00edgenas tambi\u00e9n dejamos huellas ecol\u00f3gicas - Ollantay Itzamn\u00e1","robots":{"index":"index","follow":"follow","max-snippet":"max-snippet:-1","max-image-preview":"max-image-preview:large","max-video-preview":"max-video-preview:-1"},"canonical":"https:\/\/ollantayitzamna.com\/?p=217","og_locale":"es_ES","og_type":"article","og_title":"Los pueblos ind\u00edgenas tambi\u00e9n dejamos huellas ecol\u00f3gicas - Ollantay Itzamn\u00e1","og_description":"Al abordar la correlaci\u00f3n entre movimientos ind\u00edgenas y crisis ecol\u00f3gica, las y los \u201cespecialistas\u201d en el tema, por lo regular, asumen dos posturas excluyentes entre s\u00ed: unos dicen que los pueblos ind\u00edgenas somos esencialmente cuidadosos, jardineros, de la Madre Tierra. Otros, que somos, por nuestra condici\u00f3n de empobrecimiento, uno de los responsables de la crisis [&hellip;]","og_url":"https:\/\/ollantayitzamna.com\/?p=217","og_site_name":"Ollantay Itzamn\u00e1","article_published_time":"2015-11-28T21:17:52+00:00","article_modified_time":"2025-07-04T13:40:56+00:00","og_image":[{"url":"https:\/\/i0.wp.com\/ollantayitzamna.com\/wp-content\/uploads\/2015\/11\/dscf7712.jpg?fit=683%2C1024&ssl=1","width":683,"height":1024,"type":"image\/jpeg"}],"author":"ollantayitzamna","twitter_card":"summary_large_image","twitter_misc":{"Escrito por":"ollantayitzamna","Tiempo de lectura":"9 minutos"},"schema":{"@context":"https:\/\/schema.org","@graph":[{"@type":"Article","@id":"https:\/\/ollantayitzamna.com\/?p=217#article","isPartOf":{"@id":"https:\/\/ollantayitzamna.com\/?p=217"},"author":{"name":"ollantayitzamna","@id":"https:\/\/ollantayitzamna.com\/#\/schema\/person\/d7d683451f51a71c7d7c6b4b70437092"},"headline":"Los pueblos ind\u00edgenas tambi\u00e9n dejamos huellas ecol\u00f3gicas","datePublished":"2015-11-28T21:17:52+00:00","dateModified":"2025-07-04T13:40:56+00:00","mainEntityOfPage":{"@id":"https:\/\/ollantayitzamna.com\/?p=217"},"wordCount":1763,"commentCount":0,"image":{"@id":"https:\/\/ollantayitzamna.com\/?p=217#primaryimage"},"thumbnailUrl":"https:\/\/i0.wp.com\/ollantayitzamna.com\/wp-content\/uploads\/2015\/11\/dscf7712.jpg?fit=3072%2C4608&ssl=1","keywords":["colonialidad","identidad","Madre Tierra","pueblos ind\u00edgenas"],"articleSection":["Decolonialidad"],"inLanguage":"es","potentialAction":[{"@type":"CommentAction","name":"Comment","target":["https:\/\/ollantayitzamna.com\/?p=217#respond"]}]},{"@type":"WebPage","@id":"https:\/\/ollantayitzamna.com\/?p=217","url":"https:\/\/ollantayitzamna.com\/?p=217","name":"Los pueblos ind\u00edgenas tambi\u00e9n dejamos huellas ecol\u00f3gicas - Ollantay Itzamn\u00e1","isPartOf":{"@id":"https:\/\/ollantayitzamna.com\/#website"},"primaryImageOfPage":{"@id":"https:\/\/ollantayitzamna.com\/?p=217#primaryimage"},"image":{"@id":"https:\/\/ollantayitzamna.com\/?p=217#primaryimage"},"thumbnailUrl":"https:\/\/i0.wp.com\/ollantayitzamna.com\/wp-content\/uploads\/2015\/11\/dscf7712.jpg?fit=3072%2C4608&ssl=1","datePublished":"2015-11-28T21:17:52+00:00","dateModified":"2025-07-04T13:40:56+00:00","author":{"@id":"https:\/\/ollantayitzamna.com\/#\/schema\/person\/d7d683451f51a71c7d7c6b4b70437092"},"breadcrumb":{"@id":"https:\/\/ollantayitzamna.com\/?p=217#breadcrumb"},"inLanguage":"es","potentialAction":[{"@type":"ReadAction","target":["https:\/\/ollantayitzamna.com\/?p=217"]}]},{"@type":"ImageObject","inLanguage":"es","@id":"https:\/\/ollantayitzamna.com\/?p=217#primaryimage","url":"https:\/\/i0.wp.com\/ollantayitzamna.com\/wp-content\/uploads\/2015\/11\/dscf7712.jpg?fit=3072%2C4608&ssl=1","contentUrl":"https:\/\/i0.wp.com\/ollantayitzamna.com\/wp-content\/uploads\/2015\/11\/dscf7712.jpg?fit=3072%2C4608&ssl=1","width":3072,"height":4608},{"@type":"BreadcrumbList","@id":"https:\/\/ollantayitzamna.com\/?p=217#breadcrumb","itemListElement":[{"@type":"ListItem","position":1,"name":"Portada","item":"https:\/\/ollantayitzamna.com\/"},{"@type":"ListItem","position":2,"name":"Los pueblos ind\u00edgenas tambi\u00e9n dejamos huellas ecol\u00f3gicas"}]},{"@type":"WebSite","@id":"https:\/\/ollantayitzamna.com\/#website","url":"https:\/\/ollantayitzamna.com\/","name":"Ollantay Itzamn\u00e1","description":"Susurros del silencio","potentialAction":[{"@type":"SearchAction","target":{"@type":"EntryPoint","urlTemplate":"https:\/\/ollantayitzamna.com\/?s={search_term_string}"},"query-input":{"@type":"PropertyValueSpecification","valueRequired":true,"valueName":"search_term_string"}}],"inLanguage":"es"},{"@type":"Person","@id":"https:\/\/ollantayitzamna.com\/#\/schema\/person\/d7d683451f51a71c7d7c6b4b70437092","name":"ollantayitzamna","image":{"@type":"ImageObject","inLanguage":"es","@id":"https:\/\/secure.gravatar.com\/avatar\/576387c53cc1a5ef704abf20408627fa3cb969d3f33355a576a2b20d65397362?s=96&d=identicon&r=g","url":"https:\/\/secure.gravatar.com\/avatar\/576387c53cc1a5ef704abf20408627fa3cb969d3f33355a576a2b20d65397362?s=96&d=identicon&r=g","contentUrl":"https:\/\/secure.gravatar.com\/avatar\/576387c53cc1a5ef704abf20408627fa3cb969d3f33355a576a2b20d65397362?s=96&d=identicon&r=g","caption":"ollantayitzamna"},"description":"Soy Tierra que siente, que llora, que ama, que conspira, que sue\u00f1a. Soy wawa (criatura) de la Pachamama.","sameAs":["http:\/\/ollantayitzamna.com"],"url":"https:\/\/ollantayitzamna.com\/?author=95365428"}]}},"jetpack_publicize_connections":[],"jetpack_likes_enabled":true,"jetpack_sharing_enabled":true,"jetpack_featured_media_url":"https:\/\/i0.wp.com\/ollantayitzamna.com\/wp-content\/uploads\/2015\/11\/dscf7712.jpg?fit=3072%2C4608&ssl=1","_links":{"self":[{"href":"https:\/\/ollantayitzamna.com\/index.php?rest_route=\/wp\/v2\/posts\/217","targetHints":{"allow":["GET"]}}],"collection":[{"href":"https:\/\/ollantayitzamna.com\/index.php?rest_route=\/wp\/v2\/posts"}],"about":[{"href":"https:\/\/ollantayitzamna.com\/index.php?rest_route=\/wp\/v2\/types\/post"}],"author":[{"embeddable":true,"href":"https:\/\/ollantayitzamna.com\/index.php?rest_route=\/wp\/v2\/users\/95365428"}],"replies":[{"embeddable":true,"href":"https:\/\/ollantayitzamna.com\/index.php?rest_route=%2Fwp%2Fv2%2Fcomments&post=217"}],"version-history":[{"count":5,"href":"https:\/\/ollantayitzamna.com\/index.php?rest_route=\/wp\/v2\/posts\/217\/revisions"}],"predecessor-version":[{"id":223,"href":"https:\/\/ollantayitzamna.com\/index.php?rest_route=\/wp\/v2\/posts\/217\/revisions\/223"}],"wp:featuredmedia":[{"embeddable":true,"href":"https:\/\/ollantayitzamna.com\/index.php?rest_route=\/wp\/v2\/media\/218"}],"wp:attachment":[{"href":"https:\/\/ollantayitzamna.com\/index.php?rest_route=%2Fwp%2Fv2%2Fmedia&parent=217"}],"wp:term":[{"taxonomy":"category","embeddable":true,"href":"https:\/\/ollantayitzamna.com\/index.php?rest_route=%2Fwp%2Fv2%2Fcategories&post=217"},{"taxonomy":"post_tag","embeddable":true,"href":"https:\/\/ollantayitzamna.com\/index.php?rest_route=%2Fwp%2Fv2%2Ftags&post=217"}],"curies":[{"name":"wp","href":"https:\/\/api.w.org\/{rel}","templated":true}]}}