{"id":225,"date":"2015-12-03T09:00:23","date_gmt":"2015-12-03T15:00:23","guid":{"rendered":"https:\/\/ollantayitzamna.com\/?p=225"},"modified":"2025-07-04T07:22:32","modified_gmt":"2025-07-04T13:22:32","slug":"225","status":"publish","type":"post","link":"https:\/\/ollantayitzamna.com\/?p=225","title":{"rendered":"Qu\u00e9 paradoja: Ellos dicen tener filosof\u00eda, nosotros, \u00fanicamente cosmovisi\u00f3n"},"content":{"rendered":"<figure id=\"attachment_226\" aria-describedby=\"caption-attachment-226\" style=\"width: 300px\" class=\"wp-caption aligncenter\"><img data-recalc-dims=\"1\" fetchpriority=\"high\" decoding=\"async\" data-attachment-id=\"226\" data-permalink=\"https:\/\/ollantayitzamna.com\/?attachment_id=226\" data-orig-file=\"https:\/\/i0.wp.com\/ollantayitzamna.com\/wp-content\/uploads\/2015\/12\/chakana.jpg?fit=750%2C696&amp;ssl=1\" data-orig-size=\"750,696\" data-comments-opened=\"1\" data-image-meta=\"{&quot;aperture&quot;:&quot;0&quot;,&quot;credit&quot;:&quot;&quot;,&quot;camera&quot;:&quot;&quot;,&quot;caption&quot;:&quot;&quot;,&quot;created_timestamp&quot;:&quot;0&quot;,&quot;copyright&quot;:&quot;&quot;,&quot;focal_length&quot;:&quot;0&quot;,&quot;iso&quot;:&quot;0&quot;,&quot;shutter_speed&quot;:&quot;0&quot;,&quot;title&quot;:&quot;&quot;,&quot;orientation&quot;:&quot;1&quot;}\" data-image-title=\"Chakana andina\" data-image-description=\"\" data-image-caption=\"\" data-large-file=\"https:\/\/i0.wp.com\/ollantayitzamna.com\/wp-content\/uploads\/2015\/12\/chakana.jpg?fit=750%2C696&amp;ssl=1\" class=\"wp-image-226 size-medium\" src=\"https:\/\/i0.wp.com\/ollantayitzamna.com\/wp-content\/uploads\/2015\/12\/chakana.jpg?resize=300%2C278&#038;ssl=1\" alt=\"Chakana andina\" width=\"300\" height=\"278\" \/><figcaption id=\"caption-attachment-226\" class=\"wp-caption-text\">Chakana andina<\/figcaption><\/figure>\n<p style=\"text-align:justify;\">En la ret\u00f3rica de la intelectualidad se asume que los pueblos ind\u00edgenas u originarios de Abya Yala, y del resto del mundo, tenemos \u00fanicamente cosmovisiones y Occidente tiene filosof\u00eda.<\/p>\n<p style=\"text-align:justify;\">Es muy com\u00fan o\u00edr a ind\u00edgenas (profesionales o no) repetir con aires de orgullo sobre la cosmovisi\u00f3n de sus pueblos, como la m\u00e1xima construcci\u00f3n intelectual y espiritual de sus ancestros. Pero, \u00bfsabr\u00e1n para qu\u00e9 y qui\u00e9nes acu\u00f1aron el concepto de cosmovisi\u00f3n? \u00bfSabr\u00e1n que al asumir\/apropiarse de tal constructo \u201cnaturalizan\u201d el racismo integral que tanto nos da\u00f1a?<\/p>\n<p style=\"text-align:justify;\"><!--more-->Seg\u00fan Dilthey, Schelling, Heidegger, Kierkegaard, Hegel, entre otros, la cosmovisi\u00f3n es la forma primaria (prete\u00f3rica) de ordenar y explicar el mundo, hecho por un grupo cultural, sin mayor abstracci\u00f3n te\u00f3rica. La filosof\u00eda, en cambio, es la explicaci\u00f3n profunda y amplia de la realidad total. Es la abstracci\u00f3n te\u00f3rica y metaf\u00edsica para responder a las preguntas trascendentales que inquieta a la humanidad.<\/p>\n<p style=\"text-align:justify;\">Por eso Heidegeer, a inicios del siglo XX, dir\u00e1: \u201cLa cosmovisi\u00f3n expone fen\u00f3menos ajenos a la filosof\u00eda\u201d. Y en el mejor de los casos, la cosmovisi\u00f3n formar\u00eda parte del quehacer filos\u00f3fico primario al intentar responder, de manera elemental\/limitada, a las inquietudes humanas.<\/p>\n<hr \/>\n<h5 style=\"text-align:center;\">Est\u00e1 claro que la cosmovisi\u00f3n (seg\u00fan sus acu\u00f1adores) no tiene categor\u00eda de filosof\u00eda por ser un \u201cesfuerzo\u201d elemental. Es decir, los pueblos atrasados o inferiores tienen cosmovisi\u00f3n (visi\u00f3n casi m\u00e1gica de su realidad). Los pueblos avanzados o superiores construyen filosof\u00eda (cuentan con la raz\u00f3n y la voluntad para teorizar y abstraer la realidad).<\/h5>\n<hr \/>\n<p style=\"text-align:justify;\">\u00bfPor qu\u00e9 los alemanes acu\u00f1aron esta idea a finales del siglo XIX? En el fondo fue con la finalidad de justificar lo que Hegel y otros ya hab\u00edan afirmado antes: \u201cLa supuesta superioridad mental, espiritual y cultural de ellos sobre el resto de los pueblos\u201d. De all\u00ed se asume que ellos, por estar habitados por un esp\u00edritu humano superior, tienen filosof\u00eda, y el resto (pueblos inferiores\/atrasados) tenemos \u00fanicamente cosmovisiones.<\/p>\n<p style=\"text-align:justify;\">En las facultades de filosof\u00eda occidental se ense\u00f1a que la sociog\u00e9nesis de la filosof\u00eda se encuentra en los pueblos griegos del siglo IV aC. Estos pueblos de navegantes, rodeados de aguas marinas, registraron sus preguntas y respuestas a sus inquietudes existenciales (condicionados por su \u00e9poca, geograf\u00eda y dem\u00e1s circunstancias), y los europeos los asumieron como la base de su civilizaci\u00f3n.<\/p>\n<p style=\"text-align:justify;\">Desde entonces, la academia occidental, y cuantos se esfuerzan por ser reconocidos como acad\u00e9micos, divulgan las preguntas y respuestas de los griegos del siglo IV aC. como la \u00fanica verdad filos\u00f3fica universal, capaz de explicar y organizar la realidad.<\/p>\n<p style=\"text-align:justify;\">Es importante indicar que en los escritos griegos, phylosophia (amor a la sabidur\u00eda) construida por comunidades, bajo la gu\u00eda de sabios\/as, ten\u00eda una perspectiva integral\/hol\u00edstica sobre la realidad. Poes\u00eda, mitolog\u00eda, teogon\u00eda, matem\u00e1tica, astronom\u00eda, \u00e9tica, pol\u00edtica, metaf\u00edsica, etc., constitu\u00edan dicha filosof\u00eda.<\/p>\n<p style=\"text-align:justify;\">Fue en el transcurso del tiempo que Europa seleccion\u00f3 \u00fanicamente las \u201cteor\u00edas abstractas\u201d griegas como filosof\u00eda, y censur\u00f3 el resto de los documentos como simple \u201cliteratura\u201d. All\u00ed naci\u00f3 la racionalidad lineal y fragmentaria, que luego dar\u00e1 origen a la \u201craz\u00f3n lineal\u201d occidental. Es decir, a la filosof\u00eda como conocemos actualmente. Los griegos de aquel entonces jam\u00e1s imaginaron en la universalizaci\u00f3n de su pensamiento.<\/p>\n<h2 style=\"text-align:justify;\">Los pueblos ind\u00edgenas tenemos filosof\u00edas, no cosmovisiones<\/h2>\n<p style=\"text-align:justify;\">Mayas, aztecas, chipchas, quechuas, aymaras, guaran\u00edes, mapuches, etc., tenemos nuestras propias filosof\u00edas con las que comprendemos y explicamos nuestras realidades. Y, existen tantas filosof\u00edas como pueblos o civilizaci\u00f3n coexistimos en el planeta.<\/p>\n<p style=\"text-align:justify;\">Quien asuma que existe una \u00fanica filosof\u00eda (la occidental) y cosmovisiones, no hace m\u00e1s que externalizar el racismo mental y espiritual que lo habita. Y si alg\u00fan aborigen o indomestizo asume el pensamiento\/espiritualidad\/ritualidad de sus ancestros como cosmovisi\u00f3n, por ignorancia o por mal formaci\u00f3n, padece y reproduce la colonialidad del saber y del poder occidental.<\/p>\n<p style=\"text-align:justify;\">Occidente intent\u00f3 imponer su pensamiento como la filosof\u00eda universal. Y ese pensamiento moderno \u201csuperior\u201d, en cuesti\u00f3n de tres siglos devast\u00f3 y devasta la vida, sus ciclos, e incluso la capacidad regenerativa y autoclimatizaci\u00f3n de nuestra Madre Tierra.<\/p>\n<h6 style=\"text-align:center;\">Mientras esto ocurre, nosotros y los otros seguimos despreciando lo nuestro: Asumiendo que ellos tienen filosof\u00eda, nosotros s\u00f3lo cosmovisi\u00f3n. Que ellos tienen arte, nosotros \u00fanicamente artesan\u00eda. Que ellos, religi\u00f3n, nosotros solamente creencias. Que ellos hablan idiomas, nosotros apenas lenguas. Que ellos, cultura, nosotros s\u00f3lo tradiciones. Y as\u00ed sigue y suman los desprecios sem\u00e1nticos \u201cnaturalizados\u201d.<\/h6>\n","protected":false},"excerpt":{"rendered":"<p>En la ret\u00f3rica de la intelectualidad se asume que los pueblos ind\u00edgenas u originarios de Abya Yala, y del resto del mundo, tenemos \u00fanicamente cosmovisiones y Occidente tiene filosof\u00eda. Es muy com\u00fan o\u00edr a ind\u00edgenas (profesionales o no) repetir con aires de orgullo sobre la cosmovisi\u00f3n de sus pueblos, como la m\u00e1xima construcci\u00f3n intelectual y [&hellip;]<\/p>\n","protected":false},"author":95365428,"featured_media":226,"comment_status":"open","ping_status":"open","sticky":false,"template":"","format":"standard","meta":{"_coblocks_attr":"","_coblocks_dimensions":"","_coblocks_responsive_height":"","_coblocks_accordion_ie_support":"","_crdt_document":"","_jetpack_newsletter_access":"","_jetpack_dont_email_post_to_subs":false,"_jetpack_newsletter_tier_id":0,"_jetpack_memberships_contains_paywalled_content":false,"_jetpack_memberships_contains_paid_content":false,"footnotes":"","jetpack_publicize_message":"","jetpack_publicize_feature_enabled":true,"jetpack_social_post_already_shared":false,"jetpack_social_options":{"image_generator_settings":{"template":"highway","default_image_id":0,"font":"","enabled":false},"version":2},"_wpas_customize_per_network":false,"jetpack_post_was_ever_published":false},"categories":[696796406],"tags":[14272018,756286,440662,846965,696795867],"class_list":["post-225","post","type-post","status-publish","format-standard","has-post-thumbnail","hentry","category-comunalidad","tag-colonialidad","tag-cosmovision","tag-occidente","tag-pueblos-indigenas","tag-racismo"],"yoast_head":"<!-- This site is optimized with the Yoast SEO plugin v27.4 - https:\/\/yoast.com\/product\/yoast-seo-wordpress\/ -->\n<title>Qu\u00e9 paradoja: Ellos dicen tener filosof\u00eda, nosotros, \u00fanicamente cosmovisi\u00f3n - Ollantay Itzamn\u00e1<\/title>\n<meta name=\"robots\" content=\"index, follow, max-snippet:-1, max-image-preview:large, max-video-preview:-1\" \/>\n<link rel=\"canonical\" href=\"https:\/\/ollantayitzamna.com\/?p=225\" \/>\n<meta property=\"og:locale\" content=\"es_ES\" \/>\n<meta property=\"og:type\" content=\"article\" \/>\n<meta property=\"og:title\" content=\"Qu\u00e9 paradoja: Ellos dicen tener filosof\u00eda, nosotros, \u00fanicamente cosmovisi\u00f3n - Ollantay Itzamn\u00e1\" \/>\n<meta property=\"og:description\" content=\"En la ret\u00f3rica de la intelectualidad se asume que los pueblos ind\u00edgenas u originarios de Abya Yala, y del resto del mundo, tenemos \u00fanicamente cosmovisiones y Occidente tiene filosof\u00eda. Es muy com\u00fan o\u00edr a ind\u00edgenas (profesionales o no) repetir con aires de orgullo sobre la cosmovisi\u00f3n de sus pueblos, como la m\u00e1xima construcci\u00f3n intelectual y [&hellip;]\" \/>\n<meta property=\"og:url\" content=\"https:\/\/ollantayitzamna.com\/?p=225\" \/>\n<meta property=\"og:site_name\" content=\"Ollantay Itzamn\u00e1\" \/>\n<meta property=\"article:published_time\" content=\"2015-12-03T15:00:23+00:00\" \/>\n<meta property=\"article:modified_time\" content=\"2025-07-04T13:22:32+00:00\" \/>\n<meta property=\"og:image\" content=\"https:\/\/i0.wp.com\/ollantayitzamna.com\/wp-content\/uploads\/2015\/12\/chakana.jpg?fit=750%2C696&ssl=1\" \/>\n\t<meta property=\"og:image:width\" content=\"750\" \/>\n\t<meta property=\"og:image:height\" content=\"696\" \/>\n\t<meta property=\"og:image:type\" content=\"image\/jpeg\" \/>\n<meta name=\"author\" content=\"ollantayitzamna\" \/>\n<meta name=\"twitter:card\" content=\"summary_large_image\" \/>\n<meta name=\"twitter:label1\" content=\"Escrito por\" \/>\n\t<meta name=\"twitter:data1\" content=\"ollantayitzamna\" \/>\n\t<meta name=\"twitter:label2\" content=\"Tiempo de lectura\" \/>\n\t<meta name=\"twitter:data2\" content=\"4 minutos\" \/>\n<script type=\"application\/ld+json\" class=\"yoast-schema-graph\">{\"@context\":\"https:\\\/\\\/schema.org\",\"@graph\":[{\"@type\":\"Article\",\"@id\":\"https:\\\/\\\/ollantayitzamna.com\\\/?p=225#article\",\"isPartOf\":{\"@id\":\"https:\\\/\\\/ollantayitzamna.com\\\/?p=225\"},\"author\":{\"name\":\"ollantayitzamna\",\"@id\":\"https:\\\/\\\/ollantayitzamna.com\\\/#\\\/schema\\\/person\\\/d7d683451f51a71c7d7c6b4b70437092\"},\"headline\":\"Qu\u00e9 paradoja: Ellos dicen tener filosof\u00eda, nosotros, \u00fanicamente cosmovisi\u00f3n\",\"datePublished\":\"2015-12-03T15:00:23+00:00\",\"dateModified\":\"2025-07-04T13:22:32+00:00\",\"mainEntityOfPage\":{\"@id\":\"https:\\\/\\\/ollantayitzamna.com\\\/?p=225\"},\"wordCount\":818,\"commentCount\":11,\"image\":{\"@id\":\"https:\\\/\\\/ollantayitzamna.com\\\/?p=225#primaryimage\"},\"thumbnailUrl\":\"https:\\\/\\\/i0.wp.com\\\/ollantayitzamna.com\\\/wp-content\\\/uploads\\\/2015\\\/12\\\/chakana.jpg?fit=750%2C696&ssl=1\",\"keywords\":[\"colonialidad\",\"cosmovisi\u00f3n\",\"Occidente\",\"pueblos ind\u00edgenas\",\"racismo\"],\"articleSection\":[\"Comunalidad\"],\"inLanguage\":\"es\",\"potentialAction\":[{\"@type\":\"CommentAction\",\"name\":\"Comment\",\"target\":[\"https:\\\/\\\/ollantayitzamna.com\\\/?p=225#respond\"]}]},{\"@type\":\"WebPage\",\"@id\":\"https:\\\/\\\/ollantayitzamna.com\\\/?p=225\",\"url\":\"https:\\\/\\\/ollantayitzamna.com\\\/?p=225\",\"name\":\"Qu\u00e9 paradoja: Ellos dicen tener filosof\u00eda, nosotros, \u00fanicamente cosmovisi\u00f3n - Ollantay Itzamn\u00e1\",\"isPartOf\":{\"@id\":\"https:\\\/\\\/ollantayitzamna.com\\\/#website\"},\"primaryImageOfPage\":{\"@id\":\"https:\\\/\\\/ollantayitzamna.com\\\/?p=225#primaryimage\"},\"image\":{\"@id\":\"https:\\\/\\\/ollantayitzamna.com\\\/?p=225#primaryimage\"},\"thumbnailUrl\":\"https:\\\/\\\/i0.wp.com\\\/ollantayitzamna.com\\\/wp-content\\\/uploads\\\/2015\\\/12\\\/chakana.jpg?fit=750%2C696&ssl=1\",\"datePublished\":\"2015-12-03T15:00:23+00:00\",\"dateModified\":\"2025-07-04T13:22:32+00:00\",\"author\":{\"@id\":\"https:\\\/\\\/ollantayitzamna.com\\\/#\\\/schema\\\/person\\\/d7d683451f51a71c7d7c6b4b70437092\"},\"breadcrumb\":{\"@id\":\"https:\\\/\\\/ollantayitzamna.com\\\/?p=225#breadcrumb\"},\"inLanguage\":\"es\",\"potentialAction\":[{\"@type\":\"ReadAction\",\"target\":[\"https:\\\/\\\/ollantayitzamna.com\\\/?p=225\"]}]},{\"@type\":\"ImageObject\",\"inLanguage\":\"es\",\"@id\":\"https:\\\/\\\/ollantayitzamna.com\\\/?p=225#primaryimage\",\"url\":\"https:\\\/\\\/i0.wp.com\\\/ollantayitzamna.com\\\/wp-content\\\/uploads\\\/2015\\\/12\\\/chakana.jpg?fit=750%2C696&ssl=1\",\"contentUrl\":\"https:\\\/\\\/i0.wp.com\\\/ollantayitzamna.com\\\/wp-content\\\/uploads\\\/2015\\\/12\\\/chakana.jpg?fit=750%2C696&ssl=1\",\"width\":750,\"height\":696},{\"@type\":\"BreadcrumbList\",\"@id\":\"https:\\\/\\\/ollantayitzamna.com\\\/?p=225#breadcrumb\",\"itemListElement\":[{\"@type\":\"ListItem\",\"position\":1,\"name\":\"Portada\",\"item\":\"https:\\\/\\\/ollantayitzamna.com\\\/\"},{\"@type\":\"ListItem\",\"position\":2,\"name\":\"Qu\u00e9 paradoja: Ellos dicen tener filosof\u00eda, nosotros, \u00fanicamente cosmovisi\u00f3n\"}]},{\"@type\":\"WebSite\",\"@id\":\"https:\\\/\\\/ollantayitzamna.com\\\/#website\",\"url\":\"https:\\\/\\\/ollantayitzamna.com\\\/\",\"name\":\"Ollantay Itzamn\u00e1\",\"description\":\"Susurros del silencio\",\"potentialAction\":[{\"@type\":\"SearchAction\",\"target\":{\"@type\":\"EntryPoint\",\"urlTemplate\":\"https:\\\/\\\/ollantayitzamna.com\\\/?s={search_term_string}\"},\"query-input\":{\"@type\":\"PropertyValueSpecification\",\"valueRequired\":true,\"valueName\":\"search_term_string\"}}],\"inLanguage\":\"es\"},{\"@type\":\"Person\",\"@id\":\"https:\\\/\\\/ollantayitzamna.com\\\/#\\\/schema\\\/person\\\/d7d683451f51a71c7d7c6b4b70437092\",\"name\":\"ollantayitzamna\",\"image\":{\"@type\":\"ImageObject\",\"inLanguage\":\"es\",\"@id\":\"https:\\\/\\\/secure.gravatar.com\\\/avatar\\\/576387c53cc1a5ef704abf20408627fa3cb969d3f33355a576a2b20d65397362?s=96&d=identicon&r=g\",\"url\":\"https:\\\/\\\/secure.gravatar.com\\\/avatar\\\/576387c53cc1a5ef704abf20408627fa3cb969d3f33355a576a2b20d65397362?s=96&d=identicon&r=g\",\"contentUrl\":\"https:\\\/\\\/secure.gravatar.com\\\/avatar\\\/576387c53cc1a5ef704abf20408627fa3cb969d3f33355a576a2b20d65397362?s=96&d=identicon&r=g\",\"caption\":\"ollantayitzamna\"},\"description\":\"Soy Tierra que siente, que llora, que ama, que conspira, que sue\u00f1a. Soy wawa (criatura) de la Pachamama.\",\"sameAs\":[\"http:\\\/\\\/ollantayitzamna.com\"],\"url\":\"https:\\\/\\\/ollantayitzamna.com\\\/?author=95365428\"}]}<\/script>\n<!-- \/ Yoast SEO plugin. -->","yoast_head_json":{"title":"Qu\u00e9 paradoja: Ellos dicen tener filosof\u00eda, nosotros, \u00fanicamente cosmovisi\u00f3n - Ollantay Itzamn\u00e1","robots":{"index":"index","follow":"follow","max-snippet":"max-snippet:-1","max-image-preview":"max-image-preview:large","max-video-preview":"max-video-preview:-1"},"canonical":"https:\/\/ollantayitzamna.com\/?p=225","og_locale":"es_ES","og_type":"article","og_title":"Qu\u00e9 paradoja: Ellos dicen tener filosof\u00eda, nosotros, \u00fanicamente cosmovisi\u00f3n - Ollantay Itzamn\u00e1","og_description":"En la ret\u00f3rica de la intelectualidad se asume que los pueblos ind\u00edgenas u originarios de Abya Yala, y del resto del mundo, tenemos \u00fanicamente cosmovisiones y Occidente tiene filosof\u00eda. Es muy com\u00fan o\u00edr a ind\u00edgenas (profesionales o no) repetir con aires de orgullo sobre la cosmovisi\u00f3n de sus pueblos, como la m\u00e1xima construcci\u00f3n intelectual y [&hellip;]","og_url":"https:\/\/ollantayitzamna.com\/?p=225","og_site_name":"Ollantay Itzamn\u00e1","article_published_time":"2015-12-03T15:00:23+00:00","article_modified_time":"2025-07-04T13:22:32+00:00","og_image":[{"width":750,"height":696,"url":"https:\/\/i0.wp.com\/ollantayitzamna.com\/wp-content\/uploads\/2015\/12\/chakana.jpg?fit=750%2C696&ssl=1","type":"image\/jpeg"}],"author":"ollantayitzamna","twitter_card":"summary_large_image","twitter_misc":{"Escrito por":"ollantayitzamna","Tiempo de lectura":"4 minutos"},"schema":{"@context":"https:\/\/schema.org","@graph":[{"@type":"Article","@id":"https:\/\/ollantayitzamna.com\/?p=225#article","isPartOf":{"@id":"https:\/\/ollantayitzamna.com\/?p=225"},"author":{"name":"ollantayitzamna","@id":"https:\/\/ollantayitzamna.com\/#\/schema\/person\/d7d683451f51a71c7d7c6b4b70437092"},"headline":"Qu\u00e9 paradoja: Ellos dicen tener filosof\u00eda, nosotros, \u00fanicamente cosmovisi\u00f3n","datePublished":"2015-12-03T15:00:23+00:00","dateModified":"2025-07-04T13:22:32+00:00","mainEntityOfPage":{"@id":"https:\/\/ollantayitzamna.com\/?p=225"},"wordCount":818,"commentCount":11,"image":{"@id":"https:\/\/ollantayitzamna.com\/?p=225#primaryimage"},"thumbnailUrl":"https:\/\/i0.wp.com\/ollantayitzamna.com\/wp-content\/uploads\/2015\/12\/chakana.jpg?fit=750%2C696&ssl=1","keywords":["colonialidad","cosmovisi\u00f3n","Occidente","pueblos ind\u00edgenas","racismo"],"articleSection":["Comunalidad"],"inLanguage":"es","potentialAction":[{"@type":"CommentAction","name":"Comment","target":["https:\/\/ollantayitzamna.com\/?p=225#respond"]}]},{"@type":"WebPage","@id":"https:\/\/ollantayitzamna.com\/?p=225","url":"https:\/\/ollantayitzamna.com\/?p=225","name":"Qu\u00e9 paradoja: Ellos dicen tener filosof\u00eda, nosotros, \u00fanicamente cosmovisi\u00f3n - Ollantay Itzamn\u00e1","isPartOf":{"@id":"https:\/\/ollantayitzamna.com\/#website"},"primaryImageOfPage":{"@id":"https:\/\/ollantayitzamna.com\/?p=225#primaryimage"},"image":{"@id":"https:\/\/ollantayitzamna.com\/?p=225#primaryimage"},"thumbnailUrl":"https:\/\/i0.wp.com\/ollantayitzamna.com\/wp-content\/uploads\/2015\/12\/chakana.jpg?fit=750%2C696&ssl=1","datePublished":"2015-12-03T15:00:23+00:00","dateModified":"2025-07-04T13:22:32+00:00","author":{"@id":"https:\/\/ollantayitzamna.com\/#\/schema\/person\/d7d683451f51a71c7d7c6b4b70437092"},"breadcrumb":{"@id":"https:\/\/ollantayitzamna.com\/?p=225#breadcrumb"},"inLanguage":"es","potentialAction":[{"@type":"ReadAction","target":["https:\/\/ollantayitzamna.com\/?p=225"]}]},{"@type":"ImageObject","inLanguage":"es","@id":"https:\/\/ollantayitzamna.com\/?p=225#primaryimage","url":"https:\/\/i0.wp.com\/ollantayitzamna.com\/wp-content\/uploads\/2015\/12\/chakana.jpg?fit=750%2C696&ssl=1","contentUrl":"https:\/\/i0.wp.com\/ollantayitzamna.com\/wp-content\/uploads\/2015\/12\/chakana.jpg?fit=750%2C696&ssl=1","width":750,"height":696},{"@type":"BreadcrumbList","@id":"https:\/\/ollantayitzamna.com\/?p=225#breadcrumb","itemListElement":[{"@type":"ListItem","position":1,"name":"Portada","item":"https:\/\/ollantayitzamna.com\/"},{"@type":"ListItem","position":2,"name":"Qu\u00e9 paradoja: Ellos dicen tener filosof\u00eda, nosotros, \u00fanicamente cosmovisi\u00f3n"}]},{"@type":"WebSite","@id":"https:\/\/ollantayitzamna.com\/#website","url":"https:\/\/ollantayitzamna.com\/","name":"Ollantay Itzamn\u00e1","description":"Susurros del silencio","potentialAction":[{"@type":"SearchAction","target":{"@type":"EntryPoint","urlTemplate":"https:\/\/ollantayitzamna.com\/?s={search_term_string}"},"query-input":{"@type":"PropertyValueSpecification","valueRequired":true,"valueName":"search_term_string"}}],"inLanguage":"es"},{"@type":"Person","@id":"https:\/\/ollantayitzamna.com\/#\/schema\/person\/d7d683451f51a71c7d7c6b4b70437092","name":"ollantayitzamna","image":{"@type":"ImageObject","inLanguage":"es","@id":"https:\/\/secure.gravatar.com\/avatar\/576387c53cc1a5ef704abf20408627fa3cb969d3f33355a576a2b20d65397362?s=96&d=identicon&r=g","url":"https:\/\/secure.gravatar.com\/avatar\/576387c53cc1a5ef704abf20408627fa3cb969d3f33355a576a2b20d65397362?s=96&d=identicon&r=g","contentUrl":"https:\/\/secure.gravatar.com\/avatar\/576387c53cc1a5ef704abf20408627fa3cb969d3f33355a576a2b20d65397362?s=96&d=identicon&r=g","caption":"ollantayitzamna"},"description":"Soy Tierra que siente, que llora, que ama, que conspira, que sue\u00f1a. Soy wawa (criatura) de la Pachamama.","sameAs":["http:\/\/ollantayitzamna.com"],"url":"https:\/\/ollantayitzamna.com\/?author=95365428"}]}},"jetpack_publicize_connections":[],"jetpack_featured_media_url":"https:\/\/i0.wp.com\/ollantayitzamna.com\/wp-content\/uploads\/2015\/12\/chakana.jpg?fit=750%2C696&ssl=1","jetpack_likes_enabled":true,"jetpack_sharing_enabled":true,"_links":{"self":[{"href":"https:\/\/ollantayitzamna.com\/index.php?rest_route=\/wp\/v2\/posts\/225","targetHints":{"allow":["GET"]}}],"collection":[{"href":"https:\/\/ollantayitzamna.com\/index.php?rest_route=\/wp\/v2\/posts"}],"about":[{"href":"https:\/\/ollantayitzamna.com\/index.php?rest_route=\/wp\/v2\/types\/post"}],"author":[{"embeddable":true,"href":"https:\/\/ollantayitzamna.com\/index.php?rest_route=\/wp\/v2\/users\/95365428"}],"replies":[{"embeddable":true,"href":"https:\/\/ollantayitzamna.com\/index.php?rest_route=%2Fwp%2Fv2%2Fcomments&post=225"}],"version-history":[{"count":3,"href":"https:\/\/ollantayitzamna.com\/index.php?rest_route=\/wp\/v2\/posts\/225\/revisions"}],"predecessor-version":[{"id":229,"href":"https:\/\/ollantayitzamna.com\/index.php?rest_route=\/wp\/v2\/posts\/225\/revisions\/229"}],"wp:featuredmedia":[{"embeddable":true,"href":"https:\/\/ollantayitzamna.com\/index.php?rest_route=\/wp\/v2\/media\/226"}],"wp:attachment":[{"href":"https:\/\/ollantayitzamna.com\/index.php?rest_route=%2Fwp%2Fv2%2Fmedia&parent=225"}],"wp:term":[{"taxonomy":"category","embeddable":true,"href":"https:\/\/ollantayitzamna.com\/index.php?rest_route=%2Fwp%2Fv2%2Fcategories&post=225"},{"taxonomy":"post_tag","embeddable":true,"href":"https:\/\/ollantayitzamna.com\/index.php?rest_route=%2Fwp%2Fv2%2Ftags&post=225"}],"curies":[{"name":"wp","href":"https:\/\/api.w.org\/{rel}","templated":true}]}}