{"id":240,"date":"2015-12-25T20:31:27","date_gmt":"2015-12-26T02:31:27","guid":{"rendered":"https:\/\/ollantayitzamna.com\/?p=240"},"modified":"2025-07-04T07:38:43","modified_gmt":"2025-07-04T13:38:43","slug":"por-que-me-niego-a-celebrar-navidad","status":"publish","type":"post","link":"https:\/\/ollantayitzamna.com\/?p=240","title":{"rendered":"Por qu\u00e9 me niego a celebrar Navidad"},"content":{"rendered":"<figure id=\"attachment_241\" aria-describedby=\"caption-attachment-241\" style=\"width: 300px\" class=\"wp-caption aligncenter\"><img data-recalc-dims=\"1\" fetchpriority=\"high\" decoding=\"async\" data-attachment-id=\"241\" data-permalink=\"https:\/\/ollantayitzamna.com\/?attachment_id=241\" data-orig-file=\"https:\/\/i0.wp.com\/ollantayitzamna.com\/wp-content\/uploads\/2015\/12\/nic3b1o-dios.jpg?fit=768%2C432&amp;ssl=1\" data-orig-size=\"768,432\" data-comments-opened=\"1\" data-image-meta=\"{&quot;aperture&quot;:&quot;0&quot;,&quot;credit&quot;:&quot;&quot;,&quot;camera&quot;:&quot;&quot;,&quot;caption&quot;:&quot;&quot;,&quot;created_timestamp&quot;:&quot;0&quot;,&quot;copyright&quot;:&quot;&quot;,&quot;focal_length&quot;:&quot;0&quot;,&quot;iso&quot;:&quot;0&quot;,&quot;shutter_speed&quot;:&quot;0&quot;,&quot;title&quot;:&quot;&quot;,&quot;orientation&quot;:&quot;0&quot;}\" data-image-title=\"ni\u00f1o Dios\" data-image-description=\"\" data-image-caption=\"&lt;p&gt;Jes\u00fas Navide\u00f1o. Internet&lt;\/p&gt;\n\" data-large-file=\"https:\/\/i0.wp.com\/ollantayitzamna.com\/wp-content\/uploads\/2015\/12\/nic3b1o-dios.jpg?fit=768%2C432&amp;ssl=1\" class=\"size-medium wp-image-241\" src=\"https:\/\/i0.wp.com\/ollantayitzamna.com\/wp-content\/uploads\/2015\/12\/nic3b1o-dios.jpg?resize=300%2C169&#038;ssl=1\" alt=\"Jes\u00fas Navide\u00f1o. Internet\" width=\"300\" height=\"169\" \/><figcaption id=\"caption-attachment-241\" class=\"wp-caption-text\">Jes\u00fas Navide\u00f1o. Internet<\/figcaption><\/figure>\n<p style=\"text-align:justify;\"><span style=\"font-style:inherit;font-weight:inherit;line-height:1.625;\">Si en el siglo III, Aureliano estableci\u00f3 el 25 de diciembre como fiesta de <em>Natalis Solis Invicti<\/em>; en la segunda mitad del siglo XX, el se\u00f1or Mercado (con la complicidad de las iglesias) instaur\u00f3 el 25 de diciembre como la celebraci\u00f3n demencial de la consumopatia global, en nombre de Dios.<\/span><!--more--><\/p>\n<p style=\"text-align:justify;\"><span style=\"font-style:inherit;font-weight:inherit;line-height:1.625;\">Por varios a\u00f1os cre\u00ed ciegamente que cada 25 de diciembre nac\u00eda Dios-con-nosotros (Emmanuel) para salvar a la humanidad de su perdici\u00f3n.<\/span><\/p>\n<p style=\"text-align:justify;\">De un tiempo a esta parte, las contrastantes realidades me inquietaron a sospechar de las verdades\/creencias aprehendidas como doctrinas. Puse en \u201criesgo\u201d mis seguridades existenciales, y comenc\u00e9 a ensayar preguntas sobre mis \u201cverdades constitutivas\u201d, y fue as\u00ed que la duda me abri\u00f3 los horizontes.<\/p>\n<h2 style=\"text-align:justify;\"><strong>Por alguna raz\u00f3n trascendental nadie sabe cu\u00e1ndo naci\u00f3 el hombre m\u00e1s importante para el mundo occidental cristiano<\/strong><\/h2>\n<p style=\"text-align:justify;\">No existe fundamento b\u00edblico, ni doctrina teol\u00f3gica con fundamento hist\u00f3rico, que evidencie que ese tal Jes\u00fas de Nazaret haya nacido un 25 de diciembre.<\/p>\n<p style=\"text-align:justify;\">Los Evangelios hablan de \u201cpastores en el campo recibiendo al Redentor\u201d. Y, entre los hebreos, los pastores migraban con sus reba\u00f1os al campo, buscando pasto, en la temporada de ausencia de lluvia (entre agosto y octubre). En el mes de diciembre, los pastores cuidaban sus ovejas alrededor de sus casas, porque ya la lluvia estaba (y no necesitaban pernoctar en el campo). Por tanto, Jes\u00fas de Nazaret no pudo haber nacido en diciembre.<\/p>\n<p style=\"text-align:justify;\">Fue el Emperador Aureliano, el a\u00f1o 274 d.C., quien decret\u00f3 en Roma el festival del 25 de diciembre para celebrar el <em>natalis solis invicti<\/em> (nacimiento del Sol Invencible), al finalizar las famosas fiestas de <em>Saturnalia<\/em> (en honor al Dios Saturno).<\/p>\n<p style=\"text-align:justify;\">Casi en todas las civilizaciones, en los momentos picos de invierno (mayor alejamiento del calor solar), se hac\u00edan fiestas religiosas para \u201crogar\u201d el pronto retorno del Sol a la tierra. Por ejemplo, en Roma se celebraba el 25 de diciembre la Navidad de Mitr\u00e1, Dios del fuego, una divinidad de origen iran\u00ed.<\/p>\n<p style=\"text-align:justify;\">Pero, el ambicioso Emperador Constantino (luego de convertir el cristianismo en religi\u00f3n oficial del Imperio Romano), el a\u00f1o 529 d.C., estableci\u00f3 el 25 de diciembre como fiesta c\u00edvica en honor al nacimiento de Cristo con la intensi\u00f3n a cohesionar a sus s\u00fabditos ya inc\u00f3modos alrededor de esta fiesta simb\u00f3lica, y as\u00ed preservar el Imperio. Esta es la raz\u00f3n del porqu\u00e9 iglesias y te\u00f3logos callan sobre el origen hist\u00f3rico de la Navidad.<\/p>\n<h2 style=\"text-align:justify;\"><strong>Me resisto a venerar a un ni\u00f1o \u201cDios\u201d blanco y macho en un mundo racista y machista<\/strong><\/h2>\n<p style=\"text-align:justify;\">El 25 de diciembre, en todos los pesebres se colocan y adoran estatuillas de ni\u00f1itos blancos, con ojos azules, nariz respingada, cabellos casta\u00f1os y\/o rizados. Ese mismo fenotipo tiene Mar\u00eda y Jos\u00e9. Puros europeos, convertidos en estatuas sagradas.<\/p>\n<p style=\"text-align:justify;\">En v\u00edsperas a la Navidad, en las ciudades de Cusco o de La Paz, te ofrecen en compra-venta ni\u00f1os espa\u00f1oles, franceses, alemanes, cusque\u00f1os (blancos y cabellos rizados).<\/p>\n<p style=\"text-align:justify;\">Estos ni\u00f1os, cuanto m\u00e1s blancos y revestidos de metales preciosos, son m\u00e1s venerados y apetecidos por empobrecidos y ricos (ignorantes sobre el fundamento de sus creencias). Es la materializaci\u00f3n m\u00e1s grotesca de la prepotencia de la blanquitud sacralizada. De all\u00ed que el mal del racismo es tan invencible como el mal del machismo.<\/p>\n<hr \/>\n<h5 style=\"text-align:justify;padding-left:30px;\"><em>En estas condiciones, los pesebres navide\u00f1os, en su gran mayor\u00eda reflejan-reproducen-sacralizan en racismo abominable que tanto da\u00f1o ocasiona a la humanidad. Por eso me resisto a celebrar el nacimiento del Dios blanquito que instala en el inconsciente de colonizados\/as la ilusa superioridad de la blanquitud.<\/em><\/h5>\n<hr \/>\n<p style=\"text-align:justify;\">Peores o iguales dudas me generan la adoraci\u00f3n de un diosito macho-blanco en un mundo machista que se yergue sobre los pechos de las mujeres mancilladas.<\/p>\n<h2 style=\"text-align:justify;\"><strong>Navidad es vanidad en un mundo carcomido por la desnutrici\u00f3n y empobrecido moralmente<\/strong><\/h2>\n<p style=\"text-align:justify;\">Si en el siglo III, Aureliano estableci\u00f3 el 25 de diciembre como fiesta de <em>Natalis Solis Invicti<\/em>; en la segunda mitad del siglo XX, el se\u00f1or Mercado (con la complicidad de las iglesias) instaur\u00f3 el 25 de diciembre como la celebraci\u00f3n demencial de la consumopatia global, en nombre de Dios.<\/p>\n<p style=\"text-align:justify;\">Mientras millones de ni\u00f1os\/as carcomidos por la desnutrici\u00f3n sobreviven a otros miles de infantes muertos por hambre, durante esa misma Noche Buena, la \u201cglobalidad\u201d de fieles creyentes en la Navidad y en el Mercado alardean de su capacidad de consumo\/derroche a tope.<\/p>\n<p style=\"text-align:justify;\">Casi nadie sabe el origen, ni la raz\u00f3n de ser, del \u00e1rbol de Navidad, de las guirnaldas, del intercambio de los regalos, del Pap\u00e1 Noel que baja por las chimeneas. Casi nadie sabe dar raz\u00f3n del sentido del derroche de energ\u00eda (luces por doquier) por estas fechas. Pero, todos celebran, compran, comen, beben, engordan. Luego, muchos corren a los gimnasios.<\/p>\n<p style=\"text-align:justify;\">La Navidad no es s\u00f3lo vanidad consumop\u00e1tica (ante la ilusi\u00f3n de millones de empobrecidos, tambi\u00e9n hermanos\/as), sino tambi\u00e9n es una demencial fijaci\u00f3n de gases contaminantes en la atm\u00f3sfera.<\/p>\n<p style=\"text-align:justify;\">Ciudades como DF (M\u00e9xico), Cochabamba (Bolivia) o Tegucigalpa (Honduras) amanecen el 25 de diciembre oscurecidas por la quema irresponsable de juegos pirot\u00e9cnicos en honor al nacimiento del Ni\u00f1o Dios. Y, todos\/as no tienen m\u00e1s opci\u00f3n que fijar ese aire contaminado en sus pulmones.<\/p>\n<p style=\"text-align:justify;\">Con esas acciones ecocidas se acelera a\u00fan m\u00e1s el ya devastado equilibrio de nuestra Madre Tierra. Todo en nombre de la Navidad, y en complicidad silenciosa de las iglesias y del mism\u00edsimo Ni\u00f1o Dios.<\/p>\n<p style=\"text-align:justify;\">Los humanos somos los \u00fanicos seres delirantes del pluriverso que destruimos nuestra \u00fanica casa en nombre de Dios. \u00bfQu\u00e9 Dios o Diosa sano podr\u00eda nacer en este contexto socioambiental?<\/p>\n<p style=\"text-align:justify;\">Por estas y m\u00e1s razones me resisto a celebrar Navidad el 25 de diciembre. Cualquier d\u00eda o noche es apto para re unirnos, re ligarnos, en familia-amistades y celebrar el reencuentro regenerador. No es necesario destruir a\u00fan m\u00e1s nuestra ya destruida \u00fanica Casa Com\u00fan en nombre de ning\u00fan ser sobrenatural.<\/p>\n","protected":false},"excerpt":{"rendered":"<p>Si en el siglo III, Aureliano estableci\u00f3 el 25 de diciembre como fiesta de Natalis Solis Invicti; en la segunda mitad del siglo XX, el se\u00f1or Mercado (con la complicidad de las iglesias) instaur\u00f3 el 25 de diciembre como la celebraci\u00f3n demencial de la consumopatia global, en nombre de Dios.<\/p>\n","protected":false},"author":95365428,"featured_media":241,"comment_status":"open","ping_status":"open","sticky":false,"template":"","format":"standard","meta":{"_coblocks_attr":"","_coblocks_dimensions":"","_coblocks_responsive_height":"","_coblocks_accordion_ie_support":"","_jetpack_newsletter_access":"","_jetpack_dont_email_post_to_subs":false,"_jetpack_newsletter_tier_id":0,"_jetpack_memberships_contains_paywalled_content":false,"_wpcom_ai_launchpad_first_post":false,"_jetpack_feature_clip_id":0,"_jetpack_memberships_contains_paid_content":false,"footnotes":"","jetpack_publicize_message":"{title}\n\n{excerpt}\n\n{url}","jetpack_publicize_feature_enabled":true,"jetpack_social_post_already_shared":false,"jetpack_social_options":{"image_generator_settings":{"template":"highway","default_image_id":0,"font":"","enabled":false},"version":2},"_wpas_customize_per_network":false,"jetpack_post_was_ever_published":false},"categories":[696795897],"tags":[198876,13899,696795867],"class_list":["post-240","post","type-post","status-publish","format-standard","has-post-thumbnail","hentry","category-buen-vivir","tag-machismo","tag-navidad","tag-racismo"],"yoast_head":"<!-- This site is optimized with the Yoast SEO plugin v28.4 - https:\/\/yoast.com\/product\/yoast-seo-wordpress\/ -->\n<title>Por qu\u00e9 me niego a celebrar Navidad - Ollantay Itzamn\u00e1<\/title>\n<meta name=\"robots\" content=\"index, follow, max-snippet:-1, max-image-preview:large, max-video-preview:-1\" \/>\n<link rel=\"canonical\" href=\"https:\/\/ollantayitzamna.com\/?p=240\" \/>\n<meta property=\"og:locale\" content=\"es_ES\" \/>\n<meta property=\"og:type\" content=\"article\" \/>\n<meta property=\"og:title\" content=\"Por qu\u00e9 me niego a celebrar Navidad - Ollantay Itzamn\u00e1\" \/>\n<meta property=\"og:description\" content=\"Si en el siglo III, Aureliano estableci\u00f3 el 25 de diciembre como fiesta de Natalis Solis Invicti; en la segunda mitad del siglo XX, el se\u00f1or Mercado (con la complicidad de las iglesias) instaur\u00f3 el 25 de diciembre como la celebraci\u00f3n demencial de la consumopatia global, en nombre de Dios.\" \/>\n<meta property=\"og:url\" content=\"https:\/\/ollantayitzamna.com\/?p=240\" \/>\n<meta property=\"og:site_name\" content=\"Ollantay Itzamn\u00e1\" \/>\n<meta property=\"article:published_time\" content=\"2015-12-26T02:31:27+00:00\" \/>\n<meta property=\"article:modified_time\" content=\"2025-07-04T13:38:43+00:00\" \/>\n<meta property=\"og:image\" content=\"https:\/\/i0.wp.com\/ollantayitzamna.com\/wp-content\/uploads\/2015\/12\/nic3b1o-dios.jpg?fit=768%2C432&ssl=1\" \/>\n\t<meta property=\"og:image:width\" content=\"768\" \/>\n\t<meta property=\"og:image:height\" content=\"432\" \/>\n\t<meta property=\"og:image:type\" content=\"image\/jpeg\" \/>\n<meta name=\"author\" content=\"ollantayitzamna\" \/>\n<meta name=\"twitter:card\" content=\"summary_large_image\" \/>\n<meta name=\"twitter:label1\" content=\"Escrito por\" \/>\n\t<meta name=\"twitter:data1\" content=\"ollantayitzamna\" \/>\n\t<meta name=\"twitter:label2\" content=\"Tiempo de lectura\" \/>\n\t<meta name=\"twitter:data2\" content=\"5 minutos\" \/>\n<script type=\"application\/ld+json\" class=\"yoast-schema-graph\">{\"@context\":\"https:\\\/\\\/schema.org\",\"@graph\":[{\"@type\":\"Article\",\"@id\":\"https:\\\/\\\/ollantayitzamna.com\\\/?p=240#article\",\"isPartOf\":{\"@id\":\"https:\\\/\\\/ollantayitzamna.com\\\/?p=240\"},\"author\":{\"name\":\"ollantayitzamna\",\"@id\":\"https:\\\/\\\/ollantayitzamna.com\\\/#\\\/schema\\\/person\\\/d7d683451f51a71c7d7c6b4b70437092\"},\"headline\":\"Por qu\u00e9 me niego a celebrar Navidad\",\"datePublished\":\"2015-12-26T02:31:27+00:00\",\"dateModified\":\"2025-07-04T13:38:43+00:00\",\"mainEntityOfPage\":{\"@id\":\"https:\\\/\\\/ollantayitzamna.com\\\/?p=240\"},\"wordCount\":1035,\"commentCount\":3,\"image\":{\"@id\":\"https:\\\/\\\/ollantayitzamna.com\\\/?p=240#primaryimage\"},\"thumbnailUrl\":\"https:\\\/\\\/i0.wp.com\\\/ollantayitzamna.com\\\/wp-content\\\/uploads\\\/2015\\\/12\\\/nic3b1o-dios.jpg?fit=768%2C432&ssl=1\",\"keywords\":[\"machismo\",\"Navidad\",\"racismo\"],\"articleSection\":[\"Buen Vivir\"],\"inLanguage\":\"es\",\"potentialAction\":[{\"@type\":\"CommentAction\",\"name\":\"Comment\",\"target\":[\"https:\\\/\\\/ollantayitzamna.com\\\/?p=240#respond\"]}]},{\"@type\":\"WebPage\",\"@id\":\"https:\\\/\\\/ollantayitzamna.com\\\/?p=240\",\"url\":\"https:\\\/\\\/ollantayitzamna.com\\\/?p=240\",\"name\":\"Por qu\u00e9 me niego a celebrar Navidad - Ollantay Itzamn\u00e1\",\"isPartOf\":{\"@id\":\"https:\\\/\\\/ollantayitzamna.com\\\/#website\"},\"primaryImageOfPage\":{\"@id\":\"https:\\\/\\\/ollantayitzamna.com\\\/?p=240#primaryimage\"},\"image\":{\"@id\":\"https:\\\/\\\/ollantayitzamna.com\\\/?p=240#primaryimage\"},\"thumbnailUrl\":\"https:\\\/\\\/i0.wp.com\\\/ollantayitzamna.com\\\/wp-content\\\/uploads\\\/2015\\\/12\\\/nic3b1o-dios.jpg?fit=768%2C432&ssl=1\",\"datePublished\":\"2015-12-26T02:31:27+00:00\",\"dateModified\":\"2025-07-04T13:38:43+00:00\",\"author\":{\"@id\":\"https:\\\/\\\/ollantayitzamna.com\\\/#\\\/schema\\\/person\\\/d7d683451f51a71c7d7c6b4b70437092\"},\"breadcrumb\":{\"@id\":\"https:\\\/\\\/ollantayitzamna.com\\\/?p=240#breadcrumb\"},\"inLanguage\":\"es\",\"potentialAction\":[{\"@type\":\"ReadAction\",\"target\":[\"https:\\\/\\\/ollantayitzamna.com\\\/?p=240\"]}]},{\"@type\":\"ImageObject\",\"inLanguage\":\"es\",\"@id\":\"https:\\\/\\\/ollantayitzamna.com\\\/?p=240#primaryimage\",\"url\":\"https:\\\/\\\/i0.wp.com\\\/ollantayitzamna.com\\\/wp-content\\\/uploads\\\/2015\\\/12\\\/nic3b1o-dios.jpg?fit=768%2C432&ssl=1\",\"contentUrl\":\"https:\\\/\\\/i0.wp.com\\\/ollantayitzamna.com\\\/wp-content\\\/uploads\\\/2015\\\/12\\\/nic3b1o-dios.jpg?fit=768%2C432&ssl=1\",\"width\":768,\"height\":432,\"caption\":\"Jes\u00fas Navide\u00f1o. Internet\"},{\"@type\":\"BreadcrumbList\",\"@id\":\"https:\\\/\\\/ollantayitzamna.com\\\/?p=240#breadcrumb\",\"itemListElement\":[{\"@type\":\"ListItem\",\"position\":1,\"name\":\"Portada\",\"item\":\"https:\\\/\\\/ollantayitzamna.com\\\/\"},{\"@type\":\"ListItem\",\"position\":2,\"name\":\"Por qu\u00e9 me niego a celebrar Navidad\"}]},{\"@type\":\"WebSite\",\"@id\":\"https:\\\/\\\/ollantayitzamna.com\\\/#website\",\"url\":\"https:\\\/\\\/ollantayitzamna.com\\\/\",\"name\":\"Ollantay Itzamn\u00e1\",\"description\":\"Susurros del silencio\",\"potentialAction\":[{\"@type\":\"SearchAction\",\"target\":{\"@type\":\"EntryPoint\",\"urlTemplate\":\"https:\\\/\\\/ollantayitzamna.com\\\/?s={search_term_string}\"},\"query-input\":{\"@type\":\"PropertyValueSpecification\",\"valueRequired\":true,\"valueName\":\"search_term_string\"}}],\"inLanguage\":\"es\"},{\"@type\":\"Person\",\"@id\":\"https:\\\/\\\/ollantayitzamna.com\\\/#\\\/schema\\\/person\\\/d7d683451f51a71c7d7c6b4b70437092\",\"name\":\"ollantayitzamna\",\"image\":{\"@type\":\"ImageObject\",\"inLanguage\":\"es\",\"@id\":\"https:\\\/\\\/secure.gravatar.com\\\/avatar\\\/576387c53cc1a5ef704abf20408627fa3cb969d3f33355a576a2b20d65397362?s=96&d=identicon&r=g\",\"url\":\"https:\\\/\\\/secure.gravatar.com\\\/avatar\\\/576387c53cc1a5ef704abf20408627fa3cb969d3f33355a576a2b20d65397362?s=96&d=identicon&r=g\",\"contentUrl\":\"https:\\\/\\\/secure.gravatar.com\\\/avatar\\\/576387c53cc1a5ef704abf20408627fa3cb969d3f33355a576a2b20d65397362?s=96&d=identicon&r=g\",\"caption\":\"ollantayitzamna\"},\"description\":\"Soy Tierra que siente, que llora, que ama, que conspira, que sue\u00f1a. Soy wawa (criatura) de la Pachamama.\",\"sameAs\":[\"http:\\\/\\\/ollantayitzamna.com\"],\"url\":\"https:\\\/\\\/ollantayitzamna.com\\\/?author=95365428\"}]}<\/script>\n<!-- \/ Yoast SEO plugin. -->","yoast_head_json":{"title":"Por qu\u00e9 me niego a celebrar Navidad - Ollantay Itzamn\u00e1","robots":{"index":"index","follow":"follow","max-snippet":"max-snippet:-1","max-image-preview":"max-image-preview:large","max-video-preview":"max-video-preview:-1"},"canonical":"https:\/\/ollantayitzamna.com\/?p=240","og_locale":"es_ES","og_type":"article","og_title":"Por qu\u00e9 me niego a celebrar Navidad - Ollantay Itzamn\u00e1","og_description":"Si en el siglo III, Aureliano estableci\u00f3 el 25 de diciembre como fiesta de Natalis Solis Invicti; en la segunda mitad del siglo XX, el se\u00f1or Mercado (con la complicidad de las iglesias) instaur\u00f3 el 25 de diciembre como la celebraci\u00f3n demencial de la consumopatia global, en nombre de Dios.","og_url":"https:\/\/ollantayitzamna.com\/?p=240","og_site_name":"Ollantay Itzamn\u00e1","article_published_time":"2015-12-26T02:31:27+00:00","article_modified_time":"2025-07-04T13:38:43+00:00","og_image":[{"width":768,"height":432,"url":"https:\/\/i0.wp.com\/ollantayitzamna.com\/wp-content\/uploads\/2015\/12\/nic3b1o-dios.jpg?fit=768%2C432&ssl=1","type":"image\/jpeg"}],"author":"ollantayitzamna","twitter_card":"summary_large_image","twitter_misc":{"Escrito por":"ollantayitzamna","Tiempo de lectura":"5 minutos"},"schema":{"@context":"https:\/\/schema.org","@graph":[{"@type":"Article","@id":"https:\/\/ollantayitzamna.com\/?p=240#article","isPartOf":{"@id":"https:\/\/ollantayitzamna.com\/?p=240"},"author":{"name":"ollantayitzamna","@id":"https:\/\/ollantayitzamna.com\/#\/schema\/person\/d7d683451f51a71c7d7c6b4b70437092"},"headline":"Por qu\u00e9 me niego a celebrar Navidad","datePublished":"2015-12-26T02:31:27+00:00","dateModified":"2025-07-04T13:38:43+00:00","mainEntityOfPage":{"@id":"https:\/\/ollantayitzamna.com\/?p=240"},"wordCount":1035,"commentCount":3,"image":{"@id":"https:\/\/ollantayitzamna.com\/?p=240#primaryimage"},"thumbnailUrl":"https:\/\/i0.wp.com\/ollantayitzamna.com\/wp-content\/uploads\/2015\/12\/nic3b1o-dios.jpg?fit=768%2C432&ssl=1","keywords":["machismo","Navidad","racismo"],"articleSection":["Buen Vivir"],"inLanguage":"es","potentialAction":[{"@type":"CommentAction","name":"Comment","target":["https:\/\/ollantayitzamna.com\/?p=240#respond"]}]},{"@type":"WebPage","@id":"https:\/\/ollantayitzamna.com\/?p=240","url":"https:\/\/ollantayitzamna.com\/?p=240","name":"Por qu\u00e9 me niego a celebrar Navidad - Ollantay Itzamn\u00e1","isPartOf":{"@id":"https:\/\/ollantayitzamna.com\/#website"},"primaryImageOfPage":{"@id":"https:\/\/ollantayitzamna.com\/?p=240#primaryimage"},"image":{"@id":"https:\/\/ollantayitzamna.com\/?p=240#primaryimage"},"thumbnailUrl":"https:\/\/i0.wp.com\/ollantayitzamna.com\/wp-content\/uploads\/2015\/12\/nic3b1o-dios.jpg?fit=768%2C432&ssl=1","datePublished":"2015-12-26T02:31:27+00:00","dateModified":"2025-07-04T13:38:43+00:00","author":{"@id":"https:\/\/ollantayitzamna.com\/#\/schema\/person\/d7d683451f51a71c7d7c6b4b70437092"},"breadcrumb":{"@id":"https:\/\/ollantayitzamna.com\/?p=240#breadcrumb"},"inLanguage":"es","potentialAction":[{"@type":"ReadAction","target":["https:\/\/ollantayitzamna.com\/?p=240"]}]},{"@type":"ImageObject","inLanguage":"es","@id":"https:\/\/ollantayitzamna.com\/?p=240#primaryimage","url":"https:\/\/i0.wp.com\/ollantayitzamna.com\/wp-content\/uploads\/2015\/12\/nic3b1o-dios.jpg?fit=768%2C432&ssl=1","contentUrl":"https:\/\/i0.wp.com\/ollantayitzamna.com\/wp-content\/uploads\/2015\/12\/nic3b1o-dios.jpg?fit=768%2C432&ssl=1","width":768,"height":432,"caption":"Jes\u00fas Navide\u00f1o. Internet"},{"@type":"BreadcrumbList","@id":"https:\/\/ollantayitzamna.com\/?p=240#breadcrumb","itemListElement":[{"@type":"ListItem","position":1,"name":"Portada","item":"https:\/\/ollantayitzamna.com\/"},{"@type":"ListItem","position":2,"name":"Por qu\u00e9 me niego a celebrar Navidad"}]},{"@type":"WebSite","@id":"https:\/\/ollantayitzamna.com\/#website","url":"https:\/\/ollantayitzamna.com\/","name":"Ollantay Itzamn\u00e1","description":"Susurros del silencio","potentialAction":[{"@type":"SearchAction","target":{"@type":"EntryPoint","urlTemplate":"https:\/\/ollantayitzamna.com\/?s={search_term_string}"},"query-input":{"@type":"PropertyValueSpecification","valueRequired":true,"valueName":"search_term_string"}}],"inLanguage":"es"},{"@type":"Person","@id":"https:\/\/ollantayitzamna.com\/#\/schema\/person\/d7d683451f51a71c7d7c6b4b70437092","name":"ollantayitzamna","image":{"@type":"ImageObject","inLanguage":"es","@id":"https:\/\/secure.gravatar.com\/avatar\/576387c53cc1a5ef704abf20408627fa3cb969d3f33355a576a2b20d65397362?s=96&d=identicon&r=g","url":"https:\/\/secure.gravatar.com\/avatar\/576387c53cc1a5ef704abf20408627fa3cb969d3f33355a576a2b20d65397362?s=96&d=identicon&r=g","contentUrl":"https:\/\/secure.gravatar.com\/avatar\/576387c53cc1a5ef704abf20408627fa3cb969d3f33355a576a2b20d65397362?s=96&d=identicon&r=g","caption":"ollantayitzamna"},"description":"Soy Tierra que siente, que llora, que ama, que conspira, que sue\u00f1a. Soy wawa (criatura) de la Pachamama.","sameAs":["http:\/\/ollantayitzamna.com"],"url":"https:\/\/ollantayitzamna.com\/?author=95365428"}]}},"jetpack_publicize_connections":[],"jetpack_likes_enabled":true,"jetpack_sharing_enabled":true,"jetpack_featured_media_url":"https:\/\/i0.wp.com\/ollantayitzamna.com\/wp-content\/uploads\/2015\/12\/nic3b1o-dios.jpg?fit=768%2C432&ssl=1","_links":{"self":[{"href":"https:\/\/ollantayitzamna.com\/index.php?rest_route=\/wp\/v2\/posts\/240","targetHints":{"allow":["GET"]}}],"collection":[{"href":"https:\/\/ollantayitzamna.com\/index.php?rest_route=\/wp\/v2\/posts"}],"about":[{"href":"https:\/\/ollantayitzamna.com\/index.php?rest_route=\/wp\/v2\/types\/post"}],"author":[{"embeddable":true,"href":"https:\/\/ollantayitzamna.com\/index.php?rest_route=\/wp\/v2\/users\/95365428"}],"replies":[{"embeddable":true,"href":"https:\/\/ollantayitzamna.com\/index.php?rest_route=%2Fwp%2Fv2%2Fcomments&post=240"}],"version-history":[{"count":4,"href":"https:\/\/ollantayitzamna.com\/index.php?rest_route=\/wp\/v2\/posts\/240\/revisions"}],"predecessor-version":[{"id":245,"href":"https:\/\/ollantayitzamna.com\/index.php?rest_route=\/wp\/v2\/posts\/240\/revisions\/245"}],"wp:featuredmedia":[{"embeddable":true,"href":"https:\/\/ollantayitzamna.com\/index.php?rest_route=\/wp\/v2\/media\/241"}],"wp:attachment":[{"href":"https:\/\/ollantayitzamna.com\/index.php?rest_route=%2Fwp%2Fv2%2Fmedia&parent=240"}],"wp:term":[{"taxonomy":"category","embeddable":true,"href":"https:\/\/ollantayitzamna.com\/index.php?rest_route=%2Fwp%2Fv2%2Fcategories&post=240"},{"taxonomy":"post_tag","embeddable":true,"href":"https:\/\/ollantayitzamna.com\/index.php?rest_route=%2Fwp%2Fv2%2Ftags&post=240"}],"curies":[{"name":"wp","href":"https:\/\/api.w.org\/{rel}","templated":true}]}}