{"id":263,"date":"2016-02-18T00:24:25","date_gmt":"2016-02-18T06:24:25","guid":{"rendered":"https:\/\/ollantayitzamna.com\/?p=263"},"modified":"2025-07-04T07:19:59","modified_gmt":"2025-07-04T13:19:59","slug":"guatemala-pais-donde-defensores-indigenas-de-derechos-humanos-no-se-doblegan-ni-en-las-carceles-ni-en-los-tribunales","status":"publish","type":"post","link":"https:\/\/ollantayitzamna.com\/?p=263","title":{"rendered":"Guatemala: pa\u00eds donde defensores ind\u00edgenas de derechos humanos no se doblegan ni en las c\u00e1rceles, ni en los tribunales"},"content":{"rendered":"<figure id=\"attachment_266\" aria-describedby=\"caption-attachment-266\" style=\"width: 300px\" class=\"wp-caption aligncenter\"><img data-recalc-dims=\"1\" fetchpriority=\"high\" decoding=\"async\" data-attachment-id=\"266\" data-permalink=\"https:\/\/ollantayitzamna.com\/?attachment_id=266\" data-orig-file=\"https:\/\/i0.wp.com\/ollantayitzamna.com\/wp-content\/uploads\/2016\/02\/dscf0087-e1455775880498.jpg?fit=600%2C400&amp;ssl=1\" data-orig-size=\"600,400\" data-comments-opened=\"1\" data-image-meta=\"{&quot;aperture&quot;:&quot;3.6&quot;,&quot;credit&quot;:&quot;&quot;,&quot;camera&quot;:&quot;FinePix HS20EXR&quot;,&quot;caption&quot;:&quot;&quot;,&quot;created_timestamp&quot;:&quot;1455577117&quot;,&quot;copyright&quot;:&quot;&quot;,&quot;focal_length&quot;:&quot;8.6&quot;,&quot;iso&quot;:&quot;2000&quot;,&quot;shutter_speed&quot;:&quot;0.016666666666667&quot;,&quot;title&quot;:&quot;&quot;,&quot;orientation&quot;:&quot;1&quot;}\" data-image-title=\"DSCF0087\" data-image-description=\"\" data-image-caption=\"&lt;p&gt;Sala de Audiencias. Torre de Tribunales. Huehuetenango. OI&lt;\/p&gt;\n\" data-large-file=\"https:\/\/i0.wp.com\/ollantayitzamna.com\/wp-content\/uploads\/2016\/02\/dscf0087-e1455775880498.jpg?fit=600%2C400&amp;ssl=1\" class=\"size-medium wp-image-266\" src=\"https:\/\/i0.wp.com\/ollantayitzamna.com\/wp-content\/uploads\/2016\/02\/dscf0087-e1455775880498.jpg?resize=300%2C200&#038;ssl=1\" alt=\"Sala de Audiencias. Torre de Tribunales. Huehuetenango. OI\" width=\"300\" height=\"200\" \/><figcaption id=\"caption-attachment-266\" class=\"wp-caption-text\">Sala de Audiencias. Torre de Tribunales. Huehuetenango. OI<\/figcaption><\/figure>\n<p style=\"text-align:center;\"><strong><em>\u201cSoy Blanca Julia Ajt\u00fan Mej\u00eda, soy defensora de derechos humanos y capacito al resto de las mujeres en mi organizaci\u00f3n para que conozcan y defiendan sus derechos violentados&#8230; Me detuvieron y secuestraron los agentes de ENERGUATE sin que existiera orden de captura en mi contra. S\u00f3lo por abrirle los ojos al pueblo dormido. Se\u00f1or Juez, soy defensora de derechos humanos, no una delincuente\u201d, sentenci\u00f3 con voz firme la acusada.<\/em><\/strong><\/p>\n<p><!--more-->26 de junio del 2014, Don Mauro Vay Gon\u00f3n (fundador y coordinador del Comit\u00e9 de Desarrollo Campesino, CODECA) y D\u00f1a. Blanca Julia Ajt\u00fan Mej\u00eda (vicepresidenta de la misma organizaci\u00f3n), junto al dirigente comunitario Don Mariano Garc\u00eda, fueron detenidos ilegalmente (sin que hubiese orden de captura, ni flagrancia de delito alguno), en el Municipio de Chiantla, Departamento de Huehuetenango, por agentes locales de la empresa distribuidora de electricidad ENERGUATE.<\/p>\n<p style=\"text-align:justify;\">Esta acci\u00f3n delictiva fue una reacci\u00f3n desesperada por parte de ENERGUATE (ahora propiedad de la Corporaci\u00f3n Israel\u00ed POWER) para intentar frenar la creciente disconformidad social de sus usuarios a nivel nacional por las excesivas facturas de electricidad y malos servicios.<\/p>\n<p style=\"text-align:justify;\">Los usuarios disconformes, organizados en cientos de comunidades en resistencia a nivel nacional, ahora, ya no exigen s\u00f3lo el \u201cbuen servicio\u201d de la energ\u00eda el\u00e9ctrica, sino la nacionalizaci\u00f3n de la distribuci\u00f3n de la misma. Entre tanto, se resisten a pagar el consumo mensual de la electricidad a la empresa.<\/p>\n<h2 style=\"text-align:justify;\"><strong>La criminalizaci\u00f3n y el castigo indebido a defensores fertiliza a\u00fan m\u00e1s la conciencia social y la resistencia popular<\/strong><\/h2>\n<figure id=\"attachment_269\" aria-describedby=\"caption-attachment-269\" style=\"width: 300px\" class=\"wp-caption aligncenter\"><img data-recalc-dims=\"1\" decoding=\"async\" data-attachment-id=\"269\" data-permalink=\"https:\/\/ollantayitzamna.com\/?attachment_id=269\" data-orig-file=\"https:\/\/i0.wp.com\/ollantayitzamna.com\/wp-content\/uploads\/2016\/02\/dscf0031-e1455776437268.jpg?fit=600%2C400&amp;ssl=1\" data-orig-size=\"600,400\" data-comments-opened=\"1\" data-image-meta=\"{&quot;aperture&quot;:&quot;7.1&quot;,&quot;credit&quot;:&quot;&quot;,&quot;camera&quot;:&quot;FinePix HS20EXR&quot;,&quot;caption&quot;:&quot;&quot;,&quot;created_timestamp&quot;:&quot;1455066461&quot;,&quot;copyright&quot;:&quot;&quot;,&quot;focal_length&quot;:&quot;5.4&quot;,&quot;iso&quot;:&quot;400&quot;,&quot;shutter_speed&quot;:&quot;0.0016666666666667&quot;,&quot;title&quot;:&quot;&quot;,&quot;orientation&quot;:&quot;1&quot;}\" data-image-title=\"DSCF0031\" data-image-description=\"\" data-image-caption=\"&lt;p&gt;Movilizaci\u00f3n CODECA. Febrero 2016. Guatemala. OI&lt;\/p&gt;\n\" data-large-file=\"https:\/\/i0.wp.com\/ollantayitzamna.com\/wp-content\/uploads\/2016\/02\/dscf0031-e1455776437268.jpg?fit=600%2C400&amp;ssl=1\" class=\"size-medium wp-image-269\" src=\"https:\/\/i0.wp.com\/ollantayitzamna.com\/wp-content\/uploads\/2016\/02\/dscf0031-e1455776437268.jpg?resize=300%2C200&#038;ssl=1\" alt=\"Movilizaci\u00f3n CODECA. Febrero 2016. Guatemala. OI\" width=\"300\" height=\"200\" \/><figcaption id=\"caption-attachment-269\" class=\"wp-caption-text\">Movilizaci\u00f3n CODECA. Febrero 2016. Guatemala. OI<\/figcaption><\/figure>\n<p style=\"text-align:justify;\">A los tres defensores de derechos humanos, detenidos y encarcelados indebidamente, la Empresa y el MP exigi\u00f3 el pago de una fianza econ\u00f3mica de un mill\u00f3n de quetzales por la libertad condicional de cada uno de ellos. Ante la imposibilidad de dicho pago, dichos defensores fueron recluidos preventivamente en la c\u00e1rcel por m\u00e1s de tres meses (93 d\u00edas).<\/p>\n<p style=\"text-align:justify;\">Concluido el per\u00edodo de la investigaci\u00f3n, los tres defensores detenidos fueron liberados el 29 de septiembre del 2014, y ligados a proceso penal por delitos de acciones contra la seguridad del Estado y tentativa de estafa, y el juez de Primer Instancia de la ciudad de Huehuetenango fij\u00f3 Audiencia P\u00fablica \u00a0para el 16 de febrero del 2016, ordenando hasta entonces la permanencia de los defensores acusados en sus respectivos departamentos de origen.<\/p>\n<p style=\"text-align:justify;\">El movimiento nacional CODECA por la nacionalizaci\u00f3n de la energ\u00eda el\u00e9ctrica, lejos de desarticularse con la criminalizaci\u00f3n y encarcelamiento de sus defensores mayores, cobr\u00f3 mayor vitalidad y expansi\u00f3n a nivel nacional. Mucho m\u00e1s cuando los principales agentes estatales contra los derechos de las resistencia comunitarias, Otto P\u00e9rez Molina (Presidente de la Rep\u00fablica) y Roxana Baldetti (Vicepresidenta) fueron \u201cdestituidos\u201d y encarcelados por actos criminales de corrupci\u00f3n.<\/p>\n<p style=\"text-align:justify;\">Meses despu\u00e9s del encarcelamiento del binomio gobernante (aliados de ENERGUATE), la corporaci\u00f3n brit\u00e1nica ACTIS (propietaria de ENERGUATE) transfiri\u00f3 la totalidad de sus acciones en ENERGUATE (empresa repudiado socialmente y conflictuado econ\u00f3micamente) a la corporaci\u00f3n israel\u00ed POWER (que actualmente controla parte de la producci\u00f3n, transporte y distribuci\u00f3n de la electricidad en el pa\u00eds).<\/p>\n<p style=\"text-align:justify;\">ACTIS se fue del pa\u00eds, como lo hizo en su momento la corporaci\u00f3n espa\u00f1ola UNI\u00d3N FENOSA, llev\u00e1ndose consigo millonarias ganancias econ\u00f3micas, pero legando al pa\u00eds un conflicto social creciente bien sembrado.<\/p>\n<p style=\"text-align:justify;\">En la actualidad, la desconfianza y el repudio social en el \u00e1rea rural contra ENERGUATE es creciente y m\u00e1s evidente. Sus t\u00e9cnicos circulan en carros con vidrios polarizados y sin logotipos de la empresa. Sus agentes y abogados (incluso la fiscal\u00eda especial contra el hurto de electricidad creada para defender los intereses de ENERGUATE) sufren bullying social en los tribunales de justicia y en las calles.<\/p>\n<p style=\"text-align:justify;\">En otras palabras, se est\u00e1 instalando en el imaginario colectivo popular guatemalteco el nominativo ENERGUATE como sin\u00f3nimo de empresa abusiva y predadora de defensores comunitarios guatemaltecos.<\/p>\n<h2 style=\"text-align:justify;\"><strong>ENERGUATE-MP, no consiguen doblegar a las comunidades en resistencias ni en las calles, ni en los tribunales<\/strong><\/h2>\n<p style=\"text-align:justify;\">Mientras la empresa jud\u00eda intenta lidiar con sus usuarios convulsionados y en resistencia (que UNI\u00d3N FENOSA y ACTIS le legaron), las comunidades en resistencia acusadas de \u201cladrones de electricidad\u201d lograron posicionar el asunto de la energ\u00eda el\u00e9ctrica como un derecho fundamental, y en consecuencia, ellos autoafirmarse como defensores comunitarios del derecho a la energ\u00eda el\u00e9ctrica.<\/p>\n<p style=\"text-align:justify;\">Estos defensores comunitarios de derechos humanos, organizados en resistencia (y en muchos casos criminalizados), lograron activar la atenci\u00f3n y la solidaridad de los medios alternativos a nivel nacional e internacional, obtuvieron cercan\u00eda con los cuerpos diplom\u00e1ticos presentes en Guatemala, y lograron captar la atenci\u00f3n y el acompa\u00f1amiento f\u00edsico de organismo internacionales de derechos humanos.<\/p>\n<p style=\"text-align:justify;\">Simultanea a esta solidaridad nacional e internacional, las comunidades no escatimaron los esfuerzos necesarios para mostrar \u201csus rostros\u201d masivos en las multitudinarias protestas sociales exigiendo sus derechos. Situaci\u00f3n que convirti\u00f3 a este movimiento en el \u00fanico movimiento social en movilizaci\u00f3n persistente en estas circunstancias de quietud social en Guatemala.<\/p>\n<p style=\"text-align:justify;\">La concurrencia a la Audiencia Judicial del 16 de febrero pasado, que dur\u00f3 8 horas, evidenci\u00f3 no s\u00f3lo la solidaridad y la legitimidad nacional e internacional de la lucha de los empobrecidos por su derecho a la energ\u00eda el\u00e9ctrica, sino tambi\u00e9n mostr\u00f3 el repudio social a la empresa proveedora, y sobre todo \u201cel sin sentido\u201d del proceso judicial en contra de los tres defensores.<\/p>\n<p style=\"text-align:justify;\">El MP-ENERGUATE no pudieron argumentar, ni los hechos delictivos, ni su tipificaci\u00f3n antijur\u00eddica que se imputa a los tres defensores, con mediana coherencia.<\/p>\n<p style=\"text-align:justify;\">Fueron obligados a traer a la Sala de Audiencias a dos de sus cuatro testigos expertos en criminal\u00edstica (que intentaron justificar su ausencia). Los mismos que, lejos de coadyuvar a los intereses de la parte acusante, abandonaron la sala dejando m\u00e1s dudas que certezas con sus conclusiones investigativas en base a \u201cdicen\u00a0 los informantes\u201d, cuyas identidades nadie conoce (disque por seguridad).<\/p>\n<p style=\"text-align:justify;\">El desfile de los testigos \u201cmal ensayados\u201d del MP-ENERGUATE fue otra verg\u00fcenza de magnitud. Se trajeron de testigo nada menos que a los captores y secuestradores de los defensores. \u00c9stos, al no soportan sus contradicciones ante el interrogatorio de la defensa t\u00e9cnica, en muchos casos, evidenciaron sus mentiras con respuestas como: \u201cno me acuerdo\u201d, \u201cno se\u201d, \u201cescrib\u00ed el acta de la captura, pero no me acuerdo el contenido del mismo\u2026\u201d<\/p>\n<p style=\"text-align:justify;\">En ese contexto, la Audiencia se convirti\u00f3 en un podio donde la acusada Blanca Julia Ajt\u00fan dio lecciones de dignidad y claridad de ideas en la defensa de los derechos humanos.<\/p>\n<h2 style=\"text-align:justify;\"><strong>\u201cSoy defensora de derechos humanos. No una delincuente\u201d<\/strong><\/h2>\n<figure id=\"attachment_265\" aria-describedby=\"caption-attachment-265\" style=\"width: 300px\" class=\"wp-caption aligncenter\"><img data-recalc-dims=\"1\" decoding=\"async\" data-attachment-id=\"265\" data-permalink=\"https:\/\/ollantayitzamna.com\/?attachment_id=265\" data-orig-file=\"https:\/\/i0.wp.com\/ollantayitzamna.com\/wp-content\/uploads\/2016\/02\/dscf0088-e1455775676375.jpg?fit=500%2C333&amp;ssl=1\" data-orig-size=\"500,333\" data-comments-opened=\"1\" data-image-meta=\"{&quot;aperture&quot;:&quot;4.5&quot;,&quot;credit&quot;:&quot;&quot;,&quot;camera&quot;:&quot;FinePix HS20EXR&quot;,&quot;caption&quot;:&quot;&quot;,&quot;created_timestamp&quot;:&quot;1455577132&quot;,&quot;copyright&quot;:&quot;&quot;,&quot;focal_length&quot;:&quot;18.9&quot;,&quot;iso&quot;:&quot;3200&quot;,&quot;shutter_speed&quot;:&quot;0.011764705882353&quot;,&quot;title&quot;:&quot;&quot;,&quot;orientation&quot;:&quot;1&quot;}\" data-image-title=\"DSCF0088\" data-image-description=\"\" data-image-caption=\"&lt;p&gt;D\u00f1a. Blanca Julia en Audiencia Judicial. Huehuetenango. OI&lt;\/p&gt;\n\" data-large-file=\"https:\/\/i0.wp.com\/ollantayitzamna.com\/wp-content\/uploads\/2016\/02\/dscf0088-e1455775676375.jpg?fit=500%2C333&amp;ssl=1\" class=\"size-medium wp-image-265\" src=\"https:\/\/i0.wp.com\/ollantayitzamna.com\/wp-content\/uploads\/2016\/02\/dscf0088-e1455775676375.jpg?resize=300%2C200&#038;ssl=1\" alt=\"D\u00f1a. Blanca Julia en Audiencia Judicial. Huehuetenango. OI\" width=\"300\" height=\"200\" \/><figcaption id=\"caption-attachment-265\" class=\"wp-caption-text\">D\u00f1a. Blanca Julia en Audiencia Judicial. Huehuetenango. OI<\/figcaption><\/figure>\n<p style=\"text-align:justify;\">\u201cSoy Blanca Julia Ajt\u00fan Mej\u00eda, soy defensora de derechos humanos y capacito al resto de las mujeres en mi organizaci\u00f3n para que conozcan y defiendan sus derechos violentados&#8230; Me detuvieron y secuestraron los agentes de ENERGUATE sin que existiera orden de captura en mi contra. S\u00f3lo por abrirle los ojos al pueblo dormido. Se\u00f1or Juez, soy defensora de derechos humanos, no una delincuente\u201d, sentenci\u00f3 con voz firme la acusada.<\/p>\n<p style=\"text-align:justify;\">Y mir\u00e1ndole a los ojos al abogado de ENERGUATE le dijo: \u201cUd. fue el que planific\u00f3 mi secuestro. De su cara no me olvido. Ud. estuvo all\u00ed ri\u00e9ndose cuando me maltrataban, pidiendo que nos detuvieran preventivamente en la Polic\u00eda Nacional\u201d.<\/p>\n<p style=\"text-align:justify;\">As\u00ed, entre el evidente nerviosismo y tartamudeo del Fiscal y la desesperaci\u00f3n del abogado querellante, la Audiencia prosigui\u00f3 hasta las 16:30 horas. Momento en el que el Juez notific\u00f3 a las partes para el pr\u00f3ximo 22 de febrero, a las 9:00 horas, para proseguir con el debate en curso.<\/p>\n<p style=\"text-align:justify;\">Mientras esto ocurr\u00eda en la sala de audiencias, en las puertas de la Torre de Tribunales, m\u00e1s de un centenar de ind\u00edgenas y campesinos organizados en resistencia, provenientes de los municipios aleda\u00f1os, permanecieron en vigilia silenciosa, bajo el sol ardiente, adornados con sus pancartas, en defensa de sus defensores mayores, ahora, criminalizados.<\/p>\n<figure id=\"attachment_264\" aria-describedby=\"caption-attachment-264\" style=\"width: 300px\" class=\"wp-caption aligncenter\"><img data-recalc-dims=\"1\" loading=\"lazy\" decoding=\"async\" data-attachment-id=\"264\" data-permalink=\"https:\/\/ollantayitzamna.com\/?attachment_id=264\" data-orig-file=\"https:\/\/i0.wp.com\/ollantayitzamna.com\/wp-content\/uploads\/2016\/02\/dscf0110-e1455775459754.jpg?fit=300%2C200&amp;ssl=1\" data-orig-size=\"300,200\" data-comments-opened=\"1\" data-image-meta=\"{&quot;aperture&quot;:&quot;5.6&quot;,&quot;credit&quot;:&quot;&quot;,&quot;camera&quot;:&quot;FinePix HS20EXR&quot;,&quot;caption&quot;:&quot;&quot;,&quot;created_timestamp&quot;:&quot;1455580510&quot;,&quot;copyright&quot;:&quot;&quot;,&quot;focal_length&quot;:&quot;6.3&quot;,&quot;iso&quot;:&quot;400&quot;,&quot;shutter_speed&quot;:&quot;0.00125&quot;,&quot;title&quot;:&quot;&quot;,&quot;orientation&quot;:&quot;1&quot;}\" data-image-title=\"DSCF0110\" data-image-description=\"\" data-image-caption=\"&lt;p&gt;Mujer maya mam, en vigilia en el frontis de la Torre de Tribunales. Huehuetenango. OI&lt;\/p&gt;\n\" data-large-file=\"https:\/\/i0.wp.com\/ollantayitzamna.com\/wp-content\/uploads\/2016\/02\/dscf0110-e1455775459754.jpg?fit=300%2C200&amp;ssl=1\" class=\"size-full wp-image-264\" src=\"https:\/\/i0.wp.com\/ollantayitzamna.com\/wp-content\/uploads\/2016\/02\/dscf0110-e1455775459754.jpg?resize=300%2C200&#038;ssl=1\" alt=\"Mujer maya mam, en vigilia en el frontis de la Torre de Tribunales. Huehuetenango. OI\" width=\"300\" height=\"200\" \/><figcaption id=\"caption-attachment-264\" class=\"wp-caption-text\">Mujer maya mam, en vigilia en el frontis de la Torre de Tribunales. Huehuetenango. OI<\/figcaption><\/figure>\n","protected":false},"excerpt":{"rendered":"<p>\u201cSoy Blanca Julia Ajt\u00fan Mej\u00eda, soy defensora de derechos humanos y capacito al resto de las mujeres en mi organizaci\u00f3n para que conozcan y defiendan sus derechos violentados&#8230; Me detuvieron y secuestraron los agentes de ENERGUATE sin que existiera orden de captura en mi contra. S\u00f3lo por abrirle los ojos al pueblo dormido. Se\u00f1or Juez, [&hellip;]<\/p>\n","protected":false},"author":95365428,"featured_media":266,"comment_status":"open","ping_status":"open","sticky":false,"template":"","format":"standard","meta":{"_coblocks_attr":"","_coblocks_dimensions":"","_coblocks_responsive_height":"","_coblocks_accordion_ie_support":"","_jetpack_newsletter_access":"","_jetpack_dont_email_post_to_subs":false,"_jetpack_newsletter_tier_id":0,"_jetpack_memberships_contains_paywalled_content":false,"_wpcom_ai_launchpad_first_post":false,"_jetpack_feature_clip_id":0,"_jetpack_memberships_contains_paid_content":false,"footnotes":"","jetpack_publicize_message":"{title}\n\n{excerpt}\n\n{url}","jetpack_publicize_feature_enabled":true,"jetpack_social_post_already_shared":false,"jetpack_social_options":{"image_generator_settings":{"template":"highway","default_image_id":0,"font":"","enabled":false},"version":2},"_wpas_customize_per_network":false,"jetpack_post_was_ever_published":false},"categories":[696796406],"tags":[5578823,462627818,696795861],"class_list":["post-263","post","type-post","status-publish","format-standard","has-post-thumbnail","hentry","category-comunalidad","tag-codeca","tag-defensores-comunitarios-de-derechos","tag-derechos-humanos"],"yoast_head":"<!-- This site is optimized with the Yoast SEO plugin v28.4 - https:\/\/yoast.com\/product\/yoast-seo-wordpress\/ -->\n<title>Guatemala: pa\u00eds donde defensores ind\u00edgenas de derechos humanos no se doblegan ni en las c\u00e1rceles, ni en los tribunales - Ollantay Itzamn\u00e1<\/title>\n<meta name=\"robots\" content=\"index, follow, max-snippet:-1, max-image-preview:large, max-video-preview:-1\" \/>\n<link rel=\"canonical\" href=\"https:\/\/ollantayitzamna.com\/?p=263\" \/>\n<meta property=\"og:locale\" content=\"es_ES\" \/>\n<meta property=\"og:type\" content=\"article\" \/>\n<meta property=\"og:title\" content=\"Guatemala: pa\u00eds donde defensores ind\u00edgenas de derechos humanos no se doblegan ni en las c\u00e1rceles, ni en los tribunales - Ollantay Itzamn\u00e1\" \/>\n<meta property=\"og:description\" content=\"\u201cSoy Blanca Julia Ajt\u00fan Mej\u00eda, soy defensora de derechos humanos y capacito al resto de las mujeres en mi organizaci\u00f3n para que conozcan y defiendan sus derechos violentados&#8230; Me detuvieron y secuestraron los agentes de ENERGUATE sin que existiera orden de captura en mi contra. S\u00f3lo por abrirle los ojos al pueblo dormido. Se\u00f1or Juez, [&hellip;]\" \/>\n<meta property=\"og:url\" content=\"https:\/\/ollantayitzamna.com\/?p=263\" \/>\n<meta property=\"og:site_name\" content=\"Ollantay Itzamn\u00e1\" \/>\n<meta property=\"article:published_time\" content=\"2016-02-18T06:24:25+00:00\" \/>\n<meta property=\"article:modified_time\" content=\"2025-07-04T13:19:59+00:00\" \/>\n<meta property=\"og:image\" content=\"https:\/\/i0.wp.com\/ollantayitzamna.com\/wp-content\/uploads\/2016\/02\/dscf0087-e1455775880498.jpg?fit=600%2C400&ssl=1\" \/>\n\t<meta property=\"og:image:width\" content=\"600\" \/>\n\t<meta property=\"og:image:height\" content=\"400\" \/>\n\t<meta property=\"og:image:type\" content=\"image\/jpeg\" \/>\n<meta name=\"author\" content=\"ollantayitzamna\" \/>\n<meta name=\"twitter:card\" content=\"summary_large_image\" \/>\n<meta name=\"twitter:label1\" content=\"Escrito por\" \/>\n\t<meta name=\"twitter:data1\" content=\"ollantayitzamna\" \/>\n\t<meta name=\"twitter:label2\" content=\"Tiempo de lectura\" \/>\n\t<meta name=\"twitter:data2\" content=\"7 minutos\" \/>\n<script type=\"application\/ld+json\" class=\"yoast-schema-graph\">{\"@context\":\"https:\\\/\\\/schema.org\",\"@graph\":[{\"@type\":\"Article\",\"@id\":\"https:\\\/\\\/ollantayitzamna.com\\\/?p=263#article\",\"isPartOf\":{\"@id\":\"https:\\\/\\\/ollantayitzamna.com\\\/?p=263\"},\"author\":{\"name\":\"ollantayitzamna\",\"@id\":\"https:\\\/\\\/ollantayitzamna.com\\\/#\\\/schema\\\/person\\\/d7d683451f51a71c7d7c6b4b70437092\"},\"headline\":\"Guatemala: pa\u00eds donde defensores ind\u00edgenas de derechos humanos no se doblegan ni en las c\u00e1rceles, ni en los tribunales\",\"datePublished\":\"2016-02-18T06:24:25+00:00\",\"dateModified\":\"2025-07-04T13:19:59+00:00\",\"mainEntityOfPage\":{\"@id\":\"https:\\\/\\\/ollantayitzamna.com\\\/?p=263\"},\"wordCount\":1429,\"commentCount\":0,\"image\":{\"@id\":\"https:\\\/\\\/ollantayitzamna.com\\\/?p=263#primaryimage\"},\"thumbnailUrl\":\"https:\\\/\\\/i0.wp.com\\\/ollantayitzamna.com\\\/wp-content\\\/uploads\\\/2016\\\/02\\\/dscf0087-e1455775880498.jpg?fit=600%2C400&ssl=1\",\"keywords\":[\"CODECA\",\"defensores comunitarios de derechos\",\"Derechos Humanos\"],\"articleSection\":[\"Comunalidad\"],\"inLanguage\":\"es\",\"potentialAction\":[{\"@type\":\"CommentAction\",\"name\":\"Comment\",\"target\":[\"https:\\\/\\\/ollantayitzamna.com\\\/?p=263#respond\"]}]},{\"@type\":\"WebPage\",\"@id\":\"https:\\\/\\\/ollantayitzamna.com\\\/?p=263\",\"url\":\"https:\\\/\\\/ollantayitzamna.com\\\/?p=263\",\"name\":\"Guatemala: pa\u00eds donde defensores ind\u00edgenas de derechos humanos no se doblegan ni en las c\u00e1rceles, ni en los tribunales - Ollantay Itzamn\u00e1\",\"isPartOf\":{\"@id\":\"https:\\\/\\\/ollantayitzamna.com\\\/#website\"},\"primaryImageOfPage\":{\"@id\":\"https:\\\/\\\/ollantayitzamna.com\\\/?p=263#primaryimage\"},\"image\":{\"@id\":\"https:\\\/\\\/ollantayitzamna.com\\\/?p=263#primaryimage\"},\"thumbnailUrl\":\"https:\\\/\\\/i0.wp.com\\\/ollantayitzamna.com\\\/wp-content\\\/uploads\\\/2016\\\/02\\\/dscf0087-e1455775880498.jpg?fit=600%2C400&ssl=1\",\"datePublished\":\"2016-02-18T06:24:25+00:00\",\"dateModified\":\"2025-07-04T13:19:59+00:00\",\"author\":{\"@id\":\"https:\\\/\\\/ollantayitzamna.com\\\/#\\\/schema\\\/person\\\/d7d683451f51a71c7d7c6b4b70437092\"},\"breadcrumb\":{\"@id\":\"https:\\\/\\\/ollantayitzamna.com\\\/?p=263#breadcrumb\"},\"inLanguage\":\"es\",\"potentialAction\":[{\"@type\":\"ReadAction\",\"target\":[\"https:\\\/\\\/ollantayitzamna.com\\\/?p=263\"]}]},{\"@type\":\"ImageObject\",\"inLanguage\":\"es\",\"@id\":\"https:\\\/\\\/ollantayitzamna.com\\\/?p=263#primaryimage\",\"url\":\"https:\\\/\\\/i0.wp.com\\\/ollantayitzamna.com\\\/wp-content\\\/uploads\\\/2016\\\/02\\\/dscf0087-e1455775880498.jpg?fit=600%2C400&ssl=1\",\"contentUrl\":\"https:\\\/\\\/i0.wp.com\\\/ollantayitzamna.com\\\/wp-content\\\/uploads\\\/2016\\\/02\\\/dscf0087-e1455775880498.jpg?fit=600%2C400&ssl=1\",\"width\":600,\"height\":400,\"caption\":\"Sala de Audiencias. Torre de Tribunales. Huehuetenango. OI\"},{\"@type\":\"BreadcrumbList\",\"@id\":\"https:\\\/\\\/ollantayitzamna.com\\\/?p=263#breadcrumb\",\"itemListElement\":[{\"@type\":\"ListItem\",\"position\":1,\"name\":\"Portada\",\"item\":\"https:\\\/\\\/ollantayitzamna.com\\\/\"},{\"@type\":\"ListItem\",\"position\":2,\"name\":\"Guatemala: pa\u00eds donde defensores ind\u00edgenas de derechos humanos no se doblegan ni en las c\u00e1rceles, ni en los tribunales\"}]},{\"@type\":\"WebSite\",\"@id\":\"https:\\\/\\\/ollantayitzamna.com\\\/#website\",\"url\":\"https:\\\/\\\/ollantayitzamna.com\\\/\",\"name\":\"Ollantay Itzamn\u00e1\",\"description\":\"Susurros del silencio\",\"potentialAction\":[{\"@type\":\"SearchAction\",\"target\":{\"@type\":\"EntryPoint\",\"urlTemplate\":\"https:\\\/\\\/ollantayitzamna.com\\\/?s={search_term_string}\"},\"query-input\":{\"@type\":\"PropertyValueSpecification\",\"valueRequired\":true,\"valueName\":\"search_term_string\"}}],\"inLanguage\":\"es\"},{\"@type\":\"Person\",\"@id\":\"https:\\\/\\\/ollantayitzamna.com\\\/#\\\/schema\\\/person\\\/d7d683451f51a71c7d7c6b4b70437092\",\"name\":\"ollantayitzamna\",\"image\":{\"@type\":\"ImageObject\",\"inLanguage\":\"es\",\"@id\":\"https:\\\/\\\/secure.gravatar.com\\\/avatar\\\/576387c53cc1a5ef704abf20408627fa3cb969d3f33355a576a2b20d65397362?s=96&d=identicon&r=g\",\"url\":\"https:\\\/\\\/secure.gravatar.com\\\/avatar\\\/576387c53cc1a5ef704abf20408627fa3cb969d3f33355a576a2b20d65397362?s=96&d=identicon&r=g\",\"contentUrl\":\"https:\\\/\\\/secure.gravatar.com\\\/avatar\\\/576387c53cc1a5ef704abf20408627fa3cb969d3f33355a576a2b20d65397362?s=96&d=identicon&r=g\",\"caption\":\"ollantayitzamna\"},\"description\":\"Soy Tierra que siente, que llora, que ama, que conspira, que sue\u00f1a. Soy wawa (criatura) de la Pachamama.\",\"sameAs\":[\"http:\\\/\\\/ollantayitzamna.com\"],\"url\":\"https:\\\/\\\/ollantayitzamna.com\\\/?author=95365428\"}]}<\/script>\n<!-- \/ Yoast SEO plugin. -->","yoast_head_json":{"title":"Guatemala: pa\u00eds donde defensores ind\u00edgenas de derechos humanos no se doblegan ni en las c\u00e1rceles, ni en los tribunales - Ollantay Itzamn\u00e1","robots":{"index":"index","follow":"follow","max-snippet":"max-snippet:-1","max-image-preview":"max-image-preview:large","max-video-preview":"max-video-preview:-1"},"canonical":"https:\/\/ollantayitzamna.com\/?p=263","og_locale":"es_ES","og_type":"article","og_title":"Guatemala: pa\u00eds donde defensores ind\u00edgenas de derechos humanos no se doblegan ni en las c\u00e1rceles, ni en los tribunales - Ollantay Itzamn\u00e1","og_description":"\u201cSoy Blanca Julia Ajt\u00fan Mej\u00eda, soy defensora de derechos humanos y capacito al resto de las mujeres en mi organizaci\u00f3n para que conozcan y defiendan sus derechos violentados&#8230; Me detuvieron y secuestraron los agentes de ENERGUATE sin que existiera orden de captura en mi contra. S\u00f3lo por abrirle los ojos al pueblo dormido. Se\u00f1or Juez, [&hellip;]","og_url":"https:\/\/ollantayitzamna.com\/?p=263","og_site_name":"Ollantay Itzamn\u00e1","article_published_time":"2016-02-18T06:24:25+00:00","article_modified_time":"2025-07-04T13:19:59+00:00","og_image":[{"width":600,"height":400,"url":"https:\/\/i0.wp.com\/ollantayitzamna.com\/wp-content\/uploads\/2016\/02\/dscf0087-e1455775880498.jpg?fit=600%2C400&ssl=1","type":"image\/jpeg"}],"author":"ollantayitzamna","twitter_card":"summary_large_image","twitter_misc":{"Escrito por":"ollantayitzamna","Tiempo de lectura":"7 minutos"},"schema":{"@context":"https:\/\/schema.org","@graph":[{"@type":"Article","@id":"https:\/\/ollantayitzamna.com\/?p=263#article","isPartOf":{"@id":"https:\/\/ollantayitzamna.com\/?p=263"},"author":{"name":"ollantayitzamna","@id":"https:\/\/ollantayitzamna.com\/#\/schema\/person\/d7d683451f51a71c7d7c6b4b70437092"},"headline":"Guatemala: pa\u00eds donde defensores ind\u00edgenas de derechos humanos no se doblegan ni en las c\u00e1rceles, ni en los tribunales","datePublished":"2016-02-18T06:24:25+00:00","dateModified":"2025-07-04T13:19:59+00:00","mainEntityOfPage":{"@id":"https:\/\/ollantayitzamna.com\/?p=263"},"wordCount":1429,"commentCount":0,"image":{"@id":"https:\/\/ollantayitzamna.com\/?p=263#primaryimage"},"thumbnailUrl":"https:\/\/i0.wp.com\/ollantayitzamna.com\/wp-content\/uploads\/2016\/02\/dscf0087-e1455775880498.jpg?fit=600%2C400&ssl=1","keywords":["CODECA","defensores comunitarios de derechos","Derechos Humanos"],"articleSection":["Comunalidad"],"inLanguage":"es","potentialAction":[{"@type":"CommentAction","name":"Comment","target":["https:\/\/ollantayitzamna.com\/?p=263#respond"]}]},{"@type":"WebPage","@id":"https:\/\/ollantayitzamna.com\/?p=263","url":"https:\/\/ollantayitzamna.com\/?p=263","name":"Guatemala: pa\u00eds donde defensores ind\u00edgenas de derechos humanos no se doblegan ni en las c\u00e1rceles, ni en los tribunales - Ollantay Itzamn\u00e1","isPartOf":{"@id":"https:\/\/ollantayitzamna.com\/#website"},"primaryImageOfPage":{"@id":"https:\/\/ollantayitzamna.com\/?p=263#primaryimage"},"image":{"@id":"https:\/\/ollantayitzamna.com\/?p=263#primaryimage"},"thumbnailUrl":"https:\/\/i0.wp.com\/ollantayitzamna.com\/wp-content\/uploads\/2016\/02\/dscf0087-e1455775880498.jpg?fit=600%2C400&ssl=1","datePublished":"2016-02-18T06:24:25+00:00","dateModified":"2025-07-04T13:19:59+00:00","author":{"@id":"https:\/\/ollantayitzamna.com\/#\/schema\/person\/d7d683451f51a71c7d7c6b4b70437092"},"breadcrumb":{"@id":"https:\/\/ollantayitzamna.com\/?p=263#breadcrumb"},"inLanguage":"es","potentialAction":[{"@type":"ReadAction","target":["https:\/\/ollantayitzamna.com\/?p=263"]}]},{"@type":"ImageObject","inLanguage":"es","@id":"https:\/\/ollantayitzamna.com\/?p=263#primaryimage","url":"https:\/\/i0.wp.com\/ollantayitzamna.com\/wp-content\/uploads\/2016\/02\/dscf0087-e1455775880498.jpg?fit=600%2C400&ssl=1","contentUrl":"https:\/\/i0.wp.com\/ollantayitzamna.com\/wp-content\/uploads\/2016\/02\/dscf0087-e1455775880498.jpg?fit=600%2C400&ssl=1","width":600,"height":400,"caption":"Sala de Audiencias. Torre de Tribunales. Huehuetenango. OI"},{"@type":"BreadcrumbList","@id":"https:\/\/ollantayitzamna.com\/?p=263#breadcrumb","itemListElement":[{"@type":"ListItem","position":1,"name":"Portada","item":"https:\/\/ollantayitzamna.com\/"},{"@type":"ListItem","position":2,"name":"Guatemala: pa\u00eds donde defensores ind\u00edgenas de derechos humanos no se doblegan ni en las c\u00e1rceles, ni en los tribunales"}]},{"@type":"WebSite","@id":"https:\/\/ollantayitzamna.com\/#website","url":"https:\/\/ollantayitzamna.com\/","name":"Ollantay Itzamn\u00e1","description":"Susurros del silencio","potentialAction":[{"@type":"SearchAction","target":{"@type":"EntryPoint","urlTemplate":"https:\/\/ollantayitzamna.com\/?s={search_term_string}"},"query-input":{"@type":"PropertyValueSpecification","valueRequired":true,"valueName":"search_term_string"}}],"inLanguage":"es"},{"@type":"Person","@id":"https:\/\/ollantayitzamna.com\/#\/schema\/person\/d7d683451f51a71c7d7c6b4b70437092","name":"ollantayitzamna","image":{"@type":"ImageObject","inLanguage":"es","@id":"https:\/\/secure.gravatar.com\/avatar\/576387c53cc1a5ef704abf20408627fa3cb969d3f33355a576a2b20d65397362?s=96&d=identicon&r=g","url":"https:\/\/secure.gravatar.com\/avatar\/576387c53cc1a5ef704abf20408627fa3cb969d3f33355a576a2b20d65397362?s=96&d=identicon&r=g","contentUrl":"https:\/\/secure.gravatar.com\/avatar\/576387c53cc1a5ef704abf20408627fa3cb969d3f33355a576a2b20d65397362?s=96&d=identicon&r=g","caption":"ollantayitzamna"},"description":"Soy Tierra que siente, que llora, que ama, que conspira, que sue\u00f1a. Soy wawa (criatura) de la Pachamama.","sameAs":["http:\/\/ollantayitzamna.com"],"url":"https:\/\/ollantayitzamna.com\/?author=95365428"}]}},"jetpack_publicize_connections":[],"jetpack_likes_enabled":true,"jetpack_sharing_enabled":true,"jetpack_featured_media_url":"https:\/\/i0.wp.com\/ollantayitzamna.com\/wp-content\/uploads\/2016\/02\/dscf0087-e1455775880498.jpg?fit=600%2C400&ssl=1","_links":{"self":[{"href":"https:\/\/ollantayitzamna.com\/index.php?rest_route=\/wp\/v2\/posts\/263","targetHints":{"allow":["GET"]}}],"collection":[{"href":"https:\/\/ollantayitzamna.com\/index.php?rest_route=\/wp\/v2\/posts"}],"about":[{"href":"https:\/\/ollantayitzamna.com\/index.php?rest_route=\/wp\/v2\/types\/post"}],"author":[{"embeddable":true,"href":"https:\/\/ollantayitzamna.com\/index.php?rest_route=\/wp\/v2\/users\/95365428"}],"replies":[{"embeddable":true,"href":"https:\/\/ollantayitzamna.com\/index.php?rest_route=%2Fwp%2Fv2%2Fcomments&post=263"}],"version-history":[{"count":1,"href":"https:\/\/ollantayitzamna.com\/index.php?rest_route=\/wp\/v2\/posts\/263\/revisions"}],"predecessor-version":[{"id":270,"href":"https:\/\/ollantayitzamna.com\/index.php?rest_route=\/wp\/v2\/posts\/263\/revisions\/270"}],"wp:featuredmedia":[{"embeddable":true,"href":"https:\/\/ollantayitzamna.com\/index.php?rest_route=\/wp\/v2\/media\/266"}],"wp:attachment":[{"href":"https:\/\/ollantayitzamna.com\/index.php?rest_route=%2Fwp%2Fv2%2Fmedia&parent=263"}],"wp:term":[{"taxonomy":"category","embeddable":true,"href":"https:\/\/ollantayitzamna.com\/index.php?rest_route=%2Fwp%2Fv2%2Fcategories&post=263"},{"taxonomy":"post_tag","embeddable":true,"href":"https:\/\/ollantayitzamna.com\/index.php?rest_route=%2Fwp%2Fv2%2Ftags&post=263"}],"curies":[{"name":"wp","href":"https:\/\/api.w.org\/{rel}","templated":true}]}}