{"id":2731,"date":"2022-01-08T10:16:04","date_gmt":"2022-01-08T16:16:04","guid":{"rendered":"https:\/\/ollantayitzamna.com\/?p=2731"},"modified":"2025-07-03T19:20:20","modified_gmt":"2025-07-04T01:20:20","slug":"guatemala-por-que-integrantes-de-un-mismo-pueblo-indigena-se-matan-entre-si","status":"publish","type":"post","link":"https:\/\/ollantayitzamna.com\/?p=2731","title":{"rendered":"Guatemala \u00bfPor qu\u00e9 integrantes de un mismo pueblo ind\u00edgena se matan entre s\u00ed?"},"content":{"rendered":"<figure id=\"attachment_2733\" aria-describedby=\"caption-attachment-2733\" style=\"width: 1280px\" class=\"wp-caption aligncenter\"><img data-recalc-dims=\"1\" fetchpriority=\"high\" decoding=\"async\" data-attachment-id=\"2733\" data-permalink=\"https:\/\/ollantayitzamna.com\/?attachment_id=2733\" data-orig-file=\"https:\/\/i0.wp.com\/ollantayitzamna.com\/wp-content\/uploads\/2022\/01\/problemas-entre-municipios.jpeg?fit=1280%2C720&amp;ssl=1\" data-orig-size=\"1280,720\" data-comments-opened=\"1\" data-image-meta=\"{&quot;aperture&quot;:&quot;0&quot;,&quot;credit&quot;:&quot;&quot;,&quot;camera&quot;:&quot;&quot;,&quot;caption&quot;:&quot;&quot;,&quot;created_timestamp&quot;:&quot;0&quot;,&quot;copyright&quot;:&quot;&quot;,&quot;focal_length&quot;:&quot;0&quot;,&quot;iso&quot;:&quot;0&quot;,&quot;shutter_speed&quot;:&quot;0&quot;,&quot;title&quot;:&quot;&quot;,&quot;orientation&quot;:&quot;0&quot;}\" data-image-title=\"problemas-entre-municipios\" data-image-description=\"\" data-image-caption=\"&lt;p&gt;Territorio en conflicto entre Santa Catarina y Nahual\u00e1 ocupado por PNC. Internet&lt;\/p&gt;\n\" data-large-file=\"https:\/\/i0.wp.com\/ollantayitzamna.com\/wp-content\/uploads\/2022\/01\/problemas-entre-municipios.jpeg?fit=800%2C450&amp;ssl=1\" class=\"size-full wp-image-2733\" src=\"https:\/\/i0.wp.com\/ollantayitzamna.com\/wp-content\/uploads\/2022\/01\/problemas-entre-municipios.jpeg?resize=800%2C450&#038;ssl=1\" alt=\"\" width=\"800\" height=\"450\" srcset=\"https:\/\/i0.wp.com\/ollantayitzamna.com\/wp-content\/uploads\/2022\/01\/problemas-entre-municipios.jpeg?w=1280&amp;ssl=1 1280w, https:\/\/i0.wp.com\/ollantayitzamna.com\/wp-content\/uploads\/2022\/01\/problemas-entre-municipios.jpeg?resize=300%2C169&amp;ssl=1 300w, https:\/\/i0.wp.com\/ollantayitzamna.com\/wp-content\/uploads\/2022\/01\/problemas-entre-municipios.jpeg?resize=1024%2C576&amp;ssl=1 1024w, https:\/\/i0.wp.com\/ollantayitzamna.com\/wp-content\/uploads\/2022\/01\/problemas-entre-municipios.jpeg?resize=150%2C84&amp;ssl=1 150w, https:\/\/i0.wp.com\/ollantayitzamna.com\/wp-content\/uploads\/2022\/01\/problemas-entre-municipios.jpeg?resize=768%2C432&amp;ssl=1 768w, https:\/\/i0.wp.com\/ollantayitzamna.com\/wp-content\/uploads\/2022\/01\/problemas-entre-municipios.jpeg?resize=1200%2C675&amp;ssl=1 1200w, https:\/\/i0.wp.com\/ollantayitzamna.com\/wp-content\/uploads\/2022\/01\/problemas-entre-municipios.jpeg?resize=900%2C506&amp;ssl=1 900w\" sizes=\"(max-width: 800px) 100vw, 800px\" \/><figcaption id=\"caption-attachment-2733\" class=\"wp-caption-text\">Territorio en conflicto entre Santa Catarina y Nahual\u00e1 ocupado por PNC. Internet<\/figcaption><\/figure>\n<blockquote>\n<h5 style=\"text-align: center;\"><span style=\"color: #ff0000;\">El conflicto territorial entre Nahual\u00e1 y Santa Catarina Ixtahuac\u00e1n es un iceberg en un pa\u00eds con criminales fronteras internas que diseccionan a los pueblos, convirti\u00e9ndolos en enemigos territoriales entre s\u00ed a familias pertenecientes a los mismos pueblos originarios.<\/span><\/h5>\n<\/blockquote>\n<p><!--more--><\/p>\n<p>En los \u00faltimos meses, reaparece en noticiarios internacionales el violento enfrentamiento entre vecinos de los municipios de Santa Catarina Ixtahuac\u00e1n y Nahual\u00e1, ambos en el Departamento de Solol\u00e1, pertenecientes al pueblo Maya Quich\u00e9, a unos 150 Km. al occidente de la ciudad de Guatemala.<\/p>\n<p>En diciembre reciente ocurri\u00f3 una masacre que cobr\u00f3 la vida de 12 ind\u00edgenas maya quich\u00e9s. Y como respuesta, el 20 de diciembre, el gobierno central decret\u00f3 Estado de Sitio en el lugar, ocupando el territorio en conflicto con centenares de agentes de la Polic\u00eda Nacional Civil (PNC) y el Ej\u00e9rcito. En los primeros d\u00edas de enero, los vecinos de Nahual\u00e1 expulsaron a la Comisar\u00eda de la PNC del lugar\u2026 El 7 de enero reciente, un segundo agente de la PNC fue asesinado, y varios otros heridos, en una comunidad de Nahual\u00e1, mientras buscaban capturar a supuestos responsables de la masacre anterior.<\/p>\n<h4><strong>\u00bfPor qu\u00e9 se enemistaron miembros de un mismo pueblo?<\/strong><\/h4>\n<p>El Municipio de Santa Catarina fue creado, para complacer a familias europeas, durante la Colonia espa\u00f1ola. El Municipio de Nahual\u00e1 fue creado para complacer a los amigos de la Revoluci\u00f3n Liberal (segunda mitad del siglo XIX) durante la Rep\u00fablica bicentenaria.<\/p>\n<p>En ning\u00fan caso se consult\u00f3 a sus habitantes si aceptaban o no la frontera intermunicipal que hoy los \u201casesina\u201d. En ambos casos no delimitaron con precisi\u00f3n las fronteras municipales, ahora, letales para el pueblo Quich\u00e9. M\u00e1s por el contrario, dejaron parcelas colectivas de tierra sin definir qu\u00e9 pertenec\u00eda a qu\u00e9 lado. As\u00ed, el Estado cre\u00f3 una de las tantas asesinas fronteras internas que hoy es incapaz de resolver.<\/p>\n<p><span style=\"color: #ff0000;\"><strong>No es un problema \u201c\u00e9tnico\u201d<\/strong><\/span>. Err\u00f3neamente muchos analistas o noticiarios presentan el hecho como un \u201casunto de indios salvajes\u201d, o los comparan con otros conflictos entre pueblos de Medio Oriente. Falso.<\/p>\n<p>El conflicto no es por identidad o pertenencia cultural. Es a causa de una frontera municipal impuesta que divide\/enfrenta al mismo pueblo en dos jurisdicciones diferentes que compiten\/disputan entre s\u00ed parcelas de tierras colectivas.<\/p>\n<p>El pueblo Quich\u00e9, al igual que muchos pueblos en Abya Yala, fueron partidos\/divididos por fronteras destructivas, impuestos por las bicentenarias rep\u00fablicas criollas que no entienden de continuidad territorial cultural, mucho menos de plurinacionalidad. \u00bfCu\u00e1ntos pueblos, en este momento, no est\u00e1n diseccionados en diferentes rep\u00fablicas, departamentos o municipios?<\/p>\n<p><span style=\"color: #ff0000;\"><strong>Ante la incapacidad\/corrupci\u00f3n del Estado, la gente se arm\u00f3 y resuelve sus desacuerdos a bala<\/strong>.<\/span> A diferencia de muchos pa\u00edses de la regi\u00f3n, las constituciones pol\u00edticas centroamericanas, como la de Guatemala, disponen el derecho a poseer armas de fuego como un derecho ciudadano. En los hechos, con la proliferaci\u00f3n de la oscura industria militar, y el negocio de la violencia\/seguridad, la gente consigui\u00f3 armarse.<\/p>\n<p><span style=\"color: #ff0000;\"><strong>Un problema que no fue creado por las familias ind\u00edgenas<\/strong>.<\/span> Habitados por sus prejuicios, analistas y comentaristas, desde las ciudades, indican que el conflicto violento entre Nahual\u00e1 y Santa Catarina es por culpa de los \u201cindios\u201d. Falso.<\/p>\n<p>Quien cre\u00f3 este conflicto fue y es el Estado criollo que no entiende de la coexistencia de los pueblos, ni de la continuidad territorial\/cultural.<\/p>\n<p>El problema surgi\u00f3 cuando se repartieron un territorio originario, con poblaci\u00f3n incluida, como si se tratara de un queso. Este conflicto se afianz\u00f3 con la ilusa \u201cidentidad territorial\/municipal\u201d arengada por las \u00e9lites municipales. No sabemos si desaparecer\u00e1 con la restauraci\u00f3n del territorio e identidad Quich\u00e9, en el marco de la propuesta del Estado plurinacional.<\/p>\n<p>Si ya el problema fue creado por el Estado, las consecuencias sangrientas de la respuesta estatal tambi\u00e9n externalizan la arcaica filosof\u00eda punitiva\/d\u00e9spota que a\u00fan habita al Estado de Guatemala, incapaz de ejercer hegemon\u00eda en la totalidad de su territorio. \u00a1No se puede, ni se debe enviar delegaciones de PNC, junto al Ministerio P\u00fablico, a territorios en hist\u00f3rico conflicto violento sin previo diagn\u00f3stico de inteligencia! \u00a1Mucho m\u00e1s en un pa\u00eds con libre mercado de armas de fuego!<\/p>\n<p>El conflicto territorial entre Nahual\u00e1 y Santa Catarina Ixtahuac\u00e1n es un iceberg en un pa\u00eds con criminales fronteras internas que diseccionan a los pueblos, convirti\u00e9ndolos en enemigos territoriales entre s\u00ed a familias pertenecientes a los mismos pueblos originarios.<\/p>\n<p>Deseamos que este problema creado por la Colonia eurorepublicano se resuelva mediante el sistema de deliberaci\u00f3n y consensos tradicionales de los pueblos.<\/p>\n<p>&nbsp;<\/p>\n","protected":false},"excerpt":{"rendered":"<p>El conflicto territorial entre Nahual\u00e1 y Santa Catarina Ixtahuac\u00e1n es un iceberg en un pa\u00eds con criminales fronteras internas que diseccionan a los pueblos, convirti\u00e9ndolos en enemigos territoriales entre s\u00ed a familias pertenecientes a los mismos pueblos originarios.<\/p>\n","protected":false},"author":95365428,"featured_media":2733,"comment_status":"open","ping_status":"open","sticky":false,"template":"","format":"standard","meta":{"_coblocks_attr":"","_coblocks_dimensions":"","_coblocks_responsive_height":"","_coblocks_accordion_ie_support":"","_jetpack_newsletter_access":"","_jetpack_dont_email_post_to_subs":false,"_jetpack_newsletter_tier_id":0,"_jetpack_memberships_contains_paywalled_content":false,"_wpcom_ai_launchpad_first_post":false,"_jetpack_feature_clip_id":0,"_jetpack_memberships_contains_paid_content":false,"footnotes":"","jetpack_publicize_message":"{title}\n\n{excerpt}\n\n{url}","jetpack_publicize_feature_enabled":true,"jetpack_social_post_already_shared":true,"jetpack_social_options":{"image_generator_settings":{"template":"highway","default_image_id":0,"font":"","enabled":false},"version":2},"_wpas_customize_per_network":false,"jetpack_post_was_ever_published":false},"categories":[696796406],"tags":[696795899,696796008,696795858,696796005,696796007,696796006],"class_list":["post-2731","post","type-post","status-publish","format-standard","has-post-thumbnail","hentry","category-comunalidad","tag-estado-criollo","tag-fronteras-criminales","tag-guatemala","tag-nahuala","tag-quiche","tag-santa-catarina-ixtahuacan"],"yoast_head":"<!-- This site is optimized with the Yoast SEO plugin v28.3 - https:\/\/yoast.com\/product\/yoast-seo-wordpress\/ -->\n<title>Guatemala \u00bfPor qu\u00e9 integrantes de un mismo pueblo ind\u00edgena se matan entre s\u00ed? - Ollantay Itzamn\u00e1<\/title>\n<meta name=\"robots\" content=\"index, follow, max-snippet:-1, max-image-preview:large, max-video-preview:-1\" \/>\n<link rel=\"canonical\" href=\"https:\/\/ollantayitzamna.com\/?p=2731\" \/>\n<meta property=\"og:locale\" content=\"es_ES\" \/>\n<meta property=\"og:type\" content=\"article\" \/>\n<meta property=\"og:title\" content=\"Guatemala \u00bfPor qu\u00e9 integrantes de un mismo pueblo ind\u00edgena se matan entre s\u00ed? - Ollantay Itzamn\u00e1\" \/>\n<meta property=\"og:description\" content=\"El conflicto territorial entre Nahual\u00e1 y Santa Catarina Ixtahuac\u00e1n es un iceberg en un pa\u00eds con criminales fronteras internas que diseccionan a los pueblos, convirti\u00e9ndolos en enemigos territoriales entre s\u00ed a familias pertenecientes a los mismos pueblos originarios.\" \/>\n<meta property=\"og:url\" content=\"https:\/\/ollantayitzamna.com\/?p=2731\" \/>\n<meta property=\"og:site_name\" content=\"Ollantay Itzamn\u00e1\" \/>\n<meta property=\"article:published_time\" content=\"2022-01-08T16:16:04+00:00\" \/>\n<meta property=\"article:modified_time\" content=\"2025-07-04T01:20:20+00:00\" \/>\n<meta property=\"og:image\" content=\"https:\/\/i0.wp.com\/ollantayitzamna.com\/wp-content\/uploads\/2022\/01\/problemas-entre-municipios.jpeg?fit=1280%2C720&ssl=1\" \/>\n\t<meta property=\"og:image:width\" content=\"1280\" \/>\n\t<meta property=\"og:image:height\" content=\"720\" \/>\n\t<meta property=\"og:image:type\" content=\"image\/jpeg\" \/>\n<meta name=\"author\" content=\"ollantayitzamna\" \/>\n<meta name=\"twitter:card\" content=\"summary_large_image\" \/>\n<meta name=\"twitter:label1\" content=\"Escrito por\" \/>\n\t<meta name=\"twitter:data1\" content=\"ollantayitzamna\" \/>\n\t<meta name=\"twitter:label2\" content=\"Tiempo de lectura\" \/>\n\t<meta name=\"twitter:data2\" content=\"4 minutos\" \/>\n<script type=\"application\/ld+json\" class=\"yoast-schema-graph\">{\"@context\":\"https:\\\/\\\/schema.org\",\"@graph\":[{\"@type\":\"Article\",\"@id\":\"https:\\\/\\\/ollantayitzamna.com\\\/?p=2731#article\",\"isPartOf\":{\"@id\":\"https:\\\/\\\/ollantayitzamna.com\\\/?p=2731\"},\"author\":{\"name\":\"ollantayitzamna\",\"@id\":\"https:\\\/\\\/ollantayitzamna.com\\\/#\\\/schema\\\/person\\\/d7d683451f51a71c7d7c6b4b70437092\"},\"headline\":\"Guatemala \u00bfPor qu\u00e9 integrantes de un mismo pueblo ind\u00edgena se matan entre s\u00ed?\",\"datePublished\":\"2022-01-08T16:16:04+00:00\",\"dateModified\":\"2025-07-04T01:20:20+00:00\",\"mainEntityOfPage\":{\"@id\":\"https:\\\/\\\/ollantayitzamna.com\\\/?p=2731\"},\"wordCount\":809,\"commentCount\":0,\"image\":{\"@id\":\"https:\\\/\\\/ollantayitzamna.com\\\/?p=2731#primaryimage\"},\"thumbnailUrl\":\"https:\\\/\\\/i0.wp.com\\\/ollantayitzamna.com\\\/wp-content\\\/uploads\\\/2022\\\/01\\\/problemas-entre-municipios.jpeg?fit=1280%2C720&ssl=1\",\"keywords\":[\"Estado criollo\",\"fronteras criminales\",\"Guatemala\",\"Nahual\u00e1\",\"Quich\u00e9\",\"Santa Catarina Ixtahuac\u00e1n\"],\"articleSection\":[\"Comunalidad\"],\"inLanguage\":\"es\",\"potentialAction\":[{\"@type\":\"CommentAction\",\"name\":\"Comment\",\"target\":[\"https:\\\/\\\/ollantayitzamna.com\\\/?p=2731#respond\"]}]},{\"@type\":\"WebPage\",\"@id\":\"https:\\\/\\\/ollantayitzamna.com\\\/?p=2731\",\"url\":\"https:\\\/\\\/ollantayitzamna.com\\\/?p=2731\",\"name\":\"Guatemala \u00bfPor qu\u00e9 integrantes de un mismo pueblo ind\u00edgena se matan entre s\u00ed? - Ollantay Itzamn\u00e1\",\"isPartOf\":{\"@id\":\"https:\\\/\\\/ollantayitzamna.com\\\/#website\"},\"primaryImageOfPage\":{\"@id\":\"https:\\\/\\\/ollantayitzamna.com\\\/?p=2731#primaryimage\"},\"image\":{\"@id\":\"https:\\\/\\\/ollantayitzamna.com\\\/?p=2731#primaryimage\"},\"thumbnailUrl\":\"https:\\\/\\\/i0.wp.com\\\/ollantayitzamna.com\\\/wp-content\\\/uploads\\\/2022\\\/01\\\/problemas-entre-municipios.jpeg?fit=1280%2C720&ssl=1\",\"datePublished\":\"2022-01-08T16:16:04+00:00\",\"dateModified\":\"2025-07-04T01:20:20+00:00\",\"author\":{\"@id\":\"https:\\\/\\\/ollantayitzamna.com\\\/#\\\/schema\\\/person\\\/d7d683451f51a71c7d7c6b4b70437092\"},\"breadcrumb\":{\"@id\":\"https:\\\/\\\/ollantayitzamna.com\\\/?p=2731#breadcrumb\"},\"inLanguage\":\"es\",\"potentialAction\":[{\"@type\":\"ReadAction\",\"target\":[\"https:\\\/\\\/ollantayitzamna.com\\\/?p=2731\"]}]},{\"@type\":\"ImageObject\",\"inLanguage\":\"es\",\"@id\":\"https:\\\/\\\/ollantayitzamna.com\\\/?p=2731#primaryimage\",\"url\":\"https:\\\/\\\/i0.wp.com\\\/ollantayitzamna.com\\\/wp-content\\\/uploads\\\/2022\\\/01\\\/problemas-entre-municipios.jpeg?fit=1280%2C720&ssl=1\",\"contentUrl\":\"https:\\\/\\\/i0.wp.com\\\/ollantayitzamna.com\\\/wp-content\\\/uploads\\\/2022\\\/01\\\/problemas-entre-municipios.jpeg?fit=1280%2C720&ssl=1\",\"width\":1280,\"height\":720,\"caption\":\"Territorio en conflicto entre Santa Catarina y Nahual\u00e1 ocupado por PNC. Internet\"},{\"@type\":\"BreadcrumbList\",\"@id\":\"https:\\\/\\\/ollantayitzamna.com\\\/?p=2731#breadcrumb\",\"itemListElement\":[{\"@type\":\"ListItem\",\"position\":1,\"name\":\"Portada\",\"item\":\"https:\\\/\\\/ollantayitzamna.com\\\/\"},{\"@type\":\"ListItem\",\"position\":2,\"name\":\"Guatemala \u00bfPor qu\u00e9 integrantes de un mismo pueblo ind\u00edgena se matan entre s\u00ed?\"}]},{\"@type\":\"WebSite\",\"@id\":\"https:\\\/\\\/ollantayitzamna.com\\\/#website\",\"url\":\"https:\\\/\\\/ollantayitzamna.com\\\/\",\"name\":\"Ollantay Itzamn\u00e1\",\"description\":\"Susurros del silencio\",\"potentialAction\":[{\"@type\":\"SearchAction\",\"target\":{\"@type\":\"EntryPoint\",\"urlTemplate\":\"https:\\\/\\\/ollantayitzamna.com\\\/?s={search_term_string}\"},\"query-input\":{\"@type\":\"PropertyValueSpecification\",\"valueRequired\":true,\"valueName\":\"search_term_string\"}}],\"inLanguage\":\"es\"},{\"@type\":\"Person\",\"@id\":\"https:\\\/\\\/ollantayitzamna.com\\\/#\\\/schema\\\/person\\\/d7d683451f51a71c7d7c6b4b70437092\",\"name\":\"ollantayitzamna\",\"image\":{\"@type\":\"ImageObject\",\"inLanguage\":\"es\",\"@id\":\"https:\\\/\\\/secure.gravatar.com\\\/avatar\\\/576387c53cc1a5ef704abf20408627fa3cb969d3f33355a576a2b20d65397362?s=96&d=identicon&r=g\",\"url\":\"https:\\\/\\\/secure.gravatar.com\\\/avatar\\\/576387c53cc1a5ef704abf20408627fa3cb969d3f33355a576a2b20d65397362?s=96&d=identicon&r=g\",\"contentUrl\":\"https:\\\/\\\/secure.gravatar.com\\\/avatar\\\/576387c53cc1a5ef704abf20408627fa3cb969d3f33355a576a2b20d65397362?s=96&d=identicon&r=g\",\"caption\":\"ollantayitzamna\"},\"description\":\"Soy Tierra que siente, que llora, que ama, que conspira, que sue\u00f1a. Soy wawa (criatura) de la Pachamama.\",\"sameAs\":[\"http:\\\/\\\/ollantayitzamna.com\"],\"url\":\"https:\\\/\\\/ollantayitzamna.com\\\/?author=95365428\"}]}<\/script>\n<!-- \/ Yoast SEO plugin. -->","yoast_head_json":{"title":"Guatemala \u00bfPor qu\u00e9 integrantes de un mismo pueblo ind\u00edgena se matan entre s\u00ed? - Ollantay Itzamn\u00e1","robots":{"index":"index","follow":"follow","max-snippet":"max-snippet:-1","max-image-preview":"max-image-preview:large","max-video-preview":"max-video-preview:-1"},"canonical":"https:\/\/ollantayitzamna.com\/?p=2731","og_locale":"es_ES","og_type":"article","og_title":"Guatemala \u00bfPor qu\u00e9 integrantes de un mismo pueblo ind\u00edgena se matan entre s\u00ed? - Ollantay Itzamn\u00e1","og_description":"El conflicto territorial entre Nahual\u00e1 y Santa Catarina Ixtahuac\u00e1n es un iceberg en un pa\u00eds con criminales fronteras internas que diseccionan a los pueblos, convirti\u00e9ndolos en enemigos territoriales entre s\u00ed a familias pertenecientes a los mismos pueblos originarios.","og_url":"https:\/\/ollantayitzamna.com\/?p=2731","og_site_name":"Ollantay Itzamn\u00e1","article_published_time":"2022-01-08T16:16:04+00:00","article_modified_time":"2025-07-04T01:20:20+00:00","og_image":[{"width":1280,"height":720,"url":"https:\/\/i0.wp.com\/ollantayitzamna.com\/wp-content\/uploads\/2022\/01\/problemas-entre-municipios.jpeg?fit=1280%2C720&ssl=1","type":"image\/jpeg"}],"author":"ollantayitzamna","twitter_card":"summary_large_image","twitter_misc":{"Escrito por":"ollantayitzamna","Tiempo de lectura":"4 minutos"},"schema":{"@context":"https:\/\/schema.org","@graph":[{"@type":"Article","@id":"https:\/\/ollantayitzamna.com\/?p=2731#article","isPartOf":{"@id":"https:\/\/ollantayitzamna.com\/?p=2731"},"author":{"name":"ollantayitzamna","@id":"https:\/\/ollantayitzamna.com\/#\/schema\/person\/d7d683451f51a71c7d7c6b4b70437092"},"headline":"Guatemala \u00bfPor qu\u00e9 integrantes de un mismo pueblo ind\u00edgena se matan entre s\u00ed?","datePublished":"2022-01-08T16:16:04+00:00","dateModified":"2025-07-04T01:20:20+00:00","mainEntityOfPage":{"@id":"https:\/\/ollantayitzamna.com\/?p=2731"},"wordCount":809,"commentCount":0,"image":{"@id":"https:\/\/ollantayitzamna.com\/?p=2731#primaryimage"},"thumbnailUrl":"https:\/\/i0.wp.com\/ollantayitzamna.com\/wp-content\/uploads\/2022\/01\/problemas-entre-municipios.jpeg?fit=1280%2C720&ssl=1","keywords":["Estado criollo","fronteras criminales","Guatemala","Nahual\u00e1","Quich\u00e9","Santa Catarina Ixtahuac\u00e1n"],"articleSection":["Comunalidad"],"inLanguage":"es","potentialAction":[{"@type":"CommentAction","name":"Comment","target":["https:\/\/ollantayitzamna.com\/?p=2731#respond"]}]},{"@type":"WebPage","@id":"https:\/\/ollantayitzamna.com\/?p=2731","url":"https:\/\/ollantayitzamna.com\/?p=2731","name":"Guatemala \u00bfPor qu\u00e9 integrantes de un mismo pueblo ind\u00edgena se matan entre s\u00ed? - Ollantay Itzamn\u00e1","isPartOf":{"@id":"https:\/\/ollantayitzamna.com\/#website"},"primaryImageOfPage":{"@id":"https:\/\/ollantayitzamna.com\/?p=2731#primaryimage"},"image":{"@id":"https:\/\/ollantayitzamna.com\/?p=2731#primaryimage"},"thumbnailUrl":"https:\/\/i0.wp.com\/ollantayitzamna.com\/wp-content\/uploads\/2022\/01\/problemas-entre-municipios.jpeg?fit=1280%2C720&ssl=1","datePublished":"2022-01-08T16:16:04+00:00","dateModified":"2025-07-04T01:20:20+00:00","author":{"@id":"https:\/\/ollantayitzamna.com\/#\/schema\/person\/d7d683451f51a71c7d7c6b4b70437092"},"breadcrumb":{"@id":"https:\/\/ollantayitzamna.com\/?p=2731#breadcrumb"},"inLanguage":"es","potentialAction":[{"@type":"ReadAction","target":["https:\/\/ollantayitzamna.com\/?p=2731"]}]},{"@type":"ImageObject","inLanguage":"es","@id":"https:\/\/ollantayitzamna.com\/?p=2731#primaryimage","url":"https:\/\/i0.wp.com\/ollantayitzamna.com\/wp-content\/uploads\/2022\/01\/problemas-entre-municipios.jpeg?fit=1280%2C720&ssl=1","contentUrl":"https:\/\/i0.wp.com\/ollantayitzamna.com\/wp-content\/uploads\/2022\/01\/problemas-entre-municipios.jpeg?fit=1280%2C720&ssl=1","width":1280,"height":720,"caption":"Territorio en conflicto entre Santa Catarina y Nahual\u00e1 ocupado por PNC. Internet"},{"@type":"BreadcrumbList","@id":"https:\/\/ollantayitzamna.com\/?p=2731#breadcrumb","itemListElement":[{"@type":"ListItem","position":1,"name":"Portada","item":"https:\/\/ollantayitzamna.com\/"},{"@type":"ListItem","position":2,"name":"Guatemala \u00bfPor qu\u00e9 integrantes de un mismo pueblo ind\u00edgena se matan entre s\u00ed?"}]},{"@type":"WebSite","@id":"https:\/\/ollantayitzamna.com\/#website","url":"https:\/\/ollantayitzamna.com\/","name":"Ollantay Itzamn\u00e1","description":"Susurros del silencio","potentialAction":[{"@type":"SearchAction","target":{"@type":"EntryPoint","urlTemplate":"https:\/\/ollantayitzamna.com\/?s={search_term_string}"},"query-input":{"@type":"PropertyValueSpecification","valueRequired":true,"valueName":"search_term_string"}}],"inLanguage":"es"},{"@type":"Person","@id":"https:\/\/ollantayitzamna.com\/#\/schema\/person\/d7d683451f51a71c7d7c6b4b70437092","name":"ollantayitzamna","image":{"@type":"ImageObject","inLanguage":"es","@id":"https:\/\/secure.gravatar.com\/avatar\/576387c53cc1a5ef704abf20408627fa3cb969d3f33355a576a2b20d65397362?s=96&d=identicon&r=g","url":"https:\/\/secure.gravatar.com\/avatar\/576387c53cc1a5ef704abf20408627fa3cb969d3f33355a576a2b20d65397362?s=96&d=identicon&r=g","contentUrl":"https:\/\/secure.gravatar.com\/avatar\/576387c53cc1a5ef704abf20408627fa3cb969d3f33355a576a2b20d65397362?s=96&d=identicon&r=g","caption":"ollantayitzamna"},"description":"Soy Tierra que siente, que llora, que ama, que conspira, que sue\u00f1a. Soy wawa (criatura) de la Pachamama.","sameAs":["http:\/\/ollantayitzamna.com"],"url":"https:\/\/ollantayitzamna.com\/?author=95365428"}]}},"jetpack_publicize_connections":[],"jetpack_likes_enabled":true,"jetpack_sharing_enabled":true,"jetpack_featured_media_url":"https:\/\/i0.wp.com\/ollantayitzamna.com\/wp-content\/uploads\/2022\/01\/problemas-entre-municipios.jpeg?fit=1280%2C720&ssl=1","_links":{"self":[{"href":"https:\/\/ollantayitzamna.com\/index.php?rest_route=\/wp\/v2\/posts\/2731","targetHints":{"allow":["GET"]}}],"collection":[{"href":"https:\/\/ollantayitzamna.com\/index.php?rest_route=\/wp\/v2\/posts"}],"about":[{"href":"https:\/\/ollantayitzamna.com\/index.php?rest_route=\/wp\/v2\/types\/post"}],"author":[{"embeddable":true,"href":"https:\/\/ollantayitzamna.com\/index.php?rest_route=\/wp\/v2\/users\/95365428"}],"replies":[{"embeddable":true,"href":"https:\/\/ollantayitzamna.com\/index.php?rest_route=%2Fwp%2Fv2%2Fcomments&post=2731"}],"version-history":[{"count":4,"href":"https:\/\/ollantayitzamna.com\/index.php?rest_route=\/wp\/v2\/posts\/2731\/revisions"}],"predecessor-version":[{"id":2736,"href":"https:\/\/ollantayitzamna.com\/index.php?rest_route=\/wp\/v2\/posts\/2731\/revisions\/2736"}],"wp:featuredmedia":[{"embeddable":true,"href":"https:\/\/ollantayitzamna.com\/index.php?rest_route=\/wp\/v2\/media\/2733"}],"wp:attachment":[{"href":"https:\/\/ollantayitzamna.com\/index.php?rest_route=%2Fwp%2Fv2%2Fmedia&parent=2731"}],"wp:term":[{"taxonomy":"category","embeddable":true,"href":"https:\/\/ollantayitzamna.com\/index.php?rest_route=%2Fwp%2Fv2%2Fcategories&post=2731"},{"taxonomy":"post_tag","embeddable":true,"href":"https:\/\/ollantayitzamna.com\/index.php?rest_route=%2Fwp%2Fv2%2Ftags&post=2731"}],"curies":[{"name":"wp","href":"https:\/\/api.w.org\/{rel}","templated":true}]}}