{"id":277,"date":"2016-03-25T15:11:59","date_gmt":"2016-03-25T21:11:59","guid":{"rendered":"https:\/\/ollantayitzamna.com\/?p=277"},"modified":"2016-03-27T05:27:22","modified_gmt":"2016-03-27T11:27:22","slug":"quienes-cuando-y-por-que-convirtieron-a-jesus-de-nazaret-en-un-dios-celestial-y-sufriente","status":"publish","type":"post","link":"https:\/\/ollantayitzamna.com\/?p=277","title":{"rendered":"\u00bfQUI\u00c9NES, CU\u00c1NDO Y POR QU\u00c9 CONVIRTIERON A JES\u00daS DE NAZARET EN UN DIOS CELESTIAL Y SUFRIENTE?"},"content":{"rendered":"<figure id=\"attachment_281\" aria-describedby=\"caption-attachment-281\" style=\"width: 300px\" class=\"wp-caption aligncenter\"><img data-recalc-dims=\"1\" fetchpriority=\"high\" decoding=\"async\" data-attachment-id=\"281\" data-permalink=\"https:\/\/ollantayitzamna.com\/?attachment_id=281\" data-orig-file=\"https:\/\/i0.wp.com\/ollantayitzamna.com\/wp-content\/uploads\/2016\/03\/c.jpg?fit=750%2C497&amp;ssl=1\" data-orig-size=\"750,497\" data-comments-opened=\"1\" data-image-meta=\"{&quot;aperture&quot;:&quot;0&quot;,&quot;credit&quot;:&quot;&quot;,&quot;camera&quot;:&quot;&quot;,&quot;caption&quot;:&quot;&quot;,&quot;created_timestamp&quot;:&quot;0&quot;,&quot;copyright&quot;:&quot;&quot;,&quot;focal_length&quot;:&quot;0&quot;,&quot;iso&quot;:&quot;0&quot;,&quot;shutter_speed&quot;:&quot;0&quot;,&quot;title&quot;:&quot;&quot;,&quot;orientation&quot;:&quot;0&quot;}\" data-image-title=\"c\" data-image-description=\"\" data-image-caption=\"&lt;p&gt;Semana Santa. Guatemala&lt;\/p&gt;\n\" data-large-file=\"https:\/\/i0.wp.com\/ollantayitzamna.com\/wp-content\/uploads\/2016\/03\/c.jpg?fit=750%2C497&amp;ssl=1\" class=\"size-medium wp-image-281\" src=\"https:\/\/i0.wp.com\/ollantayitzamna.com\/wp-content\/uploads\/2016\/03\/c.jpg?resize=300%2C199&#038;ssl=1\" alt=\"Semana Santa. Guatemala\" width=\"300\" height=\"199\" \/><figcaption id=\"caption-attachment-281\" class=\"wp-caption-text\">Semana Santa. Guatemala<\/figcaption><\/figure>\n<p style=\"text-align:justify;\">Tengo por vecinos a unas familias empobrecidas, y con ni\u00f1os desnutridos. Los pap\u00e1s, cada madrugada marchan disciplinados a trabajar a las ca\u00f1eras y bananeras a cambio de jornales que no superan el equivalente a 5 d\u00f3lares d\u00eda. Ellos no saben que tienen derechos laborales, s\u00f3lo saben que en retribuci\u00f3n a la Gracia de Dios deben trabajar y obedecer al patr\u00f3n misericordioso que les provee \u201ctrabajo y comida\u201d.<\/p>\n<p style=\"text-align:justify;\"><!--more-->En estos d\u00edas de Semana Santa, desde el amanecer hasta el anochecer, se extas\u00edan oyendo y coreando alabanzas estridentes y melanc\u00f3licas pr\u00e9dicas org\u00e1smicas en el \u201cSanto Nombre de Jes\u00fas\u201d obediente, humillado y violentado hasta la muerte criminal.<\/p>\n<p style=\"text-align:justify;\">Cuanto m\u00e1s empobrecidos y marginadas son las personas, m\u00e1s creyentes y obedientes a la \u201cVoluntad Divina\u201d son. Incluso los ricos, en estas fechas, hacen alarde de su fe cristiana. Vestido de morado, y acongojados, cargan cruces y andas de estatuas blancas ensangrentadas. Para de esta manera afianzar en el imaginario del pobrer\u00edo creyente la obediencia, el sufrimiento y la humillaci\u00f3n como los m\u00e1ximos valores \u00e9ticos de la \u201cVoluntad Divina\u201d.<\/p>\n<h1 style=\"text-align:justify;\"><strong>\u00bfFue Jes\u00fas de Nazaret el Dios blanco\/barbudo indiferente con los despose\u00eddos que actualmente se adora?<\/strong><\/h1>\n<figure id=\"attachment_279\" aria-describedby=\"caption-attachment-279\" style=\"width: 300px\" class=\"wp-caption aligncenter\"><img data-recalc-dims=\"1\" decoding=\"async\" data-attachment-id=\"279\" data-permalink=\"https:\/\/ollantayitzamna.com\/?attachment_id=279\" data-orig-file=\"https:\/\/i0.wp.com\/ollantayitzamna.com\/wp-content\/uploads\/2016\/03\/e.jpg?fit=638%2C439&amp;ssl=1\" data-orig-size=\"638,439\" data-comments-opened=\"1\" data-image-meta=\"{&quot;aperture&quot;:&quot;0&quot;,&quot;credit&quot;:&quot;&quot;,&quot;camera&quot;:&quot;&quot;,&quot;caption&quot;:&quot;&quot;,&quot;created_timestamp&quot;:&quot;0&quot;,&quot;copyright&quot;:&quot;&quot;,&quot;focal_length&quot;:&quot;0&quot;,&quot;iso&quot;:&quot;0&quot;,&quot;shutter_speed&quot;:&quot;0&quot;,&quot;title&quot;:&quot;&quot;,&quot;orientation&quot;:&quot;1&quot;}\" data-image-title=\"e\" data-image-description=\"\" data-image-caption=\"&lt;p&gt;Jes\u00fas Nazareno. Semana Santa. Guatemala&lt;\/p&gt;\n\" data-large-file=\"https:\/\/i0.wp.com\/ollantayitzamna.com\/wp-content\/uploads\/2016\/03\/e.jpg?fit=638%2C439&amp;ssl=1\" class=\"size-medium wp-image-279\" src=\"https:\/\/i0.wp.com\/ollantayitzamna.com\/wp-content\/uploads\/2016\/03\/e.jpg?resize=300%2C206&#038;ssl=1\" alt=\"Jes\u00fas Nazareno. Semana Santa. Guatemala\" width=\"300\" height=\"206\" \/><figcaption id=\"caption-attachment-279\" class=\"wp-caption-text\">Jes\u00fas Nazareno. Semana Santa. Guatemala<\/figcaption><\/figure>\n<p style=\"text-align:justify;\">Seg\u00fan la historia extra b\u00edblica, el jud\u00edo Jes\u00fas de Nazaret fue un var\u00f3n hebreo n\u00f3mada pata rajada (por andar casi descalzo), de color trigue\u00f1o,\u00a0 y rostro curtido por el sudor rural.<\/p>\n<p style=\"text-align:justify;\">La b\u00e1sica sociolog\u00eda b\u00edblica indica que, despu\u00e9s de Mois\u00e9s, fue el segundo activista\/defensor de derechos humanos que organiz\u00f3 todo un movimiento sociopol\u00edtico, con su propia espiritualidad, para la liberaci\u00f3n del sojuzgado pueblo jud\u00edo del dominio del Imperio Romano. En ese intento fue capturado y cruelmente asesinado por agentes del Imperio.<\/p>\n<p style=\"text-align:justify;\">Fue tan fuerte y profunda la m\u00edstica del \u201camor al pr\u00f3jimo\u201d que sembr\u00f3 este n\u00f3mada jud\u00edo en el coraz\u00f3n de sus seguidores, que incluso siglos despu\u00e9s, y muy a pesar de las sangrientas masacres que padecieron, las y los sobrevivientes m\u00edsticos clandestinos continuaban ganando adeptos articulados en casi la totalidad del territorio del entonces conocido Imperio Romano.<\/p>\n<p style=\"text-align:justify;\">El Emperador Constantino, al verse rebasado en sus intentos de controlar manu militari la desintegraci\u00f3n pol\u00edtica de su Imperio, dict\u00f3 el Edicto de Mil\u00e1n (a\u00f1o 315) para legalizar a la clandestina secta de los cristianos que \u00c9l mismo persegu\u00eda, y as\u00ed reconstruir el Imperio coloc\u00e1ndole el atractivo ropaje cristiano. Y s\u00ed que le funcion\u00f3 su sagacidad pol\u00edtica. Desde entonces, el Imperio Romano tuvo una vigencia de cerca de 1200 a\u00f1os m\u00e1s, oxigenado por la doctrina cristiana.<\/p>\n<p style=\"text-align:justify;\">Ante la eficiencia del Edicto de Mil\u00e1n, y ante la vigencia subalterna de la memoria subversiva del Jes\u00fas Nazareno revolucionario en sectores de sus seguidores,\u00a0 Constantino convoc\u00f3 a todos los jerarcas y te\u00f3logos (incluso her\u00e9ticos) cat\u00f3licos al primer Concilio Ecum\u00e9nico de Nicea I, en el a\u00f1o 325. All\u00ed se estableci\u00f3 el Dogma de: Jesucristo es Hijo del Dios que habita en el lejano cielo. Esto, con la finalidad de instalar\/imponer en el imaginario de las y los cristianos la idea absoluta de Jesucristo Salvador del alma humano en el m\u00e1s all\u00e1.<\/p>\n<p style=\"text-align:justify;\">As\u00ed fue c\u00f3mo el Jes\u00fas hist\u00f3rico fue convertido en un Dios que habita y vigila desde el lejano cielo a todos cuantos desobedecen las leyes y normas impuestas por quienes detentan el poder de turno. As\u00ed fue c\u00f3mo un jud\u00edo campesino, pata rajada, se convirti\u00f3 en una de las herramientas (vigilantes) m\u00e1s eficientes para la dominaci\u00f3n de unos pocos sobre las grandes mayor\u00edas empobrecidas\/despojados.<\/p>\n<p style=\"text-align:justify;\">M\u00e1s de 1200 a\u00f1os despu\u00e9s, cuando el Imperio Romano se dilu\u00eda irremediable en sus contradicciones internas, y ante la persistencia de la memoria inc\u00f3moda del hist\u00f3rico Jes\u00fas de Nazaret, los jerarcas cat\u00f3licos convocaron al famoso Concilio de Trento (1545-1563) para expulsar definitivamente del contenido de la Biblia los textos sagrados que hac\u00edan referencia a las actuaciones intr\u00e9pidas del revolucionario sociopol\u00edtico Jes\u00fas de Nazaret.<\/p>\n<p style=\"text-align:justify;\">En este Concilio se expulsaron muchos libros sagrados de la Biblia, se privilegiaron los textos espiritualistas, y se estableci\u00f3 que este Libro Sagrado s\u00f3lo contendr\u00eda 173 libros. Y, quien predicase lo contrario ser\u00eda castigado con la pena m\u00e1xima.<\/p>\n<p style=\"text-align:justify;\">Desde entonces, la Biblia se convirti\u00f3 en otra herramienta de adoctrinamiento para la colonizaci\u00f3n, humillaci\u00f3n y para sostener la hegemon\u00eda pol\u00edtica y cultural de los ricos a costa de los despojados.<\/p>\n<p style=\"text-align:justify;\">Cuando los gachupines (espa\u00f1oles), en el siglo XVI, fueron bien recibidos por nuestros ancestros, utilizaron eficientemente estas dos herramientas de dominaci\u00f3n para \u201cderrotar\u201d y saquear a nuestros pueblos.<\/p>\n<h2 style=\"text-align:justify;\"><strong>\u00bfPor qu\u00e9 la iconograf\u00eda cristiana es blanca y se\u00f1orial como los patrones?<\/strong><\/h2>\n<figure id=\"attachment_280\" aria-describedby=\"caption-attachment-280\" style=\"width: 300px\" class=\"wp-caption aligncenter\"><img data-recalc-dims=\"1\" decoding=\"async\" data-attachment-id=\"280\" data-permalink=\"https:\/\/ollantayitzamna.com\/?attachment_id=280\" data-orig-file=\"https:\/\/i0.wp.com\/ollantayitzamna.com\/wp-content\/uploads\/2016\/03\/d.jpg?fit=750%2C497&amp;ssl=1\" data-orig-size=\"750,497\" data-comments-opened=\"1\" data-image-meta=\"{&quot;aperture&quot;:&quot;0&quot;,&quot;credit&quot;:&quot;&quot;,&quot;camera&quot;:&quot;&quot;,&quot;caption&quot;:&quot;&quot;,&quot;created_timestamp&quot;:&quot;0&quot;,&quot;copyright&quot;:&quot;&quot;,&quot;focal_length&quot;:&quot;0&quot;,&quot;iso&quot;:&quot;0&quot;,&quot;shutter_speed&quot;:&quot;0&quot;,&quot;title&quot;:&quot;&quot;,&quot;orientation&quot;:&quot;0&quot;}\" data-image-title=\"d\" data-image-description=\"\" data-image-caption=\"&lt;p&gt;Virgen Mar\u00eda. Procesi\u00f3n Semana Santa. Guatemala&lt;\/p&gt;\n\" data-large-file=\"https:\/\/i0.wp.com\/ollantayitzamna.com\/wp-content\/uploads\/2016\/03\/d.jpg?fit=750%2C497&amp;ssl=1\" class=\"size-medium wp-image-280\" src=\"https:\/\/i0.wp.com\/ollantayitzamna.com\/wp-content\/uploads\/2016\/03\/d.jpg?resize=300%2C199&#038;ssl=1\" alt=\"Virgen Mar\u00eda. Procesi\u00f3n Semana Santa. Guatemala\" width=\"300\" height=\"199\" \/><figcaption id=\"caption-attachment-280\" class=\"wp-caption-text\">Virgen Mar\u00eda. Procesi\u00f3n Semana Santa. Guatemala<\/figcaption><\/figure>\n<p style=\"text-align:justify;\">Las iconograf\u00edas o retratos estaban terminantemente prohibidas en las primeras comunidades cristianas por el peligro de la idolatr\u00eda. Pero, los emperadores y jerarcas cat\u00f3licos, contraviniendo dicha prohibici\u00f3n, estimularon las florecientes y sagradas iconograf\u00edas de Dios, de los santos y v\u00edrgenes.<\/p>\n<p style=\"text-align:justify;\">Con la mayor desfachatez, mandaron a construir ingentes cantidades de retratos sagrados a la imagen y semejanza de ellos\/as. Blancos, barbudos, ojos azules, cabellos rizados, esbeltos, vestidos de oro y plata, con actitudes se\u00f1oriales, son presentados y venerados\/adorados dichas im\u00e1genes sagradas.<\/p>\n<p style=\"text-align:justify;\">Lo hicieron con la finalidad de fijar en la mentalidad y espiritualidad de los pueblos colonizados la reverencia a la supuesta superioridad de la raza dominadora. De este modo, cualquier intento de sublevaci\u00f3n o de resistencia de los empobrecidos generaba sentimientos de culpa y de sacrilegio en los sublevados, porque asum\u00edan (y a\u00fan asumen) que el patr\u00f3n blanco es un ser divino humanizado, y la voluntad de \u00c9ste es la Voluntad Divina.<\/p>\n<p style=\"text-align:justify;\">Y, para asegurar a\u00fan m\u00e1s su hegemon\u00eda pol\u00edtica y cultural, establecieron como m\u00e1ximas virtudes deseables la obediencia, el sufrimiento, la humillaci\u00f3n y la piedad, materializadas en sagradas iconograf\u00edas blancas, veneradas especialmente en Semana Santa.<\/p>\n<figure id=\"attachment_282\" aria-describedby=\"caption-attachment-282\" style=\"width: 300px\" class=\"wp-caption aligncenter\"><img data-recalc-dims=\"1\" loading=\"lazy\" decoding=\"async\" data-attachment-id=\"282\" data-permalink=\"https:\/\/ollantayitzamna.com\/?attachment_id=282\" data-orig-file=\"https:\/\/i0.wp.com\/ollantayitzamna.com\/wp-content\/uploads\/2016\/03\/a.jpg?fit=750%2C497&amp;ssl=1\" data-orig-size=\"750,497\" data-comments-opened=\"1\" data-image-meta=\"{&quot;aperture&quot;:&quot;0&quot;,&quot;credit&quot;:&quot;&quot;,&quot;camera&quot;:&quot;&quot;,&quot;caption&quot;:&quot;&quot;,&quot;created_timestamp&quot;:&quot;0&quot;,&quot;copyright&quot;:&quot;&quot;,&quot;focal_length&quot;:&quot;0&quot;,&quot;iso&quot;:&quot;0&quot;,&quot;shutter_speed&quot;:&quot;0&quot;,&quot;title&quot;:&quot;&quot;,&quot;orientation&quot;:&quot;0&quot;}\" data-image-title=\"a\" data-image-description=\"\" data-image-caption=\"&lt;p&gt;Viernes Santo. Guatemala&lt;\/p&gt;\n\" data-large-file=\"https:\/\/i0.wp.com\/ollantayitzamna.com\/wp-content\/uploads\/2016\/03\/a.jpg?fit=750%2C497&amp;ssl=1\" class=\"size-medium wp-image-282\" src=\"https:\/\/i0.wp.com\/ollantayitzamna.com\/wp-content\/uploads\/2016\/03\/a.jpg?resize=300%2C199&#038;ssl=1\" alt=\"Viernes Santo. Guatemala\" width=\"300\" height=\"199\" \/><figcaption id=\"caption-attachment-282\" class=\"wp-caption-text\">Viernes Santo. Guatemala<\/figcaption><\/figure>\n<p style=\"text-align:justify;\">Por eso, multitudes de falsos cristianos\/as, con rostros acongojados y culposos, deambulan por las calles de las ciudades cargando en sus hombros andas y estatuas de europeos blancos, barbudos y ojos azules, cre\u00eddos que cargan al mism\u00edsimo Dios desconocido y sufriente. Como si hubiese Dios alguno demandante de tanta condolencia hip\u00f3crita y acr\u00edtica.<\/p>\n","protected":false},"excerpt":{"rendered":"<p>Tengo por vecinos a unas familias empobrecidas, y con ni\u00f1os desnutridos. Los pap\u00e1s, cada madrugada marchan disciplinados a trabajar a las ca\u00f1eras y bananeras a cambio de jornales que no superan el equivalente a 5 d\u00f3lares d\u00eda. Ellos no saben que tienen derechos laborales, s\u00f3lo saben que en retribuci\u00f3n a la Gracia de Dios deben [&hellip;]<\/p>\n","protected":false},"author":95365428,"featured_media":281,"comment_status":"open","ping_status":"open","sticky":false,"template":"","format":"standard","meta":{"_coblocks_attr":"","_coblocks_dimensions":"","_coblocks_responsive_height":"","_coblocks_accordion_ie_support":"","_jetpack_newsletter_access":"","_jetpack_dont_email_post_to_subs":false,"_jetpack_newsletter_tier_id":0,"_jetpack_memberships_contains_paywalled_content":false,"_wpcom_ai_launchpad_first_post":false,"_jetpack_feature_clip_id":0,"_jetpack_memberships_contains_paid_content":false,"footnotes":"","jetpack_publicize_message":"{title}\n\n{excerpt}\n\n{url}","jetpack_publicize_feature_enabled":true,"jetpack_social_post_already_shared":false,"jetpack_social_options":{"image_generator_settings":{"template":"highway","default_image_id":0,"font":"","enabled":false},"version":2},"_wpas_customize_per_network":false,"jetpack_post_was_ever_published":false},"categories":[406844226],"tags":[58278,35576,134887],"class_list":["post-277","post","type-post","status-publish","format-standard","has-post-thumbnail","hentry","category-decolonialidad","tag-cristianismo","tag-jesucristo","tag-semana-santa"],"yoast_head":"<!-- This site is optimized with the Yoast SEO plugin v28.4 - https:\/\/yoast.com\/product\/yoast-seo-wordpress\/ -->\n<title>\u00bfQUI\u00c9NES, CU\u00c1NDO Y POR QU\u00c9 CONVIRTIERON A JES\u00daS DE NAZARET EN UN DIOS CELESTIAL Y SUFRIENTE? - Ollantay Itzamn\u00e1<\/title>\n<meta name=\"robots\" content=\"index, follow, max-snippet:-1, max-image-preview:large, max-video-preview:-1\" \/>\n<link rel=\"canonical\" href=\"https:\/\/ollantayitzamna.com\/?p=277\" \/>\n<meta property=\"og:locale\" content=\"es_ES\" \/>\n<meta property=\"og:type\" content=\"article\" \/>\n<meta property=\"og:title\" content=\"\u00bfQUI\u00c9NES, CU\u00c1NDO Y POR QU\u00c9 CONVIRTIERON A JES\u00daS DE NAZARET EN UN DIOS CELESTIAL Y SUFRIENTE? - Ollantay Itzamn\u00e1\" \/>\n<meta property=\"og:description\" content=\"Tengo por vecinos a unas familias empobrecidas, y con ni\u00f1os desnutridos. Los pap\u00e1s, cada madrugada marchan disciplinados a trabajar a las ca\u00f1eras y bananeras a cambio de jornales que no superan el equivalente a 5 d\u00f3lares d\u00eda. Ellos no saben que tienen derechos laborales, s\u00f3lo saben que en retribuci\u00f3n a la Gracia de Dios deben [&hellip;]\" \/>\n<meta property=\"og:url\" content=\"https:\/\/ollantayitzamna.com\/?p=277\" \/>\n<meta property=\"og:site_name\" content=\"Ollantay Itzamn\u00e1\" \/>\n<meta property=\"article:published_time\" content=\"2016-03-25T21:11:59+00:00\" \/>\n<meta property=\"article:modified_time\" content=\"2016-03-27T11:27:22+00:00\" \/>\n<meta property=\"og:image\" content=\"https:\/\/i0.wp.com\/ollantayitzamna.com\/wp-content\/uploads\/2016\/03\/c.jpg?fit=750%2C497&ssl=1\" \/>\n\t<meta property=\"og:image:width\" content=\"750\" \/>\n\t<meta property=\"og:image:height\" content=\"497\" \/>\n\t<meta property=\"og:image:type\" content=\"image\/jpeg\" \/>\n<meta name=\"author\" content=\"ollantayitzamna\" \/>\n<meta name=\"twitter:card\" content=\"summary_large_image\" \/>\n<meta name=\"twitter:label1\" content=\"Escrito por\" \/>\n\t<meta name=\"twitter:data1\" content=\"ollantayitzamna\" \/>\n\t<meta name=\"twitter:label2\" content=\"Tiempo de lectura\" \/>\n\t<meta name=\"twitter:data2\" content=\"6 minutos\" \/>\n<script type=\"application\/ld+json\" class=\"yoast-schema-graph\">{\"@context\":\"https:\\\/\\\/schema.org\",\"@graph\":[{\"@type\":\"Article\",\"@id\":\"https:\\\/\\\/ollantayitzamna.com\\\/?p=277#article\",\"isPartOf\":{\"@id\":\"https:\\\/\\\/ollantayitzamna.com\\\/?p=277\"},\"author\":{\"name\":\"ollantayitzamna\",\"@id\":\"https:\\\/\\\/ollantayitzamna.com\\\/#\\\/schema\\\/person\\\/d7d683451f51a71c7d7c6b4b70437092\"},\"headline\":\"\u00bfQUI\u00c9NES, CU\u00c1NDO Y POR QU\u00c9 CONVIRTIERON A JES\u00daS DE NAZARET EN UN DIOS CELESTIAL Y SUFRIENTE?\",\"datePublished\":\"2016-03-25T21:11:59+00:00\",\"dateModified\":\"2016-03-27T11:27:22+00:00\",\"mainEntityOfPage\":{\"@id\":\"https:\\\/\\\/ollantayitzamna.com\\\/?p=277\"},\"wordCount\":1152,\"commentCount\":2,\"image\":{\"@id\":\"https:\\\/\\\/ollantayitzamna.com\\\/?p=277#primaryimage\"},\"thumbnailUrl\":\"https:\\\/\\\/i0.wp.com\\\/ollantayitzamna.com\\\/wp-content\\\/uploads\\\/2016\\\/03\\\/c.jpg?fit=750%2C497&ssl=1\",\"keywords\":[\"Cristianismo\",\"Jesucristo\",\"Semana Santa\"],\"articleSection\":[\"Decolonialidad\"],\"inLanguage\":\"es\",\"potentialAction\":[{\"@type\":\"CommentAction\",\"name\":\"Comment\",\"target\":[\"https:\\\/\\\/ollantayitzamna.com\\\/?p=277#respond\"]}]},{\"@type\":\"WebPage\",\"@id\":\"https:\\\/\\\/ollantayitzamna.com\\\/?p=277\",\"url\":\"https:\\\/\\\/ollantayitzamna.com\\\/?p=277\",\"name\":\"\u00bfQUI\u00c9NES, CU\u00c1NDO Y POR QU\u00c9 CONVIRTIERON A JES\u00daS DE NAZARET EN UN DIOS CELESTIAL Y SUFRIENTE? - Ollantay Itzamn\u00e1\",\"isPartOf\":{\"@id\":\"https:\\\/\\\/ollantayitzamna.com\\\/#website\"},\"primaryImageOfPage\":{\"@id\":\"https:\\\/\\\/ollantayitzamna.com\\\/?p=277#primaryimage\"},\"image\":{\"@id\":\"https:\\\/\\\/ollantayitzamna.com\\\/?p=277#primaryimage\"},\"thumbnailUrl\":\"https:\\\/\\\/i0.wp.com\\\/ollantayitzamna.com\\\/wp-content\\\/uploads\\\/2016\\\/03\\\/c.jpg?fit=750%2C497&ssl=1\",\"datePublished\":\"2016-03-25T21:11:59+00:00\",\"dateModified\":\"2016-03-27T11:27:22+00:00\",\"author\":{\"@id\":\"https:\\\/\\\/ollantayitzamna.com\\\/#\\\/schema\\\/person\\\/d7d683451f51a71c7d7c6b4b70437092\"},\"breadcrumb\":{\"@id\":\"https:\\\/\\\/ollantayitzamna.com\\\/?p=277#breadcrumb\"},\"inLanguage\":\"es\",\"potentialAction\":[{\"@type\":\"ReadAction\",\"target\":[\"https:\\\/\\\/ollantayitzamna.com\\\/?p=277\"]}]},{\"@type\":\"ImageObject\",\"inLanguage\":\"es\",\"@id\":\"https:\\\/\\\/ollantayitzamna.com\\\/?p=277#primaryimage\",\"url\":\"https:\\\/\\\/i0.wp.com\\\/ollantayitzamna.com\\\/wp-content\\\/uploads\\\/2016\\\/03\\\/c.jpg?fit=750%2C497&ssl=1\",\"contentUrl\":\"https:\\\/\\\/i0.wp.com\\\/ollantayitzamna.com\\\/wp-content\\\/uploads\\\/2016\\\/03\\\/c.jpg?fit=750%2C497&ssl=1\",\"width\":750,\"height\":497,\"caption\":\"Semana Santa. Guatemala\"},{\"@type\":\"BreadcrumbList\",\"@id\":\"https:\\\/\\\/ollantayitzamna.com\\\/?p=277#breadcrumb\",\"itemListElement\":[{\"@type\":\"ListItem\",\"position\":1,\"name\":\"Portada\",\"item\":\"https:\\\/\\\/ollantayitzamna.com\\\/\"},{\"@type\":\"ListItem\",\"position\":2,\"name\":\"\u00bfQUI\u00c9NES, CU\u00c1NDO Y POR QU\u00c9 CONVIRTIERON A JES\u00daS DE NAZARET EN UN DIOS CELESTIAL Y SUFRIENTE?\"}]},{\"@type\":\"WebSite\",\"@id\":\"https:\\\/\\\/ollantayitzamna.com\\\/#website\",\"url\":\"https:\\\/\\\/ollantayitzamna.com\\\/\",\"name\":\"Ollantay Itzamn\u00e1\",\"description\":\"Susurros del silencio\",\"potentialAction\":[{\"@type\":\"SearchAction\",\"target\":{\"@type\":\"EntryPoint\",\"urlTemplate\":\"https:\\\/\\\/ollantayitzamna.com\\\/?s={search_term_string}\"},\"query-input\":{\"@type\":\"PropertyValueSpecification\",\"valueRequired\":true,\"valueName\":\"search_term_string\"}}],\"inLanguage\":\"es\"},{\"@type\":\"Person\",\"@id\":\"https:\\\/\\\/ollantayitzamna.com\\\/#\\\/schema\\\/person\\\/d7d683451f51a71c7d7c6b4b70437092\",\"name\":\"ollantayitzamna\",\"image\":{\"@type\":\"ImageObject\",\"inLanguage\":\"es\",\"@id\":\"https:\\\/\\\/secure.gravatar.com\\\/avatar\\\/576387c53cc1a5ef704abf20408627fa3cb969d3f33355a576a2b20d65397362?s=96&d=identicon&r=g\",\"url\":\"https:\\\/\\\/secure.gravatar.com\\\/avatar\\\/576387c53cc1a5ef704abf20408627fa3cb969d3f33355a576a2b20d65397362?s=96&d=identicon&r=g\",\"contentUrl\":\"https:\\\/\\\/secure.gravatar.com\\\/avatar\\\/576387c53cc1a5ef704abf20408627fa3cb969d3f33355a576a2b20d65397362?s=96&d=identicon&r=g\",\"caption\":\"ollantayitzamna\"},\"description\":\"Soy Tierra que siente, que llora, que ama, que conspira, que sue\u00f1a. Soy wawa (criatura) de la Pachamama.\",\"sameAs\":[\"http:\\\/\\\/ollantayitzamna.com\"],\"url\":\"https:\\\/\\\/ollantayitzamna.com\\\/?author=95365428\"}]}<\/script>\n<!-- \/ Yoast SEO plugin. -->","yoast_head_json":{"title":"\u00bfQUI\u00c9NES, CU\u00c1NDO Y POR QU\u00c9 CONVIRTIERON A JES\u00daS DE NAZARET EN UN DIOS CELESTIAL Y SUFRIENTE? - Ollantay Itzamn\u00e1","robots":{"index":"index","follow":"follow","max-snippet":"max-snippet:-1","max-image-preview":"max-image-preview:large","max-video-preview":"max-video-preview:-1"},"canonical":"https:\/\/ollantayitzamna.com\/?p=277","og_locale":"es_ES","og_type":"article","og_title":"\u00bfQUI\u00c9NES, CU\u00c1NDO Y POR QU\u00c9 CONVIRTIERON A JES\u00daS DE NAZARET EN UN DIOS CELESTIAL Y SUFRIENTE? - Ollantay Itzamn\u00e1","og_description":"Tengo por vecinos a unas familias empobrecidas, y con ni\u00f1os desnutridos. Los pap\u00e1s, cada madrugada marchan disciplinados a trabajar a las ca\u00f1eras y bananeras a cambio de jornales que no superan el equivalente a 5 d\u00f3lares d\u00eda. Ellos no saben que tienen derechos laborales, s\u00f3lo saben que en retribuci\u00f3n a la Gracia de Dios deben [&hellip;]","og_url":"https:\/\/ollantayitzamna.com\/?p=277","og_site_name":"Ollantay Itzamn\u00e1","article_published_time":"2016-03-25T21:11:59+00:00","article_modified_time":"2016-03-27T11:27:22+00:00","og_image":[{"width":750,"height":497,"url":"https:\/\/i0.wp.com\/ollantayitzamna.com\/wp-content\/uploads\/2016\/03\/c.jpg?fit=750%2C497&ssl=1","type":"image\/jpeg"}],"author":"ollantayitzamna","twitter_card":"summary_large_image","twitter_misc":{"Escrito por":"ollantayitzamna","Tiempo de lectura":"6 minutos"},"schema":{"@context":"https:\/\/schema.org","@graph":[{"@type":"Article","@id":"https:\/\/ollantayitzamna.com\/?p=277#article","isPartOf":{"@id":"https:\/\/ollantayitzamna.com\/?p=277"},"author":{"name":"ollantayitzamna","@id":"https:\/\/ollantayitzamna.com\/#\/schema\/person\/d7d683451f51a71c7d7c6b4b70437092"},"headline":"\u00bfQUI\u00c9NES, CU\u00c1NDO Y POR QU\u00c9 CONVIRTIERON A JES\u00daS DE NAZARET EN UN DIOS CELESTIAL Y SUFRIENTE?","datePublished":"2016-03-25T21:11:59+00:00","dateModified":"2016-03-27T11:27:22+00:00","mainEntityOfPage":{"@id":"https:\/\/ollantayitzamna.com\/?p=277"},"wordCount":1152,"commentCount":2,"image":{"@id":"https:\/\/ollantayitzamna.com\/?p=277#primaryimage"},"thumbnailUrl":"https:\/\/i0.wp.com\/ollantayitzamna.com\/wp-content\/uploads\/2016\/03\/c.jpg?fit=750%2C497&ssl=1","keywords":["Cristianismo","Jesucristo","Semana Santa"],"articleSection":["Decolonialidad"],"inLanguage":"es","potentialAction":[{"@type":"CommentAction","name":"Comment","target":["https:\/\/ollantayitzamna.com\/?p=277#respond"]}]},{"@type":"WebPage","@id":"https:\/\/ollantayitzamna.com\/?p=277","url":"https:\/\/ollantayitzamna.com\/?p=277","name":"\u00bfQUI\u00c9NES, CU\u00c1NDO Y POR QU\u00c9 CONVIRTIERON A JES\u00daS DE NAZARET EN UN DIOS CELESTIAL Y SUFRIENTE? - Ollantay Itzamn\u00e1","isPartOf":{"@id":"https:\/\/ollantayitzamna.com\/#website"},"primaryImageOfPage":{"@id":"https:\/\/ollantayitzamna.com\/?p=277#primaryimage"},"image":{"@id":"https:\/\/ollantayitzamna.com\/?p=277#primaryimage"},"thumbnailUrl":"https:\/\/i0.wp.com\/ollantayitzamna.com\/wp-content\/uploads\/2016\/03\/c.jpg?fit=750%2C497&ssl=1","datePublished":"2016-03-25T21:11:59+00:00","dateModified":"2016-03-27T11:27:22+00:00","author":{"@id":"https:\/\/ollantayitzamna.com\/#\/schema\/person\/d7d683451f51a71c7d7c6b4b70437092"},"breadcrumb":{"@id":"https:\/\/ollantayitzamna.com\/?p=277#breadcrumb"},"inLanguage":"es","potentialAction":[{"@type":"ReadAction","target":["https:\/\/ollantayitzamna.com\/?p=277"]}]},{"@type":"ImageObject","inLanguage":"es","@id":"https:\/\/ollantayitzamna.com\/?p=277#primaryimage","url":"https:\/\/i0.wp.com\/ollantayitzamna.com\/wp-content\/uploads\/2016\/03\/c.jpg?fit=750%2C497&ssl=1","contentUrl":"https:\/\/i0.wp.com\/ollantayitzamna.com\/wp-content\/uploads\/2016\/03\/c.jpg?fit=750%2C497&ssl=1","width":750,"height":497,"caption":"Semana Santa. Guatemala"},{"@type":"BreadcrumbList","@id":"https:\/\/ollantayitzamna.com\/?p=277#breadcrumb","itemListElement":[{"@type":"ListItem","position":1,"name":"Portada","item":"https:\/\/ollantayitzamna.com\/"},{"@type":"ListItem","position":2,"name":"\u00bfQUI\u00c9NES, CU\u00c1NDO Y POR QU\u00c9 CONVIRTIERON A JES\u00daS DE NAZARET EN UN DIOS CELESTIAL Y SUFRIENTE?"}]},{"@type":"WebSite","@id":"https:\/\/ollantayitzamna.com\/#website","url":"https:\/\/ollantayitzamna.com\/","name":"Ollantay Itzamn\u00e1","description":"Susurros del silencio","potentialAction":[{"@type":"SearchAction","target":{"@type":"EntryPoint","urlTemplate":"https:\/\/ollantayitzamna.com\/?s={search_term_string}"},"query-input":{"@type":"PropertyValueSpecification","valueRequired":true,"valueName":"search_term_string"}}],"inLanguage":"es"},{"@type":"Person","@id":"https:\/\/ollantayitzamna.com\/#\/schema\/person\/d7d683451f51a71c7d7c6b4b70437092","name":"ollantayitzamna","image":{"@type":"ImageObject","inLanguage":"es","@id":"https:\/\/secure.gravatar.com\/avatar\/576387c53cc1a5ef704abf20408627fa3cb969d3f33355a576a2b20d65397362?s=96&d=identicon&r=g","url":"https:\/\/secure.gravatar.com\/avatar\/576387c53cc1a5ef704abf20408627fa3cb969d3f33355a576a2b20d65397362?s=96&d=identicon&r=g","contentUrl":"https:\/\/secure.gravatar.com\/avatar\/576387c53cc1a5ef704abf20408627fa3cb969d3f33355a576a2b20d65397362?s=96&d=identicon&r=g","caption":"ollantayitzamna"},"description":"Soy Tierra que siente, que llora, que ama, que conspira, que sue\u00f1a. Soy wawa (criatura) de la Pachamama.","sameAs":["http:\/\/ollantayitzamna.com"],"url":"https:\/\/ollantayitzamna.com\/?author=95365428"}]}},"jetpack_publicize_connections":[],"jetpack_likes_enabled":true,"jetpack_sharing_enabled":true,"jetpack_featured_media_url":"https:\/\/i0.wp.com\/ollantayitzamna.com\/wp-content\/uploads\/2016\/03\/c.jpg?fit=750%2C497&ssl=1","_links":{"self":[{"href":"https:\/\/ollantayitzamna.com\/index.php?rest_route=\/wp\/v2\/posts\/277","targetHints":{"allow":["GET"]}}],"collection":[{"href":"https:\/\/ollantayitzamna.com\/index.php?rest_route=\/wp\/v2\/posts"}],"about":[{"href":"https:\/\/ollantayitzamna.com\/index.php?rest_route=\/wp\/v2\/types\/post"}],"author":[{"embeddable":true,"href":"https:\/\/ollantayitzamna.com\/index.php?rest_route=\/wp\/v2\/users\/95365428"}],"replies":[{"embeddable":true,"href":"https:\/\/ollantayitzamna.com\/index.php?rest_route=%2Fwp%2Fv2%2Fcomments&post=277"}],"version-history":[{"count":2,"href":"https:\/\/ollantayitzamna.com\/index.php?rest_route=\/wp\/v2\/posts\/277\/revisions"}],"predecessor-version":[{"id":284,"href":"https:\/\/ollantayitzamna.com\/index.php?rest_route=\/wp\/v2\/posts\/277\/revisions\/284"}],"wp:featuredmedia":[{"embeddable":true,"href":"https:\/\/ollantayitzamna.com\/index.php?rest_route=\/wp\/v2\/media\/281"}],"wp:attachment":[{"href":"https:\/\/ollantayitzamna.com\/index.php?rest_route=%2Fwp%2Fv2%2Fmedia&parent=277"}],"wp:term":[{"taxonomy":"category","embeddable":true,"href":"https:\/\/ollantayitzamna.com\/index.php?rest_route=%2Fwp%2Fv2%2Fcategories&post=277"},{"taxonomy":"post_tag","embeddable":true,"href":"https:\/\/ollantayitzamna.com\/index.php?rest_route=%2Fwp%2Fv2%2Ftags&post=277"}],"curies":[{"name":"wp","href":"https:\/\/api.w.org\/{rel}","templated":true}]}}