{"id":3075,"date":"2022-07-08T10:57:36","date_gmt":"2022-07-08T16:57:36","guid":{"rendered":"https:\/\/ollantayitzamna.com\/?p=3075"},"modified":"2025-07-04T07:38:29","modified_gmt":"2025-07-04T13:38:29","slug":"francia-nacionalizara-el-100-de-la-energia-electrica-y-guatemala","status":"publish","type":"post","link":"https:\/\/ollantayitzamna.com\/?p=3075","title":{"rendered":"Francia nacionalizar\u00e1 el 100% de la energ\u00eda el\u00e9ctrica, \u00bfY Guatemala?"},"content":{"rendered":"<figure id=\"attachment_3080\" aria-describedby=\"caption-attachment-3080\" style=\"width: 1200px\" class=\"wp-caption aligncenter\"><img data-recalc-dims=\"1\" fetchpriority=\"high\" decoding=\"async\" data-attachment-id=\"3080\" data-permalink=\"https:\/\/ollantayitzamna.com\/?attachment_id=3080\" data-orig-file=\"https:\/\/i0.wp.com\/ollantayitzamna.com\/wp-content\/uploads\/2022\/07\/09e3f325-d6fc-4d48-8309-90335f245e4d_16-9-discover-aspect-ratio_default_0.jpeg?fit=1200%2C675&amp;ssl=1\" data-orig-size=\"1200,675\" data-comments-opened=\"1\" data-image-meta=\"{&quot;aperture&quot;:&quot;0&quot;,&quot;credit&quot;:&quot;&quot;,&quot;camera&quot;:&quot;&quot;,&quot;caption&quot;:&quot;&quot;,&quot;created_timestamp&quot;:&quot;0&quot;,&quot;copyright&quot;:&quot;&quot;,&quot;focal_length&quot;:&quot;0&quot;,&quot;iso&quot;:&quot;0&quot;,&quot;shutter_speed&quot;:&quot;0&quot;,&quot;title&quot;:&quot;&quot;,&quot;orientation&quot;:&quot;1&quot;}\" data-image-title=\"09e3f325-d6fc-4d48-8309-90335f245e4d_16-9-discover-aspect-ratio_default_0\" data-image-description=\"\" data-image-caption=\"&lt;p&gt;Empresa El\u00e9ctrica de Francia&lt;\/p&gt;\n\" data-large-file=\"https:\/\/i0.wp.com\/ollantayitzamna.com\/wp-content\/uploads\/2022\/07\/09e3f325-d6fc-4d48-8309-90335f245e4d_16-9-discover-aspect-ratio_default_0.jpeg?fit=800%2C450&amp;ssl=1\" class=\"size-full wp-image-3080\" src=\"https:\/\/i0.wp.com\/ollantayitzamna.com\/wp-content\/uploads\/2022\/07\/09e3f325-d6fc-4d48-8309-90335f245e4d_16-9-discover-aspect-ratio_default_0.jpeg?resize=800%2C450&#038;ssl=1\" alt=\"\" width=\"800\" height=\"450\" srcset=\"https:\/\/i0.wp.com\/ollantayitzamna.com\/wp-content\/uploads\/2022\/07\/09e3f325-d6fc-4d48-8309-90335f245e4d_16-9-discover-aspect-ratio_default_0.jpeg?w=1200&amp;ssl=1 1200w, https:\/\/i0.wp.com\/ollantayitzamna.com\/wp-content\/uploads\/2022\/07\/09e3f325-d6fc-4d48-8309-90335f245e4d_16-9-discover-aspect-ratio_default_0.jpeg?resize=300%2C169&amp;ssl=1 300w, https:\/\/i0.wp.com\/ollantayitzamna.com\/wp-content\/uploads\/2022\/07\/09e3f325-d6fc-4d48-8309-90335f245e4d_16-9-discover-aspect-ratio_default_0.jpeg?resize=1024%2C576&amp;ssl=1 1024w, https:\/\/i0.wp.com\/ollantayitzamna.com\/wp-content\/uploads\/2022\/07\/09e3f325-d6fc-4d48-8309-90335f245e4d_16-9-discover-aspect-ratio_default_0.jpeg?resize=150%2C84&amp;ssl=1 150w, https:\/\/i0.wp.com\/ollantayitzamna.com\/wp-content\/uploads\/2022\/07\/09e3f325-d6fc-4d48-8309-90335f245e4d_16-9-discover-aspect-ratio_default_0.jpeg?resize=768%2C432&amp;ssl=1 768w, https:\/\/i0.wp.com\/ollantayitzamna.com\/wp-content\/uploads\/2022\/07\/09e3f325-d6fc-4d48-8309-90335f245e4d_16-9-discover-aspect-ratio_default_0.jpeg?resize=900%2C506&amp;ssl=1 900w\" sizes=\"(max-width: 800px) 100vw, 800px\" \/><figcaption id=\"caption-attachment-3080\" class=\"wp-caption-text\">Empresa de Electricidad de Francia (EDF)<\/figcaption><\/figure>\n<blockquote>\n<h5 style=\"text-align: left;\"><span style=\"color: #ff0000;\">Al momento que escribo esta nota, familias amigas desde el Departamento de San Marcos, Guatemala, me escriben y me cuentan que ya llevan 10 meses continuos sin energ\u00eda el\u00e9ctrica. En Guatemala, ni la empresa distribuidora ENERGUATE (de capital norteamericano), ni el Estado, logran restablecer el servicio. Estos sabotajes o cortes colectivos de electricidad realizados por ENERGUATE, al momento, ocurren en comunidades completas de Huehuetenango, Quich\u00e9, Jalapa.<\/span><\/h5>\n<\/blockquote>\n<p><!--more--><\/p>\n<p>La Primera Ministra de Francia, \u00c9lisabeth Borne, el pasado 6 de julio, en su comparecencia ante la Asamblea Nacional, anunci\u00f3 que el gobierno de Emmanuel Macron, como parte de su estrategia hacia la soberan\u00eda energ\u00e9tica, renacionalizar\u00e1 el 100 por ciento de la energ\u00eda el\u00e9ctrica en Francia.<\/p>\n<p>Al momento, casi el 84% de las acciones de la Empresa de Electricidad de Francia (EDF) es controlada por el Estado. Con la renacionalizaci\u00f3n anunciada por Borne, el Estado franc\u00e9s controlar\u00e1 el 100% de las acciones de esta empresa que gestiona la electricidad en el pa\u00eds.<\/p>\n<p>El motivo principal para tomar esta decisi\u00f3n \u00abantineoliberal\u00bb en el pa\u00eds origen de la \u00ablibertad empresarial\u00bb es: las sanciones econ\u00f3micas que el gobierno norteamericano y la Uni\u00f3n Europea impusieron a Rusia est\u00e1n destrozando tambi\u00e9n a Francia.\u00a0 Lo de \u00abtransitar hacia la energ\u00eda limpia\u00bb es s\u00f3lo una muletilla europea.<\/p>\n<blockquote>\n<h3><span style=\"color: #ff0000;\">Con esta decisi\u00f3n, el gobierno de Macron intenta recuperar para Francia su soberan\u00eda energ\u00e9tica venida a menos en la era neoliberal. Y, con seguridad, el resto de los pa\u00edses europeos ir\u00e1n por la misma ruta. Sin \u00abluz propia\u00bb nadie brilla con soberan\u00eda.<\/span><\/h3>\n<\/blockquote>\n<p>Otro pa\u00eds que avanza tras el sue\u00f1o de la restauraci\u00f3n de su soberan\u00eda energ\u00e9tica es M\u00e9xico. El gobierno de Andr\u00e9s Manuel L\u00f3pez, tambi\u00e9n en el marco de la crisis energ\u00e9tica global, hace grandes esfuerzos porque el Estado vuelva a controlar la industria hidrocarbur\u00edfera y el\u00e9ctrica de M\u00e9xico.<\/p>\n<p>Bolivia avanz\u00f3 en la recuperaci\u00f3n de su soberan\u00eda energ\u00e9tica, y al momento ya \u00abbrilla con luz propia\u00bb, fabrica el abono e ingredientes agr\u00edcolas necesarios para sus agricultores (la segunda planta de urea en construcci\u00f3n ser\u00e1 para exportaci\u00f3n a pa\u00edses vecinos)<\/p>\n<p>Venezuela, Nicaragua, Cuba, Honduras&#8230; tienen control total de la distribuci\u00f3n de la electricidad, y no sufren \u00abapagones el\u00e9ctricos constantes\u00bb como padecen los pa\u00edses como Guatemala, Per\u00fa&#8230;, donde las empresas el\u00e9ctricas privadas, distribuidoras de electricidad, deciden cu\u00e1ndo y qui\u00e9nes deben tener electricidad, y quienes no.<\/p>\n<p>Al momento que escribo esta nota, familias amigas desde el Departamento de San Marcos, Guatemala, me escriben y me cuentan que ya llevan 10 meses continuos sin energ\u00eda el\u00e9ctrica. En Guatemala, ni la empresa distribuidora ENERGUATE (de capital norteamericano), ni el Estado, logran restablecer el servicio. Estos sabotajes o cortes colectivos de electricidad realizados por ENERGUATE, al momento, ocurren en comunidades completas de Huehuetenango, Quich\u00e9, Jalapa.<\/p>\n<blockquote>\n<h4>Seg\u00fan informes oficiales, difundidos por los medios corporativos, <span style=\"color: #ff0000;\">m\u00e1s de 36 mil apagones al a\u00f1o ocurren en toda Guatemala<\/span>, pa\u00eds cuyo territorio es apenas del tama\u00f1o de un Departamento o Municipio de algunos pa\u00edses de Abya Yala del Sur.<\/h4>\n<\/blockquote>\n<p>Guatemala est\u00e1 catalogada como uno de los pa\u00edses econ\u00f3micamente m\u00e1s desiguales del Continente, donde las familias ya empobrecidas pagan una de las energ\u00edas el\u00e9ctricas m\u00e1s caras del mundo (cuyo monto representa hasta el 25% del ingreso mensual de las familias rurales).<\/p>\n<p>En Guatemala, la distribuci\u00f3n de la electricidad domiciliaria est\u00e1 monopolizada por la empresa ENERGUATE (con serias denuncias judiciales) y por la empresa p\u00fablica municipal EPM de Colombia. En este pa\u00eds centroamericano, m\u00e1s del 75% del total de la energ\u00eda el\u00e9ctrica es generada por los bienes comunes \u00abrenovables\u00bb del pa\u00eds, pero privatizadas.<\/p>\n<blockquote>\n<h4><span style=\"color: #ff0000;\">El movimiento sociopol\u00edtico CODECA, desde hace m\u00e1s de una d\u00e9cada atr\u00e1s, viene planteando la renacionalizaci\u00f3n de la electricidad para la soberan\u00eda el\u00e9ctrica de Guatemala. Pero, por plantear esta pol\u00edtica p\u00fablica, en los \u00faltimos tres a\u00f1os, asesinaron 24 defensores\/as del derecho a la energ\u00eda el\u00e9ctrica pertenecientes a este movimiento.\u00a0\u00a0<\/span><\/h4>\n<\/blockquote>\n","protected":false},"excerpt":{"rendered":"<p>Al momento que escribo esta nota, familias amigas desde el Departamento de San Marcos, Guatemala, me escriben y me cuentan que ya llevan 10 meses continuos sin energ\u00eda el\u00e9ctrica. En Guatemala, ni la empresa distribuidora ENERGUATE (de capital norteamericano), ni el Estado, logran restablecer el servicio. Estos sabotajes o cortes colectivos de electricidad realizados por [&hellip;]<\/p>\n","protected":false},"author":95365428,"featured_media":3080,"comment_status":"open","ping_status":"open","sticky":false,"template":"","format":"standard","meta":{"_coblocks_attr":"","_coblocks_dimensions":"","_coblocks_responsive_height":"","_coblocks_accordion_ie_support":"","_crdt_document":"","_jetpack_newsletter_access":"","_jetpack_dont_email_post_to_subs":false,"_jetpack_newsletter_tier_id":0,"_jetpack_memberships_contains_paywalled_content":false,"_jetpack_memberships_contains_paid_content":false,"footnotes":"","jetpack_publicize_message":"","jetpack_publicize_feature_enabled":true,"jetpack_social_post_already_shared":true,"jetpack_social_options":{"image_generator_settings":{"template":"highway","default_image_id":0,"font":"","enabled":false},"version":2},"_wpas_customize_per_network":false,"jetpack_post_was_ever_published":false},"categories":[696795897],"tags":[696796161,696796162,696795858,783,696795916],"class_list":["post-3075","post","type-post","status-publish","format-standard","has-post-thumbnail","hentry","category-buen-vivir","tag-electricidad","tag-francia","tag-guatemala","tag-mexico","tag-nacionalizacion"],"yoast_head":"<!-- This site is optimized with the Yoast SEO plugin v27.4 - https:\/\/yoast.com\/product\/yoast-seo-wordpress\/ -->\n<title>Francia nacionalizar\u00e1 el 100% de la energ\u00eda el\u00e9ctrica, \u00bfY Guatemala? - Ollantay Itzamn\u00e1<\/title>\n<meta name=\"robots\" content=\"index, follow, max-snippet:-1, max-image-preview:large, max-video-preview:-1\" \/>\n<link rel=\"canonical\" href=\"https:\/\/ollantayitzamna.com\/?p=3075\" \/>\n<meta property=\"og:locale\" content=\"es_ES\" \/>\n<meta property=\"og:type\" content=\"article\" \/>\n<meta property=\"og:title\" content=\"Francia nacionalizar\u00e1 el 100% de la energ\u00eda el\u00e9ctrica, \u00bfY Guatemala? - Ollantay Itzamn\u00e1\" \/>\n<meta property=\"og:description\" content=\"Al momento que escribo esta nota, familias amigas desde el Departamento de San Marcos, Guatemala, me escriben y me cuentan que ya llevan 10 meses continuos sin energ\u00eda el\u00e9ctrica. En Guatemala, ni la empresa distribuidora ENERGUATE (de capital norteamericano), ni el Estado, logran restablecer el servicio. Estos sabotajes o cortes colectivos de electricidad realizados por [&hellip;]\" \/>\n<meta property=\"og:url\" content=\"https:\/\/ollantayitzamna.com\/?p=3075\" \/>\n<meta property=\"og:site_name\" content=\"Ollantay Itzamn\u00e1\" \/>\n<meta property=\"article:published_time\" content=\"2022-07-08T16:57:36+00:00\" \/>\n<meta property=\"article:modified_time\" content=\"2025-07-04T13:38:29+00:00\" \/>\n<meta property=\"og:image\" content=\"https:\/\/i0.wp.com\/ollantayitzamna.com\/wp-content\/uploads\/2022\/07\/09e3f325-d6fc-4d48-8309-90335f245e4d_16-9-discover-aspect-ratio_default_0.jpeg?fit=1200%2C675&ssl=1\" \/>\n\t<meta property=\"og:image:width\" content=\"1200\" \/>\n\t<meta property=\"og:image:height\" content=\"675\" \/>\n\t<meta property=\"og:image:type\" content=\"image\/jpeg\" \/>\n<meta name=\"author\" content=\"ollantayitzamna\" \/>\n<meta name=\"twitter:card\" content=\"summary_large_image\" \/>\n<meta name=\"twitter:label1\" content=\"Escrito por\" \/>\n\t<meta name=\"twitter:data1\" content=\"ollantayitzamna\" \/>\n\t<meta name=\"twitter:label2\" content=\"Tiempo de lectura\" \/>\n\t<meta name=\"twitter:data2\" content=\"4 minutos\" \/>\n<script type=\"application\/ld+json\" class=\"yoast-schema-graph\">{\"@context\":\"https:\\\/\\\/schema.org\",\"@graph\":[{\"@type\":\"Article\",\"@id\":\"https:\\\/\\\/ollantayitzamna.com\\\/?p=3075#article\",\"isPartOf\":{\"@id\":\"https:\\\/\\\/ollantayitzamna.com\\\/?p=3075\"},\"author\":{\"name\":\"ollantayitzamna\",\"@id\":\"https:\\\/\\\/ollantayitzamna.com\\\/#\\\/schema\\\/person\\\/d7d683451f51a71c7d7c6b4b70437092\"},\"headline\":\"Francia nacionalizar\u00e1 el 100% de la energ\u00eda el\u00e9ctrica, \u00bfY Guatemala?\",\"datePublished\":\"2022-07-08T16:57:36+00:00\",\"dateModified\":\"2025-07-04T13:38:29+00:00\",\"mainEntityOfPage\":{\"@id\":\"https:\\\/\\\/ollantayitzamna.com\\\/?p=3075\"},\"wordCount\":721,\"commentCount\":0,\"image\":{\"@id\":\"https:\\\/\\\/ollantayitzamna.com\\\/?p=3075#primaryimage\"},\"thumbnailUrl\":\"https:\\\/\\\/i0.wp.com\\\/ollantayitzamna.com\\\/wp-content\\\/uploads\\\/2022\\\/07\\\/09e3f325-d6fc-4d48-8309-90335f245e4d_16-9-discover-aspect-ratio_default_0.jpeg?fit=1200%2C675&ssl=1\",\"keywords\":[\"electricidad\",\"Francia\",\"Guatemala\",\"M\u00e9xico\",\"nacionalizaci\u00f3n\"],\"articleSection\":[\"Buen Vivir\"],\"inLanguage\":\"es\",\"potentialAction\":[{\"@type\":\"CommentAction\",\"name\":\"Comment\",\"target\":[\"https:\\\/\\\/ollantayitzamna.com\\\/?p=3075#respond\"]}]},{\"@type\":\"WebPage\",\"@id\":\"https:\\\/\\\/ollantayitzamna.com\\\/?p=3075\",\"url\":\"https:\\\/\\\/ollantayitzamna.com\\\/?p=3075\",\"name\":\"Francia nacionalizar\u00e1 el 100% de la energ\u00eda el\u00e9ctrica, \u00bfY Guatemala? - Ollantay Itzamn\u00e1\",\"isPartOf\":{\"@id\":\"https:\\\/\\\/ollantayitzamna.com\\\/#website\"},\"primaryImageOfPage\":{\"@id\":\"https:\\\/\\\/ollantayitzamna.com\\\/?p=3075#primaryimage\"},\"image\":{\"@id\":\"https:\\\/\\\/ollantayitzamna.com\\\/?p=3075#primaryimage\"},\"thumbnailUrl\":\"https:\\\/\\\/i0.wp.com\\\/ollantayitzamna.com\\\/wp-content\\\/uploads\\\/2022\\\/07\\\/09e3f325-d6fc-4d48-8309-90335f245e4d_16-9-discover-aspect-ratio_default_0.jpeg?fit=1200%2C675&ssl=1\",\"datePublished\":\"2022-07-08T16:57:36+00:00\",\"dateModified\":\"2025-07-04T13:38:29+00:00\",\"author\":{\"@id\":\"https:\\\/\\\/ollantayitzamna.com\\\/#\\\/schema\\\/person\\\/d7d683451f51a71c7d7c6b4b70437092\"},\"breadcrumb\":{\"@id\":\"https:\\\/\\\/ollantayitzamna.com\\\/?p=3075#breadcrumb\"},\"inLanguage\":\"es\",\"potentialAction\":[{\"@type\":\"ReadAction\",\"target\":[\"https:\\\/\\\/ollantayitzamna.com\\\/?p=3075\"]}]},{\"@type\":\"ImageObject\",\"inLanguage\":\"es\",\"@id\":\"https:\\\/\\\/ollantayitzamna.com\\\/?p=3075#primaryimage\",\"url\":\"https:\\\/\\\/i0.wp.com\\\/ollantayitzamna.com\\\/wp-content\\\/uploads\\\/2022\\\/07\\\/09e3f325-d6fc-4d48-8309-90335f245e4d_16-9-discover-aspect-ratio_default_0.jpeg?fit=1200%2C675&ssl=1\",\"contentUrl\":\"https:\\\/\\\/i0.wp.com\\\/ollantayitzamna.com\\\/wp-content\\\/uploads\\\/2022\\\/07\\\/09e3f325-d6fc-4d48-8309-90335f245e4d_16-9-discover-aspect-ratio_default_0.jpeg?fit=1200%2C675&ssl=1\",\"width\":1200,\"height\":675,\"caption\":\"Empresa El\u00e9ctrica de Francia\"},{\"@type\":\"BreadcrumbList\",\"@id\":\"https:\\\/\\\/ollantayitzamna.com\\\/?p=3075#breadcrumb\",\"itemListElement\":[{\"@type\":\"ListItem\",\"position\":1,\"name\":\"Portada\",\"item\":\"https:\\\/\\\/ollantayitzamna.com\\\/\"},{\"@type\":\"ListItem\",\"position\":2,\"name\":\"Francia nacionalizar\u00e1 el 100% de la energ\u00eda el\u00e9ctrica, \u00bfY Guatemala?\"}]},{\"@type\":\"WebSite\",\"@id\":\"https:\\\/\\\/ollantayitzamna.com\\\/#website\",\"url\":\"https:\\\/\\\/ollantayitzamna.com\\\/\",\"name\":\"Ollantay Itzamn\u00e1\",\"description\":\"Susurros del silencio\",\"potentialAction\":[{\"@type\":\"SearchAction\",\"target\":{\"@type\":\"EntryPoint\",\"urlTemplate\":\"https:\\\/\\\/ollantayitzamna.com\\\/?s={search_term_string}\"},\"query-input\":{\"@type\":\"PropertyValueSpecification\",\"valueRequired\":true,\"valueName\":\"search_term_string\"}}],\"inLanguage\":\"es\"},{\"@type\":\"Person\",\"@id\":\"https:\\\/\\\/ollantayitzamna.com\\\/#\\\/schema\\\/person\\\/d7d683451f51a71c7d7c6b4b70437092\",\"name\":\"ollantayitzamna\",\"image\":{\"@type\":\"ImageObject\",\"inLanguage\":\"es\",\"@id\":\"https:\\\/\\\/secure.gravatar.com\\\/avatar\\\/576387c53cc1a5ef704abf20408627fa3cb969d3f33355a576a2b20d65397362?s=96&d=identicon&r=g\",\"url\":\"https:\\\/\\\/secure.gravatar.com\\\/avatar\\\/576387c53cc1a5ef704abf20408627fa3cb969d3f33355a576a2b20d65397362?s=96&d=identicon&r=g\",\"contentUrl\":\"https:\\\/\\\/secure.gravatar.com\\\/avatar\\\/576387c53cc1a5ef704abf20408627fa3cb969d3f33355a576a2b20d65397362?s=96&d=identicon&r=g\",\"caption\":\"ollantayitzamna\"},\"description\":\"Soy Tierra que siente, que llora, que ama, que conspira, que sue\u00f1a. Soy wawa (criatura) de la Pachamama.\",\"sameAs\":[\"http:\\\/\\\/ollantayitzamna.com\"],\"url\":\"https:\\\/\\\/ollantayitzamna.com\\\/?author=95365428\"}]}<\/script>\n<!-- \/ Yoast SEO plugin. -->","yoast_head_json":{"title":"Francia nacionalizar\u00e1 el 100% de la energ\u00eda el\u00e9ctrica, \u00bfY Guatemala? - Ollantay Itzamn\u00e1","robots":{"index":"index","follow":"follow","max-snippet":"max-snippet:-1","max-image-preview":"max-image-preview:large","max-video-preview":"max-video-preview:-1"},"canonical":"https:\/\/ollantayitzamna.com\/?p=3075","og_locale":"es_ES","og_type":"article","og_title":"Francia nacionalizar\u00e1 el 100% de la energ\u00eda el\u00e9ctrica, \u00bfY Guatemala? - Ollantay Itzamn\u00e1","og_description":"Al momento que escribo esta nota, familias amigas desde el Departamento de San Marcos, Guatemala, me escriben y me cuentan que ya llevan 10 meses continuos sin energ\u00eda el\u00e9ctrica. En Guatemala, ni la empresa distribuidora ENERGUATE (de capital norteamericano), ni el Estado, logran restablecer el servicio. Estos sabotajes o cortes colectivos de electricidad realizados por [&hellip;]","og_url":"https:\/\/ollantayitzamna.com\/?p=3075","og_site_name":"Ollantay Itzamn\u00e1","article_published_time":"2022-07-08T16:57:36+00:00","article_modified_time":"2025-07-04T13:38:29+00:00","og_image":[{"width":1200,"height":675,"url":"https:\/\/i0.wp.com\/ollantayitzamna.com\/wp-content\/uploads\/2022\/07\/09e3f325-d6fc-4d48-8309-90335f245e4d_16-9-discover-aspect-ratio_default_0.jpeg?fit=1200%2C675&ssl=1","type":"image\/jpeg"}],"author":"ollantayitzamna","twitter_card":"summary_large_image","twitter_misc":{"Escrito por":"ollantayitzamna","Tiempo de lectura":"4 minutos"},"schema":{"@context":"https:\/\/schema.org","@graph":[{"@type":"Article","@id":"https:\/\/ollantayitzamna.com\/?p=3075#article","isPartOf":{"@id":"https:\/\/ollantayitzamna.com\/?p=3075"},"author":{"name":"ollantayitzamna","@id":"https:\/\/ollantayitzamna.com\/#\/schema\/person\/d7d683451f51a71c7d7c6b4b70437092"},"headline":"Francia nacionalizar\u00e1 el 100% de la energ\u00eda el\u00e9ctrica, \u00bfY Guatemala?","datePublished":"2022-07-08T16:57:36+00:00","dateModified":"2025-07-04T13:38:29+00:00","mainEntityOfPage":{"@id":"https:\/\/ollantayitzamna.com\/?p=3075"},"wordCount":721,"commentCount":0,"image":{"@id":"https:\/\/ollantayitzamna.com\/?p=3075#primaryimage"},"thumbnailUrl":"https:\/\/i0.wp.com\/ollantayitzamna.com\/wp-content\/uploads\/2022\/07\/09e3f325-d6fc-4d48-8309-90335f245e4d_16-9-discover-aspect-ratio_default_0.jpeg?fit=1200%2C675&ssl=1","keywords":["electricidad","Francia","Guatemala","M\u00e9xico","nacionalizaci\u00f3n"],"articleSection":["Buen Vivir"],"inLanguage":"es","potentialAction":[{"@type":"CommentAction","name":"Comment","target":["https:\/\/ollantayitzamna.com\/?p=3075#respond"]}]},{"@type":"WebPage","@id":"https:\/\/ollantayitzamna.com\/?p=3075","url":"https:\/\/ollantayitzamna.com\/?p=3075","name":"Francia nacionalizar\u00e1 el 100% de la energ\u00eda el\u00e9ctrica, \u00bfY Guatemala? - Ollantay Itzamn\u00e1","isPartOf":{"@id":"https:\/\/ollantayitzamna.com\/#website"},"primaryImageOfPage":{"@id":"https:\/\/ollantayitzamna.com\/?p=3075#primaryimage"},"image":{"@id":"https:\/\/ollantayitzamna.com\/?p=3075#primaryimage"},"thumbnailUrl":"https:\/\/i0.wp.com\/ollantayitzamna.com\/wp-content\/uploads\/2022\/07\/09e3f325-d6fc-4d48-8309-90335f245e4d_16-9-discover-aspect-ratio_default_0.jpeg?fit=1200%2C675&ssl=1","datePublished":"2022-07-08T16:57:36+00:00","dateModified":"2025-07-04T13:38:29+00:00","author":{"@id":"https:\/\/ollantayitzamna.com\/#\/schema\/person\/d7d683451f51a71c7d7c6b4b70437092"},"breadcrumb":{"@id":"https:\/\/ollantayitzamna.com\/?p=3075#breadcrumb"},"inLanguage":"es","potentialAction":[{"@type":"ReadAction","target":["https:\/\/ollantayitzamna.com\/?p=3075"]}]},{"@type":"ImageObject","inLanguage":"es","@id":"https:\/\/ollantayitzamna.com\/?p=3075#primaryimage","url":"https:\/\/i0.wp.com\/ollantayitzamna.com\/wp-content\/uploads\/2022\/07\/09e3f325-d6fc-4d48-8309-90335f245e4d_16-9-discover-aspect-ratio_default_0.jpeg?fit=1200%2C675&ssl=1","contentUrl":"https:\/\/i0.wp.com\/ollantayitzamna.com\/wp-content\/uploads\/2022\/07\/09e3f325-d6fc-4d48-8309-90335f245e4d_16-9-discover-aspect-ratio_default_0.jpeg?fit=1200%2C675&ssl=1","width":1200,"height":675,"caption":"Empresa El\u00e9ctrica de Francia"},{"@type":"BreadcrumbList","@id":"https:\/\/ollantayitzamna.com\/?p=3075#breadcrumb","itemListElement":[{"@type":"ListItem","position":1,"name":"Portada","item":"https:\/\/ollantayitzamna.com\/"},{"@type":"ListItem","position":2,"name":"Francia nacionalizar\u00e1 el 100% de la energ\u00eda el\u00e9ctrica, \u00bfY Guatemala?"}]},{"@type":"WebSite","@id":"https:\/\/ollantayitzamna.com\/#website","url":"https:\/\/ollantayitzamna.com\/","name":"Ollantay Itzamn\u00e1","description":"Susurros del silencio","potentialAction":[{"@type":"SearchAction","target":{"@type":"EntryPoint","urlTemplate":"https:\/\/ollantayitzamna.com\/?s={search_term_string}"},"query-input":{"@type":"PropertyValueSpecification","valueRequired":true,"valueName":"search_term_string"}}],"inLanguage":"es"},{"@type":"Person","@id":"https:\/\/ollantayitzamna.com\/#\/schema\/person\/d7d683451f51a71c7d7c6b4b70437092","name":"ollantayitzamna","image":{"@type":"ImageObject","inLanguage":"es","@id":"https:\/\/secure.gravatar.com\/avatar\/576387c53cc1a5ef704abf20408627fa3cb969d3f33355a576a2b20d65397362?s=96&d=identicon&r=g","url":"https:\/\/secure.gravatar.com\/avatar\/576387c53cc1a5ef704abf20408627fa3cb969d3f33355a576a2b20d65397362?s=96&d=identicon&r=g","contentUrl":"https:\/\/secure.gravatar.com\/avatar\/576387c53cc1a5ef704abf20408627fa3cb969d3f33355a576a2b20d65397362?s=96&d=identicon&r=g","caption":"ollantayitzamna"},"description":"Soy Tierra que siente, que llora, que ama, que conspira, que sue\u00f1a. Soy wawa (criatura) de la Pachamama.","sameAs":["http:\/\/ollantayitzamna.com"],"url":"https:\/\/ollantayitzamna.com\/?author=95365428"}]}},"jetpack_publicize_connections":[],"jetpack_featured_media_url":"https:\/\/i0.wp.com\/ollantayitzamna.com\/wp-content\/uploads\/2022\/07\/09e3f325-d6fc-4d48-8309-90335f245e4d_16-9-discover-aspect-ratio_default_0.jpeg?fit=1200%2C675&ssl=1","jetpack_likes_enabled":true,"jetpack_sharing_enabled":true,"_links":{"self":[{"href":"https:\/\/ollantayitzamna.com\/index.php?rest_route=\/wp\/v2\/posts\/3075","targetHints":{"allow":["GET"]}}],"collection":[{"href":"https:\/\/ollantayitzamna.com\/index.php?rest_route=\/wp\/v2\/posts"}],"about":[{"href":"https:\/\/ollantayitzamna.com\/index.php?rest_route=\/wp\/v2\/types\/post"}],"author":[{"embeddable":true,"href":"https:\/\/ollantayitzamna.com\/index.php?rest_route=\/wp\/v2\/users\/95365428"}],"replies":[{"embeddable":true,"href":"https:\/\/ollantayitzamna.com\/index.php?rest_route=%2Fwp%2Fv2%2Fcomments&post=3075"}],"version-history":[{"count":10,"href":"https:\/\/ollantayitzamna.com\/index.php?rest_route=\/wp\/v2\/posts\/3075\/revisions"}],"predecessor-version":[{"id":3086,"href":"https:\/\/ollantayitzamna.com\/index.php?rest_route=\/wp\/v2\/posts\/3075\/revisions\/3086"}],"wp:featuredmedia":[{"embeddable":true,"href":"https:\/\/ollantayitzamna.com\/index.php?rest_route=\/wp\/v2\/media\/3080"}],"wp:attachment":[{"href":"https:\/\/ollantayitzamna.com\/index.php?rest_route=%2Fwp%2Fv2%2Fmedia&parent=3075"}],"wp:term":[{"taxonomy":"category","embeddable":true,"href":"https:\/\/ollantayitzamna.com\/index.php?rest_route=%2Fwp%2Fv2%2Fcategories&post=3075"},{"taxonomy":"post_tag","embeddable":true,"href":"https:\/\/ollantayitzamna.com\/index.php?rest_route=%2Fwp%2Fv2%2Ftags&post=3075"}],"curies":[{"name":"wp","href":"https:\/\/api.w.org\/{rel}","templated":true}]}}