{"id":3095,"date":"2022-07-13T19:30:24","date_gmt":"2022-07-14T01:30:24","guid":{"rendered":"https:\/\/ollantayitzamna.com\/?p=3095"},"modified":"2025-07-04T07:23:18","modified_gmt":"2025-07-04T13:23:18","slug":"una-senadora-boliviana-paso-un-mal-momento-ante-un-movimiento-indigena-y-campesino-de-guatemala","status":"publish","type":"post","link":"https:\/\/ollantayitzamna.com\/?p=3095","title":{"rendered":"Una Senadora boliviana pas\u00f3 un mal momento ante un movimiento ind\u00edgena y campesino de Guatemala"},"content":{"rendered":"<figure id=\"attachment_3108\" aria-describedby=\"caption-attachment-3108\" style=\"width: 840px\" class=\"wp-caption aligncenter\"><img data-recalc-dims=\"1\" fetchpriority=\"high\" decoding=\"async\" data-attachment-id=\"3108\" data-permalink=\"https:\/\/ollantayitzamna.com\/?attachment_id=3108\" data-orig-file=\"https:\/\/i0.wp.com\/ollantayitzamna.com\/wp-content\/uploads\/2022\/07\/dd603aa4-35d9-4e19-be5b-e4d667319624.jpeg?fit=840%2C570&amp;ssl=1\" data-orig-size=\"840,570\" data-comments-opened=\"1\" data-image-meta=\"{&quot;aperture&quot;:&quot;0&quot;,&quot;credit&quot;:&quot;&quot;,&quot;camera&quot;:&quot;&quot;,&quot;caption&quot;:&quot;&quot;,&quot;created_timestamp&quot;:&quot;0&quot;,&quot;copyright&quot;:&quot;&quot;,&quot;focal_length&quot;:&quot;0&quot;,&quot;iso&quot;:&quot;0&quot;,&quot;shutter_speed&quot;:&quot;0&quot;,&quot;title&quot;:&quot;&quot;,&quot;orientation&quot;:&quot;0&quot;}\" data-image-title=\"dd603aa4-35d9-4e19-be5b-e4d667319624\" data-image-description=\"\" data-image-caption=\"&lt;p&gt;Silvia Salame. Senadora por Comunidad Ciudadana&lt;\/p&gt;\n\" data-large-file=\"https:\/\/i0.wp.com\/ollantayitzamna.com\/wp-content\/uploads\/2022\/07\/dd603aa4-35d9-4e19-be5b-e4d667319624.jpeg?fit=800%2C543&amp;ssl=1\" class=\"size-full wp-image-3108\" src=\"https:\/\/i0.wp.com\/ollantayitzamna.com\/wp-content\/uploads\/2022\/07\/dd603aa4-35d9-4e19-be5b-e4d667319624.jpeg?resize=800%2C543&#038;ssl=1\" alt=\"\" width=\"800\" height=\"543\" srcset=\"https:\/\/i0.wp.com\/ollantayitzamna.com\/wp-content\/uploads\/2022\/07\/dd603aa4-35d9-4e19-be5b-e4d667319624.jpeg?w=840&amp;ssl=1 840w, https:\/\/i0.wp.com\/ollantayitzamna.com\/wp-content\/uploads\/2022\/07\/dd603aa4-35d9-4e19-be5b-e4d667319624.jpeg?resize=300%2C204&amp;ssl=1 300w, https:\/\/i0.wp.com\/ollantayitzamna.com\/wp-content\/uploads\/2022\/07\/dd603aa4-35d9-4e19-be5b-e4d667319624.jpeg?resize=150%2C102&amp;ssl=1 150w, https:\/\/i0.wp.com\/ollantayitzamna.com\/wp-content\/uploads\/2022\/07\/dd603aa4-35d9-4e19-be5b-e4d667319624.jpeg?resize=768%2C521&amp;ssl=1 768w\" sizes=\"(max-width: 800px) 100vw, 800px\" \/><figcaption id=\"caption-attachment-3108\" class=\"wp-caption-text\">Silvia Salame. Senadora boliviana por Comunidad Ciudadana<\/figcaption><\/figure>\n<blockquote>\n<h4 style=\"text-align: center;\"><span style=\"color: #800000;\">Hace unos d\u00edas atr\u00e1s, una representante del Movimiento para la Liberaci\u00f3n de los Pueblos (MLP), organizaci\u00f3n pol\u00edtica creada por movimientos sociales en Guatemala, me invit\u00f3 a una reuni\u00f3n virtual con una \u00abSenadora de Bolivia que busca hacer puentes con organizaciones sociales del Continente\u00bb.<\/span><\/h4>\n<\/blockquote>\n<p><!--more--><\/p>\n<p>Una vez en sala, grande fue mi sorpresa cuando escuch\u00e9 a la Sra. Silvia Salame (Senadora boliviana de #Chuquisaca, por la agrupaci\u00f3n Comunidad Ciudadana): \u00abGracias por crear este espacio para conocernos y contarles que lo que ocurri\u00f3 en Bolivia no fue un Golpe de Estado. Evo Morales y su gente abandonaron el poder, y lo que hicimos fue prevenir el desgobierno&#8230;\u00bb Fue su interlocuci\u00f3n introductoria.<\/p>\n<p>La Senadora, segura en su explicaci\u00f3n y afirmaciones categ\u00f3ricas, no sab\u00eda que hablaba con integrantes del movimiento sociopol\u00edtico CODECA y su brazo pol\u00edtico MLP, hasta que las preguntas de sus interlocutores (bastante diplom\u00e1ticos) fueron inc\u00f3modas para Ella, e intent\u00f3 salir al paso mostr\u00e1ndose como indigenista: \u00abEn mis d\u00e9cadas de trabajo con ind\u00edgenas en Bolivia, he capacitado decenas de promotores ind\u00edgenas&#8230; Evo Morales, para expandir el narcotr\u00e1fico quiso imponer la carreta del TIPNIS sin consultar a los ind\u00edgenas\u00bb, recalc\u00f3.<\/p>\n<p><strong>La reuni\u00f3n fue cortada de tajo, y la sala se cerr\u00f3<\/strong><\/p>\n<p>La representante de MLP, con diplomacia y car\u00e1cter, minutos despu\u00e9s de haber comenzado la reuni\u00f3n, respondi\u00f3: \u00abSe\u00f1ora Silvia, no sabemos c\u00f3mo es que se dio esta reuni\u00f3n. Nosotros como movimiento ind\u00edgena campesino. Sabemos que lo que ocurri\u00f3 en noviembre del 2019, en Bolivia, fue un Golpe de Estado. Y estuvimos tambi\u00e9n nosotros en las calles en Guatemala, exigiendo se restituya el gobierno constitucional de su pa\u00eds. Nosotros somos ind\u00edgenas, y no necesitamos que otras personas como Ud. hable por nosotros o nos capacite. Sabemos lo que tenemos que hacer. As\u00ed que muchas gracias. No podemos seguir escuch\u00e1ndola&#8230;\u00bb Y finaliz\u00f3 la sala del zoom.<\/p>\n<p>Y efectivamente, el movimiento sociopol\u00edtico Comit\u00e9 de Desarrollo Campesino (CODECA), que desde hace m\u00e1s de una d\u00e9cada impulsa procesos de cambios estructurales hacia el Estado plurinacional en Guatemala, denunci\u00f3 y protest\u00f3 frente a la Embajada norteamericana exigiendo se restituya el gobierno constitucional en Bolivia.<\/p>\n<p><strong>\u00bfPor qu\u00e9 una Senadora anciana hace de rid\u00edculo en el \u00e1mbito internacional?<\/strong><\/p>\n<p>En Bolivia, luego que Jeanine \u00c1\u00f1ez (presidenta de facto con el Golpe de Estado) fue sentenciada a 10 a\u00f1os de c\u00e1rcel, y ante el avance irremediable en la misma direcci\u00f3n de otros dos juicios por el Golpe de Estado, las y los responsables de aquel macabro acto sanguinario est\u00e1n asustados y desesperados: Saben que la justicia les va a alcanzar.<\/p>\n<blockquote>\n<h5><span style=\"color: #ff0000;\">Por eso, ante el repudio que sienten dentro de Bolivia, ahora, salen (en modo Guaid\u00f3) hacia la palestra internacional en busca de apoyo internacional.<\/span><\/h5>\n<\/blockquote>\n<p>En la situaci\u00f3n de desesperaci\u00f3n en la que se encuentran, ya no les importa conocer el \u00abterreno\u00bb donde van a locutar. Como tampoco ya no les importa las verg\u00fcenzas o humillaciones que puedan sufrir en ese \u00abgrito desesperado\u00bb. Y, claro. En el caso de Guatemala, no se dieron cuenta que hablaban con CODECA MLP que tiene su propia lectura sobre los sucesos en Bolivia y otros pa\u00edses.<\/p>\n<p>La otra explicaci\u00f3n es: Como toda indigenista o mestiza caritativa con la \u00absubalternidad boliviana\u00bb (seg\u00fan ellos), consideran que las y los originarios y campesinos del Continente somos \u00abesponjas\u00bb que a\u00fan absorbemos el adoctrinamiento se\u00f1orial colonial. Por eso la Sra. Salame, cuando su asistenta le organiz\u00f3 una reuni\u00f3n con una organizaci\u00f3n ind\u00edgena campesina de Guatemala, repiti\u00f3 el mismo discurso \u00abanti indio\u00bb, con muecas de amabilidad con su audiencia virtual.<\/p>\n<p>Por donde se mire, lo que ocurri\u00f3 en Bolivia, en 2019, fue un sangriento Golpe de Estado. Revertido pol\u00edticamente en las urnas en las \u00faltimas elecciones generales. Castigado penalmente en la sentencia judicial reciente contra \u00c1\u00f1ez y ex altos mandos militares.<\/p>\n<p>Y se deber\u00e1 castigar ejemplarmente tambi\u00e9n a Carlos Meza (due\u00f1o de Comunidad Ciudadana), Jorge Quiroga, Waldo Albarrac\u00edn, algunos integrantes de la Jerarqu\u00eda Cat\u00f3lica de Bolivia, y a todos los y las analistas, ambientalistas, opinador@s, oneger@s, due\u00f1os de medios de desinformaci\u00f3n, que promovieron dicho Golpe criminal.<\/p>\n<p>Si no se castiga a todos los y las responsables del Golpe de Bolivia, con seguridad dicha impunidad ser\u00e1 un premio o un aliciente para pr\u00f3ximos golpes sangrientos contra los pueblos de Abya Yala.<\/p>\n","protected":false},"excerpt":{"rendered":"<p>Hace unos d\u00edas atr\u00e1s, una representante del Movimiento para la Liberaci\u00f3n de los Pueblos (MLP), organizaci\u00f3n pol\u00edtica creada por movimientos sociales en Guatemala, me invit\u00f3 a una reuni\u00f3n virtual con una \u00abSenadora de Bolivia que busca hacer puentes con organizaciones sociales del Continente\u00bb.<\/p>\n","protected":false},"author":95365428,"featured_media":3108,"comment_status":"open","ping_status":"open","sticky":false,"template":"","format":"standard","meta":{"_coblocks_attr":"","_coblocks_dimensions":"","_coblocks_responsive_height":"","_coblocks_accordion_ie_support":"","_jetpack_newsletter_access":"","_jetpack_dont_email_post_to_subs":false,"_jetpack_newsletter_tier_id":0,"_jetpack_memberships_contains_paywalled_content":false,"_wpcom_ai_launchpad_first_post":false,"_jetpack_feature_clip_id":0,"_jetpack_memberships_contains_paid_content":false,"footnotes":"","jetpack_publicize_message":"{title}\n\n{excerpt}\n\n{url}","jetpack_publicize_feature_enabled":true,"jetpack_social_post_already_shared":true,"jetpack_social_options":{"image_generator_settings":{"template":"highway","default_image_id":0,"font":"","enabled":false},"version":2},"_wpas_customize_per_network":false,"jetpack_post_was_ever_published":false},"categories":[696796406],"tags":[696795857,5578823,696795872,696795858,10318,696796163],"class_list":["post-3095","post","type-post","status-publish","format-standard","has-post-thumbnail","hentry","category-comunalidad","tag-bolivia","tag-codeca","tag-golpe-de-estado","tag-guatemala","tag-mlp","tag-silvia-salame"],"yoast_head":"<!-- This site is optimized with the Yoast SEO plugin v28.3 - https:\/\/yoast.com\/product\/yoast-seo-wordpress\/ -->\n<title>Una Senadora boliviana pas\u00f3 un mal momento ante un movimiento ind\u00edgena y campesino de Guatemala - Ollantay Itzamn\u00e1<\/title>\n<meta name=\"robots\" content=\"index, follow, max-snippet:-1, max-image-preview:large, max-video-preview:-1\" \/>\n<link rel=\"canonical\" href=\"https:\/\/ollantayitzamna.com\/?p=3095\" \/>\n<meta property=\"og:locale\" content=\"es_ES\" \/>\n<meta property=\"og:type\" content=\"article\" \/>\n<meta property=\"og:title\" content=\"Una Senadora boliviana pas\u00f3 un mal momento ante un movimiento ind\u00edgena y campesino de Guatemala - Ollantay Itzamn\u00e1\" \/>\n<meta property=\"og:description\" content=\"Hace unos d\u00edas atr\u00e1s, una representante del Movimiento para la Liberaci\u00f3n de los Pueblos (MLP), organizaci\u00f3n pol\u00edtica creada por movimientos sociales en Guatemala, me invit\u00f3 a una reuni\u00f3n virtual con una \u00abSenadora de Bolivia que busca hacer puentes con organizaciones sociales del Continente\u00bb.\" \/>\n<meta property=\"og:url\" content=\"https:\/\/ollantayitzamna.com\/?p=3095\" \/>\n<meta property=\"og:site_name\" content=\"Ollantay Itzamn\u00e1\" \/>\n<meta property=\"article:published_time\" content=\"2022-07-14T01:30:24+00:00\" \/>\n<meta property=\"article:modified_time\" content=\"2025-07-04T13:23:18+00:00\" \/>\n<meta property=\"og:image\" content=\"https:\/\/i0.wp.com\/ollantayitzamna.com\/wp-content\/uploads\/2022\/07\/dd603aa4-35d9-4e19-be5b-e4d667319624.jpeg?fit=840%2C570&ssl=1\" \/>\n\t<meta property=\"og:image:width\" content=\"840\" \/>\n\t<meta property=\"og:image:height\" content=\"570\" \/>\n\t<meta property=\"og:image:type\" content=\"image\/jpeg\" \/>\n<meta name=\"author\" content=\"ollantayitzamna\" \/>\n<meta name=\"twitter:card\" content=\"summary_large_image\" \/>\n<meta name=\"twitter:label1\" content=\"Escrito por\" \/>\n\t<meta name=\"twitter:data1\" content=\"ollantayitzamna\" \/>\n\t<meta name=\"twitter:label2\" content=\"Tiempo de lectura\" \/>\n\t<meta name=\"twitter:data2\" content=\"4 minutos\" \/>\n<script type=\"application\/ld+json\" class=\"yoast-schema-graph\">{\"@context\":\"https:\\\/\\\/schema.org\",\"@graph\":[{\"@type\":\"Article\",\"@id\":\"https:\\\/\\\/ollantayitzamna.com\\\/?p=3095#article\",\"isPartOf\":{\"@id\":\"https:\\\/\\\/ollantayitzamna.com\\\/?p=3095\"},\"author\":{\"name\":\"ollantayitzamna\",\"@id\":\"https:\\\/\\\/ollantayitzamna.com\\\/#\\\/schema\\\/person\\\/d7d683451f51a71c7d7c6b4b70437092\"},\"headline\":\"Una Senadora boliviana pas\u00f3 un mal momento ante un movimiento ind\u00edgena y campesino de Guatemala\",\"datePublished\":\"2022-07-14T01:30:24+00:00\",\"dateModified\":\"2025-07-04T13:23:18+00:00\",\"mainEntityOfPage\":{\"@id\":\"https:\\\/\\\/ollantayitzamna.com\\\/?p=3095\"},\"wordCount\":785,\"commentCount\":3,\"image\":{\"@id\":\"https:\\\/\\\/ollantayitzamna.com\\\/?p=3095#primaryimage\"},\"thumbnailUrl\":\"https:\\\/\\\/i0.wp.com\\\/ollantayitzamna.com\\\/wp-content\\\/uploads\\\/2022\\\/07\\\/dd603aa4-35d9-4e19-be5b-e4d667319624.jpeg?fit=840%2C570&ssl=1\",\"keywords\":[\"Bolivia\",\"CODECA\",\"Golpe de Estado\",\"Guatemala\",\"MLP\",\"Silvia Salame\"],\"articleSection\":[\"Comunalidad\"],\"inLanguage\":\"es\",\"potentialAction\":[{\"@type\":\"CommentAction\",\"name\":\"Comment\",\"target\":[\"https:\\\/\\\/ollantayitzamna.com\\\/?p=3095#respond\"]}]},{\"@type\":\"WebPage\",\"@id\":\"https:\\\/\\\/ollantayitzamna.com\\\/?p=3095\",\"url\":\"https:\\\/\\\/ollantayitzamna.com\\\/?p=3095\",\"name\":\"Una Senadora boliviana pas\u00f3 un mal momento ante un movimiento ind\u00edgena y campesino de Guatemala - Ollantay Itzamn\u00e1\",\"isPartOf\":{\"@id\":\"https:\\\/\\\/ollantayitzamna.com\\\/#website\"},\"primaryImageOfPage\":{\"@id\":\"https:\\\/\\\/ollantayitzamna.com\\\/?p=3095#primaryimage\"},\"image\":{\"@id\":\"https:\\\/\\\/ollantayitzamna.com\\\/?p=3095#primaryimage\"},\"thumbnailUrl\":\"https:\\\/\\\/i0.wp.com\\\/ollantayitzamna.com\\\/wp-content\\\/uploads\\\/2022\\\/07\\\/dd603aa4-35d9-4e19-be5b-e4d667319624.jpeg?fit=840%2C570&ssl=1\",\"datePublished\":\"2022-07-14T01:30:24+00:00\",\"dateModified\":\"2025-07-04T13:23:18+00:00\",\"author\":{\"@id\":\"https:\\\/\\\/ollantayitzamna.com\\\/#\\\/schema\\\/person\\\/d7d683451f51a71c7d7c6b4b70437092\"},\"breadcrumb\":{\"@id\":\"https:\\\/\\\/ollantayitzamna.com\\\/?p=3095#breadcrumb\"},\"inLanguage\":\"es\",\"potentialAction\":[{\"@type\":\"ReadAction\",\"target\":[\"https:\\\/\\\/ollantayitzamna.com\\\/?p=3095\"]}]},{\"@type\":\"ImageObject\",\"inLanguage\":\"es\",\"@id\":\"https:\\\/\\\/ollantayitzamna.com\\\/?p=3095#primaryimage\",\"url\":\"https:\\\/\\\/i0.wp.com\\\/ollantayitzamna.com\\\/wp-content\\\/uploads\\\/2022\\\/07\\\/dd603aa4-35d9-4e19-be5b-e4d667319624.jpeg?fit=840%2C570&ssl=1\",\"contentUrl\":\"https:\\\/\\\/i0.wp.com\\\/ollantayitzamna.com\\\/wp-content\\\/uploads\\\/2022\\\/07\\\/dd603aa4-35d9-4e19-be5b-e4d667319624.jpeg?fit=840%2C570&ssl=1\",\"width\":840,\"height\":570,\"caption\":\"Silvia Salame. Senadora por Comunidad Ciudadana\"},{\"@type\":\"BreadcrumbList\",\"@id\":\"https:\\\/\\\/ollantayitzamna.com\\\/?p=3095#breadcrumb\",\"itemListElement\":[{\"@type\":\"ListItem\",\"position\":1,\"name\":\"Portada\",\"item\":\"https:\\\/\\\/ollantayitzamna.com\\\/\"},{\"@type\":\"ListItem\",\"position\":2,\"name\":\"Una Senadora boliviana pas\u00f3 un mal momento ante un movimiento ind\u00edgena y campesino de Guatemala\"}]},{\"@type\":\"WebSite\",\"@id\":\"https:\\\/\\\/ollantayitzamna.com\\\/#website\",\"url\":\"https:\\\/\\\/ollantayitzamna.com\\\/\",\"name\":\"Ollantay Itzamn\u00e1\",\"description\":\"Susurros del silencio\",\"potentialAction\":[{\"@type\":\"SearchAction\",\"target\":{\"@type\":\"EntryPoint\",\"urlTemplate\":\"https:\\\/\\\/ollantayitzamna.com\\\/?s={search_term_string}\"},\"query-input\":{\"@type\":\"PropertyValueSpecification\",\"valueRequired\":true,\"valueName\":\"search_term_string\"}}],\"inLanguage\":\"es\"},{\"@type\":\"Person\",\"@id\":\"https:\\\/\\\/ollantayitzamna.com\\\/#\\\/schema\\\/person\\\/d7d683451f51a71c7d7c6b4b70437092\",\"name\":\"ollantayitzamna\",\"image\":{\"@type\":\"ImageObject\",\"inLanguage\":\"es\",\"@id\":\"https:\\\/\\\/secure.gravatar.com\\\/avatar\\\/576387c53cc1a5ef704abf20408627fa3cb969d3f33355a576a2b20d65397362?s=96&d=identicon&r=g\",\"url\":\"https:\\\/\\\/secure.gravatar.com\\\/avatar\\\/576387c53cc1a5ef704abf20408627fa3cb969d3f33355a576a2b20d65397362?s=96&d=identicon&r=g\",\"contentUrl\":\"https:\\\/\\\/secure.gravatar.com\\\/avatar\\\/576387c53cc1a5ef704abf20408627fa3cb969d3f33355a576a2b20d65397362?s=96&d=identicon&r=g\",\"caption\":\"ollantayitzamna\"},\"description\":\"Soy Tierra que siente, que llora, que ama, que conspira, que sue\u00f1a. Soy wawa (criatura) de la Pachamama.\",\"sameAs\":[\"http:\\\/\\\/ollantayitzamna.com\"],\"url\":\"https:\\\/\\\/ollantayitzamna.com\\\/?author=95365428\"}]}<\/script>\n<!-- \/ Yoast SEO plugin. -->","yoast_head_json":{"title":"Una Senadora boliviana pas\u00f3 un mal momento ante un movimiento ind\u00edgena y campesino de Guatemala - Ollantay Itzamn\u00e1","robots":{"index":"index","follow":"follow","max-snippet":"max-snippet:-1","max-image-preview":"max-image-preview:large","max-video-preview":"max-video-preview:-1"},"canonical":"https:\/\/ollantayitzamna.com\/?p=3095","og_locale":"es_ES","og_type":"article","og_title":"Una Senadora boliviana pas\u00f3 un mal momento ante un movimiento ind\u00edgena y campesino de Guatemala - Ollantay Itzamn\u00e1","og_description":"Hace unos d\u00edas atr\u00e1s, una representante del Movimiento para la Liberaci\u00f3n de los Pueblos (MLP), organizaci\u00f3n pol\u00edtica creada por movimientos sociales en Guatemala, me invit\u00f3 a una reuni\u00f3n virtual con una \u00abSenadora de Bolivia que busca hacer puentes con organizaciones sociales del Continente\u00bb.","og_url":"https:\/\/ollantayitzamna.com\/?p=3095","og_site_name":"Ollantay Itzamn\u00e1","article_published_time":"2022-07-14T01:30:24+00:00","article_modified_time":"2025-07-04T13:23:18+00:00","og_image":[{"width":840,"height":570,"url":"https:\/\/i0.wp.com\/ollantayitzamna.com\/wp-content\/uploads\/2022\/07\/dd603aa4-35d9-4e19-be5b-e4d667319624.jpeg?fit=840%2C570&ssl=1","type":"image\/jpeg"}],"author":"ollantayitzamna","twitter_card":"summary_large_image","twitter_misc":{"Escrito por":"ollantayitzamna","Tiempo de lectura":"4 minutos"},"schema":{"@context":"https:\/\/schema.org","@graph":[{"@type":"Article","@id":"https:\/\/ollantayitzamna.com\/?p=3095#article","isPartOf":{"@id":"https:\/\/ollantayitzamna.com\/?p=3095"},"author":{"name":"ollantayitzamna","@id":"https:\/\/ollantayitzamna.com\/#\/schema\/person\/d7d683451f51a71c7d7c6b4b70437092"},"headline":"Una Senadora boliviana pas\u00f3 un mal momento ante un movimiento ind\u00edgena y campesino de Guatemala","datePublished":"2022-07-14T01:30:24+00:00","dateModified":"2025-07-04T13:23:18+00:00","mainEntityOfPage":{"@id":"https:\/\/ollantayitzamna.com\/?p=3095"},"wordCount":785,"commentCount":3,"image":{"@id":"https:\/\/ollantayitzamna.com\/?p=3095#primaryimage"},"thumbnailUrl":"https:\/\/i0.wp.com\/ollantayitzamna.com\/wp-content\/uploads\/2022\/07\/dd603aa4-35d9-4e19-be5b-e4d667319624.jpeg?fit=840%2C570&ssl=1","keywords":["Bolivia","CODECA","Golpe de Estado","Guatemala","MLP","Silvia Salame"],"articleSection":["Comunalidad"],"inLanguage":"es","potentialAction":[{"@type":"CommentAction","name":"Comment","target":["https:\/\/ollantayitzamna.com\/?p=3095#respond"]}]},{"@type":"WebPage","@id":"https:\/\/ollantayitzamna.com\/?p=3095","url":"https:\/\/ollantayitzamna.com\/?p=3095","name":"Una Senadora boliviana pas\u00f3 un mal momento ante un movimiento ind\u00edgena y campesino de Guatemala - Ollantay Itzamn\u00e1","isPartOf":{"@id":"https:\/\/ollantayitzamna.com\/#website"},"primaryImageOfPage":{"@id":"https:\/\/ollantayitzamna.com\/?p=3095#primaryimage"},"image":{"@id":"https:\/\/ollantayitzamna.com\/?p=3095#primaryimage"},"thumbnailUrl":"https:\/\/i0.wp.com\/ollantayitzamna.com\/wp-content\/uploads\/2022\/07\/dd603aa4-35d9-4e19-be5b-e4d667319624.jpeg?fit=840%2C570&ssl=1","datePublished":"2022-07-14T01:30:24+00:00","dateModified":"2025-07-04T13:23:18+00:00","author":{"@id":"https:\/\/ollantayitzamna.com\/#\/schema\/person\/d7d683451f51a71c7d7c6b4b70437092"},"breadcrumb":{"@id":"https:\/\/ollantayitzamna.com\/?p=3095#breadcrumb"},"inLanguage":"es","potentialAction":[{"@type":"ReadAction","target":["https:\/\/ollantayitzamna.com\/?p=3095"]}]},{"@type":"ImageObject","inLanguage":"es","@id":"https:\/\/ollantayitzamna.com\/?p=3095#primaryimage","url":"https:\/\/i0.wp.com\/ollantayitzamna.com\/wp-content\/uploads\/2022\/07\/dd603aa4-35d9-4e19-be5b-e4d667319624.jpeg?fit=840%2C570&ssl=1","contentUrl":"https:\/\/i0.wp.com\/ollantayitzamna.com\/wp-content\/uploads\/2022\/07\/dd603aa4-35d9-4e19-be5b-e4d667319624.jpeg?fit=840%2C570&ssl=1","width":840,"height":570,"caption":"Silvia Salame. Senadora por Comunidad Ciudadana"},{"@type":"BreadcrumbList","@id":"https:\/\/ollantayitzamna.com\/?p=3095#breadcrumb","itemListElement":[{"@type":"ListItem","position":1,"name":"Portada","item":"https:\/\/ollantayitzamna.com\/"},{"@type":"ListItem","position":2,"name":"Una Senadora boliviana pas\u00f3 un mal momento ante un movimiento ind\u00edgena y campesino de Guatemala"}]},{"@type":"WebSite","@id":"https:\/\/ollantayitzamna.com\/#website","url":"https:\/\/ollantayitzamna.com\/","name":"Ollantay Itzamn\u00e1","description":"Susurros del silencio","potentialAction":[{"@type":"SearchAction","target":{"@type":"EntryPoint","urlTemplate":"https:\/\/ollantayitzamna.com\/?s={search_term_string}"},"query-input":{"@type":"PropertyValueSpecification","valueRequired":true,"valueName":"search_term_string"}}],"inLanguage":"es"},{"@type":"Person","@id":"https:\/\/ollantayitzamna.com\/#\/schema\/person\/d7d683451f51a71c7d7c6b4b70437092","name":"ollantayitzamna","image":{"@type":"ImageObject","inLanguage":"es","@id":"https:\/\/secure.gravatar.com\/avatar\/576387c53cc1a5ef704abf20408627fa3cb969d3f33355a576a2b20d65397362?s=96&d=identicon&r=g","url":"https:\/\/secure.gravatar.com\/avatar\/576387c53cc1a5ef704abf20408627fa3cb969d3f33355a576a2b20d65397362?s=96&d=identicon&r=g","contentUrl":"https:\/\/secure.gravatar.com\/avatar\/576387c53cc1a5ef704abf20408627fa3cb969d3f33355a576a2b20d65397362?s=96&d=identicon&r=g","caption":"ollantayitzamna"},"description":"Soy Tierra que siente, que llora, que ama, que conspira, que sue\u00f1a. Soy wawa (criatura) de la Pachamama.","sameAs":["http:\/\/ollantayitzamna.com"],"url":"https:\/\/ollantayitzamna.com\/?author=95365428"}]}},"jetpack_publicize_connections":[],"jetpack_likes_enabled":true,"jetpack_sharing_enabled":true,"jetpack_featured_media_url":"https:\/\/i0.wp.com\/ollantayitzamna.com\/wp-content\/uploads\/2022\/07\/dd603aa4-35d9-4e19-be5b-e4d667319624.jpeg?fit=840%2C570&ssl=1","_links":{"self":[{"href":"https:\/\/ollantayitzamna.com\/index.php?rest_route=\/wp\/v2\/posts\/3095","targetHints":{"allow":["GET"]}}],"collection":[{"href":"https:\/\/ollantayitzamna.com\/index.php?rest_route=\/wp\/v2\/posts"}],"about":[{"href":"https:\/\/ollantayitzamna.com\/index.php?rest_route=\/wp\/v2\/types\/post"}],"author":[{"embeddable":true,"href":"https:\/\/ollantayitzamna.com\/index.php?rest_route=\/wp\/v2\/users\/95365428"}],"replies":[{"embeddable":true,"href":"https:\/\/ollantayitzamna.com\/index.php?rest_route=%2Fwp%2Fv2%2Fcomments&post=3095"}],"version-history":[{"count":10,"href":"https:\/\/ollantayitzamna.com\/index.php?rest_route=\/wp\/v2\/posts\/3095\/revisions"}],"predecessor-version":[{"id":3110,"href":"https:\/\/ollantayitzamna.com\/index.php?rest_route=\/wp\/v2\/posts\/3095\/revisions\/3110"}],"wp:featuredmedia":[{"embeddable":true,"href":"https:\/\/ollantayitzamna.com\/index.php?rest_route=\/wp\/v2\/media\/3108"}],"wp:attachment":[{"href":"https:\/\/ollantayitzamna.com\/index.php?rest_route=%2Fwp%2Fv2%2Fmedia&parent=3095"}],"wp:term":[{"taxonomy":"category","embeddable":true,"href":"https:\/\/ollantayitzamna.com\/index.php?rest_route=%2Fwp%2Fv2%2Fcategories&post=3095"},{"taxonomy":"post_tag","embeddable":true,"href":"https:\/\/ollantayitzamna.com\/index.php?rest_route=%2Fwp%2Fv2%2Ftags&post=3095"}],"curies":[{"name":"wp","href":"https:\/\/api.w.org\/{rel}","templated":true}]}}