{"id":3359,"date":"2022-10-20T09:00:18","date_gmt":"2022-10-20T15:00:18","guid":{"rendered":"https:\/\/ollantayitzamna.com\/?p=3359"},"modified":"2025-07-03T08:49:45","modified_gmt":"2025-07-03T14:49:45","slug":"de-la-revolucion-nacional-a-la-revolucion-plurinacional","status":"publish","type":"post","link":"https:\/\/ollantayitzamna.com\/?p=3359","title":{"rendered":"De la revoluci\u00f3n nacional a la revoluci\u00f3n plurinacional"},"content":{"rendered":"<figure id=\"attachment_3366\" aria-describedby=\"caption-attachment-3366\" style=\"width: 1080px\" class=\"wp-caption aligncenter\"><img data-recalc-dims=\"1\" fetchpriority=\"high\" decoding=\"async\" data-attachment-id=\"3366\" data-permalink=\"https:\/\/ollantayitzamna.com\/?attachment_id=3366\" data-orig-file=\"https:\/\/i0.wp.com\/ollantayitzamna.com\/wp-content\/uploads\/2022\/10\/WhatsApp-Image-2022-10-20-at-8.49.53-AM.jpeg?fit=1080%2C1080&amp;ssl=1\" data-orig-size=\"1080,1080\" data-comments-opened=\"1\" data-image-meta=\"{&quot;aperture&quot;:&quot;0&quot;,&quot;credit&quot;:&quot;&quot;,&quot;camera&quot;:&quot;&quot;,&quot;caption&quot;:&quot;&quot;,&quot;created_timestamp&quot;:&quot;0&quot;,&quot;copyright&quot;:&quot;&quot;,&quot;focal_length&quot;:&quot;0&quot;,&quot;iso&quot;:&quot;0&quot;,&quot;shutter_speed&quot;:&quot;0&quot;,&quot;title&quot;:&quot;&quot;,&quot;orientation&quot;:&quot;0&quot;}\" data-image-title=\"WhatsApp Image 2022-10-20 at 8.49.53 AM\" data-image-description=\"\" data-image-caption=\"&lt;p&gt;Guatemala plurinacional. Interner&lt;\/p&gt;\n\" data-large-file=\"https:\/\/i0.wp.com\/ollantayitzamna.com\/wp-content\/uploads\/2022\/10\/WhatsApp-Image-2022-10-20-at-8.49.53-AM.jpeg?fit=800%2C800&amp;ssl=1\" class=\"size-full wp-image-3366\" src=\"https:\/\/i0.wp.com\/ollantayitzamna.com\/wp-content\/uploads\/2022\/10\/WhatsApp-Image-2022-10-20-at-8.49.53-AM.jpeg?resize=800%2C800&#038;ssl=1\" alt=\"\" width=\"800\" height=\"800\" srcset=\"https:\/\/i0.wp.com\/ollantayitzamna.com\/wp-content\/uploads\/2022\/10\/WhatsApp-Image-2022-10-20-at-8.49.53-AM.jpeg?w=1080&amp;ssl=1 1080w, https:\/\/i0.wp.com\/ollantayitzamna.com\/wp-content\/uploads\/2022\/10\/WhatsApp-Image-2022-10-20-at-8.49.53-AM.jpeg?resize=300%2C300&amp;ssl=1 300w, https:\/\/i0.wp.com\/ollantayitzamna.com\/wp-content\/uploads\/2022\/10\/WhatsApp-Image-2022-10-20-at-8.49.53-AM.jpeg?resize=1024%2C1024&amp;ssl=1 1024w, https:\/\/i0.wp.com\/ollantayitzamna.com\/wp-content\/uploads\/2022\/10\/WhatsApp-Image-2022-10-20-at-8.49.53-AM.jpeg?resize=150%2C150&amp;ssl=1 150w, https:\/\/i0.wp.com\/ollantayitzamna.com\/wp-content\/uploads\/2022\/10\/WhatsApp-Image-2022-10-20-at-8.49.53-AM.jpeg?resize=768%2C768&amp;ssl=1 768w, https:\/\/i0.wp.com\/ollantayitzamna.com\/wp-content\/uploads\/2022\/10\/WhatsApp-Image-2022-10-20-at-8.49.53-AM.jpeg?resize=800%2C800&amp;ssl=1 800w, https:\/\/i0.wp.com\/ollantayitzamna.com\/wp-content\/uploads\/2022\/10\/WhatsApp-Image-2022-10-20-at-8.49.53-AM.jpeg?resize=400%2C400&amp;ssl=1 400w, https:\/\/i0.wp.com\/ollantayitzamna.com\/wp-content\/uploads\/2022\/10\/WhatsApp-Image-2022-10-20-at-8.49.53-AM.jpeg?resize=200%2C200&amp;ssl=1 200w, https:\/\/i0.wp.com\/ollantayitzamna.com\/wp-content\/uploads\/2022\/10\/WhatsApp-Image-2022-10-20-at-8.49.53-AM.jpeg?resize=88%2C88&amp;ssl=1 88w, https:\/\/i0.wp.com\/ollantayitzamna.com\/wp-content\/uploads\/2022\/10\/WhatsApp-Image-2022-10-20-at-8.49.53-AM.jpeg?resize=900%2C900&amp;ssl=1 900w\" sizes=\"(max-width: 800px) 100vw, 800px\" \/><figcaption id=\"caption-attachment-3366\" class=\"wp-caption-text\">Guatemala plurinacional. Interner<\/figcaption><\/figure>\n<blockquote>\n<h5><span style=\"color: #ff0000;\">Las conmemoraciones del 20 de octubre deben de fortalecer al crecimiento del sujeto plurinacional de pueblos constituyentes para el Buen Vivir en Guatemala.<\/span><\/h5>\n<\/blockquote>\n<p><!--more--><\/p>\n<p>Guatemala, en sus dos siglos de vida republicana, vivi\u00f3 dos procesos revolucionarios (siglo XIX y siglo XX) que buscaban modernizar y fortalecer el Estado naci\u00f3n, mediante la universalizaci\u00f3n de la educaci\u00f3n y otros servicios, y la creaci\u00f3n de instituciones p\u00fablicas firmes.<\/p>\n<p>Ambos procesos fueron impulsados por actores o liderazgos liberales que disputaban el poder a las oligarqu\u00edas conservadoras, serviles a los intereses empresariales extranjeros. En este sentido, dichas revoluciones liberales fueron nacionalistas.<\/p>\n<p>La Revoluci\u00f3n Nacional del 20 de Octubre de 1944, que luego de derrocar al tirano Jorge Ubico, buscaba restaurar la democracia representativa, fortalecer el Estado naci\u00f3n frente a la humillante presencia de las fruteras norteamericanas, proteger a los trabajadores y garantizar la modernizaci\u00f3n del pa\u00eds mediante la educaci\u00f3n. Ese valioso intento, fue abortado, por la intervenci\u00f3n norteamericana, en 1954. Desde ese entonces, del Estado naci\u00f3n guatemalteco s\u00f3lo queda el nombre: \u00abNO HAY NACI\u00d3N, NI HAY ESTADO\u00bb, constatan las grandes mayor\u00edas poblaciones del pa\u00eds.<\/p>\n<h4>Hacia una revoluci\u00f3n plurinacional para el Buen Vivir<\/h4>\n<figure id=\"attachment_3367\" aria-describedby=\"caption-attachment-3367\" style=\"width: 900px\" class=\"wp-caption aligncenter\"><img data-recalc-dims=\"1\" decoding=\"async\" data-attachment-id=\"3367\" data-permalink=\"https:\/\/ollantayitzamna.com\/?attachment_id=3367\" data-orig-file=\"https:\/\/i0.wp.com\/ollantayitzamna.com\/wp-content\/uploads\/2022\/10\/WhatsApp-Image-2022-10-20-at-8.52.44-AM.jpeg?fit=900%2C1600&amp;ssl=1\" data-orig-size=\"900,1600\" data-comments-opened=\"1\" data-image-meta=\"{&quot;aperture&quot;:&quot;0&quot;,&quot;credit&quot;:&quot;&quot;,&quot;camera&quot;:&quot;&quot;,&quot;caption&quot;:&quot;&quot;,&quot;created_timestamp&quot;:&quot;0&quot;,&quot;copyright&quot;:&quot;&quot;,&quot;focal_length&quot;:&quot;0&quot;,&quot;iso&quot;:&quot;0&quot;,&quot;shutter_speed&quot;:&quot;0&quot;,&quot;title&quot;:&quot;&quot;,&quot;orientation&quot;:&quot;0&quot;}\" data-image-title=\"WhatsApp Image 2022-10-20 at 8.52.44 AM\" data-image-description=\"\" data-image-caption=\"&lt;p&gt;Juventud Plurinacional. O.I.&lt;\/p&gt;\n\" data-large-file=\"https:\/\/i0.wp.com\/ollantayitzamna.com\/wp-content\/uploads\/2022\/10\/WhatsApp-Image-2022-10-20-at-8.52.44-AM.jpeg?fit=576%2C1024&amp;ssl=1\" class=\"size-full wp-image-3367\" src=\"https:\/\/i0.wp.com\/ollantayitzamna.com\/wp-content\/uploads\/2022\/10\/WhatsApp-Image-2022-10-20-at-8.52.44-AM.jpeg?resize=800%2C1422&#038;ssl=1\" alt=\"\" width=\"800\" height=\"1422\" srcset=\"https:\/\/i0.wp.com\/ollantayitzamna.com\/wp-content\/uploads\/2022\/10\/WhatsApp-Image-2022-10-20-at-8.52.44-AM.jpeg?w=900&amp;ssl=1 900w, https:\/\/i0.wp.com\/ollantayitzamna.com\/wp-content\/uploads\/2022\/10\/WhatsApp-Image-2022-10-20-at-8.52.44-AM.jpeg?resize=169%2C300&amp;ssl=1 169w, https:\/\/i0.wp.com\/ollantayitzamna.com\/wp-content\/uploads\/2022\/10\/WhatsApp-Image-2022-10-20-at-8.52.44-AM.jpeg?resize=576%2C1024&amp;ssl=1 576w, https:\/\/i0.wp.com\/ollantayitzamna.com\/wp-content\/uploads\/2022\/10\/WhatsApp-Image-2022-10-20-at-8.52.44-AM.jpeg?resize=84%2C150&amp;ssl=1 84w, https:\/\/i0.wp.com\/ollantayitzamna.com\/wp-content\/uploads\/2022\/10\/WhatsApp-Image-2022-10-20-at-8.52.44-AM.jpeg?resize=768%2C1365&amp;ssl=1 768w, https:\/\/i0.wp.com\/ollantayitzamna.com\/wp-content\/uploads\/2022\/10\/WhatsApp-Image-2022-10-20-at-8.52.44-AM.jpeg?resize=864%2C1536&amp;ssl=1 864w\" sizes=\"(max-width: 800px) 100vw, 800px\" \/><figcaption id=\"caption-attachment-3367\" class=\"wp-caption-text\">Juventud Plurinacional. O.I.<\/figcaption><\/figure>\n<p>A 78 a\u00f1os de aquella gesta revolucionaria liberal mestiza urbana, comunidades y pueblos organizados en resistencia desde d\u00e9cadas pasadas (y fuera de la institucionalidad del estado naci\u00f3n y de la cooperaci\u00f3n internacional incluso) enarbolan e impulsan nuevo proceso revolucionario, recogiendo incluso algunas agendas de la Revoluci\u00f3n de 1944.<\/p>\n<p><strong>Sujetos plurinacionales<\/strong>. Son pueblos, comunidades, colectivos, del campo y ciudad, quienes desde y con sus propias identidades, impulsan un proceso de asamblea constituyente popular y plurinacional para consensuar una nueva Constituci\u00f3n Pol\u00edtica que d\u00e9 el soporte jur\u00eddico al nacimiento del Estado Plurinacional, donde nadie sea excluido o subalternizado por su origen cultural, social o religioso.<\/p>\n<p><strong>Horizonte del Buen Vivir<\/strong>. A diferencia de las revoluciones liberales que buscaban el desarrollo y bienestar humano, la revoluci\u00f3n plurinacional en ciernes se plantea como horizonte el ideario del Buen Vivir que no est\u00e1 centrada en la competencia, ni en el consumismo o en la acumulaci\u00f3n de bienes, sino en la convivencia equilibrada en la comunidad humana y con el resto de los seres que cohabitamos en la Madre Tierra. En este sentido, este proceso de cambio no ser\u00e1 antropoc\u00e9ntrica, sino bio\/cosmoc\u00e9ntrica.<\/p>\n<p>En el proyecto de la revoluci\u00f3n plurinacional que emprenden los pueblos y comunidades organizadas en el campo y en las ciudades las acciones y opciones constantes son: organizaci\u00f3n, comunidad, movilizaci\u00f3n, articulaci\u00f3n, concientizaci\u00f3n colectiva, comunicaci\u00f3n, construcci\u00f3n del poder plurinacional.<\/p>\n<blockquote><p><span style=\"color: #ff0000;\">Hoy, 20 de octubre, es importante recordar y protestar en las calles contra el imperialismo norteamericano y sus aliados nacionales sumidos en la corrupci\u00f3n. Pero, esas acciones colectivas deben de abonar al proceso de la revoluci\u00f3n plurinacional en ciernes. Las conmemoraciones del 20 de octubre deben de fortalecer al crecimiento del sujeto plurinacional de pueblos constituyentes para el Buen Vivir en Guatemala.<\/span><\/p><\/blockquote>\n<p>Si nuestra apuesta, hoy, no es la plurinacionalidad, o el horizonte del Buen Vivir, nuestras acciones colectivas por 20 de octubre no pasar\u00e1n de ser actos terap\u00e9uticos, o reencuentros nost\u00e1lgicos de indignados que no logramos encontrar una luz en la noche oscura de la Guatemala bicentenaria<\/p>\n","protected":false},"excerpt":{"rendered":"<p>Las conmemoraciones del 20 de octubre deben de fortalecer al crecimiento del sujeto plurinacional de pueblos constituyentes para el Buen Vivir en Guatemala.<\/p>\n","protected":false},"author":95365428,"featured_media":3366,"comment_status":"open","ping_status":"open","sticky":false,"template":"","format":"standard","meta":{"_coblocks_attr":"","_coblocks_dimensions":"","_coblocks_responsive_height":"","_coblocks_accordion_ie_support":"","_jetpack_newsletter_access":"","_jetpack_dont_email_post_to_subs":false,"_jetpack_newsletter_tier_id":0,"_jetpack_memberships_contains_paywalled_content":false,"_wpcom_ai_launchpad_first_post":false,"_jetpack_feature_clip_id":0,"_jetpack_memberships_contains_paid_content":false,"footnotes":"","jetpack_publicize_message":"{title}\n\n{excerpt}\n\n{url}","jetpack_publicize_feature_enabled":true,"jetpack_social_post_already_shared":true,"jetpack_social_options":{"image_generator_settings":{"template":"highway","default_image_id":0,"font":"","enabled":false},"version":2},"_wpas_customize_per_network":false,"jetpack_post_was_ever_published":false},"categories":[696795897],"tags":[696796184,696795875,696795858,6573926,696796185],"class_list":["post-3359","post","type-post","status-publish","format-standard","has-post-thumbnail","hentry","category-buen-vivir","tag-20-de-octubre","tag-estado-plurinacional","tag-guatemala","tag-plurinacionalidad","tag-revolucion-plurinacional"],"yoast_head":"<!-- This site is optimized with the Yoast SEO plugin v28.4 - https:\/\/yoast.com\/product\/yoast-seo-wordpress\/ -->\n<title>De la revoluci\u00f3n nacional a la revoluci\u00f3n plurinacional - Ollantay Itzamn\u00e1<\/title>\n<meta name=\"robots\" content=\"index, follow, max-snippet:-1, max-image-preview:large, max-video-preview:-1\" \/>\n<link rel=\"canonical\" href=\"https:\/\/ollantayitzamna.com\/?p=3359\" \/>\n<meta property=\"og:locale\" content=\"es_ES\" \/>\n<meta property=\"og:type\" content=\"article\" \/>\n<meta property=\"og:title\" content=\"De la revoluci\u00f3n nacional a la revoluci\u00f3n plurinacional - Ollantay Itzamn\u00e1\" \/>\n<meta property=\"og:description\" content=\"Las conmemoraciones del 20 de octubre deben de fortalecer al crecimiento del sujeto plurinacional de pueblos constituyentes para el Buen Vivir en Guatemala.\" \/>\n<meta property=\"og:url\" content=\"https:\/\/ollantayitzamna.com\/?p=3359\" \/>\n<meta property=\"og:site_name\" content=\"Ollantay Itzamn\u00e1\" \/>\n<meta property=\"article:published_time\" content=\"2022-10-20T15:00:18+00:00\" \/>\n<meta property=\"article:modified_time\" content=\"2025-07-03T14:49:45+00:00\" \/>\n<meta property=\"og:image\" content=\"https:\/\/i0.wp.com\/ollantayitzamna.com\/wp-content\/uploads\/2022\/10\/WhatsApp-Image-2022-10-20-at-8.49.53-AM.jpeg?fit=1080%2C1080&ssl=1\" \/>\n\t<meta property=\"og:image:width\" content=\"1080\" \/>\n\t<meta property=\"og:image:height\" content=\"1080\" \/>\n\t<meta property=\"og:image:type\" content=\"image\/jpeg\" \/>\n<meta name=\"author\" content=\"ollantayitzamna\" \/>\n<meta name=\"twitter:card\" content=\"summary_large_image\" \/>\n<meta name=\"twitter:label1\" content=\"Escrito por\" \/>\n\t<meta name=\"twitter:data1\" content=\"ollantayitzamna\" \/>\n\t<meta name=\"twitter:label2\" content=\"Tiempo de lectura\" \/>\n\t<meta name=\"twitter:data2\" content=\"3 minutos\" \/>\n<script type=\"application\/ld+json\" class=\"yoast-schema-graph\">{\"@context\":\"https:\\\/\\\/schema.org\",\"@graph\":[{\"@type\":\"Article\",\"@id\":\"https:\\\/\\\/ollantayitzamna.com\\\/?p=3359#article\",\"isPartOf\":{\"@id\":\"https:\\\/\\\/ollantayitzamna.com\\\/?p=3359\"},\"author\":{\"name\":\"ollantayitzamna\",\"@id\":\"https:\\\/\\\/ollantayitzamna.com\\\/#\\\/schema\\\/person\\\/d7d683451f51a71c7d7c6b4b70437092\"},\"headline\":\"De la revoluci\u00f3n nacional a la revoluci\u00f3n plurinacional\",\"datePublished\":\"2022-10-20T15:00:18+00:00\",\"dateModified\":\"2025-07-03T14:49:45+00:00\",\"mainEntityOfPage\":{\"@id\":\"https:\\\/\\\/ollantayitzamna.com\\\/?p=3359\"},\"wordCount\":582,\"commentCount\":1,\"image\":{\"@id\":\"https:\\\/\\\/ollantayitzamna.com\\\/?p=3359#primaryimage\"},\"thumbnailUrl\":\"https:\\\/\\\/i0.wp.com\\\/ollantayitzamna.com\\\/wp-content\\\/uploads\\\/2022\\\/10\\\/WhatsApp-Image-2022-10-20-at-8.49.53-AM.jpeg?fit=1080%2C1080&ssl=1\",\"keywords\":[\"20 de octubre\",\"Estado Plurinacional\",\"Guatemala\",\"plurinacionalidad\",\"revoluci\u00f3n plurinacional\"],\"articleSection\":[\"Buen Vivir\"],\"inLanguage\":\"es\",\"potentialAction\":[{\"@type\":\"CommentAction\",\"name\":\"Comment\",\"target\":[\"https:\\\/\\\/ollantayitzamna.com\\\/?p=3359#respond\"]}]},{\"@type\":\"WebPage\",\"@id\":\"https:\\\/\\\/ollantayitzamna.com\\\/?p=3359\",\"url\":\"https:\\\/\\\/ollantayitzamna.com\\\/?p=3359\",\"name\":\"De la revoluci\u00f3n nacional a la revoluci\u00f3n plurinacional - Ollantay Itzamn\u00e1\",\"isPartOf\":{\"@id\":\"https:\\\/\\\/ollantayitzamna.com\\\/#website\"},\"primaryImageOfPage\":{\"@id\":\"https:\\\/\\\/ollantayitzamna.com\\\/?p=3359#primaryimage\"},\"image\":{\"@id\":\"https:\\\/\\\/ollantayitzamna.com\\\/?p=3359#primaryimage\"},\"thumbnailUrl\":\"https:\\\/\\\/i0.wp.com\\\/ollantayitzamna.com\\\/wp-content\\\/uploads\\\/2022\\\/10\\\/WhatsApp-Image-2022-10-20-at-8.49.53-AM.jpeg?fit=1080%2C1080&ssl=1\",\"datePublished\":\"2022-10-20T15:00:18+00:00\",\"dateModified\":\"2025-07-03T14:49:45+00:00\",\"author\":{\"@id\":\"https:\\\/\\\/ollantayitzamna.com\\\/#\\\/schema\\\/person\\\/d7d683451f51a71c7d7c6b4b70437092\"},\"breadcrumb\":{\"@id\":\"https:\\\/\\\/ollantayitzamna.com\\\/?p=3359#breadcrumb\"},\"inLanguage\":\"es\",\"potentialAction\":[{\"@type\":\"ReadAction\",\"target\":[\"https:\\\/\\\/ollantayitzamna.com\\\/?p=3359\"]}]},{\"@type\":\"ImageObject\",\"inLanguage\":\"es\",\"@id\":\"https:\\\/\\\/ollantayitzamna.com\\\/?p=3359#primaryimage\",\"url\":\"https:\\\/\\\/i0.wp.com\\\/ollantayitzamna.com\\\/wp-content\\\/uploads\\\/2022\\\/10\\\/WhatsApp-Image-2022-10-20-at-8.49.53-AM.jpeg?fit=1080%2C1080&ssl=1\",\"contentUrl\":\"https:\\\/\\\/i0.wp.com\\\/ollantayitzamna.com\\\/wp-content\\\/uploads\\\/2022\\\/10\\\/WhatsApp-Image-2022-10-20-at-8.49.53-AM.jpeg?fit=1080%2C1080&ssl=1\",\"width\":1080,\"height\":1080,\"caption\":\"Guatemala plurinacional. Interner\"},{\"@type\":\"BreadcrumbList\",\"@id\":\"https:\\\/\\\/ollantayitzamna.com\\\/?p=3359#breadcrumb\",\"itemListElement\":[{\"@type\":\"ListItem\",\"position\":1,\"name\":\"Portada\",\"item\":\"https:\\\/\\\/ollantayitzamna.com\\\/\"},{\"@type\":\"ListItem\",\"position\":2,\"name\":\"De la revoluci\u00f3n nacional a la revoluci\u00f3n plurinacional\"}]},{\"@type\":\"WebSite\",\"@id\":\"https:\\\/\\\/ollantayitzamna.com\\\/#website\",\"url\":\"https:\\\/\\\/ollantayitzamna.com\\\/\",\"name\":\"Ollantay Itzamn\u00e1\",\"description\":\"Susurros del silencio\",\"potentialAction\":[{\"@type\":\"SearchAction\",\"target\":{\"@type\":\"EntryPoint\",\"urlTemplate\":\"https:\\\/\\\/ollantayitzamna.com\\\/?s={search_term_string}\"},\"query-input\":{\"@type\":\"PropertyValueSpecification\",\"valueRequired\":true,\"valueName\":\"search_term_string\"}}],\"inLanguage\":\"es\"},{\"@type\":\"Person\",\"@id\":\"https:\\\/\\\/ollantayitzamna.com\\\/#\\\/schema\\\/person\\\/d7d683451f51a71c7d7c6b4b70437092\",\"name\":\"ollantayitzamna\",\"image\":{\"@type\":\"ImageObject\",\"inLanguage\":\"es\",\"@id\":\"https:\\\/\\\/secure.gravatar.com\\\/avatar\\\/576387c53cc1a5ef704abf20408627fa3cb969d3f33355a576a2b20d65397362?s=96&d=identicon&r=g\",\"url\":\"https:\\\/\\\/secure.gravatar.com\\\/avatar\\\/576387c53cc1a5ef704abf20408627fa3cb969d3f33355a576a2b20d65397362?s=96&d=identicon&r=g\",\"contentUrl\":\"https:\\\/\\\/secure.gravatar.com\\\/avatar\\\/576387c53cc1a5ef704abf20408627fa3cb969d3f33355a576a2b20d65397362?s=96&d=identicon&r=g\",\"caption\":\"ollantayitzamna\"},\"description\":\"Soy Tierra que siente, que llora, que ama, que conspira, que sue\u00f1a. Soy wawa (criatura) de la Pachamama.\",\"sameAs\":[\"http:\\\/\\\/ollantayitzamna.com\"],\"url\":\"https:\\\/\\\/ollantayitzamna.com\\\/?author=95365428\"}]}<\/script>\n<!-- \/ Yoast SEO plugin. -->","yoast_head_json":{"title":"De la revoluci\u00f3n nacional a la revoluci\u00f3n plurinacional - Ollantay Itzamn\u00e1","robots":{"index":"index","follow":"follow","max-snippet":"max-snippet:-1","max-image-preview":"max-image-preview:large","max-video-preview":"max-video-preview:-1"},"canonical":"https:\/\/ollantayitzamna.com\/?p=3359","og_locale":"es_ES","og_type":"article","og_title":"De la revoluci\u00f3n nacional a la revoluci\u00f3n plurinacional - Ollantay Itzamn\u00e1","og_description":"Las conmemoraciones del 20 de octubre deben de fortalecer al crecimiento del sujeto plurinacional de pueblos constituyentes para el Buen Vivir en Guatemala.","og_url":"https:\/\/ollantayitzamna.com\/?p=3359","og_site_name":"Ollantay Itzamn\u00e1","article_published_time":"2022-10-20T15:00:18+00:00","article_modified_time":"2025-07-03T14:49:45+00:00","og_image":[{"width":1080,"height":1080,"url":"https:\/\/i0.wp.com\/ollantayitzamna.com\/wp-content\/uploads\/2022\/10\/WhatsApp-Image-2022-10-20-at-8.49.53-AM.jpeg?fit=1080%2C1080&ssl=1","type":"image\/jpeg"}],"author":"ollantayitzamna","twitter_card":"summary_large_image","twitter_misc":{"Escrito por":"ollantayitzamna","Tiempo de lectura":"3 minutos"},"schema":{"@context":"https:\/\/schema.org","@graph":[{"@type":"Article","@id":"https:\/\/ollantayitzamna.com\/?p=3359#article","isPartOf":{"@id":"https:\/\/ollantayitzamna.com\/?p=3359"},"author":{"name":"ollantayitzamna","@id":"https:\/\/ollantayitzamna.com\/#\/schema\/person\/d7d683451f51a71c7d7c6b4b70437092"},"headline":"De la revoluci\u00f3n nacional a la revoluci\u00f3n plurinacional","datePublished":"2022-10-20T15:00:18+00:00","dateModified":"2025-07-03T14:49:45+00:00","mainEntityOfPage":{"@id":"https:\/\/ollantayitzamna.com\/?p=3359"},"wordCount":582,"commentCount":1,"image":{"@id":"https:\/\/ollantayitzamna.com\/?p=3359#primaryimage"},"thumbnailUrl":"https:\/\/i0.wp.com\/ollantayitzamna.com\/wp-content\/uploads\/2022\/10\/WhatsApp-Image-2022-10-20-at-8.49.53-AM.jpeg?fit=1080%2C1080&ssl=1","keywords":["20 de octubre","Estado Plurinacional","Guatemala","plurinacionalidad","revoluci\u00f3n plurinacional"],"articleSection":["Buen Vivir"],"inLanguage":"es","potentialAction":[{"@type":"CommentAction","name":"Comment","target":["https:\/\/ollantayitzamna.com\/?p=3359#respond"]}]},{"@type":"WebPage","@id":"https:\/\/ollantayitzamna.com\/?p=3359","url":"https:\/\/ollantayitzamna.com\/?p=3359","name":"De la revoluci\u00f3n nacional a la revoluci\u00f3n plurinacional - Ollantay Itzamn\u00e1","isPartOf":{"@id":"https:\/\/ollantayitzamna.com\/#website"},"primaryImageOfPage":{"@id":"https:\/\/ollantayitzamna.com\/?p=3359#primaryimage"},"image":{"@id":"https:\/\/ollantayitzamna.com\/?p=3359#primaryimage"},"thumbnailUrl":"https:\/\/i0.wp.com\/ollantayitzamna.com\/wp-content\/uploads\/2022\/10\/WhatsApp-Image-2022-10-20-at-8.49.53-AM.jpeg?fit=1080%2C1080&ssl=1","datePublished":"2022-10-20T15:00:18+00:00","dateModified":"2025-07-03T14:49:45+00:00","author":{"@id":"https:\/\/ollantayitzamna.com\/#\/schema\/person\/d7d683451f51a71c7d7c6b4b70437092"},"breadcrumb":{"@id":"https:\/\/ollantayitzamna.com\/?p=3359#breadcrumb"},"inLanguage":"es","potentialAction":[{"@type":"ReadAction","target":["https:\/\/ollantayitzamna.com\/?p=3359"]}]},{"@type":"ImageObject","inLanguage":"es","@id":"https:\/\/ollantayitzamna.com\/?p=3359#primaryimage","url":"https:\/\/i0.wp.com\/ollantayitzamna.com\/wp-content\/uploads\/2022\/10\/WhatsApp-Image-2022-10-20-at-8.49.53-AM.jpeg?fit=1080%2C1080&ssl=1","contentUrl":"https:\/\/i0.wp.com\/ollantayitzamna.com\/wp-content\/uploads\/2022\/10\/WhatsApp-Image-2022-10-20-at-8.49.53-AM.jpeg?fit=1080%2C1080&ssl=1","width":1080,"height":1080,"caption":"Guatemala plurinacional. Interner"},{"@type":"BreadcrumbList","@id":"https:\/\/ollantayitzamna.com\/?p=3359#breadcrumb","itemListElement":[{"@type":"ListItem","position":1,"name":"Portada","item":"https:\/\/ollantayitzamna.com\/"},{"@type":"ListItem","position":2,"name":"De la revoluci\u00f3n nacional a la revoluci\u00f3n plurinacional"}]},{"@type":"WebSite","@id":"https:\/\/ollantayitzamna.com\/#website","url":"https:\/\/ollantayitzamna.com\/","name":"Ollantay Itzamn\u00e1","description":"Susurros del silencio","potentialAction":[{"@type":"SearchAction","target":{"@type":"EntryPoint","urlTemplate":"https:\/\/ollantayitzamna.com\/?s={search_term_string}"},"query-input":{"@type":"PropertyValueSpecification","valueRequired":true,"valueName":"search_term_string"}}],"inLanguage":"es"},{"@type":"Person","@id":"https:\/\/ollantayitzamna.com\/#\/schema\/person\/d7d683451f51a71c7d7c6b4b70437092","name":"ollantayitzamna","image":{"@type":"ImageObject","inLanguage":"es","@id":"https:\/\/secure.gravatar.com\/avatar\/576387c53cc1a5ef704abf20408627fa3cb969d3f33355a576a2b20d65397362?s=96&d=identicon&r=g","url":"https:\/\/secure.gravatar.com\/avatar\/576387c53cc1a5ef704abf20408627fa3cb969d3f33355a576a2b20d65397362?s=96&d=identicon&r=g","contentUrl":"https:\/\/secure.gravatar.com\/avatar\/576387c53cc1a5ef704abf20408627fa3cb969d3f33355a576a2b20d65397362?s=96&d=identicon&r=g","caption":"ollantayitzamna"},"description":"Soy Tierra que siente, que llora, que ama, que conspira, que sue\u00f1a. Soy wawa (criatura) de la Pachamama.","sameAs":["http:\/\/ollantayitzamna.com"],"url":"https:\/\/ollantayitzamna.com\/?author=95365428"}]}},"jetpack_publicize_connections":[],"jetpack_likes_enabled":true,"jetpack_sharing_enabled":true,"jetpack_featured_media_url":"https:\/\/i0.wp.com\/ollantayitzamna.com\/wp-content\/uploads\/2022\/10\/WhatsApp-Image-2022-10-20-at-8.49.53-AM.jpeg?fit=1080%2C1080&ssl=1","_links":{"self":[{"href":"https:\/\/ollantayitzamna.com\/index.php?rest_route=\/wp\/v2\/posts\/3359","targetHints":{"allow":["GET"]}}],"collection":[{"href":"https:\/\/ollantayitzamna.com\/index.php?rest_route=\/wp\/v2\/posts"}],"about":[{"href":"https:\/\/ollantayitzamna.com\/index.php?rest_route=\/wp\/v2\/types\/post"}],"author":[{"embeddable":true,"href":"https:\/\/ollantayitzamna.com\/index.php?rest_route=\/wp\/v2\/users\/95365428"}],"replies":[{"embeddable":true,"href":"https:\/\/ollantayitzamna.com\/index.php?rest_route=%2Fwp%2Fv2%2Fcomments&post=3359"}],"version-history":[{"count":9,"href":"https:\/\/ollantayitzamna.com\/index.php?rest_route=\/wp\/v2\/posts\/3359\/revisions"}],"predecessor-version":[{"id":3370,"href":"https:\/\/ollantayitzamna.com\/index.php?rest_route=\/wp\/v2\/posts\/3359\/revisions\/3370"}],"wp:featuredmedia":[{"embeddable":true,"href":"https:\/\/ollantayitzamna.com\/index.php?rest_route=\/wp\/v2\/media\/3366"}],"wp:attachment":[{"href":"https:\/\/ollantayitzamna.com\/index.php?rest_route=%2Fwp%2Fv2%2Fmedia&parent=3359"}],"wp:term":[{"taxonomy":"category","embeddable":true,"href":"https:\/\/ollantayitzamna.com\/index.php?rest_route=%2Fwp%2Fv2%2Fcategories&post=3359"},{"taxonomy":"post_tag","embeddable":true,"href":"https:\/\/ollantayitzamna.com\/index.php?rest_route=%2Fwp%2Fv2%2Ftags&post=3359"}],"curies":[{"name":"wp","href":"https:\/\/api.w.org\/{rel}","templated":true}]}}