{"id":337,"date":"2016-08-10T05:22:12","date_gmt":"2016-08-10T11:22:12","guid":{"rendered":"https:\/\/ollantayitzamna.com\/?p=337"},"modified":"2025-07-03T19:00:06","modified_gmt":"2025-07-04T01:00:06","slug":"caminos-empinados-de-los-pueblos-indigenas-en-america-latina","status":"publish","type":"post","link":"https:\/\/ollantayitzamna.com\/?p=337","title":{"rendered":"CAMINOS EMPINADOS DE LOS PUEBLOS IND\u00cdGENAS EN AM\u00c9RICA LATINA"},"content":{"rendered":"<figure id=\"attachment_338\" aria-describedby=\"caption-attachment-338\" style=\"width: 481px\" class=\"wp-caption aligncenter\"><img data-recalc-dims=\"1\" fetchpriority=\"high\" decoding=\"async\" data-attachment-id=\"338\" data-permalink=\"https:\/\/ollantayitzamna.com\/?attachment_id=338\" data-orig-file=\"https:\/\/i0.wp.com\/ollantayitzamna.com\/wp-content\/uploads\/2016\/08\/dscf1073.jpg?fit=4608%2C3072&amp;ssl=1\" data-orig-size=\"4608,3072\" data-comments-opened=\"1\" data-image-meta=\"{&quot;aperture&quot;:&quot;5&quot;,&quot;credit&quot;:&quot;&quot;,&quot;camera&quot;:&quot;FinePix HS20EXR&quot;,&quot;caption&quot;:&quot;&quot;,&quot;created_timestamp&quot;:&quot;1470696302&quot;,&quot;copyright&quot;:&quot;&quot;,&quot;focal_length&quot;:&quot;6.8&quot;,&quot;iso&quot;:&quot;200&quot;,&quot;shutter_speed&quot;:&quot;0.0016666666666667&quot;,&quot;title&quot;:&quot;&quot;,&quot;orientation&quot;:&quot;1&quot;}\" data-image-title=\"DSCF1073\" data-image-description=\"\" data-image-caption=\"&lt;p&gt;Opala. Intibuc\u00e1.Honduras.OI&lt;\/p&gt;\n\" data-large-file=\"https:\/\/i0.wp.com\/ollantayitzamna.com\/wp-content\/uploads\/2016\/08\/dscf1073.jpg?fit=800%2C533&amp;ssl=1\" class=\"wp-image-338 \" src=\"https:\/\/i0.wp.com\/ollantayitzamna.com\/wp-content\/uploads\/2016\/08\/dscf1073.jpg?resize=481%2C324&#038;ssl=1\" alt=\"Opala. Intibuc\u00e1.Honduras.OI\" width=\"481\" height=\"324\" \/><figcaption id=\"caption-attachment-338\" class=\"wp-caption-text\">Opala. Intibuc\u00e1.Honduras.OI<\/figcaption><\/figure>\n<h3 style=\"text-align:center;\"><span style=\"font-style:inherit;font-weight:inherit;line-height:1.625;\">\u00bfC\u00f3mo hacer que las y los ind\u00edgenas, a mayor grado de educaci\u00f3n acad\u00e9mica y \u201cascenso\u201d social, no sigamos reproduciendo end\u00e9micos males como el racismo, clasismo e individualismo instalados en y por el sistema? \u00bfC\u00f3mo hacer que a mayor oportunidad de acceder a espacios de tomas de decisiones no seamos prepotentes, avaros e insensibles con los nuestros y los otros? \u00bfC\u00f3mo hacer que en la medida que los patrones nos permitan a su mesa no miremos con desprecio, ni desd\u00e9n a nuestros hermanos\/as despreciados por los patrones?<\/span><!--more--><\/h3>\n<p style=\"text-align:justify;\"><span style=\"font-style:inherit;font-weight:inherit;line-height:1.625;\">Uno de los legados involuntarios de la \u00faltima globalizaci\u00f3n cultural occidental es justamente la glocalizaci\u00f3n (despertar de las identidades particulares diferenciadas). El presente siglo, en comparaci\u00f3n, a los anteriores, es y ser\u00e1 testigo de diferentes procesos de reconstituci\u00f3n indentitarias y territoriales de los pueblos ind\u00edgenas, dentro y fuera de las fronteras de los bicentenarios estados republicados de la regi\u00f3n.<\/span><\/p>\n<p style=\"text-align:justify;\">En y desde diferentes puntos geogr\u00e1ficos del Abya Yala, los pueblos despojados y subalternizados construimos caminos de emancipaci\u00f3n con diferentes din\u00e1micas, aprovechando los intersticios o descuidos que el sistema-mundo-occidental siempre deja en su intento de hegemon\u00eda cultural.<\/p>\n<p style=\"text-align:justify;\">Dichos caminos est\u00e1n fundamentados en los derechos colectivos de los pueblos ind\u00edgenas establecidos en el derecho internacional y en algunos ordenamientos jur\u00eddicos internos de los pa\u00edses. Espec\u00edficamente, el derecho a la consulta previa, libre e informada es una de las mejores herramientas jur\u00eddicas que los pueblos utilizamos para hacer prevalecer nuestros derechos ante los intereses empresariales for\u00e1neos en nuestros territorios.<\/p>\n<p style=\"text-align:justify;\">Si bien los procesos de reconstrucci\u00f3n identitaria, tanto individual como colectivo, han tenido avances significativos en los \u00faltimos a\u00f1os, sin embargo, existen agendas postergadas pendientes que ayudar\u00edan, en buena medida, dar un salto cualitativo de los derechos culturales hacia ejercicio de los derechos pol\u00edticos de los pueblos. Entre estas agendas pendientes est\u00e1n:<\/p>\n<h1 style=\"text-align:justify;\">Recuperaci\u00f3n de tierras y territorios para hacer frente a la expansi\u00f3n del capitalismo de acumulaci\u00f3n por despojo<\/h1>\n<p style=\"text-align:justify;\">En los \u00faltimos a\u00f1os, los estados nacionales se han sometido al expansionismo global del capitalismo neoliberal. Ya no hay Estado que proteja y defienda la vida, la dignidad y la soberan\u00eda de los pueblos. Mucho menos, la preservaci\u00f3n del sistema-tierra.<\/p>\n<p style=\"text-align:justify;\">En estas circunstancias, la lucha por la restituci\u00f3n de los territorios ind\u00edgenas no es \u00fanicamente un asunto econ\u00f3mico, ni s\u00f3lo para el ejercicio del poder ind\u00edgena, sino es sobre todo para proteger la Vida en y desde los territorios.<\/p>\n<h1 style=\"text-align:justify;\">Instaurar estados plurinacionales con autonom\u00edas ind\u00edgenas<\/h1>\n<p style=\"text-align:justify;\">En el marco normativo de los estados naciones mestizos vigentes no es posible la garant\u00eda, ni el ejercicio de los derechos colectivos de los pueblos ind\u00edgenas.<\/p>\n<p style=\"text-align:justify;\">Los estados nacionales son esencialmente monoculturales y centralistas, donde los pueblos ind\u00edgenas subsistimos sin Estado (sin derechos), e incluso en contra de la voluntad de \u00e9ste. Por ello, es urgente transformar los estados mestizos en estados plurinacionales, descentralizados y con autonom\u00edas de territorios ind\u00edgenas.<\/p>\n<p style=\"text-align:justify;\">Para que los pueblos disfrutemos y ejerzamos nuestros derechos colectivos, los territorios ind\u00edgenas deben ser aut\u00f3nomos pol\u00edtica, legislativa, jur\u00eddica, econ\u00f3mica, cultural y administrativamente. Todo esto debe estar dispuesto expresamente en las constituciones pol\u00edticas de los estados plurinacionales.<\/p>\n<h1 style=\"text-align:justify;\">Disputar la hegemon\u00eda de la modernidad desde la propuesta del Buen Vivir<\/h1>\n<p style=\"text-align:justify;\">La racionalidad lineal simplificadora se ha impuesto en el planeta como el \u00fanico modo de ver y explicar el mundo. De all\u00ed, la supremac\u00eda de la ciencia occidental como la ciencia universal. Eso pasa tambi\u00e9n con el m\u00e9todo de la construcci\u00f3n del conocimiento, con el conocimiento escrito, etc.<\/p>\n<h1 style=\"text-align:justify;\">La modernidad tecnol\u00f3gica, en la medida que se ensancha como estilo de vida, a acelerado los procesos devastadores en contra de nuestra Madre Tierra.<\/h1>\n<p style=\"text-align:justify;\">Nuestra Madre Tierra necesita tiempo, pausa, descanso, para restaurar sus condiciones vitales y reequilibrar su temperatura adecuada. Para esto debemos de cambiar nuestros h\u00e1bitos de consumo. Dejar de so\u00f1ar con ser ricos, vivir con austeridad y restaurar la convivencia equilibrada en la comunidad c\u00f3smica.\u00a0 \u00c9ste es el camino hacia el Buen Vivir.<\/p>\n<h1 style=\"text-align:justify;\">Restaurar el rol de la comunidad humana dentro de la comunidad c\u00f3smica<\/h1>\n<p style=\"text-align:justify;\">Las y los ind\u00edgenas tenemos el gran desaf\u00edo de pensar, sentir y actuar con l\u00f3gicas comunitarias. Necesitamos ser m\u00e1s defensores que l\u00edderes, m\u00e1s cooperantes que competentes, ser m\u00e1s comunidad que individuos.<\/p>\n<p style=\"text-align:justify;\">La l\u00f3gica y el modo de estar comunitario debe reextenderse a nuestro modo de convivencia en y con la comunidad c\u00f3smica, donde el sujeto de derechos ya no s\u00f3lo seamos los humanos, sino tambi\u00e9n el resto de los seres materiales y espirituales.\u00a0 Debemos restaurar nuestra misi\u00f3n de cuidadores y puentes simb\u00f3licos en el tejido de la comunidad c\u00f3smica.<\/p>\n<h1 style=\"text-align:justify;\">Superar el monote\u00edsmo y antropocentrismo<\/h1>\n<p style=\"text-align:justify;\">Los humanos (varones) nos creemos el centro (medida) de toda la casa c\u00f3smica porque creemos que somos los \u00fanicos predilectos (imagen y semejanza) del \u00fanico Dios verdadero. De esta falsa conciencia antropoc\u00e9ntrica nace el individualismo liberal consum\u00f3pata que cree que toda la natura est\u00e1 a su disposici\u00f3n para saquear.<\/p>\n<p style=\"text-align:justify;\">El antropocentrismo macho, blanco y rico es la base de todos los intentos criminales de la anulaci\u00f3n sangrienta de la comunidad humana multicural en el planeta. Por ello, restaurar y ampliar\/profundizar nuestras ecoespiritualidades plurales y abiertas, y trascender hacia un modo de pensar, sentir y actuar cosmoc\u00e9ntrico es nuestra tarea urgente.<\/p>\n<h1 style=\"text-align:justify;\">Superar los dispositivos coloniales aprehendidos<\/h1>\n<p style=\"text-align:justify;\">Es fundamental avanzar de los derechos culturales (muchas veces folclorizadas) hacia el ejercicio de los derechos pol\u00edticos. Tierra y territorio con autonom\u00eda, autodeterminaci\u00f3n de los pueblos, consulta previa, etc., son caminos que necesariamente debemos recorrerlos como pueblos.<\/p>\n<p style=\"text-align:justify;\">Si lo indicado hasta ahora ya son caminos empinados, los caminos de transformaci\u00f3n hacia adentro son igual o m\u00e1s dif\u00edciles a\u00fan. Debemos matar al colonizador racista, machista, monote\u00edsta, clasista, antropoc\u00e9ntrico que habita en cada uno de nosotros\/as<\/p>\n<p style=\"text-align:justify;\">\u00bfC\u00f3mo hacer que las y los ind\u00edgenas, a mayor grado de educaci\u00f3n acad\u00e9mica y \u201cascenso\u201d social, no sigamos reproduciendo end\u00e9micos males como el racismo, clasismo e individualismo instalados en y por el sistema? \u00bfC\u00f3mo hacer que a mayor oportunidad de acceder a espacios de tomas de decisiones no seamos prepotentes, avaros e insensibles con los nuestros y los otros? \u00bfC\u00f3mo hacer que en la medida que los patrones nos permitan a su mesa no miremos con desprecio, ni desd\u00e9n a nuestros hermanos\/as despreciados por los patrones?<\/p>\n<p style=\"text-align:justify;\">\u00bfC\u00f3mo estar en el sistema sin aprehender, ni reproducir\/defender los vicios del sistema como virtudes idealizados? Estos y otros son desaf\u00edos casi existenciales para salir de la condici\u00f3n de la colonialidad en la subsistimos.<\/p>\n","protected":false},"excerpt":{"rendered":"<p>\u00bfC\u00f3mo hacer que las y los ind\u00edgenas, a mayor grado de educaci\u00f3n acad\u00e9mica y \u201cascenso\u201d social, no sigamos reproduciendo end\u00e9micos males como el racismo, clasismo e individualismo instalados en y por el sistema? \u00bfC\u00f3mo hacer que a mayor oportunidad de acceder a espacios de tomas de decisiones no seamos prepotentes, avaros e insensibles con los [&hellip;]<\/p>\n","protected":false},"author":95365428,"featured_media":338,"comment_status":"open","ping_status":"open","sticky":false,"template":"","format":"standard","meta":{"_coblocks_attr":"","_coblocks_dimensions":"","_coblocks_responsive_height":"","_coblocks_accordion_ie_support":"","_jetpack_newsletter_access":"","_jetpack_dont_email_post_to_subs":false,"_jetpack_newsletter_tier_id":0,"_jetpack_memberships_contains_paywalled_content":false,"_wpcom_ai_launchpad_first_post":false,"_jetpack_feature_clip_id":0,"_jetpack_memberships_contains_paid_content":false,"footnotes":"","jetpack_publicize_message":"{title}\n\n{excerpt}\n\n{url}","jetpack_publicize_feature_enabled":true,"jetpack_social_post_already_shared":false,"jetpack_social_options":{"image_generator_settings":{"template":"highway","default_image_id":0,"font":"","enabled":false},"version":2},"_wpas_customize_per_network":false,"jetpack_post_was_ever_published":false},"categories":[696796406],"tags":[21300411,160137,846965],"class_list":["post-337","post","type-post","status-publish","format-standard","has-post-thumbnail","hentry","category-comunalidad","tag-consulta-previa","tag-derechos","tag-pueblos-indigenas"],"yoast_head":"<!-- This site is optimized with the Yoast SEO plugin v28.3 - https:\/\/yoast.com\/product\/yoast-seo-wordpress\/ -->\n<title>CAMINOS EMPINADOS DE LOS PUEBLOS IND\u00cdGENAS EN AM\u00c9RICA LATINA - Ollantay Itzamn\u00e1<\/title>\n<meta name=\"robots\" content=\"index, follow, max-snippet:-1, max-image-preview:large, max-video-preview:-1\" \/>\n<link rel=\"canonical\" href=\"https:\/\/ollantayitzamna.com\/?p=337\" \/>\n<meta property=\"og:locale\" content=\"es_ES\" \/>\n<meta property=\"og:type\" content=\"article\" \/>\n<meta property=\"og:title\" content=\"CAMINOS EMPINADOS DE LOS PUEBLOS IND\u00cdGENAS EN AM\u00c9RICA LATINA - Ollantay Itzamn\u00e1\" \/>\n<meta property=\"og:description\" content=\"\u00bfC\u00f3mo hacer que las y los ind\u00edgenas, a mayor grado de educaci\u00f3n acad\u00e9mica y \u201cascenso\u201d social, no sigamos reproduciendo end\u00e9micos males como el racismo, clasismo e individualismo instalados en y por el sistema? \u00bfC\u00f3mo hacer que a mayor oportunidad de acceder a espacios de tomas de decisiones no seamos prepotentes, avaros e insensibles con los [&hellip;]\" \/>\n<meta property=\"og:url\" content=\"https:\/\/ollantayitzamna.com\/?p=337\" \/>\n<meta property=\"og:site_name\" content=\"Ollantay Itzamn\u00e1\" \/>\n<meta property=\"article:published_time\" content=\"2016-08-10T11:22:12+00:00\" \/>\n<meta property=\"article:modified_time\" content=\"2025-07-04T01:00:06+00:00\" \/>\n<meta property=\"og:image\" content=\"https:\/\/i0.wp.com\/ollantayitzamna.com\/wp-content\/uploads\/2016\/08\/dscf1073.jpg?fit=800%2C533&ssl=1\" \/>\n\t<meta property=\"og:image:width\" content=\"800\" \/>\n\t<meta property=\"og:image:height\" content=\"533\" \/>\n\t<meta property=\"og:image:type\" content=\"image\/jpeg\" \/>\n<meta name=\"author\" content=\"ollantayitzamna\" \/>\n<meta name=\"twitter:card\" content=\"summary_large_image\" \/>\n<meta name=\"twitter:label1\" content=\"Escrito por\" \/>\n\t<meta name=\"twitter:data1\" content=\"ollantayitzamna\" \/>\n\t<meta name=\"twitter:label2\" content=\"Tiempo de lectura\" \/>\n\t<meta name=\"twitter:data2\" content=\"6 minutos\" \/>\n<script type=\"application\/ld+json\" class=\"yoast-schema-graph\">{\"@context\":\"https:\\\/\\\/schema.org\",\"@graph\":[{\"@type\":\"Article\",\"@id\":\"https:\\\/\\\/ollantayitzamna.com\\\/?p=337#article\",\"isPartOf\":{\"@id\":\"https:\\\/\\\/ollantayitzamna.com\\\/?p=337\"},\"author\":{\"name\":\"ollantayitzamna\",\"@id\":\"https:\\\/\\\/ollantayitzamna.com\\\/#\\\/schema\\\/person\\\/d7d683451f51a71c7d7c6b4b70437092\"},\"headline\":\"CAMINOS EMPINADOS DE LOS PUEBLOS IND\u00cdGENAS EN AM\u00c9RICA LATINA\",\"datePublished\":\"2016-08-10T11:22:12+00:00\",\"dateModified\":\"2025-07-04T01:00:06+00:00\",\"mainEntityOfPage\":{\"@id\":\"https:\\\/\\\/ollantayitzamna.com\\\/?p=337\"},\"wordCount\":1176,\"commentCount\":2,\"image\":{\"@id\":\"https:\\\/\\\/ollantayitzamna.com\\\/?p=337#primaryimage\"},\"thumbnailUrl\":\"https:\\\/\\\/i0.wp.com\\\/ollantayitzamna.com\\\/wp-content\\\/uploads\\\/2016\\\/08\\\/dscf1073.jpg?fit=4608%2C3072&ssl=1\",\"keywords\":[\"consulta previa\",\"Derechos\",\"pueblos ind\u00edgenas\"],\"articleSection\":[\"Comunalidad\"],\"inLanguage\":\"es\",\"potentialAction\":[{\"@type\":\"CommentAction\",\"name\":\"Comment\",\"target\":[\"https:\\\/\\\/ollantayitzamna.com\\\/?p=337#respond\"]}]},{\"@type\":\"WebPage\",\"@id\":\"https:\\\/\\\/ollantayitzamna.com\\\/?p=337\",\"url\":\"https:\\\/\\\/ollantayitzamna.com\\\/?p=337\",\"name\":\"CAMINOS EMPINADOS DE LOS PUEBLOS IND\u00cdGENAS EN AM\u00c9RICA LATINA - Ollantay Itzamn\u00e1\",\"isPartOf\":{\"@id\":\"https:\\\/\\\/ollantayitzamna.com\\\/#website\"},\"primaryImageOfPage\":{\"@id\":\"https:\\\/\\\/ollantayitzamna.com\\\/?p=337#primaryimage\"},\"image\":{\"@id\":\"https:\\\/\\\/ollantayitzamna.com\\\/?p=337#primaryimage\"},\"thumbnailUrl\":\"https:\\\/\\\/i0.wp.com\\\/ollantayitzamna.com\\\/wp-content\\\/uploads\\\/2016\\\/08\\\/dscf1073.jpg?fit=4608%2C3072&ssl=1\",\"datePublished\":\"2016-08-10T11:22:12+00:00\",\"dateModified\":\"2025-07-04T01:00:06+00:00\",\"author\":{\"@id\":\"https:\\\/\\\/ollantayitzamna.com\\\/#\\\/schema\\\/person\\\/d7d683451f51a71c7d7c6b4b70437092\"},\"breadcrumb\":{\"@id\":\"https:\\\/\\\/ollantayitzamna.com\\\/?p=337#breadcrumb\"},\"inLanguage\":\"es\",\"potentialAction\":[{\"@type\":\"ReadAction\",\"target\":[\"https:\\\/\\\/ollantayitzamna.com\\\/?p=337\"]}]},{\"@type\":\"ImageObject\",\"inLanguage\":\"es\",\"@id\":\"https:\\\/\\\/ollantayitzamna.com\\\/?p=337#primaryimage\",\"url\":\"https:\\\/\\\/i0.wp.com\\\/ollantayitzamna.com\\\/wp-content\\\/uploads\\\/2016\\\/08\\\/dscf1073.jpg?fit=4608%2C3072&ssl=1\",\"contentUrl\":\"https:\\\/\\\/i0.wp.com\\\/ollantayitzamna.com\\\/wp-content\\\/uploads\\\/2016\\\/08\\\/dscf1073.jpg?fit=4608%2C3072&ssl=1\",\"width\":4608,\"height\":3072,\"caption\":\"Opala. Intibuc\u00e1.Honduras.OI\"},{\"@type\":\"BreadcrumbList\",\"@id\":\"https:\\\/\\\/ollantayitzamna.com\\\/?p=337#breadcrumb\",\"itemListElement\":[{\"@type\":\"ListItem\",\"position\":1,\"name\":\"Portada\",\"item\":\"https:\\\/\\\/ollantayitzamna.com\\\/\"},{\"@type\":\"ListItem\",\"position\":2,\"name\":\"CAMINOS EMPINADOS DE LOS PUEBLOS IND\u00cdGENAS EN AM\u00c9RICA LATINA\"}]},{\"@type\":\"WebSite\",\"@id\":\"https:\\\/\\\/ollantayitzamna.com\\\/#website\",\"url\":\"https:\\\/\\\/ollantayitzamna.com\\\/\",\"name\":\"Ollantay Itzamn\u00e1\",\"description\":\"Susurros del silencio\",\"potentialAction\":[{\"@type\":\"SearchAction\",\"target\":{\"@type\":\"EntryPoint\",\"urlTemplate\":\"https:\\\/\\\/ollantayitzamna.com\\\/?s={search_term_string}\"},\"query-input\":{\"@type\":\"PropertyValueSpecification\",\"valueRequired\":true,\"valueName\":\"search_term_string\"}}],\"inLanguage\":\"es\"},{\"@type\":\"Person\",\"@id\":\"https:\\\/\\\/ollantayitzamna.com\\\/#\\\/schema\\\/person\\\/d7d683451f51a71c7d7c6b4b70437092\",\"name\":\"ollantayitzamna\",\"image\":{\"@type\":\"ImageObject\",\"inLanguage\":\"es\",\"@id\":\"https:\\\/\\\/secure.gravatar.com\\\/avatar\\\/576387c53cc1a5ef704abf20408627fa3cb969d3f33355a576a2b20d65397362?s=96&d=identicon&r=g\",\"url\":\"https:\\\/\\\/secure.gravatar.com\\\/avatar\\\/576387c53cc1a5ef704abf20408627fa3cb969d3f33355a576a2b20d65397362?s=96&d=identicon&r=g\",\"contentUrl\":\"https:\\\/\\\/secure.gravatar.com\\\/avatar\\\/576387c53cc1a5ef704abf20408627fa3cb969d3f33355a576a2b20d65397362?s=96&d=identicon&r=g\",\"caption\":\"ollantayitzamna\"},\"description\":\"Soy Tierra que siente, que llora, que ama, que conspira, que sue\u00f1a. Soy wawa (criatura) de la Pachamama.\",\"sameAs\":[\"http:\\\/\\\/ollantayitzamna.com\"],\"url\":\"https:\\\/\\\/ollantayitzamna.com\\\/?author=95365428\"}]}<\/script>\n<!-- \/ Yoast SEO plugin. -->","yoast_head_json":{"title":"CAMINOS EMPINADOS DE LOS PUEBLOS IND\u00cdGENAS EN AM\u00c9RICA LATINA - Ollantay Itzamn\u00e1","robots":{"index":"index","follow":"follow","max-snippet":"max-snippet:-1","max-image-preview":"max-image-preview:large","max-video-preview":"max-video-preview:-1"},"canonical":"https:\/\/ollantayitzamna.com\/?p=337","og_locale":"es_ES","og_type":"article","og_title":"CAMINOS EMPINADOS DE LOS PUEBLOS IND\u00cdGENAS EN AM\u00c9RICA LATINA - Ollantay Itzamn\u00e1","og_description":"\u00bfC\u00f3mo hacer que las y los ind\u00edgenas, a mayor grado de educaci\u00f3n acad\u00e9mica y \u201cascenso\u201d social, no sigamos reproduciendo end\u00e9micos males como el racismo, clasismo e individualismo instalados en y por el sistema? \u00bfC\u00f3mo hacer que a mayor oportunidad de acceder a espacios de tomas de decisiones no seamos prepotentes, avaros e insensibles con los [&hellip;]","og_url":"https:\/\/ollantayitzamna.com\/?p=337","og_site_name":"Ollantay Itzamn\u00e1","article_published_time":"2016-08-10T11:22:12+00:00","article_modified_time":"2025-07-04T01:00:06+00:00","og_image":[{"url":"https:\/\/i0.wp.com\/ollantayitzamna.com\/wp-content\/uploads\/2016\/08\/dscf1073.jpg?fit=800%2C533&ssl=1","width":800,"height":533,"type":"image\/jpeg"}],"author":"ollantayitzamna","twitter_card":"summary_large_image","twitter_misc":{"Escrito por":"ollantayitzamna","Tiempo de lectura":"6 minutos"},"schema":{"@context":"https:\/\/schema.org","@graph":[{"@type":"Article","@id":"https:\/\/ollantayitzamna.com\/?p=337#article","isPartOf":{"@id":"https:\/\/ollantayitzamna.com\/?p=337"},"author":{"name":"ollantayitzamna","@id":"https:\/\/ollantayitzamna.com\/#\/schema\/person\/d7d683451f51a71c7d7c6b4b70437092"},"headline":"CAMINOS EMPINADOS DE LOS PUEBLOS IND\u00cdGENAS EN AM\u00c9RICA LATINA","datePublished":"2016-08-10T11:22:12+00:00","dateModified":"2025-07-04T01:00:06+00:00","mainEntityOfPage":{"@id":"https:\/\/ollantayitzamna.com\/?p=337"},"wordCount":1176,"commentCount":2,"image":{"@id":"https:\/\/ollantayitzamna.com\/?p=337#primaryimage"},"thumbnailUrl":"https:\/\/i0.wp.com\/ollantayitzamna.com\/wp-content\/uploads\/2016\/08\/dscf1073.jpg?fit=4608%2C3072&ssl=1","keywords":["consulta previa","Derechos","pueblos ind\u00edgenas"],"articleSection":["Comunalidad"],"inLanguage":"es","potentialAction":[{"@type":"CommentAction","name":"Comment","target":["https:\/\/ollantayitzamna.com\/?p=337#respond"]}]},{"@type":"WebPage","@id":"https:\/\/ollantayitzamna.com\/?p=337","url":"https:\/\/ollantayitzamna.com\/?p=337","name":"CAMINOS EMPINADOS DE LOS PUEBLOS IND\u00cdGENAS EN AM\u00c9RICA LATINA - Ollantay Itzamn\u00e1","isPartOf":{"@id":"https:\/\/ollantayitzamna.com\/#website"},"primaryImageOfPage":{"@id":"https:\/\/ollantayitzamna.com\/?p=337#primaryimage"},"image":{"@id":"https:\/\/ollantayitzamna.com\/?p=337#primaryimage"},"thumbnailUrl":"https:\/\/i0.wp.com\/ollantayitzamna.com\/wp-content\/uploads\/2016\/08\/dscf1073.jpg?fit=4608%2C3072&ssl=1","datePublished":"2016-08-10T11:22:12+00:00","dateModified":"2025-07-04T01:00:06+00:00","author":{"@id":"https:\/\/ollantayitzamna.com\/#\/schema\/person\/d7d683451f51a71c7d7c6b4b70437092"},"breadcrumb":{"@id":"https:\/\/ollantayitzamna.com\/?p=337#breadcrumb"},"inLanguage":"es","potentialAction":[{"@type":"ReadAction","target":["https:\/\/ollantayitzamna.com\/?p=337"]}]},{"@type":"ImageObject","inLanguage":"es","@id":"https:\/\/ollantayitzamna.com\/?p=337#primaryimage","url":"https:\/\/i0.wp.com\/ollantayitzamna.com\/wp-content\/uploads\/2016\/08\/dscf1073.jpg?fit=4608%2C3072&ssl=1","contentUrl":"https:\/\/i0.wp.com\/ollantayitzamna.com\/wp-content\/uploads\/2016\/08\/dscf1073.jpg?fit=4608%2C3072&ssl=1","width":4608,"height":3072,"caption":"Opala. Intibuc\u00e1.Honduras.OI"},{"@type":"BreadcrumbList","@id":"https:\/\/ollantayitzamna.com\/?p=337#breadcrumb","itemListElement":[{"@type":"ListItem","position":1,"name":"Portada","item":"https:\/\/ollantayitzamna.com\/"},{"@type":"ListItem","position":2,"name":"CAMINOS EMPINADOS DE LOS PUEBLOS IND\u00cdGENAS EN AM\u00c9RICA LATINA"}]},{"@type":"WebSite","@id":"https:\/\/ollantayitzamna.com\/#website","url":"https:\/\/ollantayitzamna.com\/","name":"Ollantay Itzamn\u00e1","description":"Susurros del silencio","potentialAction":[{"@type":"SearchAction","target":{"@type":"EntryPoint","urlTemplate":"https:\/\/ollantayitzamna.com\/?s={search_term_string}"},"query-input":{"@type":"PropertyValueSpecification","valueRequired":true,"valueName":"search_term_string"}}],"inLanguage":"es"},{"@type":"Person","@id":"https:\/\/ollantayitzamna.com\/#\/schema\/person\/d7d683451f51a71c7d7c6b4b70437092","name":"ollantayitzamna","image":{"@type":"ImageObject","inLanguage":"es","@id":"https:\/\/secure.gravatar.com\/avatar\/576387c53cc1a5ef704abf20408627fa3cb969d3f33355a576a2b20d65397362?s=96&d=identicon&r=g","url":"https:\/\/secure.gravatar.com\/avatar\/576387c53cc1a5ef704abf20408627fa3cb969d3f33355a576a2b20d65397362?s=96&d=identicon&r=g","contentUrl":"https:\/\/secure.gravatar.com\/avatar\/576387c53cc1a5ef704abf20408627fa3cb969d3f33355a576a2b20d65397362?s=96&d=identicon&r=g","caption":"ollantayitzamna"},"description":"Soy Tierra que siente, que llora, que ama, que conspira, que sue\u00f1a. Soy wawa (criatura) de la Pachamama.","sameAs":["http:\/\/ollantayitzamna.com"],"url":"https:\/\/ollantayitzamna.com\/?author=95365428"}]}},"jetpack_publicize_connections":[],"jetpack_likes_enabled":true,"jetpack_sharing_enabled":true,"jetpack_featured_media_url":"https:\/\/i0.wp.com\/ollantayitzamna.com\/wp-content\/uploads\/2016\/08\/dscf1073.jpg?fit=4608%2C3072&ssl=1","_links":{"self":[{"href":"https:\/\/ollantayitzamna.com\/index.php?rest_route=\/wp\/v2\/posts\/337","targetHints":{"allow":["GET"]}}],"collection":[{"href":"https:\/\/ollantayitzamna.com\/index.php?rest_route=\/wp\/v2\/posts"}],"about":[{"href":"https:\/\/ollantayitzamna.com\/index.php?rest_route=\/wp\/v2\/types\/post"}],"author":[{"embeddable":true,"href":"https:\/\/ollantayitzamna.com\/index.php?rest_route=\/wp\/v2\/users\/95365428"}],"replies":[{"embeddable":true,"href":"https:\/\/ollantayitzamna.com\/index.php?rest_route=%2Fwp%2Fv2%2Fcomments&post=337"}],"version-history":[{"count":1,"href":"https:\/\/ollantayitzamna.com\/index.php?rest_route=\/wp\/v2\/posts\/337\/revisions"}],"predecessor-version":[{"id":339,"href":"https:\/\/ollantayitzamna.com\/index.php?rest_route=\/wp\/v2\/posts\/337\/revisions\/339"}],"wp:featuredmedia":[{"embeddable":true,"href":"https:\/\/ollantayitzamna.com\/index.php?rest_route=\/wp\/v2\/media\/338"}],"wp:attachment":[{"href":"https:\/\/ollantayitzamna.com\/index.php?rest_route=%2Fwp%2Fv2%2Fmedia&parent=337"}],"wp:term":[{"taxonomy":"category","embeddable":true,"href":"https:\/\/ollantayitzamna.com\/index.php?rest_route=%2Fwp%2Fv2%2Fcategories&post=337"},{"taxonomy":"post_tag","embeddable":true,"href":"https:\/\/ollantayitzamna.com\/index.php?rest_route=%2Fwp%2Fv2%2Ftags&post=337"}],"curies":[{"name":"wp","href":"https:\/\/api.w.org\/{rel}","templated":true}]}}