{"id":3667,"date":"2023-02-05T14:06:48","date_gmt":"2023-02-05T20:06:48","guid":{"rendered":"https:\/\/ollantayitzamna.com\/?p=3667"},"modified":"2025-07-04T07:17:11","modified_gmt":"2025-07-04T13:17:11","slug":"guatemala-estado-restringe-derechos-politicos-a-los-pueblos-originarios","status":"publish","type":"post","link":"https:\/\/ollantayitzamna.com\/?p=3667","title":{"rendered":"Guatemala, Estado restringe derechos pol\u00edticos a los pueblos originarios"},"content":{"rendered":"<figure id=\"attachment_3675\" aria-describedby=\"caption-attachment-3675\" style=\"width: 1040px\" class=\"wp-caption aligncenter\"><img data-recalc-dims=\"1\" fetchpriority=\"high\" decoding=\"async\" data-attachment-id=\"3675\" data-permalink=\"https:\/\/ollantayitzamna.com\/?attachment_id=3675\" data-orig-file=\"https:\/\/i0.wp.com\/ollantayitzamna.com\/wp-content\/uploads\/2023\/02\/IMG-20230202-WA0045.jpg?fit=1040%2C780&amp;ssl=1\" data-orig-size=\"1040,780\" data-comments-opened=\"1\" data-image-meta=\"{&quot;aperture&quot;:&quot;0&quot;,&quot;credit&quot;:&quot;&quot;,&quot;camera&quot;:&quot;&quot;,&quot;caption&quot;:&quot;&quot;,&quot;created_timestamp&quot;:&quot;0&quot;,&quot;copyright&quot;:&quot;&quot;,&quot;focal_length&quot;:&quot;0&quot;,&quot;iso&quot;:&quot;0&quot;,&quot;shutter_speed&quot;:&quot;0&quot;,&quot;title&quot;:&quot;&quot;,&quot;orientation&quot;:&quot;0&quot;}\" data-image-title=\"IMG-20230202-WA0045\" data-image-description=\"\" data-image-caption=\"&lt;p&gt;Manifestaci\u00f3n de MLP frente al TSE. Guatemala &lt;\/p&gt;\n\" data-large-file=\"https:\/\/i0.wp.com\/ollantayitzamna.com\/wp-content\/uploads\/2023\/02\/IMG-20230202-WA0045.jpg?fit=800%2C600&amp;ssl=1\" class=\"size-full wp-image-3675\" src=\"https:\/\/i0.wp.com\/ollantayitzamna.com\/wp-content\/uploads\/2023\/02\/IMG-20230202-WA0045.jpg?resize=800%2C600&#038;ssl=1\" alt=\"\" width=\"800\" height=\"600\" srcset=\"https:\/\/i0.wp.com\/ollantayitzamna.com\/wp-content\/uploads\/2023\/02\/IMG-20230202-WA0045.jpg?w=1040&amp;ssl=1 1040w, https:\/\/i0.wp.com\/ollantayitzamna.com\/wp-content\/uploads\/2023\/02\/IMG-20230202-WA0045.jpg?resize=300%2C225&amp;ssl=1 300w, https:\/\/i0.wp.com\/ollantayitzamna.com\/wp-content\/uploads\/2023\/02\/IMG-20230202-WA0045.jpg?resize=1024%2C768&amp;ssl=1 1024w, https:\/\/i0.wp.com\/ollantayitzamna.com\/wp-content\/uploads\/2023\/02\/IMG-20230202-WA0045.jpg?resize=150%2C113&amp;ssl=1 150w, https:\/\/i0.wp.com\/ollantayitzamna.com\/wp-content\/uploads\/2023\/02\/IMG-20230202-WA0045.jpg?resize=768%2C576&amp;ssl=1 768w, https:\/\/i0.wp.com\/ollantayitzamna.com\/wp-content\/uploads\/2023\/02\/IMG-20230202-WA0045.jpg?resize=800%2C600&amp;ssl=1 800w, https:\/\/i0.wp.com\/ollantayitzamna.com\/wp-content\/uploads\/2023\/02\/IMG-20230202-WA0045.jpg?resize=400%2C300&amp;ssl=1 400w, https:\/\/i0.wp.com\/ollantayitzamna.com\/wp-content\/uploads\/2023\/02\/IMG-20230202-WA0045.jpg?resize=200%2C150&amp;ssl=1 200w, https:\/\/i0.wp.com\/ollantayitzamna.com\/wp-content\/uploads\/2023\/02\/IMG-20230202-WA0045.jpg?resize=900%2C675&amp;ssl=1 900w\" sizes=\"(max-width: 800px) 100vw, 800px\" \/><figcaption id=\"caption-attachment-3675\" class=\"wp-caption-text\">Manifestaci\u00f3n de MLP frente al TSE. Guatemala<\/figcaption><\/figure>\n<blockquote>\n<h4><span style=\"color: #ff0000;\">Hasta antes que indigenas y campesinos se organizaran pol\u00edticamente en Guatemala, cada vez que estos sectores empobrecidos sal\u00edan a las calles a protestar, desde los medios de comunicaci\u00f3n corporativas y desde las clases medias les gritaban: \u00abHagan su partido pol\u00edtico. Vayan a las urnas. Ganen elecciones\u00bb&#8230;<\/span><\/h4>\n<\/blockquote>\n<p><!--more--><\/p>\n<p>Guatemala es uno de los pa\u00edses culturalmente m\u00e1s megadiversos del Continente. Seg\u00fan el senso nacional del 2018, m\u00e1s del 44% de la poblaci\u00f3n de Guatemala se declara ind\u00edgena. Aunque para una vista antropol\u00f3gica, m\u00e1s del 90% de la poblaci\u00f3n es gen\u00e9ticamente ind\u00edgena.<\/p>\n<p style=\"text-align: left;\">Guatemala, territorialmente de un poco m\u00e1s de 108 mil Km2, cohabitado por 17 millones de personas, tiene a un aproximado de 10 millones de sus habitantes por debajo de la l\u00ednea de empobrecimiento, casi en su totalidad de origen ind\u00edgena maya.<\/p>\n<p>En dos siglos de Rep\u00fablica, en Guatemala los pueblos originarios y campesinos, muy a pesar de ser demogr\u00e1ficamente mayor\u00eda, jam\u00e1s se les permiti\u00f3 organizarse pol\u00edticamente, mucho menos participaron, ni fueron electos como gobernantes.<\/p>\n<p>En 2016, las comunidades campesinas y los pueblos originarios en resistencia, articulados en el movimiento Comit\u00e9 de Desarrollo Campesino (CODECA), luego de amplios e hist\u00f3ricos debates asamblearios, decidieron crear su organizaci\u00f3n pol\u00edtica para participar electoralmente en las elecciones e implementar su proyecto de transformaci\u00f3n de pa\u00eds. En 2018, lograron la inscripci\u00f3n de la organizaci\u00f3n pol\u00edtica Movimiento para la Liberaci\u00f3n de los Pueblos (MLP). En las elecciones generales del 2019, MLP qued\u00f3 en 4to lugar en dicha contienda electoral.<\/p>\n<h4><strong>Elecciones 2023, Guatemala limita participaci\u00f3n pol\u00edtica a los pueblos originarios<\/strong><\/h4>\n<figure id=\"attachment_3677\" aria-describedby=\"caption-attachment-3677\" style=\"width: 720px\" class=\"wp-caption aligncenter\"><img data-recalc-dims=\"1\" decoding=\"async\" data-attachment-id=\"3677\" data-permalink=\"https:\/\/ollantayitzamna.com\/?attachment_id=3677\" data-orig-file=\"https:\/\/i0.wp.com\/ollantayitzamna.com\/wp-content\/uploads\/2023\/02\/IMG-20230202-WA0050.jpg?fit=720%2C512&amp;ssl=1\" data-orig-size=\"720,512\" data-comments-opened=\"1\" data-image-meta=\"{&quot;aperture&quot;:&quot;0&quot;,&quot;credit&quot;:&quot;&quot;,&quot;camera&quot;:&quot;&quot;,&quot;caption&quot;:&quot;&quot;,&quot;created_timestamp&quot;:&quot;0&quot;,&quot;copyright&quot;:&quot;&quot;,&quot;focal_length&quot;:&quot;0&quot;,&quot;iso&quot;:&quot;0&quot;,&quot;shutter_speed&quot;:&quot;0&quot;,&quot;title&quot;:&quot;&quot;,&quot;orientation&quot;:&quot;0&quot;}\" data-image-title=\"IMG-20230202-WA0050\" data-image-description=\"\" data-image-caption=\"&lt;p&gt;Caricatura de un medio que resume la cultura pol\u00edtica electoral de Guatemala &lt;\/p&gt;\n\" data-large-file=\"https:\/\/i0.wp.com\/ollantayitzamna.com\/wp-content\/uploads\/2023\/02\/IMG-20230202-WA0050.jpg?fit=720%2C512&amp;ssl=1\" class=\"size-full wp-image-3677\" src=\"https:\/\/i0.wp.com\/ollantayitzamna.com\/wp-content\/uploads\/2023\/02\/IMG-20230202-WA0050.jpg?resize=720%2C512&#038;ssl=1\" alt=\"\" width=\"720\" height=\"512\" srcset=\"https:\/\/i0.wp.com\/ollantayitzamna.com\/wp-content\/uploads\/2023\/02\/IMG-20230202-WA0050.jpg?w=720&amp;ssl=1 720w, https:\/\/i0.wp.com\/ollantayitzamna.com\/wp-content\/uploads\/2023\/02\/IMG-20230202-WA0050.jpg?resize=300%2C213&amp;ssl=1 300w, https:\/\/i0.wp.com\/ollantayitzamna.com\/wp-content\/uploads\/2023\/02\/IMG-20230202-WA0050.jpg?resize=150%2C107&amp;ssl=1 150w\" sizes=\"(max-width: 720px) 100vw, 720px\" \/><figcaption id=\"caption-attachment-3677\" class=\"wp-caption-text\">Caricatura de un medio que resume la cultura pol\u00edtica electoral de Guatemala<\/figcaption><\/figure>\n<p>Las comunidades y pueblos, desde antes de la creaci\u00f3n de MLP, y durante los \u00faltimos tres a\u00f1os, no dejaron de organizar, concientizar y politizar a los sectores populares del pa\u00eds.<\/p>\n<p>Pero, en pleno proceso electoral en curso de 2023, el Tribunal Supremo Electoral (TSE) niega la inscripci\u00f3n del binomio presidencial de MLP muy a pesar del cumplimiento de los requisitos exigidos por Ley. En consecuencia, las comunidades y pueblos integrantes del MLP emprendieron el \u00abcamino legal\u00bb impugnado, apelando, presentando amparos&#8230; Aunque por esa ruta tienen claro el resultado final: dejar fuera a indigenas y campesinos de la contienda electoral.<\/p>\n<p>De esta manera, el Estado de Guatemala no s\u00f3lo limita o vulnera derechos pol\u00edticos del \u00abdenegado\u00bb vicepresidenciable Jord\u00e1n Rodas, ex Procurador de Derechos Humanos (PDH), sino el derecho pol\u00edtico colectivo que asiste a los pueblos indigenas como sujetos de derechos sociopol\u00edticos.<\/p>\n<h4><span style=\"color: #000000;\"><strong>\u00abNo vamos a realizar asamblea extraordinaria para elegir nuevo binomio presidencial\u00bb<\/strong><\/span><\/h4>\n<figure id=\"attachment_3679\" aria-describedby=\"caption-attachment-3679\" style=\"width: 1080px\" class=\"wp-caption aligncenter\"><img data-recalc-dims=\"1\" decoding=\"async\" data-attachment-id=\"3679\" data-permalink=\"https:\/\/ollantayitzamna.com\/?attachment_id=3679\" data-orig-file=\"https:\/\/i0.wp.com\/ollantayitzamna.com\/wp-content\/uploads\/2023\/02\/png_20230202_203809_0000.png?fit=1080%2C1080&amp;ssl=1\" data-orig-size=\"1080,1080\" data-comments-opened=\"1\" data-image-meta=\"{&quot;aperture&quot;:&quot;0&quot;,&quot;credit&quot;:&quot;&quot;,&quot;camera&quot;:&quot;&quot;,&quot;caption&quot;:&quot;&quot;,&quot;created_timestamp&quot;:&quot;0&quot;,&quot;copyright&quot;:&quot;&quot;,&quot;focal_length&quot;:&quot;0&quot;,&quot;iso&quot;:&quot;0&quot;,&quot;shutter_speed&quot;:&quot;0&quot;,&quot;title&quot;:&quot;&quot;,&quot;orientation&quot;:&quot;0&quot;}\" data-image-title=\"png_20230202_203809_0000\" data-image-description=\"\" data-image-caption=\"&lt;p&gt;P\u00f3ster difundido por MLP sobre la negativa del TSE a la inscripci\u00f3n de su binomio&lt;\/p&gt;\n\" data-large-file=\"https:\/\/i0.wp.com\/ollantayitzamna.com\/wp-content\/uploads\/2023\/02\/png_20230202_203809_0000.png?fit=800%2C800&amp;ssl=1\" class=\"size-full wp-image-3679\" src=\"https:\/\/i0.wp.com\/ollantayitzamna.com\/wp-content\/uploads\/2023\/02\/png_20230202_203809_0000.png?resize=800%2C800&#038;ssl=1\" alt=\"\" width=\"800\" height=\"800\" srcset=\"https:\/\/i0.wp.com\/ollantayitzamna.com\/wp-content\/uploads\/2023\/02\/png_20230202_203809_0000.png?w=1080&amp;ssl=1 1080w, https:\/\/i0.wp.com\/ollantayitzamna.com\/wp-content\/uploads\/2023\/02\/png_20230202_203809_0000.png?resize=300%2C300&amp;ssl=1 300w, https:\/\/i0.wp.com\/ollantayitzamna.com\/wp-content\/uploads\/2023\/02\/png_20230202_203809_0000.png?resize=1024%2C1024&amp;ssl=1 1024w, https:\/\/i0.wp.com\/ollantayitzamna.com\/wp-content\/uploads\/2023\/02\/png_20230202_203809_0000.png?resize=150%2C150&amp;ssl=1 150w, https:\/\/i0.wp.com\/ollantayitzamna.com\/wp-content\/uploads\/2023\/02\/png_20230202_203809_0000.png?resize=768%2C768&amp;ssl=1 768w, https:\/\/i0.wp.com\/ollantayitzamna.com\/wp-content\/uploads\/2023\/02\/png_20230202_203809_0000.png?resize=800%2C800&amp;ssl=1 800w, https:\/\/i0.wp.com\/ollantayitzamna.com\/wp-content\/uploads\/2023\/02\/png_20230202_203809_0000.png?resize=400%2C400&amp;ssl=1 400w, https:\/\/i0.wp.com\/ollantayitzamna.com\/wp-content\/uploads\/2023\/02\/png_20230202_203809_0000.png?resize=200%2C200&amp;ssl=1 200w, https:\/\/i0.wp.com\/ollantayitzamna.com\/wp-content\/uploads\/2023\/02\/png_20230202_203809_0000.png?resize=88%2C88&amp;ssl=1 88w, https:\/\/i0.wp.com\/ollantayitzamna.com\/wp-content\/uploads\/2023\/02\/png_20230202_203809_0000.png?resize=900%2C900&amp;ssl=1 900w\" sizes=\"(max-width: 800px) 100vw, 800px\" \/><figcaption id=\"caption-attachment-3679\" class=\"wp-caption-text\">P\u00f3ster difundido por MLP sobre la negativa del TSE a la inscripci\u00f3n de su binomio<\/figcaption><\/figure>\n<p>Ante la negativa del TSE de resolver favorablemente las apelaciones presentadas por MLP, e inscribir a su binomio presidencial, las comunidades y pueblos decidieron no realizar ninguna asamblea extraordinaria como organizaci\u00f3n pol\u00edtica para inscribir un nuevo candidato a la vicepresidencia.<\/p>\n<p>\u00abNo vamos a realizar una nueva asamblea nacional, ni vamos por un nuevo binomio. Nuestra binomio actual cumple con todos los requisitos de Ley&#8230; Hacer una nueva asamblea ser\u00eda ser c\u00f3mplice con la conducta delictiva e ilegal de los magistrados\u00bb, indica Mauro Vay, integrante del comit\u00e9 pol\u00edtico de MLP.<\/p>\n<p>Agotado los recursos legales en el pa\u00eds, recurrir\u00e1n a instancias internacionales como la CIDH, y otros, para hacer prevalecer el cumplimiento y satisfacci\u00f3n de derechos pol\u00edticos que les asiste como individuos y pueblos.<\/p>\n<p>Existe jurisprudencia internacional condenatoria por parte de la CIDH contra estados de Venezuela y Colombia en casos similares de vulneraci\u00f3n de derechos pol\u00edticos individuales por parte de los estados.<\/p>\n<p>De esta manera, un movimiento socioecopol\u00edtico nucleado por ind\u00edgenas y campesinos, con leyes en mano, coloca en situaci\u00f3n dif\u00edcil a las autoridades electorales de Guatemala que organizan el proceso de elecciones generales del 2023.<\/p>\n<h4><strong>\u00abNos tienen miedo por nuestro proyecto de pa\u00eds plurinacional\u00bb<\/strong><\/h4>\n<p>La proscripci\u00f3n de organizaciones pol\u00edticas en Guatemala no es novedad. Partidos pol\u00edticos de tendencia comunista sufrieron ese castigo por \u00abser diferente\u00bb ideol\u00f3gicamente a los partidos conservadores o liberales, o ser contrario a los intereses norteamericanos, durante los dos siglos de Rep\u00fablica.<\/p>\n<p>Pero, MLP no es de tendencia comunista. \u00bfPor qu\u00e9 el sistema pol\u00edtico de Guatemala busca proscribir a esta organizaci\u00f3n?<\/p>\n<p>B\u00e1sicamente las comunidades y pueblos de Guatemala pol\u00edticamente organizados en MLP proponen:<\/p>\n<p>Impulsar un proceso de Asamblea Constituyente Popular y Plurinacional para la creaci\u00f3n de un Estado Plurinacional con autonom\u00edas territoriales.<\/p>\n<p>Revisar todos los contratos de privatizaci\u00f3n de bienes y servicios p\u00fablicos vigentes en el pa\u00eds, con miras a la re nacionalizaci\u00f3n de dichos bienes.<\/p>\n<p>Incorporar a Guatemala a los procesos de integraci\u00f3n regional como la CELAC, ALBA, etc., y as\u00ed liberar al pa\u00eds del control norteamericano.<\/p>\n<p>Pero, en el fondo, lo que da terror a las \u00e9lites hegem\u00f3nicas del pa\u00eds es la posibilidad real de perder la hegemon\u00eda cultural y los privilegios acumulados en dos siglos de Rep\u00fablica criolla.<\/p>\n<p>Si los cerca de 80 mil millones de d\u00f3lares de Producto Interno Bruto con los que cuenta Guatemala fue y es fruto del trabajo semi esclavista de las grandes mayor\u00edas sociales, y del constante saqueo de los territorios, el futuro de dicho patrimonio tambi\u00e9n dependen de la sobreexplotaci\u00f3n y del saqueo de dichos bienes. Y, permitir la liberaci\u00f3n de los pueblos y sus respectivas autonom\u00edas territoriales es y ser\u00e1 un suicidio de las \u00e9lites opulentas del pa\u00eds.<\/p>\n<h4><strong>De las calles a las urnas, de las urnas a las calles<\/strong><\/h4>\n<figure id=\"attachment_3557\" aria-describedby=\"caption-attachment-3557\" style=\"width: 1536px\" class=\"wp-caption alignnone\"><img data-recalc-dims=\"1\" loading=\"lazy\" decoding=\"async\" data-attachment-id=\"3557\" data-permalink=\"https:\/\/ollantayitzamna.com\/?attachment_id=3557\" data-orig-file=\"https:\/\/i0.wp.com\/ollantayitzamna.com\/wp-content\/uploads\/2022\/12\/WhatsApp-Image-2022-12-28-at-10.29.55-AM-1.jpeg?fit=1536%2C864&amp;ssl=1\" data-orig-size=\"1536,864\" data-comments-opened=\"1\" data-image-meta=\"{&quot;aperture&quot;:&quot;0&quot;,&quot;credit&quot;:&quot;&quot;,&quot;camera&quot;:&quot;&quot;,&quot;caption&quot;:&quot;&quot;,&quot;created_timestamp&quot;:&quot;0&quot;,&quot;copyright&quot;:&quot;&quot;,&quot;focal_length&quot;:&quot;0&quot;,&quot;iso&quot;:&quot;0&quot;,&quot;shutter_speed&quot;:&quot;0&quot;,&quot;title&quot;:&quot;&quot;,&quot;orientation&quot;:&quot;0&quot;}\" data-image-title=\"WhatsApp Image 2022-12-28 at 10.29.55 AM (1)\" data-image-description=\"\" data-image-caption=\"&lt;p&gt;Asamblea Plurinacional MLP. 28\/12\/22&lt;\/p&gt;\n\" data-large-file=\"https:\/\/i0.wp.com\/ollantayitzamna.com\/wp-content\/uploads\/2022\/12\/WhatsApp-Image-2022-12-28-at-10.29.55-AM-1.jpeg?fit=800%2C450&amp;ssl=1\" class=\"size-full wp-image-3557\" src=\"https:\/\/i0.wp.com\/ollantayitzamna.com\/wp-content\/uploads\/2022\/12\/WhatsApp-Image-2022-12-28-at-10.29.55-AM-1.jpeg?resize=800%2C450&#038;ssl=1\" alt=\"\" width=\"800\" height=\"450\" srcset=\"https:\/\/i0.wp.com\/ollantayitzamna.com\/wp-content\/uploads\/2022\/12\/WhatsApp-Image-2022-12-28-at-10.29.55-AM-1.jpeg?w=1536&amp;ssl=1 1536w, https:\/\/i0.wp.com\/ollantayitzamna.com\/wp-content\/uploads\/2022\/12\/WhatsApp-Image-2022-12-28-at-10.29.55-AM-1.jpeg?resize=300%2C169&amp;ssl=1 300w, https:\/\/i0.wp.com\/ollantayitzamna.com\/wp-content\/uploads\/2022\/12\/WhatsApp-Image-2022-12-28-at-10.29.55-AM-1.jpeg?resize=1024%2C576&amp;ssl=1 1024w, https:\/\/i0.wp.com\/ollantayitzamna.com\/wp-content\/uploads\/2022\/12\/WhatsApp-Image-2022-12-28-at-10.29.55-AM-1.jpeg?resize=150%2C84&amp;ssl=1 150w, https:\/\/i0.wp.com\/ollantayitzamna.com\/wp-content\/uploads\/2022\/12\/WhatsApp-Image-2022-12-28-at-10.29.55-AM-1.jpeg?resize=768%2C432&amp;ssl=1 768w, https:\/\/i0.wp.com\/ollantayitzamna.com\/wp-content\/uploads\/2022\/12\/WhatsApp-Image-2022-12-28-at-10.29.55-AM-1.jpeg?resize=1200%2C675&amp;ssl=1 1200w, https:\/\/i0.wp.com\/ollantayitzamna.com\/wp-content\/uploads\/2022\/12\/WhatsApp-Image-2022-12-28-at-10.29.55-AM-1.jpeg?resize=900%2C506&amp;ssl=1 900w, https:\/\/i0.wp.com\/ollantayitzamna.com\/wp-content\/uploads\/2022\/12\/WhatsApp-Image-2022-12-28-at-10.29.55-AM-1.jpeg?resize=1280%2C720&amp;ssl=1 1280w\" sizes=\"(max-width: 800px) 100vw, 800px\" \/><figcaption id=\"caption-attachment-3557\" class=\"wp-caption-text\">Asamblea Plurinacional MLP. 28\/12\/22<\/figcaption><\/figure>\n<p style=\"text-align: left;\">Hasta antes que los indigenas y campesinos se organizaran pol\u00edticamente en Guatemala, cada vez que estos sectores empobrecidos sal\u00edan a las calles a protestar, desde los medios de comunicaci\u00f3n corporativas y desde las clases medias les gritaban: \u00abHagan su partido pol\u00edtico. Vayan a las urnas. Ganen elecciones\u00bb&#8230;<\/p>\n<p>Ahora que ind\u00edgenas y campesinos est\u00e1n pol\u00edticamente organizados, con las probabilidades de ganar elecciones generales del 2023, les niegan la posibilidad de participar con candidatos propios y ganar en las urnas.<\/p>\n<p>De esta manera, el mismo Estado obliga a las y los empobrecidos a retomar las calles con acciones de protesta como una de las \u00faltimas v\u00edas para hacer valer sus derechos.<\/p>\n<p>&nbsp;<\/p>\n","protected":false},"excerpt":{"rendered":"<p>Hasta antes que indigenas y campesinos se organizaran pol\u00edticamente en Guatemala, cada vez que estos sectores empobrecidos sal\u00edan a las calles a protestar, desde los medios de comunicaci\u00f3n corporativas y desde las clases medias les gritaban: \u00abHagan su partido pol\u00edtico. Vayan a las urnas. Ganen elecciones\u00bb&#8230;<\/p>\n","protected":false},"author":95365428,"featured_media":3675,"comment_status":"open","ping_status":"open","sticky":false,"template":"","format":"standard","meta":{"_coblocks_attr":"","_coblocks_dimensions":"","_coblocks_responsive_height":"","_coblocks_accordion_ie_support":"","_jetpack_newsletter_access":"","_jetpack_dont_email_post_to_subs":false,"_jetpack_newsletter_tier_id":0,"_jetpack_memberships_contains_paywalled_content":false,"_wpcom_ai_launchpad_first_post":false,"_jetpack_feature_clip_id":0,"_jetpack_memberships_contains_paid_content":false,"footnotes":"","jetpack_publicize_message":"Guatemala, Estado restringe derechos pol\u00edticos a los pueblos originarios","jetpack_publicize_feature_enabled":true,"jetpack_social_post_already_shared":true,"jetpack_social_options":{"image_generator_settings":{"template":"highway","default_image_id":0,"font":"","enabled":false},"version":2},"_wpas_customize_per_network":false,"jetpack_post_was_ever_published":false},"categories":[696796406],"tags":[696796197,696795858,10318,370612],"class_list":["post-3667","post","type-post","status-publish","format-standard","has-post-thumbnail","hentry","category-comunalidad","tag-elecciones-generales-2023","tag-guatemala","tag-mlp","tag-tse"],"yoast_head":"<!-- This site is optimized with the Yoast SEO plugin v28.3 - https:\/\/yoast.com\/product\/yoast-seo-wordpress\/ -->\n<title>Guatemala, Estado restringe derechos pol\u00edticos a los pueblos originarios - Ollantay Itzamn\u00e1<\/title>\n<meta name=\"robots\" content=\"index, follow, max-snippet:-1, max-image-preview:large, max-video-preview:-1\" \/>\n<link rel=\"canonical\" href=\"https:\/\/ollantayitzamna.com\/?p=3667\" \/>\n<meta property=\"og:locale\" content=\"es_ES\" \/>\n<meta property=\"og:type\" content=\"article\" \/>\n<meta property=\"og:title\" content=\"Guatemala, Estado restringe derechos pol\u00edticos a los pueblos originarios - Ollantay Itzamn\u00e1\" \/>\n<meta property=\"og:description\" content=\"Hasta antes que indigenas y campesinos se organizaran pol\u00edticamente en Guatemala, cada vez que estos sectores empobrecidos sal\u00edan a las calles a protestar, desde los medios de comunicaci\u00f3n corporativas y desde las clases medias les gritaban: \u00abHagan su partido pol\u00edtico. Vayan a las urnas. Ganen elecciones\u00bb&#8230;\" \/>\n<meta property=\"og:url\" content=\"https:\/\/ollantayitzamna.com\/?p=3667\" \/>\n<meta property=\"og:site_name\" content=\"Ollantay Itzamn\u00e1\" \/>\n<meta property=\"article:published_time\" content=\"2023-02-05T20:06:48+00:00\" \/>\n<meta property=\"article:modified_time\" content=\"2025-07-04T13:17:11+00:00\" \/>\n<meta property=\"og:image\" content=\"https:\/\/i0.wp.com\/ollantayitzamna.com\/wp-content\/uploads\/2023\/02\/IMG-20230202-WA0045.jpg?fit=1040%2C780&ssl=1\" \/>\n\t<meta property=\"og:image:width\" content=\"1040\" \/>\n\t<meta property=\"og:image:height\" content=\"780\" \/>\n\t<meta property=\"og:image:type\" content=\"image\/jpeg\" \/>\n<meta name=\"author\" content=\"ollantayitzamna\" \/>\n<meta name=\"twitter:card\" content=\"summary_large_image\" \/>\n<meta name=\"twitter:label1\" content=\"Escrito por\" \/>\n\t<meta name=\"twitter:data1\" content=\"ollantayitzamna\" \/>\n\t<meta name=\"twitter:label2\" content=\"Tiempo de lectura\" \/>\n\t<meta name=\"twitter:data2\" content=\"6 minutos\" \/>\n<script type=\"application\/ld+json\" class=\"yoast-schema-graph\">{\"@context\":\"https:\\\/\\\/schema.org\",\"@graph\":[{\"@type\":\"Article\",\"@id\":\"https:\\\/\\\/ollantayitzamna.com\\\/?p=3667#article\",\"isPartOf\":{\"@id\":\"https:\\\/\\\/ollantayitzamna.com\\\/?p=3667\"},\"author\":{\"name\":\"ollantayitzamna\",\"@id\":\"https:\\\/\\\/ollantayitzamna.com\\\/#\\\/schema\\\/person\\\/d7d683451f51a71c7d7c6b4b70437092\"},\"headline\":\"Guatemala, Estado restringe derechos pol\u00edticos a los pueblos originarios\",\"datePublished\":\"2023-02-05T20:06:48+00:00\",\"dateModified\":\"2025-07-04T13:17:11+00:00\",\"mainEntityOfPage\":{\"@id\":\"https:\\\/\\\/ollantayitzamna.com\\\/?p=3667\"},\"wordCount\":1124,\"commentCount\":0,\"image\":{\"@id\":\"https:\\\/\\\/ollantayitzamna.com\\\/?p=3667#primaryimage\"},\"thumbnailUrl\":\"https:\\\/\\\/i0.wp.com\\\/ollantayitzamna.com\\\/wp-content\\\/uploads\\\/2023\\\/02\\\/IMG-20230202-WA0045.jpg?fit=1040%2C780&ssl=1\",\"keywords\":[\"Elecciones Generales 2023\",\"Guatemala\",\"MLP\",\"TSE\"],\"articleSection\":[\"Comunalidad\"],\"inLanguage\":\"es\",\"potentialAction\":[{\"@type\":\"CommentAction\",\"name\":\"Comment\",\"target\":[\"https:\\\/\\\/ollantayitzamna.com\\\/?p=3667#respond\"]}]},{\"@type\":\"WebPage\",\"@id\":\"https:\\\/\\\/ollantayitzamna.com\\\/?p=3667\",\"url\":\"https:\\\/\\\/ollantayitzamna.com\\\/?p=3667\",\"name\":\"Guatemala, Estado restringe derechos pol\u00edticos a los pueblos originarios - Ollantay Itzamn\u00e1\",\"isPartOf\":{\"@id\":\"https:\\\/\\\/ollantayitzamna.com\\\/#website\"},\"primaryImageOfPage\":{\"@id\":\"https:\\\/\\\/ollantayitzamna.com\\\/?p=3667#primaryimage\"},\"image\":{\"@id\":\"https:\\\/\\\/ollantayitzamna.com\\\/?p=3667#primaryimage\"},\"thumbnailUrl\":\"https:\\\/\\\/i0.wp.com\\\/ollantayitzamna.com\\\/wp-content\\\/uploads\\\/2023\\\/02\\\/IMG-20230202-WA0045.jpg?fit=1040%2C780&ssl=1\",\"datePublished\":\"2023-02-05T20:06:48+00:00\",\"dateModified\":\"2025-07-04T13:17:11+00:00\",\"author\":{\"@id\":\"https:\\\/\\\/ollantayitzamna.com\\\/#\\\/schema\\\/person\\\/d7d683451f51a71c7d7c6b4b70437092\"},\"breadcrumb\":{\"@id\":\"https:\\\/\\\/ollantayitzamna.com\\\/?p=3667#breadcrumb\"},\"inLanguage\":\"es\",\"potentialAction\":[{\"@type\":\"ReadAction\",\"target\":[\"https:\\\/\\\/ollantayitzamna.com\\\/?p=3667\"]}]},{\"@type\":\"ImageObject\",\"inLanguage\":\"es\",\"@id\":\"https:\\\/\\\/ollantayitzamna.com\\\/?p=3667#primaryimage\",\"url\":\"https:\\\/\\\/i0.wp.com\\\/ollantayitzamna.com\\\/wp-content\\\/uploads\\\/2023\\\/02\\\/IMG-20230202-WA0045.jpg?fit=1040%2C780&ssl=1\",\"contentUrl\":\"https:\\\/\\\/i0.wp.com\\\/ollantayitzamna.com\\\/wp-content\\\/uploads\\\/2023\\\/02\\\/IMG-20230202-WA0045.jpg?fit=1040%2C780&ssl=1\",\"width\":1040,\"height\":780,\"caption\":\"Manifestaci\u00f3n de MLP frente al TSE. Guatemala\"},{\"@type\":\"BreadcrumbList\",\"@id\":\"https:\\\/\\\/ollantayitzamna.com\\\/?p=3667#breadcrumb\",\"itemListElement\":[{\"@type\":\"ListItem\",\"position\":1,\"name\":\"Portada\",\"item\":\"https:\\\/\\\/ollantayitzamna.com\\\/\"},{\"@type\":\"ListItem\",\"position\":2,\"name\":\"Guatemala, Estado restringe derechos pol\u00edticos a los pueblos originarios\"}]},{\"@type\":\"WebSite\",\"@id\":\"https:\\\/\\\/ollantayitzamna.com\\\/#website\",\"url\":\"https:\\\/\\\/ollantayitzamna.com\\\/\",\"name\":\"Ollantay Itzamn\u00e1\",\"description\":\"Susurros del silencio\",\"potentialAction\":[{\"@type\":\"SearchAction\",\"target\":{\"@type\":\"EntryPoint\",\"urlTemplate\":\"https:\\\/\\\/ollantayitzamna.com\\\/?s={search_term_string}\"},\"query-input\":{\"@type\":\"PropertyValueSpecification\",\"valueRequired\":true,\"valueName\":\"search_term_string\"}}],\"inLanguage\":\"es\"},{\"@type\":\"Person\",\"@id\":\"https:\\\/\\\/ollantayitzamna.com\\\/#\\\/schema\\\/person\\\/d7d683451f51a71c7d7c6b4b70437092\",\"name\":\"ollantayitzamna\",\"image\":{\"@type\":\"ImageObject\",\"inLanguage\":\"es\",\"@id\":\"https:\\\/\\\/secure.gravatar.com\\\/avatar\\\/576387c53cc1a5ef704abf20408627fa3cb969d3f33355a576a2b20d65397362?s=96&d=identicon&r=g\",\"url\":\"https:\\\/\\\/secure.gravatar.com\\\/avatar\\\/576387c53cc1a5ef704abf20408627fa3cb969d3f33355a576a2b20d65397362?s=96&d=identicon&r=g\",\"contentUrl\":\"https:\\\/\\\/secure.gravatar.com\\\/avatar\\\/576387c53cc1a5ef704abf20408627fa3cb969d3f33355a576a2b20d65397362?s=96&d=identicon&r=g\",\"caption\":\"ollantayitzamna\"},\"description\":\"Soy Tierra que siente, que llora, que ama, que conspira, que sue\u00f1a. Soy wawa (criatura) de la Pachamama.\",\"sameAs\":[\"http:\\\/\\\/ollantayitzamna.com\"],\"url\":\"https:\\\/\\\/ollantayitzamna.com\\\/?author=95365428\"}]}<\/script>\n<!-- \/ Yoast SEO plugin. -->","yoast_head_json":{"title":"Guatemala, Estado restringe derechos pol\u00edticos a los pueblos originarios - Ollantay Itzamn\u00e1","robots":{"index":"index","follow":"follow","max-snippet":"max-snippet:-1","max-image-preview":"max-image-preview:large","max-video-preview":"max-video-preview:-1"},"canonical":"https:\/\/ollantayitzamna.com\/?p=3667","og_locale":"es_ES","og_type":"article","og_title":"Guatemala, Estado restringe derechos pol\u00edticos a los pueblos originarios - Ollantay Itzamn\u00e1","og_description":"Hasta antes que indigenas y campesinos se organizaran pol\u00edticamente en Guatemala, cada vez que estos sectores empobrecidos sal\u00edan a las calles a protestar, desde los medios de comunicaci\u00f3n corporativas y desde las clases medias les gritaban: \u00abHagan su partido pol\u00edtico. Vayan a las urnas. Ganen elecciones\u00bb&#8230;","og_url":"https:\/\/ollantayitzamna.com\/?p=3667","og_site_name":"Ollantay Itzamn\u00e1","article_published_time":"2023-02-05T20:06:48+00:00","article_modified_time":"2025-07-04T13:17:11+00:00","og_image":[{"width":1040,"height":780,"url":"https:\/\/i0.wp.com\/ollantayitzamna.com\/wp-content\/uploads\/2023\/02\/IMG-20230202-WA0045.jpg?fit=1040%2C780&ssl=1","type":"image\/jpeg"}],"author":"ollantayitzamna","twitter_card":"summary_large_image","twitter_misc":{"Escrito por":"ollantayitzamna","Tiempo de lectura":"6 minutos"},"schema":{"@context":"https:\/\/schema.org","@graph":[{"@type":"Article","@id":"https:\/\/ollantayitzamna.com\/?p=3667#article","isPartOf":{"@id":"https:\/\/ollantayitzamna.com\/?p=3667"},"author":{"name":"ollantayitzamna","@id":"https:\/\/ollantayitzamna.com\/#\/schema\/person\/d7d683451f51a71c7d7c6b4b70437092"},"headline":"Guatemala, Estado restringe derechos pol\u00edticos a los pueblos originarios","datePublished":"2023-02-05T20:06:48+00:00","dateModified":"2025-07-04T13:17:11+00:00","mainEntityOfPage":{"@id":"https:\/\/ollantayitzamna.com\/?p=3667"},"wordCount":1124,"commentCount":0,"image":{"@id":"https:\/\/ollantayitzamna.com\/?p=3667#primaryimage"},"thumbnailUrl":"https:\/\/i0.wp.com\/ollantayitzamna.com\/wp-content\/uploads\/2023\/02\/IMG-20230202-WA0045.jpg?fit=1040%2C780&ssl=1","keywords":["Elecciones Generales 2023","Guatemala","MLP","TSE"],"articleSection":["Comunalidad"],"inLanguage":"es","potentialAction":[{"@type":"CommentAction","name":"Comment","target":["https:\/\/ollantayitzamna.com\/?p=3667#respond"]}]},{"@type":"WebPage","@id":"https:\/\/ollantayitzamna.com\/?p=3667","url":"https:\/\/ollantayitzamna.com\/?p=3667","name":"Guatemala, Estado restringe derechos pol\u00edticos a los pueblos originarios - Ollantay Itzamn\u00e1","isPartOf":{"@id":"https:\/\/ollantayitzamna.com\/#website"},"primaryImageOfPage":{"@id":"https:\/\/ollantayitzamna.com\/?p=3667#primaryimage"},"image":{"@id":"https:\/\/ollantayitzamna.com\/?p=3667#primaryimage"},"thumbnailUrl":"https:\/\/i0.wp.com\/ollantayitzamna.com\/wp-content\/uploads\/2023\/02\/IMG-20230202-WA0045.jpg?fit=1040%2C780&ssl=1","datePublished":"2023-02-05T20:06:48+00:00","dateModified":"2025-07-04T13:17:11+00:00","author":{"@id":"https:\/\/ollantayitzamna.com\/#\/schema\/person\/d7d683451f51a71c7d7c6b4b70437092"},"breadcrumb":{"@id":"https:\/\/ollantayitzamna.com\/?p=3667#breadcrumb"},"inLanguage":"es","potentialAction":[{"@type":"ReadAction","target":["https:\/\/ollantayitzamna.com\/?p=3667"]}]},{"@type":"ImageObject","inLanguage":"es","@id":"https:\/\/ollantayitzamna.com\/?p=3667#primaryimage","url":"https:\/\/i0.wp.com\/ollantayitzamna.com\/wp-content\/uploads\/2023\/02\/IMG-20230202-WA0045.jpg?fit=1040%2C780&ssl=1","contentUrl":"https:\/\/i0.wp.com\/ollantayitzamna.com\/wp-content\/uploads\/2023\/02\/IMG-20230202-WA0045.jpg?fit=1040%2C780&ssl=1","width":1040,"height":780,"caption":"Manifestaci\u00f3n de MLP frente al TSE. Guatemala"},{"@type":"BreadcrumbList","@id":"https:\/\/ollantayitzamna.com\/?p=3667#breadcrumb","itemListElement":[{"@type":"ListItem","position":1,"name":"Portada","item":"https:\/\/ollantayitzamna.com\/"},{"@type":"ListItem","position":2,"name":"Guatemala, Estado restringe derechos pol\u00edticos a los pueblos originarios"}]},{"@type":"WebSite","@id":"https:\/\/ollantayitzamna.com\/#website","url":"https:\/\/ollantayitzamna.com\/","name":"Ollantay Itzamn\u00e1","description":"Susurros del silencio","potentialAction":[{"@type":"SearchAction","target":{"@type":"EntryPoint","urlTemplate":"https:\/\/ollantayitzamna.com\/?s={search_term_string}"},"query-input":{"@type":"PropertyValueSpecification","valueRequired":true,"valueName":"search_term_string"}}],"inLanguage":"es"},{"@type":"Person","@id":"https:\/\/ollantayitzamna.com\/#\/schema\/person\/d7d683451f51a71c7d7c6b4b70437092","name":"ollantayitzamna","image":{"@type":"ImageObject","inLanguage":"es","@id":"https:\/\/secure.gravatar.com\/avatar\/576387c53cc1a5ef704abf20408627fa3cb969d3f33355a576a2b20d65397362?s=96&d=identicon&r=g","url":"https:\/\/secure.gravatar.com\/avatar\/576387c53cc1a5ef704abf20408627fa3cb969d3f33355a576a2b20d65397362?s=96&d=identicon&r=g","contentUrl":"https:\/\/secure.gravatar.com\/avatar\/576387c53cc1a5ef704abf20408627fa3cb969d3f33355a576a2b20d65397362?s=96&d=identicon&r=g","caption":"ollantayitzamna"},"description":"Soy Tierra que siente, que llora, que ama, que conspira, que sue\u00f1a. Soy wawa (criatura) de la Pachamama.","sameAs":["http:\/\/ollantayitzamna.com"],"url":"https:\/\/ollantayitzamna.com\/?author=95365428"}]}},"jetpack_publicize_connections":[],"jetpack_likes_enabled":true,"jetpack_sharing_enabled":true,"jetpack_featured_media_url":"https:\/\/i0.wp.com\/ollantayitzamna.com\/wp-content\/uploads\/2023\/02\/IMG-20230202-WA0045.jpg?fit=1040%2C780&ssl=1","_links":{"self":[{"href":"https:\/\/ollantayitzamna.com\/index.php?rest_route=\/wp\/v2\/posts\/3667","targetHints":{"allow":["GET"]}}],"collection":[{"href":"https:\/\/ollantayitzamna.com\/index.php?rest_route=\/wp\/v2\/posts"}],"about":[{"href":"https:\/\/ollantayitzamna.com\/index.php?rest_route=\/wp\/v2\/types\/post"}],"author":[{"embeddable":true,"href":"https:\/\/ollantayitzamna.com\/index.php?rest_route=\/wp\/v2\/users\/95365428"}],"replies":[{"embeddable":true,"href":"https:\/\/ollantayitzamna.com\/index.php?rest_route=%2Fwp%2Fv2%2Fcomments&post=3667"}],"version-history":[{"count":10,"href":"https:\/\/ollantayitzamna.com\/index.php?rest_route=\/wp\/v2\/posts\/3667\/revisions"}],"predecessor-version":[{"id":3683,"href":"https:\/\/ollantayitzamna.com\/index.php?rest_route=\/wp\/v2\/posts\/3667\/revisions\/3683"}],"wp:featuredmedia":[{"embeddable":true,"href":"https:\/\/ollantayitzamna.com\/index.php?rest_route=\/wp\/v2\/media\/3675"}],"wp:attachment":[{"href":"https:\/\/ollantayitzamna.com\/index.php?rest_route=%2Fwp%2Fv2%2Fmedia&parent=3667"}],"wp:term":[{"taxonomy":"category","embeddable":true,"href":"https:\/\/ollantayitzamna.com\/index.php?rest_route=%2Fwp%2Fv2%2Fcategories&post=3667"},{"taxonomy":"post_tag","embeddable":true,"href":"https:\/\/ollantayitzamna.com\/index.php?rest_route=%2Fwp%2Fv2%2Ftags&post=3667"}],"curies":[{"name":"wp","href":"https:\/\/api.w.org\/{rel}","templated":true}]}}