{"id":371,"date":"2016-11-03T09:57:37","date_gmt":"2016-11-03T15:57:37","guid":{"rendered":"https:\/\/ollantayitzamna.com\/?p=371"},"modified":"2025-07-04T07:17:12","modified_gmt":"2025-07-04T13:17:12","slug":"guatemala-prisionera-de-la-prensa-canalla","status":"publish","type":"post","link":"https:\/\/ollantayitzamna.com\/?p=371","title":{"rendered":"GUATEMALA, PRISIONERA DE LA PRENSA CANALLA"},"content":{"rendered":"<figure id=\"attachment_372\" aria-describedby=\"caption-attachment-372\" style=\"width: 529px\" class=\"wp-caption aligncenter\"><img data-recalc-dims=\"1\" fetchpriority=\"high\" decoding=\"async\" data-attachment-id=\"372\" data-permalink=\"https:\/\/ollantayitzamna.com\/?attachment_id=372\" data-orig-file=\"https:\/\/i0.wp.com\/ollantayitzamna.com\/wp-content\/uploads\/2016\/11\/dscf0011.jpg?fit=4608%2C3072&amp;ssl=1\" data-orig-size=\"4608,3072\" data-comments-opened=\"1\" data-image-meta=\"{&quot;aperture&quot;:&quot;6.4&quot;,&quot;credit&quot;:&quot;&quot;,&quot;camera&quot;:&quot;FinePix HS20EXR&quot;,&quot;caption&quot;:&quot;&quot;,&quot;created_timestamp&quot;:&quot;1455066178&quot;,&quot;copyright&quot;:&quot;&quot;,&quot;focal_length&quot;:&quot;10.9&quot;,&quot;iso&quot;:&quot;400&quot;,&quot;shutter_speed&quot;:&quot;0.002&quot;,&quot;title&quot;:&quot;&quot;,&quot;orientation&quot;:&quot;1&quot;}\" data-image-title=\"dscf0011\" data-image-description=\"\" data-image-caption=\"&lt;p&gt;CODECA movilizado&lt;\/p&gt;\n\" data-large-file=\"https:\/\/i0.wp.com\/ollantayitzamna.com\/wp-content\/uploads\/2016\/11\/dscf0011.jpg?fit=800%2C533&amp;ssl=1\" class=\"wp-image-372 size-large\" src=\"https:\/\/i0.wp.com\/ollantayitzamna.com\/wp-content\/uploads\/2016\/11\/dscf0011.jpg?resize=529%2C353&#038;ssl=1\" alt=\"CODECA movilizado\" width=\"529\" height=\"353\" \/><figcaption id=\"caption-attachment-372\" class=\"wp-caption-text\">CODECA movilizado<\/figcaption><\/figure>\n<h3 style=\"text-align:center;\">Muchas verdades alucinantes vi por mi paso por estas legendarias tierras mayas. Desde indomestizos ilustrados amantes de Europa y Norteam\u00e9rica, aunque jam\u00e1s salieron del pa\u00eds, hasta lujosas estatuas de espa\u00f1oles\/as que son paseadas en hombros, por d\u00edas enteros, paralizando ciudades completas, por centenares de penitentes creyentes. Lo hacen porque la prensa nacional les dice que lo hagan.<!--more--><\/h3>\n<p style=\"text-align:justify;\">El pasado 26 de octubre, ante el reiterado anuncio medi\u00e1tico de bloqueo de caminos a nivel nacional (muy a pesar que ind\u00edgenas y campesinos hab\u00edan re negado dicha acci\u00f3n), sal\u00ed a recorrer por las carreteras principales del pa\u00eds. No encontr\u00e9 ni un solo punto de bloqueo. Eso s\u00ed, los caminos estaban patrullados por agentes de la Polic\u00eda Nacional Civil, en busca de ind\u00edgenas y campesinos \u201charaganes\u201d movilizados. Entonces supe que hasta el Estado es v\u00edctima de la prensa canalla<\/p>\n<p style=\"text-align:justify;\">La desgracia de esta prensa mentirosa, no es tanto lo que dice o lo que cobra por vociferar, sino que diferentes estratos sociales de guatemaltecos asumen sus mentiras como verdades. S\u00ed, aunque Ud. no lo crea. Gente de clase media, profesional o no, cree las mentiras envenenadas de estos ruines como ciertas. Ni hablar de los estratos populares.<\/p>\n<p style=\"text-align:justify;\">Hace unos meses atr\u00e1s, entrevist\u00e9 a un reportero de Prensa Libre sobre las difamaciones contra el movimiento social CODECA que public\u00f3 en dicho medio. La respuesta del empobrecido obrero reportero fue: \u201cEsa partecita de la nota lo aument\u00f3 mi jefe editor. Yo no lo puse\u201d. Su jefe canalla, jam\u00e1s se atrevi\u00f3 a responder a los correos que le escrib\u00ed.<\/p>\n<p style=\"text-align:justify;\">Ciudades como Antigua Guatemala, Guatemala ciudad, y otras, durante los tiempos de Cuaresma y Semana Santa, son intransitables. Centenares de acongojados creyentes bloquean calles y avenidas cargando en hombros estatuas religiosas, sin que nadie proteste por las p\u00e9rdidas econ\u00f3micas que les ocasionan. \u00bfSaben por qu\u00e9? Porque son bloqueos de caminos en nombre de Dios, convocadas y capitalizadas por la prensa canalla, y sus financistas.<\/p>\n<p style=\"text-align:justify;\">Sobre el \u00faltimo paro nacional movilizado de ind\u00edgenas y campesinos, La Prensa, El Peri\u00f3dico, Nuestro Diario, La Hora (prensa escrita), las radios corporativas y canales de televisi\u00f3n, desinformaron y desprestigiaron hasta el cansancio a ind\u00edgenas y campesinos movilizados de CODECA. Incluso falsificaron copia de documento oficial del gobierno de Noruega para calumniar a esta organizaci\u00f3n sobre financiamientos inexistentes. \u00bfPor qu\u00e9 descargaron tanta artiller\u00eda contra un movimiento ind\u00edgena campesino?<\/p>\n<p style=\"text-align:justify;\">Sin embargo, estos mismos medios, en coro, junto a la Embajada Norteamericana, convocaron y engrandecieron las protestas callejeras del pasado a\u00f1o, disque contra la corrupci\u00f3n. Convocaron al paro nacional movilizado, con bloqueo de caminos en el interior, el 27 de agosto del 2015, con la finalidad de destituir al ex gobernante Otto P\u00e9rez Molina que les hac\u00eda competencia en el negocio de la corrupci\u00f3n (el chivo expiatorio de los corruptos mayores).<\/p>\n<p style=\"text-align:justify;\">La prensa abyecta intent\u00f3 e intenta acribillar a CODECA porque este movimiento indocampesina no obedece a los dict\u00e1menes de los patrones de la finca Guatemala. No es el movimiento ideol\u00f3gicamente cualificado para ellos. No es el adorno folcl\u00f3rico que desear\u00edan tener en sus sets de televisi\u00f3n.<\/p>\n<p style=\"text-align:justify;\">Les asusta porque CODECA contin\u00faa, y continuar\u00e1, en las calles impulsando y exigiendo transformaciones estructurales de fondo en esta Rep\u00fablica que no pudo ser. Les preocupa la consigna: \u201cQue se vayan todos\u201d. Porque si sus patrones corruptos caen, tambi\u00e9n caer\u00e1n o se suicidar\u00e1n los corruptos gerentes de la prensa canalla.<\/p>\n<p style=\"text-align:justify;\">Lo positivo de este sistem\u00e1tico ataque medi\u00e1tico hacia este movimiento indocampesino, no es s\u00f3lo el b\u00fameran que genera en una parte de su audiencia. Sino que est\u00e1 obligando a ind\u00edgenas y campesinos organizados, con bajo grado de escolaridad, a convertirse en ciberactivistas en y desde las redes sociales para mostrar sus luchas.<\/p>\n<p style=\"text-align:justify;\">En la actualidad, en gran medida, todo lo que se muestra de las acciones colectivas simultaneas de movimientos indocampesinas en el interior del pa\u00eds no es tanto trabajo de la prensa del est\u00f3mago, sino esfuerzo de comunicadores comunitarios.<\/p>\n<p style=\"text-align:justify;\">En este sentido, aunque en Guatemala no podemos decir con Albert Camus que: \u201cUn pa\u00eds vale lo que vale su prensa\u201d, s\u00ed podemos decir: \u201cfeliz culpa de quienes desprestigian y aplican el cerco medi\u00e1tico a los insumisos movimientos sociales\u201d. Nos est\u00e1n obligando a democratizar las verdades por otros medios.<\/p>\n","protected":false},"excerpt":{"rendered":"<p>Muchas verdades alucinantes vi por mi paso por estas legendarias tierras mayas. Desde indomestizos ilustrados amantes de Europa y Norteam\u00e9rica, aunque jam\u00e1s salieron del pa\u00eds, hasta lujosas estatuas de espa\u00f1oles\/as que son paseadas en hombros, por d\u00edas enteros, paralizando ciudades completas, por centenares de penitentes creyentes. Lo hacen porque la prensa nacional les dice que [&hellip;]<\/p>\n","protected":false},"author":95365428,"featured_media":372,"comment_status":"open","ping_status":"open","sticky":false,"template":"","format":"standard","meta":{"_coblocks_attr":"","_coblocks_dimensions":"","_coblocks_responsive_height":"","_coblocks_accordion_ie_support":"","_jetpack_newsletter_access":"","_jetpack_dont_email_post_to_subs":false,"_jetpack_newsletter_tier_id":0,"_jetpack_memberships_contains_paywalled_content":false,"_wpcom_ai_launchpad_first_post":false,"_jetpack_feature_clip_id":0,"_jetpack_memberships_contains_paid_content":false,"footnotes":"","jetpack_publicize_message":"{title}\n\n{excerpt}\n\n{url}","jetpack_publicize_feature_enabled":true,"jetpack_social_post_already_shared":false,"jetpack_social_options":{"image_generator_settings":{"template":"highway","default_image_id":0,"font":"","enabled":false},"version":2},"_wpas_customize_per_network":false,"jetpack_post_was_ever_published":false},"categories":[696796406],"tags":[5578823,1762447,470817,58496],"class_list":["post-371","post","type-post","status-publish","format-standard","has-post-thumbnail","hentry","category-comunalidad","tag-codeca","tag-difamacion","tag-movilizacion","tag-prensa"],"yoast_head":"<!-- This site is optimized with the Yoast SEO plugin v28.4 - https:\/\/yoast.com\/product\/yoast-seo-wordpress\/ -->\n<title>GUATEMALA, PRISIONERA DE LA PRENSA CANALLA - Ollantay Itzamn\u00e1<\/title>\n<meta name=\"robots\" content=\"index, follow, max-snippet:-1, max-image-preview:large, max-video-preview:-1\" \/>\n<link rel=\"canonical\" href=\"https:\/\/ollantayitzamna.com\/?p=371\" \/>\n<meta property=\"og:locale\" content=\"es_ES\" \/>\n<meta property=\"og:type\" content=\"article\" \/>\n<meta property=\"og:title\" content=\"GUATEMALA, PRISIONERA DE LA PRENSA CANALLA - Ollantay Itzamn\u00e1\" \/>\n<meta property=\"og:description\" content=\"Muchas verdades alucinantes vi por mi paso por estas legendarias tierras mayas. Desde indomestizos ilustrados amantes de Europa y Norteam\u00e9rica, aunque jam\u00e1s salieron del pa\u00eds, hasta lujosas estatuas de espa\u00f1oles\/as que son paseadas en hombros, por d\u00edas enteros, paralizando ciudades completas, por centenares de penitentes creyentes. Lo hacen porque la prensa nacional les dice que [&hellip;]\" \/>\n<meta property=\"og:url\" content=\"https:\/\/ollantayitzamna.com\/?p=371\" \/>\n<meta property=\"og:site_name\" content=\"Ollantay Itzamn\u00e1\" \/>\n<meta property=\"article:published_time\" content=\"2016-11-03T15:57:37+00:00\" \/>\n<meta property=\"article:modified_time\" content=\"2025-07-04T13:17:12+00:00\" \/>\n<meta property=\"og:image\" content=\"https:\/\/i0.wp.com\/ollantayitzamna.com\/wp-content\/uploads\/2016\/11\/dscf0011.jpg?fit=800%2C533&ssl=1\" \/>\n\t<meta property=\"og:image:width\" content=\"800\" \/>\n\t<meta property=\"og:image:height\" content=\"533\" \/>\n\t<meta property=\"og:image:type\" content=\"image\/jpeg\" \/>\n<meta name=\"author\" content=\"ollantayitzamna\" \/>\n<meta name=\"twitter:card\" content=\"summary_large_image\" \/>\n<meta name=\"twitter:label1\" content=\"Escrito por\" \/>\n\t<meta name=\"twitter:data1\" content=\"ollantayitzamna\" \/>\n\t<meta name=\"twitter:label2\" content=\"Tiempo de lectura\" \/>\n\t<meta name=\"twitter:data2\" content=\"4 minutos\" \/>\n<script type=\"application\/ld+json\" class=\"yoast-schema-graph\">{\"@context\":\"https:\\\/\\\/schema.org\",\"@graph\":[{\"@type\":\"Article\",\"@id\":\"https:\\\/\\\/ollantayitzamna.com\\\/?p=371#article\",\"isPartOf\":{\"@id\":\"https:\\\/\\\/ollantayitzamna.com\\\/?p=371\"},\"author\":{\"name\":\"ollantayitzamna\",\"@id\":\"https:\\\/\\\/ollantayitzamna.com\\\/#\\\/schema\\\/person\\\/d7d683451f51a71c7d7c6b4b70437092\"},\"headline\":\"GUATEMALA, PRISIONERA DE LA PRENSA CANALLA\",\"datePublished\":\"2016-11-03T15:57:37+00:00\",\"dateModified\":\"2025-07-04T13:17:12+00:00\",\"mainEntityOfPage\":{\"@id\":\"https:\\\/\\\/ollantayitzamna.com\\\/?p=371\"},\"wordCount\":753,\"commentCount\":1,\"image\":{\"@id\":\"https:\\\/\\\/ollantayitzamna.com\\\/?p=371#primaryimage\"},\"thumbnailUrl\":\"https:\\\/\\\/i0.wp.com\\\/ollantayitzamna.com\\\/wp-content\\\/uploads\\\/2016\\\/11\\\/dscf0011.jpg?fit=4608%2C3072&ssl=1\",\"keywords\":[\"CODECA\",\"difamaci\u00f3n\",\"movilizaci\u00f3n\",\"prensa\"],\"articleSection\":[\"Comunalidad\"],\"inLanguage\":\"es\",\"potentialAction\":[{\"@type\":\"CommentAction\",\"name\":\"Comment\",\"target\":[\"https:\\\/\\\/ollantayitzamna.com\\\/?p=371#respond\"]}]},{\"@type\":\"WebPage\",\"@id\":\"https:\\\/\\\/ollantayitzamna.com\\\/?p=371\",\"url\":\"https:\\\/\\\/ollantayitzamna.com\\\/?p=371\",\"name\":\"GUATEMALA, PRISIONERA DE LA PRENSA CANALLA - Ollantay Itzamn\u00e1\",\"isPartOf\":{\"@id\":\"https:\\\/\\\/ollantayitzamna.com\\\/#website\"},\"primaryImageOfPage\":{\"@id\":\"https:\\\/\\\/ollantayitzamna.com\\\/?p=371#primaryimage\"},\"image\":{\"@id\":\"https:\\\/\\\/ollantayitzamna.com\\\/?p=371#primaryimage\"},\"thumbnailUrl\":\"https:\\\/\\\/i0.wp.com\\\/ollantayitzamna.com\\\/wp-content\\\/uploads\\\/2016\\\/11\\\/dscf0011.jpg?fit=4608%2C3072&ssl=1\",\"datePublished\":\"2016-11-03T15:57:37+00:00\",\"dateModified\":\"2025-07-04T13:17:12+00:00\",\"author\":{\"@id\":\"https:\\\/\\\/ollantayitzamna.com\\\/#\\\/schema\\\/person\\\/d7d683451f51a71c7d7c6b4b70437092\"},\"breadcrumb\":{\"@id\":\"https:\\\/\\\/ollantayitzamna.com\\\/?p=371#breadcrumb\"},\"inLanguage\":\"es\",\"potentialAction\":[{\"@type\":\"ReadAction\",\"target\":[\"https:\\\/\\\/ollantayitzamna.com\\\/?p=371\"]}]},{\"@type\":\"ImageObject\",\"inLanguage\":\"es\",\"@id\":\"https:\\\/\\\/ollantayitzamna.com\\\/?p=371#primaryimage\",\"url\":\"https:\\\/\\\/i0.wp.com\\\/ollantayitzamna.com\\\/wp-content\\\/uploads\\\/2016\\\/11\\\/dscf0011.jpg?fit=4608%2C3072&ssl=1\",\"contentUrl\":\"https:\\\/\\\/i0.wp.com\\\/ollantayitzamna.com\\\/wp-content\\\/uploads\\\/2016\\\/11\\\/dscf0011.jpg?fit=4608%2C3072&ssl=1\",\"width\":4608,\"height\":3072,\"caption\":\"CODECA movilizado\"},{\"@type\":\"BreadcrumbList\",\"@id\":\"https:\\\/\\\/ollantayitzamna.com\\\/?p=371#breadcrumb\",\"itemListElement\":[{\"@type\":\"ListItem\",\"position\":1,\"name\":\"Portada\",\"item\":\"https:\\\/\\\/ollantayitzamna.com\\\/\"},{\"@type\":\"ListItem\",\"position\":2,\"name\":\"GUATEMALA, PRISIONERA DE LA PRENSA CANALLA\"}]},{\"@type\":\"WebSite\",\"@id\":\"https:\\\/\\\/ollantayitzamna.com\\\/#website\",\"url\":\"https:\\\/\\\/ollantayitzamna.com\\\/\",\"name\":\"Ollantay Itzamn\u00e1\",\"description\":\"Susurros del silencio\",\"potentialAction\":[{\"@type\":\"SearchAction\",\"target\":{\"@type\":\"EntryPoint\",\"urlTemplate\":\"https:\\\/\\\/ollantayitzamna.com\\\/?s={search_term_string}\"},\"query-input\":{\"@type\":\"PropertyValueSpecification\",\"valueRequired\":true,\"valueName\":\"search_term_string\"}}],\"inLanguage\":\"es\"},{\"@type\":\"Person\",\"@id\":\"https:\\\/\\\/ollantayitzamna.com\\\/#\\\/schema\\\/person\\\/d7d683451f51a71c7d7c6b4b70437092\",\"name\":\"ollantayitzamna\",\"image\":{\"@type\":\"ImageObject\",\"inLanguage\":\"es\",\"@id\":\"https:\\\/\\\/secure.gravatar.com\\\/avatar\\\/576387c53cc1a5ef704abf20408627fa3cb969d3f33355a576a2b20d65397362?s=96&d=identicon&r=g\",\"url\":\"https:\\\/\\\/secure.gravatar.com\\\/avatar\\\/576387c53cc1a5ef704abf20408627fa3cb969d3f33355a576a2b20d65397362?s=96&d=identicon&r=g\",\"contentUrl\":\"https:\\\/\\\/secure.gravatar.com\\\/avatar\\\/576387c53cc1a5ef704abf20408627fa3cb969d3f33355a576a2b20d65397362?s=96&d=identicon&r=g\",\"caption\":\"ollantayitzamna\"},\"description\":\"Soy Tierra que siente, que llora, que ama, que conspira, que sue\u00f1a. Soy wawa (criatura) de la Pachamama.\",\"sameAs\":[\"http:\\\/\\\/ollantayitzamna.com\"],\"url\":\"https:\\\/\\\/ollantayitzamna.com\\\/?author=95365428\"}]}<\/script>\n<!-- \/ Yoast SEO plugin. -->","yoast_head_json":{"title":"GUATEMALA, PRISIONERA DE LA PRENSA CANALLA - Ollantay Itzamn\u00e1","robots":{"index":"index","follow":"follow","max-snippet":"max-snippet:-1","max-image-preview":"max-image-preview:large","max-video-preview":"max-video-preview:-1"},"canonical":"https:\/\/ollantayitzamna.com\/?p=371","og_locale":"es_ES","og_type":"article","og_title":"GUATEMALA, PRISIONERA DE LA PRENSA CANALLA - Ollantay Itzamn\u00e1","og_description":"Muchas verdades alucinantes vi por mi paso por estas legendarias tierras mayas. Desde indomestizos ilustrados amantes de Europa y Norteam\u00e9rica, aunque jam\u00e1s salieron del pa\u00eds, hasta lujosas estatuas de espa\u00f1oles\/as que son paseadas en hombros, por d\u00edas enteros, paralizando ciudades completas, por centenares de penitentes creyentes. Lo hacen porque la prensa nacional les dice que [&hellip;]","og_url":"https:\/\/ollantayitzamna.com\/?p=371","og_site_name":"Ollantay Itzamn\u00e1","article_published_time":"2016-11-03T15:57:37+00:00","article_modified_time":"2025-07-04T13:17:12+00:00","og_image":[{"url":"https:\/\/i0.wp.com\/ollantayitzamna.com\/wp-content\/uploads\/2016\/11\/dscf0011.jpg?fit=800%2C533&ssl=1","width":800,"height":533,"type":"image\/jpeg"}],"author":"ollantayitzamna","twitter_card":"summary_large_image","twitter_misc":{"Escrito por":"ollantayitzamna","Tiempo de lectura":"4 minutos"},"schema":{"@context":"https:\/\/schema.org","@graph":[{"@type":"Article","@id":"https:\/\/ollantayitzamna.com\/?p=371#article","isPartOf":{"@id":"https:\/\/ollantayitzamna.com\/?p=371"},"author":{"name":"ollantayitzamna","@id":"https:\/\/ollantayitzamna.com\/#\/schema\/person\/d7d683451f51a71c7d7c6b4b70437092"},"headline":"GUATEMALA, PRISIONERA DE LA PRENSA CANALLA","datePublished":"2016-11-03T15:57:37+00:00","dateModified":"2025-07-04T13:17:12+00:00","mainEntityOfPage":{"@id":"https:\/\/ollantayitzamna.com\/?p=371"},"wordCount":753,"commentCount":1,"image":{"@id":"https:\/\/ollantayitzamna.com\/?p=371#primaryimage"},"thumbnailUrl":"https:\/\/i0.wp.com\/ollantayitzamna.com\/wp-content\/uploads\/2016\/11\/dscf0011.jpg?fit=4608%2C3072&ssl=1","keywords":["CODECA","difamaci\u00f3n","movilizaci\u00f3n","prensa"],"articleSection":["Comunalidad"],"inLanguage":"es","potentialAction":[{"@type":"CommentAction","name":"Comment","target":["https:\/\/ollantayitzamna.com\/?p=371#respond"]}]},{"@type":"WebPage","@id":"https:\/\/ollantayitzamna.com\/?p=371","url":"https:\/\/ollantayitzamna.com\/?p=371","name":"GUATEMALA, PRISIONERA DE LA PRENSA CANALLA - Ollantay Itzamn\u00e1","isPartOf":{"@id":"https:\/\/ollantayitzamna.com\/#website"},"primaryImageOfPage":{"@id":"https:\/\/ollantayitzamna.com\/?p=371#primaryimage"},"image":{"@id":"https:\/\/ollantayitzamna.com\/?p=371#primaryimage"},"thumbnailUrl":"https:\/\/i0.wp.com\/ollantayitzamna.com\/wp-content\/uploads\/2016\/11\/dscf0011.jpg?fit=4608%2C3072&ssl=1","datePublished":"2016-11-03T15:57:37+00:00","dateModified":"2025-07-04T13:17:12+00:00","author":{"@id":"https:\/\/ollantayitzamna.com\/#\/schema\/person\/d7d683451f51a71c7d7c6b4b70437092"},"breadcrumb":{"@id":"https:\/\/ollantayitzamna.com\/?p=371#breadcrumb"},"inLanguage":"es","potentialAction":[{"@type":"ReadAction","target":["https:\/\/ollantayitzamna.com\/?p=371"]}]},{"@type":"ImageObject","inLanguage":"es","@id":"https:\/\/ollantayitzamna.com\/?p=371#primaryimage","url":"https:\/\/i0.wp.com\/ollantayitzamna.com\/wp-content\/uploads\/2016\/11\/dscf0011.jpg?fit=4608%2C3072&ssl=1","contentUrl":"https:\/\/i0.wp.com\/ollantayitzamna.com\/wp-content\/uploads\/2016\/11\/dscf0011.jpg?fit=4608%2C3072&ssl=1","width":4608,"height":3072,"caption":"CODECA movilizado"},{"@type":"BreadcrumbList","@id":"https:\/\/ollantayitzamna.com\/?p=371#breadcrumb","itemListElement":[{"@type":"ListItem","position":1,"name":"Portada","item":"https:\/\/ollantayitzamna.com\/"},{"@type":"ListItem","position":2,"name":"GUATEMALA, PRISIONERA DE LA PRENSA CANALLA"}]},{"@type":"WebSite","@id":"https:\/\/ollantayitzamna.com\/#website","url":"https:\/\/ollantayitzamna.com\/","name":"Ollantay Itzamn\u00e1","description":"Susurros del silencio","potentialAction":[{"@type":"SearchAction","target":{"@type":"EntryPoint","urlTemplate":"https:\/\/ollantayitzamna.com\/?s={search_term_string}"},"query-input":{"@type":"PropertyValueSpecification","valueRequired":true,"valueName":"search_term_string"}}],"inLanguage":"es"},{"@type":"Person","@id":"https:\/\/ollantayitzamna.com\/#\/schema\/person\/d7d683451f51a71c7d7c6b4b70437092","name":"ollantayitzamna","image":{"@type":"ImageObject","inLanguage":"es","@id":"https:\/\/secure.gravatar.com\/avatar\/576387c53cc1a5ef704abf20408627fa3cb969d3f33355a576a2b20d65397362?s=96&d=identicon&r=g","url":"https:\/\/secure.gravatar.com\/avatar\/576387c53cc1a5ef704abf20408627fa3cb969d3f33355a576a2b20d65397362?s=96&d=identicon&r=g","contentUrl":"https:\/\/secure.gravatar.com\/avatar\/576387c53cc1a5ef704abf20408627fa3cb969d3f33355a576a2b20d65397362?s=96&d=identicon&r=g","caption":"ollantayitzamna"},"description":"Soy Tierra que siente, que llora, que ama, que conspira, que sue\u00f1a. Soy wawa (criatura) de la Pachamama.","sameAs":["http:\/\/ollantayitzamna.com"],"url":"https:\/\/ollantayitzamna.com\/?author=95365428"}]}},"jetpack_publicize_connections":[],"jetpack_likes_enabled":true,"jetpack_sharing_enabled":true,"jetpack_featured_media_url":"https:\/\/i0.wp.com\/ollantayitzamna.com\/wp-content\/uploads\/2016\/11\/dscf0011.jpg?fit=4608%2C3072&ssl=1","_links":{"self":[{"href":"https:\/\/ollantayitzamna.com\/index.php?rest_route=\/wp\/v2\/posts\/371","targetHints":{"allow":["GET"]}}],"collection":[{"href":"https:\/\/ollantayitzamna.com\/index.php?rest_route=\/wp\/v2\/posts"}],"about":[{"href":"https:\/\/ollantayitzamna.com\/index.php?rest_route=\/wp\/v2\/types\/post"}],"author":[{"embeddable":true,"href":"https:\/\/ollantayitzamna.com\/index.php?rest_route=\/wp\/v2\/users\/95365428"}],"replies":[{"embeddable":true,"href":"https:\/\/ollantayitzamna.com\/index.php?rest_route=%2Fwp%2Fv2%2Fcomments&post=371"}],"version-history":[{"count":2,"href":"https:\/\/ollantayitzamna.com\/index.php?rest_route=\/wp\/v2\/posts\/371\/revisions"}],"predecessor-version":[{"id":379,"href":"https:\/\/ollantayitzamna.com\/index.php?rest_route=\/wp\/v2\/posts\/371\/revisions\/379"}],"wp:featuredmedia":[{"embeddable":true,"href":"https:\/\/ollantayitzamna.com\/index.php?rest_route=\/wp\/v2\/media\/372"}],"wp:attachment":[{"href":"https:\/\/ollantayitzamna.com\/index.php?rest_route=%2Fwp%2Fv2%2Fmedia&parent=371"}],"wp:term":[{"taxonomy":"category","embeddable":true,"href":"https:\/\/ollantayitzamna.com\/index.php?rest_route=%2Fwp%2Fv2%2Fcategories&post=371"},{"taxonomy":"post_tag","embeddable":true,"href":"https:\/\/ollantayitzamna.com\/index.php?rest_route=%2Fwp%2Fv2%2Ftags&post=371"}],"curies":[{"name":"wp","href":"https:\/\/api.w.org\/{rel}","templated":true}]}}