{"id":418,"date":"2017-04-24T09:50:37","date_gmt":"2017-04-24T15:50:37","guid":{"rendered":"https:\/\/ollantayitzamna.com\/?p=418"},"modified":"2017-04-24T09:50:37","modified_gmt":"2017-04-24T15:50:37","slug":"guatemala-cuando-los-revolucionarios-le-temen-a-la-revolucion","status":"publish","type":"post","link":"https:\/\/ollantayitzamna.com\/?p=418","title":{"rendered":"GUATEMALA: CUANDO LOS REVOLUCIONARIOS LE TEMEN A LA REVOLUCI\u00d3N"},"content":{"rendered":"<figure id=\"attachment_420\" aria-describedby=\"caption-attachment-420\" style=\"width: 1300px\" class=\"wp-caption aligncenter\"><img data-recalc-dims=\"1\" fetchpriority=\"high\" decoding=\"async\" data-attachment-id=\"420\" data-permalink=\"https:\/\/ollantayitzamna.com\/?attachment_id=420\" data-orig-file=\"https:\/\/i0.wp.com\/ollantayitzamna.com\/wp-content\/uploads\/2017\/04\/guerrilla.jpg?fit=1300%2C968&amp;ssl=1\" data-orig-size=\"1300,968\" data-comments-opened=\"1\" data-image-meta=\"{&quot;aperture&quot;:&quot;0&quot;,&quot;credit&quot;:&quot;&quot;,&quot;camera&quot;:&quot;&quot;,&quot;caption&quot;:&quot;&quot;,&quot;created_timestamp&quot;:&quot;0&quot;,&quot;copyright&quot;:&quot;&quot;,&quot;focal_length&quot;:&quot;0&quot;,&quot;iso&quot;:&quot;0&quot;,&quot;shutter_speed&quot;:&quot;0&quot;,&quot;title&quot;:&quot;&quot;,&quot;orientation&quot;:&quot;0&quot;}\" data-image-title=\"Combatientes guerrilleros\" data-image-description=\"\" data-image-caption=\"&lt;p&gt;de.alamy.com &lt;\/p&gt;\n\" data-large-file=\"https:\/\/i0.wp.com\/ollantayitzamna.com\/wp-content\/uploads\/2017\/04\/guerrilla.jpg?fit=800%2C596&amp;ssl=1\" class=\"wp-image-420 size-full\" src=\"https:\/\/i0.wp.com\/ollantayitzamna.com\/wp-content\/uploads\/2017\/04\/guerrilla.jpg?resize=800%2C596&#038;ssl=1\" alt=\"\" width=\"800\" height=\"596\" \/><figcaption id=\"caption-attachment-420\" class=\"wp-caption-text\">de.alamy.com<\/figcaption><\/figure>\n<h3 style=\"text-align:center;\"><span style=\"font-style:inherit;font-weight:inherit;\">As\u00ed, mayas y campesinos, quienes jam\u00e1s alardearon ser revolucionarios, mucho menos fueron reconocidos como sujetos pol\u00edticos por las vanguardias y comandancias revolucionarias en Guatemala, ahora, se constituyen en el n\u00facleo sociopol\u00edtico que abandera las aut\u00e9nticas propuestas revolucionarias en la Guatemala policrom\u00e1tica que se cae a pedazos.<\/span><\/h3>\n<p><!--more--><\/p>\n<p><span style=\"font-style:inherit;font-weight:inherit;\">No es s\u00f3lo el sistema neoliberal hegem\u00f3nico que esteriliz\u00f3 y esteriliza el esp\u00edritu cr\u00edtico-creativo en la \u201cciudadan\u00eda\u201d guatemalteca, sino fue y es la misma izquierda pol\u00edtica y urbana que instal\u00f3 e instala dispositivos de impotencia y auto derrota en las estructuras culturales y psicol\u00f3gicas de las y los \u201crevolucionarios chapines\u201d.<\/span><\/p>\n<p>En las direcciones de las ONG, en los cocteles de recepci\u00f3n de las embajadas de gobiernos progresistas, o en foros internacionales, es casi com\u00fan o\u00edr apote\u00f3sicos discursos o testimonios emotivos sobre las luchas revolucionarias en Guatemala. Pero, casi todos versan sobre glorias del pasado que no pudo ser.<\/p>\n<p style=\"padding-left:30px;\"><span style=\"color:#ff0000;\">En la actualidad, es casi imposible encontrar a alg\u00fan \u201crevolucionario\u201d guatemalteco urbano que por lo menos discursivamente se atreva a desafiar, con mediana rigurosidad te\u00f3rica, las inefables verdades de fe implantadas en el pa\u00eds por la hegemon\u00eda neoliberal. Mucho menos plantear la necesidad de la fundaci\u00f3n de un Estado Plurinacional, o que apueste por un proceso de Asamblea Constituyente Plurinacional.<\/span><\/p>\n<p>No hay revolucionario urbano que cuestione el dogma de la privatizaci\u00f3n de los bienes y servicios. Mucho menos, que se atreva a dudar y cuestionar sobre el origen y el fracaso del aparente Estado naci\u00f3n que no pudo ser.<\/p>\n<p>El revolucionario urbano se asume como guatemalteco (entona el Himno Nacional y besa la bandera bicolor del patr\u00f3n), sin siquiera preguntarse si en los hechos existe verdaderamente la naci\u00f3n o la identidad guatemalteca como tal.<\/p>\n<p>Para la gran mayor\u00eda de estos \u201crevolucionarios\u201d urbanos, provenientes, en alguna medida del Conflicto Armado Interno (CAI, 1960-1996), el m\u00e1ximo sue\u00f1o revolucionario en su horizonte es la construcci\u00f3n del Estado de Bienestar, mediante reformas. Es decir, el keynesianismo \u201crevolucionario\u201d.<\/p>\n<p style=\"padding-left:30px;\"><span style=\"color:#ff0000;\">Existe en el esp\u00edritu revolucionario urbano una sensaci\u00f3n compartida de desgano cultural y derrota mental. \u201cNo tenemos correlaci\u00f3n de fuerzas a favor\u201d. \u201cNos van a volver a derrotar\u201d. \u201cEsos temas ya hemos debatido en el pasado, y no hemos podido\u2026\u201d, \u201cEsas demandas nos har\u00edan ver como radicales\u201d, etc. son muletillas reiterados para explicar o justificar su apat\u00eda a las propuestas de cambios estructurales que plantean movimientos indocampesinos desde el interior del pa\u00eds.<\/span><\/p>\n<p>Este desgano, en buena medida, es fruto de la secuencia de las derrotas pactadas, tanto militar, pol\u00edtico y cultural, que sufri\u00f3 y sufre la izquierda tradicional en Guatemala.<\/p>\n<p>Las comandancias y altos mandos de las ex guerrillas lograron instalar los contenidos de los Acuerdos de Paz como el m\u00e1ximo objetivo pol\u00edtico deseable en el imaginario colectivo de la subvalternidad disciplinada. Un eficiente discurso ideol\u00f3gico performativo.<\/p>\n<p>M\u00e1s sin embargo, los incumplidos y olvidados Acuerdos de Paz no tienen nada de revolucionario, sino s\u00f3lo promesas de parches en los vac\u00edos del Estado naci\u00f3n que se cae a pedazos.<\/p>\n<p>Reformas fiscales, gobernabilidad, y folcl\u00f3rico multiculturalismo (de los 90), son algunos de los m\u00e1ximos sue\u00f1os plasmados en dichos Acuerdos. Esto explica el por qu\u00e9 los marxistas de las monta\u00f1as se convirtieron en los actuales keinesianos urbanos.<\/p>\n<p style=\"padding-left:30px;\"><span style=\"color:#ff0000;\">La necesidad de la fundaci\u00f3n de un Estado Plurinacional, la urgencia de la restituci\u00f3n\/democratizaci\u00f3n de las tierras, agua y territorios, derechos sociopol\u00edticos de los pueblos, la democracia participativa, la necesidad de la construcci\u00f3n de la comunidad pol\u00edtica imaginada desde y con todos los pueblos, etc., no forman parte de dichos nost\u00e1lgicos Acuerdos.<\/span><\/p>\n<p>Pero, fueron estos Acuerdos que configuraron\/configuran el horizonte y el corpus ideol\u00f3gico de los revolucionarios urbanos, ahora, disc\u00edpulos \u201cinconscientes\u201d de Hayek (los movimientos indocampesinos los denominan izquierda neoliberal).<\/p>\n<p>Los Acuerdos de Paz y las ONG instalaron en el esp\u00edritu revolucionario chap\u00edn la \u201cincidencia pol\u00edtica\u201d como sublime y m\u00e1xima meta pol\u00edtica. Mas no la construcci\u00f3n del poder para el autogobierno en los territorios. Mucho menos, la construcci\u00f3n del Estado Plurinacional y el consenso intercivilizatorio de los pueblos y sectores para la convivencia intercultural real.<\/p>\n<p>En este contexto, comunidades en resistencia organizadas en el Comit\u00e9 de Desarrollo Campesino (CODECA) colocan en el debate nacional cuestiones estructurales como la necesidad de la fundaci\u00f3n de un Estado Plurinacional, el proceso de una Asamblea Constituyente Plurinacional ascendente, la urgente necesidad de la construcci\u00f3n de una naci\u00f3n de nacionalidades aut\u00f3nomas en Guatemala, etc. Y trabajan como hormigas en y desde el interior y periferias del pa\u00eds. Pero, \u201cintelectuales\u201d y \u201cacad\u00e9micos\u201d de izquierda provenientes del CAI est\u00e1n ausentes casi por completo.<\/p>\n<p>As\u00ed, mayas y campesinos, quienes jam\u00e1s alardearon ser revolucionarios, mucho menos fueron reconocidos como sujetos pol\u00edticos por las vanguardias y comandancias revolucionarias en Guatemala, ahora, se constituyen en el n\u00facleo sociopol\u00edtico que abandera las aut\u00e9nticas propuestas revolucionarias en la Guatemala policrom\u00e1tica que se cae a pedazos.<\/p>\n","protected":false},"excerpt":{"rendered":"<p>As\u00ed, mayas y campesinos, quienes jam\u00e1s alardearon ser revolucionarios, mucho menos fueron reconocidos como sujetos pol\u00edticos por las vanguardias y comandancias revolucionarias en Guatemala, ahora, se constituyen en el n\u00facleo sociopol\u00edtico que abandera las aut\u00e9nticas propuestas revolucionarias en la Guatemala policrom\u00e1tica que se cae a pedazos.<\/p>\n","protected":false},"author":95365428,"featured_media":420,"comment_status":"open","ping_status":"open","sticky":false,"template":"","format":"standard","meta":{"_coblocks_attr":"","_coblocks_dimensions":"","_coblocks_responsive_height":"","_coblocks_accordion_ie_support":"","_crdt_document":"","_jetpack_newsletter_access":"","_jetpack_dont_email_post_to_subs":false,"_jetpack_newsletter_tier_id":0,"_jetpack_memberships_contains_paywalled_content":false,"_jetpack_memberships_contains_paid_content":false,"footnotes":"","jetpack_publicize_message":"","jetpack_publicize_feature_enabled":true,"jetpack_social_post_already_shared":false,"jetpack_social_options":{"image_generator_settings":{"template":"highway","default_image_id":0,"font":"","enabled":false},"version":2},"_wpas_customize_per_network":false,"jetpack_post_was_ever_published":false},"categories":[406844226],"tags":[5578823,573610630,288368,696795871,444886],"class_list":["post-418","post","type-post","status-publish","format-standard","has-post-thumbnail","hentry","category-decolonialidad","tag-codeca","tag-fundacion-de-estado","tag-izquierda","tag-neoliberalismo","tag-revolucionario"],"yoast_head":"<!-- This site is optimized with the Yoast SEO plugin v27.4 - https:\/\/yoast.com\/product\/yoast-seo-wordpress\/ -->\n<title>GUATEMALA: CUANDO LOS REVOLUCIONARIOS LE TEMEN A LA REVOLUCI\u00d3N - Ollantay Itzamn\u00e1<\/title>\n<meta name=\"robots\" content=\"index, follow, max-snippet:-1, max-image-preview:large, max-video-preview:-1\" \/>\n<link rel=\"canonical\" href=\"https:\/\/ollantayitzamna.com\/?p=418\" \/>\n<meta property=\"og:locale\" content=\"es_ES\" \/>\n<meta property=\"og:type\" content=\"article\" \/>\n<meta property=\"og:title\" content=\"GUATEMALA: CUANDO LOS REVOLUCIONARIOS LE TEMEN A LA REVOLUCI\u00d3N - Ollantay Itzamn\u00e1\" \/>\n<meta property=\"og:description\" content=\"As\u00ed, mayas y campesinos, quienes jam\u00e1s alardearon ser revolucionarios, mucho menos fueron reconocidos como sujetos pol\u00edticos por las vanguardias y comandancias revolucionarias en Guatemala, ahora, se constituyen en el n\u00facleo sociopol\u00edtico que abandera las aut\u00e9nticas propuestas revolucionarias en la Guatemala policrom\u00e1tica que se cae a pedazos.\" \/>\n<meta property=\"og:url\" content=\"https:\/\/ollantayitzamna.com\/?p=418\" \/>\n<meta property=\"og:site_name\" content=\"Ollantay Itzamn\u00e1\" \/>\n<meta property=\"article:published_time\" content=\"2017-04-24T15:50:37+00:00\" \/>\n<meta property=\"og:image\" content=\"https:\/\/i0.wp.com\/ollantayitzamna.com\/wp-content\/uploads\/2017\/04\/guerrilla.jpg?fit=1300%2C968&ssl=1\" \/>\n\t<meta property=\"og:image:width\" content=\"1300\" \/>\n\t<meta property=\"og:image:height\" content=\"968\" \/>\n\t<meta property=\"og:image:type\" content=\"image\/jpeg\" \/>\n<meta name=\"author\" content=\"ollantayitzamna\" \/>\n<meta name=\"twitter:card\" content=\"summary_large_image\" \/>\n<meta name=\"twitter:label1\" content=\"Escrito por\" \/>\n\t<meta name=\"twitter:data1\" content=\"ollantayitzamna\" \/>\n\t<meta name=\"twitter:label2\" content=\"Tiempo de lectura\" \/>\n\t<meta name=\"twitter:data2\" content=\"4 minutos\" \/>\n<script type=\"application\/ld+json\" class=\"yoast-schema-graph\">{\"@context\":\"https:\\\/\\\/schema.org\",\"@graph\":[{\"@type\":\"Article\",\"@id\":\"https:\\\/\\\/ollantayitzamna.com\\\/?p=418#article\",\"isPartOf\":{\"@id\":\"https:\\\/\\\/ollantayitzamna.com\\\/?p=418\"},\"author\":{\"name\":\"ollantayitzamna\",\"@id\":\"https:\\\/\\\/ollantayitzamna.com\\\/#\\\/schema\\\/person\\\/d7d683451f51a71c7d7c6b4b70437092\"},\"headline\":\"GUATEMALA: CUANDO LOS REVOLUCIONARIOS LE TEMEN A LA REVOLUCI\u00d3N\",\"datePublished\":\"2017-04-24T15:50:37+00:00\",\"mainEntityOfPage\":{\"@id\":\"https:\\\/\\\/ollantayitzamna.com\\\/?p=418\"},\"wordCount\":881,\"commentCount\":6,\"image\":{\"@id\":\"https:\\\/\\\/ollantayitzamna.com\\\/?p=418#primaryimage\"},\"thumbnailUrl\":\"https:\\\/\\\/i0.wp.com\\\/ollantayitzamna.com\\\/wp-content\\\/uploads\\\/2017\\\/04\\\/guerrilla.jpg?fit=1300%2C968&ssl=1\",\"keywords\":[\"CODECA\",\"fundaci\u00f3n de Estado\",\"izquierda\",\"neoliberalismo\",\"revolucionario\"],\"articleSection\":[\"Decolonialidad\"],\"inLanguage\":\"es\",\"potentialAction\":[{\"@type\":\"CommentAction\",\"name\":\"Comment\",\"target\":[\"https:\\\/\\\/ollantayitzamna.com\\\/?p=418#respond\"]}]},{\"@type\":\"WebPage\",\"@id\":\"https:\\\/\\\/ollantayitzamna.com\\\/?p=418\",\"url\":\"https:\\\/\\\/ollantayitzamna.com\\\/?p=418\",\"name\":\"GUATEMALA: CUANDO LOS REVOLUCIONARIOS LE TEMEN A LA REVOLUCI\u00d3N - Ollantay Itzamn\u00e1\",\"isPartOf\":{\"@id\":\"https:\\\/\\\/ollantayitzamna.com\\\/#website\"},\"primaryImageOfPage\":{\"@id\":\"https:\\\/\\\/ollantayitzamna.com\\\/?p=418#primaryimage\"},\"image\":{\"@id\":\"https:\\\/\\\/ollantayitzamna.com\\\/?p=418#primaryimage\"},\"thumbnailUrl\":\"https:\\\/\\\/i0.wp.com\\\/ollantayitzamna.com\\\/wp-content\\\/uploads\\\/2017\\\/04\\\/guerrilla.jpg?fit=1300%2C968&ssl=1\",\"datePublished\":\"2017-04-24T15:50:37+00:00\",\"author\":{\"@id\":\"https:\\\/\\\/ollantayitzamna.com\\\/#\\\/schema\\\/person\\\/d7d683451f51a71c7d7c6b4b70437092\"},\"breadcrumb\":{\"@id\":\"https:\\\/\\\/ollantayitzamna.com\\\/?p=418#breadcrumb\"},\"inLanguage\":\"es\",\"potentialAction\":[{\"@type\":\"ReadAction\",\"target\":[\"https:\\\/\\\/ollantayitzamna.com\\\/?p=418\"]}]},{\"@type\":\"ImageObject\",\"inLanguage\":\"es\",\"@id\":\"https:\\\/\\\/ollantayitzamna.com\\\/?p=418#primaryimage\",\"url\":\"https:\\\/\\\/i0.wp.com\\\/ollantayitzamna.com\\\/wp-content\\\/uploads\\\/2017\\\/04\\\/guerrilla.jpg?fit=1300%2C968&ssl=1\",\"contentUrl\":\"https:\\\/\\\/i0.wp.com\\\/ollantayitzamna.com\\\/wp-content\\\/uploads\\\/2017\\\/04\\\/guerrilla.jpg?fit=1300%2C968&ssl=1\",\"width\":1300,\"height\":968,\"caption\":\"de.alamy.com\"},{\"@type\":\"BreadcrumbList\",\"@id\":\"https:\\\/\\\/ollantayitzamna.com\\\/?p=418#breadcrumb\",\"itemListElement\":[{\"@type\":\"ListItem\",\"position\":1,\"name\":\"Portada\",\"item\":\"https:\\\/\\\/ollantayitzamna.com\\\/\"},{\"@type\":\"ListItem\",\"position\":2,\"name\":\"GUATEMALA: CUANDO LOS REVOLUCIONARIOS LE TEMEN A LA REVOLUCI\u00d3N\"}]},{\"@type\":\"WebSite\",\"@id\":\"https:\\\/\\\/ollantayitzamna.com\\\/#website\",\"url\":\"https:\\\/\\\/ollantayitzamna.com\\\/\",\"name\":\"Ollantay Itzamn\u00e1\",\"description\":\"Susurros del silencio\",\"potentialAction\":[{\"@type\":\"SearchAction\",\"target\":{\"@type\":\"EntryPoint\",\"urlTemplate\":\"https:\\\/\\\/ollantayitzamna.com\\\/?s={search_term_string}\"},\"query-input\":{\"@type\":\"PropertyValueSpecification\",\"valueRequired\":true,\"valueName\":\"search_term_string\"}}],\"inLanguage\":\"es\"},{\"@type\":\"Person\",\"@id\":\"https:\\\/\\\/ollantayitzamna.com\\\/#\\\/schema\\\/person\\\/d7d683451f51a71c7d7c6b4b70437092\",\"name\":\"ollantayitzamna\",\"image\":{\"@type\":\"ImageObject\",\"inLanguage\":\"es\",\"@id\":\"https:\\\/\\\/secure.gravatar.com\\\/avatar\\\/576387c53cc1a5ef704abf20408627fa3cb969d3f33355a576a2b20d65397362?s=96&d=identicon&r=g\",\"url\":\"https:\\\/\\\/secure.gravatar.com\\\/avatar\\\/576387c53cc1a5ef704abf20408627fa3cb969d3f33355a576a2b20d65397362?s=96&d=identicon&r=g\",\"contentUrl\":\"https:\\\/\\\/secure.gravatar.com\\\/avatar\\\/576387c53cc1a5ef704abf20408627fa3cb969d3f33355a576a2b20d65397362?s=96&d=identicon&r=g\",\"caption\":\"ollantayitzamna\"},\"description\":\"Soy Tierra que siente, que llora, que ama, que conspira, que sue\u00f1a. Soy wawa (criatura) de la Pachamama.\",\"sameAs\":[\"http:\\\/\\\/ollantayitzamna.com\"],\"url\":\"https:\\\/\\\/ollantayitzamna.com\\\/?author=95365428\"}]}<\/script>\n<!-- \/ Yoast SEO plugin. -->","yoast_head_json":{"title":"GUATEMALA: CUANDO LOS REVOLUCIONARIOS LE TEMEN A LA REVOLUCI\u00d3N - Ollantay Itzamn\u00e1","robots":{"index":"index","follow":"follow","max-snippet":"max-snippet:-1","max-image-preview":"max-image-preview:large","max-video-preview":"max-video-preview:-1"},"canonical":"https:\/\/ollantayitzamna.com\/?p=418","og_locale":"es_ES","og_type":"article","og_title":"GUATEMALA: CUANDO LOS REVOLUCIONARIOS LE TEMEN A LA REVOLUCI\u00d3N - Ollantay Itzamn\u00e1","og_description":"As\u00ed, mayas y campesinos, quienes jam\u00e1s alardearon ser revolucionarios, mucho menos fueron reconocidos como sujetos pol\u00edticos por las vanguardias y comandancias revolucionarias en Guatemala, ahora, se constituyen en el n\u00facleo sociopol\u00edtico que abandera las aut\u00e9nticas propuestas revolucionarias en la Guatemala policrom\u00e1tica que se cae a pedazos.","og_url":"https:\/\/ollantayitzamna.com\/?p=418","og_site_name":"Ollantay Itzamn\u00e1","article_published_time":"2017-04-24T15:50:37+00:00","og_image":[{"width":1300,"height":968,"url":"https:\/\/i0.wp.com\/ollantayitzamna.com\/wp-content\/uploads\/2017\/04\/guerrilla.jpg?fit=1300%2C968&ssl=1","type":"image\/jpeg"}],"author":"ollantayitzamna","twitter_card":"summary_large_image","twitter_misc":{"Escrito por":"ollantayitzamna","Tiempo de lectura":"4 minutos"},"schema":{"@context":"https:\/\/schema.org","@graph":[{"@type":"Article","@id":"https:\/\/ollantayitzamna.com\/?p=418#article","isPartOf":{"@id":"https:\/\/ollantayitzamna.com\/?p=418"},"author":{"name":"ollantayitzamna","@id":"https:\/\/ollantayitzamna.com\/#\/schema\/person\/d7d683451f51a71c7d7c6b4b70437092"},"headline":"GUATEMALA: CUANDO LOS REVOLUCIONARIOS LE TEMEN A LA REVOLUCI\u00d3N","datePublished":"2017-04-24T15:50:37+00:00","mainEntityOfPage":{"@id":"https:\/\/ollantayitzamna.com\/?p=418"},"wordCount":881,"commentCount":6,"image":{"@id":"https:\/\/ollantayitzamna.com\/?p=418#primaryimage"},"thumbnailUrl":"https:\/\/i0.wp.com\/ollantayitzamna.com\/wp-content\/uploads\/2017\/04\/guerrilla.jpg?fit=1300%2C968&ssl=1","keywords":["CODECA","fundaci\u00f3n de Estado","izquierda","neoliberalismo","revolucionario"],"articleSection":["Decolonialidad"],"inLanguage":"es","potentialAction":[{"@type":"CommentAction","name":"Comment","target":["https:\/\/ollantayitzamna.com\/?p=418#respond"]}]},{"@type":"WebPage","@id":"https:\/\/ollantayitzamna.com\/?p=418","url":"https:\/\/ollantayitzamna.com\/?p=418","name":"GUATEMALA: CUANDO LOS REVOLUCIONARIOS LE TEMEN A LA REVOLUCI\u00d3N - Ollantay Itzamn\u00e1","isPartOf":{"@id":"https:\/\/ollantayitzamna.com\/#website"},"primaryImageOfPage":{"@id":"https:\/\/ollantayitzamna.com\/?p=418#primaryimage"},"image":{"@id":"https:\/\/ollantayitzamna.com\/?p=418#primaryimage"},"thumbnailUrl":"https:\/\/i0.wp.com\/ollantayitzamna.com\/wp-content\/uploads\/2017\/04\/guerrilla.jpg?fit=1300%2C968&ssl=1","datePublished":"2017-04-24T15:50:37+00:00","author":{"@id":"https:\/\/ollantayitzamna.com\/#\/schema\/person\/d7d683451f51a71c7d7c6b4b70437092"},"breadcrumb":{"@id":"https:\/\/ollantayitzamna.com\/?p=418#breadcrumb"},"inLanguage":"es","potentialAction":[{"@type":"ReadAction","target":["https:\/\/ollantayitzamna.com\/?p=418"]}]},{"@type":"ImageObject","inLanguage":"es","@id":"https:\/\/ollantayitzamna.com\/?p=418#primaryimage","url":"https:\/\/i0.wp.com\/ollantayitzamna.com\/wp-content\/uploads\/2017\/04\/guerrilla.jpg?fit=1300%2C968&ssl=1","contentUrl":"https:\/\/i0.wp.com\/ollantayitzamna.com\/wp-content\/uploads\/2017\/04\/guerrilla.jpg?fit=1300%2C968&ssl=1","width":1300,"height":968,"caption":"de.alamy.com"},{"@type":"BreadcrumbList","@id":"https:\/\/ollantayitzamna.com\/?p=418#breadcrumb","itemListElement":[{"@type":"ListItem","position":1,"name":"Portada","item":"https:\/\/ollantayitzamna.com\/"},{"@type":"ListItem","position":2,"name":"GUATEMALA: CUANDO LOS REVOLUCIONARIOS LE TEMEN A LA REVOLUCI\u00d3N"}]},{"@type":"WebSite","@id":"https:\/\/ollantayitzamna.com\/#website","url":"https:\/\/ollantayitzamna.com\/","name":"Ollantay Itzamn\u00e1","description":"Susurros del silencio","potentialAction":[{"@type":"SearchAction","target":{"@type":"EntryPoint","urlTemplate":"https:\/\/ollantayitzamna.com\/?s={search_term_string}"},"query-input":{"@type":"PropertyValueSpecification","valueRequired":true,"valueName":"search_term_string"}}],"inLanguage":"es"},{"@type":"Person","@id":"https:\/\/ollantayitzamna.com\/#\/schema\/person\/d7d683451f51a71c7d7c6b4b70437092","name":"ollantayitzamna","image":{"@type":"ImageObject","inLanguage":"es","@id":"https:\/\/secure.gravatar.com\/avatar\/576387c53cc1a5ef704abf20408627fa3cb969d3f33355a576a2b20d65397362?s=96&d=identicon&r=g","url":"https:\/\/secure.gravatar.com\/avatar\/576387c53cc1a5ef704abf20408627fa3cb969d3f33355a576a2b20d65397362?s=96&d=identicon&r=g","contentUrl":"https:\/\/secure.gravatar.com\/avatar\/576387c53cc1a5ef704abf20408627fa3cb969d3f33355a576a2b20d65397362?s=96&d=identicon&r=g","caption":"ollantayitzamna"},"description":"Soy Tierra que siente, que llora, que ama, que conspira, que sue\u00f1a. Soy wawa (criatura) de la Pachamama.","sameAs":["http:\/\/ollantayitzamna.com"],"url":"https:\/\/ollantayitzamna.com\/?author=95365428"}]}},"jetpack_publicize_connections":[],"jetpack_featured_media_url":"https:\/\/i0.wp.com\/ollantayitzamna.com\/wp-content\/uploads\/2017\/04\/guerrilla.jpg?fit=1300%2C968&ssl=1","jetpack_likes_enabled":true,"jetpack_sharing_enabled":true,"_links":{"self":[{"href":"https:\/\/ollantayitzamna.com\/index.php?rest_route=\/wp\/v2\/posts\/418","targetHints":{"allow":["GET"]}}],"collection":[{"href":"https:\/\/ollantayitzamna.com\/index.php?rest_route=\/wp\/v2\/posts"}],"about":[{"href":"https:\/\/ollantayitzamna.com\/index.php?rest_route=\/wp\/v2\/types\/post"}],"author":[{"embeddable":true,"href":"https:\/\/ollantayitzamna.com\/index.php?rest_route=\/wp\/v2\/users\/95365428"}],"replies":[{"embeddable":true,"href":"https:\/\/ollantayitzamna.com\/index.php?rest_route=%2Fwp%2Fv2%2Fcomments&post=418"}],"version-history":[{"count":1,"href":"https:\/\/ollantayitzamna.com\/index.php?rest_route=\/wp\/v2\/posts\/418\/revisions"}],"predecessor-version":[{"id":421,"href":"https:\/\/ollantayitzamna.com\/index.php?rest_route=\/wp\/v2\/posts\/418\/revisions\/421"}],"wp:featuredmedia":[{"embeddable":true,"href":"https:\/\/ollantayitzamna.com\/index.php?rest_route=\/wp\/v2\/media\/420"}],"wp:attachment":[{"href":"https:\/\/ollantayitzamna.com\/index.php?rest_route=%2Fwp%2Fv2%2Fmedia&parent=418"}],"wp:term":[{"taxonomy":"category","embeddable":true,"href":"https:\/\/ollantayitzamna.com\/index.php?rest_route=%2Fwp%2Fv2%2Fcategories&post=418"},{"taxonomy":"post_tag","embeddable":true,"href":"https:\/\/ollantayitzamna.com\/index.php?rest_route=%2Fwp%2Fv2%2Ftags&post=418"}],"curies":[{"name":"wp","href":"https:\/\/api.w.org\/{rel}","templated":true}]}}