{"id":4279,"date":"2023-10-23T13:52:31","date_gmt":"2023-10-23T19:52:31","guid":{"rendered":"https:\/\/ollantayitzamna.com\/?p=4279"},"modified":"2025-07-04T07:37:34","modified_gmt":"2025-07-04T13:37:34","slug":"a-los-originarios-de-abya-yala-nos-duele-el-genocidio-en-palestina","status":"publish","type":"post","link":"https:\/\/ollantayitzamna.com\/?p=4279","title":{"rendered":"A los originarios de Abya Yala, nos duele el genocidio en Palestina"},"content":{"rendered":"<figure id=\"attachment_4285\" aria-describedby=\"caption-attachment-4285\" style=\"width: 1921px\" class=\"wp-caption aligncenter\"><img data-recalc-dims=\"1\" fetchpriority=\"high\" decoding=\"async\" data-attachment-id=\"4285\" data-permalink=\"https:\/\/ollantayitzamna.com\/?attachment_id=4285\" data-orig-file=\"https:\/\/i0.wp.com\/ollantayitzamna.com\/wp-content\/uploads\/2023\/10\/palestina-israel-memoria-conflicto-Massimo-diRicco.jpeg?fit=1921%2C1281&amp;ssl=1\" data-orig-size=\"1921,1281\" data-comments-opened=\"1\" data-image-meta=\"{&quot;aperture&quot;:&quot;0&quot;,&quot;credit&quot;:&quot;&quot;,&quot;camera&quot;:&quot;&quot;,&quot;caption&quot;:&quot;&quot;,&quot;created_timestamp&quot;:&quot;0&quot;,&quot;copyright&quot;:&quot;&quot;,&quot;focal_length&quot;:&quot;0&quot;,&quot;iso&quot;:&quot;0&quot;,&quot;shutter_speed&quot;:&quot;0&quot;,&quot;title&quot;:&quot;&quot;,&quot;orientation&quot;:&quot;0&quot;}\" data-image-title=\"palestina-israel-memoria-conflicto-Massimo-diRicco\" data-image-description=\"\" data-image-caption=\"&lt;p&gt;Padre palestino con sus hijo sobreviviente&lt;\/p&gt;\n\" data-large-file=\"https:\/\/i0.wp.com\/ollantayitzamna.com\/wp-content\/uploads\/2023\/10\/palestina-israel-memoria-conflicto-Massimo-diRicco.jpeg?fit=800%2C534&amp;ssl=1\" class=\"size-full wp-image-4285\" src=\"https:\/\/i0.wp.com\/ollantayitzamna.com\/wp-content\/uploads\/2023\/10\/palestina-israel-memoria-conflicto-Massimo-diRicco.jpeg?resize=800%2C533&#038;ssl=1\" alt=\"\" width=\"800\" height=\"533\" srcset=\"https:\/\/i0.wp.com\/ollantayitzamna.com\/wp-content\/uploads\/2023\/10\/palestina-israel-memoria-conflicto-Massimo-diRicco.jpeg?w=1921&amp;ssl=1 1921w, https:\/\/i0.wp.com\/ollantayitzamna.com\/wp-content\/uploads\/2023\/10\/palestina-israel-memoria-conflicto-Massimo-diRicco.jpeg?resize=300%2C200&amp;ssl=1 300w, https:\/\/i0.wp.com\/ollantayitzamna.com\/wp-content\/uploads\/2023\/10\/palestina-israel-memoria-conflicto-Massimo-diRicco.jpeg?resize=1024%2C683&amp;ssl=1 1024w, https:\/\/i0.wp.com\/ollantayitzamna.com\/wp-content\/uploads\/2023\/10\/palestina-israel-memoria-conflicto-Massimo-diRicco.jpeg?resize=150%2C100&amp;ssl=1 150w, https:\/\/i0.wp.com\/ollantayitzamna.com\/wp-content\/uploads\/2023\/10\/palestina-israel-memoria-conflicto-Massimo-diRicco.jpeg?resize=768%2C512&amp;ssl=1 768w, https:\/\/i0.wp.com\/ollantayitzamna.com\/wp-content\/uploads\/2023\/10\/palestina-israel-memoria-conflicto-Massimo-diRicco.jpeg?resize=1536%2C1024&amp;ssl=1 1536w, https:\/\/i0.wp.com\/ollantayitzamna.com\/wp-content\/uploads\/2023\/10\/palestina-israel-memoria-conflicto-Massimo-diRicco.jpeg?resize=1200%2C800&amp;ssl=1 1200w, https:\/\/i0.wp.com\/ollantayitzamna.com\/wp-content\/uploads\/2023\/10\/palestina-israel-memoria-conflicto-Massimo-diRicco.jpeg?resize=900%2C600&amp;ssl=1 900w, https:\/\/i0.wp.com\/ollantayitzamna.com\/wp-content\/uploads\/2023\/10\/palestina-israel-memoria-conflicto-Massimo-diRicco.jpeg?resize=1280%2C854&amp;ssl=1 1280w, https:\/\/i0.wp.com\/ollantayitzamna.com\/wp-content\/uploads\/2023\/10\/palestina-israel-memoria-conflicto-Massimo-diRicco.jpeg?w=1600&amp;ssl=1 1600w\" sizes=\"(max-width: 800px) 100vw, 800px\" \/><figcaption id=\"caption-attachment-4285\" class=\"wp-caption-text\">Padre palestino con sus hijo sobreviviente<\/figcaption><\/figure>\n<blockquote>\n<h4>\u00abSe hace silencio cuando los ni\u00f1os duermen, no cuando los matan\u00bb, circula un imperativo categ\u00f3rico existencial en las redes sociales ante la premeditada y planificada masacre de ni\u00f1os, ancianos, j\u00f3venes, del pueblo palestino.<\/h4>\n<\/blockquote>\n<p><!--more--><\/p>\n<p>Voces de multitudes resuenan casi en todo el mundo, pero no pueden parar el estruendo de las bombas, con insignias norteamericanas, que llueven sobre el ya sufrido pueblo palestino que las Naciones Unidas no quiso nunca reconocerlo como Estado. Eso s\u00ed, le quit\u00f3 parte de su territorio para colocar en ello a los \u00abhu\u00e9spedes israel\u00eds\u00bb. Pero, \u00e9stos pronto se convirtieron en ocupantes violentos, y ahora se convirtieron en los verdugos \u00abescogidos por Dios\u00bb.<\/p>\n<p>Los genocidios y los holocaustos siempre ser\u00e1n detestables y deshumanizantes en cualquier parte, y en cualquier tiempo. Israel no puede, ni debe intentar \u00absanar el sufrimiento\u00bb que quiz\u00e1s a\u00fan le habita aplic\u00e1ndole la Ley del Tali\u00f3n: Ojo por ojo, diente por diente. No fue Palestina el verdugo del holocausto jud\u00edo. Ni habr\u00e1 Dios alguno que perdone semejante brutalidad.<\/p>\n<p>Los pueblos de Abya Yala sabemos en carne propia lo que es un holocausto. Lo sufrimos por siglos, bajo la Cruz y la Espada. Pero sobrevivimos y resistimos. Y, ahora, libres de rencores, ante el macabro genocidio que Israel y Estado Unidos ejecutan contra Palestina, con la complicidad permisiva de las Naciones Unidas, exigimos que pare la apocal\u00edptica lapidaci\u00f3n de los palestinos. Y para exigir esto no necesitamos ser pro palestinos o anti israel\u00eds. Nuestra dignidad humana nos exige no hacer silencio ante la masacre de ni\u00f1@s inocentes.<\/p>\n","protected":false},"excerpt":{"rendered":"<p>\u00abSe hace silencio cuando los ni\u00f1os duermen, no cuando los matan\u00bb, circula un imperativo categ\u00f3rico existencial en las redes sociales ante la premeditada y planificada masacre de ni\u00f1os, ancianos, j\u00f3venes, del pueblo palestino.<\/p>\n","protected":false},"author":95365428,"featured_media":4285,"comment_status":"open","ping_status":"open","sticky":false,"template":"","format":"standard","meta":{"_coblocks_attr":"","_coblocks_dimensions":"","_coblocks_responsive_height":"","_coblocks_accordion_ie_support":"","_crdt_document":"","_jetpack_newsletter_access":"","_jetpack_dont_email_post_to_subs":false,"_jetpack_newsletter_tier_id":0,"_jetpack_memberships_contains_paywalled_content":false,"_jetpack_memberships_contains_paid_content":false,"footnotes":"","jetpack_publicize_message":"","jetpack_publicize_feature_enabled":true,"jetpack_social_post_already_shared":true,"jetpack_social_options":{"image_generator_settings":{"template":"highway","default_image_id":0,"font":"","enabled":false},"version":2},"_wpas_customize_per_network":false,"jetpack_post_was_ever_published":false},"categories":[696795897],"tags":[696796242,696796243,696796203,696796241],"class_list":["post-4279","post","type-post","status-publish","format-standard","has-post-thumbnail","hentry","category-buen-vivir","tag-genocidio","tag-israel","tag-masacre","tag-palestina"],"yoast_head":"<!-- This site is optimized with the Yoast SEO plugin v27.4 - https:\/\/yoast.com\/product\/yoast-seo-wordpress\/ -->\n<title>A los originarios de Abya Yala, nos duele el genocidio en Palestina - Ollantay Itzamn\u00e1<\/title>\n<meta name=\"robots\" content=\"index, follow, max-snippet:-1, max-image-preview:large, max-video-preview:-1\" \/>\n<link rel=\"canonical\" href=\"https:\/\/ollantayitzamna.com\/?p=4279\" \/>\n<meta property=\"og:locale\" content=\"es_ES\" \/>\n<meta property=\"og:type\" content=\"article\" \/>\n<meta property=\"og:title\" content=\"A los originarios de Abya Yala, nos duele el genocidio en Palestina - Ollantay Itzamn\u00e1\" \/>\n<meta property=\"og:description\" content=\"\u00abSe hace silencio cuando los ni\u00f1os duermen, no cuando los matan\u00bb, circula un imperativo categ\u00f3rico existencial en las redes sociales ante la premeditada y planificada masacre de ni\u00f1os, ancianos, j\u00f3venes, del pueblo palestino.\" \/>\n<meta property=\"og:url\" content=\"https:\/\/ollantayitzamna.com\/?p=4279\" \/>\n<meta property=\"og:site_name\" content=\"Ollantay Itzamn\u00e1\" \/>\n<meta property=\"article:published_time\" content=\"2023-10-23T19:52:31+00:00\" \/>\n<meta property=\"article:modified_time\" content=\"2025-07-04T13:37:34+00:00\" \/>\n<meta property=\"og:image\" content=\"https:\/\/i0.wp.com\/ollantayitzamna.com\/wp-content\/uploads\/2023\/10\/palestina-israel-memoria-conflicto-Massimo-diRicco.jpeg?fit=1921%2C1281&ssl=1\" \/>\n\t<meta property=\"og:image:width\" content=\"1921\" \/>\n\t<meta property=\"og:image:height\" content=\"1281\" \/>\n\t<meta property=\"og:image:type\" content=\"image\/jpeg\" \/>\n<meta name=\"author\" content=\"ollantayitzamna\" \/>\n<meta name=\"twitter:card\" content=\"summary_large_image\" \/>\n<meta name=\"twitter:label1\" content=\"Escrito por\" \/>\n\t<meta name=\"twitter:data1\" content=\"ollantayitzamna\" \/>\n\t<meta name=\"twitter:label2\" content=\"Tiempo de lectura\" \/>\n\t<meta name=\"twitter:data2\" content=\"1 minuto\" \/>\n<script type=\"application\/ld+json\" class=\"yoast-schema-graph\">{\"@context\":\"https:\\\/\\\/schema.org\",\"@graph\":[{\"@type\":\"Article\",\"@id\":\"https:\\\/\\\/ollantayitzamna.com\\\/?p=4279#article\",\"isPartOf\":{\"@id\":\"https:\\\/\\\/ollantayitzamna.com\\\/?p=4279\"},\"author\":{\"name\":\"ollantayitzamna\",\"@id\":\"https:\\\/\\\/ollantayitzamna.com\\\/#\\\/schema\\\/person\\\/d7d683451f51a71c7d7c6b4b70437092\"},\"headline\":\"A los originarios de Abya Yala, nos duele el genocidio en Palestina\",\"datePublished\":\"2023-10-23T19:52:31+00:00\",\"dateModified\":\"2025-07-04T13:37:34+00:00\",\"mainEntityOfPage\":{\"@id\":\"https:\\\/\\\/ollantayitzamna.com\\\/?p=4279\"},\"wordCount\":293,\"commentCount\":0,\"image\":{\"@id\":\"https:\\\/\\\/ollantayitzamna.com\\\/?p=4279#primaryimage\"},\"thumbnailUrl\":\"https:\\\/\\\/i0.wp.com\\\/ollantayitzamna.com\\\/wp-content\\\/uploads\\\/2023\\\/10\\\/palestina-israel-memoria-conflicto-Massimo-diRicco.jpeg?fit=1921%2C1281&ssl=1\",\"keywords\":[\"genocidio\",\"Israel\",\"masacre\",\"Palestina\"],\"articleSection\":[\"Buen Vivir\"],\"inLanguage\":\"es\",\"potentialAction\":[{\"@type\":\"CommentAction\",\"name\":\"Comment\",\"target\":[\"https:\\\/\\\/ollantayitzamna.com\\\/?p=4279#respond\"]}]},{\"@type\":\"WebPage\",\"@id\":\"https:\\\/\\\/ollantayitzamna.com\\\/?p=4279\",\"url\":\"https:\\\/\\\/ollantayitzamna.com\\\/?p=4279\",\"name\":\"A los originarios de Abya Yala, nos duele el genocidio en Palestina - Ollantay Itzamn\u00e1\",\"isPartOf\":{\"@id\":\"https:\\\/\\\/ollantayitzamna.com\\\/#website\"},\"primaryImageOfPage\":{\"@id\":\"https:\\\/\\\/ollantayitzamna.com\\\/?p=4279#primaryimage\"},\"image\":{\"@id\":\"https:\\\/\\\/ollantayitzamna.com\\\/?p=4279#primaryimage\"},\"thumbnailUrl\":\"https:\\\/\\\/i0.wp.com\\\/ollantayitzamna.com\\\/wp-content\\\/uploads\\\/2023\\\/10\\\/palestina-israel-memoria-conflicto-Massimo-diRicco.jpeg?fit=1921%2C1281&ssl=1\",\"datePublished\":\"2023-10-23T19:52:31+00:00\",\"dateModified\":\"2025-07-04T13:37:34+00:00\",\"author\":{\"@id\":\"https:\\\/\\\/ollantayitzamna.com\\\/#\\\/schema\\\/person\\\/d7d683451f51a71c7d7c6b4b70437092\"},\"breadcrumb\":{\"@id\":\"https:\\\/\\\/ollantayitzamna.com\\\/?p=4279#breadcrumb\"},\"inLanguage\":\"es\",\"potentialAction\":[{\"@type\":\"ReadAction\",\"target\":[\"https:\\\/\\\/ollantayitzamna.com\\\/?p=4279\"]}]},{\"@type\":\"ImageObject\",\"inLanguage\":\"es\",\"@id\":\"https:\\\/\\\/ollantayitzamna.com\\\/?p=4279#primaryimage\",\"url\":\"https:\\\/\\\/i0.wp.com\\\/ollantayitzamna.com\\\/wp-content\\\/uploads\\\/2023\\\/10\\\/palestina-israel-memoria-conflicto-Massimo-diRicco.jpeg?fit=1921%2C1281&ssl=1\",\"contentUrl\":\"https:\\\/\\\/i0.wp.com\\\/ollantayitzamna.com\\\/wp-content\\\/uploads\\\/2023\\\/10\\\/palestina-israel-memoria-conflicto-Massimo-diRicco.jpeg?fit=1921%2C1281&ssl=1\",\"width\":1921,\"height\":1281,\"caption\":\"Padre palestino con sus hijo sobreviviente\"},{\"@type\":\"BreadcrumbList\",\"@id\":\"https:\\\/\\\/ollantayitzamna.com\\\/?p=4279#breadcrumb\",\"itemListElement\":[{\"@type\":\"ListItem\",\"position\":1,\"name\":\"Portada\",\"item\":\"https:\\\/\\\/ollantayitzamna.com\\\/\"},{\"@type\":\"ListItem\",\"position\":2,\"name\":\"A los originarios de Abya Yala, nos duele el genocidio en Palestina\"}]},{\"@type\":\"WebSite\",\"@id\":\"https:\\\/\\\/ollantayitzamna.com\\\/#website\",\"url\":\"https:\\\/\\\/ollantayitzamna.com\\\/\",\"name\":\"Ollantay Itzamn\u00e1\",\"description\":\"Susurros del silencio\",\"potentialAction\":[{\"@type\":\"SearchAction\",\"target\":{\"@type\":\"EntryPoint\",\"urlTemplate\":\"https:\\\/\\\/ollantayitzamna.com\\\/?s={search_term_string}\"},\"query-input\":{\"@type\":\"PropertyValueSpecification\",\"valueRequired\":true,\"valueName\":\"search_term_string\"}}],\"inLanguage\":\"es\"},{\"@type\":\"Person\",\"@id\":\"https:\\\/\\\/ollantayitzamna.com\\\/#\\\/schema\\\/person\\\/d7d683451f51a71c7d7c6b4b70437092\",\"name\":\"ollantayitzamna\",\"image\":{\"@type\":\"ImageObject\",\"inLanguage\":\"es\",\"@id\":\"https:\\\/\\\/secure.gravatar.com\\\/avatar\\\/576387c53cc1a5ef704abf20408627fa3cb969d3f33355a576a2b20d65397362?s=96&d=identicon&r=g\",\"url\":\"https:\\\/\\\/secure.gravatar.com\\\/avatar\\\/576387c53cc1a5ef704abf20408627fa3cb969d3f33355a576a2b20d65397362?s=96&d=identicon&r=g\",\"contentUrl\":\"https:\\\/\\\/secure.gravatar.com\\\/avatar\\\/576387c53cc1a5ef704abf20408627fa3cb969d3f33355a576a2b20d65397362?s=96&d=identicon&r=g\",\"caption\":\"ollantayitzamna\"},\"description\":\"Soy Tierra que siente, que llora, que ama, que conspira, que sue\u00f1a. Soy wawa (criatura) de la Pachamama.\",\"sameAs\":[\"http:\\\/\\\/ollantayitzamna.com\"],\"url\":\"https:\\\/\\\/ollantayitzamna.com\\\/?author=95365428\"}]}<\/script>\n<!-- \/ Yoast SEO plugin. -->","yoast_head_json":{"title":"A los originarios de Abya Yala, nos duele el genocidio en Palestina - Ollantay Itzamn\u00e1","robots":{"index":"index","follow":"follow","max-snippet":"max-snippet:-1","max-image-preview":"max-image-preview:large","max-video-preview":"max-video-preview:-1"},"canonical":"https:\/\/ollantayitzamna.com\/?p=4279","og_locale":"es_ES","og_type":"article","og_title":"A los originarios de Abya Yala, nos duele el genocidio en Palestina - Ollantay Itzamn\u00e1","og_description":"\u00abSe hace silencio cuando los ni\u00f1os duermen, no cuando los matan\u00bb, circula un imperativo categ\u00f3rico existencial en las redes sociales ante la premeditada y planificada masacre de ni\u00f1os, ancianos, j\u00f3venes, del pueblo palestino.","og_url":"https:\/\/ollantayitzamna.com\/?p=4279","og_site_name":"Ollantay Itzamn\u00e1","article_published_time":"2023-10-23T19:52:31+00:00","article_modified_time":"2025-07-04T13:37:34+00:00","og_image":[{"width":1921,"height":1281,"url":"https:\/\/i0.wp.com\/ollantayitzamna.com\/wp-content\/uploads\/2023\/10\/palestina-israel-memoria-conflicto-Massimo-diRicco.jpeg?fit=1921%2C1281&ssl=1","type":"image\/jpeg"}],"author":"ollantayitzamna","twitter_card":"summary_large_image","twitter_misc":{"Escrito por":"ollantayitzamna","Tiempo de lectura":"1 minuto"},"schema":{"@context":"https:\/\/schema.org","@graph":[{"@type":"Article","@id":"https:\/\/ollantayitzamna.com\/?p=4279#article","isPartOf":{"@id":"https:\/\/ollantayitzamna.com\/?p=4279"},"author":{"name":"ollantayitzamna","@id":"https:\/\/ollantayitzamna.com\/#\/schema\/person\/d7d683451f51a71c7d7c6b4b70437092"},"headline":"A los originarios de Abya Yala, nos duele el genocidio en Palestina","datePublished":"2023-10-23T19:52:31+00:00","dateModified":"2025-07-04T13:37:34+00:00","mainEntityOfPage":{"@id":"https:\/\/ollantayitzamna.com\/?p=4279"},"wordCount":293,"commentCount":0,"image":{"@id":"https:\/\/ollantayitzamna.com\/?p=4279#primaryimage"},"thumbnailUrl":"https:\/\/i0.wp.com\/ollantayitzamna.com\/wp-content\/uploads\/2023\/10\/palestina-israel-memoria-conflicto-Massimo-diRicco.jpeg?fit=1921%2C1281&ssl=1","keywords":["genocidio","Israel","masacre","Palestina"],"articleSection":["Buen Vivir"],"inLanguage":"es","potentialAction":[{"@type":"CommentAction","name":"Comment","target":["https:\/\/ollantayitzamna.com\/?p=4279#respond"]}]},{"@type":"WebPage","@id":"https:\/\/ollantayitzamna.com\/?p=4279","url":"https:\/\/ollantayitzamna.com\/?p=4279","name":"A los originarios de Abya Yala, nos duele el genocidio en Palestina - Ollantay Itzamn\u00e1","isPartOf":{"@id":"https:\/\/ollantayitzamna.com\/#website"},"primaryImageOfPage":{"@id":"https:\/\/ollantayitzamna.com\/?p=4279#primaryimage"},"image":{"@id":"https:\/\/ollantayitzamna.com\/?p=4279#primaryimage"},"thumbnailUrl":"https:\/\/i0.wp.com\/ollantayitzamna.com\/wp-content\/uploads\/2023\/10\/palestina-israel-memoria-conflicto-Massimo-diRicco.jpeg?fit=1921%2C1281&ssl=1","datePublished":"2023-10-23T19:52:31+00:00","dateModified":"2025-07-04T13:37:34+00:00","author":{"@id":"https:\/\/ollantayitzamna.com\/#\/schema\/person\/d7d683451f51a71c7d7c6b4b70437092"},"breadcrumb":{"@id":"https:\/\/ollantayitzamna.com\/?p=4279#breadcrumb"},"inLanguage":"es","potentialAction":[{"@type":"ReadAction","target":["https:\/\/ollantayitzamna.com\/?p=4279"]}]},{"@type":"ImageObject","inLanguage":"es","@id":"https:\/\/ollantayitzamna.com\/?p=4279#primaryimage","url":"https:\/\/i0.wp.com\/ollantayitzamna.com\/wp-content\/uploads\/2023\/10\/palestina-israel-memoria-conflicto-Massimo-diRicco.jpeg?fit=1921%2C1281&ssl=1","contentUrl":"https:\/\/i0.wp.com\/ollantayitzamna.com\/wp-content\/uploads\/2023\/10\/palestina-israel-memoria-conflicto-Massimo-diRicco.jpeg?fit=1921%2C1281&ssl=1","width":1921,"height":1281,"caption":"Padre palestino con sus hijo sobreviviente"},{"@type":"BreadcrumbList","@id":"https:\/\/ollantayitzamna.com\/?p=4279#breadcrumb","itemListElement":[{"@type":"ListItem","position":1,"name":"Portada","item":"https:\/\/ollantayitzamna.com\/"},{"@type":"ListItem","position":2,"name":"A los originarios de Abya Yala, nos duele el genocidio en Palestina"}]},{"@type":"WebSite","@id":"https:\/\/ollantayitzamna.com\/#website","url":"https:\/\/ollantayitzamna.com\/","name":"Ollantay Itzamn\u00e1","description":"Susurros del silencio","potentialAction":[{"@type":"SearchAction","target":{"@type":"EntryPoint","urlTemplate":"https:\/\/ollantayitzamna.com\/?s={search_term_string}"},"query-input":{"@type":"PropertyValueSpecification","valueRequired":true,"valueName":"search_term_string"}}],"inLanguage":"es"},{"@type":"Person","@id":"https:\/\/ollantayitzamna.com\/#\/schema\/person\/d7d683451f51a71c7d7c6b4b70437092","name":"ollantayitzamna","image":{"@type":"ImageObject","inLanguage":"es","@id":"https:\/\/secure.gravatar.com\/avatar\/576387c53cc1a5ef704abf20408627fa3cb969d3f33355a576a2b20d65397362?s=96&d=identicon&r=g","url":"https:\/\/secure.gravatar.com\/avatar\/576387c53cc1a5ef704abf20408627fa3cb969d3f33355a576a2b20d65397362?s=96&d=identicon&r=g","contentUrl":"https:\/\/secure.gravatar.com\/avatar\/576387c53cc1a5ef704abf20408627fa3cb969d3f33355a576a2b20d65397362?s=96&d=identicon&r=g","caption":"ollantayitzamna"},"description":"Soy Tierra que siente, que llora, que ama, que conspira, que sue\u00f1a. Soy wawa (criatura) de la Pachamama.","sameAs":["http:\/\/ollantayitzamna.com"],"url":"https:\/\/ollantayitzamna.com\/?author=95365428"}]}},"jetpack_publicize_connections":[],"jetpack_featured_media_url":"https:\/\/i0.wp.com\/ollantayitzamna.com\/wp-content\/uploads\/2023\/10\/palestina-israel-memoria-conflicto-Massimo-diRicco.jpeg?fit=1921%2C1281&ssl=1","jetpack_likes_enabled":true,"jetpack_sharing_enabled":true,"_links":{"self":[{"href":"https:\/\/ollantayitzamna.com\/index.php?rest_route=\/wp\/v2\/posts\/4279","targetHints":{"allow":["GET"]}}],"collection":[{"href":"https:\/\/ollantayitzamna.com\/index.php?rest_route=\/wp\/v2\/posts"}],"about":[{"href":"https:\/\/ollantayitzamna.com\/index.php?rest_route=\/wp\/v2\/types\/post"}],"author":[{"embeddable":true,"href":"https:\/\/ollantayitzamna.com\/index.php?rest_route=\/wp\/v2\/users\/95365428"}],"replies":[{"embeddable":true,"href":"https:\/\/ollantayitzamna.com\/index.php?rest_route=%2Fwp%2Fv2%2Fcomments&post=4279"}],"version-history":[{"count":7,"href":"https:\/\/ollantayitzamna.com\/index.php?rest_route=\/wp\/v2\/posts\/4279\/revisions"}],"predecessor-version":[{"id":4287,"href":"https:\/\/ollantayitzamna.com\/index.php?rest_route=\/wp\/v2\/posts\/4279\/revisions\/4287"}],"wp:featuredmedia":[{"embeddable":true,"href":"https:\/\/ollantayitzamna.com\/index.php?rest_route=\/wp\/v2\/media\/4285"}],"wp:attachment":[{"href":"https:\/\/ollantayitzamna.com\/index.php?rest_route=%2Fwp%2Fv2%2Fmedia&parent=4279"}],"wp:term":[{"taxonomy":"category","embeddable":true,"href":"https:\/\/ollantayitzamna.com\/index.php?rest_route=%2Fwp%2Fv2%2Fcategories&post=4279"},{"taxonomy":"post_tag","embeddable":true,"href":"https:\/\/ollantayitzamna.com\/index.php?rest_route=%2Fwp%2Fv2%2Ftags&post=4279"}],"curies":[{"name":"wp","href":"https:\/\/api.w.org\/{rel}","templated":true}]}}