{"id":430,"date":"2017-06-02T15:54:26","date_gmt":"2017-06-02T21:54:26","guid":{"rendered":"https:\/\/ollantayitzamna.com\/?p=430"},"modified":"2025-07-04T07:19:59","modified_gmt":"2025-07-04T13:19:59","slug":"intelectuales-de-izquierda-aporrean-a-los-gobiernos-de-venezuela-y-bolivia","status":"publish","type":"post","link":"https:\/\/ollantayitzamna.com\/?p=430","title":{"rendered":"INTELECTUALES DE IZQUIERDA APORREAN A LOS GOBIERNOS DE VENEZUELA Y BOLIVIA"},"content":{"rendered":"<p><img data-recalc-dims=\"1\" fetchpriority=\"high\" decoding=\"async\" data-attachment-id=\"431\" data-permalink=\"https:\/\/ollantayitzamna.com\/?attachment_id=431\" data-orig-file=\"https:\/\/i0.wp.com\/ollantayitzamna.com\/wp-content\/uploads\/2017\/06\/de-sousa.jpg?fit=660%2C350&amp;ssl=1\" data-orig-size=\"660,350\" data-comments-opened=\"1\" data-image-meta=\"{&quot;aperture&quot;:&quot;0&quot;,&quot;credit&quot;:&quot;&quot;,&quot;camera&quot;:&quot;&quot;,&quot;caption&quot;:&quot;&quot;,&quot;created_timestamp&quot;:&quot;0&quot;,&quot;copyright&quot;:&quot;&quot;,&quot;focal_length&quot;:&quot;0&quot;,&quot;iso&quot;:&quot;0&quot;,&quot;shutter_speed&quot;:&quot;0&quot;,&quot;title&quot;:&quot;&quot;,&quot;orientation&quot;:&quot;0&quot;}\" data-image-title=\"Boaventura de Sousa\" data-image-description=\"\" data-image-caption=\"\" data-large-file=\"https:\/\/i0.wp.com\/ollantayitzamna.com\/wp-content\/uploads\/2017\/06\/de-sousa.jpg?fit=660%2C350&amp;ssl=1\" class=\"aligncenter size-full wp-image-431\" src=\"https:\/\/i0.wp.com\/ollantayitzamna.com\/wp-content\/uploads\/2017\/06\/de-sousa.jpg?resize=529%2C281&#038;ssl=1\" alt=\"\" width=\"529\" height=\"281\" \/><\/p>\n<h3 style=\"text-align:center;\"><span style=\"color:#ff0000;\">Dicen ser anti imperialistas y anti intervencionistas, pero exigen la \u201curgente conformaci\u00f3n de un \u201cComit\u00e9 Internacional por la Paz\u201d para intervenir en Venezuela.<\/span><\/h3>\n<p><!--more--><\/p>\n<p>El pasado 30 de mayo, se difundi\u00f3 un pronunciamiento p\u00fablico, firmado por intelectuales de izquierda de diferentes partes del mundo, sobre la dif\u00edcil situaci\u00f3n interna de Venezuela.<\/p>\n<p>En dicho documento, ampliamente difundido por la violenta oposici\u00f3n medi\u00e1tica, intelectuales como: Boaventura de Sousa, Francois Dubet, Walter Mignolo, Alberto Acosta, Luis Tapia, Raquel Guti\u00e9rrez, y varios otros, descalifican al actual gobierno democr\u00e1tico y constitucional de Venezuela como: autoritario, antidemocr\u00e1tico, responsable de las decenas de muertes en las protestas callejeras\u2026, y piden la conformaci\u00f3n de <a href=\"http:\/\/www.infobae.com\/america\/venezuela\/2017\/05\/29\/intelectuales-de-izquierda-de-todo-el-mundo-firmaron-una-solicitada-contra-violencia-en-venezuela\/\">una comisi\u00f3n internacional para solventar la conflictiva situaci\u00f3n de dicho pa\u00eds<\/a>.<a href=\"#_ftn1\" name=\"_ftnref1\"><\/a><\/p>\n<p>S\u00ed. Aunque Ud. no lo crea. Claman por una intervenci\u00f3n extranjera internacional para aplastar los procesos de cambios emprendidos por el digno pueblo de Venezuela. Es decir, \u00a1que se restaure el criminal sistema neoliberal!, y que los pozos petroleros vuelvan a manos de las corporaciones transnacionales.<\/p>\n<p>Dicen defender la democracia y el di\u00e1logo en el pa\u00eds (que desconocen), pero descalifican, en el documento, a todo aquel que apoye con ideas\/argumentos al gobierno actual, tild\u00e1ndolos de \u201cperjudiciales\u201d y \u201cciegos ideol\u00f3gicos\u201d.<\/p>\n<p>Reprochan de \u201cinconstitucional\u201d el proceso de Asamblea Constituyente convocado en Venezuela para mejorar (como indica la Constituci\u00f3n Pol\u00edtica) el r\u00e9gimen democr\u00e1tico y los derechos adquiridos.<\/p>\n<p>Dicen ser anti imperialistas y anti intervencionistas, pero exigen la \u201curgente conformaci\u00f3n de un \u201cComit\u00e9 Internacional por la Paz\u201d para intervenir en Venezuela.<\/p>\n<p>Dicen ser defensores de derechos humanos, pero impl\u00edcitamente piden que vuelvan a Venezuela los agentes depredadores de derechos humanos, cazadores de defensores de derechos.<\/p>\n<p>\u00bfQui\u00e9n escribi\u00f3 dicho documento? \u00bfQu\u00e9 prop\u00f3sitos defienden estos autodenominados intelectuales que simult\u00e1neamente escriben sobre decolonizaci\u00f3n, soberan\u00eda de los pueblos, Estado Plurinacional, etc.?<\/p>\n<p style=\"padding-left:30px;\"><span style=\"color:#ff0000;\">\u00bfPor qu\u00e9 jam\u00e1s escriben\/firman pronunciamientos similares contra criminales reg\u00edmenes neoliberales de Honduras, M\u00e9xico, Guatemala, Colombia\u2026, que convirtieron a dichos pa\u00edses en cementerios clandestinos?<\/span><\/p>\n<p>\u00bfAcaso no son los mismos intelectuales, consultores de las ONG, que firmaron anteriores cartas en contra de Rafael Correa, o contra Evo Morales, en pasadas ocasiones?<\/p>\n<p>\u00bfSer\u00e1 que estas cartas\/pronunciamientos las redacta alguna secretaria\/o, y estos intelectuales s\u00f3lo firman sin leerlas?. \u00bfSer\u00e1 que ya no leen estos intelectuales?<\/p>\n<p>\u00bfPor qu\u00e9 ser\u00e1 que este pronunciamiento, en su forma, contenido y contradicciones, calza casi perfectamente con el discurso que manejan los funcionarios de OEA-USA?<\/p>\n<p><strong>Despu\u00e9s de Venezuela, el turno es para Bolivia<\/strong><\/p>\n<p>Luego de intentar golpear con la pluma a la dignidad del pueblo venezolano, algunos de estos intelectuales de izquierda neoliberal, se \u201cautoconvocan\u201d en la ciudad de Cochabamba, Bolivia, para los d\u00edas 8 y 9 de junio, para afinar\/articular un ataque discursivo m\u00e1s hilvanado en contra del proceso de cambio boliviano.<\/p>\n<p>Dicho evento lo titulan: <a href=\"http:\/\/www.opinion.com.bo\/opinion\/articulos\/2017\/0530\/noticias.php?id=220664\"><em>\u201cJornadas cr\u00edticas desde Bolivia, encuentros en tiempos de fragmentaci\u00f3n\u201d<\/em><\/a>. El objetivo y las preguntas generadoras publicadas para dicho evento son m\u00e1s que evidentes: Identificar\/visibilizar los errores del gobierno de Evo Morales para revertir la legitimidad electoral de \u00e9ste.<\/p>\n<p>Van con la perversa misi\u00f3n de hacer creer a los bolivianos que Evo Morales es el principal enemigo interno de Bolivia, y el destituirlo es un imperativo racional.<\/p>\n<p>Los principales expositores\/gu\u00edas de dicho encuentro son: <a href=\"http:\/\/eju.tv\/2016\/02\/exmujer-del-vice-habla-despojo-bolivia-alvaro-capaz-movilizar-una-nueva-camada-intelectuales-cortesanos\/\">Raquel Guti\u00e9rrez<\/a> (mexicana, ex pareja, y actual enemiga ideol\u00f3gica de \u00c1lvaro Garc\u00eda Linera), Luis Tapia y <a href=\"https:\/\/desinformemonos.org\/hay-que-temer-una-deriva-autoritaria-y-de-monopolio-del-poder-en-el-gobierno-de-evo-morales-en-bolivia-advierte-la-sociologa-silvia-rivera-cusicanqui\/\">Silvia Rivera<\/a> (ambos bolivianos). Los dos primeros firmaron el pronunciamiento reciente en contra del pueblo de Venezuela. Raquel y Silvia califican a Evo Morales de: narcogobierno, autoritario, falso ind\u00edgena, devastador de de organizaciones sociales, etc.<\/p>\n<p>A estos tres intelectuales se sumar\u00e1n algunos consultores\/acad\u00e9micos mestizos e ind\u00edgenas ex\u00f3ticas, en su gran ex becarios, disc\u00edpulos de Raquel Guti\u00e9rrez, provenientes de Guatemala, Uruguay, Argentina, Bolivia.<\/p>\n<p style=\"padding-left:30px;\"><span style=\"color:#ff0000;\">El discurso recurrente es el mismo: No a los gobiernos ind\u00edgenas\/progresistas. No a la consolidaci\u00f3n de estados (plurinacionales). No al capitalismo estatal. S\u00ed a las comunidades ind\u00edgenas sin Estado, y apol\u00edticas. S\u00ed a ind\u00edgenas ex\u00f3ticos y obedientes. No al despertar pol\u00edtico ind\u00edgena.<\/span><\/p>\n<p>Buscan estimular la idea de <a href=\"http:\/\/firmas.prensa-latina.cu\/index.php?opcion=ver-article&amp;cat=I&amp;articleID=2254&amp;SEO=itzamna-ollantay-la-academia-indigenista-ingenua\">comunalismos id\u00edlicos<\/a> (apol\u00edticos, aestatales), sobre todo en pa\u00edses como Bolivia, Guatemala, Ecuador, M\u00e9xico (con fuertes presencia demogr\u00e1fica ind\u00edgena).<\/p>\n<p>Para muchos de estos te\u00f3ricos comunalistas, su conejillo de estudios o \u201cmotivo de inspiraci\u00f3n\u201d eran las comunidades \u201caut\u00f3nomas\u201d del movimiento zapatista (sur de M\u00e9xico). Pero, ahora, que el zapatismo decidi\u00f3 transitar de la poes\u00eda a la pol\u00edtica (con candidata nacional propia), se quedan casi sin objeto, ni referente. \u00bfSer\u00e1 que los y las cochabambinas y bolivianas creer\u00e1n en los agentes ejecutores del \u201cm\u00e9todo libio\u201d en Bolivia?<\/p>\n<p><a href=\"#_ftnref1\" name=\"_ftn1\"><\/a><\/p>\n","protected":false},"excerpt":{"rendered":"<p>Dicen ser anti imperialistas y anti intervencionistas, pero exigen la \u201curgente conformaci\u00f3n de un \u201cComit\u00e9 Internacional por la Paz\u201d para intervenir en Venezuela.<\/p>\n","protected":false},"author":95365428,"featured_media":431,"comment_status":"open","ping_status":"open","sticky":false,"template":"","format":"standard","meta":{"_coblocks_attr":"","_coblocks_dimensions":"","_coblocks_responsive_height":"","_coblocks_accordion_ie_support":"","_jetpack_newsletter_access":"","_jetpack_dont_email_post_to_subs":false,"_jetpack_newsletter_tier_id":0,"_jetpack_memberships_contains_paywalled_content":false,"_wpcom_ai_launchpad_first_post":false,"_jetpack_feature_clip_id":0,"_jetpack_memberships_contains_paid_content":false,"footnotes":"","jetpack_publicize_message":"{title}\n\n{excerpt}\n\n{url}","jetpack_publicize_feature_enabled":true,"jetpack_social_post_already_shared":false,"jetpack_social_options":{"image_generator_settings":{"template":"highway","default_image_id":0,"font":"","enabled":false},"version":2},"_wpas_customize_per_network":false,"jetpack_post_was_ever_published":false},"categories":[696796406],"tags":[696795857,9339471,327698,288368,17923],"class_list":["post-430","post","type-post","status-publish","format-standard","has-post-thumbnail","hentry","category-comunalidad","tag-bolivia","tag-comunalismo","tag-intelectuales","tag-izquierda","tag-venezuela"],"yoast_head":"<!-- This site is optimized with the Yoast SEO plugin v28.3 - https:\/\/yoast.com\/product\/yoast-seo-wordpress\/ -->\n<title>INTELECTUALES DE IZQUIERDA APORREAN A LOS GOBIERNOS DE VENEZUELA Y BOLIVIA - Ollantay Itzamn\u00e1<\/title>\n<meta name=\"robots\" content=\"index, follow, max-snippet:-1, max-image-preview:large, max-video-preview:-1\" \/>\n<link rel=\"canonical\" href=\"https:\/\/ollantayitzamna.com\/?p=430\" \/>\n<meta property=\"og:locale\" content=\"es_ES\" \/>\n<meta property=\"og:type\" content=\"article\" \/>\n<meta property=\"og:title\" content=\"INTELECTUALES DE IZQUIERDA APORREAN A LOS GOBIERNOS DE VENEZUELA Y BOLIVIA - Ollantay Itzamn\u00e1\" \/>\n<meta property=\"og:description\" content=\"Dicen ser anti imperialistas y anti intervencionistas, pero exigen la \u201curgente conformaci\u00f3n de un \u201cComit\u00e9 Internacional por la Paz\u201d para intervenir en Venezuela.\" \/>\n<meta property=\"og:url\" content=\"https:\/\/ollantayitzamna.com\/?p=430\" \/>\n<meta property=\"og:site_name\" content=\"Ollantay Itzamn\u00e1\" \/>\n<meta property=\"article:published_time\" content=\"2017-06-02T21:54:26+00:00\" \/>\n<meta property=\"article:modified_time\" content=\"2025-07-04T13:19:59+00:00\" \/>\n<meta property=\"og:image\" content=\"https:\/\/i0.wp.com\/ollantayitzamna.com\/wp-content\/uploads\/2017\/06\/de-sousa.jpg?fit=660%2C350&ssl=1\" \/>\n\t<meta property=\"og:image:width\" content=\"660\" \/>\n\t<meta property=\"og:image:height\" content=\"350\" \/>\n\t<meta property=\"og:image:type\" content=\"image\/jpeg\" \/>\n<meta name=\"author\" content=\"ollantayitzamna\" \/>\n<meta name=\"twitter:card\" content=\"summary_large_image\" \/>\n<meta name=\"twitter:label1\" content=\"Escrito por\" \/>\n\t<meta name=\"twitter:data1\" content=\"ollantayitzamna\" \/>\n\t<meta name=\"twitter:label2\" content=\"Tiempo de lectura\" \/>\n\t<meta name=\"twitter:data2\" content=\"4 minutos\" \/>\n<script type=\"application\/ld+json\" class=\"yoast-schema-graph\">{\"@context\":\"https:\\\/\\\/schema.org\",\"@graph\":[{\"@type\":\"Article\",\"@id\":\"https:\\\/\\\/ollantayitzamna.com\\\/?p=430#article\",\"isPartOf\":{\"@id\":\"https:\\\/\\\/ollantayitzamna.com\\\/?p=430\"},\"author\":{\"name\":\"ollantayitzamna\",\"@id\":\"https:\\\/\\\/ollantayitzamna.com\\\/#\\\/schema\\\/person\\\/d7d683451f51a71c7d7c6b4b70437092\"},\"headline\":\"INTELECTUALES DE IZQUIERDA APORREAN A LOS GOBIERNOS DE VENEZUELA Y BOLIVIA\",\"datePublished\":\"2017-06-02T21:54:26+00:00\",\"dateModified\":\"2025-07-04T13:19:59+00:00\",\"mainEntityOfPage\":{\"@id\":\"https:\\\/\\\/ollantayitzamna.com\\\/?p=430\"},\"wordCount\":819,\"commentCount\":9,\"image\":{\"@id\":\"https:\\\/\\\/ollantayitzamna.com\\\/?p=430#primaryimage\"},\"thumbnailUrl\":\"https:\\\/\\\/i0.wp.com\\\/ollantayitzamna.com\\\/wp-content\\\/uploads\\\/2017\\\/06\\\/de-sousa.jpg?fit=660%2C350&ssl=1\",\"keywords\":[\"Bolivia\",\"comunalismo\",\"intelectuales\",\"izquierda\",\"Venezuela\"],\"articleSection\":[\"Comunalidad\"],\"inLanguage\":\"es\",\"potentialAction\":[{\"@type\":\"CommentAction\",\"name\":\"Comment\",\"target\":[\"https:\\\/\\\/ollantayitzamna.com\\\/?p=430#respond\"]}]},{\"@type\":\"WebPage\",\"@id\":\"https:\\\/\\\/ollantayitzamna.com\\\/?p=430\",\"url\":\"https:\\\/\\\/ollantayitzamna.com\\\/?p=430\",\"name\":\"INTELECTUALES DE IZQUIERDA APORREAN A LOS GOBIERNOS DE VENEZUELA Y BOLIVIA - Ollantay Itzamn\u00e1\",\"isPartOf\":{\"@id\":\"https:\\\/\\\/ollantayitzamna.com\\\/#website\"},\"primaryImageOfPage\":{\"@id\":\"https:\\\/\\\/ollantayitzamna.com\\\/?p=430#primaryimage\"},\"image\":{\"@id\":\"https:\\\/\\\/ollantayitzamna.com\\\/?p=430#primaryimage\"},\"thumbnailUrl\":\"https:\\\/\\\/i0.wp.com\\\/ollantayitzamna.com\\\/wp-content\\\/uploads\\\/2017\\\/06\\\/de-sousa.jpg?fit=660%2C350&ssl=1\",\"datePublished\":\"2017-06-02T21:54:26+00:00\",\"dateModified\":\"2025-07-04T13:19:59+00:00\",\"author\":{\"@id\":\"https:\\\/\\\/ollantayitzamna.com\\\/#\\\/schema\\\/person\\\/d7d683451f51a71c7d7c6b4b70437092\"},\"breadcrumb\":{\"@id\":\"https:\\\/\\\/ollantayitzamna.com\\\/?p=430#breadcrumb\"},\"inLanguage\":\"es\",\"potentialAction\":[{\"@type\":\"ReadAction\",\"target\":[\"https:\\\/\\\/ollantayitzamna.com\\\/?p=430\"]}]},{\"@type\":\"ImageObject\",\"inLanguage\":\"es\",\"@id\":\"https:\\\/\\\/ollantayitzamna.com\\\/?p=430#primaryimage\",\"url\":\"https:\\\/\\\/i0.wp.com\\\/ollantayitzamna.com\\\/wp-content\\\/uploads\\\/2017\\\/06\\\/de-sousa.jpg?fit=660%2C350&ssl=1\",\"contentUrl\":\"https:\\\/\\\/i0.wp.com\\\/ollantayitzamna.com\\\/wp-content\\\/uploads\\\/2017\\\/06\\\/de-sousa.jpg?fit=660%2C350&ssl=1\",\"width\":660,\"height\":350},{\"@type\":\"BreadcrumbList\",\"@id\":\"https:\\\/\\\/ollantayitzamna.com\\\/?p=430#breadcrumb\",\"itemListElement\":[{\"@type\":\"ListItem\",\"position\":1,\"name\":\"Portada\",\"item\":\"https:\\\/\\\/ollantayitzamna.com\\\/\"},{\"@type\":\"ListItem\",\"position\":2,\"name\":\"INTELECTUALES DE IZQUIERDA APORREAN A LOS GOBIERNOS DE VENEZUELA Y BOLIVIA\"}]},{\"@type\":\"WebSite\",\"@id\":\"https:\\\/\\\/ollantayitzamna.com\\\/#website\",\"url\":\"https:\\\/\\\/ollantayitzamna.com\\\/\",\"name\":\"Ollantay Itzamn\u00e1\",\"description\":\"Susurros del silencio\",\"potentialAction\":[{\"@type\":\"SearchAction\",\"target\":{\"@type\":\"EntryPoint\",\"urlTemplate\":\"https:\\\/\\\/ollantayitzamna.com\\\/?s={search_term_string}\"},\"query-input\":{\"@type\":\"PropertyValueSpecification\",\"valueRequired\":true,\"valueName\":\"search_term_string\"}}],\"inLanguage\":\"es\"},{\"@type\":\"Person\",\"@id\":\"https:\\\/\\\/ollantayitzamna.com\\\/#\\\/schema\\\/person\\\/d7d683451f51a71c7d7c6b4b70437092\",\"name\":\"ollantayitzamna\",\"image\":{\"@type\":\"ImageObject\",\"inLanguage\":\"es\",\"@id\":\"https:\\\/\\\/secure.gravatar.com\\\/avatar\\\/576387c53cc1a5ef704abf20408627fa3cb969d3f33355a576a2b20d65397362?s=96&d=identicon&r=g\",\"url\":\"https:\\\/\\\/secure.gravatar.com\\\/avatar\\\/576387c53cc1a5ef704abf20408627fa3cb969d3f33355a576a2b20d65397362?s=96&d=identicon&r=g\",\"contentUrl\":\"https:\\\/\\\/secure.gravatar.com\\\/avatar\\\/576387c53cc1a5ef704abf20408627fa3cb969d3f33355a576a2b20d65397362?s=96&d=identicon&r=g\",\"caption\":\"ollantayitzamna\"},\"description\":\"Soy Tierra que siente, que llora, que ama, que conspira, que sue\u00f1a. Soy wawa (criatura) de la Pachamama.\",\"sameAs\":[\"http:\\\/\\\/ollantayitzamna.com\"],\"url\":\"https:\\\/\\\/ollantayitzamna.com\\\/?author=95365428\"}]}<\/script>\n<!-- \/ Yoast SEO plugin. -->","yoast_head_json":{"title":"INTELECTUALES DE IZQUIERDA APORREAN A LOS GOBIERNOS DE VENEZUELA Y BOLIVIA - Ollantay Itzamn\u00e1","robots":{"index":"index","follow":"follow","max-snippet":"max-snippet:-1","max-image-preview":"max-image-preview:large","max-video-preview":"max-video-preview:-1"},"canonical":"https:\/\/ollantayitzamna.com\/?p=430","og_locale":"es_ES","og_type":"article","og_title":"INTELECTUALES DE IZQUIERDA APORREAN A LOS GOBIERNOS DE VENEZUELA Y BOLIVIA - Ollantay Itzamn\u00e1","og_description":"Dicen ser anti imperialistas y anti intervencionistas, pero exigen la \u201curgente conformaci\u00f3n de un \u201cComit\u00e9 Internacional por la Paz\u201d para intervenir en Venezuela.","og_url":"https:\/\/ollantayitzamna.com\/?p=430","og_site_name":"Ollantay Itzamn\u00e1","article_published_time":"2017-06-02T21:54:26+00:00","article_modified_time":"2025-07-04T13:19:59+00:00","og_image":[{"width":660,"height":350,"url":"https:\/\/i0.wp.com\/ollantayitzamna.com\/wp-content\/uploads\/2017\/06\/de-sousa.jpg?fit=660%2C350&ssl=1","type":"image\/jpeg"}],"author":"ollantayitzamna","twitter_card":"summary_large_image","twitter_misc":{"Escrito por":"ollantayitzamna","Tiempo de lectura":"4 minutos"},"schema":{"@context":"https:\/\/schema.org","@graph":[{"@type":"Article","@id":"https:\/\/ollantayitzamna.com\/?p=430#article","isPartOf":{"@id":"https:\/\/ollantayitzamna.com\/?p=430"},"author":{"name":"ollantayitzamna","@id":"https:\/\/ollantayitzamna.com\/#\/schema\/person\/d7d683451f51a71c7d7c6b4b70437092"},"headline":"INTELECTUALES DE IZQUIERDA APORREAN A LOS GOBIERNOS DE VENEZUELA Y BOLIVIA","datePublished":"2017-06-02T21:54:26+00:00","dateModified":"2025-07-04T13:19:59+00:00","mainEntityOfPage":{"@id":"https:\/\/ollantayitzamna.com\/?p=430"},"wordCount":819,"commentCount":9,"image":{"@id":"https:\/\/ollantayitzamna.com\/?p=430#primaryimage"},"thumbnailUrl":"https:\/\/i0.wp.com\/ollantayitzamna.com\/wp-content\/uploads\/2017\/06\/de-sousa.jpg?fit=660%2C350&ssl=1","keywords":["Bolivia","comunalismo","intelectuales","izquierda","Venezuela"],"articleSection":["Comunalidad"],"inLanguage":"es","potentialAction":[{"@type":"CommentAction","name":"Comment","target":["https:\/\/ollantayitzamna.com\/?p=430#respond"]}]},{"@type":"WebPage","@id":"https:\/\/ollantayitzamna.com\/?p=430","url":"https:\/\/ollantayitzamna.com\/?p=430","name":"INTELECTUALES DE IZQUIERDA APORREAN A LOS GOBIERNOS DE VENEZUELA Y BOLIVIA - Ollantay Itzamn\u00e1","isPartOf":{"@id":"https:\/\/ollantayitzamna.com\/#website"},"primaryImageOfPage":{"@id":"https:\/\/ollantayitzamna.com\/?p=430#primaryimage"},"image":{"@id":"https:\/\/ollantayitzamna.com\/?p=430#primaryimage"},"thumbnailUrl":"https:\/\/i0.wp.com\/ollantayitzamna.com\/wp-content\/uploads\/2017\/06\/de-sousa.jpg?fit=660%2C350&ssl=1","datePublished":"2017-06-02T21:54:26+00:00","dateModified":"2025-07-04T13:19:59+00:00","author":{"@id":"https:\/\/ollantayitzamna.com\/#\/schema\/person\/d7d683451f51a71c7d7c6b4b70437092"},"breadcrumb":{"@id":"https:\/\/ollantayitzamna.com\/?p=430#breadcrumb"},"inLanguage":"es","potentialAction":[{"@type":"ReadAction","target":["https:\/\/ollantayitzamna.com\/?p=430"]}]},{"@type":"ImageObject","inLanguage":"es","@id":"https:\/\/ollantayitzamna.com\/?p=430#primaryimage","url":"https:\/\/i0.wp.com\/ollantayitzamna.com\/wp-content\/uploads\/2017\/06\/de-sousa.jpg?fit=660%2C350&ssl=1","contentUrl":"https:\/\/i0.wp.com\/ollantayitzamna.com\/wp-content\/uploads\/2017\/06\/de-sousa.jpg?fit=660%2C350&ssl=1","width":660,"height":350},{"@type":"BreadcrumbList","@id":"https:\/\/ollantayitzamna.com\/?p=430#breadcrumb","itemListElement":[{"@type":"ListItem","position":1,"name":"Portada","item":"https:\/\/ollantayitzamna.com\/"},{"@type":"ListItem","position":2,"name":"INTELECTUALES DE IZQUIERDA APORREAN A LOS GOBIERNOS DE VENEZUELA Y BOLIVIA"}]},{"@type":"WebSite","@id":"https:\/\/ollantayitzamna.com\/#website","url":"https:\/\/ollantayitzamna.com\/","name":"Ollantay Itzamn\u00e1","description":"Susurros del silencio","potentialAction":[{"@type":"SearchAction","target":{"@type":"EntryPoint","urlTemplate":"https:\/\/ollantayitzamna.com\/?s={search_term_string}"},"query-input":{"@type":"PropertyValueSpecification","valueRequired":true,"valueName":"search_term_string"}}],"inLanguage":"es"},{"@type":"Person","@id":"https:\/\/ollantayitzamna.com\/#\/schema\/person\/d7d683451f51a71c7d7c6b4b70437092","name":"ollantayitzamna","image":{"@type":"ImageObject","inLanguage":"es","@id":"https:\/\/secure.gravatar.com\/avatar\/576387c53cc1a5ef704abf20408627fa3cb969d3f33355a576a2b20d65397362?s=96&d=identicon&r=g","url":"https:\/\/secure.gravatar.com\/avatar\/576387c53cc1a5ef704abf20408627fa3cb969d3f33355a576a2b20d65397362?s=96&d=identicon&r=g","contentUrl":"https:\/\/secure.gravatar.com\/avatar\/576387c53cc1a5ef704abf20408627fa3cb969d3f33355a576a2b20d65397362?s=96&d=identicon&r=g","caption":"ollantayitzamna"},"description":"Soy Tierra que siente, que llora, que ama, que conspira, que sue\u00f1a. Soy wawa (criatura) de la Pachamama.","sameAs":["http:\/\/ollantayitzamna.com"],"url":"https:\/\/ollantayitzamna.com\/?author=95365428"}]}},"jetpack_publicize_connections":[],"jetpack_likes_enabled":true,"jetpack_sharing_enabled":true,"jetpack_featured_media_url":"https:\/\/i0.wp.com\/ollantayitzamna.com\/wp-content\/uploads\/2017\/06\/de-sousa.jpg?fit=660%2C350&ssl=1","_links":{"self":[{"href":"https:\/\/ollantayitzamna.com\/index.php?rest_route=\/wp\/v2\/posts\/430","targetHints":{"allow":["GET"]}}],"collection":[{"href":"https:\/\/ollantayitzamna.com\/index.php?rest_route=\/wp\/v2\/posts"}],"about":[{"href":"https:\/\/ollantayitzamna.com\/index.php?rest_route=\/wp\/v2\/types\/post"}],"author":[{"embeddable":true,"href":"https:\/\/ollantayitzamna.com\/index.php?rest_route=\/wp\/v2\/users\/95365428"}],"replies":[{"embeddable":true,"href":"https:\/\/ollantayitzamna.com\/index.php?rest_route=%2Fwp%2Fv2%2Fcomments&post=430"}],"version-history":[{"count":1,"href":"https:\/\/ollantayitzamna.com\/index.php?rest_route=\/wp\/v2\/posts\/430\/revisions"}],"predecessor-version":[{"id":432,"href":"https:\/\/ollantayitzamna.com\/index.php?rest_route=\/wp\/v2\/posts\/430\/revisions\/432"}],"wp:featuredmedia":[{"embeddable":true,"href":"https:\/\/ollantayitzamna.com\/index.php?rest_route=\/wp\/v2\/media\/431"}],"wp:attachment":[{"href":"https:\/\/ollantayitzamna.com\/index.php?rest_route=%2Fwp%2Fv2%2Fmedia&parent=430"}],"wp:term":[{"taxonomy":"category","embeddable":true,"href":"https:\/\/ollantayitzamna.com\/index.php?rest_route=%2Fwp%2Fv2%2Fcategories&post=430"},{"taxonomy":"post_tag","embeddable":true,"href":"https:\/\/ollantayitzamna.com\/index.php?rest_route=%2Fwp%2Fv2%2Ftags&post=430"}],"curies":[{"name":"wp","href":"https:\/\/api.w.org\/{rel}","templated":true}]}}