{"id":433,"date":"2017-06-05T07:41:22","date_gmt":"2017-06-05T13:41:22","guid":{"rendered":"https:\/\/ollantayitzamna.com\/?p=433"},"modified":"2025-07-04T07:37:35","modified_gmt":"2025-07-04T13:37:35","slug":"ambientalismos-cualificados-y-sus-desafios","status":"publish","type":"post","link":"https:\/\/ollantayitzamna.com\/?p=433","title":{"rendered":"AMBIENTALISMOS CUALIFICADOS Y SUS DESAF\u00cdOS"},"content":{"rendered":"<p><img data-recalc-dims=\"1\" fetchpriority=\"high\" decoding=\"async\" data-attachment-id=\"434\" data-permalink=\"https:\/\/ollantayitzamna.com\/?attachment_id=434\" data-orig-file=\"https:\/\/i0.wp.com\/ollantayitzamna.com\/wp-content\/uploads\/2017\/06\/tierra-imagen.jpeg?fit=350%2C349&amp;ssl=1\" data-orig-size=\"350,349\" data-comments-opened=\"1\" data-image-meta=\"{&quot;aperture&quot;:&quot;0&quot;,&quot;credit&quot;:&quot;&quot;,&quot;camera&quot;:&quot;&quot;,&quot;caption&quot;:&quot;&quot;,&quot;created_timestamp&quot;:&quot;0&quot;,&quot;copyright&quot;:&quot;&quot;,&quot;focal_length&quot;:&quot;0&quot;,&quot;iso&quot;:&quot;0&quot;,&quot;shutter_speed&quot;:&quot;0&quot;,&quot;title&quot;:&quot;&quot;,&quot;orientation&quot;:&quot;1&quot;}\" data-image-title=\"Identidad Tierra\" data-image-description=\"\" data-image-caption=\"\" data-large-file=\"https:\/\/i0.wp.com\/ollantayitzamna.com\/wp-content\/uploads\/2017\/06\/tierra-imagen.jpeg?fit=350%2C349&amp;ssl=1\" class=\"aligncenter wp-image-434 size-full\" src=\"https:\/\/i0.wp.com\/ollantayitzamna.com\/wp-content\/uploads\/2017\/06\/tierra-imagen.jpeg?resize=350%2C349&#038;ssl=1\" alt=\"\" width=\"350\" height=\"349\" \/><\/p>\n<h3 style=\"text-align:center;\"><span style=\"color:#ff0000;\">Estos tiempos requieren no s\u00f3lo de ambientalistas, sino de hijos\/as de la Tierra que sientan los dolores catastr\u00f3ficos de su Madre, y act\u00faen para mitigar y\/o cambiar progresivamente las causas estructurales de dichos males. Y ello implica cambios de estilos de vida. Una proceso de autoliberaci\u00f3n interna individual y colectiva para salir del sistema-mundo-ecocida en el que estamos entrampados.<\/span><\/h3>\n<p><!--more--><\/p>\n<p>Cada 5 de junio, desde 1972, la ONU promueve diferentes actividades de sensibilizaci\u00f3n\/informaci\u00f3n, mediante diversas actividades, sobre la situaci\u00f3n ambiental del planeta, en m\u00faltiples lugares.<\/p>\n<p>Casi medio siglo despu\u00e9s del establecimiento de esta conmemorativa fecha mundial, la percepci\u00f3n sobre la situaci\u00f3n cr\u00edtica del medio ambiente ha cambiado.<\/p>\n<p>En la d\u00e9cada de los 60 del pasado siglo, toda persona (cient\u00edfica o no) que \u201calertase\u201d sobre las calamitosas situaciones de algunos aspectos del medio ambiente (en especial, la capa de ozono) era descalificada como \u201ccatastrofista\u201d, \u201capocal\u00edptico\u201d y \u201cradical\u201d.<\/p>\n<p>Ahora, la situaci\u00f3n cr\u00edtica y sus consecuencias del sistema Tierra (y del medio ambiente, en particular) es una verdad cient\u00edfica incuestionable. Y, la autodefinici\u00f3n como ambientalista, o emprender acciones de cuidado con el medio ambiente, son motivos de valoraci\u00f3n\/admiraci\u00f3n por parte del resto de la comunidad.<\/p>\n<p>La herej\u00eda o el radicalismo de hace tan s\u00f3lo 50 a\u00f1os atr\u00e1s, ahora, se ha convertido en una verdad universal, por encima de las diversidades culturales o civilizatorias, porque la Madre Tierra es una, y sus signos y s\u00edntomas de su malestar no conocen frontera alguna.<\/p>\n<p>Te\u00f3ricamente sabemos lo mal que est\u00e1 Mam\u00e1. Pero, los dispositivos social y culturalmente instalados en nuestro esp\u00edritu nos impiden que el conocimiento cerebral baje al coraz\u00f3n y cambi\u00e9 nuestras aptitudes, actitudes y conductas.<\/p>\n<p>Tenemos informaci\u00f3n necesaria de las causas de los m\u00faltiples malestares de nuestra Madre Tierra, pero a\u00fan no tenemos voluntad (individual\/colectiva) para hacer cambios significativos, y as\u00ed quiz\u00e1s postergar lo inevitable que se viene a velocidades cada vez m\u00e1s r\u00e1pidas.<\/p>\n<h3><span style=\"color:#ff0000;\"><strong>\u00bfCu\u00e1les son los mayores retos para las y los ambientalistas?<\/strong><\/span><\/h3>\n<p><strong>Sanarnos de la consumopat\u00eda<\/strong>. Urge abandonar progresivamente el consumismo material y espiritual, y transitar hacia la sobriedad existencial. No necesitamos mucho, ni muchos bienes, para ser felices.<\/p>\n<p><strong>Resistencia econ\u00f3mica<\/strong>. Ya no deber\u00edamos comprar\/consumir productos que hacen demasiado da\u00f1o a la Tierra, mucho m\u00e1s si son de corporaciones ecocidas. Casi el 50% de los productos que nos ofrecen en los supermercado son innecesarios y\/o basura que compramos para tirar. Si no compramos, ya no lo producen.<\/p>\n<p>Los consumidores actuales o\/y potenciales demogr\u00e1ficamente somos la gran mayor\u00eda. Eso nos da un poder inimaginable.<\/p>\n<p>Si dejamos de consumir ciertos productos, ellos ya no tienen el poder para da\u00f1arnos porque ya no los seguiremos fortaleciendo con cada compra que hacemos.<\/p>\n<p>Si a esto le sumamos nuestra apuesta progresiva a abandonar el dinero como \u00fanico medio de intercambio de bienes\/servicios, estaremos activando una cultural contrahegem\u00f3nica de la resistencia econ\u00f3mica.<\/p>\n<p><strong>Resistencia cultural<\/strong>. La resistencia cultural consiste en dudar de todas las verdades \u201cabsolutas\u201d que nos ha instalado o afianzando el sistema-mundo-occidental moderno.<\/p>\n<p>No podemos ser ambientalistas y seguir asumi\u00e9ndonos los humanos como los \u00fanicos sujetos con derechos en el planeta. Predilectos de alg\u00fan Dios desconocido, sulbvalternizando al resto de las especies.<\/p>\n<p>Aceptar que los humanos somos uno m\u00e1s dentro de la comunidad c\u00f3smica, y reconocerles la dignidad y los derechos a los otros seres vivos y \u201cno vivos\u201d, es una tarea te\u00f3rica y pr\u00e1ctica inmediata. El antropocentrismo acelera el viaje a nuestro final como especie.<\/p>\n<p><strong>Superar el individualismo<\/strong>. Reconstruir los entramados comunitarios, y superar el individualismo como m\u00e9todo y como estilo de vida, es otro de los desaf\u00edos ambientales actuales.<\/p>\n<p>Hemos destruido nuestra \u00fanica casa, y da\u00f1ado el tejido de Vida de nuestra Madre Tierra por estar compitiendo entre nosotros, jugando a ser \u201cmejores que el resto\u201d.<\/p>\n<p>El sistema Tierra no tiene capacidad para que todos satisfagamos todos nuestros infinitos deseos de ser \u201cel mejor\u201d con sus finitos y\/o ya deficitarios bienes disponibles con los que cuenta. El individualismo metodol\u00f3gico es tan letal e insostenible como lo es el mito del desarrollo infinito.<\/p>\n<p><strong>Abandonar las ciudades<\/strong>. Abandonar paulatinamente las mega urbes y retornar al campo es una necesidad y reto urgente. Si Mam\u00e1 ya no tiene capacidad para alimentar la voracidad creciente actual, mucho menos tiene energ\u00edas para hacer llegar comida y agua a las mega ciudades desde lugares cada vez m\u00e1s alejados. La ciudad, como ilusi\u00f3n de la modernidad, no es amigable con la Tierra. Peor a\u00fan en situaciones catastr\u00f3ficas cada vez m\u00e1s recurrentes.<\/p>\n<p><strong>Transitar hacia la eco pol\u00edtica<\/strong>. Tampoco podemos decir que somos ambientalistas (s\u00f3lo por recoger residuos s\u00f3lidos o protestar cada 5 de junio) si seguimos creyendo en el sistema pol\u00edtico vigente que nos ha llevado al caos ambiental planetario.<\/p>\n<p>Es urgente trabajar, organizar, construir poder, ya no \u00fanicamente para la b\u00fasqueda del bienestar humano (derechos humanos), sino el bienestar integral de la Madre Tierra, donde vamos incluido los humanos. Estos tiempos son tiempos de derechos de nuestra Madre Tierra.<\/p>\n<p>Organizaciones como las ONG o iglesias no pueden ser ambientalistas si siguen entrampados en el eufimismo de lo apol\u00edtico. Votar por la derecha y por los ricos ecocidas, en cada rito electoral, nos hace tan o m\u00e1s c\u00f3mplices que los eco tiranos que gobiernan.<\/p>\n<p>Construir el poder integral desde lo local, de manera ascendente y horizontal, para que todos los hijos\/as de la Madre Tierra nos reorganicemos para defender y promover la Vida en sus diferentes formas es un imperativo pol\u00edtico impostergable. Los ricos son ambientalistas en la medida que no se les afecte sus intereses econ\u00f3micos.<\/p>\n<p><strong>Hacia una eco espiritualidad<\/strong>. El reto mayor es el reto espiritual. La sobriedad econ\u00f3mica, la conciencia eco pol\u00edtica, el cosmocentrismo y el retorno a la comunidad, son posibles si acaso emprendemos la transici\u00f3n de la fase religiosa a la fase espiritual.<\/p>\n<p>La espiritualidad es ese centro fundante y motivador que hace que uno\/a, por m\u00e1s que en sus intentos s\u00f3lo encuentre \u201cderrotas\u201d, jam\u00e1s claudique en sus prop\u00f3sitos. Renunciar lo cierto (seguro) por lo incierto, el confort por el sacrificio, las verdades instaladas por las sospechas\u2026 requieren de una m\u00edstica profunda arraigada en la identidad y espiritualidad Tierra.<\/p>\n<p>Estos tiempos requieren no s\u00f3lo de ambientalistas, sino de hijos\/as de la Tierra que sientan los dolores catastr\u00f3ficos de su Madre, y act\u00faen para mitigar y\/o cambiar progresivamente las causas estructurales de dichos males. Y ello implica cambios de estilos de vida. Una proceso de autoliberaci\u00f3n interna individual y colectiva para salir del sistema-mundo-ecocida en el que estamos entrampados.<\/p>\n","protected":false},"excerpt":{"rendered":"<p>Estos tiempos requieren no s\u00f3lo de ambientalistas, sino de hijos\/as de la Tierra que sientan los dolores catastr\u00f3ficos de su Madre, y act\u00faen para mitigar y\/o cambiar progresivamente las causas estructurales de dichos males. Y ello implica cambios de estilos de vida. Una proceso de autoliberaci\u00f3n interna individual y colectiva para salir del sistema-mundo-ecocida en [&hellip;]<\/p>\n","protected":false},"author":95365428,"featured_media":434,"comment_status":"open","ping_status":"open","sticky":false,"template":"","format":"standard","meta":{"_coblocks_attr":"","_coblocks_dimensions":"","_coblocks_responsive_height":"","_coblocks_accordion_ie_support":"","_jetpack_newsletter_access":"","_jetpack_dont_email_post_to_subs":false,"_jetpack_newsletter_tier_id":0,"_jetpack_memberships_contains_paywalled_content":false,"_wpcom_ai_launchpad_first_post":false,"_jetpack_feature_clip_id":0,"_jetpack_memberships_contains_paid_content":false,"footnotes":"","jetpack_publicize_message":"{title}\n\n{excerpt}\n\n{url}","jetpack_publicize_feature_enabled":true,"jetpack_social_post_already_shared":false,"jetpack_social_options":{"image_generator_settings":{"template":"highway","default_image_id":0,"font":"","enabled":false},"version":2},"_wpas_customize_per_network":false,"jetpack_post_was_ever_published":false},"categories":[696795897],"tags":[7549055,696795860,696795863],"class_list":["post-433","post","type-post","status-publish","format-standard","has-post-thumbnail","hentry","category-buen-vivir","tag-5-de-junio","tag-medio-ambiente","tag-tierra"],"yoast_head":"<!-- This site is optimized with the Yoast SEO plugin v28.4 - https:\/\/yoast.com\/product\/yoast-seo-wordpress\/ -->\n<title>AMBIENTALISMOS CUALIFICADOS Y SUS DESAF\u00cdOS - Ollantay Itzamn\u00e1<\/title>\n<meta name=\"robots\" content=\"index, follow, max-snippet:-1, max-image-preview:large, max-video-preview:-1\" \/>\n<link rel=\"canonical\" href=\"https:\/\/ollantayitzamna.com\/?p=433\" \/>\n<meta property=\"og:locale\" content=\"es_ES\" \/>\n<meta property=\"og:type\" content=\"article\" \/>\n<meta property=\"og:title\" content=\"AMBIENTALISMOS CUALIFICADOS Y SUS DESAF\u00cdOS - Ollantay Itzamn\u00e1\" \/>\n<meta property=\"og:description\" content=\"Estos tiempos requieren no s\u00f3lo de ambientalistas, sino de hijos\/as de la Tierra que sientan los dolores catastr\u00f3ficos de su Madre, y act\u00faen para mitigar y\/o cambiar progresivamente las causas estructurales de dichos males. Y ello implica cambios de estilos de vida. Una proceso de autoliberaci\u00f3n interna individual y colectiva para salir del sistema-mundo-ecocida en [&hellip;]\" \/>\n<meta property=\"og:url\" content=\"https:\/\/ollantayitzamna.com\/?p=433\" \/>\n<meta property=\"og:site_name\" content=\"Ollantay Itzamn\u00e1\" \/>\n<meta property=\"article:published_time\" content=\"2017-06-05T13:41:22+00:00\" \/>\n<meta property=\"article:modified_time\" content=\"2025-07-04T13:37:35+00:00\" \/>\n<meta property=\"og:image\" content=\"https:\/\/i0.wp.com\/ollantayitzamna.com\/wp-content\/uploads\/2017\/06\/tierra-imagen.jpeg?fit=350%2C349&ssl=1\" \/>\n\t<meta property=\"og:image:width\" content=\"350\" \/>\n\t<meta property=\"og:image:height\" content=\"349\" \/>\n\t<meta property=\"og:image:type\" content=\"image\/jpeg\" \/>\n<meta name=\"author\" content=\"ollantayitzamna\" \/>\n<meta name=\"twitter:card\" content=\"summary_large_image\" \/>\n<meta name=\"twitter:label1\" content=\"Escrito por\" \/>\n\t<meta name=\"twitter:data1\" content=\"ollantayitzamna\" \/>\n\t<meta name=\"twitter:label2\" content=\"Tiempo de lectura\" \/>\n\t<meta name=\"twitter:data2\" content=\"6 minutos\" \/>\n<script type=\"application\/ld+json\" class=\"yoast-schema-graph\">{\"@context\":\"https:\\\/\\\/schema.org\",\"@graph\":[{\"@type\":\"Article\",\"@id\":\"https:\\\/\\\/ollantayitzamna.com\\\/?p=433#article\",\"isPartOf\":{\"@id\":\"https:\\\/\\\/ollantayitzamna.com\\\/?p=433\"},\"author\":{\"name\":\"ollantayitzamna\",\"@id\":\"https:\\\/\\\/ollantayitzamna.com\\\/#\\\/schema\\\/person\\\/d7d683451f51a71c7d7c6b4b70437092\"},\"headline\":\"AMBIENTALISMOS CUALIFICADOS Y SUS DESAF\u00cdOS\",\"datePublished\":\"2017-06-05T13:41:22+00:00\",\"dateModified\":\"2025-07-04T13:37:35+00:00\",\"mainEntityOfPage\":{\"@id\":\"https:\\\/\\\/ollantayitzamna.com\\\/?p=433\"},\"wordCount\":1157,\"commentCount\":0,\"image\":{\"@id\":\"https:\\\/\\\/ollantayitzamna.com\\\/?p=433#primaryimage\"},\"thumbnailUrl\":\"https:\\\/\\\/i0.wp.com\\\/ollantayitzamna.com\\\/wp-content\\\/uploads\\\/2017\\\/06\\\/tierra-imagen.jpeg?fit=350%2C349&ssl=1\",\"keywords\":[\"5 de junio\",\"Medio Ambiente\",\"Tierra\"],\"articleSection\":[\"Buen Vivir\"],\"inLanguage\":\"es\",\"potentialAction\":[{\"@type\":\"CommentAction\",\"name\":\"Comment\",\"target\":[\"https:\\\/\\\/ollantayitzamna.com\\\/?p=433#respond\"]}]},{\"@type\":\"WebPage\",\"@id\":\"https:\\\/\\\/ollantayitzamna.com\\\/?p=433\",\"url\":\"https:\\\/\\\/ollantayitzamna.com\\\/?p=433\",\"name\":\"AMBIENTALISMOS CUALIFICADOS Y SUS DESAF\u00cdOS - Ollantay Itzamn\u00e1\",\"isPartOf\":{\"@id\":\"https:\\\/\\\/ollantayitzamna.com\\\/#website\"},\"primaryImageOfPage\":{\"@id\":\"https:\\\/\\\/ollantayitzamna.com\\\/?p=433#primaryimage\"},\"image\":{\"@id\":\"https:\\\/\\\/ollantayitzamna.com\\\/?p=433#primaryimage\"},\"thumbnailUrl\":\"https:\\\/\\\/i0.wp.com\\\/ollantayitzamna.com\\\/wp-content\\\/uploads\\\/2017\\\/06\\\/tierra-imagen.jpeg?fit=350%2C349&ssl=1\",\"datePublished\":\"2017-06-05T13:41:22+00:00\",\"dateModified\":\"2025-07-04T13:37:35+00:00\",\"author\":{\"@id\":\"https:\\\/\\\/ollantayitzamna.com\\\/#\\\/schema\\\/person\\\/d7d683451f51a71c7d7c6b4b70437092\"},\"breadcrumb\":{\"@id\":\"https:\\\/\\\/ollantayitzamna.com\\\/?p=433#breadcrumb\"},\"inLanguage\":\"es\",\"potentialAction\":[{\"@type\":\"ReadAction\",\"target\":[\"https:\\\/\\\/ollantayitzamna.com\\\/?p=433\"]}]},{\"@type\":\"ImageObject\",\"inLanguage\":\"es\",\"@id\":\"https:\\\/\\\/ollantayitzamna.com\\\/?p=433#primaryimage\",\"url\":\"https:\\\/\\\/i0.wp.com\\\/ollantayitzamna.com\\\/wp-content\\\/uploads\\\/2017\\\/06\\\/tierra-imagen.jpeg?fit=350%2C349&ssl=1\",\"contentUrl\":\"https:\\\/\\\/i0.wp.com\\\/ollantayitzamna.com\\\/wp-content\\\/uploads\\\/2017\\\/06\\\/tierra-imagen.jpeg?fit=350%2C349&ssl=1\",\"width\":350,\"height\":349},{\"@type\":\"BreadcrumbList\",\"@id\":\"https:\\\/\\\/ollantayitzamna.com\\\/?p=433#breadcrumb\",\"itemListElement\":[{\"@type\":\"ListItem\",\"position\":1,\"name\":\"Portada\",\"item\":\"https:\\\/\\\/ollantayitzamna.com\\\/\"},{\"@type\":\"ListItem\",\"position\":2,\"name\":\"AMBIENTALISMOS CUALIFICADOS Y SUS DESAF\u00cdOS\"}]},{\"@type\":\"WebSite\",\"@id\":\"https:\\\/\\\/ollantayitzamna.com\\\/#website\",\"url\":\"https:\\\/\\\/ollantayitzamna.com\\\/\",\"name\":\"Ollantay Itzamn\u00e1\",\"description\":\"Susurros del silencio\",\"potentialAction\":[{\"@type\":\"SearchAction\",\"target\":{\"@type\":\"EntryPoint\",\"urlTemplate\":\"https:\\\/\\\/ollantayitzamna.com\\\/?s={search_term_string}\"},\"query-input\":{\"@type\":\"PropertyValueSpecification\",\"valueRequired\":true,\"valueName\":\"search_term_string\"}}],\"inLanguage\":\"es\"},{\"@type\":\"Person\",\"@id\":\"https:\\\/\\\/ollantayitzamna.com\\\/#\\\/schema\\\/person\\\/d7d683451f51a71c7d7c6b4b70437092\",\"name\":\"ollantayitzamna\",\"image\":{\"@type\":\"ImageObject\",\"inLanguage\":\"es\",\"@id\":\"https:\\\/\\\/secure.gravatar.com\\\/avatar\\\/576387c53cc1a5ef704abf20408627fa3cb969d3f33355a576a2b20d65397362?s=96&d=identicon&r=g\",\"url\":\"https:\\\/\\\/secure.gravatar.com\\\/avatar\\\/576387c53cc1a5ef704abf20408627fa3cb969d3f33355a576a2b20d65397362?s=96&d=identicon&r=g\",\"contentUrl\":\"https:\\\/\\\/secure.gravatar.com\\\/avatar\\\/576387c53cc1a5ef704abf20408627fa3cb969d3f33355a576a2b20d65397362?s=96&d=identicon&r=g\",\"caption\":\"ollantayitzamna\"},\"description\":\"Soy Tierra que siente, que llora, que ama, que conspira, que sue\u00f1a. Soy wawa (criatura) de la Pachamama.\",\"sameAs\":[\"http:\\\/\\\/ollantayitzamna.com\"],\"url\":\"https:\\\/\\\/ollantayitzamna.com\\\/?author=95365428\"}]}<\/script>\n<!-- \/ Yoast SEO plugin. -->","yoast_head_json":{"title":"AMBIENTALISMOS CUALIFICADOS Y SUS DESAF\u00cdOS - Ollantay Itzamn\u00e1","robots":{"index":"index","follow":"follow","max-snippet":"max-snippet:-1","max-image-preview":"max-image-preview:large","max-video-preview":"max-video-preview:-1"},"canonical":"https:\/\/ollantayitzamna.com\/?p=433","og_locale":"es_ES","og_type":"article","og_title":"AMBIENTALISMOS CUALIFICADOS Y SUS DESAF\u00cdOS - Ollantay Itzamn\u00e1","og_description":"Estos tiempos requieren no s\u00f3lo de ambientalistas, sino de hijos\/as de la Tierra que sientan los dolores catastr\u00f3ficos de su Madre, y act\u00faen para mitigar y\/o cambiar progresivamente las causas estructurales de dichos males. Y ello implica cambios de estilos de vida. Una proceso de autoliberaci\u00f3n interna individual y colectiva para salir del sistema-mundo-ecocida en [&hellip;]","og_url":"https:\/\/ollantayitzamna.com\/?p=433","og_site_name":"Ollantay Itzamn\u00e1","article_published_time":"2017-06-05T13:41:22+00:00","article_modified_time":"2025-07-04T13:37:35+00:00","og_image":[{"width":350,"height":349,"url":"https:\/\/i0.wp.com\/ollantayitzamna.com\/wp-content\/uploads\/2017\/06\/tierra-imagen.jpeg?fit=350%2C349&ssl=1","type":"image\/jpeg"}],"author":"ollantayitzamna","twitter_card":"summary_large_image","twitter_misc":{"Escrito por":"ollantayitzamna","Tiempo de lectura":"6 minutos"},"schema":{"@context":"https:\/\/schema.org","@graph":[{"@type":"Article","@id":"https:\/\/ollantayitzamna.com\/?p=433#article","isPartOf":{"@id":"https:\/\/ollantayitzamna.com\/?p=433"},"author":{"name":"ollantayitzamna","@id":"https:\/\/ollantayitzamna.com\/#\/schema\/person\/d7d683451f51a71c7d7c6b4b70437092"},"headline":"AMBIENTALISMOS CUALIFICADOS Y SUS DESAF\u00cdOS","datePublished":"2017-06-05T13:41:22+00:00","dateModified":"2025-07-04T13:37:35+00:00","mainEntityOfPage":{"@id":"https:\/\/ollantayitzamna.com\/?p=433"},"wordCount":1157,"commentCount":0,"image":{"@id":"https:\/\/ollantayitzamna.com\/?p=433#primaryimage"},"thumbnailUrl":"https:\/\/i0.wp.com\/ollantayitzamna.com\/wp-content\/uploads\/2017\/06\/tierra-imagen.jpeg?fit=350%2C349&ssl=1","keywords":["5 de junio","Medio Ambiente","Tierra"],"articleSection":["Buen Vivir"],"inLanguage":"es","potentialAction":[{"@type":"CommentAction","name":"Comment","target":["https:\/\/ollantayitzamna.com\/?p=433#respond"]}]},{"@type":"WebPage","@id":"https:\/\/ollantayitzamna.com\/?p=433","url":"https:\/\/ollantayitzamna.com\/?p=433","name":"AMBIENTALISMOS CUALIFICADOS Y SUS DESAF\u00cdOS - Ollantay Itzamn\u00e1","isPartOf":{"@id":"https:\/\/ollantayitzamna.com\/#website"},"primaryImageOfPage":{"@id":"https:\/\/ollantayitzamna.com\/?p=433#primaryimage"},"image":{"@id":"https:\/\/ollantayitzamna.com\/?p=433#primaryimage"},"thumbnailUrl":"https:\/\/i0.wp.com\/ollantayitzamna.com\/wp-content\/uploads\/2017\/06\/tierra-imagen.jpeg?fit=350%2C349&ssl=1","datePublished":"2017-06-05T13:41:22+00:00","dateModified":"2025-07-04T13:37:35+00:00","author":{"@id":"https:\/\/ollantayitzamna.com\/#\/schema\/person\/d7d683451f51a71c7d7c6b4b70437092"},"breadcrumb":{"@id":"https:\/\/ollantayitzamna.com\/?p=433#breadcrumb"},"inLanguage":"es","potentialAction":[{"@type":"ReadAction","target":["https:\/\/ollantayitzamna.com\/?p=433"]}]},{"@type":"ImageObject","inLanguage":"es","@id":"https:\/\/ollantayitzamna.com\/?p=433#primaryimage","url":"https:\/\/i0.wp.com\/ollantayitzamna.com\/wp-content\/uploads\/2017\/06\/tierra-imagen.jpeg?fit=350%2C349&ssl=1","contentUrl":"https:\/\/i0.wp.com\/ollantayitzamna.com\/wp-content\/uploads\/2017\/06\/tierra-imagen.jpeg?fit=350%2C349&ssl=1","width":350,"height":349},{"@type":"BreadcrumbList","@id":"https:\/\/ollantayitzamna.com\/?p=433#breadcrumb","itemListElement":[{"@type":"ListItem","position":1,"name":"Portada","item":"https:\/\/ollantayitzamna.com\/"},{"@type":"ListItem","position":2,"name":"AMBIENTALISMOS CUALIFICADOS Y SUS DESAF\u00cdOS"}]},{"@type":"WebSite","@id":"https:\/\/ollantayitzamna.com\/#website","url":"https:\/\/ollantayitzamna.com\/","name":"Ollantay Itzamn\u00e1","description":"Susurros del silencio","potentialAction":[{"@type":"SearchAction","target":{"@type":"EntryPoint","urlTemplate":"https:\/\/ollantayitzamna.com\/?s={search_term_string}"},"query-input":{"@type":"PropertyValueSpecification","valueRequired":true,"valueName":"search_term_string"}}],"inLanguage":"es"},{"@type":"Person","@id":"https:\/\/ollantayitzamna.com\/#\/schema\/person\/d7d683451f51a71c7d7c6b4b70437092","name":"ollantayitzamna","image":{"@type":"ImageObject","inLanguage":"es","@id":"https:\/\/secure.gravatar.com\/avatar\/576387c53cc1a5ef704abf20408627fa3cb969d3f33355a576a2b20d65397362?s=96&d=identicon&r=g","url":"https:\/\/secure.gravatar.com\/avatar\/576387c53cc1a5ef704abf20408627fa3cb969d3f33355a576a2b20d65397362?s=96&d=identicon&r=g","contentUrl":"https:\/\/secure.gravatar.com\/avatar\/576387c53cc1a5ef704abf20408627fa3cb969d3f33355a576a2b20d65397362?s=96&d=identicon&r=g","caption":"ollantayitzamna"},"description":"Soy Tierra que siente, que llora, que ama, que conspira, que sue\u00f1a. Soy wawa (criatura) de la Pachamama.","sameAs":["http:\/\/ollantayitzamna.com"],"url":"https:\/\/ollantayitzamna.com\/?author=95365428"}]}},"jetpack_publicize_connections":[],"jetpack_likes_enabled":true,"jetpack_sharing_enabled":true,"jetpack_featured_media_url":"https:\/\/i0.wp.com\/ollantayitzamna.com\/wp-content\/uploads\/2017\/06\/tierra-imagen.jpeg?fit=350%2C349&ssl=1","_links":{"self":[{"href":"https:\/\/ollantayitzamna.com\/index.php?rest_route=\/wp\/v2\/posts\/433","targetHints":{"allow":["GET"]}}],"collection":[{"href":"https:\/\/ollantayitzamna.com\/index.php?rest_route=\/wp\/v2\/posts"}],"about":[{"href":"https:\/\/ollantayitzamna.com\/index.php?rest_route=\/wp\/v2\/types\/post"}],"author":[{"embeddable":true,"href":"https:\/\/ollantayitzamna.com\/index.php?rest_route=\/wp\/v2\/users\/95365428"}],"replies":[{"embeddable":true,"href":"https:\/\/ollantayitzamna.com\/index.php?rest_route=%2Fwp%2Fv2%2Fcomments&post=433"}],"version-history":[{"count":3,"href":"https:\/\/ollantayitzamna.com\/index.php?rest_route=\/wp\/v2\/posts\/433\/revisions"}],"predecessor-version":[{"id":438,"href":"https:\/\/ollantayitzamna.com\/index.php?rest_route=\/wp\/v2\/posts\/433\/revisions\/438"}],"wp:featuredmedia":[{"embeddable":true,"href":"https:\/\/ollantayitzamna.com\/index.php?rest_route=\/wp\/v2\/media\/434"}],"wp:attachment":[{"href":"https:\/\/ollantayitzamna.com\/index.php?rest_route=%2Fwp%2Fv2%2Fmedia&parent=433"}],"wp:term":[{"taxonomy":"category","embeddable":true,"href":"https:\/\/ollantayitzamna.com\/index.php?rest_route=%2Fwp%2Fv2%2Fcategories&post=433"},{"taxonomy":"post_tag","embeddable":true,"href":"https:\/\/ollantayitzamna.com\/index.php?rest_route=%2Fwp%2Fv2%2Ftags&post=433"}],"curies":[{"name":"wp","href":"https:\/\/api.w.org\/{rel}","templated":true}]}}