{"id":4352,"date":"2023-11-03T12:05:42","date_gmt":"2023-11-03T18:05:42","guid":{"rendered":"https:\/\/ollantayitzamna.com\/?p=4352"},"modified":"2023-11-03T12:05:42","modified_gmt":"2023-11-03T18:05:42","slug":"abya-yala-no-debe-ser-indiferente-al-holocausto-palestino","status":"publish","type":"post","link":"https:\/\/ollantayitzamna.com\/?p=4352","title":{"rendered":"Abya Yala no debe ser indiferente al holocausto palestino"},"content":{"rendered":"<figure id=\"attachment_4359\" aria-describedby=\"caption-attachment-4359\" style=\"width: 728px\" class=\"wp-caption aligncenter\"><img data-recalc-dims=\"1\" fetchpriority=\"high\" decoding=\"async\" data-attachment-id=\"4359\" data-permalink=\"https:\/\/ollantayitzamna.com\/?attachment_id=4359\" data-orig-file=\"https:\/\/i0.wp.com\/ollantayitzamna.com\/wp-content\/uploads\/2023\/11\/bf547bd2-12e4-4ce5-b4eb-750a1f1bd3a4.jpg?fit=728%2C420&amp;ssl=1\" data-orig-size=\"728,420\" data-comments-opened=\"1\" data-image-meta=\"{&quot;aperture&quot;:&quot;0&quot;,&quot;credit&quot;:&quot;&quot;,&quot;camera&quot;:&quot;&quot;,&quot;caption&quot;:&quot;&quot;,&quot;created_timestamp&quot;:&quot;0&quot;,&quot;copyright&quot;:&quot;&quot;,&quot;focal_length&quot;:&quot;0&quot;,&quot;iso&quot;:&quot;0&quot;,&quot;shutter_speed&quot;:&quot;0&quot;,&quot;title&quot;:&quot;&quot;,&quot;orientation&quot;:&quot;0&quot;}\" data-image-title=\"bf547bd2-12e4-4ce5-b4eb-750a1f1bd3a4\" data-image-description=\"\" data-image-caption=\"&lt;p&gt;Dibujo sobre Palestina. Internet&lt;\/p&gt;\n\" data-large-file=\"https:\/\/i0.wp.com\/ollantayitzamna.com\/wp-content\/uploads\/2023\/11\/bf547bd2-12e4-4ce5-b4eb-750a1f1bd3a4.jpg?fit=728%2C420&amp;ssl=1\" class=\"size-full wp-image-4359\" src=\"https:\/\/i0.wp.com\/ollantayitzamna.com\/wp-content\/uploads\/2023\/11\/bf547bd2-12e4-4ce5-b4eb-750a1f1bd3a4.jpg?resize=728%2C420&#038;ssl=1\" alt=\"\" width=\"728\" height=\"420\" srcset=\"https:\/\/i0.wp.com\/ollantayitzamna.com\/wp-content\/uploads\/2023\/11\/bf547bd2-12e4-4ce5-b4eb-750a1f1bd3a4.jpg?w=728&amp;ssl=1 728w, https:\/\/i0.wp.com\/ollantayitzamna.com\/wp-content\/uploads\/2023\/11\/bf547bd2-12e4-4ce5-b4eb-750a1f1bd3a4.jpg?resize=300%2C173&amp;ssl=1 300w, https:\/\/i0.wp.com\/ollantayitzamna.com\/wp-content\/uploads\/2023\/11\/bf547bd2-12e4-4ce5-b4eb-750a1f1bd3a4.jpg?resize=150%2C87&amp;ssl=1 150w\" sizes=\"(max-width: 728px) 100vw, 728px\" \/><figcaption id=\"caption-attachment-4359\" class=\"wp-caption-text\">Dibujo sobre Palestina. Internet<\/figcaption><\/figure>\n<blockquote>\n<h5>En la historia moderna que corre de 1492 a 2023, la humanidad sufre tres holocaustos (exterminio de pueblos por razones pol\u00edticas, religiosas o culturales).<!--more--><\/h5>\n<\/blockquote>\n<p>El primer holocausto lo sufrimos los pueblos de Abya Yala, desde 1492 en adelante, cuando nuestros ingratos \u00abhu\u00e9spedes europeos metalizados\u00bb, para apoderarse de todos nuestros bienes, nos sometieron al exterminio biol\u00f3gico y cultural total. Cerca de 70 millones de nuestros padres fueron aniquilados en cuesti\u00f3n de d\u00e9cadas por los hib\u00e9ricus. A este exterminio sobrevino el comercio europeo de la carne humana, compra venta de esclavos del \u00c1frica.<\/p>\n<p>El segundo holocausto tambi\u00e9n lo ejecut\u00f3 Europa en su expresi\u00f3n de la Alemania enferma, durante la II Guerra Mundial (1939-1944). La v\u00edctima fue parte del pueblo jud\u00edo, errante en Europa del norte. Este holocausto fue condenado, y castigado a los culpables, como se deb\u00eda. Situaci\u00f3n que no ocurri\u00f3 con los impunes responsables del primer holocausto.<\/p>\n<p>Como \u00abparte del resarcimiento moral y pol\u00edtico\u00bb, promovido por la oligarqu\u00eda internacional sionista, en las Naciones Unidas se decidi\u00f3 que el pueblo Pelestino acogiese, en una parte de su territorio, al \u00abpueblo elegido\u00bb de Israel, en 1948. Y en cuesti\u00f3n de a\u00f1os, el \u00abhu\u00e9sped sionista\u00bb ensangrent\u00f3 a sus anfitriones, ocup\u00f3 en m\u00e1s del 90% el territorio palestino para convertirlos en campos de cultivo agr\u00edcola y extracci\u00f3n del petr\u00f3leo para el mercado internacional.<\/p>\n<p>As\u00ed, ahora, la humanidad es humillada con el tercer holocausto m\u00e1s letal de la historia contra el pueblo palestino. El Estado de Israel (diferente al pueblo jud\u00edo, porque millones de jud\u00edos viven tambi\u00e9n en Palestina), legitimado por Europa\/OTAN y financiado por los EEUU, est\u00e1 \u00abfertilizando\u00bb los suelos que cultivar\u00e1 para su agroexportaci\u00f3n, con cuerpos y sangre de miles de palestinos.<\/p>\n<p>Antes este tercer holocausto, algunos gobiernos de Abya Yala comenzaron a tomar medidas con sensibilidad hist\u00f3rica. Bolivia decidi\u00f3 romper relaciones con Israel, Colombia impulsa para que los culpables israel\u00eds sean juzgados por genocidio en tribunales internacionales, Chile llam\u00f3 a su embajador en Israel a consulta. Pero, esto no es suficiente.<\/p>\n<figure id=\"attachment_4360\" aria-describedby=\"caption-attachment-4360\" style=\"width: 1079px\" class=\"wp-caption aligncenter\"><img data-recalc-dims=\"1\" decoding=\"async\" data-attachment-id=\"4360\" data-permalink=\"https:\/\/ollantayitzamna.com\/?attachment_id=4360\" data-orig-file=\"https:\/\/i0.wp.com\/ollantayitzamna.com\/wp-content\/uploads\/2023\/11\/83fad9f8-3d0a-447c-8915-bcf8f0572a8c.jpg?fit=1079%2C1034&amp;ssl=1\" data-orig-size=\"1079,1034\" data-comments-opened=\"1\" data-image-meta=\"{&quot;aperture&quot;:&quot;0&quot;,&quot;credit&quot;:&quot;&quot;,&quot;camera&quot;:&quot;&quot;,&quot;caption&quot;:&quot;&quot;,&quot;created_timestamp&quot;:&quot;0&quot;,&quot;copyright&quot;:&quot;&quot;,&quot;focal_length&quot;:&quot;0&quot;,&quot;iso&quot;:&quot;0&quot;,&quot;shutter_speed&quot;:&quot;0&quot;,&quot;title&quot;:&quot;&quot;,&quot;orientation&quot;:&quot;0&quot;}\" data-image-title=\"83fad9f8-3d0a-447c-8915-bcf8f0572a8c\" data-image-description=\"\" data-image-caption=\"&lt;p&gt;Contemplaci\u00f3n. Palestina. Internet&lt;\/p&gt;\n\" data-large-file=\"https:\/\/i0.wp.com\/ollantayitzamna.com\/wp-content\/uploads\/2023\/11\/83fad9f8-3d0a-447c-8915-bcf8f0572a8c.jpg?fit=800%2C766&amp;ssl=1\" class=\"size-full wp-image-4360\" src=\"https:\/\/i0.wp.com\/ollantayitzamna.com\/wp-content\/uploads\/2023\/11\/83fad9f8-3d0a-447c-8915-bcf8f0572a8c.jpg?resize=800%2C767&#038;ssl=1\" alt=\"\" width=\"800\" height=\"767\" srcset=\"https:\/\/i0.wp.com\/ollantayitzamna.com\/wp-content\/uploads\/2023\/11\/83fad9f8-3d0a-447c-8915-bcf8f0572a8c.jpg?w=1079&amp;ssl=1 1079w, https:\/\/i0.wp.com\/ollantayitzamna.com\/wp-content\/uploads\/2023\/11\/83fad9f8-3d0a-447c-8915-bcf8f0572a8c.jpg?resize=300%2C287&amp;ssl=1 300w, https:\/\/i0.wp.com\/ollantayitzamna.com\/wp-content\/uploads\/2023\/11\/83fad9f8-3d0a-447c-8915-bcf8f0572a8c.jpg?resize=1024%2C981&amp;ssl=1 1024w, https:\/\/i0.wp.com\/ollantayitzamna.com\/wp-content\/uploads\/2023\/11\/83fad9f8-3d0a-447c-8915-bcf8f0572a8c.jpg?resize=150%2C144&amp;ssl=1 150w, https:\/\/i0.wp.com\/ollantayitzamna.com\/wp-content\/uploads\/2023\/11\/83fad9f8-3d0a-447c-8915-bcf8f0572a8c.jpg?resize=768%2C736&amp;ssl=1 768w, https:\/\/i0.wp.com\/ollantayitzamna.com\/wp-content\/uploads\/2023\/11\/83fad9f8-3d0a-447c-8915-bcf8f0572a8c.jpg?resize=900%2C862&amp;ssl=1 900w\" sizes=\"(max-width: 800px) 100vw, 800px\" \/><figcaption id=\"caption-attachment-4360\" class=\"wp-caption-text\">Contemplaci\u00f3n. Palestina. Internet<\/figcaption><\/figure>\n<p>Los estados y jefes de gobierno del Continente de Abya Yala, como sobrevivientes al primer holocausto moderno, deben de asumir una actitud m\u00e1s consecuente con la historia y con la Vida. La indiferencia o la impunidad del Estado de Israel es y ser\u00e1 un premio para que el Hitler israel\u00ed, nutrido con sangre palestino, ataque a cualquier otro pa\u00eds del mundo pr\u00f3ximamente.<\/p>\n<p>Ahora es el momento para que la Comunidad de Estados Latinoamericanos y Caribe\u00f1os (CELAC), el Mercado Com\u00fan del Sur (MERCOSUR), la Uni\u00f3n de Naciones Suramericanas (UNASUR) y otros espacios, tomen medidas pol\u00edticas, incluso comerciales contra el Estado de Israel.<\/p>\n<p>Los pueblos originarios, movimientos sociales y sectores populares del Continente debemos continuar con la solidaridad comunicacional y las expresiones de protesta frente a las embajadas de Israel en los diferentes pa\u00edses. No podemos, ni debemos ser c\u00f3mplices silentes con este tercer holocausto que aniquila a la humanidad.<\/p>\n","protected":false},"excerpt":{"rendered":"<p>En la historia moderna que corre de 1492 a 2023, la humanidad sufre tres holocaustos (exterminio de pueblos por razones pol\u00edticas, religiosas o culturales).<\/p>\n","protected":false},"author":95365428,"featured_media":4360,"comment_status":"open","ping_status":"open","sticky":false,"template":"","format":"standard","meta":{"_coblocks_attr":"","_coblocks_dimensions":"","_coblocks_responsive_height":"","_coblocks_accordion_ie_support":"","_jetpack_newsletter_access":"","_jetpack_dont_email_post_to_subs":false,"_jetpack_newsletter_tier_id":0,"_jetpack_memberships_contains_paywalled_content":false,"_wpcom_ai_launchpad_first_post":false,"_jetpack_feature_clip_id":0,"_jetpack_memberships_contains_paid_content":false,"footnotes":"","jetpack_publicize_message":"Abya Yala no debe ser indiferente al holocausto palestino","jetpack_publicize_feature_enabled":true,"jetpack_social_post_already_shared":true,"jetpack_social_options":{"image_generator_settings":{"template":"highway","default_image_id":0,"font":"","enabled":false},"version":2},"_wpas_customize_per_network":false,"jetpack_post_was_ever_published":false},"categories":[406844226],"tags":[4316661,696796249,696796243,696796241],"class_list":["post-4352","post","type-post","status-publish","format-standard","has-post-thumbnail","hentry","category-decolonialidad","tag-abya-yala","tag-holocausto-palestino","tag-israel","tag-palestina"],"yoast_head":"<!-- This site is optimized with the Yoast SEO plugin v28.3 - https:\/\/yoast.com\/product\/yoast-seo-wordpress\/ -->\n<title>Abya Yala no debe ser indiferente al holocausto palestino - Ollantay Itzamn\u00e1<\/title>\n<meta name=\"robots\" content=\"index, follow, max-snippet:-1, max-image-preview:large, max-video-preview:-1\" \/>\n<link rel=\"canonical\" href=\"https:\/\/ollantayitzamna.com\/?p=4352\" \/>\n<meta property=\"og:locale\" content=\"es_ES\" \/>\n<meta property=\"og:type\" content=\"article\" \/>\n<meta property=\"og:title\" content=\"Abya Yala no debe ser indiferente al holocausto palestino - Ollantay Itzamn\u00e1\" \/>\n<meta property=\"og:description\" content=\"En la historia moderna que corre de 1492 a 2023, la humanidad sufre tres holocaustos (exterminio de pueblos por razones pol\u00edticas, religiosas o culturales).\" \/>\n<meta property=\"og:url\" content=\"https:\/\/ollantayitzamna.com\/?p=4352\" \/>\n<meta property=\"og:site_name\" content=\"Ollantay Itzamn\u00e1\" \/>\n<meta property=\"article:published_time\" content=\"2023-11-03T18:05:42+00:00\" \/>\n<meta property=\"og:image\" content=\"https:\/\/i0.wp.com\/ollantayitzamna.com\/wp-content\/uploads\/2023\/11\/83fad9f8-3d0a-447c-8915-bcf8f0572a8c.jpg?fit=1079%2C1034&ssl=1\" \/>\n\t<meta property=\"og:image:width\" content=\"1079\" \/>\n\t<meta property=\"og:image:height\" content=\"1034\" \/>\n\t<meta property=\"og:image:type\" content=\"image\/jpeg\" \/>\n<meta name=\"author\" content=\"ollantayitzamna\" \/>\n<meta name=\"twitter:card\" content=\"summary_large_image\" \/>\n<meta name=\"twitter:label1\" content=\"Escrito por\" \/>\n\t<meta name=\"twitter:data1\" content=\"ollantayitzamna\" \/>\n\t<meta name=\"twitter:label2\" content=\"Tiempo de lectura\" \/>\n\t<meta name=\"twitter:data2\" content=\"3 minutos\" \/>\n<script type=\"application\/ld+json\" class=\"yoast-schema-graph\">{\"@context\":\"https:\\\/\\\/schema.org\",\"@graph\":[{\"@type\":\"Article\",\"@id\":\"https:\\\/\\\/ollantayitzamna.com\\\/?p=4352#article\",\"isPartOf\":{\"@id\":\"https:\\\/\\\/ollantayitzamna.com\\\/?p=4352\"},\"author\":{\"name\":\"ollantayitzamna\",\"@id\":\"https:\\\/\\\/ollantayitzamna.com\\\/#\\\/schema\\\/person\\\/d7d683451f51a71c7d7c6b4b70437092\"},\"headline\":\"Abya Yala no debe ser indiferente al holocausto palestino\",\"datePublished\":\"2023-11-03T18:05:42+00:00\",\"mainEntityOfPage\":{\"@id\":\"https:\\\/\\\/ollantayitzamna.com\\\/?p=4352\"},\"wordCount\":539,\"commentCount\":0,\"image\":{\"@id\":\"https:\\\/\\\/ollantayitzamna.com\\\/?p=4352#primaryimage\"},\"thumbnailUrl\":\"https:\\\/\\\/i0.wp.com\\\/ollantayitzamna.com\\\/wp-content\\\/uploads\\\/2023\\\/11\\\/83fad9f8-3d0a-447c-8915-bcf8f0572a8c.jpg?fit=1079%2C1034&ssl=1\",\"keywords\":[\"Abya Yala\",\"holocausto palestino\",\"Israel\",\"Palestina\"],\"articleSection\":[\"Decolonialidad\"],\"inLanguage\":\"es\",\"potentialAction\":[{\"@type\":\"CommentAction\",\"name\":\"Comment\",\"target\":[\"https:\\\/\\\/ollantayitzamna.com\\\/?p=4352#respond\"]}]},{\"@type\":\"WebPage\",\"@id\":\"https:\\\/\\\/ollantayitzamna.com\\\/?p=4352\",\"url\":\"https:\\\/\\\/ollantayitzamna.com\\\/?p=4352\",\"name\":\"Abya Yala no debe ser indiferente al holocausto palestino - Ollantay Itzamn\u00e1\",\"isPartOf\":{\"@id\":\"https:\\\/\\\/ollantayitzamna.com\\\/#website\"},\"primaryImageOfPage\":{\"@id\":\"https:\\\/\\\/ollantayitzamna.com\\\/?p=4352#primaryimage\"},\"image\":{\"@id\":\"https:\\\/\\\/ollantayitzamna.com\\\/?p=4352#primaryimage\"},\"thumbnailUrl\":\"https:\\\/\\\/i0.wp.com\\\/ollantayitzamna.com\\\/wp-content\\\/uploads\\\/2023\\\/11\\\/83fad9f8-3d0a-447c-8915-bcf8f0572a8c.jpg?fit=1079%2C1034&ssl=1\",\"datePublished\":\"2023-11-03T18:05:42+00:00\",\"author\":{\"@id\":\"https:\\\/\\\/ollantayitzamna.com\\\/#\\\/schema\\\/person\\\/d7d683451f51a71c7d7c6b4b70437092\"},\"breadcrumb\":{\"@id\":\"https:\\\/\\\/ollantayitzamna.com\\\/?p=4352#breadcrumb\"},\"inLanguage\":\"es\",\"potentialAction\":[{\"@type\":\"ReadAction\",\"target\":[\"https:\\\/\\\/ollantayitzamna.com\\\/?p=4352\"]}]},{\"@type\":\"ImageObject\",\"inLanguage\":\"es\",\"@id\":\"https:\\\/\\\/ollantayitzamna.com\\\/?p=4352#primaryimage\",\"url\":\"https:\\\/\\\/i0.wp.com\\\/ollantayitzamna.com\\\/wp-content\\\/uploads\\\/2023\\\/11\\\/83fad9f8-3d0a-447c-8915-bcf8f0572a8c.jpg?fit=1079%2C1034&ssl=1\",\"contentUrl\":\"https:\\\/\\\/i0.wp.com\\\/ollantayitzamna.com\\\/wp-content\\\/uploads\\\/2023\\\/11\\\/83fad9f8-3d0a-447c-8915-bcf8f0572a8c.jpg?fit=1079%2C1034&ssl=1\",\"width\":1079,\"height\":1034,\"caption\":\"Contemplaci\u00f3n. Palestina. Internet\"},{\"@type\":\"BreadcrumbList\",\"@id\":\"https:\\\/\\\/ollantayitzamna.com\\\/?p=4352#breadcrumb\",\"itemListElement\":[{\"@type\":\"ListItem\",\"position\":1,\"name\":\"Portada\",\"item\":\"https:\\\/\\\/ollantayitzamna.com\\\/\"},{\"@type\":\"ListItem\",\"position\":2,\"name\":\"Abya Yala no debe ser indiferente al holocausto palestino\"}]},{\"@type\":\"WebSite\",\"@id\":\"https:\\\/\\\/ollantayitzamna.com\\\/#website\",\"url\":\"https:\\\/\\\/ollantayitzamna.com\\\/\",\"name\":\"Ollantay Itzamn\u00e1\",\"description\":\"Susurros del silencio\",\"potentialAction\":[{\"@type\":\"SearchAction\",\"target\":{\"@type\":\"EntryPoint\",\"urlTemplate\":\"https:\\\/\\\/ollantayitzamna.com\\\/?s={search_term_string}\"},\"query-input\":{\"@type\":\"PropertyValueSpecification\",\"valueRequired\":true,\"valueName\":\"search_term_string\"}}],\"inLanguage\":\"es\"},{\"@type\":\"Person\",\"@id\":\"https:\\\/\\\/ollantayitzamna.com\\\/#\\\/schema\\\/person\\\/d7d683451f51a71c7d7c6b4b70437092\",\"name\":\"ollantayitzamna\",\"image\":{\"@type\":\"ImageObject\",\"inLanguage\":\"es\",\"@id\":\"https:\\\/\\\/secure.gravatar.com\\\/avatar\\\/576387c53cc1a5ef704abf20408627fa3cb969d3f33355a576a2b20d65397362?s=96&d=identicon&r=g\",\"url\":\"https:\\\/\\\/secure.gravatar.com\\\/avatar\\\/576387c53cc1a5ef704abf20408627fa3cb969d3f33355a576a2b20d65397362?s=96&d=identicon&r=g\",\"contentUrl\":\"https:\\\/\\\/secure.gravatar.com\\\/avatar\\\/576387c53cc1a5ef704abf20408627fa3cb969d3f33355a576a2b20d65397362?s=96&d=identicon&r=g\",\"caption\":\"ollantayitzamna\"},\"description\":\"Soy Tierra que siente, que llora, que ama, que conspira, que sue\u00f1a. Soy wawa (criatura) de la Pachamama.\",\"sameAs\":[\"http:\\\/\\\/ollantayitzamna.com\"],\"url\":\"https:\\\/\\\/ollantayitzamna.com\\\/?author=95365428\"}]}<\/script>\n<!-- \/ Yoast SEO plugin. -->","yoast_head_json":{"title":"Abya Yala no debe ser indiferente al holocausto palestino - Ollantay Itzamn\u00e1","robots":{"index":"index","follow":"follow","max-snippet":"max-snippet:-1","max-image-preview":"max-image-preview:large","max-video-preview":"max-video-preview:-1"},"canonical":"https:\/\/ollantayitzamna.com\/?p=4352","og_locale":"es_ES","og_type":"article","og_title":"Abya Yala no debe ser indiferente al holocausto palestino - Ollantay Itzamn\u00e1","og_description":"En la historia moderna que corre de 1492 a 2023, la humanidad sufre tres holocaustos (exterminio de pueblos por razones pol\u00edticas, religiosas o culturales).","og_url":"https:\/\/ollantayitzamna.com\/?p=4352","og_site_name":"Ollantay Itzamn\u00e1","article_published_time":"2023-11-03T18:05:42+00:00","og_image":[{"width":1079,"height":1034,"url":"https:\/\/i0.wp.com\/ollantayitzamna.com\/wp-content\/uploads\/2023\/11\/83fad9f8-3d0a-447c-8915-bcf8f0572a8c.jpg?fit=1079%2C1034&ssl=1","type":"image\/jpeg"}],"author":"ollantayitzamna","twitter_card":"summary_large_image","twitter_misc":{"Escrito por":"ollantayitzamna","Tiempo de lectura":"3 minutos"},"schema":{"@context":"https:\/\/schema.org","@graph":[{"@type":"Article","@id":"https:\/\/ollantayitzamna.com\/?p=4352#article","isPartOf":{"@id":"https:\/\/ollantayitzamna.com\/?p=4352"},"author":{"name":"ollantayitzamna","@id":"https:\/\/ollantayitzamna.com\/#\/schema\/person\/d7d683451f51a71c7d7c6b4b70437092"},"headline":"Abya Yala no debe ser indiferente al holocausto palestino","datePublished":"2023-11-03T18:05:42+00:00","mainEntityOfPage":{"@id":"https:\/\/ollantayitzamna.com\/?p=4352"},"wordCount":539,"commentCount":0,"image":{"@id":"https:\/\/ollantayitzamna.com\/?p=4352#primaryimage"},"thumbnailUrl":"https:\/\/i0.wp.com\/ollantayitzamna.com\/wp-content\/uploads\/2023\/11\/83fad9f8-3d0a-447c-8915-bcf8f0572a8c.jpg?fit=1079%2C1034&ssl=1","keywords":["Abya Yala","holocausto palestino","Israel","Palestina"],"articleSection":["Decolonialidad"],"inLanguage":"es","potentialAction":[{"@type":"CommentAction","name":"Comment","target":["https:\/\/ollantayitzamna.com\/?p=4352#respond"]}]},{"@type":"WebPage","@id":"https:\/\/ollantayitzamna.com\/?p=4352","url":"https:\/\/ollantayitzamna.com\/?p=4352","name":"Abya Yala no debe ser indiferente al holocausto palestino - Ollantay Itzamn\u00e1","isPartOf":{"@id":"https:\/\/ollantayitzamna.com\/#website"},"primaryImageOfPage":{"@id":"https:\/\/ollantayitzamna.com\/?p=4352#primaryimage"},"image":{"@id":"https:\/\/ollantayitzamna.com\/?p=4352#primaryimage"},"thumbnailUrl":"https:\/\/i0.wp.com\/ollantayitzamna.com\/wp-content\/uploads\/2023\/11\/83fad9f8-3d0a-447c-8915-bcf8f0572a8c.jpg?fit=1079%2C1034&ssl=1","datePublished":"2023-11-03T18:05:42+00:00","author":{"@id":"https:\/\/ollantayitzamna.com\/#\/schema\/person\/d7d683451f51a71c7d7c6b4b70437092"},"breadcrumb":{"@id":"https:\/\/ollantayitzamna.com\/?p=4352#breadcrumb"},"inLanguage":"es","potentialAction":[{"@type":"ReadAction","target":["https:\/\/ollantayitzamna.com\/?p=4352"]}]},{"@type":"ImageObject","inLanguage":"es","@id":"https:\/\/ollantayitzamna.com\/?p=4352#primaryimage","url":"https:\/\/i0.wp.com\/ollantayitzamna.com\/wp-content\/uploads\/2023\/11\/83fad9f8-3d0a-447c-8915-bcf8f0572a8c.jpg?fit=1079%2C1034&ssl=1","contentUrl":"https:\/\/i0.wp.com\/ollantayitzamna.com\/wp-content\/uploads\/2023\/11\/83fad9f8-3d0a-447c-8915-bcf8f0572a8c.jpg?fit=1079%2C1034&ssl=1","width":1079,"height":1034,"caption":"Contemplaci\u00f3n. Palestina. Internet"},{"@type":"BreadcrumbList","@id":"https:\/\/ollantayitzamna.com\/?p=4352#breadcrumb","itemListElement":[{"@type":"ListItem","position":1,"name":"Portada","item":"https:\/\/ollantayitzamna.com\/"},{"@type":"ListItem","position":2,"name":"Abya Yala no debe ser indiferente al holocausto palestino"}]},{"@type":"WebSite","@id":"https:\/\/ollantayitzamna.com\/#website","url":"https:\/\/ollantayitzamna.com\/","name":"Ollantay Itzamn\u00e1","description":"Susurros del silencio","potentialAction":[{"@type":"SearchAction","target":{"@type":"EntryPoint","urlTemplate":"https:\/\/ollantayitzamna.com\/?s={search_term_string}"},"query-input":{"@type":"PropertyValueSpecification","valueRequired":true,"valueName":"search_term_string"}}],"inLanguage":"es"},{"@type":"Person","@id":"https:\/\/ollantayitzamna.com\/#\/schema\/person\/d7d683451f51a71c7d7c6b4b70437092","name":"ollantayitzamna","image":{"@type":"ImageObject","inLanguage":"es","@id":"https:\/\/secure.gravatar.com\/avatar\/576387c53cc1a5ef704abf20408627fa3cb969d3f33355a576a2b20d65397362?s=96&d=identicon&r=g","url":"https:\/\/secure.gravatar.com\/avatar\/576387c53cc1a5ef704abf20408627fa3cb969d3f33355a576a2b20d65397362?s=96&d=identicon&r=g","contentUrl":"https:\/\/secure.gravatar.com\/avatar\/576387c53cc1a5ef704abf20408627fa3cb969d3f33355a576a2b20d65397362?s=96&d=identicon&r=g","caption":"ollantayitzamna"},"description":"Soy Tierra que siente, que llora, que ama, que conspira, que sue\u00f1a. Soy wawa (criatura) de la Pachamama.","sameAs":["http:\/\/ollantayitzamna.com"],"url":"https:\/\/ollantayitzamna.com\/?author=95365428"}]}},"jetpack_publicize_connections":[],"jetpack_likes_enabled":true,"jetpack_sharing_enabled":true,"jetpack_featured_media_url":"https:\/\/i0.wp.com\/ollantayitzamna.com\/wp-content\/uploads\/2023\/11\/83fad9f8-3d0a-447c-8915-bcf8f0572a8c.jpg?fit=1079%2C1034&ssl=1","_links":{"self":[{"href":"https:\/\/ollantayitzamna.com\/index.php?rest_route=\/wp\/v2\/posts\/4352","targetHints":{"allow":["GET"]}}],"collection":[{"href":"https:\/\/ollantayitzamna.com\/index.php?rest_route=\/wp\/v2\/posts"}],"about":[{"href":"https:\/\/ollantayitzamna.com\/index.php?rest_route=\/wp\/v2\/types\/post"}],"author":[{"embeddable":true,"href":"https:\/\/ollantayitzamna.com\/index.php?rest_route=\/wp\/v2\/users\/95365428"}],"replies":[{"embeddable":true,"href":"https:\/\/ollantayitzamna.com\/index.php?rest_route=%2Fwp%2Fv2%2Fcomments&post=4352"}],"version-history":[{"count":8,"href":"https:\/\/ollantayitzamna.com\/index.php?rest_route=\/wp\/v2\/posts\/4352\/revisions"}],"predecessor-version":[{"id":4363,"href":"https:\/\/ollantayitzamna.com\/index.php?rest_route=\/wp\/v2\/posts\/4352\/revisions\/4363"}],"wp:featuredmedia":[{"embeddable":true,"href":"https:\/\/ollantayitzamna.com\/index.php?rest_route=\/wp\/v2\/media\/4360"}],"wp:attachment":[{"href":"https:\/\/ollantayitzamna.com\/index.php?rest_route=%2Fwp%2Fv2%2Fmedia&parent=4352"}],"wp:term":[{"taxonomy":"category","embeddable":true,"href":"https:\/\/ollantayitzamna.com\/index.php?rest_route=%2Fwp%2Fv2%2Fcategories&post=4352"},{"taxonomy":"post_tag","embeddable":true,"href":"https:\/\/ollantayitzamna.com\/index.php?rest_route=%2Fwp%2Fv2%2Ftags&post=4352"}],"curies":[{"name":"wp","href":"https:\/\/api.w.org\/{rel}","templated":true}]}}