{"id":439,"date":"2017-07-14T15:27:25","date_gmt":"2017-07-14T21:27:25","guid":{"rendered":"https:\/\/ollantayitzamna.com\/?p=439"},"modified":"2025-07-04T07:18:54","modified_gmt":"2025-07-04T13:18:54","slug":"guatemala-indigenas-y-campesinos-exigen-adelanto-de-elecciones-y-proceso-constituyente-plurinacional","status":"publish","type":"post","link":"https:\/\/ollantayitzamna.com\/?p=439","title":{"rendered":"GUATEMALA: IND\u00cdGENAS Y CAMPESINOS EXIGEN ADELANTO DE ELECCIONES Y PROCESO CONSTITUYENTE PLURINACIONAL"},"content":{"rendered":"<figure id=\"attachment_440\" aria-describedby=\"caption-attachment-440\" style=\"width: 529px\" class=\"wp-caption aligncenter\"><img data-recalc-dims=\"1\" fetchpriority=\"high\" decoding=\"async\" data-attachment-id=\"440\" data-permalink=\"https:\/\/ollantayitzamna.com\/?attachment_id=440\" data-orig-file=\"https:\/\/i0.wp.com\/ollantayitzamna.com\/wp-content\/uploads\/2017\/07\/20107644_286952815107078_261442338_o.jpg?fit=1776%2C390&amp;ssl=1\" data-orig-size=\"1776,390\" data-comments-opened=\"1\" data-image-meta=\"{&quot;aperture&quot;:&quot;0&quot;,&quot;credit&quot;:&quot;&quot;,&quot;camera&quot;:&quot;&quot;,&quot;caption&quot;:&quot;&quot;,&quot;created_timestamp&quot;:&quot;0&quot;,&quot;copyright&quot;:&quot;&quot;,&quot;focal_length&quot;:&quot;0&quot;,&quot;iso&quot;:&quot;0&quot;,&quot;shutter_speed&quot;:&quot;0&quot;,&quot;title&quot;:&quot;&quot;,&quot;orientation&quot;:&quot;0&quot;}\" data-image-title=\"20107644_286952815107078_261442338_o\" data-image-description=\"\" data-image-caption=\"&lt;p&gt;Toma de caminos CODECA&lt;\/p&gt;\n\" data-large-file=\"https:\/\/i0.wp.com\/ollantayitzamna.com\/wp-content\/uploads\/2017\/07\/20107644_286952815107078_261442338_o.jpg?fit=800%2C176&amp;ssl=1\" class=\"size-full wp-image-440\" src=\"https:\/\/i0.wp.com\/ollantayitzamna.com\/wp-content\/uploads\/2017\/07\/20107644_286952815107078_261442338_o.jpg?resize=529%2C116&#038;ssl=1\" alt=\"\" width=\"529\" height=\"116\" \/><figcaption id=\"caption-attachment-440\" class=\"wp-caption-text\">Toma de caminos CODECA<\/figcaption><\/figure>\n<h3 style=\"text-align:center;\"><span style=\"color:#ff6600;\">A los observadores externos en Guatemala, nos asombra los impactos negativos que han sembrado la paternalista cooperaci\u00f3n internacional, el providencialismo del neopentecostalismo evang\u00e9lico y cat\u00f3lico, la hegemon\u00eda cultural neoliberal. Sin embargo, contemplar procesos de resistencia y el despertar de comunidades despojadas, con una claridad pol\u00edtica incluso muy por encima de la capacidad de comprensi\u00f3n de analistas y escritores progresistas o revolucionarios del pa\u00eds, tambi\u00e9n asombra.<\/span><!--more--><\/h3>\n<p>Los d\u00edas 12 y 13 de julio del presente a\u00f1o, comunidades ind\u00edgenas y campesinas organizadas en resistencia, y articuladas en el movimiento ind\u00edgena campesino Comit\u00e9 de Desarrollo Campesino (CODECA), ocuparon y paralizaron los principales caminos del pa\u00eds (en 19 puntos diferentes) exigiendo la renuncia del actual Gobierno nacional, y adelanto de elecciones generales.<\/p>\n<figure id=\"attachment_441\" aria-describedby=\"caption-attachment-441\" style=\"width: 529px\" class=\"wp-caption aligncenter\"><img data-recalc-dims=\"1\" decoding=\"async\" data-attachment-id=\"441\" data-permalink=\"https:\/\/ollantayitzamna.com\/?attachment_id=441\" data-orig-file=\"https:\/\/i0.wp.com\/ollantayitzamna.com\/wp-content\/uploads\/2017\/07\/20134821_286953418440351_407831964_n.jpg?fit=960%2C540&amp;ssl=1\" data-orig-size=\"960,540\" data-comments-opened=\"1\" data-image-meta=\"{&quot;aperture&quot;:&quot;0&quot;,&quot;credit&quot;:&quot;&quot;,&quot;camera&quot;:&quot;&quot;,&quot;caption&quot;:&quot;&quot;,&quot;created_timestamp&quot;:&quot;0&quot;,&quot;copyright&quot;:&quot;&quot;,&quot;focal_length&quot;:&quot;0&quot;,&quot;iso&quot;:&quot;0&quot;,&quot;shutter_speed&quot;:&quot;0&quot;,&quot;title&quot;:&quot;&quot;,&quot;orientation&quot;:&quot;0&quot;}\" data-image-title=\"20134821_286953418440351_407831964_n\" data-image-description=\"\" data-image-caption=\"&lt;p&gt;Manifestaci\u00f3n CODECA costa sur&lt;\/p&gt;\n\" data-large-file=\"https:\/\/i0.wp.com\/ollantayitzamna.com\/wp-content\/uploads\/2017\/07\/20134821_286953418440351_407831964_n.jpg?fit=800%2C450&amp;ssl=1\" class=\"size-full wp-image-441\" src=\"https:\/\/i0.wp.com\/ollantayitzamna.com\/wp-content\/uploads\/2017\/07\/20134821_286953418440351_407831964_n.jpg?resize=529%2C298&#038;ssl=1\" alt=\"\" width=\"529\" height=\"298\" \/><figcaption id=\"caption-attachment-441\" class=\"wp-caption-text\">Manifestaci\u00f3n CODECA costa sur<\/figcaption><\/figure>\n<p>Entre las razones que argumentan ind\u00edgenas y campesinos movilizados fueron:<\/p>\n<p>El actual Presidente de la Rep\u00fablica, Jimmy Morales, no hizo mayor esfuerzo por frenar la reinante corrupci\u00f3n evidente en la administraci\u00f3n p\u00fablica. Su hijo mayor y su hermano (quien era o es asesor del Presidente) fueron denunciados y ligados a proceso penal por estafa al Estado cometidos ya cuando ocupaban la Casa Presidencial.<\/p>\n<p>El Presidente condon\u00f3 millonarias deudas fiscales a 216 grandes empresas, mientras el pa\u00eds languidece en d\u00e9ficit financiero, y las empresas grandes evaden impuestos.<\/p>\n<p>Denuncias p\u00fablicas ligan al Presidente Jimmy Morales por el asesinato de m\u00e1s de 40 ni\u00f1as en el Hogar Seguro, bajo la administraci\u00f3n estatal. Actualmente existe iniciada una solicitud de antejuicio contra el Presidente por dicho acto criminal.<\/p>\n<p>La bancada legislativa del partido del Presidente (FCN-Naci\u00f3n) est\u00e1 conformada por 37 diputados, de los cuales, s\u00f3lo 10 fueron electos bajo esta sigla pol\u00edtica, el resto son \u201ctr\u00e1nsfugas\u201d de partidos pol\u00edticos disueltos por actos de corrupci\u00f3n. Del total de esta bancada oficial, 12 diputados se encuentran con procesos de antejuicio en su contra. El fundador e ide\u00f3logo de este partido, Diputado Ovalle, se encuentra pr\u00f3fugo de la justicia por delitos de lesa humanidad.<\/p>\n<p>Las condiciones de vida y la incertidumbre social han empeorado en el pa\u00eds. Los servicios b\u00e1sicos y sistema caminero se encuentran en completo abandono. El gobierno actual, para los sectores organizados y movilizados, es calificado como \u201cinepto y corrupto\u201d. Al grado que el propio Presidente en una televisora internacional manifest\u00f3 que la \u201ccorrupci\u00f3n es algo normal en Guatemala\u201d.<\/p>\n<p>A esto, se suman los sistem\u00e1ticos actos de corrupci\u00f3n del \u201crepudiado\u201d Congreso de la Rep\u00fablica. Se tiene conocimiento que 110 de los 158 diputados fueron sobornados por la empresa constructora Odebrech para dejar obras inconclusas en el pa\u00eds. De esos diputados impunes, ahora, m\u00e1s de 40 contin\u00faan legislando en el Congreso, incluso los diputados de la izquierda.<\/p>\n<p>La actual corrupci\u00f3n p\u00fablica, incluso es mucho m\u00e1s evidente que lo que se o\u00eda durante el defenestrado gobierno de Otto P\u00e9rez Molina, sin embargo, s\u00f3lo sectores rurales organizados son los que se movilizan. La marea de indignados del 2015, al parecer maneja menos informaci\u00f3n p\u00fablica que los excluidos del campo.<\/p>\n<figure id=\"attachment_442\" aria-describedby=\"caption-attachment-442\" style=\"width: 529px\" class=\"wp-caption aligncenter\"><img data-recalc-dims=\"1\" decoding=\"async\" data-attachment-id=\"442\" data-permalink=\"https:\/\/ollantayitzamna.com\/?attachment_id=442\" data-orig-file=\"https:\/\/i0.wp.com\/ollantayitzamna.com\/wp-content\/uploads\/2017\/07\/20107043_286952855107074_866011295_o.jpg?fit=1776%2C390&amp;ssl=1\" data-orig-size=\"1776,390\" data-comments-opened=\"1\" data-image-meta=\"{&quot;aperture&quot;:&quot;0&quot;,&quot;credit&quot;:&quot;&quot;,&quot;camera&quot;:&quot;&quot;,&quot;caption&quot;:&quot;&quot;,&quot;created_timestamp&quot;:&quot;0&quot;,&quot;copyright&quot;:&quot;&quot;,&quot;focal_length&quot;:&quot;0&quot;,&quot;iso&quot;:&quot;0&quot;,&quot;shutter_speed&quot;:&quot;0&quot;,&quot;title&quot;:&quot;&quot;,&quot;orientation&quot;:&quot;0&quot;}\" data-image-title=\"20107043_286952855107074_866011295_o\" data-image-description=\"\" data-image-caption=\"&lt;p&gt;Manifestaci\u00f3n, CODECA, Altiplano&lt;\/p&gt;\n\" data-large-file=\"https:\/\/i0.wp.com\/ollantayitzamna.com\/wp-content\/uploads\/2017\/07\/20107043_286952855107074_866011295_o.jpg?fit=800%2C176&amp;ssl=1\" class=\"size-full wp-image-442\" src=\"https:\/\/i0.wp.com\/ollantayitzamna.com\/wp-content\/uploads\/2017\/07\/20107043_286952855107074_866011295_o.jpg?resize=529%2C116&#038;ssl=1\" alt=\"\" width=\"529\" height=\"116\" \/><figcaption id=\"caption-attachment-442\" class=\"wp-caption-text\">Manifestaci\u00f3n, CODECA, Altiplano<\/figcaption><\/figure>\n<p>Ante esta realidad, las comunidades en resistencia articuladas en CODECA ocuparon con sus cuerpos por dos d\u00edas consecutivos los principales caminos del pa\u00eds, exigiendo la renuncia del Gobierno y diputados.<\/p>\n<p>Los empresarios, militares y pol\u00edticos expresaron su rechazo, y obligaron al Gobierno a que desaloje a los manifestantes en su segundo d\u00eda.<\/p>\n<p>Desde hace 5 a\u00f1os atr\u00e1s, CODECA es el \u00fanico movimiento social que se mantiene movilizado en las calles exigiendo cambios estructurales en el Estado y en las relaciones sociales del pa\u00eds. Plantean y trabajan visiblemente en la construcci\u00f3n de un proceso de asamblea constituyente popular y plurinacional para crear un Estado Plurinacional de los pueblos.<\/p>\n<figure id=\"attachment_443\" aria-describedby=\"caption-attachment-443\" style=\"width: 529px\" class=\"wp-caption aligncenter\"><img data-recalc-dims=\"1\" loading=\"lazy\" decoding=\"async\" data-attachment-id=\"443\" data-permalink=\"https:\/\/ollantayitzamna.com\/?attachment_id=443\" data-orig-file=\"https:\/\/i0.wp.com\/ollantayitzamna.com\/wp-content\/uploads\/2017\/07\/20050342_286952938440399_51798778_o.jpg?fit=1776%2C999&amp;ssl=1\" data-orig-size=\"1776,999\" data-comments-opened=\"1\" data-image-meta=\"{&quot;aperture&quot;:&quot;0&quot;,&quot;credit&quot;:&quot;&quot;,&quot;camera&quot;:&quot;&quot;,&quot;caption&quot;:&quot;&quot;,&quot;created_timestamp&quot;:&quot;0&quot;,&quot;copyright&quot;:&quot;&quot;,&quot;focal_length&quot;:&quot;0&quot;,&quot;iso&quot;:&quot;0&quot;,&quot;shutter_speed&quot;:&quot;0&quot;,&quot;title&quot;:&quot;&quot;,&quot;orientation&quot;:&quot;0&quot;}\" data-image-title=\"20050342_286952938440399_51798778_o\" data-image-description=\"\" data-image-caption=\"&lt;p&gt;CODECA, Totonicap\u00e1n&lt;\/p&gt;\n\" data-large-file=\"https:\/\/i0.wp.com\/ollantayitzamna.com\/wp-content\/uploads\/2017\/07\/20050342_286952938440399_51798778_o.jpg?fit=800%2C450&amp;ssl=1\" class=\"size-full wp-image-443\" src=\"https:\/\/i0.wp.com\/ollantayitzamna.com\/wp-content\/uploads\/2017\/07\/20050342_286952938440399_51798778_o.jpg?resize=529%2C298&#038;ssl=1\" alt=\"\" width=\"529\" height=\"298\" \/><figcaption id=\"caption-attachment-443\" class=\"wp-caption-text\">CODECA, Totonicap\u00e1n<\/figcaption><\/figure>\n<p>A los observadores externos en Guatemala, nos asombra los impactos negativos que han sembrado la paternalista cooperaci\u00f3n internacional, el providencialismo del neopentecostalismo evang\u00e9lico y cat\u00f3lico, la hegemon\u00eda cultural neoliberal. Sin embargo, contemplar procesos de resistencia y el despertar de comunidades despojadas, con una claridad pol\u00edtica incluso muy por encima de la capacidad de comprensi\u00f3n de analistas y escritores progresistas o revolucionarios del pa\u00eds, tambi\u00e9n asombra.<\/p>\n<p>Las comunidades ind\u00edgenas y campesinas despejaron moment\u00e1neamente los caminos, no sin antes dejar el mensaje claro que no todo el pa\u00eds est\u00e1 dormido. Anunciaron tomar nuevas medidas de presi\u00f3n para horadar al sistema violento y corrupto reinante.<\/p>\n","protected":false},"excerpt":{"rendered":"<p>A los observadores externos en Guatemala, nos asombra los impactos negativos que han sembrado la paternalista cooperaci\u00f3n internacional, el providencialismo del neopentecostalismo evang\u00e9lico y cat\u00f3lico, la hegemon\u00eda cultural neoliberal. Sin embargo, contemplar procesos de resistencia y el despertar de comunidades despojadas, con una claridad pol\u00edtica incluso muy por encima de la capacidad de comprensi\u00f3n de [&hellip;]<\/p>\n","protected":false},"author":95365428,"featured_media":440,"comment_status":"open","ping_status":"open","sticky":false,"template":"","format":"standard","meta":{"_coblocks_attr":"","_coblocks_dimensions":"","_coblocks_responsive_height":"","_coblocks_accordion_ie_support":"","_crdt_document":"","_jetpack_newsletter_access":"","_jetpack_dont_email_post_to_subs":false,"_jetpack_newsletter_tier_id":0,"_jetpack_memberships_contains_paywalled_content":false,"_jetpack_memberships_contains_paid_content":false,"footnotes":"","jetpack_publicize_message":"","jetpack_publicize_feature_enabled":true,"jetpack_social_post_already_shared":false,"jetpack_social_options":{"image_generator_settings":{"template":"highway","default_image_id":0,"font":"","enabled":false},"version":2},"_wpas_customize_per_network":false,"jetpack_post_was_ever_published":false},"categories":[696796406],"tags":[583820551,5578823,696795864,696795870],"class_list":["post-439","post","type-post","status-publish","format-standard","has-post-thumbnail","hentry","category-comunalidad","tag-asamblea-constituyente-plurinacional","tag-codeca","tag-corrupcion","tag-estado"],"yoast_head":"<!-- This site is optimized with the Yoast SEO plugin v27.4 - https:\/\/yoast.com\/product\/yoast-seo-wordpress\/ -->\n<title>GUATEMALA: IND\u00cdGENAS Y CAMPESINOS EXIGEN ADELANTO DE ELECCIONES Y PROCESO CONSTITUYENTE PLURINACIONAL - Ollantay Itzamn\u00e1<\/title>\n<meta name=\"robots\" content=\"index, follow, max-snippet:-1, max-image-preview:large, max-video-preview:-1\" \/>\n<link rel=\"canonical\" href=\"https:\/\/ollantayitzamna.com\/?p=439\" \/>\n<meta property=\"og:locale\" content=\"es_ES\" \/>\n<meta property=\"og:type\" content=\"article\" \/>\n<meta property=\"og:title\" content=\"GUATEMALA: IND\u00cdGENAS Y CAMPESINOS EXIGEN ADELANTO DE ELECCIONES Y PROCESO CONSTITUYENTE PLURINACIONAL - Ollantay Itzamn\u00e1\" \/>\n<meta property=\"og:description\" content=\"A los observadores externos en Guatemala, nos asombra los impactos negativos que han sembrado la paternalista cooperaci\u00f3n internacional, el providencialismo del neopentecostalismo evang\u00e9lico y cat\u00f3lico, la hegemon\u00eda cultural neoliberal. Sin embargo, contemplar procesos de resistencia y el despertar de comunidades despojadas, con una claridad pol\u00edtica incluso muy por encima de la capacidad de comprensi\u00f3n de [&hellip;]\" \/>\n<meta property=\"og:url\" content=\"https:\/\/ollantayitzamna.com\/?p=439\" \/>\n<meta property=\"og:site_name\" content=\"Ollantay Itzamn\u00e1\" \/>\n<meta property=\"article:published_time\" content=\"2017-07-14T21:27:25+00:00\" \/>\n<meta property=\"article:modified_time\" content=\"2025-07-04T13:18:54+00:00\" \/>\n<meta property=\"og:image\" content=\"https:\/\/i0.wp.com\/ollantayitzamna.com\/wp-content\/uploads\/2017\/07\/20107644_286952815107078_261442338_o.jpg?fit=1776%2C390&ssl=1\" \/>\n\t<meta property=\"og:image:width\" content=\"1776\" \/>\n\t<meta property=\"og:image:height\" content=\"390\" \/>\n\t<meta property=\"og:image:type\" content=\"image\/jpeg\" \/>\n<meta name=\"author\" content=\"ollantayitzamna\" \/>\n<meta name=\"twitter:card\" content=\"summary_large_image\" \/>\n<meta name=\"twitter:label1\" content=\"Escrito por\" \/>\n\t<meta name=\"twitter:data1\" content=\"ollantayitzamna\" \/>\n\t<meta name=\"twitter:label2\" content=\"Tiempo de lectura\" \/>\n\t<meta name=\"twitter:data2\" content=\"4 minutos\" \/>\n<script type=\"application\/ld+json\" class=\"yoast-schema-graph\">{\"@context\":\"https:\\\/\\\/schema.org\",\"@graph\":[{\"@type\":\"Article\",\"@id\":\"https:\\\/\\\/ollantayitzamna.com\\\/?p=439#article\",\"isPartOf\":{\"@id\":\"https:\\\/\\\/ollantayitzamna.com\\\/?p=439\"},\"author\":{\"name\":\"ollantayitzamna\",\"@id\":\"https:\\\/\\\/ollantayitzamna.com\\\/#\\\/schema\\\/person\\\/d7d683451f51a71c7d7c6b4b70437092\"},\"headline\":\"GUATEMALA: IND\u00cdGENAS Y CAMPESINOS EXIGEN ADELANTO DE ELECCIONES Y PROCESO CONSTITUYENTE PLURINACIONAL\",\"datePublished\":\"2017-07-14T21:27:25+00:00\",\"dateModified\":\"2025-07-04T13:18:54+00:00\",\"mainEntityOfPage\":{\"@id\":\"https:\\\/\\\/ollantayitzamna.com\\\/?p=439\"},\"wordCount\":801,\"commentCount\":0,\"image\":{\"@id\":\"https:\\\/\\\/ollantayitzamna.com\\\/?p=439#primaryimage\"},\"thumbnailUrl\":\"https:\\\/\\\/i0.wp.com\\\/ollantayitzamna.com\\\/wp-content\\\/uploads\\\/2017\\\/07\\\/20107644_286952815107078_261442338_o.jpg?fit=1776%2C390&ssl=1\",\"keywords\":[\"asamblea constituyente plurinacional\",\"CODECA\",\"corrupci\u00f3n\",\"Estado\"],\"articleSection\":[\"Comunalidad\"],\"inLanguage\":\"es\",\"potentialAction\":[{\"@type\":\"CommentAction\",\"name\":\"Comment\",\"target\":[\"https:\\\/\\\/ollantayitzamna.com\\\/?p=439#respond\"]}]},{\"@type\":\"WebPage\",\"@id\":\"https:\\\/\\\/ollantayitzamna.com\\\/?p=439\",\"url\":\"https:\\\/\\\/ollantayitzamna.com\\\/?p=439\",\"name\":\"GUATEMALA: IND\u00cdGENAS Y CAMPESINOS EXIGEN ADELANTO DE ELECCIONES Y PROCESO CONSTITUYENTE PLURINACIONAL - Ollantay Itzamn\u00e1\",\"isPartOf\":{\"@id\":\"https:\\\/\\\/ollantayitzamna.com\\\/#website\"},\"primaryImageOfPage\":{\"@id\":\"https:\\\/\\\/ollantayitzamna.com\\\/?p=439#primaryimage\"},\"image\":{\"@id\":\"https:\\\/\\\/ollantayitzamna.com\\\/?p=439#primaryimage\"},\"thumbnailUrl\":\"https:\\\/\\\/i0.wp.com\\\/ollantayitzamna.com\\\/wp-content\\\/uploads\\\/2017\\\/07\\\/20107644_286952815107078_261442338_o.jpg?fit=1776%2C390&ssl=1\",\"datePublished\":\"2017-07-14T21:27:25+00:00\",\"dateModified\":\"2025-07-04T13:18:54+00:00\",\"author\":{\"@id\":\"https:\\\/\\\/ollantayitzamna.com\\\/#\\\/schema\\\/person\\\/d7d683451f51a71c7d7c6b4b70437092\"},\"breadcrumb\":{\"@id\":\"https:\\\/\\\/ollantayitzamna.com\\\/?p=439#breadcrumb\"},\"inLanguage\":\"es\",\"potentialAction\":[{\"@type\":\"ReadAction\",\"target\":[\"https:\\\/\\\/ollantayitzamna.com\\\/?p=439\"]}]},{\"@type\":\"ImageObject\",\"inLanguage\":\"es\",\"@id\":\"https:\\\/\\\/ollantayitzamna.com\\\/?p=439#primaryimage\",\"url\":\"https:\\\/\\\/i0.wp.com\\\/ollantayitzamna.com\\\/wp-content\\\/uploads\\\/2017\\\/07\\\/20107644_286952815107078_261442338_o.jpg?fit=1776%2C390&ssl=1\",\"contentUrl\":\"https:\\\/\\\/i0.wp.com\\\/ollantayitzamna.com\\\/wp-content\\\/uploads\\\/2017\\\/07\\\/20107644_286952815107078_261442338_o.jpg?fit=1776%2C390&ssl=1\",\"width\":1776,\"height\":390,\"caption\":\"Toma de caminos CODECA\"},{\"@type\":\"BreadcrumbList\",\"@id\":\"https:\\\/\\\/ollantayitzamna.com\\\/?p=439#breadcrumb\",\"itemListElement\":[{\"@type\":\"ListItem\",\"position\":1,\"name\":\"Portada\",\"item\":\"https:\\\/\\\/ollantayitzamna.com\\\/\"},{\"@type\":\"ListItem\",\"position\":2,\"name\":\"GUATEMALA: IND\u00cdGENAS Y CAMPESINOS EXIGEN ADELANTO DE ELECCIONES Y PROCESO CONSTITUYENTE PLURINACIONAL\"}]},{\"@type\":\"WebSite\",\"@id\":\"https:\\\/\\\/ollantayitzamna.com\\\/#website\",\"url\":\"https:\\\/\\\/ollantayitzamna.com\\\/\",\"name\":\"Ollantay Itzamn\u00e1\",\"description\":\"Susurros del silencio\",\"potentialAction\":[{\"@type\":\"SearchAction\",\"target\":{\"@type\":\"EntryPoint\",\"urlTemplate\":\"https:\\\/\\\/ollantayitzamna.com\\\/?s={search_term_string}\"},\"query-input\":{\"@type\":\"PropertyValueSpecification\",\"valueRequired\":true,\"valueName\":\"search_term_string\"}}],\"inLanguage\":\"es\"},{\"@type\":\"Person\",\"@id\":\"https:\\\/\\\/ollantayitzamna.com\\\/#\\\/schema\\\/person\\\/d7d683451f51a71c7d7c6b4b70437092\",\"name\":\"ollantayitzamna\",\"image\":{\"@type\":\"ImageObject\",\"inLanguage\":\"es\",\"@id\":\"https:\\\/\\\/secure.gravatar.com\\\/avatar\\\/576387c53cc1a5ef704abf20408627fa3cb969d3f33355a576a2b20d65397362?s=96&d=identicon&r=g\",\"url\":\"https:\\\/\\\/secure.gravatar.com\\\/avatar\\\/576387c53cc1a5ef704abf20408627fa3cb969d3f33355a576a2b20d65397362?s=96&d=identicon&r=g\",\"contentUrl\":\"https:\\\/\\\/secure.gravatar.com\\\/avatar\\\/576387c53cc1a5ef704abf20408627fa3cb969d3f33355a576a2b20d65397362?s=96&d=identicon&r=g\",\"caption\":\"ollantayitzamna\"},\"description\":\"Soy Tierra que siente, que llora, que ama, que conspira, que sue\u00f1a. Soy wawa (criatura) de la Pachamama.\",\"sameAs\":[\"http:\\\/\\\/ollantayitzamna.com\"],\"url\":\"https:\\\/\\\/ollantayitzamna.com\\\/?author=95365428\"}]}<\/script>\n<!-- \/ Yoast SEO plugin. -->","yoast_head_json":{"title":"GUATEMALA: IND\u00cdGENAS Y CAMPESINOS EXIGEN ADELANTO DE ELECCIONES Y PROCESO CONSTITUYENTE PLURINACIONAL - Ollantay Itzamn\u00e1","robots":{"index":"index","follow":"follow","max-snippet":"max-snippet:-1","max-image-preview":"max-image-preview:large","max-video-preview":"max-video-preview:-1"},"canonical":"https:\/\/ollantayitzamna.com\/?p=439","og_locale":"es_ES","og_type":"article","og_title":"GUATEMALA: IND\u00cdGENAS Y CAMPESINOS EXIGEN ADELANTO DE ELECCIONES Y PROCESO CONSTITUYENTE PLURINACIONAL - Ollantay Itzamn\u00e1","og_description":"A los observadores externos en Guatemala, nos asombra los impactos negativos que han sembrado la paternalista cooperaci\u00f3n internacional, el providencialismo del neopentecostalismo evang\u00e9lico y cat\u00f3lico, la hegemon\u00eda cultural neoliberal. Sin embargo, contemplar procesos de resistencia y el despertar de comunidades despojadas, con una claridad pol\u00edtica incluso muy por encima de la capacidad de comprensi\u00f3n de [&hellip;]","og_url":"https:\/\/ollantayitzamna.com\/?p=439","og_site_name":"Ollantay Itzamn\u00e1","article_published_time":"2017-07-14T21:27:25+00:00","article_modified_time":"2025-07-04T13:18:54+00:00","og_image":[{"width":1776,"height":390,"url":"https:\/\/i0.wp.com\/ollantayitzamna.com\/wp-content\/uploads\/2017\/07\/20107644_286952815107078_261442338_o.jpg?fit=1776%2C390&ssl=1","type":"image\/jpeg"}],"author":"ollantayitzamna","twitter_card":"summary_large_image","twitter_misc":{"Escrito por":"ollantayitzamna","Tiempo de lectura":"4 minutos"},"schema":{"@context":"https:\/\/schema.org","@graph":[{"@type":"Article","@id":"https:\/\/ollantayitzamna.com\/?p=439#article","isPartOf":{"@id":"https:\/\/ollantayitzamna.com\/?p=439"},"author":{"name":"ollantayitzamna","@id":"https:\/\/ollantayitzamna.com\/#\/schema\/person\/d7d683451f51a71c7d7c6b4b70437092"},"headline":"GUATEMALA: IND\u00cdGENAS Y CAMPESINOS EXIGEN ADELANTO DE ELECCIONES Y PROCESO CONSTITUYENTE PLURINACIONAL","datePublished":"2017-07-14T21:27:25+00:00","dateModified":"2025-07-04T13:18:54+00:00","mainEntityOfPage":{"@id":"https:\/\/ollantayitzamna.com\/?p=439"},"wordCount":801,"commentCount":0,"image":{"@id":"https:\/\/ollantayitzamna.com\/?p=439#primaryimage"},"thumbnailUrl":"https:\/\/i0.wp.com\/ollantayitzamna.com\/wp-content\/uploads\/2017\/07\/20107644_286952815107078_261442338_o.jpg?fit=1776%2C390&ssl=1","keywords":["asamblea constituyente plurinacional","CODECA","corrupci\u00f3n","Estado"],"articleSection":["Comunalidad"],"inLanguage":"es","potentialAction":[{"@type":"CommentAction","name":"Comment","target":["https:\/\/ollantayitzamna.com\/?p=439#respond"]}]},{"@type":"WebPage","@id":"https:\/\/ollantayitzamna.com\/?p=439","url":"https:\/\/ollantayitzamna.com\/?p=439","name":"GUATEMALA: IND\u00cdGENAS Y CAMPESINOS EXIGEN ADELANTO DE ELECCIONES Y PROCESO CONSTITUYENTE PLURINACIONAL - Ollantay Itzamn\u00e1","isPartOf":{"@id":"https:\/\/ollantayitzamna.com\/#website"},"primaryImageOfPage":{"@id":"https:\/\/ollantayitzamna.com\/?p=439#primaryimage"},"image":{"@id":"https:\/\/ollantayitzamna.com\/?p=439#primaryimage"},"thumbnailUrl":"https:\/\/i0.wp.com\/ollantayitzamna.com\/wp-content\/uploads\/2017\/07\/20107644_286952815107078_261442338_o.jpg?fit=1776%2C390&ssl=1","datePublished":"2017-07-14T21:27:25+00:00","dateModified":"2025-07-04T13:18:54+00:00","author":{"@id":"https:\/\/ollantayitzamna.com\/#\/schema\/person\/d7d683451f51a71c7d7c6b4b70437092"},"breadcrumb":{"@id":"https:\/\/ollantayitzamna.com\/?p=439#breadcrumb"},"inLanguage":"es","potentialAction":[{"@type":"ReadAction","target":["https:\/\/ollantayitzamna.com\/?p=439"]}]},{"@type":"ImageObject","inLanguage":"es","@id":"https:\/\/ollantayitzamna.com\/?p=439#primaryimage","url":"https:\/\/i0.wp.com\/ollantayitzamna.com\/wp-content\/uploads\/2017\/07\/20107644_286952815107078_261442338_o.jpg?fit=1776%2C390&ssl=1","contentUrl":"https:\/\/i0.wp.com\/ollantayitzamna.com\/wp-content\/uploads\/2017\/07\/20107644_286952815107078_261442338_o.jpg?fit=1776%2C390&ssl=1","width":1776,"height":390,"caption":"Toma de caminos CODECA"},{"@type":"BreadcrumbList","@id":"https:\/\/ollantayitzamna.com\/?p=439#breadcrumb","itemListElement":[{"@type":"ListItem","position":1,"name":"Portada","item":"https:\/\/ollantayitzamna.com\/"},{"@type":"ListItem","position":2,"name":"GUATEMALA: IND\u00cdGENAS Y CAMPESINOS EXIGEN ADELANTO DE ELECCIONES Y PROCESO CONSTITUYENTE PLURINACIONAL"}]},{"@type":"WebSite","@id":"https:\/\/ollantayitzamna.com\/#website","url":"https:\/\/ollantayitzamna.com\/","name":"Ollantay Itzamn\u00e1","description":"Susurros del silencio","potentialAction":[{"@type":"SearchAction","target":{"@type":"EntryPoint","urlTemplate":"https:\/\/ollantayitzamna.com\/?s={search_term_string}"},"query-input":{"@type":"PropertyValueSpecification","valueRequired":true,"valueName":"search_term_string"}}],"inLanguage":"es"},{"@type":"Person","@id":"https:\/\/ollantayitzamna.com\/#\/schema\/person\/d7d683451f51a71c7d7c6b4b70437092","name":"ollantayitzamna","image":{"@type":"ImageObject","inLanguage":"es","@id":"https:\/\/secure.gravatar.com\/avatar\/576387c53cc1a5ef704abf20408627fa3cb969d3f33355a576a2b20d65397362?s=96&d=identicon&r=g","url":"https:\/\/secure.gravatar.com\/avatar\/576387c53cc1a5ef704abf20408627fa3cb969d3f33355a576a2b20d65397362?s=96&d=identicon&r=g","contentUrl":"https:\/\/secure.gravatar.com\/avatar\/576387c53cc1a5ef704abf20408627fa3cb969d3f33355a576a2b20d65397362?s=96&d=identicon&r=g","caption":"ollantayitzamna"},"description":"Soy Tierra que siente, que llora, que ama, que conspira, que sue\u00f1a. Soy wawa (criatura) de la Pachamama.","sameAs":["http:\/\/ollantayitzamna.com"],"url":"https:\/\/ollantayitzamna.com\/?author=95365428"}]}},"jetpack_publicize_connections":[],"jetpack_featured_media_url":"https:\/\/i0.wp.com\/ollantayitzamna.com\/wp-content\/uploads\/2017\/07\/20107644_286952815107078_261442338_o.jpg?fit=1776%2C390&ssl=1","jetpack_likes_enabled":true,"jetpack_sharing_enabled":true,"_links":{"self":[{"href":"https:\/\/ollantayitzamna.com\/index.php?rest_route=\/wp\/v2\/posts\/439","targetHints":{"allow":["GET"]}}],"collection":[{"href":"https:\/\/ollantayitzamna.com\/index.php?rest_route=\/wp\/v2\/posts"}],"about":[{"href":"https:\/\/ollantayitzamna.com\/index.php?rest_route=\/wp\/v2\/types\/post"}],"author":[{"embeddable":true,"href":"https:\/\/ollantayitzamna.com\/index.php?rest_route=\/wp\/v2\/users\/95365428"}],"replies":[{"embeddable":true,"href":"https:\/\/ollantayitzamna.com\/index.php?rest_route=%2Fwp%2Fv2%2Fcomments&post=439"}],"version-history":[{"count":1,"href":"https:\/\/ollantayitzamna.com\/index.php?rest_route=\/wp\/v2\/posts\/439\/revisions"}],"predecessor-version":[{"id":444,"href":"https:\/\/ollantayitzamna.com\/index.php?rest_route=\/wp\/v2\/posts\/439\/revisions\/444"}],"wp:featuredmedia":[{"embeddable":true,"href":"https:\/\/ollantayitzamna.com\/index.php?rest_route=\/wp\/v2\/media\/440"}],"wp:attachment":[{"href":"https:\/\/ollantayitzamna.com\/index.php?rest_route=%2Fwp%2Fv2%2Fmedia&parent=439"}],"wp:term":[{"taxonomy":"category","embeddable":true,"href":"https:\/\/ollantayitzamna.com\/index.php?rest_route=%2Fwp%2Fv2%2Fcategories&post=439"},{"taxonomy":"post_tag","embeddable":true,"href":"https:\/\/ollantayitzamna.com\/index.php?rest_route=%2Fwp%2Fv2%2Ftags&post=439"}],"curies":[{"name":"wp","href":"https:\/\/api.w.org\/{rel}","templated":true}]}}