{"id":4408,"date":"2023-11-09T20:03:22","date_gmt":"2023-11-10T02:03:22","guid":{"rendered":"https:\/\/ollantayitzamna.com\/?p=4408"},"modified":"2025-07-04T07:22:33","modified_gmt":"2025-07-04T13:22:33","slug":"rondas-campesinas-del-peru-de-vigilantes-campesinos-a-sujetos-sociopoliticos","status":"publish","type":"post","link":"https:\/\/ollantayitzamna.com\/?p=4408","title":{"rendered":"Rondas campesinas del Per\u00fa, de vigilantes campesinos a sujetos sociopol\u00edticos"},"content":{"rendered":"<figure id=\"attachment_4416\" aria-describedby=\"caption-attachment-4416\" style=\"width: 1280px\" class=\"wp-caption aligncenter\"><img data-recalc-dims=\"1\" fetchpriority=\"high\" decoding=\"async\" data-attachment-id=\"4416\" data-permalink=\"https:\/\/ollantayitzamna.com\/?attachment_id=4416\" data-orig-file=\"https:\/\/i0.wp.com\/ollantayitzamna.com\/wp-content\/uploads\/2023\/11\/398976274_738881718277764_6378708089832913009_n.jpeg?fit=1280%2C720&amp;ssl=1\" data-orig-size=\"1280,720\" data-comments-opened=\"1\" data-image-meta=\"{&quot;aperture&quot;:&quot;0&quot;,&quot;credit&quot;:&quot;&quot;,&quot;camera&quot;:&quot;&quot;,&quot;caption&quot;:&quot;&quot;,&quot;created_timestamp&quot;:&quot;0&quot;,&quot;copyright&quot;:&quot;&quot;,&quot;focal_length&quot;:&quot;0&quot;,&quot;iso&quot;:&quot;0&quot;,&quot;shutter_speed&quot;:&quot;0&quot;,&quot;title&quot;:&quot;&quot;,&quot;orientation&quot;:&quot;0&quot;}\" data-image-title=\"398976274_738881718277764_6378708089832913009_n\" data-image-description=\"\" data-image-caption=\"&lt;p&gt;Insignia de poder de las Rondas Campesinas. CUNARC&lt;\/p&gt;\n\" data-large-file=\"https:\/\/i0.wp.com\/ollantayitzamna.com\/wp-content\/uploads\/2023\/11\/398976274_738881718277764_6378708089832913009_n.jpeg?fit=800%2C450&amp;ssl=1\" class=\"size-full wp-image-4416\" src=\"https:\/\/i0.wp.com\/ollantayitzamna.com\/wp-content\/uploads\/2023\/11\/398976274_738881718277764_6378708089832913009_n.jpeg?resize=800%2C450&#038;ssl=1\" alt=\"\" width=\"800\" height=\"450\" srcset=\"https:\/\/i0.wp.com\/ollantayitzamna.com\/wp-content\/uploads\/2023\/11\/398976274_738881718277764_6378708089832913009_n.jpeg?w=1280&amp;ssl=1 1280w, https:\/\/i0.wp.com\/ollantayitzamna.com\/wp-content\/uploads\/2023\/11\/398976274_738881718277764_6378708089832913009_n.jpeg?resize=300%2C169&amp;ssl=1 300w, https:\/\/i0.wp.com\/ollantayitzamna.com\/wp-content\/uploads\/2023\/11\/398976274_738881718277764_6378708089832913009_n.jpeg?resize=1024%2C576&amp;ssl=1 1024w, https:\/\/i0.wp.com\/ollantayitzamna.com\/wp-content\/uploads\/2023\/11\/398976274_738881718277764_6378708089832913009_n.jpeg?resize=150%2C84&amp;ssl=1 150w, https:\/\/i0.wp.com\/ollantayitzamna.com\/wp-content\/uploads\/2023\/11\/398976274_738881718277764_6378708089832913009_n.jpeg?resize=768%2C432&amp;ssl=1 768w, https:\/\/i0.wp.com\/ollantayitzamna.com\/wp-content\/uploads\/2023\/11\/398976274_738881718277764_6378708089832913009_n.jpeg?resize=1200%2C675&amp;ssl=1 1200w, https:\/\/i0.wp.com\/ollantayitzamna.com\/wp-content\/uploads\/2023\/11\/398976274_738881718277764_6378708089832913009_n.jpeg?resize=900%2C506&amp;ssl=1 900w\" sizes=\"(max-width: 800px) 100vw, 800px\" \/><figcaption id=\"caption-attachment-4416\" class=\"wp-caption-text\">Insignia de poder de las Rondas Campesinas. CUNARC<\/figcaption><\/figure>\n<blockquote><p><strong>Las Rondas Campesinas en el Per\u00fa, surgieron ante la ausencia de la seguridad estatal.\u00a0 Nacieron para auto protegerse de la constante asechanza de la delincuencia com\u00fan, en especial el abigeato. Aunque algunos investigadores urbanos anclan el origen de las rondas a la d\u00e9cada de los 70 del pasado siglo, como efecto de la fallida Reforma Agraria de 1969, los mecanismos de proveerse seguridad comunal en el Ande son tan milenarios como las civilizaciones mismas que las poblaron.<\/strong><!--more--><\/p><\/blockquote>\n<p>Como no pod\u00eda de ser de otra manera, el ausente Estado peruano racista, casi al finalizar la d\u00e9cada de los 80, cuando los grupos subversivos (Sendero Luminoso y Movimiento Revolucionario Tupac Amaru) lo acorralaban en el \u00e1rea rural, ech\u00f3 mano de las rondas campesinas. El Ej\u00e9rcito entreg\u00f3 carabinas viejas para repeler el avance de los \u00abterrucos\u00bb. Luego, en 1987, mediante Ley, reconoci\u00f3 a las Rondas Campesinas como estructuras comunitarias para la autoprotecci\u00f3n comunitaria.<\/p>\n<p>En la Constituci\u00f3n Pol\u00edtica de 1993, en el art\u00edculo 149, se le faculta a las rondas el rol de co gestores de la administraci\u00f3n de justicia comunal por parte de las comunidades campesinas y comunidades nativas en sus territorios.<\/p>\n<figure id=\"attachment_4418\" aria-describedby=\"caption-attachment-4418\" style=\"width: 1280px\" class=\"wp-caption aligncenter\"><img data-recalc-dims=\"1\" decoding=\"async\" data-attachment-id=\"4418\" data-permalink=\"https:\/\/ollantayitzamna.com\/?attachment_id=4418\" data-orig-file=\"https:\/\/i0.wp.com\/ollantayitzamna.com\/wp-content\/uploads\/2023\/11\/398966805_738881194944483_6034597630984197715_n.jpeg?fit=1280%2C720&amp;ssl=1\" data-orig-size=\"1280,720\" data-comments-opened=\"1\" data-image-meta=\"{&quot;aperture&quot;:&quot;0&quot;,&quot;credit&quot;:&quot;&quot;,&quot;camera&quot;:&quot;&quot;,&quot;caption&quot;:&quot;&quot;,&quot;created_timestamp&quot;:&quot;0&quot;,&quot;copyright&quot;:&quot;&quot;,&quot;focal_length&quot;:&quot;0&quot;,&quot;iso&quot;:&quot;0&quot;,&quot;shutter_speed&quot;:&quot;0&quot;,&quot;title&quot;:&quot;&quot;,&quot;orientation&quot;:&quot;0&quot;}\" data-image-title=\"398966805_738881194944483_6034597630984197715_n\" data-image-description=\"\" data-image-caption=\"&lt;p&gt;Asamblea regional de Rondas Campesinas. CUNARC&lt;\/p&gt;\n\" data-large-file=\"https:\/\/i0.wp.com\/ollantayitzamna.com\/wp-content\/uploads\/2023\/11\/398966805_738881194944483_6034597630984197715_n.jpeg?fit=800%2C450&amp;ssl=1\" class=\"size-full wp-image-4418\" src=\"https:\/\/i0.wp.com\/ollantayitzamna.com\/wp-content\/uploads\/2023\/11\/398966805_738881194944483_6034597630984197715_n.jpeg?resize=800%2C450&#038;ssl=1\" alt=\"\" width=\"800\" height=\"450\" srcset=\"https:\/\/i0.wp.com\/ollantayitzamna.com\/wp-content\/uploads\/2023\/11\/398966805_738881194944483_6034597630984197715_n.jpeg?w=1280&amp;ssl=1 1280w, https:\/\/i0.wp.com\/ollantayitzamna.com\/wp-content\/uploads\/2023\/11\/398966805_738881194944483_6034597630984197715_n.jpeg?resize=300%2C169&amp;ssl=1 300w, https:\/\/i0.wp.com\/ollantayitzamna.com\/wp-content\/uploads\/2023\/11\/398966805_738881194944483_6034597630984197715_n.jpeg?resize=1024%2C576&amp;ssl=1 1024w, https:\/\/i0.wp.com\/ollantayitzamna.com\/wp-content\/uploads\/2023\/11\/398966805_738881194944483_6034597630984197715_n.jpeg?resize=150%2C84&amp;ssl=1 150w, https:\/\/i0.wp.com\/ollantayitzamna.com\/wp-content\/uploads\/2023\/11\/398966805_738881194944483_6034597630984197715_n.jpeg?resize=768%2C432&amp;ssl=1 768w, https:\/\/i0.wp.com\/ollantayitzamna.com\/wp-content\/uploads\/2023\/11\/398966805_738881194944483_6034597630984197715_n.jpeg?resize=1200%2C675&amp;ssl=1 1200w, https:\/\/i0.wp.com\/ollantayitzamna.com\/wp-content\/uploads\/2023\/11\/398966805_738881194944483_6034597630984197715_n.jpeg?resize=900%2C506&amp;ssl=1 900w\" sizes=\"(max-width: 800px) 100vw, 800px\" \/><figcaption id=\"caption-attachment-4418\" class=\"wp-caption-text\">Asamblea regional de Rondas Campesinas. CUNARC<\/figcaption><\/figure>\n<p>En 2001, el Congreso de la Rep\u00fablica, aprob\u00f3 la Ley de Rondas Campesinas en la que establece: Las Rondas Campesinas son organizaciones comunales, democr\u00e1ticas y aut\u00f3nomas, con personer\u00eda jur\u00eddica propia del derecho privado que velan por sus intereses colectivos e individuales (Art. 2)<\/p>\n<p>En 2009, la Corte Suprema del Per\u00fa estableci\u00f3 que las facultades de administraci\u00f3n de justicia reconocidos a los pueblos ind\u00edgenas tambi\u00e9n son extensivas a las Rondas Campesinas. Desde entonces, las y los ronderos en asamblea se constituyen en jueces para conocer y solventar los casos que se les presente en su territorio, y cuidando el cumplimiento de los derechos humanos.<\/p>\n<p>As\u00ed fue como aquellas pr\u00e1cticas comunales de proveerse seguridad comunal (fuera del sistema ordinario), en un Estado racista como es el Per\u00fa, se convirti\u00f3 en una organizaci\u00f3n legalmente reconocida. Y, luego de la guerra victoriosa contra el \u00abterrorismo\u00bb, jur\u00eddicamente las rondas transitaron de ser simples vigilantes a ser jueces con facultades judiciales.<\/p>\n<p>En la actualidad, seg\u00fan Santos Saavedra, Presidente de la Central \u00danica Nacional de Rondas Campesinas y Urbanas del Per\u00fa (CUNARC), son al rededor de mill\u00f3n y medio de ronderos afiliados, organizados en 12 comit\u00e9s regionales, distribuidos en 22 de las 26 regiones del Per\u00fa.<\/p>\n<p><strong>De vigilantes comunitarios a sujetos sociopol\u00edticos<\/strong><\/p>\n<figure id=\"attachment_4419\" aria-describedby=\"caption-attachment-4419\" style=\"width: 1280px\" class=\"wp-caption aligncenter\"><img data-recalc-dims=\"1\" decoding=\"async\" data-attachment-id=\"4419\" data-permalink=\"https:\/\/ollantayitzamna.com\/?attachment_id=4419\" data-orig-file=\"https:\/\/i0.wp.com\/ollantayitzamna.com\/wp-content\/uploads\/2023\/11\/289399803_138806532140163_3247865391966388699_n.jpeg?fit=1280%2C723&amp;ssl=1\" data-orig-size=\"1280,723\" data-comments-opened=\"1\" data-image-meta=\"{&quot;aperture&quot;:&quot;0&quot;,&quot;credit&quot;:&quot;&quot;,&quot;camera&quot;:&quot;&quot;,&quot;caption&quot;:&quot;&quot;,&quot;created_timestamp&quot;:&quot;0&quot;,&quot;copyright&quot;:&quot;&quot;,&quot;focal_length&quot;:&quot;0&quot;,&quot;iso&quot;:&quot;0&quot;,&quot;shutter_speed&quot;:&quot;0&quot;,&quot;title&quot;:&quot;&quot;,&quot;orientation&quot;:&quot;0&quot;}\" data-image-title=\"289399803_138806532140163_3247865391966388699_n\" data-image-description=\"\" data-image-caption=\"&lt;p&gt;P\u00f3ster de Unidad Popular. UP&lt;\/p&gt;\n\" data-large-file=\"https:\/\/i0.wp.com\/ollantayitzamna.com\/wp-content\/uploads\/2023\/11\/289399803_138806532140163_3247865391966388699_n.jpeg?fit=800%2C452&amp;ssl=1\" class=\"size-full wp-image-4419\" src=\"https:\/\/i0.wp.com\/ollantayitzamna.com\/wp-content\/uploads\/2023\/11\/289399803_138806532140163_3247865391966388699_n.jpeg?resize=800%2C452&#038;ssl=1\" alt=\"\" width=\"800\" height=\"452\" srcset=\"https:\/\/i0.wp.com\/ollantayitzamna.com\/wp-content\/uploads\/2023\/11\/289399803_138806532140163_3247865391966388699_n.jpeg?w=1280&amp;ssl=1 1280w, https:\/\/i0.wp.com\/ollantayitzamna.com\/wp-content\/uploads\/2023\/11\/289399803_138806532140163_3247865391966388699_n.jpeg?resize=300%2C169&amp;ssl=1 300w, https:\/\/i0.wp.com\/ollantayitzamna.com\/wp-content\/uploads\/2023\/11\/289399803_138806532140163_3247865391966388699_n.jpeg?resize=1024%2C578&amp;ssl=1 1024w, https:\/\/i0.wp.com\/ollantayitzamna.com\/wp-content\/uploads\/2023\/11\/289399803_138806532140163_3247865391966388699_n.jpeg?resize=150%2C85&amp;ssl=1 150w, https:\/\/i0.wp.com\/ollantayitzamna.com\/wp-content\/uploads\/2023\/11\/289399803_138806532140163_3247865391966388699_n.jpeg?resize=768%2C434&amp;ssl=1 768w, https:\/\/i0.wp.com\/ollantayitzamna.com\/wp-content\/uploads\/2023\/11\/289399803_138806532140163_3247865391966388699_n.jpeg?resize=1200%2C678&amp;ssl=1 1200w, https:\/\/i0.wp.com\/ollantayitzamna.com\/wp-content\/uploads\/2023\/11\/289399803_138806532140163_3247865391966388699_n.jpeg?resize=900%2C508&amp;ssl=1 900w\" sizes=\"(max-width: 800px) 100vw, 800px\" \/><figcaption id=\"caption-attachment-4419\" class=\"wp-caption-text\">P\u00f3ster de Unidad Popular. UP<\/figcaption><\/figure>\n<p>La situaci\u00f3n creciente de la ausencia o retirada del Estado de Derecho de nichos territoriales amplios del pa\u00eds, incluso en o de los territorios urbanos, oblig\u00f3 a las rondas a irradiar su \u00e1mbito organizativo hacia las zonas urbanas, siempre para proveer lo antropol\u00f3gicamente elemental: seguridad\/justicia.<\/p>\n<p>Pero esta irradiaci\u00f3n organizativa, en el contexto nacional de anomia pol\u00edtico, no fue \u00fanicamente a nivel geogr\u00e1fico o sociol\u00f3gico, sino tambi\u00e9n a nivel de la constituci\u00f3n del sujeto rondero. El rondero, al parecer, ya no ser\u00e1 m\u00e1s \u00fanicamente un vigilante.<\/p>\n<figure id=\"attachment_4421\" aria-describedby=\"caption-attachment-4421\" style=\"width: 1280px\" class=\"wp-caption aligncenter\"><img data-recalc-dims=\"1\" loading=\"lazy\" decoding=\"async\" data-attachment-id=\"4421\" data-permalink=\"https:\/\/ollantayitzamna.com\/?attachment_id=4421\" data-orig-file=\"https:\/\/i0.wp.com\/ollantayitzamna.com\/wp-content\/uploads\/2023\/11\/398923780_738882691611000_4776940588814125145_n.jpeg?fit=1280%2C720&amp;ssl=1\" data-orig-size=\"1280,720\" data-comments-opened=\"1\" data-image-meta=\"{&quot;aperture&quot;:&quot;0&quot;,&quot;credit&quot;:&quot;&quot;,&quot;camera&quot;:&quot;&quot;,&quot;caption&quot;:&quot;&quot;,&quot;created_timestamp&quot;:&quot;0&quot;,&quot;copyright&quot;:&quot;&quot;,&quot;focal_length&quot;:&quot;0&quot;,&quot;iso&quot;:&quot;0&quot;,&quot;shutter_speed&quot;:&quot;0&quot;,&quot;title&quot;:&quot;&quot;,&quot;orientation&quot;:&quot;0&quot;}\" data-image-title=\"398923780_738882691611000_4776940588814125145_n\" data-image-description=\"\" data-image-caption=\"&lt;p&gt;Rondas Campesinas y Urbanas en acto p\u00fablico. CUNARC&lt;\/p&gt;\n\" data-large-file=\"https:\/\/i0.wp.com\/ollantayitzamna.com\/wp-content\/uploads\/2023\/11\/398923780_738882691611000_4776940588814125145_n.jpeg?fit=800%2C450&amp;ssl=1\" class=\"size-full wp-image-4421\" src=\"https:\/\/i0.wp.com\/ollantayitzamna.com\/wp-content\/uploads\/2023\/11\/398923780_738882691611000_4776940588814125145_n.jpeg?resize=800%2C450&#038;ssl=1\" alt=\"\" width=\"800\" height=\"450\" srcset=\"https:\/\/i0.wp.com\/ollantayitzamna.com\/wp-content\/uploads\/2023\/11\/398923780_738882691611000_4776940588814125145_n.jpeg?w=1280&amp;ssl=1 1280w, https:\/\/i0.wp.com\/ollantayitzamna.com\/wp-content\/uploads\/2023\/11\/398923780_738882691611000_4776940588814125145_n.jpeg?resize=300%2C169&amp;ssl=1 300w, https:\/\/i0.wp.com\/ollantayitzamna.com\/wp-content\/uploads\/2023\/11\/398923780_738882691611000_4776940588814125145_n.jpeg?resize=1024%2C576&amp;ssl=1 1024w, https:\/\/i0.wp.com\/ollantayitzamna.com\/wp-content\/uploads\/2023\/11\/398923780_738882691611000_4776940588814125145_n.jpeg?resize=150%2C84&amp;ssl=1 150w, https:\/\/i0.wp.com\/ollantayitzamna.com\/wp-content\/uploads\/2023\/11\/398923780_738882691611000_4776940588814125145_n.jpeg?resize=768%2C432&amp;ssl=1 768w, https:\/\/i0.wp.com\/ollantayitzamna.com\/wp-content\/uploads\/2023\/11\/398923780_738882691611000_4776940588814125145_n.jpeg?resize=1200%2C675&amp;ssl=1 1200w, https:\/\/i0.wp.com\/ollantayitzamna.com\/wp-content\/uploads\/2023\/11\/398923780_738882691611000_4776940588814125145_n.jpeg?resize=900%2C506&amp;ssl=1 900w\" sizes=\"(max-width: 800px) 100vw, 800px\" \/><figcaption id=\"caption-attachment-4421\" class=\"wp-caption-text\">Rondas Campesinas y Urbanas en acto p\u00fablico. CUNARC<\/figcaption><\/figure>\n<p>En los \u00faltimos meses, acelerado con la instauraci\u00f3n y afianzamiento del gobierno de facto actual, las Rondas Campesinas y Urbanas decidieron transitar de ser sujetos sociales a constituirse en sujetos sociopol\u00edticos, con un instrumento pol\u00edtico propio para disputar el poder en las urnas a los gamonales de la pol\u00edtica peruana, y construir un Estado plurinacional. Denominaron a su organizaci\u00f3n pol\u00edtica, Unidad Popular (UP), con la que se preparan para participar en las pr\u00f3ximas elecciones generales del pa\u00eds.<\/p>\n<p>Se escucha la comunalidad, la plurinacionalidad, la defensa de la Madre Tierra como los elementos centrales del relato ideol\u00f3gico\/filos\u00f3fico de esta nueva organizaci\u00f3n pol\u00edtica que reivindica, aparte del legado milenario de las comunidades ind\u00edgenas, campesinas y nativas, el repertorio del pensamiento de Tupac Amaru\/Micaela Bastidas, Jos\u00e9 Carlos Mari\u00e1tegui, C\u00e9sar Vallejo, Jos\u00e9 M. Arguedas y otros<\/p>\n","protected":false},"excerpt":{"rendered":"<p>Las Rondas Campesinas en el Per\u00fa, surgieron ante la ausencia de la seguridad estatal.\u00a0 Nacieron para auto protegerse de la constante asechanza de la delincuencia com\u00fan, en especial el abigeato. Aunque algunos investigadores urbanos anclan el origen de las rondas a la d\u00e9cada de los 70 del pasado siglo, como efecto de la fallida Reforma [&hellip;]<\/p>\n","protected":false},"author":95365428,"featured_media":4416,"comment_status":"open","ping_status":"open","sticky":false,"template":"","format":"standard","meta":{"_coblocks_attr":"","_coblocks_dimensions":"","_coblocks_responsive_height":"","_coblocks_accordion_ie_support":"","_jetpack_newsletter_access":"","_jetpack_dont_email_post_to_subs":false,"_jetpack_newsletter_tier_id":0,"_jetpack_memberships_contains_paywalled_content":false,"_wpcom_ai_launchpad_first_post":false,"_jetpack_feature_clip_id":0,"_jetpack_memberships_contains_paid_content":false,"footnotes":"","jetpack_publicize_message":"Rondas campesinas del Per\u00fa","jetpack_publicize_feature_enabled":true,"jetpack_social_post_already_shared":true,"jetpack_social_options":{"image_generator_settings":{"template":"highway","default_image_id":0,"font":"","enabled":false},"version":2},"_wpas_customize_per_network":false,"jetpack_post_was_ever_published":false},"categories":[696796406],"tags":[696796253,36547,696796255,696796254],"class_list":["post-4408","post","type-post","status-publish","format-standard","has-post-thumbnail","hentry","category-comunalidad","tag-cunarc","tag-peru","tag-rondas-campesinas","tag-up"],"yoast_head":"<!-- This site is optimized with the Yoast SEO plugin v28.3 - https:\/\/yoast.com\/product\/yoast-seo-wordpress\/ -->\n<title>Rondas campesinas del Per\u00fa, de vigilantes campesinos a sujetos sociopol\u00edticos - Ollantay Itzamn\u00e1<\/title>\n<meta name=\"robots\" content=\"index, follow, max-snippet:-1, max-image-preview:large, max-video-preview:-1\" \/>\n<link rel=\"canonical\" href=\"https:\/\/ollantayitzamna.com\/?p=4408\" \/>\n<meta property=\"og:locale\" content=\"es_ES\" \/>\n<meta property=\"og:type\" content=\"article\" \/>\n<meta property=\"og:title\" content=\"Rondas campesinas del Per\u00fa, de vigilantes campesinos a sujetos sociopol\u00edticos - Ollantay Itzamn\u00e1\" \/>\n<meta property=\"og:description\" content=\"Las Rondas Campesinas en el Per\u00fa, surgieron ante la ausencia de la seguridad estatal.\u00a0 Nacieron para auto protegerse de la constante asechanza de la delincuencia com\u00fan, en especial el abigeato. Aunque algunos investigadores urbanos anclan el origen de las rondas a la d\u00e9cada de los 70 del pasado siglo, como efecto de la fallida Reforma [&hellip;]\" \/>\n<meta property=\"og:url\" content=\"https:\/\/ollantayitzamna.com\/?p=4408\" \/>\n<meta property=\"og:site_name\" content=\"Ollantay Itzamn\u00e1\" \/>\n<meta property=\"article:published_time\" content=\"2023-11-10T02:03:22+00:00\" \/>\n<meta property=\"article:modified_time\" content=\"2025-07-04T13:22:33+00:00\" \/>\n<meta property=\"og:image\" content=\"https:\/\/i0.wp.com\/ollantayitzamna.com\/wp-content\/uploads\/2023\/11\/398976274_738881718277764_6378708089832913009_n.jpeg?fit=1280%2C720&ssl=1\" \/>\n\t<meta property=\"og:image:width\" content=\"1280\" \/>\n\t<meta property=\"og:image:height\" content=\"720\" \/>\n\t<meta property=\"og:image:type\" content=\"image\/jpeg\" \/>\n<meta name=\"author\" content=\"ollantayitzamna\" \/>\n<meta name=\"twitter:card\" content=\"summary_large_image\" \/>\n<meta name=\"twitter:label1\" content=\"Escrito por\" \/>\n\t<meta name=\"twitter:data1\" content=\"ollantayitzamna\" \/>\n\t<meta name=\"twitter:label2\" content=\"Tiempo de lectura\" \/>\n\t<meta name=\"twitter:data2\" content=\"4 minutos\" \/>\n<script type=\"application\/ld+json\" class=\"yoast-schema-graph\">{\"@context\":\"https:\\\/\\\/schema.org\",\"@graph\":[{\"@type\":\"Article\",\"@id\":\"https:\\\/\\\/ollantayitzamna.com\\\/?p=4408#article\",\"isPartOf\":{\"@id\":\"https:\\\/\\\/ollantayitzamna.com\\\/?p=4408\"},\"author\":{\"name\":\"ollantayitzamna\",\"@id\":\"https:\\\/\\\/ollantayitzamna.com\\\/#\\\/schema\\\/person\\\/d7d683451f51a71c7d7c6b4b70437092\"},\"headline\":\"Rondas campesinas del Per\u00fa, de vigilantes campesinos a sujetos sociopol\u00edticos\",\"datePublished\":\"2023-11-10T02:03:22+00:00\",\"dateModified\":\"2025-07-04T13:22:33+00:00\",\"mainEntityOfPage\":{\"@id\":\"https:\\\/\\\/ollantayitzamna.com\\\/?p=4408\"},\"wordCount\":720,\"commentCount\":0,\"image\":{\"@id\":\"https:\\\/\\\/ollantayitzamna.com\\\/?p=4408#primaryimage\"},\"thumbnailUrl\":\"https:\\\/\\\/i0.wp.com\\\/ollantayitzamna.com\\\/wp-content\\\/uploads\\\/2023\\\/11\\\/398976274_738881718277764_6378708089832913009_n.jpeg?fit=1280%2C720&ssl=1\",\"keywords\":[\"CUNARC\",\"Per\u00fa\",\"Rondas Campesinas\",\"UP\"],\"articleSection\":[\"Comunalidad\"],\"inLanguage\":\"es\",\"potentialAction\":[{\"@type\":\"CommentAction\",\"name\":\"Comment\",\"target\":[\"https:\\\/\\\/ollantayitzamna.com\\\/?p=4408#respond\"]}]},{\"@type\":\"WebPage\",\"@id\":\"https:\\\/\\\/ollantayitzamna.com\\\/?p=4408\",\"url\":\"https:\\\/\\\/ollantayitzamna.com\\\/?p=4408\",\"name\":\"Rondas campesinas del Per\u00fa, de vigilantes campesinos a sujetos sociopol\u00edticos - Ollantay Itzamn\u00e1\",\"isPartOf\":{\"@id\":\"https:\\\/\\\/ollantayitzamna.com\\\/#website\"},\"primaryImageOfPage\":{\"@id\":\"https:\\\/\\\/ollantayitzamna.com\\\/?p=4408#primaryimage\"},\"image\":{\"@id\":\"https:\\\/\\\/ollantayitzamna.com\\\/?p=4408#primaryimage\"},\"thumbnailUrl\":\"https:\\\/\\\/i0.wp.com\\\/ollantayitzamna.com\\\/wp-content\\\/uploads\\\/2023\\\/11\\\/398976274_738881718277764_6378708089832913009_n.jpeg?fit=1280%2C720&ssl=1\",\"datePublished\":\"2023-11-10T02:03:22+00:00\",\"dateModified\":\"2025-07-04T13:22:33+00:00\",\"author\":{\"@id\":\"https:\\\/\\\/ollantayitzamna.com\\\/#\\\/schema\\\/person\\\/d7d683451f51a71c7d7c6b4b70437092\"},\"breadcrumb\":{\"@id\":\"https:\\\/\\\/ollantayitzamna.com\\\/?p=4408#breadcrumb\"},\"inLanguage\":\"es\",\"potentialAction\":[{\"@type\":\"ReadAction\",\"target\":[\"https:\\\/\\\/ollantayitzamna.com\\\/?p=4408\"]}]},{\"@type\":\"ImageObject\",\"inLanguage\":\"es\",\"@id\":\"https:\\\/\\\/ollantayitzamna.com\\\/?p=4408#primaryimage\",\"url\":\"https:\\\/\\\/i0.wp.com\\\/ollantayitzamna.com\\\/wp-content\\\/uploads\\\/2023\\\/11\\\/398976274_738881718277764_6378708089832913009_n.jpeg?fit=1280%2C720&ssl=1\",\"contentUrl\":\"https:\\\/\\\/i0.wp.com\\\/ollantayitzamna.com\\\/wp-content\\\/uploads\\\/2023\\\/11\\\/398976274_738881718277764_6378708089832913009_n.jpeg?fit=1280%2C720&ssl=1\",\"width\":1280,\"height\":720,\"caption\":\"Insignia de poder de las Rondas Campesinas. CUNARC\"},{\"@type\":\"BreadcrumbList\",\"@id\":\"https:\\\/\\\/ollantayitzamna.com\\\/?p=4408#breadcrumb\",\"itemListElement\":[{\"@type\":\"ListItem\",\"position\":1,\"name\":\"Portada\",\"item\":\"https:\\\/\\\/ollantayitzamna.com\\\/\"},{\"@type\":\"ListItem\",\"position\":2,\"name\":\"Rondas campesinas del Per\u00fa, de vigilantes campesinos a sujetos sociopol\u00edticos\"}]},{\"@type\":\"WebSite\",\"@id\":\"https:\\\/\\\/ollantayitzamna.com\\\/#website\",\"url\":\"https:\\\/\\\/ollantayitzamna.com\\\/\",\"name\":\"Ollantay Itzamn\u00e1\",\"description\":\"Susurros del silencio\",\"potentialAction\":[{\"@type\":\"SearchAction\",\"target\":{\"@type\":\"EntryPoint\",\"urlTemplate\":\"https:\\\/\\\/ollantayitzamna.com\\\/?s={search_term_string}\"},\"query-input\":{\"@type\":\"PropertyValueSpecification\",\"valueRequired\":true,\"valueName\":\"search_term_string\"}}],\"inLanguage\":\"es\"},{\"@type\":\"Person\",\"@id\":\"https:\\\/\\\/ollantayitzamna.com\\\/#\\\/schema\\\/person\\\/d7d683451f51a71c7d7c6b4b70437092\",\"name\":\"ollantayitzamna\",\"image\":{\"@type\":\"ImageObject\",\"inLanguage\":\"es\",\"@id\":\"https:\\\/\\\/secure.gravatar.com\\\/avatar\\\/576387c53cc1a5ef704abf20408627fa3cb969d3f33355a576a2b20d65397362?s=96&d=identicon&r=g\",\"url\":\"https:\\\/\\\/secure.gravatar.com\\\/avatar\\\/576387c53cc1a5ef704abf20408627fa3cb969d3f33355a576a2b20d65397362?s=96&d=identicon&r=g\",\"contentUrl\":\"https:\\\/\\\/secure.gravatar.com\\\/avatar\\\/576387c53cc1a5ef704abf20408627fa3cb969d3f33355a576a2b20d65397362?s=96&d=identicon&r=g\",\"caption\":\"ollantayitzamna\"},\"description\":\"Soy Tierra que siente, que llora, que ama, que conspira, que sue\u00f1a. Soy wawa (criatura) de la Pachamama.\",\"sameAs\":[\"http:\\\/\\\/ollantayitzamna.com\"],\"url\":\"https:\\\/\\\/ollantayitzamna.com\\\/?author=95365428\"}]}<\/script>\n<!-- \/ Yoast SEO plugin. -->","yoast_head_json":{"title":"Rondas campesinas del Per\u00fa, de vigilantes campesinos a sujetos sociopol\u00edticos - Ollantay Itzamn\u00e1","robots":{"index":"index","follow":"follow","max-snippet":"max-snippet:-1","max-image-preview":"max-image-preview:large","max-video-preview":"max-video-preview:-1"},"canonical":"https:\/\/ollantayitzamna.com\/?p=4408","og_locale":"es_ES","og_type":"article","og_title":"Rondas campesinas del Per\u00fa, de vigilantes campesinos a sujetos sociopol\u00edticos - Ollantay Itzamn\u00e1","og_description":"Las Rondas Campesinas en el Per\u00fa, surgieron ante la ausencia de la seguridad estatal.\u00a0 Nacieron para auto protegerse de la constante asechanza de la delincuencia com\u00fan, en especial el abigeato. Aunque algunos investigadores urbanos anclan el origen de las rondas a la d\u00e9cada de los 70 del pasado siglo, como efecto de la fallida Reforma [&hellip;]","og_url":"https:\/\/ollantayitzamna.com\/?p=4408","og_site_name":"Ollantay Itzamn\u00e1","article_published_time":"2023-11-10T02:03:22+00:00","article_modified_time":"2025-07-04T13:22:33+00:00","og_image":[{"width":1280,"height":720,"url":"https:\/\/i0.wp.com\/ollantayitzamna.com\/wp-content\/uploads\/2023\/11\/398976274_738881718277764_6378708089832913009_n.jpeg?fit=1280%2C720&ssl=1","type":"image\/jpeg"}],"author":"ollantayitzamna","twitter_card":"summary_large_image","twitter_misc":{"Escrito por":"ollantayitzamna","Tiempo de lectura":"4 minutos"},"schema":{"@context":"https:\/\/schema.org","@graph":[{"@type":"Article","@id":"https:\/\/ollantayitzamna.com\/?p=4408#article","isPartOf":{"@id":"https:\/\/ollantayitzamna.com\/?p=4408"},"author":{"name":"ollantayitzamna","@id":"https:\/\/ollantayitzamna.com\/#\/schema\/person\/d7d683451f51a71c7d7c6b4b70437092"},"headline":"Rondas campesinas del Per\u00fa, de vigilantes campesinos a sujetos sociopol\u00edticos","datePublished":"2023-11-10T02:03:22+00:00","dateModified":"2025-07-04T13:22:33+00:00","mainEntityOfPage":{"@id":"https:\/\/ollantayitzamna.com\/?p=4408"},"wordCount":720,"commentCount":0,"image":{"@id":"https:\/\/ollantayitzamna.com\/?p=4408#primaryimage"},"thumbnailUrl":"https:\/\/i0.wp.com\/ollantayitzamna.com\/wp-content\/uploads\/2023\/11\/398976274_738881718277764_6378708089832913009_n.jpeg?fit=1280%2C720&ssl=1","keywords":["CUNARC","Per\u00fa","Rondas Campesinas","UP"],"articleSection":["Comunalidad"],"inLanguage":"es","potentialAction":[{"@type":"CommentAction","name":"Comment","target":["https:\/\/ollantayitzamna.com\/?p=4408#respond"]}]},{"@type":"WebPage","@id":"https:\/\/ollantayitzamna.com\/?p=4408","url":"https:\/\/ollantayitzamna.com\/?p=4408","name":"Rondas campesinas del Per\u00fa, de vigilantes campesinos a sujetos sociopol\u00edticos - Ollantay Itzamn\u00e1","isPartOf":{"@id":"https:\/\/ollantayitzamna.com\/#website"},"primaryImageOfPage":{"@id":"https:\/\/ollantayitzamna.com\/?p=4408#primaryimage"},"image":{"@id":"https:\/\/ollantayitzamna.com\/?p=4408#primaryimage"},"thumbnailUrl":"https:\/\/i0.wp.com\/ollantayitzamna.com\/wp-content\/uploads\/2023\/11\/398976274_738881718277764_6378708089832913009_n.jpeg?fit=1280%2C720&ssl=1","datePublished":"2023-11-10T02:03:22+00:00","dateModified":"2025-07-04T13:22:33+00:00","author":{"@id":"https:\/\/ollantayitzamna.com\/#\/schema\/person\/d7d683451f51a71c7d7c6b4b70437092"},"breadcrumb":{"@id":"https:\/\/ollantayitzamna.com\/?p=4408#breadcrumb"},"inLanguage":"es","potentialAction":[{"@type":"ReadAction","target":["https:\/\/ollantayitzamna.com\/?p=4408"]}]},{"@type":"ImageObject","inLanguage":"es","@id":"https:\/\/ollantayitzamna.com\/?p=4408#primaryimage","url":"https:\/\/i0.wp.com\/ollantayitzamna.com\/wp-content\/uploads\/2023\/11\/398976274_738881718277764_6378708089832913009_n.jpeg?fit=1280%2C720&ssl=1","contentUrl":"https:\/\/i0.wp.com\/ollantayitzamna.com\/wp-content\/uploads\/2023\/11\/398976274_738881718277764_6378708089832913009_n.jpeg?fit=1280%2C720&ssl=1","width":1280,"height":720,"caption":"Insignia de poder de las Rondas Campesinas. CUNARC"},{"@type":"BreadcrumbList","@id":"https:\/\/ollantayitzamna.com\/?p=4408#breadcrumb","itemListElement":[{"@type":"ListItem","position":1,"name":"Portada","item":"https:\/\/ollantayitzamna.com\/"},{"@type":"ListItem","position":2,"name":"Rondas campesinas del Per\u00fa, de vigilantes campesinos a sujetos sociopol\u00edticos"}]},{"@type":"WebSite","@id":"https:\/\/ollantayitzamna.com\/#website","url":"https:\/\/ollantayitzamna.com\/","name":"Ollantay Itzamn\u00e1","description":"Susurros del silencio","potentialAction":[{"@type":"SearchAction","target":{"@type":"EntryPoint","urlTemplate":"https:\/\/ollantayitzamna.com\/?s={search_term_string}"},"query-input":{"@type":"PropertyValueSpecification","valueRequired":true,"valueName":"search_term_string"}}],"inLanguage":"es"},{"@type":"Person","@id":"https:\/\/ollantayitzamna.com\/#\/schema\/person\/d7d683451f51a71c7d7c6b4b70437092","name":"ollantayitzamna","image":{"@type":"ImageObject","inLanguage":"es","@id":"https:\/\/secure.gravatar.com\/avatar\/576387c53cc1a5ef704abf20408627fa3cb969d3f33355a576a2b20d65397362?s=96&d=identicon&r=g","url":"https:\/\/secure.gravatar.com\/avatar\/576387c53cc1a5ef704abf20408627fa3cb969d3f33355a576a2b20d65397362?s=96&d=identicon&r=g","contentUrl":"https:\/\/secure.gravatar.com\/avatar\/576387c53cc1a5ef704abf20408627fa3cb969d3f33355a576a2b20d65397362?s=96&d=identicon&r=g","caption":"ollantayitzamna"},"description":"Soy Tierra que siente, que llora, que ama, que conspira, que sue\u00f1a. Soy wawa (criatura) de la Pachamama.","sameAs":["http:\/\/ollantayitzamna.com"],"url":"https:\/\/ollantayitzamna.com\/?author=95365428"}]}},"jetpack_publicize_connections":[],"jetpack_likes_enabled":true,"jetpack_sharing_enabled":true,"jetpack_featured_media_url":"https:\/\/i0.wp.com\/ollantayitzamna.com\/wp-content\/uploads\/2023\/11\/398976274_738881718277764_6378708089832913009_n.jpeg?fit=1280%2C720&ssl=1","_links":{"self":[{"href":"https:\/\/ollantayitzamna.com\/index.php?rest_route=\/wp\/v2\/posts\/4408","targetHints":{"allow":["GET"]}}],"collection":[{"href":"https:\/\/ollantayitzamna.com\/index.php?rest_route=\/wp\/v2\/posts"}],"about":[{"href":"https:\/\/ollantayitzamna.com\/index.php?rest_route=\/wp\/v2\/types\/post"}],"author":[{"embeddable":true,"href":"https:\/\/ollantayitzamna.com\/index.php?rest_route=\/wp\/v2\/users\/95365428"}],"replies":[{"embeddable":true,"href":"https:\/\/ollantayitzamna.com\/index.php?rest_route=%2Fwp%2Fv2%2Fcomments&post=4408"}],"version-history":[{"count":12,"href":"https:\/\/ollantayitzamna.com\/index.php?rest_route=\/wp\/v2\/posts\/4408\/revisions"}],"predecessor-version":[{"id":4424,"href":"https:\/\/ollantayitzamna.com\/index.php?rest_route=\/wp\/v2\/posts\/4408\/revisions\/4424"}],"wp:featuredmedia":[{"embeddable":true,"href":"https:\/\/ollantayitzamna.com\/index.php?rest_route=\/wp\/v2\/media\/4416"}],"wp:attachment":[{"href":"https:\/\/ollantayitzamna.com\/index.php?rest_route=%2Fwp%2Fv2%2Fmedia&parent=4408"}],"wp:term":[{"taxonomy":"category","embeddable":true,"href":"https:\/\/ollantayitzamna.com\/index.php?rest_route=%2Fwp%2Fv2%2Fcategories&post=4408"},{"taxonomy":"post_tag","embeddable":true,"href":"https:\/\/ollantayitzamna.com\/index.php?rest_route=%2Fwp%2Fv2%2Ftags&post=4408"}],"curies":[{"name":"wp","href":"https:\/\/api.w.org\/{rel}","templated":true}]}}