{"id":4428,"date":"2023-11-11T22:21:54","date_gmt":"2023-11-12T04:21:54","guid":{"rendered":"https:\/\/ollantayitzamna.com\/?p=4428"},"modified":"2025-07-04T07:38:42","modified_gmt":"2025-07-04T13:38:42","slug":"no-colabores-con-la-prensa-que-calla-el-genocidio-en-gaza","status":"publish","type":"post","link":"https:\/\/ollantayitzamna.com\/?p=4428","title":{"rendered":"No colabores con la prensa que calla el genocidio en Gaza"},"content":{"rendered":"<figure id=\"attachment_4430\" aria-describedby=\"caption-attachment-4430\" style=\"width: 999px\" class=\"wp-caption aligncenter\"><img data-recalc-dims=\"1\" fetchpriority=\"high\" decoding=\"async\" data-attachment-id=\"4430\" data-permalink=\"https:\/\/ollantayitzamna.com\/?attachment_id=4430\" data-orig-file=\"https:\/\/i0.wp.com\/ollantayitzamna.com\/wp-content\/uploads\/2023\/11\/asesinato_periodistas_gaza.jpeg?fit=999%2C549&amp;ssl=1\" data-orig-size=\"999,549\" data-comments-opened=\"1\" data-image-meta=\"{&quot;aperture&quot;:&quot;0&quot;,&quot;credit&quot;:&quot;&quot;,&quot;camera&quot;:&quot;&quot;,&quot;caption&quot;:&quot;&quot;,&quot;created_timestamp&quot;:&quot;0&quot;,&quot;copyright&quot;:&quot;&quot;,&quot;focal_length&quot;:&quot;0&quot;,&quot;iso&quot;:&quot;0&quot;,&quot;shutter_speed&quot;:&quot;0&quot;,&quot;title&quot;:&quot;&quot;,&quot;orientation&quot;:&quot;0&quot;}\" data-image-title=\"asesinato_periodistas_gaza\" data-image-description=\"\" data-image-caption=\"&lt;p&gt;Periodistas despiden a su colega asesinado en Gaza. Internet&lt;\/p&gt;\n\" data-large-file=\"https:\/\/i0.wp.com\/ollantayitzamna.com\/wp-content\/uploads\/2023\/11\/asesinato_periodistas_gaza.jpeg?fit=800%2C440&amp;ssl=1\" class=\"size-full wp-image-4430\" src=\"https:\/\/i0.wp.com\/ollantayitzamna.com\/wp-content\/uploads\/2023\/11\/asesinato_periodistas_gaza.jpeg?resize=800%2C440&#038;ssl=1\" alt=\"\" width=\"800\" height=\"440\" srcset=\"https:\/\/i0.wp.com\/ollantayitzamna.com\/wp-content\/uploads\/2023\/11\/asesinato_periodistas_gaza.jpeg?w=999&amp;ssl=1 999w, https:\/\/i0.wp.com\/ollantayitzamna.com\/wp-content\/uploads\/2023\/11\/asesinato_periodistas_gaza.jpeg?resize=300%2C165&amp;ssl=1 300w, https:\/\/i0.wp.com\/ollantayitzamna.com\/wp-content\/uploads\/2023\/11\/asesinato_periodistas_gaza.jpeg?resize=150%2C82&amp;ssl=1 150w, https:\/\/i0.wp.com\/ollantayitzamna.com\/wp-content\/uploads\/2023\/11\/asesinato_periodistas_gaza.jpeg?resize=768%2C422&amp;ssl=1 768w, https:\/\/i0.wp.com\/ollantayitzamna.com\/wp-content\/uploads\/2023\/11\/asesinato_periodistas_gaza.jpeg?resize=900%2C495&amp;ssl=1 900w\" sizes=\"(max-width: 800px) 100vw, 800px\" \/><figcaption id=\"caption-attachment-4430\" class=\"wp-caption-text\">Periodistas despiden a su colega asesinado en Gaza. Internet<\/figcaption><\/figure>\n<blockquote><p><strong>Desde esta sencilla columna de opini\u00f3n, as\u00ed como reiteramos nuestros pedido a\u00a0 gobernantes de los diferentes estados del Continente a desconocer al Estado genocida de Israel, pedimos tambi\u00e9n a nuestros colegas periodistas e investigadores\/as a dejar de colaborar con la prensa callada sobre el genocidio en Gaza. No podemos, ni debemos ser c\u00f3mplices de la derrota de la verdad y de la humanidad en esta batalla cultural medi\u00e1tica que Israel\/EEUU lideran.<\/strong><\/p><\/blockquote>\n<p><!--more--><\/p>\n<p>En un mes del exterminio de la poblaci\u00f3n civil en Palestina, sobre todo en Gaza, 49 periodistas fueron asesinados por el ej\u00e9rcito de Israel, ante la complicidad y el silencio de la gran mayor\u00eda de la prensa mundial.<\/p>\n<p>\u201cNo podemos soportarlo m\u00e1s, estamos exhaustos. Somos v\u00edctimas, somos m\u00e1rtires. Es solo cuesti\u00f3n de tiempo. Vamos a ser asesinados uno por uno y nadie nos est\u00e1 mirando\u201d, dice conmocionado Salman al Basheer, corresponsal de la televisi\u00f3n palestina, frente a las puertas del hospital Nasser, en Khan Younis.<\/p>\n<p>Del otro lado, en pantalla compartida, su colega llora en el estudio del canal local. La luz roja de la c\u00e1mara encendida, sus palabras: \u201cnadie est\u00e1 mirando\u201d. Al Bassher est\u00e1 retrasmitiendo en directo el asesinato de su compa\u00f1ero, Mohammed Abu Hatab, qui\u00e9n pocas horas antes estaba parado frente a la c\u00e1mara en ese mismo lugar. <a href=\"https:\/\/x.com\/RZabaneh\/status\/1720170885758308355?s=20\">\u201cEstos chalecos bal\u00edsticos, estos cascos, no nos protegen. No protegen a ning\u00fan periodista\u201d, expresa con rabia mientras se quita el traje de protecci\u00f3n azul con el eslogan de \u201cprensa\u201d y lo lanza al suelo<\/a>.<\/p>\n<p>Mientras la humanidad sufre el tercer holocausto moderno. Mientras Israel, promovido y pertrechado por los EEUUU, asesina a m\u00e1s de 11 mil palestinos en cuesti\u00f3n de d\u00edas. Mientras las bombas israelnorteamericanas pulverizan c\u00e1maras y micr\u00f3fonos junto a los corresponsales de guerra. Existen empresas de comunicaci\u00f3n y trabajadores de prensa que guardan un c\u00f3mplice silencio total sobre este macabro suceso que ocurre en vivo y en directo.<\/p>\n<p>Guatemala vivi\u00f3 uno de los \u00faltimos genocidios en el Continente. Espec\u00edficamente la <a href=\"https:\/\/www.telesurtv.net\/news\/Israel-puso-tambien-sus-armas-en-genocidio-en-Guatemala-20170128-0006.html\">poblaci\u00f3n maya ixil, sobreviviente al holocausto del siglo XVI, a finales del pasado siglo fue masacrada con fusiles de asalto galil de fabricaci\u00f3n israel\u00ed<\/a>, pero este pa\u00eds no ha expresado a\u00fan solidaridad o protesta contra el crimen que Israel comete en Palestina.<\/p>\n<p>Existe un silencio total sobre el genocidio en Palestina de medios de comunicaci\u00f3n alternativa como <a href=\"https:\/\/prensacomunitaria.org\/\">prensa comunitaria<\/a>, y de otros, en una atm\u00f3sfera de agenda noticiosa alternativa y corporativa nacional determinada por la Embajada norteamericana y de la USAID.<\/p>\n<p>Este silencio c\u00f3mplice con el genocidio contra la humanidad cobra mayor responsabilidad trat\u00e1ndose de comunicadores\/as guatemaltecas que saben de lo que es un genocidio en su propio terru\u00f1o. Responsabilidad que no se justifica, ni se mitiga, por m\u00e1s que las y los trabajadores de la prensa corporativa y alternativa est\u00e9n en situaci\u00f3n l\u00edmite en la generaci\u00f3n de sus medios de subsistencia. No es humano, mucho menos es \u00e9tico, callar los asesinatos inmunes de nuestros colegas corresponsales en Gaza, o del genocidio en Palestina. Esto no tiene perd\u00f3n seg\u00fan la \u00e9tica period\u00edstica.<\/p>\n<p>Desde esta sencilla columna de opini\u00f3n, as\u00ed como reiteramos nuestros pedido a\u00a0 gobernantes de los diferentes estados del Continente a desconocer al Estado genocida de Israel, pedimos tambi\u00e9n a nuestros colegas periodistas e investigadores\/as a dejar de colaborar con la prensa callada sobre el genocidio en Gaza. No podemos, ni debemos ser c\u00f3mplices de la derrota de la verdad y de la humanidad en esta batalla cultural medi\u00e1tica que Israel\/EEUU lideran.<\/p>\n","protected":false},"excerpt":{"rendered":"<p>Desde esta sencilla columna de opini\u00f3n, as\u00ed como reiteramos nuestros pedido a\u00a0 gobernantes de los diferentes estados del Continente a desconocer al Estado genocida de Israel, pedimos tambi\u00e9n a nuestros colegas periodistas e investigadores\/as a dejar de colaborar con la prensa callada sobre el genocidio en Gaza. No podemos, ni debemos ser c\u00f3mplices de la [&hellip;]<\/p>\n","protected":false},"author":95365428,"featured_media":4430,"comment_status":"open","ping_status":"open","sticky":false,"template":"","format":"standard","meta":{"_coblocks_attr":"","_coblocks_dimensions":"","_coblocks_responsive_height":"","_coblocks_accordion_ie_support":"","_jetpack_newsletter_access":"","_jetpack_dont_email_post_to_subs":false,"_jetpack_newsletter_tier_id":0,"_jetpack_memberships_contains_paywalled_content":false,"_wpcom_ai_launchpad_first_post":false,"_jetpack_feature_clip_id":0,"_jetpack_memberships_contains_paid_content":false,"footnotes":"","jetpack_publicize_message":"NO COLABORES CON LA PRENSA QUE CALLA EL GENOCIDIO EN GAZA.\r\nPedimos a nuestros colegas periodistas e investigadores\/as a dejar de colaborar con la prensa callada sobre el genocidio en Gaza. No podemos, ni debemos ser c\u00f3mplices de la derrota de la verdad y de la humanidad en esta batalla cultural medi\u00e1tica que Israel\/EEUU lideran.","jetpack_publicize_feature_enabled":true,"jetpack_social_post_already_shared":true,"jetpack_social_options":{"image_generator_settings":{"template":"highway","default_image_id":0,"font":"","enabled":false},"version":2},"_wpas_customize_per_network":false,"jetpack_post_was_ever_published":false},"categories":[696795897],"tags":[696795859,696796256,696796242,696795858,696796249],"class_list":["post-4428","post","type-post","status-publish","format-standard","has-post-thumbnail","hentry","category-buen-vivir","tag-eeuu","tag-gaza","tag-genocidio","tag-guatemala","tag-holocausto-palestino"],"yoast_head":"<!-- This site is optimized with the Yoast SEO plugin v28.4 - https:\/\/yoast.com\/product\/yoast-seo-wordpress\/ -->\n<title>No colabores con la prensa que calla el genocidio en Gaza - Ollantay Itzamn\u00e1<\/title>\n<meta name=\"robots\" content=\"index, follow, max-snippet:-1, max-image-preview:large, max-video-preview:-1\" \/>\n<link rel=\"canonical\" href=\"https:\/\/ollantayitzamna.com\/?p=4428\" \/>\n<meta property=\"og:locale\" content=\"es_ES\" \/>\n<meta property=\"og:type\" content=\"article\" \/>\n<meta property=\"og:title\" content=\"No colabores con la prensa que calla el genocidio en Gaza - Ollantay Itzamn\u00e1\" \/>\n<meta property=\"og:description\" content=\"Desde esta sencilla columna de opini\u00f3n, as\u00ed como reiteramos nuestros pedido a\u00a0 gobernantes de los diferentes estados del Continente a desconocer al Estado genocida de Israel, pedimos tambi\u00e9n a nuestros colegas periodistas e investigadores\/as a dejar de colaborar con la prensa callada sobre el genocidio en Gaza. No podemos, ni debemos ser c\u00f3mplices de la [&hellip;]\" \/>\n<meta property=\"og:url\" content=\"https:\/\/ollantayitzamna.com\/?p=4428\" \/>\n<meta property=\"og:site_name\" content=\"Ollantay Itzamn\u00e1\" \/>\n<meta property=\"article:published_time\" content=\"2023-11-12T04:21:54+00:00\" \/>\n<meta property=\"article:modified_time\" content=\"2025-07-04T13:38:42+00:00\" \/>\n<meta property=\"og:image\" content=\"https:\/\/i0.wp.com\/ollantayitzamna.com\/wp-content\/uploads\/2023\/11\/asesinato_periodistas_gaza.jpeg?fit=999%2C549&ssl=1\" \/>\n\t<meta property=\"og:image:width\" content=\"999\" \/>\n\t<meta property=\"og:image:height\" content=\"549\" \/>\n\t<meta property=\"og:image:type\" content=\"image\/jpeg\" \/>\n<meta name=\"author\" content=\"ollantayitzamna\" \/>\n<meta name=\"twitter:card\" content=\"summary_large_image\" \/>\n<meta name=\"twitter:label1\" content=\"Escrito por\" \/>\n\t<meta name=\"twitter:data1\" content=\"ollantayitzamna\" \/>\n\t<meta name=\"twitter:label2\" content=\"Tiempo de lectura\" \/>\n\t<meta name=\"twitter:data2\" content=\"3 minutos\" \/>\n<script type=\"application\/ld+json\" class=\"yoast-schema-graph\">{\"@context\":\"https:\\\/\\\/schema.org\",\"@graph\":[{\"@type\":\"Article\",\"@id\":\"https:\\\/\\\/ollantayitzamna.com\\\/?p=4428#article\",\"isPartOf\":{\"@id\":\"https:\\\/\\\/ollantayitzamna.com\\\/?p=4428\"},\"author\":{\"name\":\"ollantayitzamna\",\"@id\":\"https:\\\/\\\/ollantayitzamna.com\\\/#\\\/schema\\\/person\\\/d7d683451f51a71c7d7c6b4b70437092\"},\"headline\":\"No colabores con la prensa que calla el genocidio en Gaza\",\"datePublished\":\"2023-11-12T04:21:54+00:00\",\"dateModified\":\"2025-07-04T13:38:42+00:00\",\"mainEntityOfPage\":{\"@id\":\"https:\\\/\\\/ollantayitzamna.com\\\/?p=4428\"},\"wordCount\":644,\"commentCount\":0,\"image\":{\"@id\":\"https:\\\/\\\/ollantayitzamna.com\\\/?p=4428#primaryimage\"},\"thumbnailUrl\":\"https:\\\/\\\/i0.wp.com\\\/ollantayitzamna.com\\\/wp-content\\\/uploads\\\/2023\\\/11\\\/asesinato_periodistas_gaza.jpeg?fit=999%2C549&ssl=1\",\"keywords\":[\"EEUU.\",\"Gaza\",\"genocidio\",\"Guatemala\",\"holocausto palestino\"],\"articleSection\":[\"Buen Vivir\"],\"inLanguage\":\"es\",\"potentialAction\":[{\"@type\":\"CommentAction\",\"name\":\"Comment\",\"target\":[\"https:\\\/\\\/ollantayitzamna.com\\\/?p=4428#respond\"]}]},{\"@type\":\"WebPage\",\"@id\":\"https:\\\/\\\/ollantayitzamna.com\\\/?p=4428\",\"url\":\"https:\\\/\\\/ollantayitzamna.com\\\/?p=4428\",\"name\":\"No colabores con la prensa que calla el genocidio en Gaza - Ollantay Itzamn\u00e1\",\"isPartOf\":{\"@id\":\"https:\\\/\\\/ollantayitzamna.com\\\/#website\"},\"primaryImageOfPage\":{\"@id\":\"https:\\\/\\\/ollantayitzamna.com\\\/?p=4428#primaryimage\"},\"image\":{\"@id\":\"https:\\\/\\\/ollantayitzamna.com\\\/?p=4428#primaryimage\"},\"thumbnailUrl\":\"https:\\\/\\\/i0.wp.com\\\/ollantayitzamna.com\\\/wp-content\\\/uploads\\\/2023\\\/11\\\/asesinato_periodistas_gaza.jpeg?fit=999%2C549&ssl=1\",\"datePublished\":\"2023-11-12T04:21:54+00:00\",\"dateModified\":\"2025-07-04T13:38:42+00:00\",\"author\":{\"@id\":\"https:\\\/\\\/ollantayitzamna.com\\\/#\\\/schema\\\/person\\\/d7d683451f51a71c7d7c6b4b70437092\"},\"breadcrumb\":{\"@id\":\"https:\\\/\\\/ollantayitzamna.com\\\/?p=4428#breadcrumb\"},\"inLanguage\":\"es\",\"potentialAction\":[{\"@type\":\"ReadAction\",\"target\":[\"https:\\\/\\\/ollantayitzamna.com\\\/?p=4428\"]}]},{\"@type\":\"ImageObject\",\"inLanguage\":\"es\",\"@id\":\"https:\\\/\\\/ollantayitzamna.com\\\/?p=4428#primaryimage\",\"url\":\"https:\\\/\\\/i0.wp.com\\\/ollantayitzamna.com\\\/wp-content\\\/uploads\\\/2023\\\/11\\\/asesinato_periodistas_gaza.jpeg?fit=999%2C549&ssl=1\",\"contentUrl\":\"https:\\\/\\\/i0.wp.com\\\/ollantayitzamna.com\\\/wp-content\\\/uploads\\\/2023\\\/11\\\/asesinato_periodistas_gaza.jpeg?fit=999%2C549&ssl=1\",\"width\":999,\"height\":549,\"caption\":\"Periodistas despiden a su colega asesinado en Gaza. Internet\"},{\"@type\":\"BreadcrumbList\",\"@id\":\"https:\\\/\\\/ollantayitzamna.com\\\/?p=4428#breadcrumb\",\"itemListElement\":[{\"@type\":\"ListItem\",\"position\":1,\"name\":\"Portada\",\"item\":\"https:\\\/\\\/ollantayitzamna.com\\\/\"},{\"@type\":\"ListItem\",\"position\":2,\"name\":\"No colabores con la prensa que calla el genocidio en Gaza\"}]},{\"@type\":\"WebSite\",\"@id\":\"https:\\\/\\\/ollantayitzamna.com\\\/#website\",\"url\":\"https:\\\/\\\/ollantayitzamna.com\\\/\",\"name\":\"Ollantay Itzamn\u00e1\",\"description\":\"Susurros del silencio\",\"potentialAction\":[{\"@type\":\"SearchAction\",\"target\":{\"@type\":\"EntryPoint\",\"urlTemplate\":\"https:\\\/\\\/ollantayitzamna.com\\\/?s={search_term_string}\"},\"query-input\":{\"@type\":\"PropertyValueSpecification\",\"valueRequired\":true,\"valueName\":\"search_term_string\"}}],\"inLanguage\":\"es\"},{\"@type\":\"Person\",\"@id\":\"https:\\\/\\\/ollantayitzamna.com\\\/#\\\/schema\\\/person\\\/d7d683451f51a71c7d7c6b4b70437092\",\"name\":\"ollantayitzamna\",\"image\":{\"@type\":\"ImageObject\",\"inLanguage\":\"es\",\"@id\":\"https:\\\/\\\/secure.gravatar.com\\\/avatar\\\/576387c53cc1a5ef704abf20408627fa3cb969d3f33355a576a2b20d65397362?s=96&d=identicon&r=g\",\"url\":\"https:\\\/\\\/secure.gravatar.com\\\/avatar\\\/576387c53cc1a5ef704abf20408627fa3cb969d3f33355a576a2b20d65397362?s=96&d=identicon&r=g\",\"contentUrl\":\"https:\\\/\\\/secure.gravatar.com\\\/avatar\\\/576387c53cc1a5ef704abf20408627fa3cb969d3f33355a576a2b20d65397362?s=96&d=identicon&r=g\",\"caption\":\"ollantayitzamna\"},\"description\":\"Soy Tierra que siente, que llora, que ama, que conspira, que sue\u00f1a. Soy wawa (criatura) de la Pachamama.\",\"sameAs\":[\"http:\\\/\\\/ollantayitzamna.com\"],\"url\":\"https:\\\/\\\/ollantayitzamna.com\\\/?author=95365428\"}]}<\/script>\n<!-- \/ Yoast SEO plugin. -->","yoast_head_json":{"title":"No colabores con la prensa que calla el genocidio en Gaza - Ollantay Itzamn\u00e1","robots":{"index":"index","follow":"follow","max-snippet":"max-snippet:-1","max-image-preview":"max-image-preview:large","max-video-preview":"max-video-preview:-1"},"canonical":"https:\/\/ollantayitzamna.com\/?p=4428","og_locale":"es_ES","og_type":"article","og_title":"No colabores con la prensa que calla el genocidio en Gaza - Ollantay Itzamn\u00e1","og_description":"Desde esta sencilla columna de opini\u00f3n, as\u00ed como reiteramos nuestros pedido a\u00a0 gobernantes de los diferentes estados del Continente a desconocer al Estado genocida de Israel, pedimos tambi\u00e9n a nuestros colegas periodistas e investigadores\/as a dejar de colaborar con la prensa callada sobre el genocidio en Gaza. No podemos, ni debemos ser c\u00f3mplices de la [&hellip;]","og_url":"https:\/\/ollantayitzamna.com\/?p=4428","og_site_name":"Ollantay Itzamn\u00e1","article_published_time":"2023-11-12T04:21:54+00:00","article_modified_time":"2025-07-04T13:38:42+00:00","og_image":[{"width":999,"height":549,"url":"https:\/\/i0.wp.com\/ollantayitzamna.com\/wp-content\/uploads\/2023\/11\/asesinato_periodistas_gaza.jpeg?fit=999%2C549&ssl=1","type":"image\/jpeg"}],"author":"ollantayitzamna","twitter_card":"summary_large_image","twitter_misc":{"Escrito por":"ollantayitzamna","Tiempo de lectura":"3 minutos"},"schema":{"@context":"https:\/\/schema.org","@graph":[{"@type":"Article","@id":"https:\/\/ollantayitzamna.com\/?p=4428#article","isPartOf":{"@id":"https:\/\/ollantayitzamna.com\/?p=4428"},"author":{"name":"ollantayitzamna","@id":"https:\/\/ollantayitzamna.com\/#\/schema\/person\/d7d683451f51a71c7d7c6b4b70437092"},"headline":"No colabores con la prensa que calla el genocidio en Gaza","datePublished":"2023-11-12T04:21:54+00:00","dateModified":"2025-07-04T13:38:42+00:00","mainEntityOfPage":{"@id":"https:\/\/ollantayitzamna.com\/?p=4428"},"wordCount":644,"commentCount":0,"image":{"@id":"https:\/\/ollantayitzamna.com\/?p=4428#primaryimage"},"thumbnailUrl":"https:\/\/i0.wp.com\/ollantayitzamna.com\/wp-content\/uploads\/2023\/11\/asesinato_periodistas_gaza.jpeg?fit=999%2C549&ssl=1","keywords":["EEUU.","Gaza","genocidio","Guatemala","holocausto palestino"],"articleSection":["Buen Vivir"],"inLanguage":"es","potentialAction":[{"@type":"CommentAction","name":"Comment","target":["https:\/\/ollantayitzamna.com\/?p=4428#respond"]}]},{"@type":"WebPage","@id":"https:\/\/ollantayitzamna.com\/?p=4428","url":"https:\/\/ollantayitzamna.com\/?p=4428","name":"No colabores con la prensa que calla el genocidio en Gaza - Ollantay Itzamn\u00e1","isPartOf":{"@id":"https:\/\/ollantayitzamna.com\/#website"},"primaryImageOfPage":{"@id":"https:\/\/ollantayitzamna.com\/?p=4428#primaryimage"},"image":{"@id":"https:\/\/ollantayitzamna.com\/?p=4428#primaryimage"},"thumbnailUrl":"https:\/\/i0.wp.com\/ollantayitzamna.com\/wp-content\/uploads\/2023\/11\/asesinato_periodistas_gaza.jpeg?fit=999%2C549&ssl=1","datePublished":"2023-11-12T04:21:54+00:00","dateModified":"2025-07-04T13:38:42+00:00","author":{"@id":"https:\/\/ollantayitzamna.com\/#\/schema\/person\/d7d683451f51a71c7d7c6b4b70437092"},"breadcrumb":{"@id":"https:\/\/ollantayitzamna.com\/?p=4428#breadcrumb"},"inLanguage":"es","potentialAction":[{"@type":"ReadAction","target":["https:\/\/ollantayitzamna.com\/?p=4428"]}]},{"@type":"ImageObject","inLanguage":"es","@id":"https:\/\/ollantayitzamna.com\/?p=4428#primaryimage","url":"https:\/\/i0.wp.com\/ollantayitzamna.com\/wp-content\/uploads\/2023\/11\/asesinato_periodistas_gaza.jpeg?fit=999%2C549&ssl=1","contentUrl":"https:\/\/i0.wp.com\/ollantayitzamna.com\/wp-content\/uploads\/2023\/11\/asesinato_periodistas_gaza.jpeg?fit=999%2C549&ssl=1","width":999,"height":549,"caption":"Periodistas despiden a su colega asesinado en Gaza. Internet"},{"@type":"BreadcrumbList","@id":"https:\/\/ollantayitzamna.com\/?p=4428#breadcrumb","itemListElement":[{"@type":"ListItem","position":1,"name":"Portada","item":"https:\/\/ollantayitzamna.com\/"},{"@type":"ListItem","position":2,"name":"No colabores con la prensa que calla el genocidio en Gaza"}]},{"@type":"WebSite","@id":"https:\/\/ollantayitzamna.com\/#website","url":"https:\/\/ollantayitzamna.com\/","name":"Ollantay Itzamn\u00e1","description":"Susurros del silencio","potentialAction":[{"@type":"SearchAction","target":{"@type":"EntryPoint","urlTemplate":"https:\/\/ollantayitzamna.com\/?s={search_term_string}"},"query-input":{"@type":"PropertyValueSpecification","valueRequired":true,"valueName":"search_term_string"}}],"inLanguage":"es"},{"@type":"Person","@id":"https:\/\/ollantayitzamna.com\/#\/schema\/person\/d7d683451f51a71c7d7c6b4b70437092","name":"ollantayitzamna","image":{"@type":"ImageObject","inLanguage":"es","@id":"https:\/\/secure.gravatar.com\/avatar\/576387c53cc1a5ef704abf20408627fa3cb969d3f33355a576a2b20d65397362?s=96&d=identicon&r=g","url":"https:\/\/secure.gravatar.com\/avatar\/576387c53cc1a5ef704abf20408627fa3cb969d3f33355a576a2b20d65397362?s=96&d=identicon&r=g","contentUrl":"https:\/\/secure.gravatar.com\/avatar\/576387c53cc1a5ef704abf20408627fa3cb969d3f33355a576a2b20d65397362?s=96&d=identicon&r=g","caption":"ollantayitzamna"},"description":"Soy Tierra que siente, que llora, que ama, que conspira, que sue\u00f1a. Soy wawa (criatura) de la Pachamama.","sameAs":["http:\/\/ollantayitzamna.com"],"url":"https:\/\/ollantayitzamna.com\/?author=95365428"}]}},"jetpack_publicize_connections":[],"jetpack_likes_enabled":true,"jetpack_sharing_enabled":true,"jetpack_featured_media_url":"https:\/\/i0.wp.com\/ollantayitzamna.com\/wp-content\/uploads\/2023\/11\/asesinato_periodistas_gaza.jpeg?fit=999%2C549&ssl=1","_links":{"self":[{"href":"https:\/\/ollantayitzamna.com\/index.php?rest_route=\/wp\/v2\/posts\/4428","targetHints":{"allow":["GET"]}}],"collection":[{"href":"https:\/\/ollantayitzamna.com\/index.php?rest_route=\/wp\/v2\/posts"}],"about":[{"href":"https:\/\/ollantayitzamna.com\/index.php?rest_route=\/wp\/v2\/types\/post"}],"author":[{"embeddable":true,"href":"https:\/\/ollantayitzamna.com\/index.php?rest_route=\/wp\/v2\/users\/95365428"}],"replies":[{"embeddable":true,"href":"https:\/\/ollantayitzamna.com\/index.php?rest_route=%2Fwp%2Fv2%2Fcomments&post=4428"}],"version-history":[{"count":4,"href":"https:\/\/ollantayitzamna.com\/index.php?rest_route=\/wp\/v2\/posts\/4428\/revisions"}],"predecessor-version":[{"id":4433,"href":"https:\/\/ollantayitzamna.com\/index.php?rest_route=\/wp\/v2\/posts\/4428\/revisions\/4433"}],"wp:featuredmedia":[{"embeddable":true,"href":"https:\/\/ollantayitzamna.com\/index.php?rest_route=\/wp\/v2\/media\/4430"}],"wp:attachment":[{"href":"https:\/\/ollantayitzamna.com\/index.php?rest_route=%2Fwp%2Fv2%2Fmedia&parent=4428"}],"wp:term":[{"taxonomy":"category","embeddable":true,"href":"https:\/\/ollantayitzamna.com\/index.php?rest_route=%2Fwp%2Fv2%2Fcategories&post=4428"},{"taxonomy":"post_tag","embeddable":true,"href":"https:\/\/ollantayitzamna.com\/index.php?rest_route=%2Fwp%2Fv2%2Ftags&post=4428"}],"curies":[{"name":"wp","href":"https:\/\/api.w.org\/{rel}","templated":true}]}}