{"id":490,"date":"2017-11-09T09:08:12","date_gmt":"2017-11-09T15:08:12","guid":{"rendered":"https:\/\/ollantayitzamna.com\/?p=490"},"modified":"2025-07-03T19:01:28","modified_gmt":"2025-07-04T01:01:28","slug":"cuando-los-despojados-de-codeca-desalambran-la-finca","status":"publish","type":"post","link":"https:\/\/ollantayitzamna.com\/?p=490","title":{"rendered":"Cuando los despojados de CODECA desalambran la finca"},"content":{"rendered":"<figure id=\"attachment_475\" aria-describedby=\"caption-attachment-475\" style=\"width: 529px\" class=\"wp-caption aligncenter\"><img data-recalc-dims=\"1\" fetchpriority=\"high\" decoding=\"async\" data-attachment-id=\"475\" data-permalink=\"https:\/\/ollantayitzamna.com\/?attachment_id=475\" data-orig-file=\"https:\/\/i0.wp.com\/ollantayitzamna.com\/wp-content\/uploads\/2017\/09\/dscf1753.jpg?fit=3840%2C1080&amp;ssl=1\" data-orig-size=\"3840,1080\" data-comments-opened=\"1\" data-image-meta=\"{&quot;aperture&quot;:&quot;8&quot;,&quot;credit&quot;:&quot;&quot;,&quot;camera&quot;:&quot;FinePix HS20EXR&quot;,&quot;caption&quot;:&quot;&quot;,&quot;created_timestamp&quot;:&quot;1505868073&quot;,&quot;copyright&quot;:&quot;&quot;,&quot;focal_length&quot;:&quot;4.2&quot;,&quot;iso&quot;:&quot;200&quot;,&quot;shutter_speed&quot;:&quot;0.0023809523809524&quot;,&quot;title&quot;:&quot;&quot;,&quot;orientation&quot;:&quot;1&quot;}\" data-image-title=\"DSCF1753\" data-image-description=\"\" data-image-caption=\"&lt;p&gt;Parque Central, Guatemala. Paro Nacional, 20S.2017&lt;\/p&gt;\n\" data-large-file=\"https:\/\/i0.wp.com\/ollantayitzamna.com\/wp-content\/uploads\/2017\/09\/dscf1753.jpg?fit=800%2C225&amp;ssl=1\" class=\"size-full wp-image-475\" src=\"https:\/\/i0.wp.com\/ollantayitzamna.com\/wp-content\/uploads\/2017\/09\/dscf1753.jpg?resize=529%2C149&#038;ssl=1\" alt=\"\" width=\"529\" height=\"149\" \/><figcaption id=\"caption-attachment-475\" class=\"wp-caption-text\">Parque Central, Guatemala. Paro Nacional, 20S.2017<\/figcaption><\/figure>\n<h3 style=\"text-align:center;\"><span style=\"color:#ff0000;\">En lo que va del mes de noviembre, en el Departamento de Quich\u00e9, asesinaron a Antonio P\u00e9rez de Le\u00f3n, defensor comunitario de CODECA, cuando \u00e9ste se dirig\u00eda a participar en el \u00faltimo Paro Nacional, e intentaron asesinar (y dejaron semi muerto) a Jacinto Brito, defensor coordinador de CODECA en el \u00e1rea Ixil. El defensor comunitario Vicente Calder\u00f3n, en plena acci\u00f3n colectiva de protesta, y delante de la Polic\u00eda Nacional Civil, fue arrollado por un empresario del lugar con motorizado blindado, en el Departamento de Izabal, durante el segundo d\u00eda del \u00faltimo Paro Nacional.<\/span><\/h3>\n<p><!--more--><\/p>\n<p>Hace unos d\u00edas atr\u00e1s, en v\u00edsperas del D\u00eda de los Difuntos, los narcofinqueros que usurpan tierras mayas, en el Departamento de Izabal, expulsaron violentamente a decenas de familias mayas qhech\u00eds, de dichas tierras, como si \u00e9stos fuesen muertos en vida. Y, lo m\u00e1s vergonzoso, con el auxilio del Estado y el silencio de la \u201cciudadan\u00eda\u201d.<\/p>\n<p>Horas despu\u00e9s, comunidades ind\u00edgenas y campesinas, organizadas en resistencia, articuladas en el movimiento del Comit\u00e9 de Desarrollo Campesino (CODECA), taparon todas las arterias camineras del pa\u00eds exigiendo \u201cla renuncia del gobierno corrupto y de todos los diputados del Congreso de la Rep\u00fablica, y convocando a un proceso constituyente popular y plurinacional para fundar un Estado Plurinacional en Guatemala\u201d.<\/p>\n<p style=\"padding-left:30px;\"><span style=\"color:#ff0000;\">Este movimiento indocampesino que se mueve como multitudes de hormigas auto organizadas y auto financiadas, de manera simult\u00e1nea y persistente, en este momento, se ha convertido en un inc\u00f3modo actor para la obtusa oligarqu\u00eda, y en un t\u00e1bano incisivo para la Guatemala acostumbrada a dormitar.<\/span><\/p>\n<p>En lo que va del mes de noviembre, en el Departamento de Quich\u00e9, asesinaron a Antonio P\u00e9rez de Le\u00f3n, defensor comunitario de CODECA, cuando \u00e9ste se dirig\u00eda a participar en el \u00faltimo Paro Nacional, e intentaron asesinar (y dejaron semi muerto) a Jacinto Brito, defensor coordinador de CODECA en el \u00e1rea Ixil. El defensor comunitario Vicente Calder\u00f3n, en plena acci\u00f3n colectiva de protesta, y delante de la Polic\u00eda Nacional Civil, fue arrollado por un empresario del lugar con motorizado blindado, en el Departamento de Izabal, durante el segundo d\u00eda del \u00faltimo Paro Nacional.<\/p>\n<p>La sistem\u00e1tica criminalizaci\u00f3n (procesos penales ma\u00f1oso en contra de defensores), es otro de los modus operandi que utilizan los criminales antisujetos para desactivar-adoctrinar-someter a ind\u00edgenas y campesinos \u201cdesobedientes\u201d que est\u00e1n rompiendo los cercos de la finca llamada Guatemala.<\/p>\n<p><strong>\u00bfQu\u00e9 hace que CODECA rompa los cercos de la finca?<\/strong><\/p>\n<p><strong>Lealtad a las comunidades antes que a la cooperaci\u00f3n internacional<\/strong>. Mientras el resto de las organizaciones ind\u00edgenas campesinas, con la firma de los Acuerdos de Paz (1996), se congregaban en la ciudad capital para disputarse la \u201cayuda al desarrollo\u201d, las y los defensores de CODECA optaron por sus milpas y comunidades. Y, <span style=\"color:#ff0000;\"><strong><em>fruto de esa perseverancia estoica de 25 a\u00f1os de organizaci\u00f3n-concientizaci\u00f3n-movilizaci\u00f3n-autogesti\u00f3n, ahora, se ha convertido en el Mois\u00e9s maya que intenta encaminar a los pueblos por el \u00e9xodo libertario postergado<\/em><\/strong><\/span>.<\/p>\n<figure id=\"attachment_491\" aria-describedby=\"caption-attachment-491\" style=\"width: 528px\" class=\"wp-caption aligncenter\"><img data-recalc-dims=\"1\" decoding=\"async\" data-attachment-id=\"491\" data-permalink=\"https:\/\/ollantayitzamna.com\/?attachment_id=491\" data-orig-file=\"https:\/\/i0.wp.com\/ollantayitzamna.com\/wp-content\/uploads\/2017\/11\/codeca-comparte.jpg?fit=528%2C960&amp;ssl=1\" data-orig-size=\"528,960\" data-comments-opened=\"1\" data-image-meta=\"{&quot;aperture&quot;:&quot;0&quot;,&quot;credit&quot;:&quot;&quot;,&quot;camera&quot;:&quot;&quot;,&quot;caption&quot;:&quot;&quot;,&quot;created_timestamp&quot;:&quot;0&quot;,&quot;copyright&quot;:&quot;&quot;,&quot;focal_length&quot;:&quot;0&quot;,&quot;iso&quot;:&quot;0&quot;,&quot;shutter_speed&quot;:&quot;0&quot;,&quot;title&quot;:&quot;&quot;,&quot;orientation&quot;:&quot;0&quot;}\" data-image-title=\"codeca comparte\" data-image-description=\"\" data-image-caption=\"&lt;p&gt;Defensora de CODECA comparte sus alimentos en toma de caminos&lt;\/p&gt;\n\" data-large-file=\"https:\/\/i0.wp.com\/ollantayitzamna.com\/wp-content\/uploads\/2017\/11\/codeca-comparte.jpg?fit=528%2C960&amp;ssl=1\" class=\"size-full wp-image-491\" src=\"https:\/\/i0.wp.com\/ollantayitzamna.com\/wp-content\/uploads\/2017\/11\/codeca-comparte.jpg?resize=528%2C960&#038;ssl=1\" alt=\"\" width=\"528\" height=\"960\" \/><figcaption id=\"caption-attachment-491\" class=\"wp-caption-text\">Defensora de CODECA comparte sus alimentos en toma de caminos<\/figcaption><\/figure>\n<p><strong>Claridad ideol\u00f3gica y pol\u00edtica<\/strong>. Las y los defensores principales de CODECA optaron por la construcci\u00f3n del poder local (asambleario) antes que la agenda de la \u201cincidencia\/gobernabilidad\u201d promovida por el Fondo Monetario Internacional\/Banco Mundial.<\/p>\n<p>Esa claridad pol\u00edtica los mantuvo en la perseverancia de apostar (contra corriente) por \u201ccambios estructurales\u201d desde las comunidades. No estuvieron del todo \u201csatisfechos\u201d con los \u201climitados\u201d contenidos de los Acuerdos de Paz que ya quedaron en el recuerdo.<\/p>\n<p>Por eso, en su asamblea nacional del 2016, consensuaron (lo que ya ven\u00edan trabajando desde 2012) impulsar el proceso constituyente popular y plurinacional para la creaci\u00f3n del Estado Plurinacional. Y, al mismo tiempo, acordaron crear un instrumento pol\u00edtico propio para disputar el poder electoralmente.<\/p>\n<figure id=\"attachment_493\" aria-describedby=\"caption-attachment-493\" style=\"width: 529px\" class=\"wp-caption aligncenter\"><img data-recalc-dims=\"1\" decoding=\"async\" data-attachment-id=\"493\" data-permalink=\"https:\/\/ollantayitzamna.com\/?attachment_id=493\" data-orig-file=\"https:\/\/i0.wp.com\/ollantayitzamna.com\/wp-content\/uploads\/2017\/11\/juventud-codeca.jpg?fit=960%2C720&amp;ssl=1\" data-orig-size=\"960,720\" data-comments-opened=\"1\" data-image-meta=\"{&quot;aperture&quot;:&quot;0&quot;,&quot;credit&quot;:&quot;&quot;,&quot;camera&quot;:&quot;&quot;,&quot;caption&quot;:&quot;&quot;,&quot;created_timestamp&quot;:&quot;0&quot;,&quot;copyright&quot;:&quot;&quot;,&quot;focal_length&quot;:&quot;0&quot;,&quot;iso&quot;:&quot;0&quot;,&quot;shutter_speed&quot;:&quot;0&quot;,&quot;title&quot;:&quot;&quot;,&quot;orientation&quot;:&quot;0&quot;}\" data-image-title=\"juventud codeca\" data-image-description=\"\" data-image-caption=\"&lt;p&gt;J\u00f3venes de CODECA ense\u00f1an su manta que resume sus luchas&lt;\/p&gt;\n\" data-large-file=\"https:\/\/i0.wp.com\/ollantayitzamna.com\/wp-content\/uploads\/2017\/11\/juventud-codeca.jpg?fit=800%2C600&amp;ssl=1\" class=\"size-full wp-image-493\" src=\"https:\/\/i0.wp.com\/ollantayitzamna.com\/wp-content\/uploads\/2017\/11\/juventud-codeca.jpg?resize=529%2C397&#038;ssl=1\" alt=\"\" width=\"529\" height=\"397\" \/><figcaption id=\"caption-attachment-493\" class=\"wp-caption-text\">J\u00f3venes de CODECA ense\u00f1an su manta que resume sus luchas<\/figcaption><\/figure>\n<p><strong>Capacidad de resiliencia<\/strong>. El desprestigio medi\u00e1tico y la criminalizaci\u00f3n fueron constantes para convertir a CODECA, en el imaginario colectivo nacional, en una organizaci\u00f3n criminal.<\/p>\n<p>Incluso el defenestrado gobierno de Otto P\u00e9rez Molina cre\u00f3 la unidad de Fiscal\u00eda Anticodeca (contra el hurto de fluidos), pero, hasta el momento, no existe ning\u00fan integrante del movimiento encarcelado. En 2014, secuestraron y encarcelaron nada menos que a los principales defensores del movimiento. Y, la ONU, determin\u00f3 dicho abuso como \u201cdetenci\u00f3n arbitraria\u201d.<\/p>\n<p>Pero, ante la sistem\u00e1tica criminalizaci\u00f3n, ind\u00edgenas y campesinos se autoproclamaron defensores comunitarios de derechos. Y ante el desprestigio medi\u00e1tico, ind\u00edgenas y campesinos con m\u00ednimo grado de escolaridad se asumieron como comunicadores comunitarios de derechos desde la Internet. Y all\u00ed van, convirtiendo las desventajas en ventajas. Rompiendo el alambrado del cerco medi\u00e1tico.<\/p>\n<p><strong>Austeridad y cultura de autosostenimiento<\/strong>. Ninguna agencia de cooperaci\u00f3n asentada en Guatemala apoya a CODECA, pero tampoco este movimiento cuenta con equipo t\u00e9cnico de planilla. Son los mismos hij@s profesionales de defensores campesinos quienes aportan en la gesti\u00f3n y administraci\u00f3n a cambio de \u201casignaciones\u201d casi simb\u00f3licas.<\/p>\n<p>Cada soci@ aporta mensualmente para el movimiento el monto de Q.3. Son las comunidades quienes sostienen todas las actividades del movimiento. Por eso CODECA avanza sin prisa, ni pausa.<\/p>\n<figure id=\"attachment_492\" aria-describedby=\"caption-attachment-492\" style=\"width: 529px\" class=\"wp-caption aligncenter\"><img data-recalc-dims=\"1\" loading=\"lazy\" decoding=\"async\" data-attachment-id=\"492\" data-permalink=\"https:\/\/ollantayitzamna.com\/?attachment_id=492\" data-orig-file=\"https:\/\/i0.wp.com\/ollantayitzamna.com\/wp-content\/uploads\/2017\/11\/codeca-identidd.jpg?fit=533%2C960&amp;ssl=1\" data-orig-size=\"533,960\" data-comments-opened=\"1\" data-image-meta=\"{&quot;aperture&quot;:&quot;0&quot;,&quot;credit&quot;:&quot;&quot;,&quot;camera&quot;:&quot;&quot;,&quot;caption&quot;:&quot;&quot;,&quot;created_timestamp&quot;:&quot;0&quot;,&quot;copyright&quot;:&quot;&quot;,&quot;focal_length&quot;:&quot;0&quot;,&quot;iso&quot;:&quot;0&quot;,&quot;shutter_speed&quot;:&quot;0&quot;,&quot;title&quot;:&quot;&quot;,&quot;orientation&quot;:&quot;0&quot;}\" data-image-title=\"codeca identidd\" data-image-description=\"\" data-image-caption=\"&lt;p&gt;Defensor de CODECA, con su pancarta, en el paro nacional de noviembre del 2017&lt;\/p&gt;\n\" data-large-file=\"https:\/\/i0.wp.com\/ollantayitzamna.com\/wp-content\/uploads\/2017\/11\/codeca-identidd.jpg?fit=533%2C960&amp;ssl=1\" class=\"size-full wp-image-492\" src=\"https:\/\/i0.wp.com\/ollantayitzamna.com\/wp-content\/uploads\/2017\/11\/codeca-identidd.jpg?resize=529%2C953&#038;ssl=1\" alt=\"\" width=\"529\" height=\"953\" \/><figcaption id=\"caption-attachment-492\" class=\"wp-caption-text\">Defensor de CODECA, con su pancarta, en el paro nacional de noviembre del 2017<\/figcaption><\/figure>\n<p><strong>Formaci\u00f3n asamblearia permanente<\/strong>. Bajo los \u00e1rboles o en los corredores de viviendas realizan sendas asambleas formativas para el ejercicio y defensa responsable de sus derechos.<\/p>\n<p>\u201cLa organizaci\u00f3n nos abri\u00f3 los ojos\u201d, afirman con gratitud. Quiz\u00e1s por ello, ind\u00edgenas y campesinos tradicionalmente habitados por el miedo se atreven, ahora, no s\u00f3lo a resistirse a pagar las facturas abusivas de energ\u00eda el\u00e9ctrica (exigiendo la nacionalizaci\u00f3n de este servicio), sino que afirman \u201cno tenemos Estado\u201d. \u201cEsos corruptos no nos representan\u201d. Y, en consecuencia, proponen e impulsan un proceso constituyente plurinacional, incluso cuando en las ciudades, y para la izquierda pol\u00edtica neoliberal, \u201cesa\u201d propuesta sobrepase las capacidades de comprensi\u00f3n<\/p>\n<p>As\u00ed es c\u00f3mo van rompiendo el alambrado de esta finca llamada Guatemala. Desde los lugares menos sospechadas, de abajo hacia arriba, del campo hacia la ciudad.<\/p>\n","protected":false},"excerpt":{"rendered":"<p>En lo que va del mes de noviembre, en el Departamento de Quich\u00e9, asesinaron a Antonio P\u00e9rez de Le\u00f3n, defensor comunitario de CODECA, cuando \u00e9ste se dirig\u00eda a participar en el \u00faltimo Paro Nacional, e intentaron asesinar (y dejaron semi muerto) a Jacinto Brito, defensor coordinador de CODECA en el \u00e1rea Ixil. El defensor comunitario [&hellip;]<\/p>\n","protected":false},"author":95365428,"featured_media":475,"comment_status":"open","ping_status":"open","sticky":false,"template":"","format":"standard","meta":{"_coblocks_attr":"","_coblocks_dimensions":"","_coblocks_responsive_height":"","_coblocks_accordion_ie_support":"","_jetpack_newsletter_access":"","_jetpack_dont_email_post_to_subs":false,"_jetpack_newsletter_tier_id":0,"_jetpack_memberships_contains_paywalled_content":false,"_wpcom_ai_launchpad_first_post":false,"_jetpack_feature_clip_id":0,"_jetpack_memberships_contains_paid_content":false,"footnotes":"","jetpack_publicize_message":"{title}\n\n{excerpt}\n\n{url}","jetpack_publicize_feature_enabled":true,"jetpack_social_post_already_shared":false,"jetpack_social_options":{"image_generator_settings":{"template":"highway","default_image_id":0,"font":"","enabled":false},"version":2},"_wpas_customize_per_network":false,"jetpack_post_was_ever_published":false},"categories":[696796406],"tags":[5578823,696795865,71499837,696795858,2333965,14816],"class_list":["post-490","post","type-post","status-publish","format-standard","has-post-thumbnail","hentry","category-comunalidad","tag-codeca","tag-criminalizacion","tag-defensores-comunitarios","tag-guatemala","tag-proceso-constituyente","tag-resistencia"],"yoast_head":"<!-- This site is optimized with the Yoast SEO plugin v28.3 - https:\/\/yoast.com\/product\/yoast-seo-wordpress\/ -->\n<title>Cuando los despojados de CODECA desalambran la finca - Ollantay Itzamn\u00e1<\/title>\n<meta name=\"robots\" content=\"index, follow, max-snippet:-1, max-image-preview:large, max-video-preview:-1\" \/>\n<link rel=\"canonical\" href=\"https:\/\/ollantayitzamna.com\/?p=490\" \/>\n<meta property=\"og:locale\" content=\"es_ES\" \/>\n<meta property=\"og:type\" content=\"article\" \/>\n<meta property=\"og:title\" content=\"Cuando los despojados de CODECA desalambran la finca - Ollantay Itzamn\u00e1\" \/>\n<meta property=\"og:description\" content=\"En lo que va del mes de noviembre, en el Departamento de Quich\u00e9, asesinaron a Antonio P\u00e9rez de Le\u00f3n, defensor comunitario de CODECA, cuando \u00e9ste se dirig\u00eda a participar en el \u00faltimo Paro Nacional, e intentaron asesinar (y dejaron semi muerto) a Jacinto Brito, defensor coordinador de CODECA en el \u00e1rea Ixil. El defensor comunitario [&hellip;]\" \/>\n<meta property=\"og:url\" content=\"https:\/\/ollantayitzamna.com\/?p=490\" \/>\n<meta property=\"og:site_name\" content=\"Ollantay Itzamn\u00e1\" \/>\n<meta property=\"article:published_time\" content=\"2017-11-09T15:08:12+00:00\" \/>\n<meta property=\"article:modified_time\" content=\"2025-07-04T01:01:28+00:00\" \/>\n<meta property=\"og:image\" content=\"https:\/\/i0.wp.com\/ollantayitzamna.com\/wp-content\/uploads\/2017\/09\/dscf1753.jpg?fit=3840%2C1080&ssl=1\" \/>\n\t<meta property=\"og:image:width\" content=\"3840\" \/>\n\t<meta property=\"og:image:height\" content=\"1080\" \/>\n\t<meta property=\"og:image:type\" content=\"image\/jpeg\" \/>\n<meta name=\"author\" content=\"ollantayitzamna\" \/>\n<meta name=\"twitter:card\" content=\"summary_large_image\" \/>\n<meta name=\"twitter:label1\" content=\"Escrito por\" \/>\n\t<meta name=\"twitter:data1\" content=\"ollantayitzamna\" \/>\n\t<meta name=\"twitter:label2\" content=\"Tiempo de lectura\" \/>\n\t<meta name=\"twitter:data2\" content=\"5 minutos\" \/>\n<script type=\"application\/ld+json\" class=\"yoast-schema-graph\">{\"@context\":\"https:\\\/\\\/schema.org\",\"@graph\":[{\"@type\":\"Article\",\"@id\":\"https:\\\/\\\/ollantayitzamna.com\\\/?p=490#article\",\"isPartOf\":{\"@id\":\"https:\\\/\\\/ollantayitzamna.com\\\/?p=490\"},\"author\":{\"name\":\"ollantayitzamna\",\"@id\":\"https:\\\/\\\/ollantayitzamna.com\\\/#\\\/schema\\\/person\\\/d7d683451f51a71c7d7c6b4b70437092\"},\"headline\":\"Cuando los despojados de CODECA desalambran la finca\",\"datePublished\":\"2017-11-09T15:08:12+00:00\",\"dateModified\":\"2025-07-04T01:01:28+00:00\",\"mainEntityOfPage\":{\"@id\":\"https:\\\/\\\/ollantayitzamna.com\\\/?p=490\"},\"wordCount\":1076,\"commentCount\":0,\"image\":{\"@id\":\"https:\\\/\\\/ollantayitzamna.com\\\/?p=490#primaryimage\"},\"thumbnailUrl\":\"https:\\\/\\\/i0.wp.com\\\/ollantayitzamna.com\\\/wp-content\\\/uploads\\\/2017\\\/09\\\/dscf1753.jpg?fit=3840%2C1080&ssl=1\",\"keywords\":[\"CODECA\",\"criminalizaci\u00f3n\",\"defensores comunitarios\",\"Guatemala\",\"proceso constituyente\",\"resistencia\"],\"articleSection\":[\"Comunalidad\"],\"inLanguage\":\"es\",\"potentialAction\":[{\"@type\":\"CommentAction\",\"name\":\"Comment\",\"target\":[\"https:\\\/\\\/ollantayitzamna.com\\\/?p=490#respond\"]}]},{\"@type\":\"WebPage\",\"@id\":\"https:\\\/\\\/ollantayitzamna.com\\\/?p=490\",\"url\":\"https:\\\/\\\/ollantayitzamna.com\\\/?p=490\",\"name\":\"Cuando los despojados de CODECA desalambran la finca - Ollantay Itzamn\u00e1\",\"isPartOf\":{\"@id\":\"https:\\\/\\\/ollantayitzamna.com\\\/#website\"},\"primaryImageOfPage\":{\"@id\":\"https:\\\/\\\/ollantayitzamna.com\\\/?p=490#primaryimage\"},\"image\":{\"@id\":\"https:\\\/\\\/ollantayitzamna.com\\\/?p=490#primaryimage\"},\"thumbnailUrl\":\"https:\\\/\\\/i0.wp.com\\\/ollantayitzamna.com\\\/wp-content\\\/uploads\\\/2017\\\/09\\\/dscf1753.jpg?fit=3840%2C1080&ssl=1\",\"datePublished\":\"2017-11-09T15:08:12+00:00\",\"dateModified\":\"2025-07-04T01:01:28+00:00\",\"author\":{\"@id\":\"https:\\\/\\\/ollantayitzamna.com\\\/#\\\/schema\\\/person\\\/d7d683451f51a71c7d7c6b4b70437092\"},\"breadcrumb\":{\"@id\":\"https:\\\/\\\/ollantayitzamna.com\\\/?p=490#breadcrumb\"},\"inLanguage\":\"es\",\"potentialAction\":[{\"@type\":\"ReadAction\",\"target\":[\"https:\\\/\\\/ollantayitzamna.com\\\/?p=490\"]}]},{\"@type\":\"ImageObject\",\"inLanguage\":\"es\",\"@id\":\"https:\\\/\\\/ollantayitzamna.com\\\/?p=490#primaryimage\",\"url\":\"https:\\\/\\\/i0.wp.com\\\/ollantayitzamna.com\\\/wp-content\\\/uploads\\\/2017\\\/09\\\/dscf1753.jpg?fit=3840%2C1080&ssl=1\",\"contentUrl\":\"https:\\\/\\\/i0.wp.com\\\/ollantayitzamna.com\\\/wp-content\\\/uploads\\\/2017\\\/09\\\/dscf1753.jpg?fit=3840%2C1080&ssl=1\",\"width\":3840,\"height\":1080,\"caption\":\"Parque Central, Guatemala. Paro Nacional, 20S.2017\"},{\"@type\":\"BreadcrumbList\",\"@id\":\"https:\\\/\\\/ollantayitzamna.com\\\/?p=490#breadcrumb\",\"itemListElement\":[{\"@type\":\"ListItem\",\"position\":1,\"name\":\"Portada\",\"item\":\"https:\\\/\\\/ollantayitzamna.com\\\/\"},{\"@type\":\"ListItem\",\"position\":2,\"name\":\"Cuando los despojados de CODECA desalambran la finca\"}]},{\"@type\":\"WebSite\",\"@id\":\"https:\\\/\\\/ollantayitzamna.com\\\/#website\",\"url\":\"https:\\\/\\\/ollantayitzamna.com\\\/\",\"name\":\"Ollantay Itzamn\u00e1\",\"description\":\"Susurros del silencio\",\"potentialAction\":[{\"@type\":\"SearchAction\",\"target\":{\"@type\":\"EntryPoint\",\"urlTemplate\":\"https:\\\/\\\/ollantayitzamna.com\\\/?s={search_term_string}\"},\"query-input\":{\"@type\":\"PropertyValueSpecification\",\"valueRequired\":true,\"valueName\":\"search_term_string\"}}],\"inLanguage\":\"es\"},{\"@type\":\"Person\",\"@id\":\"https:\\\/\\\/ollantayitzamna.com\\\/#\\\/schema\\\/person\\\/d7d683451f51a71c7d7c6b4b70437092\",\"name\":\"ollantayitzamna\",\"image\":{\"@type\":\"ImageObject\",\"inLanguage\":\"es\",\"@id\":\"https:\\\/\\\/secure.gravatar.com\\\/avatar\\\/576387c53cc1a5ef704abf20408627fa3cb969d3f33355a576a2b20d65397362?s=96&d=identicon&r=g\",\"url\":\"https:\\\/\\\/secure.gravatar.com\\\/avatar\\\/576387c53cc1a5ef704abf20408627fa3cb969d3f33355a576a2b20d65397362?s=96&d=identicon&r=g\",\"contentUrl\":\"https:\\\/\\\/secure.gravatar.com\\\/avatar\\\/576387c53cc1a5ef704abf20408627fa3cb969d3f33355a576a2b20d65397362?s=96&d=identicon&r=g\",\"caption\":\"ollantayitzamna\"},\"description\":\"Soy Tierra que siente, que llora, que ama, que conspira, que sue\u00f1a. Soy wawa (criatura) de la Pachamama.\",\"sameAs\":[\"http:\\\/\\\/ollantayitzamna.com\"],\"url\":\"https:\\\/\\\/ollantayitzamna.com\\\/?author=95365428\"}]}<\/script>\n<!-- \/ Yoast SEO plugin. -->","yoast_head_json":{"title":"Cuando los despojados de CODECA desalambran la finca - Ollantay Itzamn\u00e1","robots":{"index":"index","follow":"follow","max-snippet":"max-snippet:-1","max-image-preview":"max-image-preview:large","max-video-preview":"max-video-preview:-1"},"canonical":"https:\/\/ollantayitzamna.com\/?p=490","og_locale":"es_ES","og_type":"article","og_title":"Cuando los despojados de CODECA desalambran la finca - Ollantay Itzamn\u00e1","og_description":"En lo que va del mes de noviembre, en el Departamento de Quich\u00e9, asesinaron a Antonio P\u00e9rez de Le\u00f3n, defensor comunitario de CODECA, cuando \u00e9ste se dirig\u00eda a participar en el \u00faltimo Paro Nacional, e intentaron asesinar (y dejaron semi muerto) a Jacinto Brito, defensor coordinador de CODECA en el \u00e1rea Ixil. El defensor comunitario [&hellip;]","og_url":"https:\/\/ollantayitzamna.com\/?p=490","og_site_name":"Ollantay Itzamn\u00e1","article_published_time":"2017-11-09T15:08:12+00:00","article_modified_time":"2025-07-04T01:01:28+00:00","og_image":[{"width":3840,"height":1080,"url":"https:\/\/i0.wp.com\/ollantayitzamna.com\/wp-content\/uploads\/2017\/09\/dscf1753.jpg?fit=3840%2C1080&ssl=1","type":"image\/jpeg"}],"author":"ollantayitzamna","twitter_card":"summary_large_image","twitter_misc":{"Escrito por":"ollantayitzamna","Tiempo de lectura":"5 minutos"},"schema":{"@context":"https:\/\/schema.org","@graph":[{"@type":"Article","@id":"https:\/\/ollantayitzamna.com\/?p=490#article","isPartOf":{"@id":"https:\/\/ollantayitzamna.com\/?p=490"},"author":{"name":"ollantayitzamna","@id":"https:\/\/ollantayitzamna.com\/#\/schema\/person\/d7d683451f51a71c7d7c6b4b70437092"},"headline":"Cuando los despojados de CODECA desalambran la finca","datePublished":"2017-11-09T15:08:12+00:00","dateModified":"2025-07-04T01:01:28+00:00","mainEntityOfPage":{"@id":"https:\/\/ollantayitzamna.com\/?p=490"},"wordCount":1076,"commentCount":0,"image":{"@id":"https:\/\/ollantayitzamna.com\/?p=490#primaryimage"},"thumbnailUrl":"https:\/\/i0.wp.com\/ollantayitzamna.com\/wp-content\/uploads\/2017\/09\/dscf1753.jpg?fit=3840%2C1080&ssl=1","keywords":["CODECA","criminalizaci\u00f3n","defensores comunitarios","Guatemala","proceso constituyente","resistencia"],"articleSection":["Comunalidad"],"inLanguage":"es","potentialAction":[{"@type":"CommentAction","name":"Comment","target":["https:\/\/ollantayitzamna.com\/?p=490#respond"]}]},{"@type":"WebPage","@id":"https:\/\/ollantayitzamna.com\/?p=490","url":"https:\/\/ollantayitzamna.com\/?p=490","name":"Cuando los despojados de CODECA desalambran la finca - Ollantay Itzamn\u00e1","isPartOf":{"@id":"https:\/\/ollantayitzamna.com\/#website"},"primaryImageOfPage":{"@id":"https:\/\/ollantayitzamna.com\/?p=490#primaryimage"},"image":{"@id":"https:\/\/ollantayitzamna.com\/?p=490#primaryimage"},"thumbnailUrl":"https:\/\/i0.wp.com\/ollantayitzamna.com\/wp-content\/uploads\/2017\/09\/dscf1753.jpg?fit=3840%2C1080&ssl=1","datePublished":"2017-11-09T15:08:12+00:00","dateModified":"2025-07-04T01:01:28+00:00","author":{"@id":"https:\/\/ollantayitzamna.com\/#\/schema\/person\/d7d683451f51a71c7d7c6b4b70437092"},"breadcrumb":{"@id":"https:\/\/ollantayitzamna.com\/?p=490#breadcrumb"},"inLanguage":"es","potentialAction":[{"@type":"ReadAction","target":["https:\/\/ollantayitzamna.com\/?p=490"]}]},{"@type":"ImageObject","inLanguage":"es","@id":"https:\/\/ollantayitzamna.com\/?p=490#primaryimage","url":"https:\/\/i0.wp.com\/ollantayitzamna.com\/wp-content\/uploads\/2017\/09\/dscf1753.jpg?fit=3840%2C1080&ssl=1","contentUrl":"https:\/\/i0.wp.com\/ollantayitzamna.com\/wp-content\/uploads\/2017\/09\/dscf1753.jpg?fit=3840%2C1080&ssl=1","width":3840,"height":1080,"caption":"Parque Central, Guatemala. Paro Nacional, 20S.2017"},{"@type":"BreadcrumbList","@id":"https:\/\/ollantayitzamna.com\/?p=490#breadcrumb","itemListElement":[{"@type":"ListItem","position":1,"name":"Portada","item":"https:\/\/ollantayitzamna.com\/"},{"@type":"ListItem","position":2,"name":"Cuando los despojados de CODECA desalambran la finca"}]},{"@type":"WebSite","@id":"https:\/\/ollantayitzamna.com\/#website","url":"https:\/\/ollantayitzamna.com\/","name":"Ollantay Itzamn\u00e1","description":"Susurros del silencio","potentialAction":[{"@type":"SearchAction","target":{"@type":"EntryPoint","urlTemplate":"https:\/\/ollantayitzamna.com\/?s={search_term_string}"},"query-input":{"@type":"PropertyValueSpecification","valueRequired":true,"valueName":"search_term_string"}}],"inLanguage":"es"},{"@type":"Person","@id":"https:\/\/ollantayitzamna.com\/#\/schema\/person\/d7d683451f51a71c7d7c6b4b70437092","name":"ollantayitzamna","image":{"@type":"ImageObject","inLanguage":"es","@id":"https:\/\/secure.gravatar.com\/avatar\/576387c53cc1a5ef704abf20408627fa3cb969d3f33355a576a2b20d65397362?s=96&d=identicon&r=g","url":"https:\/\/secure.gravatar.com\/avatar\/576387c53cc1a5ef704abf20408627fa3cb969d3f33355a576a2b20d65397362?s=96&d=identicon&r=g","contentUrl":"https:\/\/secure.gravatar.com\/avatar\/576387c53cc1a5ef704abf20408627fa3cb969d3f33355a576a2b20d65397362?s=96&d=identicon&r=g","caption":"ollantayitzamna"},"description":"Soy Tierra que siente, que llora, que ama, que conspira, que sue\u00f1a. Soy wawa (criatura) de la Pachamama.","sameAs":["http:\/\/ollantayitzamna.com"],"url":"https:\/\/ollantayitzamna.com\/?author=95365428"}]}},"jetpack_publicize_connections":[],"jetpack_likes_enabled":true,"jetpack_sharing_enabled":true,"jetpack_featured_media_url":"https:\/\/i0.wp.com\/ollantayitzamna.com\/wp-content\/uploads\/2017\/09\/dscf1753.jpg?fit=3840%2C1080&ssl=1","_links":{"self":[{"href":"https:\/\/ollantayitzamna.com\/index.php?rest_route=\/wp\/v2\/posts\/490","targetHints":{"allow":["GET"]}}],"collection":[{"href":"https:\/\/ollantayitzamna.com\/index.php?rest_route=\/wp\/v2\/posts"}],"about":[{"href":"https:\/\/ollantayitzamna.com\/index.php?rest_route=\/wp\/v2\/types\/post"}],"author":[{"embeddable":true,"href":"https:\/\/ollantayitzamna.com\/index.php?rest_route=\/wp\/v2\/users\/95365428"}],"replies":[{"embeddable":true,"href":"https:\/\/ollantayitzamna.com\/index.php?rest_route=%2Fwp%2Fv2%2Fcomments&post=490"}],"version-history":[{"count":1,"href":"https:\/\/ollantayitzamna.com\/index.php?rest_route=\/wp\/v2\/posts\/490\/revisions"}],"predecessor-version":[{"id":494,"href":"https:\/\/ollantayitzamna.com\/index.php?rest_route=\/wp\/v2\/posts\/490\/revisions\/494"}],"wp:attachment":[{"href":"https:\/\/ollantayitzamna.com\/index.php?rest_route=%2Fwp%2Fv2%2Fmedia&parent=490"}],"wp:term":[{"taxonomy":"category","embeddable":true,"href":"https:\/\/ollantayitzamna.com\/index.php?rest_route=%2Fwp%2Fv2%2Fcategories&post=490"},{"taxonomy":"post_tag","embeddable":true,"href":"https:\/\/ollantayitzamna.com\/index.php?rest_route=%2Fwp%2Fv2%2Ftags&post=490"}],"curies":[{"name":"wp","href":"https:\/\/api.w.org\/{rel}","templated":true}]}}