{"id":537,"date":"2018-04-27T15:29:35","date_gmt":"2018-04-27T21:29:35","guid":{"rendered":"https:\/\/ollantayitzamna.com\/?p=537"},"modified":"2025-07-03T19:01:28","modified_gmt":"2025-07-04T01:01:28","slug":"de-la-guerra-anti-comunista-a-la-guerra-anti-corrupcion","status":"publish","type":"post","link":"https:\/\/ollantayitzamna.com\/?p=537","title":{"rendered":"De la guerra anti comunista a la guerra anti corrupci\u00f3n"},"content":{"rendered":"<figure id=\"attachment_538\" aria-describedby=\"caption-attachment-538\" style=\"width: 529px\" class=\"wp-caption aligncenter\"><img data-recalc-dims=\"1\" fetchpriority=\"high\" decoding=\"async\" data-attachment-id=\"538\" data-permalink=\"https:\/\/ollantayitzamna.com\/?attachment_id=538\" data-orig-file=\"https:\/\/i0.wp.com\/ollantayitzamna.com\/wp-content\/uploads\/2018\/04\/gringo.jpg?fit=1160%2C441&amp;ssl=1\" data-orig-size=\"1160,441\" data-comments-opened=\"1\" data-image-meta=\"{&quot;aperture&quot;:&quot;0&quot;,&quot;credit&quot;:&quot;&quot;,&quot;camera&quot;:&quot;&quot;,&quot;caption&quot;:&quot;&quot;,&quot;created_timestamp&quot;:&quot;0&quot;,&quot;copyright&quot;:&quot;&quot;,&quot;focal_length&quot;:&quot;0&quot;,&quot;iso&quot;:&quot;0&quot;,&quot;shutter_speed&quot;:&quot;0&quot;,&quot;title&quot;:&quot;&quot;,&quot;orientation&quot;:&quot;0&quot;}\" data-image-title=\"gringo\" data-image-description=\"\" data-image-caption=\"&lt;p&gt;Foto.Internet&lt;\/p&gt;\n\" data-large-file=\"https:\/\/i0.wp.com\/ollantayitzamna.com\/wp-content\/uploads\/2018\/04\/gringo.jpg?fit=800%2C304&amp;ssl=1\" class=\"size-full wp-image-538\" src=\"https:\/\/i0.wp.com\/ollantayitzamna.com\/wp-content\/uploads\/2018\/04\/gringo.jpg?resize=529%2C201&#038;ssl=1\" alt=\"\" width=\"529\" height=\"201\" \/><figcaption id=\"caption-attachment-538\" class=\"wp-caption-text\">Foto.Internet<\/figcaption><\/figure>\n<h3 style=\"text-align:center;\"><span style=\"color:#ff0000;\">&#8230;la dictadura yanqui jam\u00e1s termin\u00f3 en Am\u00e9rica Latina. S\u00f3lo cambi\u00f3 de uniforme. Antes operaron desde los \u00f3rganos ejecutivos, con hombres de uniforme militar. Ahora, operan desde los organismos judiciales, con civiles de toga y traje. El objetivo es el mismo: castigar y escarmentar cualquier proceso de emancipaci\u00f3n de los pueblos. Aunque ellos saben m\u00e1s que nadie que la corrupci\u00f3n p\u00fablica es para el sistema neoliberal lo que el aceite es para el motor.<\/span><\/h3>\n<p><!--more-->Durante el siglo XX, en especial en su segunda mitad, Am\u00e9rica Latina fue un campo sangriento de la falsa guerra anti comunista jam\u00e1s vista en el mundo occidental.<\/p>\n<p>S\u00f3lo en Guatemala, los proyectiles made in USA, asesinaron m\u00e1s de 200 mil personas inocentes (cerca del 90% ind\u00edgenas). El Plan C\u00f3ndor, en Sur Am\u00e9rica, dej\u00f3 escenarios dantescos similares persiguiendo comunistas inexistentes.<\/p>\n<p>En ese per\u00edodo, el adalid de la democracia derroc\u00f3 presidentes constitucionales, y promovi\u00f3 ingentes golpes de Estado.<\/p>\n<p>Coopt\u00f3 los \u00f3rganos ejecutivos de los estados centenarios con militares serviles para aniquilar las leg\u00edtimas expresiones pol\u00edticas de emancipaci\u00f3n.<\/p>\n<p>D\u00e9cadas despu\u00e9s, los pueblos sobrevivientes de aquel holocausto constatamos que la Doctrina de Seguridad y su guerra anti comunista, no s\u00f3lo fue falsa, sino una efectiva cicuta social que nos paraliz\u00f3 sociopol\u00edticamente por varias d\u00e9cadas. Mientras, la desigualdad, la miseria, y el saqueo violento de nuestros bienes comunes hicieron gemir hasta a los propios dioses y demonios insensibles del lejano cielo.<\/p>\n<p>La aurora del siglo XXI nos encontr\u00f3, a muchos pueblos latinoamericanos, con br\u00edos de libertad y voluntad para proseguir con nuestros procesos emancipatorios truncados. Y, en menos de dos d\u00e9cadas, nuestros gobiernos progresistas (con pol\u00edticas de inversi\u00f3n social y redistribuci\u00f3n directa de la renta) lograron sacar de la condici\u00f3n de pobreza a m\u00e1s de 60 millones de latinoamericanos.<\/p>\n<p>As\u00ed, estos gobiernos dignos hicieron retroceder los porcentajes de pobreza y desigualdad a nivel global en la regi\u00f3n. Mientras, en pa\u00edses como EEUU., M\u00e9xico, Guatemala, Honduras, Colombia, Per\u00fa, y otros, en el mismo per\u00edodo, millones de personas de la clase media ingresaron a los nichos de pobreza, con descomunales deudas p\u00fablicas.<\/p>\n<p>En este contexto, y ante los soberanos acuerdos de integraci\u00f3n latinoamericano sin la presencia norteamericana, aparece la farsante y medi\u00e1tica guerra anti corrupci\u00f3n. Con el argumento de: la corrupci\u00f3n p\u00fablica es la causa del atraso de los pueblos latinoamericanos.<\/p>\n<p>Nadie duda que la corrupci\u00f3n p\u00fablica sea un mal a superar. Pero, este mal es apenas un lubricante del mal mayor. Es decir, el mal fundamental de la desgracia de nuestros pueblos es el sistema hegem\u00f3nico vigente que nos saquea, explota y subordina. La corrupci\u00f3n p\u00fablica s\u00f3lo es un aceite que lubrica el saqueo que sufrimos.<\/p>\n<p>Pero, la hegemon\u00eda medi\u00e1tica (aceitada por la corrupci\u00f3n) logr\u00f3 instalar en el vulnerable imaginario colectivo de muchos pueblos de Latinoam\u00e9rica la idea sobre la corrupci\u00f3n como el pecado original de sus desgracias. Y, en consecuencia, olvidarse del recargado saqueo multidimensional que sufrimos.<\/p>\n<h1><strong>La guerra anti corrupci\u00f3n es para aniquilar y escarmentar a inc\u00f3modos gobiernos progresistas en la regi\u00f3n<\/strong><\/h1>\n<figure id=\"attachment_539\" aria-describedby=\"caption-attachment-539\" style=\"width: 529px\" class=\"wp-caption aligncenter\"><img data-recalc-dims=\"1\" decoding=\"async\" data-attachment-id=\"539\" data-permalink=\"https:\/\/ollantayitzamna.com\/?attachment_id=539\" data-orig-file=\"https:\/\/i0.wp.com\/ollantayitzamna.com\/wp-content\/uploads\/2018\/04\/lula.jpg?fit=660%2C378&amp;ssl=1\" data-orig-size=\"660,378\" data-comments-opened=\"1\" data-image-meta=\"{&quot;aperture&quot;:&quot;0&quot;,&quot;credit&quot;:&quot;&quot;,&quot;camera&quot;:&quot;&quot;,&quot;caption&quot;:&quot;&quot;,&quot;created_timestamp&quot;:&quot;0&quot;,&quot;copyright&quot;:&quot;&quot;,&quot;focal_length&quot;:&quot;0&quot;,&quot;iso&quot;:&quot;0&quot;,&quot;shutter_speed&quot;:&quot;0&quot;,&quot;title&quot;:&quot;&quot;,&quot;orientation&quot;:&quot;0&quot;}\" data-image-title=\"lula\" data-image-description=\"\" data-image-caption=\"&lt;p&gt;Lula. Internet&lt;\/p&gt;\n\" data-large-file=\"https:\/\/i0.wp.com\/ollantayitzamna.com\/wp-content\/uploads\/2018\/04\/lula.jpg?fit=660%2C378&amp;ssl=1\" class=\"size-full wp-image-539\" src=\"https:\/\/i0.wp.com\/ollantayitzamna.com\/wp-content\/uploads\/2018\/04\/lula.jpg?resize=529%2C303&#038;ssl=1\" alt=\"\" width=\"529\" height=\"303\" \/><figcaption id=\"caption-attachment-539\" class=\"wp-caption-text\">Lula. Internet<\/figcaption><\/figure>\n<p>Una vez configurado los sentimientos \u201cpatrios\u201d contra la corrupci\u00f3n. Los gringos, mediante los organismo judiciales de los pa\u00edses bajo su control, sentaron en el banquillo de los acusados a todos los gobernantes latinoamericanos que defenestraron el proyecto de anexi\u00f3n comercial denominado \u00c1rea de Libre Comercio de las Am\u00e9ricas (ALCA), en 2005.<\/p>\n<p>Hugo Ch\u00e1vez, N\u00e9stor Kirchner, fueron sembrados en el alma latinoamericano antes de ser linchados judicialmente. Al legendario Lula de Brasil, que sac\u00f3 de la pobreza a cerca de 50 millones de personas, lo lincharon judicialmente, sin respetar el debido proceso. Con la evidente intenci\u00f3n de prevenir un tercer gobierno irreverente.<\/p>\n<p>Evo Morales, de Bolivia, Daniel Ortega de Nicaragua, Rafael Correa del Ecuador, Nicol\u00e1s Maduro de Venezuela, y otras\/os, no participaron en la IV Cumbre de las Am\u00e9ricas del R\u00edo de la Plata. Pero, la orden para el linchamiento judicial est\u00e1 girada.<\/p>\n<p>Lo rid\u00edculo de esta falsa guerra contra la corrupci\u00f3n es su car\u00e1cter de doble rasero. Mientras los sistemas judiciales, operativizado por la cooperaci\u00f3n t\u00e9cnica y financiera gringa (USAID), son \u00e1giles para sentenciar\/encarcelar a funcionarios o ex funcionarios de gobiernos progresistas, con los corruptos neoliberales son lentos y permisivos.<\/p>\n<p>Hicieron creer a guatemaltecos y latinoamericanos sobre la eficiente lucha contra la corrupci\u00f3n en Guatemala. Incluso encarcelaron a dos ex presidentes involucrados en actos de corrupci\u00f3n. Pero, a tres a\u00f1os de la apote\u00f3sica inauguraci\u00f3n de es teatro, no existe sentencia judicial condenatoria alguna contra los ex altos funcionarios. Es m\u00e1s, estos ex gobernantes conviven en un Cuartel Militar exclusivo, con todos los servicios necesarios que millones de guatemaltecos \u201clibres\u201d no tienen. Esperando el sobreseimiento oportuno. Mientras, son chivos expiatorios en el teatro gringo de la lucha anticorrupci\u00f3n.<\/p>\n<p>Per\u00fa, es otro caso de sociedad teledirigida embaucada con el vulgar teatro de lucha contra la corrupci\u00f3n. Aplauden y festejan las moment\u00e1neas detenciones judiciales de sus ex gobernantes corruptos neoliberales. Pero, \u00e9stos salen libres de las c\u00e1rceles y son recibidos como h\u00e9roes por los gringos en los EEUU.<\/p>\n<p>\u00bfPor qu\u00e9 el Presidente Macri de Argentina, o Temer de Brasil, con denuncias y evidencias de actos de corrupci\u00f3n, no son destituidos y encarcelados? \u00bfPor qu\u00e9 los ex presidentes Fujimori, Garc\u00eda, Toledo, Humala, Kuczynski\u2026 andan sueltos por el mundo?<\/p>\n<p>El peruano o el guatemalteco promedio cree que los agentes y ex agentes de los gobiernos progresistas latinoamericanos son los m\u00e1s corruptos. Pero, mientras se distraen cr\u00e9dulos en el teatro de mal gusto de la lucha contra la corrupci\u00f3n, consorcios norteamericanos, canadienses y otros escarban y saquean las riquezas comunes que a\u00fan quedan en estos pueblos.<\/p>\n<p>En otras palabras, la guerra contra la corrupci\u00f3n es tan falsa como fue la guerra contra el comunismo. Los gringos, en estas dos \u00faltimas d\u00e9cadas ocuparon mediante USAID y otras agencias de cooperaci\u00f3n los organismos judiciales para operativizarla para sus intereses y vengarse de los gobernantes latinoamericanos \u201cmal educados\u201d que abortaron el ALCA.<\/p>\n<p>En este sentido, la dictadura yanqui jam\u00e1s termin\u00f3 en Am\u00e9rica Latina. S\u00f3lo cambi\u00f3 de uniforme. Antes operaron desde los \u00f3rganos ejecutivos, con hombres de uniforme militar. Ahora, operan desde los organismos judiciales, con civiles de toga y traje. El objetivo es el mismo: castigar y escarmentar cualquier proceso de emancipaci\u00f3n de los pueblos. Aunque ellos saben m\u00e1s que nadie que la corrupci\u00f3n p\u00fablica es para el sistema neoliberal lo que el aceite es para el motor.<\/p>\n","protected":false},"excerpt":{"rendered":"<p>&#8230;la dictadura yanqui jam\u00e1s termin\u00f3 en Am\u00e9rica Latina. S\u00f3lo cambi\u00f3 de uniforme. Antes operaron desde los \u00f3rganos ejecutivos, con hombres de uniforme militar. Ahora, operan desde los organismos judiciales, con civiles de toga y traje. El objetivo es el mismo: castigar y escarmentar cualquier proceso de emancipaci\u00f3n de los pueblos. Aunque ellos saben m\u00e1s que [&hellip;]<\/p>\n","protected":false},"author":95365428,"featured_media":538,"comment_status":"open","ping_status":"open","sticky":false,"template":"","format":"standard","meta":{"_coblocks_attr":"","_coblocks_dimensions":"","_coblocks_responsive_height":"","_coblocks_accordion_ie_support":"","_jetpack_newsletter_access":"","_jetpack_dont_email_post_to_subs":false,"_jetpack_newsletter_tier_id":0,"_jetpack_memberships_contains_paywalled_content":false,"_wpcom_ai_launchpad_first_post":false,"_jetpack_feature_clip_id":0,"_jetpack_memberships_contains_paid_content":false,"footnotes":"","jetpack_publicize_message":"{title}\n\n{excerpt}\n\n{url}","jetpack_publicize_feature_enabled":true,"jetpack_social_post_already_shared":false,"jetpack_social_options":{"image_generator_settings":{"template":"highway","default_image_id":0,"font":"","enabled":false},"version":2},"_wpas_customize_per_network":false,"jetpack_post_was_ever_published":false},"categories":[696796406],"tags":[696795858,620354361,620354367,36547],"class_list":["post-537","post","type-post","status-publish","format-standard","has-post-thumbnail","hentry","category-comunalidad","tag-guatemala","tag-guerra-anti-comunismo","tag-guerra-anti-corrupcion","tag-peru"],"yoast_head":"<!-- This site is optimized with the Yoast SEO plugin v28.3 - https:\/\/yoast.com\/product\/yoast-seo-wordpress\/ -->\n<title>De la guerra anti comunista a la guerra anti corrupci\u00f3n - Ollantay Itzamn\u00e1<\/title>\n<meta name=\"robots\" content=\"index, follow, max-snippet:-1, max-image-preview:large, max-video-preview:-1\" \/>\n<link rel=\"canonical\" href=\"https:\/\/ollantayitzamna.com\/?p=537\" \/>\n<meta property=\"og:locale\" content=\"es_ES\" \/>\n<meta property=\"og:type\" content=\"article\" \/>\n<meta property=\"og:title\" content=\"De la guerra anti comunista a la guerra anti corrupci\u00f3n - Ollantay Itzamn\u00e1\" \/>\n<meta property=\"og:description\" content=\"&#8230;la dictadura yanqui jam\u00e1s termin\u00f3 en Am\u00e9rica Latina. S\u00f3lo cambi\u00f3 de uniforme. Antes operaron desde los \u00f3rganos ejecutivos, con hombres de uniforme militar. Ahora, operan desde los organismos judiciales, con civiles de toga y traje. El objetivo es el mismo: castigar y escarmentar cualquier proceso de emancipaci\u00f3n de los pueblos. Aunque ellos saben m\u00e1s que [&hellip;]\" \/>\n<meta property=\"og:url\" content=\"https:\/\/ollantayitzamna.com\/?p=537\" \/>\n<meta property=\"og:site_name\" content=\"Ollantay Itzamn\u00e1\" \/>\n<meta property=\"article:published_time\" content=\"2018-04-27T21:29:35+00:00\" \/>\n<meta property=\"article:modified_time\" content=\"2025-07-04T01:01:28+00:00\" \/>\n<meta property=\"og:image\" content=\"https:\/\/i0.wp.com\/ollantayitzamna.com\/wp-content\/uploads\/2018\/04\/gringo.jpg?fit=1160%2C441&ssl=1\" \/>\n\t<meta property=\"og:image:width\" content=\"1160\" \/>\n\t<meta property=\"og:image:height\" content=\"441\" \/>\n\t<meta property=\"og:image:type\" content=\"image\/jpeg\" \/>\n<meta name=\"author\" content=\"ollantayitzamna\" \/>\n<meta name=\"twitter:card\" content=\"summary_large_image\" \/>\n<meta name=\"twitter:label1\" content=\"Escrito por\" \/>\n\t<meta name=\"twitter:data1\" content=\"ollantayitzamna\" \/>\n\t<meta name=\"twitter:label2\" content=\"Tiempo de lectura\" \/>\n\t<meta name=\"twitter:data2\" content=\"6 minutos\" \/>\n<script type=\"application\/ld+json\" class=\"yoast-schema-graph\">{\"@context\":\"https:\\\/\\\/schema.org\",\"@graph\":[{\"@type\":\"Article\",\"@id\":\"https:\\\/\\\/ollantayitzamna.com\\\/?p=537#article\",\"isPartOf\":{\"@id\":\"https:\\\/\\\/ollantayitzamna.com\\\/?p=537\"},\"author\":{\"name\":\"ollantayitzamna\",\"@id\":\"https:\\\/\\\/ollantayitzamna.com\\\/#\\\/schema\\\/person\\\/d7d683451f51a71c7d7c6b4b70437092\"},\"headline\":\"De la guerra anti comunista a la guerra anti corrupci\u00f3n\",\"datePublished\":\"2018-04-27T21:29:35+00:00\",\"dateModified\":\"2025-07-04T01:01:28+00:00\",\"mainEntityOfPage\":{\"@id\":\"https:\\\/\\\/ollantayitzamna.com\\\/?p=537\"},\"wordCount\":1163,\"commentCount\":0,\"image\":{\"@id\":\"https:\\\/\\\/ollantayitzamna.com\\\/?p=537#primaryimage\"},\"thumbnailUrl\":\"https:\\\/\\\/i0.wp.com\\\/ollantayitzamna.com\\\/wp-content\\\/uploads\\\/2018\\\/04\\\/gringo.jpg?fit=1160%2C441&ssl=1\",\"keywords\":[\"Guatemala\",\"guerra anti comunismo\",\"guerra anti corrupci\u00f3n\",\"Per\u00fa\"],\"articleSection\":[\"Comunalidad\"],\"inLanguage\":\"es\",\"potentialAction\":[{\"@type\":\"CommentAction\",\"name\":\"Comment\",\"target\":[\"https:\\\/\\\/ollantayitzamna.com\\\/?p=537#respond\"]}]},{\"@type\":\"WebPage\",\"@id\":\"https:\\\/\\\/ollantayitzamna.com\\\/?p=537\",\"url\":\"https:\\\/\\\/ollantayitzamna.com\\\/?p=537\",\"name\":\"De la guerra anti comunista a la guerra anti corrupci\u00f3n - Ollantay Itzamn\u00e1\",\"isPartOf\":{\"@id\":\"https:\\\/\\\/ollantayitzamna.com\\\/#website\"},\"primaryImageOfPage\":{\"@id\":\"https:\\\/\\\/ollantayitzamna.com\\\/?p=537#primaryimage\"},\"image\":{\"@id\":\"https:\\\/\\\/ollantayitzamna.com\\\/?p=537#primaryimage\"},\"thumbnailUrl\":\"https:\\\/\\\/i0.wp.com\\\/ollantayitzamna.com\\\/wp-content\\\/uploads\\\/2018\\\/04\\\/gringo.jpg?fit=1160%2C441&ssl=1\",\"datePublished\":\"2018-04-27T21:29:35+00:00\",\"dateModified\":\"2025-07-04T01:01:28+00:00\",\"author\":{\"@id\":\"https:\\\/\\\/ollantayitzamna.com\\\/#\\\/schema\\\/person\\\/d7d683451f51a71c7d7c6b4b70437092\"},\"breadcrumb\":{\"@id\":\"https:\\\/\\\/ollantayitzamna.com\\\/?p=537#breadcrumb\"},\"inLanguage\":\"es\",\"potentialAction\":[{\"@type\":\"ReadAction\",\"target\":[\"https:\\\/\\\/ollantayitzamna.com\\\/?p=537\"]}]},{\"@type\":\"ImageObject\",\"inLanguage\":\"es\",\"@id\":\"https:\\\/\\\/ollantayitzamna.com\\\/?p=537#primaryimage\",\"url\":\"https:\\\/\\\/i0.wp.com\\\/ollantayitzamna.com\\\/wp-content\\\/uploads\\\/2018\\\/04\\\/gringo.jpg?fit=1160%2C441&ssl=1\",\"contentUrl\":\"https:\\\/\\\/i0.wp.com\\\/ollantayitzamna.com\\\/wp-content\\\/uploads\\\/2018\\\/04\\\/gringo.jpg?fit=1160%2C441&ssl=1\",\"width\":1160,\"height\":441,\"caption\":\"Foto.Internet\"},{\"@type\":\"BreadcrumbList\",\"@id\":\"https:\\\/\\\/ollantayitzamna.com\\\/?p=537#breadcrumb\",\"itemListElement\":[{\"@type\":\"ListItem\",\"position\":1,\"name\":\"Portada\",\"item\":\"https:\\\/\\\/ollantayitzamna.com\\\/\"},{\"@type\":\"ListItem\",\"position\":2,\"name\":\"De la guerra anti comunista a la guerra anti corrupci\u00f3n\"}]},{\"@type\":\"WebSite\",\"@id\":\"https:\\\/\\\/ollantayitzamna.com\\\/#website\",\"url\":\"https:\\\/\\\/ollantayitzamna.com\\\/\",\"name\":\"Ollantay Itzamn\u00e1\",\"description\":\"Susurros del silencio\",\"potentialAction\":[{\"@type\":\"SearchAction\",\"target\":{\"@type\":\"EntryPoint\",\"urlTemplate\":\"https:\\\/\\\/ollantayitzamna.com\\\/?s={search_term_string}\"},\"query-input\":{\"@type\":\"PropertyValueSpecification\",\"valueRequired\":true,\"valueName\":\"search_term_string\"}}],\"inLanguage\":\"es\"},{\"@type\":\"Person\",\"@id\":\"https:\\\/\\\/ollantayitzamna.com\\\/#\\\/schema\\\/person\\\/d7d683451f51a71c7d7c6b4b70437092\",\"name\":\"ollantayitzamna\",\"image\":{\"@type\":\"ImageObject\",\"inLanguage\":\"es\",\"@id\":\"https:\\\/\\\/secure.gravatar.com\\\/avatar\\\/576387c53cc1a5ef704abf20408627fa3cb969d3f33355a576a2b20d65397362?s=96&d=identicon&r=g\",\"url\":\"https:\\\/\\\/secure.gravatar.com\\\/avatar\\\/576387c53cc1a5ef704abf20408627fa3cb969d3f33355a576a2b20d65397362?s=96&d=identicon&r=g\",\"contentUrl\":\"https:\\\/\\\/secure.gravatar.com\\\/avatar\\\/576387c53cc1a5ef704abf20408627fa3cb969d3f33355a576a2b20d65397362?s=96&d=identicon&r=g\",\"caption\":\"ollantayitzamna\"},\"description\":\"Soy Tierra que siente, que llora, que ama, que conspira, que sue\u00f1a. Soy wawa (criatura) de la Pachamama.\",\"sameAs\":[\"http:\\\/\\\/ollantayitzamna.com\"],\"url\":\"https:\\\/\\\/ollantayitzamna.com\\\/?author=95365428\"}]}<\/script>\n<!-- \/ Yoast SEO plugin. -->","yoast_head_json":{"title":"De la guerra anti comunista a la guerra anti corrupci\u00f3n - Ollantay Itzamn\u00e1","robots":{"index":"index","follow":"follow","max-snippet":"max-snippet:-1","max-image-preview":"max-image-preview:large","max-video-preview":"max-video-preview:-1"},"canonical":"https:\/\/ollantayitzamna.com\/?p=537","og_locale":"es_ES","og_type":"article","og_title":"De la guerra anti comunista a la guerra anti corrupci\u00f3n - Ollantay Itzamn\u00e1","og_description":"&#8230;la dictadura yanqui jam\u00e1s termin\u00f3 en Am\u00e9rica Latina. S\u00f3lo cambi\u00f3 de uniforme. Antes operaron desde los \u00f3rganos ejecutivos, con hombres de uniforme militar. Ahora, operan desde los organismos judiciales, con civiles de toga y traje. El objetivo es el mismo: castigar y escarmentar cualquier proceso de emancipaci\u00f3n de los pueblos. Aunque ellos saben m\u00e1s que [&hellip;]","og_url":"https:\/\/ollantayitzamna.com\/?p=537","og_site_name":"Ollantay Itzamn\u00e1","article_published_time":"2018-04-27T21:29:35+00:00","article_modified_time":"2025-07-04T01:01:28+00:00","og_image":[{"width":1160,"height":441,"url":"https:\/\/i0.wp.com\/ollantayitzamna.com\/wp-content\/uploads\/2018\/04\/gringo.jpg?fit=1160%2C441&ssl=1","type":"image\/jpeg"}],"author":"ollantayitzamna","twitter_card":"summary_large_image","twitter_misc":{"Escrito por":"ollantayitzamna","Tiempo de lectura":"6 minutos"},"schema":{"@context":"https:\/\/schema.org","@graph":[{"@type":"Article","@id":"https:\/\/ollantayitzamna.com\/?p=537#article","isPartOf":{"@id":"https:\/\/ollantayitzamna.com\/?p=537"},"author":{"name":"ollantayitzamna","@id":"https:\/\/ollantayitzamna.com\/#\/schema\/person\/d7d683451f51a71c7d7c6b4b70437092"},"headline":"De la guerra anti comunista a la guerra anti corrupci\u00f3n","datePublished":"2018-04-27T21:29:35+00:00","dateModified":"2025-07-04T01:01:28+00:00","mainEntityOfPage":{"@id":"https:\/\/ollantayitzamna.com\/?p=537"},"wordCount":1163,"commentCount":0,"image":{"@id":"https:\/\/ollantayitzamna.com\/?p=537#primaryimage"},"thumbnailUrl":"https:\/\/i0.wp.com\/ollantayitzamna.com\/wp-content\/uploads\/2018\/04\/gringo.jpg?fit=1160%2C441&ssl=1","keywords":["Guatemala","guerra anti comunismo","guerra anti corrupci\u00f3n","Per\u00fa"],"articleSection":["Comunalidad"],"inLanguage":"es","potentialAction":[{"@type":"CommentAction","name":"Comment","target":["https:\/\/ollantayitzamna.com\/?p=537#respond"]}]},{"@type":"WebPage","@id":"https:\/\/ollantayitzamna.com\/?p=537","url":"https:\/\/ollantayitzamna.com\/?p=537","name":"De la guerra anti comunista a la guerra anti corrupci\u00f3n - Ollantay Itzamn\u00e1","isPartOf":{"@id":"https:\/\/ollantayitzamna.com\/#website"},"primaryImageOfPage":{"@id":"https:\/\/ollantayitzamna.com\/?p=537#primaryimage"},"image":{"@id":"https:\/\/ollantayitzamna.com\/?p=537#primaryimage"},"thumbnailUrl":"https:\/\/i0.wp.com\/ollantayitzamna.com\/wp-content\/uploads\/2018\/04\/gringo.jpg?fit=1160%2C441&ssl=1","datePublished":"2018-04-27T21:29:35+00:00","dateModified":"2025-07-04T01:01:28+00:00","author":{"@id":"https:\/\/ollantayitzamna.com\/#\/schema\/person\/d7d683451f51a71c7d7c6b4b70437092"},"breadcrumb":{"@id":"https:\/\/ollantayitzamna.com\/?p=537#breadcrumb"},"inLanguage":"es","potentialAction":[{"@type":"ReadAction","target":["https:\/\/ollantayitzamna.com\/?p=537"]}]},{"@type":"ImageObject","inLanguage":"es","@id":"https:\/\/ollantayitzamna.com\/?p=537#primaryimage","url":"https:\/\/i0.wp.com\/ollantayitzamna.com\/wp-content\/uploads\/2018\/04\/gringo.jpg?fit=1160%2C441&ssl=1","contentUrl":"https:\/\/i0.wp.com\/ollantayitzamna.com\/wp-content\/uploads\/2018\/04\/gringo.jpg?fit=1160%2C441&ssl=1","width":1160,"height":441,"caption":"Foto.Internet"},{"@type":"BreadcrumbList","@id":"https:\/\/ollantayitzamna.com\/?p=537#breadcrumb","itemListElement":[{"@type":"ListItem","position":1,"name":"Portada","item":"https:\/\/ollantayitzamna.com\/"},{"@type":"ListItem","position":2,"name":"De la guerra anti comunista a la guerra anti corrupci\u00f3n"}]},{"@type":"WebSite","@id":"https:\/\/ollantayitzamna.com\/#website","url":"https:\/\/ollantayitzamna.com\/","name":"Ollantay Itzamn\u00e1","description":"Susurros del silencio","potentialAction":[{"@type":"SearchAction","target":{"@type":"EntryPoint","urlTemplate":"https:\/\/ollantayitzamna.com\/?s={search_term_string}"},"query-input":{"@type":"PropertyValueSpecification","valueRequired":true,"valueName":"search_term_string"}}],"inLanguage":"es"},{"@type":"Person","@id":"https:\/\/ollantayitzamna.com\/#\/schema\/person\/d7d683451f51a71c7d7c6b4b70437092","name":"ollantayitzamna","image":{"@type":"ImageObject","inLanguage":"es","@id":"https:\/\/secure.gravatar.com\/avatar\/576387c53cc1a5ef704abf20408627fa3cb969d3f33355a576a2b20d65397362?s=96&d=identicon&r=g","url":"https:\/\/secure.gravatar.com\/avatar\/576387c53cc1a5ef704abf20408627fa3cb969d3f33355a576a2b20d65397362?s=96&d=identicon&r=g","contentUrl":"https:\/\/secure.gravatar.com\/avatar\/576387c53cc1a5ef704abf20408627fa3cb969d3f33355a576a2b20d65397362?s=96&d=identicon&r=g","caption":"ollantayitzamna"},"description":"Soy Tierra que siente, que llora, que ama, que conspira, que sue\u00f1a. Soy wawa (criatura) de la Pachamama.","sameAs":["http:\/\/ollantayitzamna.com"],"url":"https:\/\/ollantayitzamna.com\/?author=95365428"}]}},"jetpack_publicize_connections":[],"jetpack_likes_enabled":true,"jetpack_sharing_enabled":true,"jetpack_featured_media_url":"https:\/\/i0.wp.com\/ollantayitzamna.com\/wp-content\/uploads\/2018\/04\/gringo.jpg?fit=1160%2C441&ssl=1","_links":{"self":[{"href":"https:\/\/ollantayitzamna.com\/index.php?rest_route=\/wp\/v2\/posts\/537","targetHints":{"allow":["GET"]}}],"collection":[{"href":"https:\/\/ollantayitzamna.com\/index.php?rest_route=\/wp\/v2\/posts"}],"about":[{"href":"https:\/\/ollantayitzamna.com\/index.php?rest_route=\/wp\/v2\/types\/post"}],"author":[{"embeddable":true,"href":"https:\/\/ollantayitzamna.com\/index.php?rest_route=\/wp\/v2\/users\/95365428"}],"replies":[{"embeddable":true,"href":"https:\/\/ollantayitzamna.com\/index.php?rest_route=%2Fwp%2Fv2%2Fcomments&post=537"}],"version-history":[{"count":1,"href":"https:\/\/ollantayitzamna.com\/index.php?rest_route=\/wp\/v2\/posts\/537\/revisions"}],"predecessor-version":[{"id":540,"href":"https:\/\/ollantayitzamna.com\/index.php?rest_route=\/wp\/v2\/posts\/537\/revisions\/540"}],"wp:featuredmedia":[{"embeddable":true,"href":"https:\/\/ollantayitzamna.com\/index.php?rest_route=\/wp\/v2\/media\/538"}],"wp:attachment":[{"href":"https:\/\/ollantayitzamna.com\/index.php?rest_route=%2Fwp%2Fv2%2Fmedia&parent=537"}],"wp:term":[{"taxonomy":"category","embeddable":true,"href":"https:\/\/ollantayitzamna.com\/index.php?rest_route=%2Fwp%2Fv2%2Fcategories&post=537"},{"taxonomy":"post_tag","embeddable":true,"href":"https:\/\/ollantayitzamna.com\/index.php?rest_route=%2Fwp%2Fv2%2Ftags&post=537"}],"curies":[{"name":"wp","href":"https:\/\/api.w.org\/{rel}","templated":true}]}}