{"id":5398,"date":"2025-05-16T11:52:31","date_gmt":"2025-05-16T17:52:31","guid":{"rendered":"https:\/\/ollantayitzamna.com\/?p=5398"},"modified":"2025-07-04T07:37:51","modified_gmt":"2025-07-04T13:37:51","slug":"celac-china-geopolitica-desde-el-sur","status":"publish","type":"post","link":"https:\/\/ollantayitzamna.com\/?p=5398","title":{"rendered":"CELAC + China: \u00bfGeopol\u00edtica desde el Sur?"},"content":{"rendered":"<figure id=\"attachment_5401\" aria-describedby=\"caption-attachment-5401\" style=\"width: 1024px\" class=\"wp-caption aligncenter\"><img data-recalc-dims=\"1\" fetchpriority=\"high\" decoding=\"async\" data-attachment-id=\"5401\" data-permalink=\"https:\/\/ollantayitzamna.com\/?attachment_id=5401\" data-orig-file=\"https:\/\/i0.wp.com\/ollantayitzamna.com\/wp-content\/uploads\/2025\/05\/China-America-Latina.jpg?fit=1024%2C768&amp;ssl=1\" data-orig-size=\"1024,768\" data-comments-opened=\"1\" data-image-meta=\"{&quot;aperture&quot;:&quot;0&quot;,&quot;credit&quot;:&quot;&quot;,&quot;camera&quot;:&quot;&quot;,&quot;caption&quot;:&quot;&quot;,&quot;created_timestamp&quot;:&quot;0&quot;,&quot;copyright&quot;:&quot;&quot;,&quot;focal_length&quot;:&quot;0&quot;,&quot;iso&quot;:&quot;0&quot;,&quot;shutter_speed&quot;:&quot;0&quot;,&quot;title&quot;:&quot;&quot;,&quot;orientation&quot;:&quot;0&quot;}\" data-image-title=\"China-America-Latina\" data-image-description=\"\" data-image-caption=\"&lt;p&gt;CELAC+China, 11 a\u00f1os juntos&lt;\/p&gt;\n\" data-large-file=\"https:\/\/i0.wp.com\/ollantayitzamna.com\/wp-content\/uploads\/2025\/05\/China-America-Latina.jpg?fit=800%2C600&amp;ssl=1\" class=\"size-full wp-image-5401\" src=\"https:\/\/i0.wp.com\/ollantayitzamna.com\/wp-content\/uploads\/2025\/05\/China-America-Latina.jpg?resize=800%2C600&#038;ssl=1\" alt=\"\" width=\"800\" height=\"600\" srcset=\"https:\/\/i0.wp.com\/ollantayitzamna.com\/wp-content\/uploads\/2025\/05\/China-America-Latina.jpg?w=1024&amp;ssl=1 1024w, https:\/\/i0.wp.com\/ollantayitzamna.com\/wp-content\/uploads\/2025\/05\/China-America-Latina.jpg?resize=300%2C225&amp;ssl=1 300w, https:\/\/i0.wp.com\/ollantayitzamna.com\/wp-content\/uploads\/2025\/05\/China-America-Latina.jpg?resize=150%2C113&amp;ssl=1 150w, https:\/\/i0.wp.com\/ollantayitzamna.com\/wp-content\/uploads\/2025\/05\/China-America-Latina.jpg?resize=768%2C576&amp;ssl=1 768w, https:\/\/i0.wp.com\/ollantayitzamna.com\/wp-content\/uploads\/2025\/05\/China-America-Latina.jpg?resize=900%2C675&amp;ssl=1 900w\" sizes=\"(max-width: 800px) 100vw, 800px\" \/><figcaption id=\"caption-attachment-5401\" class=\"wp-caption-text\">CELAC+China, 11 a\u00f1os juntos<\/figcaption><\/figure>\n<p><span style=\"color: #ff0000;\"><strong><span class=\"s2\">En tiempos en los que <\/span><span class=\"s2\">el <\/span><span class=\"s2\">neo <\/span><span class=\"s2\">nacionalismo<\/span><span class=\"s2\"> imperial <\/span><span class=\"s2\">violenta<\/span> <span class=\"s2\">los principios jur\u00eddicos pactados por la comunidad internacional<\/span><span class=\"s2\">, <\/span><span class=\"s2\">tiempos en los que la Uni\u00f3n Europa se convierte en <\/span><span class=\"s2\">Uni\u00f3n para otra Guerra Mundial, el IV Foro Ministerial <\/span><span class=\"s2\">CELAC<\/span><span class=\"s2\">+China<\/span><span class=\"s2\"> es otro motivo de esperanza por la paz <\/span><span class=\"s2\">desde el Sur Global.<\/span><\/strong><\/span><!--more--><\/p>\n<p>El pasado 13 de mayo, \u00a0la ciudad de Beijing fue sede del IV Foro Ministerial de la CELAC+China, bajo el t\u00edtulo: <span class=\"s2\">Planificando Juntos el Desarrollo y la Revitalizaci\u00f3n, Construyendo Conjuntamente una Comunidad China-ALC con un futuro compartido\u201d<\/span><span class=\"s2\">.<\/span><\/p>\n<p><span class=\"s2\">La Comunidad <\/span><span class=\"s2\">de Estados Latinoamericanos y Caribe\u00f1os (CELAC), fue cread<\/span><span class=\"s2\">a <\/span><span class=\"s2\">en 2011 con la finalidad de promover la integraci\u00f3n regional y <\/span><span class=\"s2\">econ\u00f3mica entre los 33 pa\u00edses del Continente, menos EEUU y Canad\u00e1.<\/span><\/p>\n<p><span class=\"s2\">En 2014, la <\/span><span class=\"s2\">CELAC tuvo su <\/span><span class=\"s2\">primer Foro Ministerial con Ch<\/span><span class=\"s2\">ina. Y, e<\/span><span class=\"s2\">n lo que va del presente siglo, <\/span><span class=\"s2\">la inversi\u00f3n econ\u00f3mica y financiera de China en <\/span><span class=\"s2\">los pa\u00edses de Am\u00e9rica Latina y<\/span><span class=\"s2\"> el<\/span><span class=\"s2\"> Caribe <\/span><span class=\"s2\">se multiplic\u00f3 por 30<\/span><span class=\"s2\">.<\/span><\/p>\n<p><span class=\"s2\">En el reciente Foro Ministerial, con la presencia <\/span><span class=\"s2\">de los presidentes de China, Brasil, Colombia y Chile, <\/span><span class=\"s2\">y la abstenci\u00f3n de la Canciller\u00eda de Argentina, <\/span><span class=\"s2\">los cancilleres <\/span><span class=\"s2\">de la CELAC y <\/span><span class=\"s2\">de <\/span><span class=\"s2\">China firmaron la <a href=\"https:\/\/www.cancilleria.gov.co\/newsroom\/news\/declaracion-beijing-cuarta-reunion-ministerial-foro-china-celac\">Declaraci\u00f3n<\/a> en la que ratifican su compromiso de cooperaci\u00f3n en infraestructura, colectividad, <\/span><span class=\"s2\">innovaci\u00f3n cient\u00edfica y tecnol\u00f3gica, <\/span><span class=\"s2\">transici\u00f3n energ\u00e9tica y <\/span><span class=\"s2\">reducci\u00f3n de la pobreza.<\/span><\/p>\n<p><span class=\"s2\">Ambas regiones se comprometen a respetar los principios de las relaciones internacionales, los derechos humanos, <\/span><span class=\"s2\">y a promover la cultura de paz. <\/span><\/p>\n<p><span class=\"s2\">Adem\u00e1s expresan su decisi\u00f3n de impulsar la reestructuraci\u00f3n del Consejo de Seguridad de la ONU para <\/span><span class=\"s2\">dar participaci\u00f3n a los pa\u00edses del sur, entre otros.<\/span><\/p>\n<p><span class=\"s2\">En tiempos en los que <\/span><span class=\"s2\">el <\/span><span class=\"s2\">neo <\/span><span class=\"s2\">nacionalismo<\/span><span class=\"s2\"> imperial <\/span><span class=\"s2\">violenta<\/span> <span class=\"s2\">los principios jur\u00eddicos pactados por la comunidad internacional<\/span><span class=\"s2\">, <\/span><span class=\"s2\">tiempos en los que la Uni\u00f3n Europa se convierte en <\/span><span class=\"s2\">Uni\u00f3n para otra Guerra Mundial, el IV Foro Ministerial <\/span><span class=\"s2\">CELAC<\/span><span class=\"s2\">+China<\/span><span class=\"s2\"> es otro motivo de esperanza por la paz <\/span><span class=\"s2\">desde el Sur Global.<\/span><\/p>\n","protected":false},"excerpt":{"rendered":"<p>En tiempos en los que el neo nacionalismo imperial violenta los principios jur\u00eddicos pactados por la comunidad internacional, tiempos en los que la Uni\u00f3n Europa se convierte en Uni\u00f3n para otra Guerra Mundial, el IV Foro Ministerial CELAC+China es otro motivo de esperanza por la paz desde el Sur Global.<\/p>\n","protected":false},"author":95365428,"featured_media":5401,"comment_status":"open","ping_status":"open","sticky":false,"template":"","format":"standard","meta":{"_coblocks_attr":"","_coblocks_dimensions":"","_coblocks_responsive_height":"","_coblocks_accordion_ie_support":"","_jetpack_newsletter_access":"","_jetpack_dont_email_post_to_subs":false,"_jetpack_newsletter_tier_id":0,"_jetpack_memberships_contains_paywalled_content":false,"_wpcom_ai_launchpad_first_post":false,"_jetpack_feature_clip_id":0,"_jetpack_memberships_contains_paid_content":false,"footnotes":"","jetpack_publicize_message":"En tiempos en los que el neo nacionalismo imperial violenta los principios jur\u00eddicos pactados por la comunidad internacional, tiempos en los que la Uni\u00f3n Europa se convierte en Uni\u00f3n para otra Guerra Mundial, el IV Foro Ministerial CELAC+China es otro motivo de esperanza por la paz desde el Sur Global.\r\n\r\nEl pasado 13 de mayo, \u00a0la ciudad de Beijing fue sede del IV Foro Ministerial de la CELAC+China, bajo el t\u00edtulo: Planificando Juntos el Desarrollo y la Revitalizaci\u00f3n, Construyendo Conjuntamente una Comunidad China-ALC con un futuro compartido\u201d.","jetpack_publicize_feature_enabled":true,"jetpack_social_post_already_shared":true,"jetpack_social_options":{"image_generator_settings":{"template":"highway","default_image_id":0,"font":"","enabled":false},"version":2},"_wpas_customize_per_network":false,"jetpack_post_was_ever_published":false},"categories":[696795897],"tags":[696795969,1470,696796274],"class_list":["post-5398","post","type-post","status-publish","format-standard","has-post-thumbnail","hentry","category-buen-vivir","tag-celac","tag-china","tag-cooperacion"],"yoast_head":"<!-- This site is optimized with the Yoast SEO plugin v28.4 - https:\/\/yoast.com\/product\/yoast-seo-wordpress\/ -->\n<title>CELAC + China: \u00bfGeopol\u00edtica desde el Sur? - Ollantay Itzamn\u00e1<\/title>\n<meta name=\"robots\" content=\"index, follow, max-snippet:-1, max-image-preview:large, max-video-preview:-1\" \/>\n<link rel=\"canonical\" href=\"https:\/\/ollantayitzamna.com\/?p=5398\" \/>\n<meta property=\"og:locale\" content=\"es_ES\" \/>\n<meta property=\"og:type\" content=\"article\" \/>\n<meta property=\"og:title\" content=\"CELAC + China: \u00bfGeopol\u00edtica desde el Sur? - Ollantay Itzamn\u00e1\" \/>\n<meta property=\"og:description\" content=\"En tiempos en los que el neo nacionalismo imperial violenta los principios jur\u00eddicos pactados por la comunidad internacional, tiempos en los que la Uni\u00f3n Europa se convierte en Uni\u00f3n para otra Guerra Mundial, el IV Foro Ministerial CELAC+China es otro motivo de esperanza por la paz desde el Sur Global.\" \/>\n<meta property=\"og:url\" content=\"https:\/\/ollantayitzamna.com\/?p=5398\" \/>\n<meta property=\"og:site_name\" content=\"Ollantay Itzamn\u00e1\" \/>\n<meta property=\"article:published_time\" content=\"2025-05-16T17:52:31+00:00\" \/>\n<meta property=\"article:modified_time\" content=\"2025-07-04T13:37:51+00:00\" \/>\n<meta property=\"og:image\" content=\"https:\/\/i0.wp.com\/ollantayitzamna.com\/wp-content\/uploads\/2025\/05\/China-America-Latina.jpg?fit=1024%2C768&ssl=1\" \/>\n\t<meta property=\"og:image:width\" content=\"1024\" \/>\n\t<meta property=\"og:image:height\" content=\"768\" \/>\n\t<meta property=\"og:image:type\" content=\"image\/jpeg\" \/>\n<meta name=\"author\" content=\"ollantayitzamna\" \/>\n<meta name=\"twitter:card\" content=\"summary_large_image\" \/>\n<meta name=\"twitter:label1\" content=\"Escrito por\" \/>\n\t<meta name=\"twitter:data1\" content=\"ollantayitzamna\" \/>\n\t<meta name=\"twitter:label2\" content=\"Tiempo de lectura\" \/>\n\t<meta name=\"twitter:data2\" content=\"2 minutos\" \/>\n<script type=\"application\/ld+json\" class=\"yoast-schema-graph\">{\"@context\":\"https:\\\/\\\/schema.org\",\"@graph\":[{\"@type\":\"Article\",\"@id\":\"https:\\\/\\\/ollantayitzamna.com\\\/?p=5398#article\",\"isPartOf\":{\"@id\":\"https:\\\/\\\/ollantayitzamna.com\\\/?p=5398\"},\"author\":{\"name\":\"ollantayitzamna\",\"@id\":\"https:\\\/\\\/ollantayitzamna.com\\\/#\\\/schema\\\/person\\\/d7d683451f51a71c7d7c6b4b70437092\"},\"headline\":\"CELAC + China: \u00bfGeopol\u00edtica desde el Sur?\",\"datePublished\":\"2025-05-16T17:52:31+00:00\",\"dateModified\":\"2025-07-04T13:37:51+00:00\",\"mainEntityOfPage\":{\"@id\":\"https:\\\/\\\/ollantayitzamna.com\\\/?p=5398\"},\"wordCount\":364,\"commentCount\":0,\"image\":{\"@id\":\"https:\\\/\\\/ollantayitzamna.com\\\/?p=5398#primaryimage\"},\"thumbnailUrl\":\"https:\\\/\\\/i0.wp.com\\\/ollantayitzamna.com\\\/wp-content\\\/uploads\\\/2025\\\/05\\\/China-America-Latina.jpg?fit=1024%2C768&ssl=1\",\"keywords\":[\"CELAC\",\"China\",\"Cooperaci\u00f3n\"],\"articleSection\":[\"Buen Vivir\"],\"inLanguage\":\"es\",\"potentialAction\":[{\"@type\":\"CommentAction\",\"name\":\"Comment\",\"target\":[\"https:\\\/\\\/ollantayitzamna.com\\\/?p=5398#respond\"]}]},{\"@type\":\"WebPage\",\"@id\":\"https:\\\/\\\/ollantayitzamna.com\\\/?p=5398\",\"url\":\"https:\\\/\\\/ollantayitzamna.com\\\/?p=5398\",\"name\":\"CELAC + China: \u00bfGeopol\u00edtica desde el Sur? - Ollantay Itzamn\u00e1\",\"isPartOf\":{\"@id\":\"https:\\\/\\\/ollantayitzamna.com\\\/#website\"},\"primaryImageOfPage\":{\"@id\":\"https:\\\/\\\/ollantayitzamna.com\\\/?p=5398#primaryimage\"},\"image\":{\"@id\":\"https:\\\/\\\/ollantayitzamna.com\\\/?p=5398#primaryimage\"},\"thumbnailUrl\":\"https:\\\/\\\/i0.wp.com\\\/ollantayitzamna.com\\\/wp-content\\\/uploads\\\/2025\\\/05\\\/China-America-Latina.jpg?fit=1024%2C768&ssl=1\",\"datePublished\":\"2025-05-16T17:52:31+00:00\",\"dateModified\":\"2025-07-04T13:37:51+00:00\",\"author\":{\"@id\":\"https:\\\/\\\/ollantayitzamna.com\\\/#\\\/schema\\\/person\\\/d7d683451f51a71c7d7c6b4b70437092\"},\"breadcrumb\":{\"@id\":\"https:\\\/\\\/ollantayitzamna.com\\\/?p=5398#breadcrumb\"},\"inLanguage\":\"es\",\"potentialAction\":[{\"@type\":\"ReadAction\",\"target\":[\"https:\\\/\\\/ollantayitzamna.com\\\/?p=5398\"]}]},{\"@type\":\"ImageObject\",\"inLanguage\":\"es\",\"@id\":\"https:\\\/\\\/ollantayitzamna.com\\\/?p=5398#primaryimage\",\"url\":\"https:\\\/\\\/i0.wp.com\\\/ollantayitzamna.com\\\/wp-content\\\/uploads\\\/2025\\\/05\\\/China-America-Latina.jpg?fit=1024%2C768&ssl=1\",\"contentUrl\":\"https:\\\/\\\/i0.wp.com\\\/ollantayitzamna.com\\\/wp-content\\\/uploads\\\/2025\\\/05\\\/China-America-Latina.jpg?fit=1024%2C768&ssl=1\",\"width\":1024,\"height\":768,\"caption\":\"CELAC+China, 11 a\u00f1os juntos\"},{\"@type\":\"BreadcrumbList\",\"@id\":\"https:\\\/\\\/ollantayitzamna.com\\\/?p=5398#breadcrumb\",\"itemListElement\":[{\"@type\":\"ListItem\",\"position\":1,\"name\":\"Portada\",\"item\":\"https:\\\/\\\/ollantayitzamna.com\\\/\"},{\"@type\":\"ListItem\",\"position\":2,\"name\":\"CELAC + China: \u00bfGeopol\u00edtica desde el Sur?\"}]},{\"@type\":\"WebSite\",\"@id\":\"https:\\\/\\\/ollantayitzamna.com\\\/#website\",\"url\":\"https:\\\/\\\/ollantayitzamna.com\\\/\",\"name\":\"Ollantay Itzamn\u00e1\",\"description\":\"Susurros del silencio\",\"potentialAction\":[{\"@type\":\"SearchAction\",\"target\":{\"@type\":\"EntryPoint\",\"urlTemplate\":\"https:\\\/\\\/ollantayitzamna.com\\\/?s={search_term_string}\"},\"query-input\":{\"@type\":\"PropertyValueSpecification\",\"valueRequired\":true,\"valueName\":\"search_term_string\"}}],\"inLanguage\":\"es\"},{\"@type\":\"Person\",\"@id\":\"https:\\\/\\\/ollantayitzamna.com\\\/#\\\/schema\\\/person\\\/d7d683451f51a71c7d7c6b4b70437092\",\"name\":\"ollantayitzamna\",\"image\":{\"@type\":\"ImageObject\",\"inLanguage\":\"es\",\"@id\":\"https:\\\/\\\/secure.gravatar.com\\\/avatar\\\/576387c53cc1a5ef704abf20408627fa3cb969d3f33355a576a2b20d65397362?s=96&d=identicon&r=g\",\"url\":\"https:\\\/\\\/secure.gravatar.com\\\/avatar\\\/576387c53cc1a5ef704abf20408627fa3cb969d3f33355a576a2b20d65397362?s=96&d=identicon&r=g\",\"contentUrl\":\"https:\\\/\\\/secure.gravatar.com\\\/avatar\\\/576387c53cc1a5ef704abf20408627fa3cb969d3f33355a576a2b20d65397362?s=96&d=identicon&r=g\",\"caption\":\"ollantayitzamna\"},\"description\":\"Soy Tierra que siente, que llora, que ama, que conspira, que sue\u00f1a. Soy wawa (criatura) de la Pachamama.\",\"sameAs\":[\"http:\\\/\\\/ollantayitzamna.com\"],\"url\":\"https:\\\/\\\/ollantayitzamna.com\\\/?author=95365428\"}]}<\/script>\n<!-- \/ Yoast SEO plugin. -->","yoast_head_json":{"title":"CELAC + China: \u00bfGeopol\u00edtica desde el Sur? - Ollantay Itzamn\u00e1","robots":{"index":"index","follow":"follow","max-snippet":"max-snippet:-1","max-image-preview":"max-image-preview:large","max-video-preview":"max-video-preview:-1"},"canonical":"https:\/\/ollantayitzamna.com\/?p=5398","og_locale":"es_ES","og_type":"article","og_title":"CELAC + China: \u00bfGeopol\u00edtica desde el Sur? - Ollantay Itzamn\u00e1","og_description":"En tiempos en los que el neo nacionalismo imperial violenta los principios jur\u00eddicos pactados por la comunidad internacional, tiempos en los que la Uni\u00f3n Europa se convierte en Uni\u00f3n para otra Guerra Mundial, el IV Foro Ministerial CELAC+China es otro motivo de esperanza por la paz desde el Sur Global.","og_url":"https:\/\/ollantayitzamna.com\/?p=5398","og_site_name":"Ollantay Itzamn\u00e1","article_published_time":"2025-05-16T17:52:31+00:00","article_modified_time":"2025-07-04T13:37:51+00:00","og_image":[{"width":1024,"height":768,"url":"https:\/\/i0.wp.com\/ollantayitzamna.com\/wp-content\/uploads\/2025\/05\/China-America-Latina.jpg?fit=1024%2C768&ssl=1","type":"image\/jpeg"}],"author":"ollantayitzamna","twitter_card":"summary_large_image","twitter_misc":{"Escrito por":"ollantayitzamna","Tiempo de lectura":"2 minutos"},"schema":{"@context":"https:\/\/schema.org","@graph":[{"@type":"Article","@id":"https:\/\/ollantayitzamna.com\/?p=5398#article","isPartOf":{"@id":"https:\/\/ollantayitzamna.com\/?p=5398"},"author":{"name":"ollantayitzamna","@id":"https:\/\/ollantayitzamna.com\/#\/schema\/person\/d7d683451f51a71c7d7c6b4b70437092"},"headline":"CELAC + China: \u00bfGeopol\u00edtica desde el Sur?","datePublished":"2025-05-16T17:52:31+00:00","dateModified":"2025-07-04T13:37:51+00:00","mainEntityOfPage":{"@id":"https:\/\/ollantayitzamna.com\/?p=5398"},"wordCount":364,"commentCount":0,"image":{"@id":"https:\/\/ollantayitzamna.com\/?p=5398#primaryimage"},"thumbnailUrl":"https:\/\/i0.wp.com\/ollantayitzamna.com\/wp-content\/uploads\/2025\/05\/China-America-Latina.jpg?fit=1024%2C768&ssl=1","keywords":["CELAC","China","Cooperaci\u00f3n"],"articleSection":["Buen Vivir"],"inLanguage":"es","potentialAction":[{"@type":"CommentAction","name":"Comment","target":["https:\/\/ollantayitzamna.com\/?p=5398#respond"]}]},{"@type":"WebPage","@id":"https:\/\/ollantayitzamna.com\/?p=5398","url":"https:\/\/ollantayitzamna.com\/?p=5398","name":"CELAC + China: \u00bfGeopol\u00edtica desde el Sur? - Ollantay Itzamn\u00e1","isPartOf":{"@id":"https:\/\/ollantayitzamna.com\/#website"},"primaryImageOfPage":{"@id":"https:\/\/ollantayitzamna.com\/?p=5398#primaryimage"},"image":{"@id":"https:\/\/ollantayitzamna.com\/?p=5398#primaryimage"},"thumbnailUrl":"https:\/\/i0.wp.com\/ollantayitzamna.com\/wp-content\/uploads\/2025\/05\/China-America-Latina.jpg?fit=1024%2C768&ssl=1","datePublished":"2025-05-16T17:52:31+00:00","dateModified":"2025-07-04T13:37:51+00:00","author":{"@id":"https:\/\/ollantayitzamna.com\/#\/schema\/person\/d7d683451f51a71c7d7c6b4b70437092"},"breadcrumb":{"@id":"https:\/\/ollantayitzamna.com\/?p=5398#breadcrumb"},"inLanguage":"es","potentialAction":[{"@type":"ReadAction","target":["https:\/\/ollantayitzamna.com\/?p=5398"]}]},{"@type":"ImageObject","inLanguage":"es","@id":"https:\/\/ollantayitzamna.com\/?p=5398#primaryimage","url":"https:\/\/i0.wp.com\/ollantayitzamna.com\/wp-content\/uploads\/2025\/05\/China-America-Latina.jpg?fit=1024%2C768&ssl=1","contentUrl":"https:\/\/i0.wp.com\/ollantayitzamna.com\/wp-content\/uploads\/2025\/05\/China-America-Latina.jpg?fit=1024%2C768&ssl=1","width":1024,"height":768,"caption":"CELAC+China, 11 a\u00f1os juntos"},{"@type":"BreadcrumbList","@id":"https:\/\/ollantayitzamna.com\/?p=5398#breadcrumb","itemListElement":[{"@type":"ListItem","position":1,"name":"Portada","item":"https:\/\/ollantayitzamna.com\/"},{"@type":"ListItem","position":2,"name":"CELAC + China: \u00bfGeopol\u00edtica desde el Sur?"}]},{"@type":"WebSite","@id":"https:\/\/ollantayitzamna.com\/#website","url":"https:\/\/ollantayitzamna.com\/","name":"Ollantay Itzamn\u00e1","description":"Susurros del silencio","potentialAction":[{"@type":"SearchAction","target":{"@type":"EntryPoint","urlTemplate":"https:\/\/ollantayitzamna.com\/?s={search_term_string}"},"query-input":{"@type":"PropertyValueSpecification","valueRequired":true,"valueName":"search_term_string"}}],"inLanguage":"es"},{"@type":"Person","@id":"https:\/\/ollantayitzamna.com\/#\/schema\/person\/d7d683451f51a71c7d7c6b4b70437092","name":"ollantayitzamna","image":{"@type":"ImageObject","inLanguage":"es","@id":"https:\/\/secure.gravatar.com\/avatar\/576387c53cc1a5ef704abf20408627fa3cb969d3f33355a576a2b20d65397362?s=96&d=identicon&r=g","url":"https:\/\/secure.gravatar.com\/avatar\/576387c53cc1a5ef704abf20408627fa3cb969d3f33355a576a2b20d65397362?s=96&d=identicon&r=g","contentUrl":"https:\/\/secure.gravatar.com\/avatar\/576387c53cc1a5ef704abf20408627fa3cb969d3f33355a576a2b20d65397362?s=96&d=identicon&r=g","caption":"ollantayitzamna"},"description":"Soy Tierra que siente, que llora, que ama, que conspira, que sue\u00f1a. Soy wawa (criatura) de la Pachamama.","sameAs":["http:\/\/ollantayitzamna.com"],"url":"https:\/\/ollantayitzamna.com\/?author=95365428"}]}},"jetpack_publicize_connections":[],"jetpack_likes_enabled":true,"jetpack_sharing_enabled":true,"jetpack_featured_media_url":"https:\/\/i0.wp.com\/ollantayitzamna.com\/wp-content\/uploads\/2025\/05\/China-America-Latina.jpg?fit=1024%2C768&ssl=1","_links":{"self":[{"href":"https:\/\/ollantayitzamna.com\/index.php?rest_route=\/wp\/v2\/posts\/5398","targetHints":{"allow":["GET"]}}],"collection":[{"href":"https:\/\/ollantayitzamna.com\/index.php?rest_route=\/wp\/v2\/posts"}],"about":[{"href":"https:\/\/ollantayitzamna.com\/index.php?rest_route=\/wp\/v2\/types\/post"}],"author":[{"embeddable":true,"href":"https:\/\/ollantayitzamna.com\/index.php?rest_route=\/wp\/v2\/users\/95365428"}],"replies":[{"embeddable":true,"href":"https:\/\/ollantayitzamna.com\/index.php?rest_route=%2Fwp%2Fv2%2Fcomments&post=5398"}],"version-history":[{"count":4,"href":"https:\/\/ollantayitzamna.com\/index.php?rest_route=\/wp\/v2\/posts\/5398\/revisions"}],"predecessor-version":[{"id":5404,"href":"https:\/\/ollantayitzamna.com\/index.php?rest_route=\/wp\/v2\/posts\/5398\/revisions\/5404"}],"wp:featuredmedia":[{"embeddable":true,"href":"https:\/\/ollantayitzamna.com\/index.php?rest_route=\/wp\/v2\/media\/5401"}],"wp:attachment":[{"href":"https:\/\/ollantayitzamna.com\/index.php?rest_route=%2Fwp%2Fv2%2Fmedia&parent=5398"}],"wp:term":[{"taxonomy":"category","embeddable":true,"href":"https:\/\/ollantayitzamna.com\/index.php?rest_route=%2Fwp%2Fv2%2Fcategories&post=5398"},{"taxonomy":"post_tag","embeddable":true,"href":"https:\/\/ollantayitzamna.com\/index.php?rest_route=%2Fwp%2Fv2%2Ftags&post=5398"}],"curies":[{"name":"wp","href":"https:\/\/api.w.org\/{rel}","templated":true}]}}