{"id":5460,"date":"2025-05-25T15:58:27","date_gmt":"2025-05-25T21:58:27","guid":{"rendered":"https:\/\/ollantayitzamna.com\/?p=5460"},"modified":"2025-07-04T07:38:42","modified_gmt":"2025-07-04T13:38:42","slug":"la-constitucion-politica-de-guatemala-a-sus-40-anos-una-norma-superada-por-la-realidad","status":"publish","type":"post","link":"https:\/\/ollantayitzamna.com\/?p=5460","title":{"rendered":"La Constituci\u00f3n Pol\u00edtica de Guatemala a sus 40 A\u00f1os: Una NORMA superada por la realidad"},"content":{"rendered":"<figure id=\"attachment_5462\" aria-describedby=\"caption-attachment-5462\" style=\"width: 1080px\" class=\"wp-caption aligncenter\"><img data-recalc-dims=\"1\" fetchpriority=\"high\" decoding=\"async\" data-attachment-id=\"5462\" data-permalink=\"https:\/\/ollantayitzamna.com\/?attachment_id=5462\" data-orig-file=\"https:\/\/i0.wp.com\/ollantayitzamna.com\/wp-content\/uploads\/2025\/05\/Tu-historia-invitacion-cumpleanos-fiesta-50-negro-y-dorado.png?fit=1080%2C1920&amp;ssl=1\" data-orig-size=\"1080,1920\" data-comments-opened=\"1\" data-image-meta=\"{&quot;aperture&quot;:&quot;0&quot;,&quot;credit&quot;:&quot;&quot;,&quot;camera&quot;:&quot;&quot;,&quot;caption&quot;:&quot;&quot;,&quot;created_timestamp&quot;:&quot;0&quot;,&quot;copyright&quot;:&quot;&quot;,&quot;focal_length&quot;:&quot;0&quot;,&quot;iso&quot;:&quot;0&quot;,&quot;shutter_speed&quot;:&quot;0&quot;,&quot;title&quot;:&quot;&quot;,&quot;orientation&quot;:&quot;0&quot;}\" data-image-title=\"Tu historia invitacion cumplean\u0303os fiesta 50 negro y dorado\" data-image-description=\"\" data-image-caption=\"&lt;p&gt;P\u00f3ster alusivo a los 40 a\u00f1os de la Constituci\u00f3n Pol\u00edtica de Guatemala. OI&lt;\/p&gt;\n\" data-large-file=\"https:\/\/i0.wp.com\/ollantayitzamna.com\/wp-content\/uploads\/2025\/05\/Tu-historia-invitacion-cumpleanos-fiesta-50-negro-y-dorado.png?fit=576%2C1024&amp;ssl=1\" class=\"size-full wp-image-5462\" src=\"https:\/\/i0.wp.com\/ollantayitzamna.com\/wp-content\/uploads\/2025\/05\/Tu-historia-invitacion-cumpleanos-fiesta-50-negro-y-dorado.png?resize=800%2C1422&#038;ssl=1\" alt=\"\" width=\"800\" height=\"1422\" srcset=\"https:\/\/i0.wp.com\/ollantayitzamna.com\/wp-content\/uploads\/2025\/05\/Tu-historia-invitacion-cumpleanos-fiesta-50-negro-y-dorado.png?w=1080&amp;ssl=1 1080w, https:\/\/i0.wp.com\/ollantayitzamna.com\/wp-content\/uploads\/2025\/05\/Tu-historia-invitacion-cumpleanos-fiesta-50-negro-y-dorado.png?resize=169%2C300&amp;ssl=1 169w, https:\/\/i0.wp.com\/ollantayitzamna.com\/wp-content\/uploads\/2025\/05\/Tu-historia-invitacion-cumpleanos-fiesta-50-negro-y-dorado.png?resize=576%2C1024&amp;ssl=1 576w, https:\/\/i0.wp.com\/ollantayitzamna.com\/wp-content\/uploads\/2025\/05\/Tu-historia-invitacion-cumpleanos-fiesta-50-negro-y-dorado.png?resize=84%2C150&amp;ssl=1 84w, https:\/\/i0.wp.com\/ollantayitzamna.com\/wp-content\/uploads\/2025\/05\/Tu-historia-invitacion-cumpleanos-fiesta-50-negro-y-dorado.png?resize=768%2C1365&amp;ssl=1 768w, https:\/\/i0.wp.com\/ollantayitzamna.com\/wp-content\/uploads\/2025\/05\/Tu-historia-invitacion-cumpleanos-fiesta-50-negro-y-dorado.png?resize=864%2C1536&amp;ssl=1 864w, https:\/\/i0.wp.com\/ollantayitzamna.com\/wp-content\/uploads\/2025\/05\/Tu-historia-invitacion-cumpleanos-fiesta-50-negro-y-dorado.png?resize=900%2C1600&amp;ssl=1 900w\" sizes=\"(max-width: 800px) 100vw, 800px\" \/><figcaption id=\"caption-attachment-5462\" class=\"wp-caption-text\">P\u00f3ster alusivo a los 40 a\u00f1os de la Constituci\u00f3n Pol\u00edtica de Guatemala. OI<\/figcaption><\/figure>\n<p data-sourcepos=\"5:1-5:438\"><strong>Al cumplirse 40 a\u00f1os de la Constituci\u00f3n Pol\u00edtica de la Rep\u00fablica de Guatemala, es imperativo realizar un an\u00e1lisis socioacad\u00e9mico cr\u00edtico sobre su vigencia y pertinencia en la realidad actual del pa\u00eds. Lamentablemente, estas cuatro d\u00e9cadas han sido testigos de un alarmante deterioro de las condiciones de vida socioecon\u00f3micas y culturales. La promesa de un orden constitucional para el bienestar integral del pa\u00eds ha sido opacada por una realidad cruda y desafiante.<\/strong><!--more--><\/p>\n<p data-sourcepos=\"7:1-7:516\">La <strong>violencia y la corrupci\u00f3n<\/strong> se han arraigado, logrando capturar y cooptar a las entidades estatales, desvirtuando su funci\u00f3n de servicio p\u00fablico. Esta penetraci\u00f3n ha llevado a que la <strong>inseguridad y la violencia<\/strong> alcancen niveles sin precedentes; hoy, el n\u00famero de personas asesinadas diariamente supera incluso las cifras de la guerra interna que precedi\u00f3 a la actual Constituci\u00f3n. Esta escalada de violencia es un indicador claro de que el marco legal vigente no ha logrado contener la desintegraci\u00f3n social.<\/p>\n<p data-sourcepos=\"9:1-9:529\">La implementaci\u00f3n del <strong>sistema neoliberal<\/strong> y la consecuente liberalizaci\u00f3n de la econom\u00eda han tenido efectos devastadores. La falta de oportunidades y la precarizaci\u00f3n de la vida han <strong>encaminado a ingentes cantidades de j\u00f3venes<\/strong> hacia las pandillas (\u00abmaras\u00bb) o hacia una migraci\u00f3n forzada en busca de oportunidades en Estados Unidos. Este \u00e9xodo juvenil no solo representa una p\u00e9rdida irreparable del \u00abbien mayor\u00bb del pa\u00eds, sino que tambi\u00e9n evidencia la incapacidad del modelo econ\u00f3mico actual para generar bienestar.<\/p>\n<p data-sourcepos=\"11:1-11:517\">En retrospectiva, es evidente que la Constituci\u00f3n Pol\u00edtica de Guatemala ha sido <strong>superada por la dura y cruda realidad<\/strong> de la violencia, la inseguridad y la desigualdad creciente. Sus preceptos, dise\u00f1ados en otro contexto, no logran dar respuesta a las complejidades del presente. A esto se suman las <strong>m\u00faltiples crisis clim\u00e1ticas e h\u00eddricas<\/strong> que azotan al pa\u00eds, as\u00ed como la irrupci\u00f3n del <strong>mundo virtual y la Inteligencia Artificial<\/strong>, fen\u00f3menos que no est\u00e1n contemplados en un texto legal de hace cuatro d\u00e9cadas.<\/p>\n<p data-sourcepos=\"13:1-13:589\">Ante este panorama, la urgencia de un <strong>nuevo proceso de Asamblea Constituyente Popular y Plurinacional<\/strong> se vuelve ineludible. Es fundamental que este espacio incluya la <strong>participaci\u00f3n de todos los pueblos<\/strong> que conforman Guatemala, permitiendo consensuar nuevos acuerdos y compromisos para una convivencia plurinacional y justa. Solo a trav\u00e9s de un pacto social renovado, que nazca de las voces de la diversidad guatemalteca, se podr\u00e1 construir un marco legal que realmente responda a los desaf\u00edos del siglo XXI y siente las bases para un futuro de paz, equidad y bienestar integral sostenible.<\/p>\n","protected":false},"excerpt":{"rendered":"<p>Al cumplirse 40 a\u00f1os de la Constituci\u00f3n Pol\u00edtica de la Rep\u00fablica de Guatemala, es imperativo realizar un an\u00e1lisis socioacad\u00e9mico cr\u00edtico sobre su vigencia y pertinencia en la realidad actual del pa\u00eds. Lamentablemente, estas cuatro d\u00e9cadas han sido testigos de un alarmante deterioro de las condiciones de vida socioecon\u00f3micas y culturales. La promesa de un orden [&hellip;]<\/p>\n","protected":false},"author":95365428,"featured_media":5462,"comment_status":"open","ping_status":"open","sticky":false,"template":"","format":"standard","meta":{"_coblocks_attr":"","_coblocks_dimensions":"","_coblocks_responsive_height":"","_coblocks_accordion_ie_support":"","_crdt_document":"","_jetpack_newsletter_access":"","_jetpack_dont_email_post_to_subs":false,"_jetpack_newsletter_tier_id":0,"_jetpack_memberships_contains_paywalled_content":false,"_jetpack_memberships_contains_paid_content":false,"footnotes":"","jetpack_publicize_message":"","jetpack_publicize_feature_enabled":true,"jetpack_social_post_already_shared":true,"jetpack_social_options":{"image_generator_settings":{"template":"highway","default_image_id":0,"font":"","enabled":false},"version":2},"_wpas_customize_per_network":false,"jetpack_post_was_ever_published":false},"categories":[696795897],"tags":[583820551,696796332,696796195],"class_list":["post-5460","post","type-post","status-publish","format-standard","has-post-thumbnail","hentry","category-buen-vivir","tag-asamblea-constituyente-plurinacional","tag-constitucion-politica-de-guatemala","tag-guatelama"],"yoast_head":"<!-- This site is optimized with the Yoast SEO plugin v27.5 - https:\/\/yoast.com\/product\/yoast-seo-wordpress\/ -->\n<title>La Constituci\u00f3n Pol\u00edtica de Guatemala a sus 40 A\u00f1os: Una NORMA superada por la realidad - Ollantay Itzamn\u00e1<\/title>\n<meta name=\"robots\" content=\"index, follow, max-snippet:-1, max-image-preview:large, max-video-preview:-1\" \/>\n<link rel=\"canonical\" href=\"https:\/\/ollantayitzamna.com\/?p=5460\" \/>\n<meta property=\"og:locale\" content=\"es_ES\" \/>\n<meta property=\"og:type\" content=\"article\" \/>\n<meta property=\"og:title\" content=\"La Constituci\u00f3n Pol\u00edtica de Guatemala a sus 40 A\u00f1os: Una NORMA superada por la realidad - Ollantay Itzamn\u00e1\" \/>\n<meta property=\"og:description\" content=\"Al cumplirse 40 a\u00f1os de la Constituci\u00f3n Pol\u00edtica de la Rep\u00fablica de Guatemala, es imperativo realizar un an\u00e1lisis socioacad\u00e9mico cr\u00edtico sobre su vigencia y pertinencia en la realidad actual del pa\u00eds. Lamentablemente, estas cuatro d\u00e9cadas han sido testigos de un alarmante deterioro de las condiciones de vida socioecon\u00f3micas y culturales. La promesa de un orden [&hellip;]\" \/>\n<meta property=\"og:url\" content=\"https:\/\/ollantayitzamna.com\/?p=5460\" \/>\n<meta property=\"og:site_name\" content=\"Ollantay Itzamn\u00e1\" \/>\n<meta property=\"article:published_time\" content=\"2025-05-25T21:58:27+00:00\" \/>\n<meta property=\"article:modified_time\" content=\"2025-07-04T13:38:42+00:00\" \/>\n<meta property=\"og:image\" content=\"https:\/\/i0.wp.com\/ollantayitzamna.com\/wp-content\/uploads\/2025\/05\/Tu-historia-invitacion-cumpleanos-fiesta-50-negro-y-dorado.png?fit=1080%2C1920&ssl=1\" \/>\n\t<meta property=\"og:image:width\" content=\"1080\" \/>\n\t<meta property=\"og:image:height\" content=\"1920\" \/>\n\t<meta property=\"og:image:type\" content=\"image\/png\" \/>\n<meta name=\"author\" content=\"ollantayitzamna\" \/>\n<meta name=\"twitter:card\" content=\"summary_large_image\" \/>\n<meta name=\"twitter:label1\" content=\"Escrito por\" \/>\n\t<meta name=\"twitter:data1\" content=\"ollantayitzamna\" \/>\n\t<meta name=\"twitter:label2\" content=\"Tiempo de lectura\" \/>\n\t<meta name=\"twitter:data2\" content=\"2 minutos\" \/>\n<script type=\"application\/ld+json\" class=\"yoast-schema-graph\">{\"@context\":\"https:\\\/\\\/schema.org\",\"@graph\":[{\"@type\":\"Article\",\"@id\":\"https:\\\/\\\/ollantayitzamna.com\\\/?p=5460#article\",\"isPartOf\":{\"@id\":\"https:\\\/\\\/ollantayitzamna.com\\\/?p=5460\"},\"author\":{\"name\":\"ollantayitzamna\",\"@id\":\"https:\\\/\\\/ollantayitzamna.com\\\/#\\\/schema\\\/person\\\/d7d683451f51a71c7d7c6b4b70437092\"},\"headline\":\"La Constituci\u00f3n Pol\u00edtica de Guatemala a sus 40 A\u00f1os: Una NORMA superada por la realidad\",\"datePublished\":\"2025-05-25T21:58:27+00:00\",\"dateModified\":\"2025-07-04T13:38:42+00:00\",\"mainEntityOfPage\":{\"@id\":\"https:\\\/\\\/ollantayitzamna.com\\\/?p=5460\"},\"wordCount\":479,\"commentCount\":0,\"image\":{\"@id\":\"https:\\\/\\\/ollantayitzamna.com\\\/?p=5460#primaryimage\"},\"thumbnailUrl\":\"https:\\\/\\\/i0.wp.com\\\/ollantayitzamna.com\\\/wp-content\\\/uploads\\\/2025\\\/05\\\/Tu-historia-invitacion-cumpleanos-fiesta-50-negro-y-dorado.png?fit=1080%2C1920&ssl=1\",\"keywords\":[\"asamblea constituyente plurinacional\",\"Constituci\u00f3n Politica de Guatemala\",\"Guatelama\"],\"articleSection\":[\"Buen Vivir\"],\"inLanguage\":\"es\",\"potentialAction\":[{\"@type\":\"CommentAction\",\"name\":\"Comment\",\"target\":[\"https:\\\/\\\/ollantayitzamna.com\\\/?p=5460#respond\"]}]},{\"@type\":\"WebPage\",\"@id\":\"https:\\\/\\\/ollantayitzamna.com\\\/?p=5460\",\"url\":\"https:\\\/\\\/ollantayitzamna.com\\\/?p=5460\",\"name\":\"La Constituci\u00f3n Pol\u00edtica de Guatemala a sus 40 A\u00f1os: Una NORMA superada por la realidad - Ollantay Itzamn\u00e1\",\"isPartOf\":{\"@id\":\"https:\\\/\\\/ollantayitzamna.com\\\/#website\"},\"primaryImageOfPage\":{\"@id\":\"https:\\\/\\\/ollantayitzamna.com\\\/?p=5460#primaryimage\"},\"image\":{\"@id\":\"https:\\\/\\\/ollantayitzamna.com\\\/?p=5460#primaryimage\"},\"thumbnailUrl\":\"https:\\\/\\\/i0.wp.com\\\/ollantayitzamna.com\\\/wp-content\\\/uploads\\\/2025\\\/05\\\/Tu-historia-invitacion-cumpleanos-fiesta-50-negro-y-dorado.png?fit=1080%2C1920&ssl=1\",\"datePublished\":\"2025-05-25T21:58:27+00:00\",\"dateModified\":\"2025-07-04T13:38:42+00:00\",\"author\":{\"@id\":\"https:\\\/\\\/ollantayitzamna.com\\\/#\\\/schema\\\/person\\\/d7d683451f51a71c7d7c6b4b70437092\"},\"breadcrumb\":{\"@id\":\"https:\\\/\\\/ollantayitzamna.com\\\/?p=5460#breadcrumb\"},\"inLanguage\":\"es\",\"potentialAction\":[{\"@type\":\"ReadAction\",\"target\":[\"https:\\\/\\\/ollantayitzamna.com\\\/?p=5460\"]}]},{\"@type\":\"ImageObject\",\"inLanguage\":\"es\",\"@id\":\"https:\\\/\\\/ollantayitzamna.com\\\/?p=5460#primaryimage\",\"url\":\"https:\\\/\\\/i0.wp.com\\\/ollantayitzamna.com\\\/wp-content\\\/uploads\\\/2025\\\/05\\\/Tu-historia-invitacion-cumpleanos-fiesta-50-negro-y-dorado.png?fit=1080%2C1920&ssl=1\",\"contentUrl\":\"https:\\\/\\\/i0.wp.com\\\/ollantayitzamna.com\\\/wp-content\\\/uploads\\\/2025\\\/05\\\/Tu-historia-invitacion-cumpleanos-fiesta-50-negro-y-dorado.png?fit=1080%2C1920&ssl=1\",\"width\":1080,\"height\":1920,\"caption\":\"P\u00f3ster alusivo a los 40 a\u00f1os de la Constituci\u00f3n Pol\u00edtica de Guatemala. OI\"},{\"@type\":\"BreadcrumbList\",\"@id\":\"https:\\\/\\\/ollantayitzamna.com\\\/?p=5460#breadcrumb\",\"itemListElement\":[{\"@type\":\"ListItem\",\"position\":1,\"name\":\"Portada\",\"item\":\"https:\\\/\\\/ollantayitzamna.com\\\/\"},{\"@type\":\"ListItem\",\"position\":2,\"name\":\"La Constituci\u00f3n Pol\u00edtica de Guatemala a sus 40 A\u00f1os: Una NORMA superada por la realidad\"}]},{\"@type\":\"WebSite\",\"@id\":\"https:\\\/\\\/ollantayitzamna.com\\\/#website\",\"url\":\"https:\\\/\\\/ollantayitzamna.com\\\/\",\"name\":\"Ollantay Itzamn\u00e1\",\"description\":\"Susurros del silencio\",\"potentialAction\":[{\"@type\":\"SearchAction\",\"target\":{\"@type\":\"EntryPoint\",\"urlTemplate\":\"https:\\\/\\\/ollantayitzamna.com\\\/?s={search_term_string}\"},\"query-input\":{\"@type\":\"PropertyValueSpecification\",\"valueRequired\":true,\"valueName\":\"search_term_string\"}}],\"inLanguage\":\"es\"},{\"@type\":\"Person\",\"@id\":\"https:\\\/\\\/ollantayitzamna.com\\\/#\\\/schema\\\/person\\\/d7d683451f51a71c7d7c6b4b70437092\",\"name\":\"ollantayitzamna\",\"image\":{\"@type\":\"ImageObject\",\"inLanguage\":\"es\",\"@id\":\"https:\\\/\\\/secure.gravatar.com\\\/avatar\\\/576387c53cc1a5ef704abf20408627fa3cb969d3f33355a576a2b20d65397362?s=96&d=identicon&r=g\",\"url\":\"https:\\\/\\\/secure.gravatar.com\\\/avatar\\\/576387c53cc1a5ef704abf20408627fa3cb969d3f33355a576a2b20d65397362?s=96&d=identicon&r=g\",\"contentUrl\":\"https:\\\/\\\/secure.gravatar.com\\\/avatar\\\/576387c53cc1a5ef704abf20408627fa3cb969d3f33355a576a2b20d65397362?s=96&d=identicon&r=g\",\"caption\":\"ollantayitzamna\"},\"description\":\"Soy Tierra que siente, que llora, que ama, que conspira, que sue\u00f1a. Soy wawa (criatura) de la Pachamama.\",\"sameAs\":[\"http:\\\/\\\/ollantayitzamna.com\"],\"url\":\"https:\\\/\\\/ollantayitzamna.com\\\/?author=95365428\"}]}<\/script>\n<!-- \/ Yoast SEO plugin. -->","yoast_head_json":{"title":"La Constituci\u00f3n Pol\u00edtica de Guatemala a sus 40 A\u00f1os: Una NORMA superada por la realidad - Ollantay Itzamn\u00e1","robots":{"index":"index","follow":"follow","max-snippet":"max-snippet:-1","max-image-preview":"max-image-preview:large","max-video-preview":"max-video-preview:-1"},"canonical":"https:\/\/ollantayitzamna.com\/?p=5460","og_locale":"es_ES","og_type":"article","og_title":"La Constituci\u00f3n Pol\u00edtica de Guatemala a sus 40 A\u00f1os: Una NORMA superada por la realidad - Ollantay Itzamn\u00e1","og_description":"Al cumplirse 40 a\u00f1os de la Constituci\u00f3n Pol\u00edtica de la Rep\u00fablica de Guatemala, es imperativo realizar un an\u00e1lisis socioacad\u00e9mico cr\u00edtico sobre su vigencia y pertinencia en la realidad actual del pa\u00eds. Lamentablemente, estas cuatro d\u00e9cadas han sido testigos de un alarmante deterioro de las condiciones de vida socioecon\u00f3micas y culturales. La promesa de un orden [&hellip;]","og_url":"https:\/\/ollantayitzamna.com\/?p=5460","og_site_name":"Ollantay Itzamn\u00e1","article_published_time":"2025-05-25T21:58:27+00:00","article_modified_time":"2025-07-04T13:38:42+00:00","og_image":[{"width":1080,"height":1920,"url":"https:\/\/i0.wp.com\/ollantayitzamna.com\/wp-content\/uploads\/2025\/05\/Tu-historia-invitacion-cumpleanos-fiesta-50-negro-y-dorado.png?fit=1080%2C1920&ssl=1","type":"image\/png"}],"author":"ollantayitzamna","twitter_card":"summary_large_image","twitter_misc":{"Escrito por":"ollantayitzamna","Tiempo de lectura":"2 minutos"},"schema":{"@context":"https:\/\/schema.org","@graph":[{"@type":"Article","@id":"https:\/\/ollantayitzamna.com\/?p=5460#article","isPartOf":{"@id":"https:\/\/ollantayitzamna.com\/?p=5460"},"author":{"name":"ollantayitzamna","@id":"https:\/\/ollantayitzamna.com\/#\/schema\/person\/d7d683451f51a71c7d7c6b4b70437092"},"headline":"La Constituci\u00f3n Pol\u00edtica de Guatemala a sus 40 A\u00f1os: Una NORMA superada por la realidad","datePublished":"2025-05-25T21:58:27+00:00","dateModified":"2025-07-04T13:38:42+00:00","mainEntityOfPage":{"@id":"https:\/\/ollantayitzamna.com\/?p=5460"},"wordCount":479,"commentCount":0,"image":{"@id":"https:\/\/ollantayitzamna.com\/?p=5460#primaryimage"},"thumbnailUrl":"https:\/\/i0.wp.com\/ollantayitzamna.com\/wp-content\/uploads\/2025\/05\/Tu-historia-invitacion-cumpleanos-fiesta-50-negro-y-dorado.png?fit=1080%2C1920&ssl=1","keywords":["asamblea constituyente plurinacional","Constituci\u00f3n Politica de Guatemala","Guatelama"],"articleSection":["Buen Vivir"],"inLanguage":"es","potentialAction":[{"@type":"CommentAction","name":"Comment","target":["https:\/\/ollantayitzamna.com\/?p=5460#respond"]}]},{"@type":"WebPage","@id":"https:\/\/ollantayitzamna.com\/?p=5460","url":"https:\/\/ollantayitzamna.com\/?p=5460","name":"La Constituci\u00f3n Pol\u00edtica de Guatemala a sus 40 A\u00f1os: Una NORMA superada por la realidad - Ollantay Itzamn\u00e1","isPartOf":{"@id":"https:\/\/ollantayitzamna.com\/#website"},"primaryImageOfPage":{"@id":"https:\/\/ollantayitzamna.com\/?p=5460#primaryimage"},"image":{"@id":"https:\/\/ollantayitzamna.com\/?p=5460#primaryimage"},"thumbnailUrl":"https:\/\/i0.wp.com\/ollantayitzamna.com\/wp-content\/uploads\/2025\/05\/Tu-historia-invitacion-cumpleanos-fiesta-50-negro-y-dorado.png?fit=1080%2C1920&ssl=1","datePublished":"2025-05-25T21:58:27+00:00","dateModified":"2025-07-04T13:38:42+00:00","author":{"@id":"https:\/\/ollantayitzamna.com\/#\/schema\/person\/d7d683451f51a71c7d7c6b4b70437092"},"breadcrumb":{"@id":"https:\/\/ollantayitzamna.com\/?p=5460#breadcrumb"},"inLanguage":"es","potentialAction":[{"@type":"ReadAction","target":["https:\/\/ollantayitzamna.com\/?p=5460"]}]},{"@type":"ImageObject","inLanguage":"es","@id":"https:\/\/ollantayitzamna.com\/?p=5460#primaryimage","url":"https:\/\/i0.wp.com\/ollantayitzamna.com\/wp-content\/uploads\/2025\/05\/Tu-historia-invitacion-cumpleanos-fiesta-50-negro-y-dorado.png?fit=1080%2C1920&ssl=1","contentUrl":"https:\/\/i0.wp.com\/ollantayitzamna.com\/wp-content\/uploads\/2025\/05\/Tu-historia-invitacion-cumpleanos-fiesta-50-negro-y-dorado.png?fit=1080%2C1920&ssl=1","width":1080,"height":1920,"caption":"P\u00f3ster alusivo a los 40 a\u00f1os de la Constituci\u00f3n Pol\u00edtica de Guatemala. OI"},{"@type":"BreadcrumbList","@id":"https:\/\/ollantayitzamna.com\/?p=5460#breadcrumb","itemListElement":[{"@type":"ListItem","position":1,"name":"Portada","item":"https:\/\/ollantayitzamna.com\/"},{"@type":"ListItem","position":2,"name":"La Constituci\u00f3n Pol\u00edtica de Guatemala a sus 40 A\u00f1os: Una NORMA superada por la realidad"}]},{"@type":"WebSite","@id":"https:\/\/ollantayitzamna.com\/#website","url":"https:\/\/ollantayitzamna.com\/","name":"Ollantay Itzamn\u00e1","description":"Susurros del silencio","potentialAction":[{"@type":"SearchAction","target":{"@type":"EntryPoint","urlTemplate":"https:\/\/ollantayitzamna.com\/?s={search_term_string}"},"query-input":{"@type":"PropertyValueSpecification","valueRequired":true,"valueName":"search_term_string"}}],"inLanguage":"es"},{"@type":"Person","@id":"https:\/\/ollantayitzamna.com\/#\/schema\/person\/d7d683451f51a71c7d7c6b4b70437092","name":"ollantayitzamna","image":{"@type":"ImageObject","inLanguage":"es","@id":"https:\/\/secure.gravatar.com\/avatar\/576387c53cc1a5ef704abf20408627fa3cb969d3f33355a576a2b20d65397362?s=96&d=identicon&r=g","url":"https:\/\/secure.gravatar.com\/avatar\/576387c53cc1a5ef704abf20408627fa3cb969d3f33355a576a2b20d65397362?s=96&d=identicon&r=g","contentUrl":"https:\/\/secure.gravatar.com\/avatar\/576387c53cc1a5ef704abf20408627fa3cb969d3f33355a576a2b20d65397362?s=96&d=identicon&r=g","caption":"ollantayitzamna"},"description":"Soy Tierra que siente, que llora, que ama, que conspira, que sue\u00f1a. Soy wawa (criatura) de la Pachamama.","sameAs":["http:\/\/ollantayitzamna.com"],"url":"https:\/\/ollantayitzamna.com\/?author=95365428"}]}},"jetpack_publicize_connections":[],"jetpack_featured_media_url":"https:\/\/i0.wp.com\/ollantayitzamna.com\/wp-content\/uploads\/2025\/05\/Tu-historia-invitacion-cumpleanos-fiesta-50-negro-y-dorado.png?fit=1080%2C1920&ssl=1","jetpack_likes_enabled":true,"jetpack_sharing_enabled":true,"_links":{"self":[{"href":"https:\/\/ollantayitzamna.com\/index.php?rest_route=\/wp\/v2\/posts\/5460","targetHints":{"allow":["GET"]}}],"collection":[{"href":"https:\/\/ollantayitzamna.com\/index.php?rest_route=\/wp\/v2\/posts"}],"about":[{"href":"https:\/\/ollantayitzamna.com\/index.php?rest_route=\/wp\/v2\/types\/post"}],"author":[{"embeddable":true,"href":"https:\/\/ollantayitzamna.com\/index.php?rest_route=\/wp\/v2\/users\/95365428"}],"replies":[{"embeddable":true,"href":"https:\/\/ollantayitzamna.com\/index.php?rest_route=%2Fwp%2Fv2%2Fcomments&post=5460"}],"version-history":[{"count":3,"href":"https:\/\/ollantayitzamna.com\/index.php?rest_route=\/wp\/v2\/posts\/5460\/revisions"}],"predecessor-version":[{"id":5464,"href":"https:\/\/ollantayitzamna.com\/index.php?rest_route=\/wp\/v2\/posts\/5460\/revisions\/5464"}],"wp:featuredmedia":[{"embeddable":true,"href":"https:\/\/ollantayitzamna.com\/index.php?rest_route=\/wp\/v2\/media\/5462"}],"wp:attachment":[{"href":"https:\/\/ollantayitzamna.com\/index.php?rest_route=%2Fwp%2Fv2%2Fmedia&parent=5460"}],"wp:term":[{"taxonomy":"category","embeddable":true,"href":"https:\/\/ollantayitzamna.com\/index.php?rest_route=%2Fwp%2Fv2%2Fcategories&post=5460"},{"taxonomy":"post_tag","embeddable":true,"href":"https:\/\/ollantayitzamna.com\/index.php?rest_route=%2Fwp%2Fv2%2Ftags&post=5460"}],"curies":[{"name":"wp","href":"https:\/\/api.w.org\/{rel}","templated":true}]}}