{"id":5713,"date":"2025-06-26T21:53:59","date_gmt":"2025-06-27T03:53:59","guid":{"rendered":"https:\/\/ollantayitzamna.com\/?p=5713"},"modified":"2025-07-04T07:25:34","modified_gmt":"2025-07-04T13:25:34","slug":"la-fiesta-del-inti-raymi-y-la-condicion-de-colonialidad-de-los-pueblos-andinos","status":"publish","type":"post","link":"https:\/\/ollantayitzamna.com\/?p=5713","title":{"rendered":"La fiesta del Inti Raymi y la condici\u00f3n de colonialidad de los pueblos andinos"},"content":{"rendered":"<figure id=\"attachment_5715\" aria-describedby=\"caption-attachment-5715\" style=\"width: 1200px\" class=\"wp-caption aligncenter\"><img data-recalc-dims=\"1\" fetchpriority=\"high\" decoding=\"async\" data-attachment-id=\"5715\" data-permalink=\"https:\/\/ollantayitzamna.com\/?attachment_id=5715\" data-orig-file=\"https:\/\/i0.wp.com\/ollantayitzamna.com\/wp-content\/uploads\/2025\/06\/380138_633809.webp?fit=1200%2C675&amp;ssl=1\" data-orig-size=\"1200,675\" data-comments-opened=\"1\" data-image-meta=\"{&quot;aperture&quot;:&quot;0&quot;,&quot;credit&quot;:&quot;&quot;,&quot;camera&quot;:&quot;&quot;,&quot;caption&quot;:&quot;&quot;,&quot;created_timestamp&quot;:&quot;0&quot;,&quot;copyright&quot;:&quot;&quot;,&quot;focal_length&quot;:&quot;0&quot;,&quot;iso&quot;:&quot;0&quot;,&quot;shutter_speed&quot;:&quot;0&quot;,&quot;title&quot;:&quot;&quot;,&quot;orientation&quot;:&quot;0&quot;}\" data-image-title=\"380138_633809\" data-image-description=\"\" data-image-caption=\"&lt;p&gt;Escenificaci\u00f3n del Inti Raymi&lt;\/p&gt;\n\" data-large-file=\"https:\/\/i0.wp.com\/ollantayitzamna.com\/wp-content\/uploads\/2025\/06\/380138_633809.webp?fit=800%2C450&amp;ssl=1\" class=\"size-full wp-image-5715\" src=\"https:\/\/i0.wp.com\/ollantayitzamna.com\/wp-content\/uploads\/2025\/06\/380138_633809.webp?resize=800%2C450&#038;ssl=1\" alt=\"\" width=\"800\" height=\"450\" srcset=\"https:\/\/i0.wp.com\/ollantayitzamna.com\/wp-content\/uploads\/2025\/06\/380138_633809.webp?w=1200&amp;ssl=1 1200w, https:\/\/i0.wp.com\/ollantayitzamna.com\/wp-content\/uploads\/2025\/06\/380138_633809.webp?resize=300%2C169&amp;ssl=1 300w, https:\/\/i0.wp.com\/ollantayitzamna.com\/wp-content\/uploads\/2025\/06\/380138_633809.webp?resize=1024%2C576&amp;ssl=1 1024w, https:\/\/i0.wp.com\/ollantayitzamna.com\/wp-content\/uploads\/2025\/06\/380138_633809.webp?resize=150%2C84&amp;ssl=1 150w, https:\/\/i0.wp.com\/ollantayitzamna.com\/wp-content\/uploads\/2025\/06\/380138_633809.webp?resize=768%2C432&amp;ssl=1 768w, https:\/\/i0.wp.com\/ollantayitzamna.com\/wp-content\/uploads\/2025\/06\/380138_633809.webp?resize=900%2C506&amp;ssl=1 900w\" sizes=\"(max-width: 800px) 100vw, 800px\" \/><figcaption id=\"caption-attachment-5715\" class=\"wp-caption-text\">Escenificaci\u00f3n del Inti Raymi<\/figcaption><\/figure>\n<p><strong>Fue el Inca Pachacutec, en el siglo XV, quien habr\u00eda instituido el Inti Raymi o Fiesta del Sol en el Incario, en el Solsticio de Invierno (21 de junio). As\u00ed lo registr\u00f3 Guam\u00e1n Poma de Ayala en sus escritos. La finalidad de dicha celebraci\u00f3n era restaurar la convivencia entre la comunidad humana y la divinidad Sol que en ese per\u00edodo del calendario solar se alejaba lo m\u00e1s lejos posible de la Tierra, dejando a \u00e9sta en la noche m\u00e1s oscura y fr\u00eda del a\u00f1o. En ese contexto se hac\u00edan las ceremonias rituales y ofrendas al Sol clamando su retorno para que garantice el calor y la continuidad de la Vida.<\/strong><!--more--><\/p>\n<p>En el Per\u00fa republicano, desde mediados del pasado siglo, algunos mestizos inquietos imaginaron lo que habr\u00eda podido ser la fiesta del Inti Raymi y redactaron una obra teatral estilizada para dicha celebraci\u00f3n, quit\u00e1ndole toda potencia \u00e9tica, pol\u00edtica y ecol\u00f3gica que constitu\u00eda dicha celebraci\u00f3n en el Incario.<\/p>\n<p>As\u00ed, en las \u00faltimas d\u00e9cadas, bajo la euforia de la insaciable industria del turismo folcl\u00f3rico, la fiesta del Inti Raymi, cada 24 de junio (d\u00eda del San Juan, en el colonial calendario grecoromano), se convierte en una danza folcl\u00f3rica teatral estilizada, castrada de su esencia \u00e9tica ecol\u00f3gica y de integraci\u00f3n pol\u00edtica de los pueblos del Ande.<\/p>\n<p>Para los pueblos de Abya Yala y del mundo, quienes, ante el fracaso del proyecto civilizatorio moderno, buscamos otros horizontes de convivencia equilibrada nos es urgente restaurar y\/o resignificar el sentido integral y restauradora de nuestras celebraciones c\u00f3smicas. La fiesta del Inti Raymi no puede seguir siendo un veh\u00edculo de extractivismo cultural que afianza la condici\u00f3n de colonialidad de los pueblos abor\u00edgenes.<\/p>\n","protected":false},"excerpt":{"rendered":"<p>Fue el Inca Pachacutec, en el siglo XV, quien habr\u00eda instituido el Inti Raymi o Fiesta del Sol en el Incario, en el Solsticio de Invierno (21 de junio). As\u00ed lo registr\u00f3 Guam\u00e1n Poma de Ayala en sus escritos. La finalidad de dicha celebraci\u00f3n era restaurar la convivencia entre la comunidad humana y la divinidad [&hellip;]<\/p>\n","protected":false},"author":95365428,"featured_media":5715,"comment_status":"open","ping_status":"open","sticky":false,"template":"","format":"standard","meta":{"_coblocks_attr":"","_coblocks_dimensions":"","_coblocks_responsive_height":"","_coblocks_accordion_ie_support":"","_jetpack_newsletter_access":"","_jetpack_dont_email_post_to_subs":false,"_jetpack_newsletter_tier_id":0,"_jetpack_memberships_contains_paywalled_content":false,"_wpcom_ai_launchpad_first_post":false,"_jetpack_feature_clip_id":0,"_jetpack_memberships_contains_paid_content":false,"footnotes":"","jetpack_publicize_message":"{title}\n\n{excerpt}\n\n{url}","jetpack_publicize_feature_enabled":true,"jetpack_social_post_already_shared":true,"jetpack_social_options":{"image_generator_settings":{"template":"highway","default_image_id":0,"font":"","enabled":false},"version":2},"_wpas_customize_per_network":false,"jetpack_post_was_ever_published":false},"categories":[696796406],"tags":[696796386,696796205,696796391,36547],"class_list":["post-5713","post","type-post","status-publish","format-standard","has-post-thumbnail","hentry","category-comunalidad","tag-24-de-junio","tag-cusco","tag-inti-raymi","tag-peru"],"yoast_head":"<!-- This site is optimized with the Yoast SEO plugin v28.4 - https:\/\/yoast.com\/product\/yoast-seo-wordpress\/ -->\n<title>La fiesta del Inti Raymi y la condici\u00f3n de colonialidad de los pueblos andinos - Ollantay Itzamn\u00e1<\/title>\n<meta name=\"robots\" content=\"index, follow, max-snippet:-1, max-image-preview:large, max-video-preview:-1\" \/>\n<link rel=\"canonical\" href=\"https:\/\/ollantayitzamna.com\/?p=5713\" \/>\n<meta property=\"og:locale\" content=\"es_ES\" \/>\n<meta property=\"og:type\" content=\"article\" \/>\n<meta property=\"og:title\" content=\"La fiesta del Inti Raymi y la condici\u00f3n de colonialidad de los pueblos andinos - Ollantay Itzamn\u00e1\" \/>\n<meta property=\"og:description\" content=\"Fue el Inca Pachacutec, en el siglo XV, quien habr\u00eda instituido el Inti Raymi o Fiesta del Sol en el Incario, en el Solsticio de Invierno (21 de junio). As\u00ed lo registr\u00f3 Guam\u00e1n Poma de Ayala en sus escritos. La finalidad de dicha celebraci\u00f3n era restaurar la convivencia entre la comunidad humana y la divinidad [&hellip;]\" \/>\n<meta property=\"og:url\" content=\"https:\/\/ollantayitzamna.com\/?p=5713\" \/>\n<meta property=\"og:site_name\" content=\"Ollantay Itzamn\u00e1\" \/>\n<meta property=\"article:published_time\" content=\"2025-06-27T03:53:59+00:00\" \/>\n<meta property=\"article:modified_time\" content=\"2025-07-04T13:25:34+00:00\" \/>\n<meta property=\"og:image\" content=\"https:\/\/i0.wp.com\/ollantayitzamna.com\/wp-content\/uploads\/2025\/06\/380138_633809.webp?fit=1200%2C675&ssl=1\" \/>\n\t<meta property=\"og:image:width\" content=\"1200\" \/>\n\t<meta property=\"og:image:height\" content=\"675\" \/>\n\t<meta property=\"og:image:type\" content=\"image\/webp\" \/>\n<meta name=\"author\" content=\"ollantayitzamna\" \/>\n<meta name=\"twitter:card\" content=\"summary_large_image\" \/>\n<meta name=\"twitter:label1\" content=\"Escrito por\" \/>\n\t<meta name=\"twitter:data1\" content=\"ollantayitzamna\" \/>\n\t<meta name=\"twitter:label2\" content=\"Tiempo de lectura\" \/>\n\t<meta name=\"twitter:data2\" content=\"2 minutos\" \/>\n<script type=\"application\/ld+json\" class=\"yoast-schema-graph\">{\"@context\":\"https:\\\/\\\/schema.org\",\"@graph\":[{\"@type\":\"Article\",\"@id\":\"https:\\\/\\\/ollantayitzamna.com\\\/?p=5713#article\",\"isPartOf\":{\"@id\":\"https:\\\/\\\/ollantayitzamna.com\\\/?p=5713\"},\"author\":{\"name\":\"ollantayitzamna\",\"@id\":\"https:\\\/\\\/ollantayitzamna.com\\\/#\\\/schema\\\/person\\\/d7d683451f51a71c7d7c6b4b70437092\"},\"headline\":\"La fiesta del Inti Raymi y la condici\u00f3n de colonialidad de los pueblos andinos\",\"datePublished\":\"2025-06-27T03:53:59+00:00\",\"dateModified\":\"2025-07-04T13:25:34+00:00\",\"mainEntityOfPage\":{\"@id\":\"https:\\\/\\\/ollantayitzamna.com\\\/?p=5713\"},\"wordCount\":327,\"commentCount\":0,\"image\":{\"@id\":\"https:\\\/\\\/ollantayitzamna.com\\\/?p=5713#primaryimage\"},\"thumbnailUrl\":\"https:\\\/\\\/i0.wp.com\\\/ollantayitzamna.com\\\/wp-content\\\/uploads\\\/2025\\\/06\\\/380138_633809.webp?fit=1200%2C675&ssl=1\",\"keywords\":[\"24 de junio\",\"Cusco\",\"Inti Raymi\",\"Per\u00fa\"],\"articleSection\":[\"Comunalidad\"],\"inLanguage\":\"es\",\"potentialAction\":[{\"@type\":\"CommentAction\",\"name\":\"Comment\",\"target\":[\"https:\\\/\\\/ollantayitzamna.com\\\/?p=5713#respond\"]}]},{\"@type\":\"WebPage\",\"@id\":\"https:\\\/\\\/ollantayitzamna.com\\\/?p=5713\",\"url\":\"https:\\\/\\\/ollantayitzamna.com\\\/?p=5713\",\"name\":\"La fiesta del Inti Raymi y la condici\u00f3n de colonialidad de los pueblos andinos - Ollantay Itzamn\u00e1\",\"isPartOf\":{\"@id\":\"https:\\\/\\\/ollantayitzamna.com\\\/#website\"},\"primaryImageOfPage\":{\"@id\":\"https:\\\/\\\/ollantayitzamna.com\\\/?p=5713#primaryimage\"},\"image\":{\"@id\":\"https:\\\/\\\/ollantayitzamna.com\\\/?p=5713#primaryimage\"},\"thumbnailUrl\":\"https:\\\/\\\/i0.wp.com\\\/ollantayitzamna.com\\\/wp-content\\\/uploads\\\/2025\\\/06\\\/380138_633809.webp?fit=1200%2C675&ssl=1\",\"datePublished\":\"2025-06-27T03:53:59+00:00\",\"dateModified\":\"2025-07-04T13:25:34+00:00\",\"author\":{\"@id\":\"https:\\\/\\\/ollantayitzamna.com\\\/#\\\/schema\\\/person\\\/d7d683451f51a71c7d7c6b4b70437092\"},\"breadcrumb\":{\"@id\":\"https:\\\/\\\/ollantayitzamna.com\\\/?p=5713#breadcrumb\"},\"inLanguage\":\"es\",\"potentialAction\":[{\"@type\":\"ReadAction\",\"target\":[\"https:\\\/\\\/ollantayitzamna.com\\\/?p=5713\"]}]},{\"@type\":\"ImageObject\",\"inLanguage\":\"es\",\"@id\":\"https:\\\/\\\/ollantayitzamna.com\\\/?p=5713#primaryimage\",\"url\":\"https:\\\/\\\/i0.wp.com\\\/ollantayitzamna.com\\\/wp-content\\\/uploads\\\/2025\\\/06\\\/380138_633809.webp?fit=1200%2C675&ssl=1\",\"contentUrl\":\"https:\\\/\\\/i0.wp.com\\\/ollantayitzamna.com\\\/wp-content\\\/uploads\\\/2025\\\/06\\\/380138_633809.webp?fit=1200%2C675&ssl=1\",\"width\":1200,\"height\":675,\"caption\":\"Escenificaci\u00f3n del Inti Raymi\"},{\"@type\":\"BreadcrumbList\",\"@id\":\"https:\\\/\\\/ollantayitzamna.com\\\/?p=5713#breadcrumb\",\"itemListElement\":[{\"@type\":\"ListItem\",\"position\":1,\"name\":\"Portada\",\"item\":\"https:\\\/\\\/ollantayitzamna.com\\\/\"},{\"@type\":\"ListItem\",\"position\":2,\"name\":\"La fiesta del Inti Raymi y la condici\u00f3n de colonialidad de los pueblos andinos\"}]},{\"@type\":\"WebSite\",\"@id\":\"https:\\\/\\\/ollantayitzamna.com\\\/#website\",\"url\":\"https:\\\/\\\/ollantayitzamna.com\\\/\",\"name\":\"Ollantay Itzamn\u00e1\",\"description\":\"Susurros del silencio\",\"potentialAction\":[{\"@type\":\"SearchAction\",\"target\":{\"@type\":\"EntryPoint\",\"urlTemplate\":\"https:\\\/\\\/ollantayitzamna.com\\\/?s={search_term_string}\"},\"query-input\":{\"@type\":\"PropertyValueSpecification\",\"valueRequired\":true,\"valueName\":\"search_term_string\"}}],\"inLanguage\":\"es\"},{\"@type\":\"Person\",\"@id\":\"https:\\\/\\\/ollantayitzamna.com\\\/#\\\/schema\\\/person\\\/d7d683451f51a71c7d7c6b4b70437092\",\"name\":\"ollantayitzamna\",\"image\":{\"@type\":\"ImageObject\",\"inLanguage\":\"es\",\"@id\":\"https:\\\/\\\/secure.gravatar.com\\\/avatar\\\/576387c53cc1a5ef704abf20408627fa3cb969d3f33355a576a2b20d65397362?s=96&d=identicon&r=g\",\"url\":\"https:\\\/\\\/secure.gravatar.com\\\/avatar\\\/576387c53cc1a5ef704abf20408627fa3cb969d3f33355a576a2b20d65397362?s=96&d=identicon&r=g\",\"contentUrl\":\"https:\\\/\\\/secure.gravatar.com\\\/avatar\\\/576387c53cc1a5ef704abf20408627fa3cb969d3f33355a576a2b20d65397362?s=96&d=identicon&r=g\",\"caption\":\"ollantayitzamna\"},\"description\":\"Soy Tierra que siente, que llora, que ama, que conspira, que sue\u00f1a. Soy wawa (criatura) de la Pachamama.\",\"sameAs\":[\"http:\\\/\\\/ollantayitzamna.com\"],\"url\":\"https:\\\/\\\/ollantayitzamna.com\\\/?author=95365428\"}]}<\/script>\n<!-- \/ Yoast SEO plugin. -->","yoast_head_json":{"title":"La fiesta del Inti Raymi y la condici\u00f3n de colonialidad de los pueblos andinos - Ollantay Itzamn\u00e1","robots":{"index":"index","follow":"follow","max-snippet":"max-snippet:-1","max-image-preview":"max-image-preview:large","max-video-preview":"max-video-preview:-1"},"canonical":"https:\/\/ollantayitzamna.com\/?p=5713","og_locale":"es_ES","og_type":"article","og_title":"La fiesta del Inti Raymi y la condici\u00f3n de colonialidad de los pueblos andinos - Ollantay Itzamn\u00e1","og_description":"Fue el Inca Pachacutec, en el siglo XV, quien habr\u00eda instituido el Inti Raymi o Fiesta del Sol en el Incario, en el Solsticio de Invierno (21 de junio). As\u00ed lo registr\u00f3 Guam\u00e1n Poma de Ayala en sus escritos. La finalidad de dicha celebraci\u00f3n era restaurar la convivencia entre la comunidad humana y la divinidad [&hellip;]","og_url":"https:\/\/ollantayitzamna.com\/?p=5713","og_site_name":"Ollantay Itzamn\u00e1","article_published_time":"2025-06-27T03:53:59+00:00","article_modified_time":"2025-07-04T13:25:34+00:00","og_image":[{"width":1200,"height":675,"url":"https:\/\/i0.wp.com\/ollantayitzamna.com\/wp-content\/uploads\/2025\/06\/380138_633809.webp?fit=1200%2C675&ssl=1","type":"image\/webp"}],"author":"ollantayitzamna","twitter_card":"summary_large_image","twitter_misc":{"Escrito por":"ollantayitzamna","Tiempo de lectura":"2 minutos"},"schema":{"@context":"https:\/\/schema.org","@graph":[{"@type":"Article","@id":"https:\/\/ollantayitzamna.com\/?p=5713#article","isPartOf":{"@id":"https:\/\/ollantayitzamna.com\/?p=5713"},"author":{"name":"ollantayitzamna","@id":"https:\/\/ollantayitzamna.com\/#\/schema\/person\/d7d683451f51a71c7d7c6b4b70437092"},"headline":"La fiesta del Inti Raymi y la condici\u00f3n de colonialidad de los pueblos andinos","datePublished":"2025-06-27T03:53:59+00:00","dateModified":"2025-07-04T13:25:34+00:00","mainEntityOfPage":{"@id":"https:\/\/ollantayitzamna.com\/?p=5713"},"wordCount":327,"commentCount":0,"image":{"@id":"https:\/\/ollantayitzamna.com\/?p=5713#primaryimage"},"thumbnailUrl":"https:\/\/i0.wp.com\/ollantayitzamna.com\/wp-content\/uploads\/2025\/06\/380138_633809.webp?fit=1200%2C675&ssl=1","keywords":["24 de junio","Cusco","Inti Raymi","Per\u00fa"],"articleSection":["Comunalidad"],"inLanguage":"es","potentialAction":[{"@type":"CommentAction","name":"Comment","target":["https:\/\/ollantayitzamna.com\/?p=5713#respond"]}]},{"@type":"WebPage","@id":"https:\/\/ollantayitzamna.com\/?p=5713","url":"https:\/\/ollantayitzamna.com\/?p=5713","name":"La fiesta del Inti Raymi y la condici\u00f3n de colonialidad de los pueblos andinos - Ollantay Itzamn\u00e1","isPartOf":{"@id":"https:\/\/ollantayitzamna.com\/#website"},"primaryImageOfPage":{"@id":"https:\/\/ollantayitzamna.com\/?p=5713#primaryimage"},"image":{"@id":"https:\/\/ollantayitzamna.com\/?p=5713#primaryimage"},"thumbnailUrl":"https:\/\/i0.wp.com\/ollantayitzamna.com\/wp-content\/uploads\/2025\/06\/380138_633809.webp?fit=1200%2C675&ssl=1","datePublished":"2025-06-27T03:53:59+00:00","dateModified":"2025-07-04T13:25:34+00:00","author":{"@id":"https:\/\/ollantayitzamna.com\/#\/schema\/person\/d7d683451f51a71c7d7c6b4b70437092"},"breadcrumb":{"@id":"https:\/\/ollantayitzamna.com\/?p=5713#breadcrumb"},"inLanguage":"es","potentialAction":[{"@type":"ReadAction","target":["https:\/\/ollantayitzamna.com\/?p=5713"]}]},{"@type":"ImageObject","inLanguage":"es","@id":"https:\/\/ollantayitzamna.com\/?p=5713#primaryimage","url":"https:\/\/i0.wp.com\/ollantayitzamna.com\/wp-content\/uploads\/2025\/06\/380138_633809.webp?fit=1200%2C675&ssl=1","contentUrl":"https:\/\/i0.wp.com\/ollantayitzamna.com\/wp-content\/uploads\/2025\/06\/380138_633809.webp?fit=1200%2C675&ssl=1","width":1200,"height":675,"caption":"Escenificaci\u00f3n del Inti Raymi"},{"@type":"BreadcrumbList","@id":"https:\/\/ollantayitzamna.com\/?p=5713#breadcrumb","itemListElement":[{"@type":"ListItem","position":1,"name":"Portada","item":"https:\/\/ollantayitzamna.com\/"},{"@type":"ListItem","position":2,"name":"La fiesta del Inti Raymi y la condici\u00f3n de colonialidad de los pueblos andinos"}]},{"@type":"WebSite","@id":"https:\/\/ollantayitzamna.com\/#website","url":"https:\/\/ollantayitzamna.com\/","name":"Ollantay Itzamn\u00e1","description":"Susurros del silencio","potentialAction":[{"@type":"SearchAction","target":{"@type":"EntryPoint","urlTemplate":"https:\/\/ollantayitzamna.com\/?s={search_term_string}"},"query-input":{"@type":"PropertyValueSpecification","valueRequired":true,"valueName":"search_term_string"}}],"inLanguage":"es"},{"@type":"Person","@id":"https:\/\/ollantayitzamna.com\/#\/schema\/person\/d7d683451f51a71c7d7c6b4b70437092","name":"ollantayitzamna","image":{"@type":"ImageObject","inLanguage":"es","@id":"https:\/\/secure.gravatar.com\/avatar\/576387c53cc1a5ef704abf20408627fa3cb969d3f33355a576a2b20d65397362?s=96&d=identicon&r=g","url":"https:\/\/secure.gravatar.com\/avatar\/576387c53cc1a5ef704abf20408627fa3cb969d3f33355a576a2b20d65397362?s=96&d=identicon&r=g","contentUrl":"https:\/\/secure.gravatar.com\/avatar\/576387c53cc1a5ef704abf20408627fa3cb969d3f33355a576a2b20d65397362?s=96&d=identicon&r=g","caption":"ollantayitzamna"},"description":"Soy Tierra que siente, que llora, que ama, que conspira, que sue\u00f1a. Soy wawa (criatura) de la Pachamama.","sameAs":["http:\/\/ollantayitzamna.com"],"url":"https:\/\/ollantayitzamna.com\/?author=95365428"}]}},"jetpack_publicize_connections":[],"jetpack_likes_enabled":true,"jetpack_sharing_enabled":true,"jetpack_featured_media_url":"https:\/\/i0.wp.com\/ollantayitzamna.com\/wp-content\/uploads\/2025\/06\/380138_633809.webp?fit=1200%2C675&ssl=1","_links":{"self":[{"href":"https:\/\/ollantayitzamna.com\/index.php?rest_route=\/wp\/v2\/posts\/5713","targetHints":{"allow":["GET"]}}],"collection":[{"href":"https:\/\/ollantayitzamna.com\/index.php?rest_route=\/wp\/v2\/posts"}],"about":[{"href":"https:\/\/ollantayitzamna.com\/index.php?rest_route=\/wp\/v2\/types\/post"}],"author":[{"embeddable":true,"href":"https:\/\/ollantayitzamna.com\/index.php?rest_route=\/wp\/v2\/users\/95365428"}],"replies":[{"embeddable":true,"href":"https:\/\/ollantayitzamna.com\/index.php?rest_route=%2Fwp%2Fv2%2Fcomments&post=5713"}],"version-history":[{"count":2,"href":"https:\/\/ollantayitzamna.com\/index.php?rest_route=\/wp\/v2\/posts\/5713\/revisions"}],"predecessor-version":[{"id":5716,"href":"https:\/\/ollantayitzamna.com\/index.php?rest_route=\/wp\/v2\/posts\/5713\/revisions\/5716"}],"wp:featuredmedia":[{"embeddable":true,"href":"https:\/\/ollantayitzamna.com\/index.php?rest_route=\/wp\/v2\/media\/5715"}],"wp:attachment":[{"href":"https:\/\/ollantayitzamna.com\/index.php?rest_route=%2Fwp%2Fv2%2Fmedia&parent=5713"}],"wp:term":[{"taxonomy":"category","embeddable":true,"href":"https:\/\/ollantayitzamna.com\/index.php?rest_route=%2Fwp%2Fv2%2Fcategories&post=5713"},{"taxonomy":"post_tag","embeddable":true,"href":"https:\/\/ollantayitzamna.com\/index.php?rest_route=%2Fwp%2Fv2%2Ftags&post=5713"}],"curies":[{"name":"wp","href":"https:\/\/api.w.org\/{rel}","templated":true}]}}