{"id":577,"date":"2018-06-15T22:45:20","date_gmt":"2018-06-16T04:45:20","guid":{"rendered":"https:\/\/ollantayitzamna.com\/?p=577"},"modified":"2025-07-03T18:58:52","modified_gmt":"2025-07-04T00:58:52","slug":"quienes-y-por-que-asesinan-a-defensores-comunitarios-de-derechos-en-guatemala","status":"publish","type":"post","link":"https:\/\/ollantayitzamna.com\/?p=577","title":{"rendered":"\u00bfQui\u00e9nes y por qu\u00e9 asesinan a defensores comunitarios de derechos en Guatemala?"},"content":{"rendered":"<figure id=\"attachment_582\" aria-describedby=\"caption-attachment-582\" style=\"width: 529px\" class=\"wp-caption aligncenter\"><img data-recalc-dims=\"1\" fetchpriority=\"high\" decoding=\"async\" data-attachment-id=\"582\" data-permalink=\"https:\/\/ollantayitzamna.com\/?attachment_id=582\" data-orig-file=\"https:\/\/i0.wp.com\/ollantayitzamna.com\/wp-content\/uploads\/2018\/06\/dscf2275.jpg?fit=4608%2C3072&amp;ssl=1\" data-orig-size=\"4608,3072\" data-comments-opened=\"1\" data-image-meta=\"{&quot;aperture&quot;:&quot;8&quot;,&quot;credit&quot;:&quot;&quot;,&quot;camera&quot;:&quot;FinePix HS20EXR&quot;,&quot;caption&quot;:&quot;&quot;,&quot;created_timestamp&quot;:&quot;1528592078&quot;,&quot;copyright&quot;:&quot;&quot;,&quot;focal_length&quot;:&quot;7.6&quot;,&quot;iso&quot;:&quot;200&quot;,&quot;shutter_speed&quot;:&quot;0.0015625&quot;,&quot;title&quot;:&quot;&quot;,&quot;orientation&quot;:&quot;1&quot;}\" data-image-title=\"DSCF2275\" data-image-description=\"\" data-image-caption=\"&lt;p&gt;Sepelio de Francisco Mungu\u00eda. Jalapa. O.I&lt;\/p&gt;\n\" data-large-file=\"https:\/\/i0.wp.com\/ollantayitzamna.com\/wp-content\/uploads\/2018\/06\/dscf2275.jpg?fit=800%2C533&amp;ssl=1\" class=\"size-full wp-image-582\" src=\"https:\/\/i0.wp.com\/ollantayitzamna.com\/wp-content\/uploads\/2018\/06\/dscf2275.jpg?resize=529%2C353&#038;ssl=1\" alt=\"\" width=\"529\" height=\"353\" \/><figcaption id=\"caption-attachment-582\" class=\"wp-caption-text\">Sepelio de Francisco Mungu\u00eda. Jalapa. O.I<\/figcaption><\/figure>\n<h3 style=\"text-align:center;\"><span style=\"color:#ff0000;\">&#8230; los predadores de defensores de derechos, ante el fracaso de sus t\u00e1cticas y estrategias de ataque medi\u00e1tico y legal previos, est\u00e1n migrando de la difamaci\u00f3n\/criminalizaci\u00f3n, hacia la eliminaci\u00f3n f\u00edsica selectiva de defensores para frenar procesos de acciones de resistencia en las comunidades.<\/span><\/h3>\n<p><!--more--><\/p>\n<p>En el lapso de un mes, entre inicios de mayo y junio del presente a\u00f1o, fueron asesinados siete defensores comunitarios de derechos en sus respectivos territorios. Luis Marroqu\u00edn, Florencio P\u00e9rez, Alejandro Hern\u00e1ndez y Francisco Mungu\u00eda, pertenec\u00edan al Comit\u00e9 de Desarrollo Campesino (CODECA). Ram\u00f3n Choc y Mateo Chamam, defensores del Comit\u00e9 Campesino del Altiplano (CCDA), y Juan Xol Can defensor perteneciente a ambas organizaciones.<\/p>\n<figure id=\"attachment_581\" aria-describedby=\"caption-attachment-581\" style=\"width: 529px\" class=\"wp-caption aligncenter\"><img data-recalc-dims=\"1\" decoding=\"async\" data-attachment-id=\"581\" data-permalink=\"https:\/\/ollantayitzamna.com\/?attachment_id=581\" data-orig-file=\"https:\/\/i0.wp.com\/ollantayitzamna.com\/wp-content\/uploads\/2018\/06\/dscf2094.jpg?fit=4608%2C3072&amp;ssl=1\" data-orig-size=\"4608,3072\" data-comments-opened=\"1\" data-image-meta=\"{&quot;aperture&quot;:&quot;2.8&quot;,&quot;credit&quot;:&quot;&quot;,&quot;camera&quot;:&quot;FinePix HS20EXR&quot;,&quot;caption&quot;:&quot;&quot;,&quot;created_timestamp&quot;:&quot;1526011930&quot;,&quot;copyright&quot;:&quot;&quot;,&quot;focal_length&quot;:&quot;4.2&quot;,&quot;iso&quot;:&quot;800&quot;,&quot;shutter_speed&quot;:&quot;0.23255813953488&quot;,&quot;title&quot;:&quot;&quot;,&quot;orientation&quot;:&quot;1&quot;}\" data-image-title=\"DSCF2094\" data-image-description=\"\" data-image-caption=\"&lt;p&gt;Sepelio de Jos\u00e9 Xol. Alta Verapaz. O.I.&lt;\/p&gt;\n\" data-large-file=\"https:\/\/i0.wp.com\/ollantayitzamna.com\/wp-content\/uploads\/2018\/06\/dscf2094.jpg?fit=800%2C533&amp;ssl=1\" class=\"size-full wp-image-581\" src=\"https:\/\/i0.wp.com\/ollantayitzamna.com\/wp-content\/uploads\/2018\/06\/dscf2094.jpg?resize=529%2C353&#038;ssl=1\" alt=\"\" width=\"529\" height=\"353\" \/><figcaption id=\"caption-attachment-581\" class=\"wp-caption-text\">Sepelio de Jos\u00e9 Xol. Alta Verapaz. O.I.<\/figcaption><\/figure>\n<p>En noviembre del pasado a\u00f1o, mientras CODECA realizaba un paro nacional de dos d\u00edas, fueron asesinados los defensores Antonio P\u00e9rez, en Quich\u00e9, y Juan Cruz Jim\u00e9nez, en Jutiapa. Durante dicha actividad, en Izabal, fue arrollado y herido por un carro el defensor Vicente Calder\u00f3n. Todas estas muertes y agresiones siguen impunes.<\/p>\n<p>Por esas fechas, en Nebaj, Jacinto Brito, defensor y coordinador ixil de CODECA, fue aporreado brutalmente por desconocidos, luego de salir de una reuni\u00f3n sobre energ\u00eda el\u00e9ctrica.<\/p>\n<h2><strong>Caracter\u00edsticas socioculturales de las v\u00edctimas<\/strong><\/h2>\n<figure id=\"attachment_578\" aria-describedby=\"caption-attachment-578\" style=\"width: 529px\" class=\"wp-caption aligncenter\"><img data-recalc-dims=\"1\" decoding=\"async\" data-attachment-id=\"578\" data-permalink=\"https:\/\/ollantayitzamna.com\/?attachment_id=578\" data-orig-file=\"https:\/\/i0.wp.com\/ollantayitzamna.com\/wp-content\/uploads\/2018\/06\/dsc_0296.jpg?fit=3840%2C2160&amp;ssl=1\" data-orig-size=\"3840,2160\" data-comments-opened=\"1\" data-image-meta=\"{&quot;aperture&quot;:&quot;2&quot;,&quot;credit&quot;:&quot;&quot;,&quot;camera&quot;:&quot;F5121&quot;,&quot;caption&quot;:&quot;&quot;,&quot;created_timestamp&quot;:&quot;1516122182&quot;,&quot;copyright&quot;:&quot;&quot;,&quot;focal_length&quot;:&quot;4.23&quot;,&quot;iso&quot;:&quot;64&quot;,&quot;shutter_speed&quot;:&quot;0.008&quot;,&quot;title&quot;:&quot;&quot;,&quot;orientation&quot;:&quot;1&quot;}\" data-image-title=\"DSC_0296\" data-image-description=\"\" data-image-caption=\"&lt;p&gt;Sepelio de Jos\u00e9 Cruz. Jalapa&lt;\/p&gt;\n\" data-large-file=\"https:\/\/i0.wp.com\/ollantayitzamna.com\/wp-content\/uploads\/2018\/06\/dsc_0296.jpg?fit=800%2C450&amp;ssl=1\" class=\"size-full wp-image-578\" src=\"https:\/\/i0.wp.com\/ollantayitzamna.com\/wp-content\/uploads\/2018\/06\/dsc_0296.jpg?resize=529%2C298&#038;ssl=1\" alt=\"\" width=\"529\" height=\"298\" \/><figcaption id=\"caption-attachment-578\" class=\"wp-caption-text\">Sepelio de Jos\u00e9 Cruz. Jutiapa. O.I.<\/figcaption><\/figure>\n<p>Todos estos asesinatos (con excepci\u00f3n de Luis Marroquin) y agresiones ocurrieron en el \u00e1rea rural. Los criminales son an\u00f3nimos. No dejan ning\u00fan mensaje o se\u00f1a expresa del motivo de su crimen. Aunque por los derechos que defend\u00eda las v\u00edctimas, y por los intereses que afectaba las resistencias comunitarias, los sospechosos son m\u00e1s que evidentes.<\/p>\n<p>Todas las v\u00edctimas son ind\u00edgenas y\/o campesinos empobrecidos, con bajo grado de escolaridad. Con familias imposibilitadas de emprender engorrosos procesos penales para juzgar a los culpables.<\/p>\n<p>La mayor\u00eda de defensores, al momento de ser asesinados, ocupaban cargos en sus estructuras organizativas de resistencia en sus territorios, frente a la presencia o amenaza de empresas o fincas vecinas.<\/p>\n<p>En los casos de defensores asesinados pertenecientes a CODECA, todas las v\u00edctimas son o fueron usuarios en resistencia en contra de los abusos de la empresa distribuidora de energ\u00eda el\u00e9ctrica ENERGUATE.<\/p>\n<p>En los casos de defensores pertenecientes a CCDA, las v\u00edctimas defend\u00edan sus tierras ante el avasallamiento por parte de finqueros.<\/p>\n<p>Todos los defensores asesinados de CODECA exig\u00edan p\u00fablicamente al Estado la nacionalizaci\u00f3n de la distribuci\u00f3n de la energ\u00eda el\u00e9ctrica, mediante acciones colectivas permanentes.<\/p>\n<h2><strong>Contexto que explica en parte los hechos criminales<\/strong><\/h2>\n<figure id=\"attachment_579\" aria-describedby=\"caption-attachment-579\" style=\"width: 529px\" class=\"wp-caption aligncenter\"><img data-recalc-dims=\"1\" loading=\"lazy\" decoding=\"async\" data-attachment-id=\"579\" data-permalink=\"https:\/\/ollantayitzamna.com\/?attachment_id=579\" data-orig-file=\"https:\/\/i0.wp.com\/ollantayitzamna.com\/wp-content\/uploads\/2018\/06\/dscf0006.jpg?fit=4608%2C3072&amp;ssl=1\" data-orig-size=\"4608,3072\" data-comments-opened=\"1\" data-image-meta=\"{&quot;aperture&quot;:&quot;7.1&quot;,&quot;credit&quot;:&quot;&quot;,&quot;camera&quot;:&quot;FinePix HS20EXR&quot;,&quot;caption&quot;:&quot;&quot;,&quot;created_timestamp&quot;:&quot;1455066107&quot;,&quot;copyright&quot;:&quot;&quot;,&quot;focal_length&quot;:&quot;12.3&quot;,&quot;iso&quot;:&quot;400&quot;,&quot;shutter_speed&quot;:&quot;0.0018181818181818&quot;,&quot;title&quot;:&quot;&quot;,&quot;orientation&quot;:&quot;1&quot;}\" data-image-title=\"DSCF0006\" data-image-description=\"\" data-image-caption=\"&lt;p&gt;Defensores comunitarios en protesta por criminalizaci\u00f3n. Guatemala. O.I.&lt;\/p&gt;\n\" data-large-file=\"https:\/\/i0.wp.com\/ollantayitzamna.com\/wp-content\/uploads\/2018\/06\/dscf0006.jpg?fit=800%2C533&amp;ssl=1\" class=\"size-full wp-image-579\" src=\"https:\/\/i0.wp.com\/ollantayitzamna.com\/wp-content\/uploads\/2018\/06\/dscf0006.jpg?resize=529%2C353&#038;ssl=1\" alt=\"\" width=\"529\" height=\"353\" \/><figcaption id=\"caption-attachment-579\" class=\"wp-caption-text\">Defensores comunitarios en protesta por criminalizaci\u00f3n. Guatemala. O.I.<\/figcaption><\/figure>\n<p>Desde hace m\u00e1s de siete a\u00f1os atr\u00e1s, la empresa distribuidora de electricidad ENERGUATE, conjuntamente con los dos gobiernos nacionales de turno, desprestigiaron\/desprestigian al movimiento CODECA. Hasta casi convertirlo en el \u201cenemigo interno\u201d del desarrollo del pa\u00eds en el imaginario colectivo nacional.<\/p>\n<p>Simult\u00e1neamente, ENERGUATE y la empresa p\u00fablica colombiana EEGSA procedieron a criminalizar (demandarlos penalmente) a varios defensores principales y locales de CODECA por delitos que jam\u00e1s pudieron comprobar en juicio.<\/p>\n<p>En 2012, el Gobierno de Otto P\u00e9rez Molina, cre\u00f3 una fiscal\u00eda especial (integrada por cinco agentes fiscales) para perseguir a todos cuantos organizan acciones de resistencia exigiendo la nacionalizaci\u00f3n de la electricidad.<\/p>\n<p>En dicha contienda desigual, entre empresas-Estado y usuarios en resistencia, las empresas cometieron ilegalidades que incluso la misma ONU determin\u00f3 responsabilidad del Estado de Guatemala por detenciones arbitrarias, en el caso del secuestro seguido del encarcelamiento ilegal cometido contra el fundador y coordinados de CODECA<\/p>\n<figure id=\"attachment_584\" aria-describedby=\"caption-attachment-584\" style=\"width: 529px\" class=\"wp-caption aligncenter\"><img data-recalc-dims=\"1\" loading=\"lazy\" decoding=\"async\" data-attachment-id=\"584\" data-permalink=\"https:\/\/ollantayitzamna.com\/?attachment_id=584\" data-orig-file=\"https:\/\/i0.wp.com\/ollantayitzamna.com\/wp-content\/uploads\/2018\/06\/whatsapp-image-2018-05-19-at-11-12-41.jpeg?fit=1152%2C864&amp;ssl=1\" data-orig-size=\"1152,864\" data-comments-opened=\"1\" data-image-meta=\"{&quot;aperture&quot;:&quot;0&quot;,&quot;credit&quot;:&quot;&quot;,&quot;camera&quot;:&quot;&quot;,&quot;caption&quot;:&quot;&quot;,&quot;created_timestamp&quot;:&quot;0&quot;,&quot;copyright&quot;:&quot;&quot;,&quot;focal_length&quot;:&quot;0&quot;,&quot;iso&quot;:&quot;0&quot;,&quot;shutter_speed&quot;:&quot;0&quot;,&quot;title&quot;:&quot;&quot;,&quot;orientation&quot;:&quot;0&quot;}\" data-image-title=\"WhatsApp Image 2018-05-19 at 11.12.41\" data-image-description=\"\" data-image-caption=\"&lt;p&gt;Luis Marronquin. Asamblea comunitaria.&lt;\/p&gt;\n\" data-large-file=\"https:\/\/i0.wp.com\/ollantayitzamna.com\/wp-content\/uploads\/2018\/06\/whatsapp-image-2018-05-19-at-11-12-41.jpeg?fit=800%2C600&amp;ssl=1\" class=\"size-full wp-image-584\" src=\"https:\/\/i0.wp.com\/ollantayitzamna.com\/wp-content\/uploads\/2018\/06\/whatsapp-image-2018-05-19-at-11-12-41.jpeg?resize=529%2C397&#038;ssl=1\" alt=\"\" width=\"529\" height=\"397\" \/><figcaption id=\"caption-attachment-584\" class=\"wp-caption-text\">Luis Marroquin. Asamblea comunitaria.<\/figcaption><\/figure>\n<p>Otto P\u00e9rez Molina, en su guerra frontal contra CODECA, conceptualiz\u00f3 a este movimiento como: \u201cUn c\u00e1ncer social que crece peligrosamente en el pa\u00eds\u201d. Dijo que ten\u00eda m\u00e1s de 500 \u00f3rdenes de captura. Adem\u00e1s, de crear la Fiscal\u00eda Especial contra el Hurto de Fluidos.<\/p>\n<p>El 2 de mayo pasado, el actual Presidente de la Rep\u00fablica, Jimmy Morales, sentenci\u00f3, ante una multitud de manifestantes a su favor, que CODECA era una organizaci\u00f3n criminal. D\u00edas despu\u00e9s, se desencaden\u00f3 los asesinatos expr\u00e9s de defensores comunitarios. El discurso presidencial fue perfomativo para la conducta criminal de los asesinos. Y la impunidad contin\u00faa siendo un est\u00edmulo para seguir eliminando m\u00e1s defensores inc\u00f3modos a las empresas.<\/p>\n<h2><strong>\u00bfA qui\u00e9n debe investigar el Ministerio P\u00fablico?<\/strong><\/h2>\n<figure id=\"attachment_580\" aria-describedby=\"caption-attachment-580\" style=\"width: 529px\" class=\"wp-caption aligncenter\"><img data-recalc-dims=\"1\" loading=\"lazy\" decoding=\"async\" data-attachment-id=\"580\" data-permalink=\"https:\/\/ollantayitzamna.com\/?attachment_id=580\" data-orig-file=\"https:\/\/i0.wp.com\/ollantayitzamna.com\/wp-content\/uploads\/2018\/06\/dscf1664.jpg?fit=3840%2C1080&amp;ssl=1\" data-orig-size=\"3840,1080\" data-comments-opened=\"1\" data-image-meta=\"{&quot;aperture&quot;:&quot;6.4&quot;,&quot;credit&quot;:&quot;&quot;,&quot;camera&quot;:&quot;FinePix HS20EXR&quot;,&quot;caption&quot;:&quot;&quot;,&quot;created_timestamp&quot;:&quot;1488850602&quot;,&quot;copyright&quot;:&quot;&quot;,&quot;focal_length&quot;:&quot;4.2&quot;,&quot;iso&quot;:&quot;200&quot;,&quot;shutter_speed&quot;:&quot;0.0023809523809524&quot;,&quot;title&quot;:&quot;&quot;,&quot;orientation&quot;:&quot;1&quot;}\" data-image-title=\"DSCF1664\" data-image-description=\"\" data-image-caption=\"&lt;p&gt;Defensores comunitarios en paro nacional. Guatemala. O.I.&lt;\/p&gt;\n\" data-large-file=\"https:\/\/i0.wp.com\/ollantayitzamna.com\/wp-content\/uploads\/2018\/06\/dscf1664.jpg?fit=800%2C225&amp;ssl=1\" class=\"size-full wp-image-580\" src=\"https:\/\/i0.wp.com\/ollantayitzamna.com\/wp-content\/uploads\/2018\/06\/dscf1664.jpg?resize=529%2C149&#038;ssl=1\" alt=\"\" width=\"529\" height=\"149\" \/><figcaption id=\"caption-attachment-580\" class=\"wp-caption-text\">Defensores comunitarios en paro nacional. Guatemala. O.I.<\/figcaption><\/figure>\n<p>El Ministerio P\u00fablico, si es consecuente con sus promesas para la defensa de defensores de derechos, por estas y otras muertes, debe investigar inmediatamente a las empresas distribuidoras de la energ\u00eda el\u00e9ctrica, ENERGUATE y EEGSA, que sistem\u00e1ticamente criminalizan y difaman a defensores de CODECA.<\/p>\n<p>Dos sobrevivientes del asesinato de Juan Xol Can, seg\u00fan sus testimonios, identificaron a dos trabajadores de la cooperativa FEDECOVERA entre los atacantes armados.<\/p>\n<p>Deber\u00eda de investigar tambi\u00e9n al Presidente Jimmy Morales por el discurso de odio que reiter\u00f3 el 2 de mayo en contra de CODECA. Ese discurso, seg\u00fan los principales coordinadores de CODECA, activ\u00f3\/motiv\u00f3 los asesinatos selectivos contra defensores.<\/p>\n<p>Otra entidad que abiertamente ataca a defensores, desde los medios corporativos de informaci\u00f3n, es la C\u00e1mara del Agro-CACIF. Estas organizaciones empresariales deben ser investigados tambi\u00e9n por dichos asesinatos.<\/p>\n<p>En el caso del asesinato de Luis Marroqu\u00edn, ya es de conocimiento p\u00fablico el informe de la pericia policial. En dicho informe se identifica al Alcalde del Municipio de San Pedro Pinula, Jalapa, y a sus dos guarda espaldas armados, en el veh\u00edculo desde donde acribillaron al defensor, minutos despu\u00e9s del suceso.<\/p>\n<p>Despu\u00e9s de observar en los territorios los diferentes casos de asesinatos, concluimos que ning\u00fan delito se consum\u00f3 fortuitamente. Estos datos nos indican que los predadores de defensores de derechos, ante el fracaso de sus t\u00e1cticas y estrategias de ataque medi\u00e1tico y legal previos, est\u00e1n migrando de la difamaci\u00f3n\/criminalizaci\u00f3n, hacia la eliminaci\u00f3n f\u00edsica selectiva de defensores para frenar procesos de acciones de resistencia en las comunidades.<\/p>\n","protected":false},"excerpt":{"rendered":"<p>&#8230; los predadores de defensores de derechos, ante el fracaso de sus t\u00e1cticas y estrategias de ataque medi\u00e1tico y legal previos, est\u00e1n migrando de la difamaci\u00f3n\/criminalizaci\u00f3n, hacia la eliminaci\u00f3n f\u00edsica selectiva de defensores para frenar procesos de acciones de resistencia en las comunidades.<\/p>\n","protected":false},"author":95365428,"featured_media":582,"comment_status":"open","ping_status":"open","sticky":false,"template":"","format":"standard","meta":{"_coblocks_attr":"","_coblocks_dimensions":"","_coblocks_responsive_height":"","_coblocks_accordion_ie_support":"","_jetpack_newsletter_access":"","_jetpack_dont_email_post_to_subs":false,"_jetpack_newsletter_tier_id":0,"_jetpack_memberships_contains_paywalled_content":false,"_wpcom_ai_launchpad_first_post":false,"_jetpack_feature_clip_id":0,"_jetpack_memberships_contains_paid_content":false,"footnotes":"","jetpack_publicize_message":"{title}\n\n{excerpt}\n\n{url}","jetpack_publicize_feature_enabled":true,"jetpack_social_post_already_shared":false,"jetpack_social_options":{"image_generator_settings":{"template":"highway","default_image_id":0,"font":"","enabled":false},"version":2},"_wpas_customize_per_network":false,"jetpack_post_was_ever_published":false},"categories":[696796406],"tags":[294844,1649489,642301688,696795858],"class_list":["post-577","post","type-post","status-publish","format-standard","has-post-thumbnail","hentry","category-comunalidad","tag-asesinatos","tag-ccda","tag-defensores-comunitarios-codeca","tag-guatemala"],"yoast_head":"<!-- This site is optimized with the Yoast SEO plugin v28.3 - https:\/\/yoast.com\/product\/yoast-seo-wordpress\/ -->\n<title>\u00bfQui\u00e9nes y por qu\u00e9 asesinan a defensores comunitarios de derechos en Guatemala? - Ollantay Itzamn\u00e1<\/title>\n<meta name=\"robots\" content=\"index, follow, max-snippet:-1, max-image-preview:large, max-video-preview:-1\" \/>\n<link rel=\"canonical\" href=\"https:\/\/ollantayitzamna.com\/?p=577\" \/>\n<meta property=\"og:locale\" content=\"es_ES\" \/>\n<meta property=\"og:type\" content=\"article\" \/>\n<meta property=\"og:title\" content=\"\u00bfQui\u00e9nes y por qu\u00e9 asesinan a defensores comunitarios de derechos en Guatemala? - Ollantay Itzamn\u00e1\" \/>\n<meta property=\"og:description\" content=\"&#8230; los predadores de defensores de derechos, ante el fracaso de sus t\u00e1cticas y estrategias de ataque medi\u00e1tico y legal previos, est\u00e1n migrando de la difamaci\u00f3n\/criminalizaci\u00f3n, hacia la eliminaci\u00f3n f\u00edsica selectiva de defensores para frenar procesos de acciones de resistencia en las comunidades.\" \/>\n<meta property=\"og:url\" content=\"https:\/\/ollantayitzamna.com\/?p=577\" \/>\n<meta property=\"og:site_name\" content=\"Ollantay Itzamn\u00e1\" \/>\n<meta property=\"article:published_time\" content=\"2018-06-16T04:45:20+00:00\" \/>\n<meta property=\"article:modified_time\" content=\"2025-07-04T00:58:52+00:00\" \/>\n<meta property=\"og:image\" content=\"https:\/\/i0.wp.com\/ollantayitzamna.com\/wp-content\/uploads\/2018\/06\/dscf2275.jpg?fit=800%2C533&ssl=1\" \/>\n\t<meta property=\"og:image:width\" content=\"800\" \/>\n\t<meta property=\"og:image:height\" content=\"533\" \/>\n\t<meta property=\"og:image:type\" content=\"image\/jpeg\" \/>\n<meta name=\"author\" content=\"ollantayitzamna\" \/>\n<meta name=\"twitter:card\" content=\"summary_large_image\" \/>\n<meta name=\"twitter:label1\" content=\"Escrito por\" \/>\n\t<meta name=\"twitter:data1\" content=\"ollantayitzamna\" \/>\n\t<meta name=\"twitter:label2\" content=\"Tiempo de lectura\" \/>\n\t<meta name=\"twitter:data2\" content=\"5 minutos\" \/>\n<script type=\"application\/ld+json\" class=\"yoast-schema-graph\">{\"@context\":\"https:\\\/\\\/schema.org\",\"@graph\":[{\"@type\":\"Article\",\"@id\":\"https:\\\/\\\/ollantayitzamna.com\\\/?p=577#article\",\"isPartOf\":{\"@id\":\"https:\\\/\\\/ollantayitzamna.com\\\/?p=577\"},\"author\":{\"name\":\"ollantayitzamna\",\"@id\":\"https:\\\/\\\/ollantayitzamna.com\\\/#\\\/schema\\\/person\\\/d7d683451f51a71c7d7c6b4b70437092\"},\"headline\":\"\u00bfQui\u00e9nes y por qu\u00e9 asesinan a defensores comunitarios de derechos en Guatemala?\",\"datePublished\":\"2018-06-16T04:45:20+00:00\",\"dateModified\":\"2025-07-04T00:58:52+00:00\",\"mainEntityOfPage\":{\"@id\":\"https:\\\/\\\/ollantayitzamna.com\\\/?p=577\"},\"wordCount\":1091,\"commentCount\":1,\"image\":{\"@id\":\"https:\\\/\\\/ollantayitzamna.com\\\/?p=577#primaryimage\"},\"thumbnailUrl\":\"https:\\\/\\\/i0.wp.com\\\/ollantayitzamna.com\\\/wp-content\\\/uploads\\\/2018\\\/06\\\/dscf2275.jpg?fit=4608%2C3072&ssl=1\",\"keywords\":[\"asesinatos\",\"CCDA\",\"Defensores comunitarios. CODECA\",\"Guatemala\"],\"articleSection\":[\"Comunalidad\"],\"inLanguage\":\"es\",\"potentialAction\":[{\"@type\":\"CommentAction\",\"name\":\"Comment\",\"target\":[\"https:\\\/\\\/ollantayitzamna.com\\\/?p=577#respond\"]}]},{\"@type\":\"WebPage\",\"@id\":\"https:\\\/\\\/ollantayitzamna.com\\\/?p=577\",\"url\":\"https:\\\/\\\/ollantayitzamna.com\\\/?p=577\",\"name\":\"\u00bfQui\u00e9nes y por qu\u00e9 asesinan a defensores comunitarios de derechos en Guatemala? - Ollantay Itzamn\u00e1\",\"isPartOf\":{\"@id\":\"https:\\\/\\\/ollantayitzamna.com\\\/#website\"},\"primaryImageOfPage\":{\"@id\":\"https:\\\/\\\/ollantayitzamna.com\\\/?p=577#primaryimage\"},\"image\":{\"@id\":\"https:\\\/\\\/ollantayitzamna.com\\\/?p=577#primaryimage\"},\"thumbnailUrl\":\"https:\\\/\\\/i0.wp.com\\\/ollantayitzamna.com\\\/wp-content\\\/uploads\\\/2018\\\/06\\\/dscf2275.jpg?fit=4608%2C3072&ssl=1\",\"datePublished\":\"2018-06-16T04:45:20+00:00\",\"dateModified\":\"2025-07-04T00:58:52+00:00\",\"author\":{\"@id\":\"https:\\\/\\\/ollantayitzamna.com\\\/#\\\/schema\\\/person\\\/d7d683451f51a71c7d7c6b4b70437092\"},\"breadcrumb\":{\"@id\":\"https:\\\/\\\/ollantayitzamna.com\\\/?p=577#breadcrumb\"},\"inLanguage\":\"es\",\"potentialAction\":[{\"@type\":\"ReadAction\",\"target\":[\"https:\\\/\\\/ollantayitzamna.com\\\/?p=577\"]}]},{\"@type\":\"ImageObject\",\"inLanguage\":\"es\",\"@id\":\"https:\\\/\\\/ollantayitzamna.com\\\/?p=577#primaryimage\",\"url\":\"https:\\\/\\\/i0.wp.com\\\/ollantayitzamna.com\\\/wp-content\\\/uploads\\\/2018\\\/06\\\/dscf2275.jpg?fit=4608%2C3072&ssl=1\",\"contentUrl\":\"https:\\\/\\\/i0.wp.com\\\/ollantayitzamna.com\\\/wp-content\\\/uploads\\\/2018\\\/06\\\/dscf2275.jpg?fit=4608%2C3072&ssl=1\",\"width\":4608,\"height\":3072,\"caption\":\"Sepelio de Francisco Mungu\u00eda. Jalapa. O.I\"},{\"@type\":\"BreadcrumbList\",\"@id\":\"https:\\\/\\\/ollantayitzamna.com\\\/?p=577#breadcrumb\",\"itemListElement\":[{\"@type\":\"ListItem\",\"position\":1,\"name\":\"Portada\",\"item\":\"https:\\\/\\\/ollantayitzamna.com\\\/\"},{\"@type\":\"ListItem\",\"position\":2,\"name\":\"\u00bfQui\u00e9nes y por qu\u00e9 asesinan a defensores comunitarios de derechos en Guatemala?\"}]},{\"@type\":\"WebSite\",\"@id\":\"https:\\\/\\\/ollantayitzamna.com\\\/#website\",\"url\":\"https:\\\/\\\/ollantayitzamna.com\\\/\",\"name\":\"Ollantay Itzamn\u00e1\",\"description\":\"Susurros del silencio\",\"potentialAction\":[{\"@type\":\"SearchAction\",\"target\":{\"@type\":\"EntryPoint\",\"urlTemplate\":\"https:\\\/\\\/ollantayitzamna.com\\\/?s={search_term_string}\"},\"query-input\":{\"@type\":\"PropertyValueSpecification\",\"valueRequired\":true,\"valueName\":\"search_term_string\"}}],\"inLanguage\":\"es\"},{\"@type\":\"Person\",\"@id\":\"https:\\\/\\\/ollantayitzamna.com\\\/#\\\/schema\\\/person\\\/d7d683451f51a71c7d7c6b4b70437092\",\"name\":\"ollantayitzamna\",\"image\":{\"@type\":\"ImageObject\",\"inLanguage\":\"es\",\"@id\":\"https:\\\/\\\/secure.gravatar.com\\\/avatar\\\/576387c53cc1a5ef704abf20408627fa3cb969d3f33355a576a2b20d65397362?s=96&d=identicon&r=g\",\"url\":\"https:\\\/\\\/secure.gravatar.com\\\/avatar\\\/576387c53cc1a5ef704abf20408627fa3cb969d3f33355a576a2b20d65397362?s=96&d=identicon&r=g\",\"contentUrl\":\"https:\\\/\\\/secure.gravatar.com\\\/avatar\\\/576387c53cc1a5ef704abf20408627fa3cb969d3f33355a576a2b20d65397362?s=96&d=identicon&r=g\",\"caption\":\"ollantayitzamna\"},\"description\":\"Soy Tierra que siente, que llora, que ama, que conspira, que sue\u00f1a. Soy wawa (criatura) de la Pachamama.\",\"sameAs\":[\"http:\\\/\\\/ollantayitzamna.com\"],\"url\":\"https:\\\/\\\/ollantayitzamna.com\\\/?author=95365428\"}]}<\/script>\n<!-- \/ Yoast SEO plugin. -->","yoast_head_json":{"title":"\u00bfQui\u00e9nes y por qu\u00e9 asesinan a defensores comunitarios de derechos en Guatemala? - Ollantay Itzamn\u00e1","robots":{"index":"index","follow":"follow","max-snippet":"max-snippet:-1","max-image-preview":"max-image-preview:large","max-video-preview":"max-video-preview:-1"},"canonical":"https:\/\/ollantayitzamna.com\/?p=577","og_locale":"es_ES","og_type":"article","og_title":"\u00bfQui\u00e9nes y por qu\u00e9 asesinan a defensores comunitarios de derechos en Guatemala? - Ollantay Itzamn\u00e1","og_description":"&#8230; los predadores de defensores de derechos, ante el fracaso de sus t\u00e1cticas y estrategias de ataque medi\u00e1tico y legal previos, est\u00e1n migrando de la difamaci\u00f3n\/criminalizaci\u00f3n, hacia la eliminaci\u00f3n f\u00edsica selectiva de defensores para frenar procesos de acciones de resistencia en las comunidades.","og_url":"https:\/\/ollantayitzamna.com\/?p=577","og_site_name":"Ollantay Itzamn\u00e1","article_published_time":"2018-06-16T04:45:20+00:00","article_modified_time":"2025-07-04T00:58:52+00:00","og_image":[{"url":"https:\/\/i0.wp.com\/ollantayitzamna.com\/wp-content\/uploads\/2018\/06\/dscf2275.jpg?fit=800%2C533&ssl=1","width":800,"height":533,"type":"image\/jpeg"}],"author":"ollantayitzamna","twitter_card":"summary_large_image","twitter_misc":{"Escrito por":"ollantayitzamna","Tiempo de lectura":"5 minutos"},"schema":{"@context":"https:\/\/schema.org","@graph":[{"@type":"Article","@id":"https:\/\/ollantayitzamna.com\/?p=577#article","isPartOf":{"@id":"https:\/\/ollantayitzamna.com\/?p=577"},"author":{"name":"ollantayitzamna","@id":"https:\/\/ollantayitzamna.com\/#\/schema\/person\/d7d683451f51a71c7d7c6b4b70437092"},"headline":"\u00bfQui\u00e9nes y por qu\u00e9 asesinan a defensores comunitarios de derechos en Guatemala?","datePublished":"2018-06-16T04:45:20+00:00","dateModified":"2025-07-04T00:58:52+00:00","mainEntityOfPage":{"@id":"https:\/\/ollantayitzamna.com\/?p=577"},"wordCount":1091,"commentCount":1,"image":{"@id":"https:\/\/ollantayitzamna.com\/?p=577#primaryimage"},"thumbnailUrl":"https:\/\/i0.wp.com\/ollantayitzamna.com\/wp-content\/uploads\/2018\/06\/dscf2275.jpg?fit=4608%2C3072&ssl=1","keywords":["asesinatos","CCDA","Defensores comunitarios. CODECA","Guatemala"],"articleSection":["Comunalidad"],"inLanguage":"es","potentialAction":[{"@type":"CommentAction","name":"Comment","target":["https:\/\/ollantayitzamna.com\/?p=577#respond"]}]},{"@type":"WebPage","@id":"https:\/\/ollantayitzamna.com\/?p=577","url":"https:\/\/ollantayitzamna.com\/?p=577","name":"\u00bfQui\u00e9nes y por qu\u00e9 asesinan a defensores comunitarios de derechos en Guatemala? - Ollantay Itzamn\u00e1","isPartOf":{"@id":"https:\/\/ollantayitzamna.com\/#website"},"primaryImageOfPage":{"@id":"https:\/\/ollantayitzamna.com\/?p=577#primaryimage"},"image":{"@id":"https:\/\/ollantayitzamna.com\/?p=577#primaryimage"},"thumbnailUrl":"https:\/\/i0.wp.com\/ollantayitzamna.com\/wp-content\/uploads\/2018\/06\/dscf2275.jpg?fit=4608%2C3072&ssl=1","datePublished":"2018-06-16T04:45:20+00:00","dateModified":"2025-07-04T00:58:52+00:00","author":{"@id":"https:\/\/ollantayitzamna.com\/#\/schema\/person\/d7d683451f51a71c7d7c6b4b70437092"},"breadcrumb":{"@id":"https:\/\/ollantayitzamna.com\/?p=577#breadcrumb"},"inLanguage":"es","potentialAction":[{"@type":"ReadAction","target":["https:\/\/ollantayitzamna.com\/?p=577"]}]},{"@type":"ImageObject","inLanguage":"es","@id":"https:\/\/ollantayitzamna.com\/?p=577#primaryimage","url":"https:\/\/i0.wp.com\/ollantayitzamna.com\/wp-content\/uploads\/2018\/06\/dscf2275.jpg?fit=4608%2C3072&ssl=1","contentUrl":"https:\/\/i0.wp.com\/ollantayitzamna.com\/wp-content\/uploads\/2018\/06\/dscf2275.jpg?fit=4608%2C3072&ssl=1","width":4608,"height":3072,"caption":"Sepelio de Francisco Mungu\u00eda. Jalapa. O.I"},{"@type":"BreadcrumbList","@id":"https:\/\/ollantayitzamna.com\/?p=577#breadcrumb","itemListElement":[{"@type":"ListItem","position":1,"name":"Portada","item":"https:\/\/ollantayitzamna.com\/"},{"@type":"ListItem","position":2,"name":"\u00bfQui\u00e9nes y por qu\u00e9 asesinan a defensores comunitarios de derechos en Guatemala?"}]},{"@type":"WebSite","@id":"https:\/\/ollantayitzamna.com\/#website","url":"https:\/\/ollantayitzamna.com\/","name":"Ollantay Itzamn\u00e1","description":"Susurros del silencio","potentialAction":[{"@type":"SearchAction","target":{"@type":"EntryPoint","urlTemplate":"https:\/\/ollantayitzamna.com\/?s={search_term_string}"},"query-input":{"@type":"PropertyValueSpecification","valueRequired":true,"valueName":"search_term_string"}}],"inLanguage":"es"},{"@type":"Person","@id":"https:\/\/ollantayitzamna.com\/#\/schema\/person\/d7d683451f51a71c7d7c6b4b70437092","name":"ollantayitzamna","image":{"@type":"ImageObject","inLanguage":"es","@id":"https:\/\/secure.gravatar.com\/avatar\/576387c53cc1a5ef704abf20408627fa3cb969d3f33355a576a2b20d65397362?s=96&d=identicon&r=g","url":"https:\/\/secure.gravatar.com\/avatar\/576387c53cc1a5ef704abf20408627fa3cb969d3f33355a576a2b20d65397362?s=96&d=identicon&r=g","contentUrl":"https:\/\/secure.gravatar.com\/avatar\/576387c53cc1a5ef704abf20408627fa3cb969d3f33355a576a2b20d65397362?s=96&d=identicon&r=g","caption":"ollantayitzamna"},"description":"Soy Tierra que siente, que llora, que ama, que conspira, que sue\u00f1a. Soy wawa (criatura) de la Pachamama.","sameAs":["http:\/\/ollantayitzamna.com"],"url":"https:\/\/ollantayitzamna.com\/?author=95365428"}]}},"jetpack_publicize_connections":[],"jetpack_likes_enabled":true,"jetpack_sharing_enabled":true,"jetpack_featured_media_url":"https:\/\/i0.wp.com\/ollantayitzamna.com\/wp-content\/uploads\/2018\/06\/dscf2275.jpg?fit=4608%2C3072&ssl=1","_links":{"self":[{"href":"https:\/\/ollantayitzamna.com\/index.php?rest_route=\/wp\/v2\/posts\/577","targetHints":{"allow":["GET"]}}],"collection":[{"href":"https:\/\/ollantayitzamna.com\/index.php?rest_route=\/wp\/v2\/posts"}],"about":[{"href":"https:\/\/ollantayitzamna.com\/index.php?rest_route=\/wp\/v2\/types\/post"}],"author":[{"embeddable":true,"href":"https:\/\/ollantayitzamna.com\/index.php?rest_route=\/wp\/v2\/users\/95365428"}],"replies":[{"embeddable":true,"href":"https:\/\/ollantayitzamna.com\/index.php?rest_route=%2Fwp%2Fv2%2Fcomments&post=577"}],"version-history":[{"count":2,"href":"https:\/\/ollantayitzamna.com\/index.php?rest_route=\/wp\/v2\/posts\/577\/revisions"}],"predecessor-version":[{"id":586,"href":"https:\/\/ollantayitzamna.com\/index.php?rest_route=\/wp\/v2\/posts\/577\/revisions\/586"}],"wp:featuredmedia":[{"embeddable":true,"href":"https:\/\/ollantayitzamna.com\/index.php?rest_route=\/wp\/v2\/media\/582"}],"wp:attachment":[{"href":"https:\/\/ollantayitzamna.com\/index.php?rest_route=%2Fwp%2Fv2%2Fmedia&parent=577"}],"wp:term":[{"taxonomy":"category","embeddable":true,"href":"https:\/\/ollantayitzamna.com\/index.php?rest_route=%2Fwp%2Fv2%2Fcategories&post=577"},{"taxonomy":"post_tag","embeddable":true,"href":"https:\/\/ollantayitzamna.com\/index.php?rest_route=%2Fwp%2Fv2%2Ftags&post=577"}],"curies":[{"name":"wp","href":"https:\/\/api.w.org\/{rel}","templated":true}]}}