{"id":6067,"date":"2025-07-11T13:07:27","date_gmt":"2025-07-11T19:07:27","guid":{"rendered":"https:\/\/ollantayitzamna.com\/?p=6067"},"modified":"2025-07-11T21:16:45","modified_gmt":"2025-07-12T03:16:45","slug":"un-hito-juridico-la-corte-interamericana-de-derechos-humanos-cidh-reconoce-a-la-madre-tierra-y-a-sus-componentes-de-como-sujetos-de-derechos","status":"publish","type":"post","link":"https:\/\/ollantayitzamna.com\/?p=6067","title":{"rendered":"Un Hito Jur\u00eddico: La Corte Interamericana de Derechos Humanos (CIDH) RECONOCE A LA MADRE TIERRA Y A SUS COMPONENTES DE COMO SUJETOS DE DERECHOS"},"content":{"rendered":"<div id=\"model-response-message-contentr_d044d1cb886f6f75\" class=\"markdown markdown-main-panel enable-updated-hr-color\" dir=\"ltr\">\n<p><strong><img data-recalc-dims=\"1\" fetchpriority=\"high\" decoding=\"async\" data-attachment-id=\"6071\" data-permalink=\"https:\/\/ollantayitzamna.com\/?attachment_id=6071\" data-orig-file=\"https:\/\/i0.wp.com\/ollantayitzamna.com\/wp-content\/uploads\/2025\/07\/Presentacion-trabajo-escolar-plante-tierra-moderno-azul-y-blanco.jpg?fit=1920%2C1080&amp;ssl=1\" data-orig-size=\"1920,1080\" data-comments-opened=\"1\" data-image-meta=\"{&quot;aperture&quot;:&quot;0&quot;,&quot;credit&quot;:&quot;&quot;,&quot;camera&quot;:&quot;&quot;,&quot;caption&quot;:&quot;&quot;,&quot;created_timestamp&quot;:&quot;0&quot;,&quot;copyright&quot;:&quot;&quot;,&quot;focal_length&quot;:&quot;0&quot;,&quot;iso&quot;:&quot;0&quot;,&quot;shutter_speed&quot;:&quot;0&quot;,&quot;title&quot;:&quot;&quot;,&quot;orientation&quot;:&quot;1&quot;}\" data-image-title=\"Presentacion trabajo escolar plante tierra moderno azul y blanco\" data-image-description=\"\" data-image-caption=\"\" data-large-file=\"https:\/\/i0.wp.com\/ollantayitzamna.com\/wp-content\/uploads\/2025\/07\/Presentacion-trabajo-escolar-plante-tierra-moderno-azul-y-blanco.jpg?fit=800%2C450&amp;ssl=1\" class=\"aligncenter size-full wp-image-6071\" src=\"https:\/\/i0.wp.com\/ollantayitzamna.com\/wp-content\/uploads\/2025\/07\/Presentacion-trabajo-escolar-plante-tierra-moderno-azul-y-blanco.jpg?resize=800%2C450&#038;ssl=1\" alt=\"\" width=\"800\" height=\"450\" srcset=\"https:\/\/i0.wp.com\/ollantayitzamna.com\/wp-content\/uploads\/2025\/07\/Presentacion-trabajo-escolar-plante-tierra-moderno-azul-y-blanco.jpg?w=1920&amp;ssl=1 1920w, https:\/\/i0.wp.com\/ollantayitzamna.com\/wp-content\/uploads\/2025\/07\/Presentacion-trabajo-escolar-plante-tierra-moderno-azul-y-blanco.jpg?resize=300%2C169&amp;ssl=1 300w, https:\/\/i0.wp.com\/ollantayitzamna.com\/wp-content\/uploads\/2025\/07\/Presentacion-trabajo-escolar-plante-tierra-moderno-azul-y-blanco.jpg?resize=1024%2C576&amp;ssl=1 1024w, https:\/\/i0.wp.com\/ollantayitzamna.com\/wp-content\/uploads\/2025\/07\/Presentacion-trabajo-escolar-plante-tierra-moderno-azul-y-blanco.jpg?resize=150%2C84&amp;ssl=1 150w, https:\/\/i0.wp.com\/ollantayitzamna.com\/wp-content\/uploads\/2025\/07\/Presentacion-trabajo-escolar-plante-tierra-moderno-azul-y-blanco.jpg?resize=768%2C432&amp;ssl=1 768w, https:\/\/i0.wp.com\/ollantayitzamna.com\/wp-content\/uploads\/2025\/07\/Presentacion-trabajo-escolar-plante-tierra-moderno-azul-y-blanco.jpg?resize=1536%2C864&amp;ssl=1 1536w, https:\/\/i0.wp.com\/ollantayitzamna.com\/wp-content\/uploads\/2025\/07\/Presentacion-trabajo-escolar-plante-tierra-moderno-azul-y-blanco.jpg?resize=900%2C506&amp;ssl=1 900w, https:\/\/i0.wp.com\/ollantayitzamna.com\/wp-content\/uploads\/2025\/07\/Presentacion-trabajo-escolar-plante-tierra-moderno-azul-y-blanco.jpg?resize=1280%2C720&amp;ssl=1 1280w, https:\/\/i0.wp.com\/ollantayitzamna.com\/wp-content\/uploads\/2025\/07\/Presentacion-trabajo-escolar-plante-tierra-moderno-azul-y-blanco.jpg?w=1600&amp;ssl=1 1600w\" sizes=\"(max-width: 800px) 100vw, 800px\" \/>La Opini\u00f3n Consultiva OC-32\/25 de la Corte Interamericana de Derechos Humanos (CIDH) marca un punto de inflexi\u00f3n en la historia del derecho internacional. <em>Por primera vez, un tribunal internacional supera la tradicional visi\u00f3n antropoc\u00e9ntrica, que sit\u00faa al ser humano como \u00fanico centro de protecci\u00f3n jur\u00eddica, para reconocer a la Naturaleza y a sus componentes como verdaderos sujetos de derechos. Esta decisi\u00f3n no solo es paradigm\u00e1tica, sino que establece una hoja de ruta para una nueva era de justicia ambiental y coexistencia planetaria.<\/em><\/strong><\/p>\n<p><!--more--><span class=\"citation-23\">El pronunciamiento de la Corte, emitido en respuesta a una consulta de Chile y Colombia sobre la emergencia clim\u00e1tica<\/span><span class=\"citation-22\">, establece que el derecho a un ambiente sano, protegido por la Convenci\u00f3n Americana, es aut\u00f3nomo y defiende los componentes del medio ambiente \u2014como bosques, r\u00edos y mares\u2014 por su valor intr\u00ednseco<\/span>. <span class=\"citation-21\">Se trata de proteger a la Naturaleza no solo por su utilidad para el ser humano, sino por su importancia fundamental para la existencia de todas las formas de vida<\/span>. <span class=\"citation-20\">La Corte subraya que este reconocimiento es crucial para consolidar un modelo de bienestar integral sostenible que respete los l\u00edmites del planeta y garantice los bienes comunes para las generaciones presentes y futuras<\/span>.<\/p>\n<p>Esta opini\u00f3n tiene consecuencias directas para los Estados miembros de la Organizaci\u00f3n de los Estados Americanos (OEA). <span class=\"citation-19\">Les obliga a trascender el marco de los derechos humanos y a construir una nueva arquitectura jur\u00eddica que garantice y proteja los derechos de la Madre Tierra y de todos sus componentes<\/span>. <span class=\"citation-18\">Esto implica que los Estados no solo deben abstenerse de causar da\u00f1os ambientales significativos, sino que tienen la obligaci\u00f3n activa de adoptar medidas para la protecci\u00f3n, restauraci\u00f3n y regeneraci\u00f3n de los ecosistemas, bas\u00e1ndose en la mejor ciencia disponible y en los saberes tradicionales<\/span>.<\/p>\n<p>Este hist\u00f3rico reconocimiento impulsa a los Estados y a la sociedad civil a dise\u00f1ar y fortalecer instituciones p\u00fablicas y mecanismos de exigibilidad para el cumplimiento efectivo de estos derechos. <span class=\"citation-17\">La Corte destaca la necesidad de fortalecer el Estado de Derecho y la participaci\u00f3n ciudadana para enfrentar la emergencia clim\u00e1tica, ya que \u00abel ejercicio de la democracia facilita la preservaci\u00f3n y el manejo adecuado del medio ambiente\u00bb<\/span>. <span class=\"citation-16\">Esto abre la puerta a la creaci\u00f3n de fiscal\u00edas especializadas, defensor\u00edas de Derechos de la Madre Tierra y procedimientos judiciales que permitan a cualquier persona o comunidad exigir el respeto a los derechos de los ecosistemas<\/span>.<\/p>\n<p>Ante este nuevo paradigma, es imperativo y urgente iniciar un profundo proceso de formaci\u00f3n e informaci\u00f3n. Abogadas y abogados, defensores de derechos humanos y la ciudadan\u00eda en general debemos capacitarnos para comprender y aplicar este nuevo enfoque jur\u00eddico. La defensa de la Madre Tierra es ahora una responsabilidad compartida, que requiere del compromiso activo de todos los sectores y de los pueblos para garantizar un futuro sostenible y justo para todas las formas de Vida.<\/p>\n<\/div>\n","protected":false},"excerpt":{"rendered":"<p>La Opini\u00f3n Consultiva OC-32\/25 de la Corte Interamericana de Derechos Humanos (CIDH) marca un punto de inflexi\u00f3n en la historia del derecho internacional. Por primera vez, un tribunal internacional supera la tradicional visi\u00f3n antropoc\u00e9ntrica, que sit\u00faa al ser humano como \u00fanico centro de protecci\u00f3n jur\u00eddica, para reconocer a la Naturaleza y a sus componentes como [&hellip;]<\/p>\n","protected":false},"author":95365428,"featured_media":6071,"comment_status":"open","ping_status":"open","sticky":false,"template":"","format":"standard","meta":{"_coblocks_attr":"","_coblocks_dimensions":"","_coblocks_responsive_height":"","_coblocks_accordion_ie_support":"","_jetpack_newsletter_access":"","_jetpack_dont_email_post_to_subs":false,"_jetpack_newsletter_tier_id":0,"_jetpack_memberships_contains_paywalled_content":false,"_wpcom_ai_launchpad_first_post":false,"_jetpack_feature_clip_id":0,"_jetpack_memberships_contains_paid_content":false,"footnotes":"","jetpack_publicize_message":"{title}\n\n{excerpt}\n\n{url}","jetpack_publicize_feature_enabled":true,"jetpack_social_post_already_shared":true,"jetpack_social_options":{"image_generator_settings":{"template":"highway","default_image_id":0,"font":"","enabled":false},"version":2},"_wpas_customize_per_network":false,"jetpack_post_was_ever_published":false},"categories":[406844226],"tags":[696796419,34865452,696796420],"class_list":["post-6067","post","type-post","status-publish","format-standard","has-post-thumbnail","hentry","category-decolonialidad","tag-cidh","tag-derechos-de-la-madre-tierra","tag-sujeto-de-derechos"],"yoast_head":"<!-- This site is optimized with the Yoast SEO plugin v28.4 - https:\/\/yoast.com\/product\/yoast-seo-wordpress\/ -->\n<title>Un Hito Jur\u00eddico: La Corte Interamericana de Derechos Humanos (CIDH) RECONOCE A LA MADRE TIERRA Y A SUS COMPONENTES DE COMO SUJETOS DE DERECHOS - Ollantay Itzamn\u00e1<\/title>\n<meta name=\"robots\" content=\"index, follow, max-snippet:-1, max-image-preview:large, max-video-preview:-1\" \/>\n<link rel=\"canonical\" href=\"https:\/\/ollantayitzamna.com\/?p=6067\" \/>\n<meta property=\"og:locale\" content=\"es_ES\" \/>\n<meta property=\"og:type\" content=\"article\" \/>\n<meta property=\"og:title\" content=\"Un Hito Jur\u00eddico: La Corte Interamericana de Derechos Humanos (CIDH) RECONOCE A LA MADRE TIERRA Y A SUS COMPONENTES DE COMO SUJETOS DE DERECHOS - Ollantay Itzamn\u00e1\" \/>\n<meta property=\"og:description\" content=\"La Opini\u00f3n Consultiva OC-32\/25 de la Corte Interamericana de Derechos Humanos (CIDH) marca un punto de inflexi\u00f3n en la historia del derecho internacional. Por primera vez, un tribunal internacional supera la tradicional visi\u00f3n antropoc\u00e9ntrica, que sit\u00faa al ser humano como \u00fanico centro de protecci\u00f3n jur\u00eddica, para reconocer a la Naturaleza y a sus componentes como [&hellip;]\" \/>\n<meta property=\"og:url\" content=\"https:\/\/ollantayitzamna.com\/?p=6067\" \/>\n<meta property=\"og:site_name\" content=\"Ollantay Itzamn\u00e1\" \/>\n<meta property=\"article:published_time\" content=\"2025-07-11T19:07:27+00:00\" \/>\n<meta property=\"article:modified_time\" content=\"2025-07-12T03:16:45+00:00\" \/>\n<meta property=\"og:image\" content=\"https:\/\/i0.wp.com\/ollantayitzamna.com\/wp-content\/uploads\/2025\/07\/Presentacion-trabajo-escolar-plante-tierra-moderno-azul-y-blanco.jpg?fit=1920%2C1080&ssl=1\" \/>\n\t<meta property=\"og:image:width\" content=\"1920\" \/>\n\t<meta property=\"og:image:height\" content=\"1080\" \/>\n\t<meta property=\"og:image:type\" content=\"image\/jpeg\" \/>\n<meta name=\"author\" content=\"ollantayitzamna\" \/>\n<meta name=\"twitter:card\" content=\"summary_large_image\" \/>\n<meta name=\"twitter:label1\" content=\"Escrito por\" \/>\n\t<meta name=\"twitter:data1\" content=\"ollantayitzamna\" \/>\n\t<meta name=\"twitter:label2\" content=\"Tiempo de lectura\" \/>\n\t<meta name=\"twitter:data2\" content=\"3 minutos\" \/>\n<script type=\"application\/ld+json\" class=\"yoast-schema-graph\">{\"@context\":\"https:\\\/\\\/schema.org\",\"@graph\":[{\"@type\":\"Article\",\"@id\":\"https:\\\/\\\/ollantayitzamna.com\\\/?p=6067#article\",\"isPartOf\":{\"@id\":\"https:\\\/\\\/ollantayitzamna.com\\\/?p=6067\"},\"author\":{\"name\":\"ollantayitzamna\",\"@id\":\"https:\\\/\\\/ollantayitzamna.com\\\/#\\\/schema\\\/person\\\/d7d683451f51a71c7d7c6b4b70437092\"},\"headline\":\"Un Hito Jur\u00eddico: La Corte Interamericana de Derechos Humanos (CIDH) RECONOCE A LA MADRE TIERRA Y A SUS COMPONENTES DE COMO SUJETOS DE DERECHOS\",\"datePublished\":\"2025-07-11T19:07:27+00:00\",\"dateModified\":\"2025-07-12T03:16:45+00:00\",\"mainEntityOfPage\":{\"@id\":\"https:\\\/\\\/ollantayitzamna.com\\\/?p=6067\"},\"wordCount\":526,\"commentCount\":0,\"image\":{\"@id\":\"https:\\\/\\\/ollantayitzamna.com\\\/?p=6067#primaryimage\"},\"thumbnailUrl\":\"https:\\\/\\\/i0.wp.com\\\/ollantayitzamna.com\\\/wp-content\\\/uploads\\\/2025\\\/07\\\/Presentacion-trabajo-escolar-plante-tierra-moderno-azul-y-blanco.jpg?fit=1920%2C1080&ssl=1\",\"keywords\":[\"CIDH\",\"derechos de la Madre Tierra\",\"Sujeto de Derechos\"],\"articleSection\":[\"Decolonialidad\"],\"inLanguage\":\"es\",\"potentialAction\":[{\"@type\":\"CommentAction\",\"name\":\"Comment\",\"target\":[\"https:\\\/\\\/ollantayitzamna.com\\\/?p=6067#respond\"]}]},{\"@type\":\"WebPage\",\"@id\":\"https:\\\/\\\/ollantayitzamna.com\\\/?p=6067\",\"url\":\"https:\\\/\\\/ollantayitzamna.com\\\/?p=6067\",\"name\":\"Un Hito Jur\u00eddico: La Corte Interamericana de Derechos Humanos (CIDH) RECONOCE A LA MADRE TIERRA Y A SUS COMPONENTES DE COMO SUJETOS DE DERECHOS - Ollantay Itzamn\u00e1\",\"isPartOf\":{\"@id\":\"https:\\\/\\\/ollantayitzamna.com\\\/#website\"},\"primaryImageOfPage\":{\"@id\":\"https:\\\/\\\/ollantayitzamna.com\\\/?p=6067#primaryimage\"},\"image\":{\"@id\":\"https:\\\/\\\/ollantayitzamna.com\\\/?p=6067#primaryimage\"},\"thumbnailUrl\":\"https:\\\/\\\/i0.wp.com\\\/ollantayitzamna.com\\\/wp-content\\\/uploads\\\/2025\\\/07\\\/Presentacion-trabajo-escolar-plante-tierra-moderno-azul-y-blanco.jpg?fit=1920%2C1080&ssl=1\",\"datePublished\":\"2025-07-11T19:07:27+00:00\",\"dateModified\":\"2025-07-12T03:16:45+00:00\",\"author\":{\"@id\":\"https:\\\/\\\/ollantayitzamna.com\\\/#\\\/schema\\\/person\\\/d7d683451f51a71c7d7c6b4b70437092\"},\"breadcrumb\":{\"@id\":\"https:\\\/\\\/ollantayitzamna.com\\\/?p=6067#breadcrumb\"},\"inLanguage\":\"es\",\"potentialAction\":[{\"@type\":\"ReadAction\",\"target\":[\"https:\\\/\\\/ollantayitzamna.com\\\/?p=6067\"]}]},{\"@type\":\"ImageObject\",\"inLanguage\":\"es\",\"@id\":\"https:\\\/\\\/ollantayitzamna.com\\\/?p=6067#primaryimage\",\"url\":\"https:\\\/\\\/i0.wp.com\\\/ollantayitzamna.com\\\/wp-content\\\/uploads\\\/2025\\\/07\\\/Presentacion-trabajo-escolar-plante-tierra-moderno-azul-y-blanco.jpg?fit=1920%2C1080&ssl=1\",\"contentUrl\":\"https:\\\/\\\/i0.wp.com\\\/ollantayitzamna.com\\\/wp-content\\\/uploads\\\/2025\\\/07\\\/Presentacion-trabajo-escolar-plante-tierra-moderno-azul-y-blanco.jpg?fit=1920%2C1080&ssl=1\",\"width\":1920,\"height\":1080},{\"@type\":\"BreadcrumbList\",\"@id\":\"https:\\\/\\\/ollantayitzamna.com\\\/?p=6067#breadcrumb\",\"itemListElement\":[{\"@type\":\"ListItem\",\"position\":1,\"name\":\"Portada\",\"item\":\"https:\\\/\\\/ollantayitzamna.com\\\/\"},{\"@type\":\"ListItem\",\"position\":2,\"name\":\"Un Hito Jur\u00eddico: La Corte Interamericana de Derechos Humanos (CIDH) RECONOCE A LA MADRE TIERRA Y A SUS COMPONENTES DE COMO SUJETOS DE DERECHOS\"}]},{\"@type\":\"WebSite\",\"@id\":\"https:\\\/\\\/ollantayitzamna.com\\\/#website\",\"url\":\"https:\\\/\\\/ollantayitzamna.com\\\/\",\"name\":\"Ollantay Itzamn\u00e1\",\"description\":\"Susurros del silencio\",\"potentialAction\":[{\"@type\":\"SearchAction\",\"target\":{\"@type\":\"EntryPoint\",\"urlTemplate\":\"https:\\\/\\\/ollantayitzamna.com\\\/?s={search_term_string}\"},\"query-input\":{\"@type\":\"PropertyValueSpecification\",\"valueRequired\":true,\"valueName\":\"search_term_string\"}}],\"inLanguage\":\"es\"},{\"@type\":\"Person\",\"@id\":\"https:\\\/\\\/ollantayitzamna.com\\\/#\\\/schema\\\/person\\\/d7d683451f51a71c7d7c6b4b70437092\",\"name\":\"ollantayitzamna\",\"image\":{\"@type\":\"ImageObject\",\"inLanguage\":\"es\",\"@id\":\"https:\\\/\\\/secure.gravatar.com\\\/avatar\\\/576387c53cc1a5ef704abf20408627fa3cb969d3f33355a576a2b20d65397362?s=96&d=identicon&r=g\",\"url\":\"https:\\\/\\\/secure.gravatar.com\\\/avatar\\\/576387c53cc1a5ef704abf20408627fa3cb969d3f33355a576a2b20d65397362?s=96&d=identicon&r=g\",\"contentUrl\":\"https:\\\/\\\/secure.gravatar.com\\\/avatar\\\/576387c53cc1a5ef704abf20408627fa3cb969d3f33355a576a2b20d65397362?s=96&d=identicon&r=g\",\"caption\":\"ollantayitzamna\"},\"description\":\"Soy Tierra que siente, que llora, que ama, que conspira, que sue\u00f1a. Soy wawa (criatura) de la Pachamama.\",\"sameAs\":[\"http:\\\/\\\/ollantayitzamna.com\"],\"url\":\"https:\\\/\\\/ollantayitzamna.com\\\/?author=95365428\"}]}<\/script>\n<!-- \/ Yoast SEO plugin. -->","yoast_head_json":{"title":"Un Hito Jur\u00eddico: La Corte Interamericana de Derechos Humanos (CIDH) RECONOCE A LA MADRE TIERRA Y A SUS COMPONENTES DE COMO SUJETOS DE DERECHOS - Ollantay Itzamn\u00e1","robots":{"index":"index","follow":"follow","max-snippet":"max-snippet:-1","max-image-preview":"max-image-preview:large","max-video-preview":"max-video-preview:-1"},"canonical":"https:\/\/ollantayitzamna.com\/?p=6067","og_locale":"es_ES","og_type":"article","og_title":"Un Hito Jur\u00eddico: La Corte Interamericana de Derechos Humanos (CIDH) RECONOCE A LA MADRE TIERRA Y A SUS COMPONENTES DE COMO SUJETOS DE DERECHOS - Ollantay Itzamn\u00e1","og_description":"La Opini\u00f3n Consultiva OC-32\/25 de la Corte Interamericana de Derechos Humanos (CIDH) marca un punto de inflexi\u00f3n en la historia del derecho internacional. Por primera vez, un tribunal internacional supera la tradicional visi\u00f3n antropoc\u00e9ntrica, que sit\u00faa al ser humano como \u00fanico centro de protecci\u00f3n jur\u00eddica, para reconocer a la Naturaleza y a sus componentes como [&hellip;]","og_url":"https:\/\/ollantayitzamna.com\/?p=6067","og_site_name":"Ollantay Itzamn\u00e1","article_published_time":"2025-07-11T19:07:27+00:00","article_modified_time":"2025-07-12T03:16:45+00:00","og_image":[{"width":1920,"height":1080,"url":"https:\/\/i0.wp.com\/ollantayitzamna.com\/wp-content\/uploads\/2025\/07\/Presentacion-trabajo-escolar-plante-tierra-moderno-azul-y-blanco.jpg?fit=1920%2C1080&ssl=1","type":"image\/jpeg"}],"author":"ollantayitzamna","twitter_card":"summary_large_image","twitter_misc":{"Escrito por":"ollantayitzamna","Tiempo de lectura":"3 minutos"},"schema":{"@context":"https:\/\/schema.org","@graph":[{"@type":"Article","@id":"https:\/\/ollantayitzamna.com\/?p=6067#article","isPartOf":{"@id":"https:\/\/ollantayitzamna.com\/?p=6067"},"author":{"name":"ollantayitzamna","@id":"https:\/\/ollantayitzamna.com\/#\/schema\/person\/d7d683451f51a71c7d7c6b4b70437092"},"headline":"Un Hito Jur\u00eddico: La Corte Interamericana de Derechos Humanos (CIDH) RECONOCE A LA MADRE TIERRA Y A SUS COMPONENTES DE COMO SUJETOS DE DERECHOS","datePublished":"2025-07-11T19:07:27+00:00","dateModified":"2025-07-12T03:16:45+00:00","mainEntityOfPage":{"@id":"https:\/\/ollantayitzamna.com\/?p=6067"},"wordCount":526,"commentCount":0,"image":{"@id":"https:\/\/ollantayitzamna.com\/?p=6067#primaryimage"},"thumbnailUrl":"https:\/\/i0.wp.com\/ollantayitzamna.com\/wp-content\/uploads\/2025\/07\/Presentacion-trabajo-escolar-plante-tierra-moderno-azul-y-blanco.jpg?fit=1920%2C1080&ssl=1","keywords":["CIDH","derechos de la Madre Tierra","Sujeto de Derechos"],"articleSection":["Decolonialidad"],"inLanguage":"es","potentialAction":[{"@type":"CommentAction","name":"Comment","target":["https:\/\/ollantayitzamna.com\/?p=6067#respond"]}]},{"@type":"WebPage","@id":"https:\/\/ollantayitzamna.com\/?p=6067","url":"https:\/\/ollantayitzamna.com\/?p=6067","name":"Un Hito Jur\u00eddico: La Corte Interamericana de Derechos Humanos (CIDH) RECONOCE A LA MADRE TIERRA Y A SUS COMPONENTES DE COMO SUJETOS DE DERECHOS - Ollantay Itzamn\u00e1","isPartOf":{"@id":"https:\/\/ollantayitzamna.com\/#website"},"primaryImageOfPage":{"@id":"https:\/\/ollantayitzamna.com\/?p=6067#primaryimage"},"image":{"@id":"https:\/\/ollantayitzamna.com\/?p=6067#primaryimage"},"thumbnailUrl":"https:\/\/i0.wp.com\/ollantayitzamna.com\/wp-content\/uploads\/2025\/07\/Presentacion-trabajo-escolar-plante-tierra-moderno-azul-y-blanco.jpg?fit=1920%2C1080&ssl=1","datePublished":"2025-07-11T19:07:27+00:00","dateModified":"2025-07-12T03:16:45+00:00","author":{"@id":"https:\/\/ollantayitzamna.com\/#\/schema\/person\/d7d683451f51a71c7d7c6b4b70437092"},"breadcrumb":{"@id":"https:\/\/ollantayitzamna.com\/?p=6067#breadcrumb"},"inLanguage":"es","potentialAction":[{"@type":"ReadAction","target":["https:\/\/ollantayitzamna.com\/?p=6067"]}]},{"@type":"ImageObject","inLanguage":"es","@id":"https:\/\/ollantayitzamna.com\/?p=6067#primaryimage","url":"https:\/\/i0.wp.com\/ollantayitzamna.com\/wp-content\/uploads\/2025\/07\/Presentacion-trabajo-escolar-plante-tierra-moderno-azul-y-blanco.jpg?fit=1920%2C1080&ssl=1","contentUrl":"https:\/\/i0.wp.com\/ollantayitzamna.com\/wp-content\/uploads\/2025\/07\/Presentacion-trabajo-escolar-plante-tierra-moderno-azul-y-blanco.jpg?fit=1920%2C1080&ssl=1","width":1920,"height":1080},{"@type":"BreadcrumbList","@id":"https:\/\/ollantayitzamna.com\/?p=6067#breadcrumb","itemListElement":[{"@type":"ListItem","position":1,"name":"Portada","item":"https:\/\/ollantayitzamna.com\/"},{"@type":"ListItem","position":2,"name":"Un Hito Jur\u00eddico: La Corte Interamericana de Derechos Humanos (CIDH) RECONOCE A LA MADRE TIERRA Y A SUS COMPONENTES DE COMO SUJETOS DE DERECHOS"}]},{"@type":"WebSite","@id":"https:\/\/ollantayitzamna.com\/#website","url":"https:\/\/ollantayitzamna.com\/","name":"Ollantay Itzamn\u00e1","description":"Susurros del silencio","potentialAction":[{"@type":"SearchAction","target":{"@type":"EntryPoint","urlTemplate":"https:\/\/ollantayitzamna.com\/?s={search_term_string}"},"query-input":{"@type":"PropertyValueSpecification","valueRequired":true,"valueName":"search_term_string"}}],"inLanguage":"es"},{"@type":"Person","@id":"https:\/\/ollantayitzamna.com\/#\/schema\/person\/d7d683451f51a71c7d7c6b4b70437092","name":"ollantayitzamna","image":{"@type":"ImageObject","inLanguage":"es","@id":"https:\/\/secure.gravatar.com\/avatar\/576387c53cc1a5ef704abf20408627fa3cb969d3f33355a576a2b20d65397362?s=96&d=identicon&r=g","url":"https:\/\/secure.gravatar.com\/avatar\/576387c53cc1a5ef704abf20408627fa3cb969d3f33355a576a2b20d65397362?s=96&d=identicon&r=g","contentUrl":"https:\/\/secure.gravatar.com\/avatar\/576387c53cc1a5ef704abf20408627fa3cb969d3f33355a576a2b20d65397362?s=96&d=identicon&r=g","caption":"ollantayitzamna"},"description":"Soy Tierra que siente, que llora, que ama, que conspira, que sue\u00f1a. Soy wawa (criatura) de la Pachamama.","sameAs":["http:\/\/ollantayitzamna.com"],"url":"https:\/\/ollantayitzamna.com\/?author=95365428"}]}},"jetpack_publicize_connections":[],"jetpack_likes_enabled":true,"jetpack_sharing_enabled":true,"jetpack_featured_media_url":"https:\/\/i0.wp.com\/ollantayitzamna.com\/wp-content\/uploads\/2025\/07\/Presentacion-trabajo-escolar-plante-tierra-moderno-azul-y-blanco.jpg?fit=1920%2C1080&ssl=1","_links":{"self":[{"href":"https:\/\/ollantayitzamna.com\/index.php?rest_route=\/wp\/v2\/posts\/6067","targetHints":{"allow":["GET"]}}],"collection":[{"href":"https:\/\/ollantayitzamna.com\/index.php?rest_route=\/wp\/v2\/posts"}],"about":[{"href":"https:\/\/ollantayitzamna.com\/index.php?rest_route=\/wp\/v2\/types\/post"}],"author":[{"embeddable":true,"href":"https:\/\/ollantayitzamna.com\/index.php?rest_route=\/wp\/v2\/users\/95365428"}],"replies":[{"embeddable":true,"href":"https:\/\/ollantayitzamna.com\/index.php?rest_route=%2Fwp%2Fv2%2Fcomments&post=6067"}],"version-history":[{"count":6,"href":"https:\/\/ollantayitzamna.com\/index.php?rest_route=\/wp\/v2\/posts\/6067\/revisions"}],"predecessor-version":[{"id":6083,"href":"https:\/\/ollantayitzamna.com\/index.php?rest_route=\/wp\/v2\/posts\/6067\/revisions\/6083"}],"wp:featuredmedia":[{"embeddable":true,"href":"https:\/\/ollantayitzamna.com\/index.php?rest_route=\/wp\/v2\/media\/6071"}],"wp:attachment":[{"href":"https:\/\/ollantayitzamna.com\/index.php?rest_route=%2Fwp%2Fv2%2Fmedia&parent=6067"}],"wp:term":[{"taxonomy":"category","embeddable":true,"href":"https:\/\/ollantayitzamna.com\/index.php?rest_route=%2Fwp%2Fv2%2Fcategories&post=6067"},{"taxonomy":"post_tag","embeddable":true,"href":"https:\/\/ollantayitzamna.com\/index.php?rest_route=%2Fwp%2Fv2%2Ftags&post=6067"}],"curies":[{"name":"wp","href":"https:\/\/api.w.org\/{rel}","templated":true}]}}