{"id":6209,"date":"2025-07-16T22:55:20","date_gmt":"2025-07-17T04:55:20","guid":{"rendered":"https:\/\/ollantayitzamna.com\/?p=6209"},"modified":"2025-07-16T22:55:20","modified_gmt":"2025-07-17T04:55:20","slug":"justicia-internacional-mas-que-urgente-ante-un-genocidio-en-curso","status":"publish","type":"post","link":"https:\/\/ollantayitzamna.com\/?p=6209","title":{"rendered":"JUSTICIA INTERNACIONAL m\u00e1s que URGENTE ante un GENOCIDIO en curso"},"content":{"rendered":"<div id=\"model-response-message-contentr_dbf8560e502af8d3\" class=\"markdown markdown-main-panel enable-updated-hr-color\" dir=\"ltr\">\n<p><strong><img data-recalc-dims=\"1\" fetchpriority=\"high\" decoding=\"async\" data-attachment-id=\"6211\" data-permalink=\"https:\/\/ollantayitzamna.com\/?attachment_id=6211\" data-orig-file=\"https:\/\/i0.wp.com\/ollantayitzamna.com\/wp-content\/uploads\/2025\/07\/Black-Modern-Jurisprudence-Youtube-Thumbnail-.jpg?fit=1280%2C720&amp;ssl=1\" data-orig-size=\"1280,720\" data-comments-opened=\"1\" data-image-meta=\"{&quot;aperture&quot;:&quot;0&quot;,&quot;credit&quot;:&quot;&quot;,&quot;camera&quot;:&quot;&quot;,&quot;caption&quot;:&quot;&quot;,&quot;created_timestamp&quot;:&quot;0&quot;,&quot;copyright&quot;:&quot;&quot;,&quot;focal_length&quot;:&quot;0&quot;,&quot;iso&quot;:&quot;0&quot;,&quot;shutter_speed&quot;:&quot;0&quot;,&quot;title&quot;:&quot;&quot;,&quot;orientation&quot;:&quot;1&quot;}\" data-image-title=\"Black Modern Jurisprudence Youtube Thumbnail\" data-image-description=\"\" data-image-caption=\"\" data-large-file=\"https:\/\/i0.wp.com\/ollantayitzamna.com\/wp-content\/uploads\/2025\/07\/Black-Modern-Jurisprudence-Youtube-Thumbnail-.jpg?fit=800%2C450&amp;ssl=1\" class=\"aligncenter size-full wp-image-6211\" src=\"https:\/\/i0.wp.com\/ollantayitzamna.com\/wp-content\/uploads\/2025\/07\/Black-Modern-Jurisprudence-Youtube-Thumbnail-.jpg?resize=800%2C450&#038;ssl=1\" alt=\"\" width=\"800\" height=\"450\" srcset=\"https:\/\/i0.wp.com\/ollantayitzamna.com\/wp-content\/uploads\/2025\/07\/Black-Modern-Jurisprudence-Youtube-Thumbnail-.jpg?w=1280&amp;ssl=1 1280w, https:\/\/i0.wp.com\/ollantayitzamna.com\/wp-content\/uploads\/2025\/07\/Black-Modern-Jurisprudence-Youtube-Thumbnail-.jpg?resize=300%2C169&amp;ssl=1 300w, https:\/\/i0.wp.com\/ollantayitzamna.com\/wp-content\/uploads\/2025\/07\/Black-Modern-Jurisprudence-Youtube-Thumbnail-.jpg?resize=1024%2C576&amp;ssl=1 1024w, https:\/\/i0.wp.com\/ollantayitzamna.com\/wp-content\/uploads\/2025\/07\/Black-Modern-Jurisprudence-Youtube-Thumbnail-.jpg?resize=150%2C84&amp;ssl=1 150w, https:\/\/i0.wp.com\/ollantayitzamna.com\/wp-content\/uploads\/2025\/07\/Black-Modern-Jurisprudence-Youtube-Thumbnail-.jpg?resize=768%2C432&amp;ssl=1 768w, https:\/\/i0.wp.com\/ollantayitzamna.com\/wp-content\/uploads\/2025\/07\/Black-Modern-Jurisprudence-Youtube-Thumbnail-.jpg?resize=900%2C506&amp;ssl=1 900w\" sizes=\"(max-width: 800px) 100vw, 800px\" \/>El 17 de julio se celebra el D\u00eda Mundial de la Justicia Internacional, una fecha que nos invita a reflexionar sobre la importancia de la justicia global y el papel fundamental de las instituciones que la garantizan. Este d\u00eda conmemora la adopci\u00f3n del Estatuto de Roma en 1998, el tratado fundacional de la Corte Penal Internacional (CPI).<\/strong><\/p>\n<p><!--more-->La historia de la justicia internacional es compleja y se remonta a los albores del siglo XX. La <b>Corte Internacional de Justicia (CIJ)<\/b>, establecida en 1945 como el principal \u00f3rgano judicial de las Naciones Unidas, ha sido un pilar en la resoluci\u00f3n pac\u00edfica de disputas entre estados. Entre sus casos m\u00e1s emblem\u00e1ticos se encuentran el asunto de la Plataforma Continental (Libia c. Malta) y el caso Nicaragua c. Estados Unidos, donde la CIJ dictamin\u00f3 sobre el uso de la fuerza y la intervenci\u00f3n en asuntos internos de otros estados.<\/p>\n<p>Por otro lado, la <b>Corte Penal Internacional (CPI)<\/b>, inaugurada en 2002, representa un hito crucial en la lucha contra la impunidad por los cr\u00edmenes m\u00e1s atroces: genocidio, cr\u00edmenes de lesa humanidad, cr\u00edmenes de guerra y el crimen de agresi\u00f3n. La CPI ha llevado a cabo sentencias hist\u00f3ricas, como la condena a Thomas Lubanga Dyilo por el reclutamiento de ni\u00f1os soldados en la Rep\u00fablica Democr\u00e1tica del Congo, y la de Jean-Pierre Bemba Gombo por cr\u00edmenes de guerra y lesa humanidad. Estos fallos, aunque a menudo desafiantes, env\u00edan un mensaje claro de que no habr\u00e1 paz para quienes cometen tales atrocidades.<\/p>\n<p>En el contexto actual, la necesidad de respaldar la justicia internacional es m\u00e1s urgente que nunca. Nos enfrentamos a un panorama de crecientes conflictos armados, donde las leyes y normas internacionales son desafiadas constantemente. Las guerras internacionales, con su devastador impacto en la poblaci\u00f3n civil, exigen una rendici\u00f3n de cuentas rigurosa. En este escenario, la situaci\u00f3n en Palestina, donde se observan actos que la comunidad internacional y diversos expertos jur\u00eddicos califican como genocidio por parte de Israel, resalta la imperiosa necesidad de una intervenci\u00f3n judicial imparcial y decidida. La inacci\u00f3n o la politizaci\u00f3n de la justicia en estos casos solo socavan la credibilidad de las instituciones y perpet\u00faan el sufrimiento.<\/p>\n<p>Asimismo, la \u00abbravuconada\u00bb de algunos gobiernos, como el de Estados Unidos, que en ocasiones parece ignorar o incluso desafiar los principios b\u00e1sicos de la convivencia pac\u00edfica internacional y los derechos humanos, representa una amenaza directa al orden jur\u00eddico global. La unilateralidad y el desprecio por las normas internacionales minan la confianza en el sistema y debilitan los mecanismos dise\u00f1ados para prevenir conflictos y proteger a las poblaciones vulnerables.<\/p>\n<p>En este D\u00eda Mundial de la Justicia Internacional, es fundamental reafirmar nuestro compromiso con un orden mundial basado en el derecho y la justicia. El apoyo a la CIJ y la CPI, as\u00ed como el respeto irrestricto a sus decisiones, no es solo una cuesti\u00f3n de principios, sino una necesidad pragm\u00e1tica para la construcci\u00f3n de un mundo m\u00e1s justo, pac\u00edfico y seguro para todos. La impunidad nunca debe ser una opci\u00f3n.<\/p>\n<\/div>\n","protected":false},"excerpt":{"rendered":"<p>El 17 de julio se celebra el D\u00eda Mundial de la Justicia Internacional, una fecha que nos invita a reflexionar sobre la importancia de la justicia global y el papel fundamental de las instituciones que la garantizan. Este d\u00eda conmemora la adopci\u00f3n del Estatuto de Roma en 1998, el tratado fundacional de la Corte Penal [&hellip;]<\/p>\n","protected":false},"author":95365428,"featured_media":6211,"comment_status":"open","ping_status":"open","sticky":false,"template":"","format":"standard","meta":{"_coblocks_attr":"","_coblocks_dimensions":"","_coblocks_responsive_height":"","_coblocks_accordion_ie_support":"","_jetpack_newsletter_access":"","_jetpack_dont_email_post_to_subs":false,"_jetpack_newsletter_tier_id":0,"_jetpack_memberships_contains_paywalled_content":false,"_wpcom_ai_launchpad_first_post":false,"_jetpack_feature_clip_id":0,"_jetpack_memberships_contains_paid_content":false,"footnotes":"","jetpack_publicize_message":"{title}\n\n{excerpt}\n\n{url}","jetpack_publicize_feature_enabled":true,"jetpack_social_post_already_shared":true,"jetpack_social_options":{"image_generator_settings":{"template":"highway","default_image_id":0,"font":"","enabled":false},"version":2},"_wpas_customize_per_network":false,"jetpack_post_was_ever_published":false},"categories":[696795897],"tags":[696796433,696796432,696796242,696796434],"class_list":["post-6209","post","type-post","status-publish","format-standard","has-post-thumbnail","hentry","category-buen-vivir","tag-cij","tag-cpi","tag-genocidio","tag-justicia-internacional"],"yoast_head":"<!-- This site is optimized with the Yoast SEO plugin v28.4 - https:\/\/yoast.com\/product\/yoast-seo-wordpress\/ -->\n<title>JUSTICIA INTERNACIONAL m\u00e1s que URGENTE ante un GENOCIDIO en curso - Ollantay Itzamn\u00e1<\/title>\n<meta name=\"robots\" content=\"index, follow, max-snippet:-1, max-image-preview:large, max-video-preview:-1\" \/>\n<link rel=\"canonical\" href=\"https:\/\/ollantayitzamna.com\/?p=6209\" \/>\n<meta property=\"og:locale\" content=\"es_ES\" \/>\n<meta property=\"og:type\" content=\"article\" \/>\n<meta property=\"og:title\" content=\"JUSTICIA INTERNACIONAL m\u00e1s que URGENTE ante un GENOCIDIO en curso - Ollantay Itzamn\u00e1\" \/>\n<meta property=\"og:description\" content=\"El 17 de julio se celebra el D\u00eda Mundial de la Justicia Internacional, una fecha que nos invita a reflexionar sobre la importancia de la justicia global y el papel fundamental de las instituciones que la garantizan. Este d\u00eda conmemora la adopci\u00f3n del Estatuto de Roma en 1998, el tratado fundacional de la Corte Penal [&hellip;]\" \/>\n<meta property=\"og:url\" content=\"https:\/\/ollantayitzamna.com\/?p=6209\" \/>\n<meta property=\"og:site_name\" content=\"Ollantay Itzamn\u00e1\" \/>\n<meta property=\"article:published_time\" content=\"2025-07-17T04:55:20+00:00\" \/>\n<meta property=\"og:image\" content=\"https:\/\/i0.wp.com\/ollantayitzamna.com\/wp-content\/uploads\/2025\/07\/Black-Modern-Jurisprudence-Youtube-Thumbnail-.jpg?fit=1280%2C720&ssl=1\" \/>\n\t<meta property=\"og:image:width\" content=\"1280\" \/>\n\t<meta property=\"og:image:height\" content=\"720\" \/>\n\t<meta property=\"og:image:type\" content=\"image\/jpeg\" \/>\n<meta name=\"author\" content=\"ollantayitzamna\" \/>\n<meta name=\"twitter:card\" content=\"summary_large_image\" \/>\n<meta name=\"twitter:label1\" content=\"Escrito por\" \/>\n\t<meta name=\"twitter:data1\" content=\"ollantayitzamna\" \/>\n\t<meta name=\"twitter:label2\" content=\"Tiempo de lectura\" \/>\n\t<meta name=\"twitter:data2\" content=\"3 minutos\" \/>\n<script type=\"application\/ld+json\" class=\"yoast-schema-graph\">{\"@context\":\"https:\\\/\\\/schema.org\",\"@graph\":[{\"@type\":\"Article\",\"@id\":\"https:\\\/\\\/ollantayitzamna.com\\\/?p=6209#article\",\"isPartOf\":{\"@id\":\"https:\\\/\\\/ollantayitzamna.com\\\/?p=6209\"},\"author\":{\"name\":\"ollantayitzamna\",\"@id\":\"https:\\\/\\\/ollantayitzamna.com\\\/#\\\/schema\\\/person\\\/d7d683451f51a71c7d7c6b4b70437092\"},\"headline\":\"JUSTICIA INTERNACIONAL m\u00e1s que URGENTE ante un GENOCIDIO en curso\",\"datePublished\":\"2025-07-17T04:55:20+00:00\",\"mainEntityOfPage\":{\"@id\":\"https:\\\/\\\/ollantayitzamna.com\\\/?p=6209\"},\"wordCount\":540,\"commentCount\":0,\"image\":{\"@id\":\"https:\\\/\\\/ollantayitzamna.com\\\/?p=6209#primaryimage\"},\"thumbnailUrl\":\"https:\\\/\\\/i0.wp.com\\\/ollantayitzamna.com\\\/wp-content\\\/uploads\\\/2025\\\/07\\\/Black-Modern-Jurisprudence-Youtube-Thumbnail-.jpg?fit=1280%2C720&ssl=1\",\"keywords\":[\"CIJ\",\"CPI\",\"genocidio\",\"Justicia Internacional\"],\"articleSection\":[\"Buen Vivir\"],\"inLanguage\":\"es\",\"potentialAction\":[{\"@type\":\"CommentAction\",\"name\":\"Comment\",\"target\":[\"https:\\\/\\\/ollantayitzamna.com\\\/?p=6209#respond\"]}]},{\"@type\":\"WebPage\",\"@id\":\"https:\\\/\\\/ollantayitzamna.com\\\/?p=6209\",\"url\":\"https:\\\/\\\/ollantayitzamna.com\\\/?p=6209\",\"name\":\"JUSTICIA INTERNACIONAL m\u00e1s que URGENTE ante un GENOCIDIO en curso - Ollantay Itzamn\u00e1\",\"isPartOf\":{\"@id\":\"https:\\\/\\\/ollantayitzamna.com\\\/#website\"},\"primaryImageOfPage\":{\"@id\":\"https:\\\/\\\/ollantayitzamna.com\\\/?p=6209#primaryimage\"},\"image\":{\"@id\":\"https:\\\/\\\/ollantayitzamna.com\\\/?p=6209#primaryimage\"},\"thumbnailUrl\":\"https:\\\/\\\/i0.wp.com\\\/ollantayitzamna.com\\\/wp-content\\\/uploads\\\/2025\\\/07\\\/Black-Modern-Jurisprudence-Youtube-Thumbnail-.jpg?fit=1280%2C720&ssl=1\",\"datePublished\":\"2025-07-17T04:55:20+00:00\",\"author\":{\"@id\":\"https:\\\/\\\/ollantayitzamna.com\\\/#\\\/schema\\\/person\\\/d7d683451f51a71c7d7c6b4b70437092\"},\"breadcrumb\":{\"@id\":\"https:\\\/\\\/ollantayitzamna.com\\\/?p=6209#breadcrumb\"},\"inLanguage\":\"es\",\"potentialAction\":[{\"@type\":\"ReadAction\",\"target\":[\"https:\\\/\\\/ollantayitzamna.com\\\/?p=6209\"]}]},{\"@type\":\"ImageObject\",\"inLanguage\":\"es\",\"@id\":\"https:\\\/\\\/ollantayitzamna.com\\\/?p=6209#primaryimage\",\"url\":\"https:\\\/\\\/i0.wp.com\\\/ollantayitzamna.com\\\/wp-content\\\/uploads\\\/2025\\\/07\\\/Black-Modern-Jurisprudence-Youtube-Thumbnail-.jpg?fit=1280%2C720&ssl=1\",\"contentUrl\":\"https:\\\/\\\/i0.wp.com\\\/ollantayitzamna.com\\\/wp-content\\\/uploads\\\/2025\\\/07\\\/Black-Modern-Jurisprudence-Youtube-Thumbnail-.jpg?fit=1280%2C720&ssl=1\",\"width\":1280,\"height\":720},{\"@type\":\"BreadcrumbList\",\"@id\":\"https:\\\/\\\/ollantayitzamna.com\\\/?p=6209#breadcrumb\",\"itemListElement\":[{\"@type\":\"ListItem\",\"position\":1,\"name\":\"Portada\",\"item\":\"https:\\\/\\\/ollantayitzamna.com\\\/\"},{\"@type\":\"ListItem\",\"position\":2,\"name\":\"JUSTICIA INTERNACIONAL m\u00e1s que URGENTE ante un GENOCIDIO en curso\"}]},{\"@type\":\"WebSite\",\"@id\":\"https:\\\/\\\/ollantayitzamna.com\\\/#website\",\"url\":\"https:\\\/\\\/ollantayitzamna.com\\\/\",\"name\":\"Ollantay Itzamn\u00e1\",\"description\":\"Susurros del silencio\",\"potentialAction\":[{\"@type\":\"SearchAction\",\"target\":{\"@type\":\"EntryPoint\",\"urlTemplate\":\"https:\\\/\\\/ollantayitzamna.com\\\/?s={search_term_string}\"},\"query-input\":{\"@type\":\"PropertyValueSpecification\",\"valueRequired\":true,\"valueName\":\"search_term_string\"}}],\"inLanguage\":\"es\"},{\"@type\":\"Person\",\"@id\":\"https:\\\/\\\/ollantayitzamna.com\\\/#\\\/schema\\\/person\\\/d7d683451f51a71c7d7c6b4b70437092\",\"name\":\"ollantayitzamna\",\"image\":{\"@type\":\"ImageObject\",\"inLanguage\":\"es\",\"@id\":\"https:\\\/\\\/secure.gravatar.com\\\/avatar\\\/576387c53cc1a5ef704abf20408627fa3cb969d3f33355a576a2b20d65397362?s=96&d=identicon&r=g\",\"url\":\"https:\\\/\\\/secure.gravatar.com\\\/avatar\\\/576387c53cc1a5ef704abf20408627fa3cb969d3f33355a576a2b20d65397362?s=96&d=identicon&r=g\",\"contentUrl\":\"https:\\\/\\\/secure.gravatar.com\\\/avatar\\\/576387c53cc1a5ef704abf20408627fa3cb969d3f33355a576a2b20d65397362?s=96&d=identicon&r=g\",\"caption\":\"ollantayitzamna\"},\"description\":\"Soy Tierra que siente, que llora, que ama, que conspira, que sue\u00f1a. Soy wawa (criatura) de la Pachamama.\",\"sameAs\":[\"http:\\\/\\\/ollantayitzamna.com\"],\"url\":\"https:\\\/\\\/ollantayitzamna.com\\\/?author=95365428\"}]}<\/script>\n<!-- \/ Yoast SEO plugin. -->","yoast_head_json":{"title":"JUSTICIA INTERNACIONAL m\u00e1s que URGENTE ante un GENOCIDIO en curso - Ollantay Itzamn\u00e1","robots":{"index":"index","follow":"follow","max-snippet":"max-snippet:-1","max-image-preview":"max-image-preview:large","max-video-preview":"max-video-preview:-1"},"canonical":"https:\/\/ollantayitzamna.com\/?p=6209","og_locale":"es_ES","og_type":"article","og_title":"JUSTICIA INTERNACIONAL m\u00e1s que URGENTE ante un GENOCIDIO en curso - Ollantay Itzamn\u00e1","og_description":"El 17 de julio se celebra el D\u00eda Mundial de la Justicia Internacional, una fecha que nos invita a reflexionar sobre la importancia de la justicia global y el papel fundamental de las instituciones que la garantizan. Este d\u00eda conmemora la adopci\u00f3n del Estatuto de Roma en 1998, el tratado fundacional de la Corte Penal [&hellip;]","og_url":"https:\/\/ollantayitzamna.com\/?p=6209","og_site_name":"Ollantay Itzamn\u00e1","article_published_time":"2025-07-17T04:55:20+00:00","og_image":[{"width":1280,"height":720,"url":"https:\/\/i0.wp.com\/ollantayitzamna.com\/wp-content\/uploads\/2025\/07\/Black-Modern-Jurisprudence-Youtube-Thumbnail-.jpg?fit=1280%2C720&ssl=1","type":"image\/jpeg"}],"author":"ollantayitzamna","twitter_card":"summary_large_image","twitter_misc":{"Escrito por":"ollantayitzamna","Tiempo de lectura":"3 minutos"},"schema":{"@context":"https:\/\/schema.org","@graph":[{"@type":"Article","@id":"https:\/\/ollantayitzamna.com\/?p=6209#article","isPartOf":{"@id":"https:\/\/ollantayitzamna.com\/?p=6209"},"author":{"name":"ollantayitzamna","@id":"https:\/\/ollantayitzamna.com\/#\/schema\/person\/d7d683451f51a71c7d7c6b4b70437092"},"headline":"JUSTICIA INTERNACIONAL m\u00e1s que URGENTE ante un GENOCIDIO en curso","datePublished":"2025-07-17T04:55:20+00:00","mainEntityOfPage":{"@id":"https:\/\/ollantayitzamna.com\/?p=6209"},"wordCount":540,"commentCount":0,"image":{"@id":"https:\/\/ollantayitzamna.com\/?p=6209#primaryimage"},"thumbnailUrl":"https:\/\/i0.wp.com\/ollantayitzamna.com\/wp-content\/uploads\/2025\/07\/Black-Modern-Jurisprudence-Youtube-Thumbnail-.jpg?fit=1280%2C720&ssl=1","keywords":["CIJ","CPI","genocidio","Justicia Internacional"],"articleSection":["Buen Vivir"],"inLanguage":"es","potentialAction":[{"@type":"CommentAction","name":"Comment","target":["https:\/\/ollantayitzamna.com\/?p=6209#respond"]}]},{"@type":"WebPage","@id":"https:\/\/ollantayitzamna.com\/?p=6209","url":"https:\/\/ollantayitzamna.com\/?p=6209","name":"JUSTICIA INTERNACIONAL m\u00e1s que URGENTE ante un GENOCIDIO en curso - Ollantay Itzamn\u00e1","isPartOf":{"@id":"https:\/\/ollantayitzamna.com\/#website"},"primaryImageOfPage":{"@id":"https:\/\/ollantayitzamna.com\/?p=6209#primaryimage"},"image":{"@id":"https:\/\/ollantayitzamna.com\/?p=6209#primaryimage"},"thumbnailUrl":"https:\/\/i0.wp.com\/ollantayitzamna.com\/wp-content\/uploads\/2025\/07\/Black-Modern-Jurisprudence-Youtube-Thumbnail-.jpg?fit=1280%2C720&ssl=1","datePublished":"2025-07-17T04:55:20+00:00","author":{"@id":"https:\/\/ollantayitzamna.com\/#\/schema\/person\/d7d683451f51a71c7d7c6b4b70437092"},"breadcrumb":{"@id":"https:\/\/ollantayitzamna.com\/?p=6209#breadcrumb"},"inLanguage":"es","potentialAction":[{"@type":"ReadAction","target":["https:\/\/ollantayitzamna.com\/?p=6209"]}]},{"@type":"ImageObject","inLanguage":"es","@id":"https:\/\/ollantayitzamna.com\/?p=6209#primaryimage","url":"https:\/\/i0.wp.com\/ollantayitzamna.com\/wp-content\/uploads\/2025\/07\/Black-Modern-Jurisprudence-Youtube-Thumbnail-.jpg?fit=1280%2C720&ssl=1","contentUrl":"https:\/\/i0.wp.com\/ollantayitzamna.com\/wp-content\/uploads\/2025\/07\/Black-Modern-Jurisprudence-Youtube-Thumbnail-.jpg?fit=1280%2C720&ssl=1","width":1280,"height":720},{"@type":"BreadcrumbList","@id":"https:\/\/ollantayitzamna.com\/?p=6209#breadcrumb","itemListElement":[{"@type":"ListItem","position":1,"name":"Portada","item":"https:\/\/ollantayitzamna.com\/"},{"@type":"ListItem","position":2,"name":"JUSTICIA INTERNACIONAL m\u00e1s que URGENTE ante un GENOCIDIO en curso"}]},{"@type":"WebSite","@id":"https:\/\/ollantayitzamna.com\/#website","url":"https:\/\/ollantayitzamna.com\/","name":"Ollantay Itzamn\u00e1","description":"Susurros del silencio","potentialAction":[{"@type":"SearchAction","target":{"@type":"EntryPoint","urlTemplate":"https:\/\/ollantayitzamna.com\/?s={search_term_string}"},"query-input":{"@type":"PropertyValueSpecification","valueRequired":true,"valueName":"search_term_string"}}],"inLanguage":"es"},{"@type":"Person","@id":"https:\/\/ollantayitzamna.com\/#\/schema\/person\/d7d683451f51a71c7d7c6b4b70437092","name":"ollantayitzamna","image":{"@type":"ImageObject","inLanguage":"es","@id":"https:\/\/secure.gravatar.com\/avatar\/576387c53cc1a5ef704abf20408627fa3cb969d3f33355a576a2b20d65397362?s=96&d=identicon&r=g","url":"https:\/\/secure.gravatar.com\/avatar\/576387c53cc1a5ef704abf20408627fa3cb969d3f33355a576a2b20d65397362?s=96&d=identicon&r=g","contentUrl":"https:\/\/secure.gravatar.com\/avatar\/576387c53cc1a5ef704abf20408627fa3cb969d3f33355a576a2b20d65397362?s=96&d=identicon&r=g","caption":"ollantayitzamna"},"description":"Soy Tierra que siente, que llora, que ama, que conspira, que sue\u00f1a. Soy wawa (criatura) de la Pachamama.","sameAs":["http:\/\/ollantayitzamna.com"],"url":"https:\/\/ollantayitzamna.com\/?author=95365428"}]}},"jetpack_publicize_connections":[],"jetpack_likes_enabled":true,"jetpack_sharing_enabled":true,"jetpack_featured_media_url":"https:\/\/i0.wp.com\/ollantayitzamna.com\/wp-content\/uploads\/2025\/07\/Black-Modern-Jurisprudence-Youtube-Thumbnail-.jpg?fit=1280%2C720&ssl=1","_links":{"self":[{"href":"https:\/\/ollantayitzamna.com\/index.php?rest_route=\/wp\/v2\/posts\/6209","targetHints":{"allow":["GET"]}}],"collection":[{"href":"https:\/\/ollantayitzamna.com\/index.php?rest_route=\/wp\/v2\/posts"}],"about":[{"href":"https:\/\/ollantayitzamna.com\/index.php?rest_route=\/wp\/v2\/types\/post"}],"author":[{"embeddable":true,"href":"https:\/\/ollantayitzamna.com\/index.php?rest_route=\/wp\/v2\/users\/95365428"}],"replies":[{"embeddable":true,"href":"https:\/\/ollantayitzamna.com\/index.php?rest_route=%2Fwp%2Fv2%2Fcomments&post=6209"}],"version-history":[{"count":2,"href":"https:\/\/ollantayitzamna.com\/index.php?rest_route=\/wp\/v2\/posts\/6209\/revisions"}],"predecessor-version":[{"id":6212,"href":"https:\/\/ollantayitzamna.com\/index.php?rest_route=\/wp\/v2\/posts\/6209\/revisions\/6212"}],"wp:featuredmedia":[{"embeddable":true,"href":"https:\/\/ollantayitzamna.com\/index.php?rest_route=\/wp\/v2\/media\/6211"}],"wp:attachment":[{"href":"https:\/\/ollantayitzamna.com\/index.php?rest_route=%2Fwp%2Fv2%2Fmedia&parent=6209"}],"wp:term":[{"taxonomy":"category","embeddable":true,"href":"https:\/\/ollantayitzamna.com\/index.php?rest_route=%2Fwp%2Fv2%2Fcategories&post=6209"},{"taxonomy":"post_tag","embeddable":true,"href":"https:\/\/ollantayitzamna.com\/index.php?rest_route=%2Fwp%2Fv2%2Ftags&post=6209"}],"curies":[{"name":"wp","href":"https:\/\/api.w.org\/{rel}","templated":true}]}}