{"id":6416,"date":"2025-07-22T09:02:52","date_gmt":"2025-07-22T15:02:52","guid":{"rendered":"https:\/\/ollantayitzamna.com\/?p=6416"},"modified":"2025-07-22T09:50:42","modified_gmt":"2025-07-22T15:50:42","slug":"mineria-a-cielo-abierto-un-crimen-contra-la-vida","status":"publish","type":"post","link":"https:\/\/ollantayitzamna.com\/?p=6416","title":{"rendered":"Miner\u00eda a Cielo Abierto, un crimen contra la VIDA"},"content":{"rendered":"\n<figure class=\"wp-block-gallery has-nested-images columns-default is-cropped wp-block-gallery-1 is-layout-flex wp-block-gallery-is-layout-flex\">\n<figure class=\"wp-block-image size-large\"><img data-recalc-dims=\"1\" fetchpriority=\"high\" decoding=\"async\" width=\"800\" height=\"450\" data-attachment-id=\"6413\" data-permalink=\"https:\/\/ollantayitzamna.com\/?attachment_id=6413\" data-orig-file=\"https:\/\/i0.wp.com\/ollantayitzamna.com\/wp-content\/uploads\/2025\/07\/20250722_085642_00006563020184669643155.png?fit=1280%2C720&amp;ssl=1\" data-orig-size=\"1280,720\" data-comments-opened=\"1\" data-image-meta=\"{&quot;aperture&quot;:&quot;0&quot;,&quot;credit&quot;:&quot;&quot;,&quot;camera&quot;:&quot;&quot;,&quot;caption&quot;:&quot;&quot;,&quot;created_timestamp&quot;:&quot;0&quot;,&quot;copyright&quot;:&quot;&quot;,&quot;focal_length&quot;:&quot;0&quot;,&quot;iso&quot;:&quot;0&quot;,&quot;shutter_speed&quot;:&quot;0&quot;,&quot;title&quot;:&quot;&quot;,&quot;orientation&quot;:&quot;0&quot;}\" data-image-title=\"20250722_085642_00006563020184669643155\" data-image-description=\"\" data-image-caption=\"\" data-large-file=\"https:\/\/i0.wp.com\/ollantayitzamna.com\/wp-content\/uploads\/2025\/07\/20250722_085642_00006563020184669643155.png?fit=800%2C450&amp;ssl=1\" data-id=\"6413\" src=\"https:\/\/i0.wp.com\/ollantayitzamna.com\/wp-content\/uploads\/2025\/07\/20250722_085642_00006563020184669643155.png?resize=800%2C450&#038;ssl=1\" alt=\"\" class=\"wp-image-6413\" srcset=\"https:\/\/i0.wp.com\/ollantayitzamna.com\/wp-content\/uploads\/2025\/07\/20250722_085642_00006563020184669643155.png?resize=1024%2C576&amp;ssl=1 1024w, https:\/\/i0.wp.com\/ollantayitzamna.com\/wp-content\/uploads\/2025\/07\/20250722_085642_00006563020184669643155.png?resize=300%2C169&amp;ssl=1 300w, https:\/\/i0.wp.com\/ollantayitzamna.com\/wp-content\/uploads\/2025\/07\/20250722_085642_00006563020184669643155.png?resize=150%2C84&amp;ssl=1 150w, https:\/\/i0.wp.com\/ollantayitzamna.com\/wp-content\/uploads\/2025\/07\/20250722_085642_00006563020184669643155.png?resize=768%2C432&amp;ssl=1 768w, https:\/\/i0.wp.com\/ollantayitzamna.com\/wp-content\/uploads\/2025\/07\/20250722_085642_00006563020184669643155.png?w=1280&amp;ssl=1 1280w\" sizes=\"(max-width: 800px) 100vw, 800px\" \/><\/figure>\n<\/figure>\n\n\n\n<p class=\"wp-block-paragraph\"><strong>En este D\u00eda Mundial contra la Miner\u00eda a Cielo Abierto, unamos nuestras voces y acciones. Que la reflexi\u00f3n sobre las devastadoras consecuencias de esta actividad y la esperanza que nos brindan las resistencias de Abya Yala y la voz de las iglesias, nos impulsen a construir un futuro donde la vida, y no la destrucci\u00f3n, sea el fundamento de nuestro Buen Vivir. Es tiempo de escuchar a la Madre Tierra y de reencantarnos con su sabidur\u00eda, protegiendo este hogar com\u00fan para las generaciones presentes y futuras.<\/strong><\/p>\n\n\n\n<!--more-->\n\n\n\n<p class=\"wp-block-paragraph\">El 22 de julio, D\u00eda Mundial contra la Miner\u00eda a Cielo Abierto, nos convoca a una profunda reflexi\u00f3n sobre una actividad que, por sus intr\u00ednsecos impactos, ha sido objeto de rechazo y prohibici\u00f3n en numerosas naciones. Este d\u00eda no es solo una fecha para recordar, sino un llamado urgente a la acci\u00f3n global para salvaguardar nuestros ecosistemas y comunidades.<\/p>\n\n\n\n<p class=\"wp-block-paragraph\"><br><strong>Las razones t\u00e9cnicas para la prohibici\u00f3n en<\/strong> <strong>el Norte global<\/strong>:<\/p>\n\n\n\n<p class=\"wp-block-paragraph\"><br \/>La miner\u00eda a cielo abierto, tambi\u00e9n conocida como miner\u00eda a tajo abierto o de superficie, fue gradualmente prohibida o fuertemente regulada en muchos pa\u00edses del Norte global (Europa, Norteam\u00e9rica) debido a una serie de razones t\u00e9cnicas y ambientales insoslayables:<\/p>\n\n\n\n<p class=\"wp-block-paragraph\">Alteraci\u00f3n topogr\u00e1fica masiva: Implica la remoci\u00f3n de vastas cantidades de suelo y roca para acceder al mineral. Esto genera gigantescos cr\u00e1teres que alteran irremediablemente el paisaje original, provocando la p\u00e9rdida de h\u00e1bitats y la fragmentaci\u00f3n de ecosistemas.<\/p>\n\n\n\n<p class=\"wp-block-paragraph\">Contaminaci\u00f3n del Agua: Requiere el uso de enormes vol\u00famenes de agua y genera grandes cantidades de residuos t\u00f3xicos. La lixiviaci\u00f3n con cianuro (para la extracci\u00f3n de oro, por ejemplo) es particularmente preocupante, ya que los efluentes pueden contaminar acu\u00edferos, r\u00edos y lagos con metales pesados y sustancias qu\u00edmicas persistentes, afectando la biodiversidad acu\u00e1tica y la salud humana.<\/p>\n\n\n\n<p class=\"wp-block-paragraph\">Erosi\u00f3n y sedimentaci\u00f3n: La remoci\u00f3n de la cobertura vegetal y del suelo aumenta dr\u00e1sticamente la erosi\u00f3n, lo que lleva a la sedimentaci\u00f3n de cuerpos de agua y a la degradaci\u00f3n de suelos f\u00e9rtiles.<\/p>\n\n\n\n<p class=\"wp-block-paragraph\">Contaminaci\u00f3n del aire: La voladura de rocas y el constante movimiento de maquinaria pesada liberan grandes cantidades de polvo y part\u00edculas en suspensi\u00f3n, as\u00ed como gases contaminantes (\u00f3xidos de azufre y nitr\u00f3geno), afectando la calidad del aire y contribuyendo a problemas respiratorios en las poblaciones cercanas.<\/p>\n\n\n\n<p class=\"wp-block-paragraph\">Consumo energ\u00e9tico elevado: Es una actividad intensiva en el uso de energ\u00eda, contribuyendo significativamente a las emisiones de gases de efecto invernadero y al cambio clim\u00e1tico.<\/p>\n\n\n\n<p class=\"wp-block-paragraph\"><br \/>Estas problem\u00e1ticas, sumadas a una mayor conciencia ambiental y a la presi\u00f3n social, llevaron a muchos pa\u00edses del Norte a optar por formas de miner\u00eda subterr\u00e1nea m\u00e1s controladas o, directamente, a desincentivar la miner\u00eda a cielo abierto en sus territorios, transfiriendo a menudo esta pr\u00e1ctica a regiones con regulaciones ambientales m\u00e1s laxas.<\/p>\n\n\n\n<p class=\"wp-block-paragraph\"><strong>Impactos socioambientales y resistencia en Abya Yala<\/strong><\/p>\n\n\n\n<p class=\"wp-block-paragraph\">Mientras el Norte restring\u00eda estas pr\u00e1cticas, el Sur global, particularmente el continente de Abya Yala (Am\u00e9rica Latina), se convirti\u00f3 en un nuevo frente para la expansi\u00f3n de la miner\u00eda a cielo abierto. Aqu\u00ed, los impactos se exacerban y se suman a realidades sociales complejas:<\/p>\n\n\n\n<p class=\"wp-block-paragraph\">Desplazamiento forzado y violencia: Comunidades enteras, a menudo ind\u00edgenas y campesinas, son desplazadas de sus tierras ancestrales para dar paso a las operaciones mineras, perdiendo su sustento, cultura e identidad. Esto genera conflictos sociales, criminalizaci\u00f3n de la protesta y, en muchos casos, violencia y asesinatos de l\u00edderes ambientales.<\/p>\n\n\n\n<p class=\"wp-block-paragraph\">P\u00e9rdida de soberan\u00eda alimentaria: Las tierras agr\u00edcolas son acaparadas o contaminadas, lo que destruye los medios de vida de las comunidades y compromete la seguridad alimentaria a nivel local y regional.<\/p>\n\n\n\n<p class=\"wp-block-paragraph\">Impacto en la salud p\u00fablica: La exposici\u00f3n cr\u00f3nica a contaminantes del agua y del aire provoca un aumento de enfermedades respiratorias, cut\u00e1neas, gastrointestinales, c\u00e1ncer y malformaciones cong\u00e9nitas en las poblaciones cercanas.<\/p>\n\n\n\n<p class=\"wp-block-paragraph\">Fractura del tejido social: La llegada de empresas mineras a menudo genera divisiones internas en las comunidades, cooptaci\u00f3n de l\u00edderes y la destrucci\u00f3n de formas de organizaci\u00f3n social tradicionales.<\/p>\n\n\n\n<p class=\"wp-block-paragraph\">Devastaci\u00f3n de la Biodiversidad: La miner\u00eda a cielo abierto es una de las principales causas de deforestaci\u00f3n, p\u00e9rdida de especies end\u00e9micas y destrucci\u00f3n de ecosistemas vitales, incluyendo bosques tropicales, humedales y p\u00e1ramos, que son hogar de una riqueza biol\u00f3gica incalculable.<br \/><\/p>\n\n\n\n<p class=\"wp-block-paragraph\">Frente a esta realidad, los territorios de Abya Yala han sido escenario de una heroica resistencia. Desde las comunidades ind\u00edgenas que defienden su cosmovisi\u00f3n y relaci\u00f3n ancestral con la tierra, hasta movimientos campesinos, organizaciones ecologistas y acad\u00e9micas, la lucha contra la miner\u00eda a cielo abierto se ha levantado con fuerza. Ejemplos como Conga en Per\u00fa, Esquel en Argentina, Intag en Ecuador, Cabeceras en Costa Rica y las luchas en Guatemala, Honduras y Chile, demuestran la voluntad inquebrantable de los pueblos de proteger sus territorios y su futuro.<br \/><\/p>\n\n\n\n<p class=\"wp-block-paragraph\"><strong>Urgente acci\u00f3n global: Expulsar la Miner\u00eda a Cielo Abierto de los planes industriales<\/strong><\/p>\n\n\n\n<p class=\"wp-block-paragraph\"><br \/>Este D\u00eda Mundial es un llamado a la acci\u00f3n global y concertada de pueblos y estados. No podemos permitir que el af\u00e1n extractivista contin\u00fae devastando nuestra Madre Tierra y despojando a las comunidades. Es fundamental:<\/p>\n\n\n\n<p class=\"wp-block-paragraph\">Promover moratorias y prohibiciones nacionales: Los estados deben seguir el ejemplo de pa\u00edses que han prohibido o establecido moratorias a la miner\u00eda a cielo abierto, priorizando el bienestar de sus ciudadanos y el equilibrio ecol\u00f3gico sobre los intereses econ\u00f3micos cortoplacistas.<\/p>\n\n\n\n<p class=\"wp-block-paragraph\">Fortalecer la legislaci\u00f3n ambiental y la gobernanza: Es imperativo establecer marcos regulatorios rigurosos que garanticen el cumplimiento de los derechos humanos y ambientales, sancionando severamente las infracciones.<\/p>\n\n\n\n<p class=\"wp-block-paragraph\">Apoyar las econom\u00edas locales y sostenibles: Se debe invertir en modelos de desarrollo alternativos que fomenten la diversificaci\u00f3n productiva, la agroecolog\u00eda, el ecoturismo y otras actividades que sean compatibles con la conservaci\u00f3n de los ecosistemas y la autonom\u00eda de las comunidades.<\/p>\n\n\n\n<p class=\"wp-block-paragraph\">Exigir responsabilidad corporativa y financiera: Las empresas mineras y las instituciones financieras que las respaldan deben ser responsabilizadas por los da\u00f1os socioambientales que causan.<\/p>\n\n\n\n<p class=\"wp-block-paragraph\">Fomentar la solidaridad internacional: Es crucial que los movimientos sociales, las organizaciones de la sociedad civil y los ciudadanos del mundo unan sus voces para presionar a gobiernos y corporaciones.<\/p>\n\n\n\n<p class=\"wp-block-paragraph\"><strong>El reencantamiento con la Madre Tierra: Una Orientaci\u00f3n Pastoral para la Esperanza<\/strong><\/p>\n\n\n\n<p class=\"wp-block-paragraph\"><br \/>En este contexto, la reciente Orientaci\u00f3n Pastoral contra la Miner\u00eda publicada por la Iglesia Cat\u00f3lica a trav\u00e9s del CELAM (Consejo Episcopal Latinoamericano y Caribe\u00f1o) es un faro de esperanza y un llamado a la conciencia. Esta iniciativa subraya la dimensi\u00f3n espiritual y \u00e9tica de la crisis ambiental, invit\u00e1ndonos a un reencantamiento con la Madre Tierra.<\/p>\n\n\n\n<p class=\"wp-block-paragraph\">El documento del CELAM refuerza la visi\u00f3n de que la Creaci\u00f3n no es un mero recurso a ser explotado, sino un don sagrado que debemos custodiar. Nos invita a pasar de una l\u00f3gica de dominaci\u00f3n a una de cuidado y respeto, reconociendo la interconexi\u00f3n de toda la vida y el valor intr\u00ednseco de cada ser vivo. Es un llamado a la conversi\u00f3n ecol\u00f3gica, a transformar nuestros h\u00e1bitos de consumo, nuestras pol\u00edticas y, sobre todo, nuestra relaci\u00f3n con la naturaleza. Nos recuerda que la injusticia ambiental es tambi\u00e9n una injusticia social, y que el grito de la tierra es el grito de los pobres.<\/p>\n\n\n\n<p class=\"wp-block-paragraph\">En este D\u00eda Mundial contra la Miner\u00eda a Cielo Abierto, unamos nuestras voces y acciones. Que la reflexi\u00f3n sobre las devastadoras consecuencias de esta actividad y la esperanza que nos brindan las resistencias de Abya Yala y la voz de las iglesias, nos impulsen a construir un futuro donde la vida, y no la destrucci\u00f3n, sea el fundamento de nuestro Buen Vivir. Es tiempo de escuchar a la Madre Tierra y de reencantarnos con su sabidur\u00eda, protegiendo este hogar com\u00fan para las generaciones presentes y futuras.<\/p>\n","protected":false},"excerpt":{"rendered":"<p>En este D\u00eda Mundial contra la Miner\u00eda a Cielo Abierto, unamos nuestras voces y acciones. Que la reflexi\u00f3n sobre las devastadoras consecuencias de esta actividad y la esperanza que nos brindan las resistencias de Abya Yala y la voz de las iglesias, nos impulsen a construir un futuro donde la vida, y no la destrucci\u00f3n, [&hellip;]<\/p>\n","protected":false},"author":95365428,"featured_media":6415,"comment_status":"open","ping_status":"open","sticky":false,"template":"","format":"standard","meta":{"_coblocks_attr":"","_coblocks_dimensions":"","_coblocks_responsive_height":"","_coblocks_accordion_ie_support":"","_jetpack_newsletter_access":"","_jetpack_dont_email_post_to_subs":false,"_jetpack_newsletter_tier_id":0,"_jetpack_memberships_contains_paywalled_content":false,"_wpcom_ai_launchpad_first_post":false,"_jetpack_feature_clip_id":0,"_jetpack_memberships_contains_paid_content":false,"footnotes":"","jetpack_publicize_message":"{title}\n\n{excerpt}\n\n{url}","jetpack_publicize_feature_enabled":true,"jetpack_social_post_already_shared":true,"jetpack_social_options":{"image_generator_settings":{"template":"highway","default_image_id":0,"font":"","enabled":false},"version":2},"_wpas_customize_per_network":false,"jetpack_post_was_ever_published":false},"categories":[696795897],"tags":[696796462,696796461,696795981,696796460],"class_list":["post-6416","post","type-post","status-publish","format-standard","has-post-thumbnail","hentry","category-buen-vivir","tag-22-de-julio","tag-defensa-de-los-territorios","tag-mineria","tag-mineria-a-cielo-abierto"],"yoast_head":"<!-- This site is optimized with the Yoast SEO plugin v28.3 - https:\/\/yoast.com\/product\/yoast-seo-wordpress\/ -->\n<title>Miner\u00eda a Cielo Abierto, un crimen contra la VIDA - Ollantay Itzamn\u00e1<\/title>\n<meta name=\"robots\" content=\"index, follow, max-snippet:-1, max-image-preview:large, max-video-preview:-1\" \/>\n<link rel=\"canonical\" href=\"https:\/\/ollantayitzamna.com\/?p=6416\" \/>\n<meta property=\"og:locale\" content=\"es_ES\" \/>\n<meta property=\"og:type\" content=\"article\" \/>\n<meta property=\"og:title\" content=\"Miner\u00eda a Cielo Abierto, un crimen contra la VIDA - Ollantay Itzamn\u00e1\" \/>\n<meta property=\"og:description\" content=\"En este D\u00eda Mundial contra la Miner\u00eda a Cielo Abierto, unamos nuestras voces y acciones. Que la reflexi\u00f3n sobre las devastadoras consecuencias de esta actividad y la esperanza que nos brindan las resistencias de Abya Yala y la voz de las iglesias, nos impulsen a construir un futuro donde la vida, y no la destrucci\u00f3n, [&hellip;]\" \/>\n<meta property=\"og:url\" content=\"https:\/\/ollantayitzamna.com\/?p=6416\" \/>\n<meta property=\"og:site_name\" content=\"Ollantay Itzamn\u00e1\" \/>\n<meta property=\"article:published_time\" content=\"2025-07-22T15:02:52+00:00\" \/>\n<meta property=\"article:modified_time\" content=\"2025-07-22T15:50:42+00:00\" \/>\n<meta property=\"og:image\" content=\"https:\/\/i0.wp.com\/ollantayitzamna.com\/wp-content\/uploads\/2025\/07\/20250722_090958_0000.png?fit=940%2C788&ssl=1\" \/>\n\t<meta property=\"og:image:width\" content=\"940\" \/>\n\t<meta property=\"og:image:height\" content=\"788\" \/>\n\t<meta property=\"og:image:type\" content=\"image\/png\" \/>\n<meta name=\"author\" content=\"ollantayitzamna\" \/>\n<meta name=\"twitter:card\" content=\"summary_large_image\" \/>\n<meta name=\"twitter:label1\" content=\"Escrito por\" \/>\n\t<meta name=\"twitter:data1\" content=\"ollantayitzamna\" \/>\n\t<meta name=\"twitter:label2\" content=\"Tiempo de lectura\" \/>\n\t<meta name=\"twitter:data2\" content=\"7 minutos\" \/>\n<script type=\"application\/ld+json\" class=\"yoast-schema-graph\">{\"@context\":\"https:\\\/\\\/schema.org\",\"@graph\":[{\"@type\":\"Article\",\"@id\":\"https:\\\/\\\/ollantayitzamna.com\\\/?p=6416#article\",\"isPartOf\":{\"@id\":\"https:\\\/\\\/ollantayitzamna.com\\\/?p=6416\"},\"author\":{\"name\":\"ollantayitzamna\",\"@id\":\"https:\\\/\\\/ollantayitzamna.com\\\/#\\\/schema\\\/person\\\/d7d683451f51a71c7d7c6b4b70437092\"},\"headline\":\"Miner\u00eda a Cielo Abierto, un crimen contra la VIDA\",\"datePublished\":\"2025-07-22T15:02:52+00:00\",\"dateModified\":\"2025-07-22T15:50:42+00:00\",\"mainEntityOfPage\":{\"@id\":\"https:\\\/\\\/ollantayitzamna.com\\\/?p=6416\"},\"wordCount\":1375,\"commentCount\":0,\"image\":{\"@id\":\"https:\\\/\\\/ollantayitzamna.com\\\/?p=6416#primaryimage\"},\"thumbnailUrl\":\"https:\\\/\\\/i0.wp.com\\\/ollantayitzamna.com\\\/wp-content\\\/uploads\\\/2025\\\/07\\\/20250722_090958_0000.png?fit=940%2C788&ssl=1\",\"keywords\":[\"22 de julio\",\"defensa de los territorios\",\"miner\u00eda\",\"miner\u00eda a cielo abierto\"],\"articleSection\":[\"Buen Vivir\"],\"inLanguage\":\"es\",\"potentialAction\":[{\"@type\":\"CommentAction\",\"name\":\"Comment\",\"target\":[\"https:\\\/\\\/ollantayitzamna.com\\\/?p=6416#respond\"]}]},{\"@type\":\"WebPage\",\"@id\":\"https:\\\/\\\/ollantayitzamna.com\\\/?p=6416\",\"url\":\"https:\\\/\\\/ollantayitzamna.com\\\/?p=6416\",\"name\":\"Miner\u00eda a Cielo Abierto, un crimen contra la VIDA - Ollantay Itzamn\u00e1\",\"isPartOf\":{\"@id\":\"https:\\\/\\\/ollantayitzamna.com\\\/#website\"},\"primaryImageOfPage\":{\"@id\":\"https:\\\/\\\/ollantayitzamna.com\\\/?p=6416#primaryimage\"},\"image\":{\"@id\":\"https:\\\/\\\/ollantayitzamna.com\\\/?p=6416#primaryimage\"},\"thumbnailUrl\":\"https:\\\/\\\/i0.wp.com\\\/ollantayitzamna.com\\\/wp-content\\\/uploads\\\/2025\\\/07\\\/20250722_090958_0000.png?fit=940%2C788&ssl=1\",\"datePublished\":\"2025-07-22T15:02:52+00:00\",\"dateModified\":\"2025-07-22T15:50:42+00:00\",\"author\":{\"@id\":\"https:\\\/\\\/ollantayitzamna.com\\\/#\\\/schema\\\/person\\\/d7d683451f51a71c7d7c6b4b70437092\"},\"breadcrumb\":{\"@id\":\"https:\\\/\\\/ollantayitzamna.com\\\/?p=6416#breadcrumb\"},\"inLanguage\":\"es\",\"potentialAction\":[{\"@type\":\"ReadAction\",\"target\":[\"https:\\\/\\\/ollantayitzamna.com\\\/?p=6416\"]}]},{\"@type\":\"ImageObject\",\"inLanguage\":\"es\",\"@id\":\"https:\\\/\\\/ollantayitzamna.com\\\/?p=6416#primaryimage\",\"url\":\"https:\\\/\\\/i0.wp.com\\\/ollantayitzamna.com\\\/wp-content\\\/uploads\\\/2025\\\/07\\\/20250722_090958_0000.png?fit=940%2C788&ssl=1\",\"contentUrl\":\"https:\\\/\\\/i0.wp.com\\\/ollantayitzamna.com\\\/wp-content\\\/uploads\\\/2025\\\/07\\\/20250722_090958_0000.png?fit=940%2C788&ssl=1\",\"width\":940,\"height\":788},{\"@type\":\"BreadcrumbList\",\"@id\":\"https:\\\/\\\/ollantayitzamna.com\\\/?p=6416#breadcrumb\",\"itemListElement\":[{\"@type\":\"ListItem\",\"position\":1,\"name\":\"Portada\",\"item\":\"https:\\\/\\\/ollantayitzamna.com\\\/\"},{\"@type\":\"ListItem\",\"position\":2,\"name\":\"Miner\u00eda a Cielo Abierto, un crimen contra la VIDA\"}]},{\"@type\":\"WebSite\",\"@id\":\"https:\\\/\\\/ollantayitzamna.com\\\/#website\",\"url\":\"https:\\\/\\\/ollantayitzamna.com\\\/\",\"name\":\"Ollantay Itzamn\u00e1\",\"description\":\"Susurros del silencio\",\"potentialAction\":[{\"@type\":\"SearchAction\",\"target\":{\"@type\":\"EntryPoint\",\"urlTemplate\":\"https:\\\/\\\/ollantayitzamna.com\\\/?s={search_term_string}\"},\"query-input\":{\"@type\":\"PropertyValueSpecification\",\"valueRequired\":true,\"valueName\":\"search_term_string\"}}],\"inLanguage\":\"es\"},{\"@type\":\"Person\",\"@id\":\"https:\\\/\\\/ollantayitzamna.com\\\/#\\\/schema\\\/person\\\/d7d683451f51a71c7d7c6b4b70437092\",\"name\":\"ollantayitzamna\",\"image\":{\"@type\":\"ImageObject\",\"inLanguage\":\"es\",\"@id\":\"https:\\\/\\\/secure.gravatar.com\\\/avatar\\\/576387c53cc1a5ef704abf20408627fa3cb969d3f33355a576a2b20d65397362?s=96&d=identicon&r=g\",\"url\":\"https:\\\/\\\/secure.gravatar.com\\\/avatar\\\/576387c53cc1a5ef704abf20408627fa3cb969d3f33355a576a2b20d65397362?s=96&d=identicon&r=g\",\"contentUrl\":\"https:\\\/\\\/secure.gravatar.com\\\/avatar\\\/576387c53cc1a5ef704abf20408627fa3cb969d3f33355a576a2b20d65397362?s=96&d=identicon&r=g\",\"caption\":\"ollantayitzamna\"},\"description\":\"Soy Tierra que siente, que llora, que ama, que conspira, que sue\u00f1a. Soy wawa (criatura) de la Pachamama.\",\"sameAs\":[\"http:\\\/\\\/ollantayitzamna.com\"],\"url\":\"https:\\\/\\\/ollantayitzamna.com\\\/?author=95365428\"}]}<\/script>\n<!-- \/ Yoast SEO plugin. -->","yoast_head_json":{"title":"Miner\u00eda a Cielo Abierto, un crimen contra la VIDA - Ollantay Itzamn\u00e1","robots":{"index":"index","follow":"follow","max-snippet":"max-snippet:-1","max-image-preview":"max-image-preview:large","max-video-preview":"max-video-preview:-1"},"canonical":"https:\/\/ollantayitzamna.com\/?p=6416","og_locale":"es_ES","og_type":"article","og_title":"Miner\u00eda a Cielo Abierto, un crimen contra la VIDA - Ollantay Itzamn\u00e1","og_description":"En este D\u00eda Mundial contra la Miner\u00eda a Cielo Abierto, unamos nuestras voces y acciones. Que la reflexi\u00f3n sobre las devastadoras consecuencias de esta actividad y la esperanza que nos brindan las resistencias de Abya Yala y la voz de las iglesias, nos impulsen a construir un futuro donde la vida, y no la destrucci\u00f3n, [&hellip;]","og_url":"https:\/\/ollantayitzamna.com\/?p=6416","og_site_name":"Ollantay Itzamn\u00e1","article_published_time":"2025-07-22T15:02:52+00:00","article_modified_time":"2025-07-22T15:50:42+00:00","og_image":[{"width":940,"height":788,"url":"https:\/\/i0.wp.com\/ollantayitzamna.com\/wp-content\/uploads\/2025\/07\/20250722_090958_0000.png?fit=940%2C788&ssl=1","type":"image\/png"}],"author":"ollantayitzamna","twitter_card":"summary_large_image","twitter_misc":{"Escrito por":"ollantayitzamna","Tiempo de lectura":"7 minutos"},"schema":{"@context":"https:\/\/schema.org","@graph":[{"@type":"Article","@id":"https:\/\/ollantayitzamna.com\/?p=6416#article","isPartOf":{"@id":"https:\/\/ollantayitzamna.com\/?p=6416"},"author":{"name":"ollantayitzamna","@id":"https:\/\/ollantayitzamna.com\/#\/schema\/person\/d7d683451f51a71c7d7c6b4b70437092"},"headline":"Miner\u00eda a Cielo Abierto, un crimen contra la VIDA","datePublished":"2025-07-22T15:02:52+00:00","dateModified":"2025-07-22T15:50:42+00:00","mainEntityOfPage":{"@id":"https:\/\/ollantayitzamna.com\/?p=6416"},"wordCount":1375,"commentCount":0,"image":{"@id":"https:\/\/ollantayitzamna.com\/?p=6416#primaryimage"},"thumbnailUrl":"https:\/\/i0.wp.com\/ollantayitzamna.com\/wp-content\/uploads\/2025\/07\/20250722_090958_0000.png?fit=940%2C788&ssl=1","keywords":["22 de julio","defensa de los territorios","miner\u00eda","miner\u00eda a cielo abierto"],"articleSection":["Buen Vivir"],"inLanguage":"es","potentialAction":[{"@type":"CommentAction","name":"Comment","target":["https:\/\/ollantayitzamna.com\/?p=6416#respond"]}]},{"@type":"WebPage","@id":"https:\/\/ollantayitzamna.com\/?p=6416","url":"https:\/\/ollantayitzamna.com\/?p=6416","name":"Miner\u00eda a Cielo Abierto, un crimen contra la VIDA - Ollantay Itzamn\u00e1","isPartOf":{"@id":"https:\/\/ollantayitzamna.com\/#website"},"primaryImageOfPage":{"@id":"https:\/\/ollantayitzamna.com\/?p=6416#primaryimage"},"image":{"@id":"https:\/\/ollantayitzamna.com\/?p=6416#primaryimage"},"thumbnailUrl":"https:\/\/i0.wp.com\/ollantayitzamna.com\/wp-content\/uploads\/2025\/07\/20250722_090958_0000.png?fit=940%2C788&ssl=1","datePublished":"2025-07-22T15:02:52+00:00","dateModified":"2025-07-22T15:50:42+00:00","author":{"@id":"https:\/\/ollantayitzamna.com\/#\/schema\/person\/d7d683451f51a71c7d7c6b4b70437092"},"breadcrumb":{"@id":"https:\/\/ollantayitzamna.com\/?p=6416#breadcrumb"},"inLanguage":"es","potentialAction":[{"@type":"ReadAction","target":["https:\/\/ollantayitzamna.com\/?p=6416"]}]},{"@type":"ImageObject","inLanguage":"es","@id":"https:\/\/ollantayitzamna.com\/?p=6416#primaryimage","url":"https:\/\/i0.wp.com\/ollantayitzamna.com\/wp-content\/uploads\/2025\/07\/20250722_090958_0000.png?fit=940%2C788&ssl=1","contentUrl":"https:\/\/i0.wp.com\/ollantayitzamna.com\/wp-content\/uploads\/2025\/07\/20250722_090958_0000.png?fit=940%2C788&ssl=1","width":940,"height":788},{"@type":"BreadcrumbList","@id":"https:\/\/ollantayitzamna.com\/?p=6416#breadcrumb","itemListElement":[{"@type":"ListItem","position":1,"name":"Portada","item":"https:\/\/ollantayitzamna.com\/"},{"@type":"ListItem","position":2,"name":"Miner\u00eda a Cielo Abierto, un crimen contra la VIDA"}]},{"@type":"WebSite","@id":"https:\/\/ollantayitzamna.com\/#website","url":"https:\/\/ollantayitzamna.com\/","name":"Ollantay Itzamn\u00e1","description":"Susurros del silencio","potentialAction":[{"@type":"SearchAction","target":{"@type":"EntryPoint","urlTemplate":"https:\/\/ollantayitzamna.com\/?s={search_term_string}"},"query-input":{"@type":"PropertyValueSpecification","valueRequired":true,"valueName":"search_term_string"}}],"inLanguage":"es"},{"@type":"Person","@id":"https:\/\/ollantayitzamna.com\/#\/schema\/person\/d7d683451f51a71c7d7c6b4b70437092","name":"ollantayitzamna","image":{"@type":"ImageObject","inLanguage":"es","@id":"https:\/\/secure.gravatar.com\/avatar\/576387c53cc1a5ef704abf20408627fa3cb969d3f33355a576a2b20d65397362?s=96&d=identicon&r=g","url":"https:\/\/secure.gravatar.com\/avatar\/576387c53cc1a5ef704abf20408627fa3cb969d3f33355a576a2b20d65397362?s=96&d=identicon&r=g","contentUrl":"https:\/\/secure.gravatar.com\/avatar\/576387c53cc1a5ef704abf20408627fa3cb969d3f33355a576a2b20d65397362?s=96&d=identicon&r=g","caption":"ollantayitzamna"},"description":"Soy Tierra que siente, que llora, que ama, que conspira, que sue\u00f1a. Soy wawa (criatura) de la Pachamama.","sameAs":["http:\/\/ollantayitzamna.com"],"url":"https:\/\/ollantayitzamna.com\/?author=95365428"}]}},"jetpack_publicize_connections":[],"jetpack_likes_enabled":true,"jetpack_sharing_enabled":true,"jetpack_featured_media_url":"https:\/\/i0.wp.com\/ollantayitzamna.com\/wp-content\/uploads\/2025\/07\/20250722_090958_0000.png?fit=940%2C788&ssl=1","_links":{"self":[{"href":"https:\/\/ollantayitzamna.com\/index.php?rest_route=\/wp\/v2\/posts\/6416","targetHints":{"allow":["GET"]}}],"collection":[{"href":"https:\/\/ollantayitzamna.com\/index.php?rest_route=\/wp\/v2\/posts"}],"about":[{"href":"https:\/\/ollantayitzamna.com\/index.php?rest_route=\/wp\/v2\/types\/post"}],"author":[{"embeddable":true,"href":"https:\/\/ollantayitzamna.com\/index.php?rest_route=\/wp\/v2\/users\/95365428"}],"replies":[{"embeddable":true,"href":"https:\/\/ollantayitzamna.com\/index.php?rest_route=%2Fwp%2Fv2%2Fcomments&post=6416"}],"version-history":[{"count":2,"href":"https:\/\/ollantayitzamna.com\/index.php?rest_route=\/wp\/v2\/posts\/6416\/revisions"}],"predecessor-version":[{"id":6418,"href":"https:\/\/ollantayitzamna.com\/index.php?rest_route=\/wp\/v2\/posts\/6416\/revisions\/6418"}],"wp:featuredmedia":[{"embeddable":true,"href":"https:\/\/ollantayitzamna.com\/index.php?rest_route=\/wp\/v2\/media\/6415"}],"wp:attachment":[{"href":"https:\/\/ollantayitzamna.com\/index.php?rest_route=%2Fwp%2Fv2%2Fmedia&parent=6416"}],"wp:term":[{"taxonomy":"category","embeddable":true,"href":"https:\/\/ollantayitzamna.com\/index.php?rest_route=%2Fwp%2Fv2%2Fcategories&post=6416"},{"taxonomy":"post_tag","embeddable":true,"href":"https:\/\/ollantayitzamna.com\/index.php?rest_route=%2Fwp%2Fv2%2Ftags&post=6416"}],"curies":[{"name":"wp","href":"https:\/\/api.w.org\/{rel}","templated":true}]}}