{"id":698,"date":"2018-11-18T23:05:17","date_gmt":"2018-11-19T05:05:17","guid":{"rendered":"https:\/\/ollantayitzamna.com\/?p=698"},"modified":"2025-07-03T19:20:20","modified_gmt":"2025-07-04T01:20:20","slug":"ensenanzas-de-evo-morales-en-guatemala","status":"publish","type":"post","link":"https:\/\/ollantayitzamna.com\/?p=698","title":{"rendered":"Ense\u00f1anzas de EVO MORALES en Guatemala"},"content":{"rendered":"<figure id=\"attachment_699\" aria-describedby=\"caption-attachment-699\" style=\"width: 1280px\" class=\"wp-caption alignnone\"><img data-recalc-dims=\"1\" fetchpriority=\"high\" decoding=\"async\" data-attachment-id=\"699\" data-permalink=\"https:\/\/ollantayitzamna.com\/?attachment_id=699\" data-orig-file=\"https:\/\/i0.wp.com\/ollantayitzamna.com\/wp-content\/uploads\/2018\/11\/evo-usac.jpg?fit=1280%2C880&amp;ssl=1\" data-orig-size=\"1280,880\" data-comments-opened=\"1\" data-image-meta=\"{&quot;aperture&quot;:&quot;0&quot;,&quot;credit&quot;:&quot;&quot;,&quot;camera&quot;:&quot;&quot;,&quot;caption&quot;:&quot;&quot;,&quot;created_timestamp&quot;:&quot;0&quot;,&quot;copyright&quot;:&quot;&quot;,&quot;focal_length&quot;:&quot;0&quot;,&quot;iso&quot;:&quot;0&quot;,&quot;shutter_speed&quot;:&quot;0&quot;,&quot;title&quot;:&quot;&quot;,&quot;orientation&quot;:&quot;0&quot;}\" data-image-title=\"Evo USAC\" data-image-description=\"\" data-image-caption=\"&lt;p&gt;Reconocimiento de Evo Morales. Doctor Honoris Causa. USAC. Guatemala. Internet&lt;\/p&gt;\n\" data-large-file=\"https:\/\/i0.wp.com\/ollantayitzamna.com\/wp-content\/uploads\/2018\/11\/evo-usac.jpg?fit=800%2C550&amp;ssl=1\" class=\"alignnone size-full wp-image-699\" src=\"https:\/\/i0.wp.com\/ollantayitzamna.com\/wp-content\/uploads\/2018\/11\/evo-usac.jpg?resize=800%2C550&#038;ssl=1\" alt=\"Evo USAC\" width=\"800\" height=\"550\" \/><figcaption id=\"caption-attachment-699\" class=\"wp-caption-text\">Reconocimiento de Evo Morales. Doctor Honoris Causa. USAC. Guatemala. Internet<\/figcaption><\/figure>\n<h3 style=\"text-align:center;\"><span style=\"color:#ff0000;\">\u201cEn lo pol\u00edtico, refundar Bolivia. En lo econ\u00f3mico, nacionalizar nuestros recursos naturales y empresas estrat\u00e9gicas. En lo social, redistribuir las ganancias econ\u00f3micas. Lo m\u00e1s dif\u00edcil ha sido la refundaci\u00f3n de Bolivia mediante Asamblea Constituyente. Lo m\u00e1s f\u00e1cil para m\u00ed ha sido la nacionalizaci\u00f3n de los recursos naturales. (\u2026) no me tembl\u00f3 la mano para nacionalizar, especialmente el gas y el petr\u00f3leo\u201d<\/span><\/h3>\n<p><!--more--><\/p>\n<h2 style=\"text-align:justify;\"><strong>\u201cEn Bolivia, yo soy el que pide audiencia a los movimientos sociales\u201d<\/strong><\/h2>\n<p style=\"text-align:justify;\">Son las 9:00 am, cuatro defensores mayas guatemaltecos (tres varones, una mujer), nerviosos, un tanto incr\u00e9dulos, esperan pasar el primer anillo de seguridad, de los varios que resguardan a los presidentes y representantes de estados, reunidos en la XXVI cumbre Iberoamericana, en la ciudad de Antigua, Guatemala.<\/p>\n<p style=\"text-align:justify;\">Viajaron desde las 3:00 am, delegados por el n\u00facleo central del movimiento ind\u00edgena campesino Comit\u00e9 de Desarrollo Campesino (CODECA), para reunirse con el Presidente del Estado Plurinacional de Bolivia, Evo Morales Ayma.<\/p>\n<p style=\"text-align:justify;\">Los agentes de seguridad, cada vez que los visitantes dec\u00edan que iban a reunirse con el Presidente Evo Morales, los miraban con desd\u00e9n y sospecha. En Guatemala, no es \u201cnormal\u201d que ind\u00edgenas y campesinos accedan directamente al Presidente.<\/p>\n<p style=\"text-align:justify;\">Cuando los defensores mayas ingresaron a la sala de espera del \u00e1rea del hospedaje del Presidente Evo, a\u00fan se sent\u00eda en ellos nerviosismo. Pero, la ilusi\u00f3n se fue redibujando en sus rostros en la medida que eran tratados y saludados con amabilidad y confianza por la delegaci\u00f3n boliviana.<\/p>\n<p style=\"text-align:justify;\">Unos segundos despu\u00e9s, irrumpi\u00f3 el semblante amable, sencillo y transparente del m\u00edtico y legendario Evo Morales que obnubil\u00f3 a los defensores mayas en la peque\u00f1a sala. \u201cCompa\u00f1eros c\u00f3mo est\u00e1n\u201d, fue el saludo general del Presidente, que vest\u00eda playera por fuera del pantal\u00f3n, zapatos gastados, un reloj de pulsera, sin perfumes, ni maquillajes.<\/p>\n<p style=\"text-align:justify;\">La breve reuni\u00f3n con el Presidente fue como cualquier otra reuni\u00f3n comunitaria campesina, s\u00f3lo que en ambiente distinto. \u201cAqu\u00ed en Guatemala cuando ind\u00edgenas y campesinos pedimos audiencia al Presidente, nunca nos atienden\u201d, dijo uno de los defensores. El Presidente respondi\u00f3: <em>\u201cEn Bolivia, yo soy el que pide audiencia a los movimientos sociales\u201d<\/em>.<\/p>\n<h2 style=\"text-align:justify;\"><strong>Evo Morales, declarado Doctor Honoris Causa por la USAC <\/strong><\/h2>\n<p style=\"text-align:justify;\">La tricentenaria Universidad San Carlos de Guatemala (USAC), aprovechando la presencia del Presidente Evo Morales en el pa\u00eds, por motivo de la Cumbre Iberoamericana, decidi\u00f3 concederle el reconocimiento de Doctor Honoris Causa.<\/p>\n<p style=\"text-align:justify;\">En el acto, El Presidente de Bolivia, acept\u00f3 dicha investidura en las siguientes palabras:<\/p>\n<p style=\"padding-left:30px;text-align:justify;\"><em>\u201cEscuchando la intervenci\u00f3n de los hermanos sobre el reconocimiento Doctor Honoris Causa me preguntaba yo, \u00bfyo doctor?, no creo\u2026\u201d. Y prosigui\u00f3: \u201cEste reconocimiento no es para Evo Morales, es para los movimientos sociales de Bolivia\u201d<\/em><\/p>\n<h2 style=\"text-align:justify;\"><strong>Compa\u00f1ero Evo llam\u00f3 a la unidad a los pueblos ind\u00edgenas y sectores en Guatemala<\/strong><\/h2>\n<figure id=\"attachment_700\" aria-describedby=\"caption-attachment-700\" style=\"width: 4608px\" class=\"wp-caption alignnone\"><img data-recalc-dims=\"1\" decoding=\"async\" data-attachment-id=\"700\" data-permalink=\"https:\/\/ollantayitzamna.com\/?attachment_id=700\" data-orig-file=\"https:\/\/i0.wp.com\/ollantayitzamna.com\/wp-content\/uploads\/2018\/11\/dscf3005.jpg?fit=4608%2C3072&amp;ssl=1\" data-orig-size=\"4608,3072\" data-comments-opened=\"1\" data-image-meta=\"{&quot;aperture&quot;:&quot;4.5&quot;,&quot;credit&quot;:&quot;&quot;,&quot;camera&quot;:&quot;FinePix HS20EXR&quot;,&quot;caption&quot;:&quot;&quot;,&quot;created_timestamp&quot;:&quot;1541561984&quot;,&quot;copyright&quot;:&quot;&quot;,&quot;focal_length&quot;:&quot;23.9&quot;,&quot;iso&quot;:&quot;500&quot;,&quot;shutter_speed&quot;:&quot;0.00625&quot;,&quot;title&quot;:&quot;&quot;,&quot;orientation&quot;:&quot;1&quot;}\" data-image-title=\"DSCF3005\" data-image-description=\"\" data-image-caption=\"&lt;p&gt;Ind\u00edgenas maya poqonch\u00eds. Guatemala. C.Q.&lt;\/p&gt;\n\" data-large-file=\"https:\/\/i0.wp.com\/ollantayitzamna.com\/wp-content\/uploads\/2018\/11\/dscf3005.jpg?fit=800%2C533&amp;ssl=1\" class=\"alignnone size-full wp-image-700\" src=\"https:\/\/i0.wp.com\/ollantayitzamna.com\/wp-content\/uploads\/2018\/11\/dscf3005.jpg?resize=800%2C533&#038;ssl=1\" alt=\"DSCF3005\" width=\"800\" height=\"533\" \/><figcaption id=\"caption-attachment-700\" class=\"wp-caption-text\">Ind\u00edgenas maya poqonch\u00eds. Guatemala. C.Q.<\/figcaption><\/figure>\n<p style=\"text-align:justify;\">El legendario Presidente, entre aplausos y ovaciones del auditorio lleno, inici\u00f3 su auto narrativa convocando a la unidad:<\/p>\n<p style=\"text-align:justify;\"><em>\u201cHermanos ind\u00edgenas de Guatemala\u2026, Cuando un pueblo se une, para ese pueblo nada es imposible&#8230; Lo m\u00e1s dif\u00edcil es unirnos, entendernos, en base a los principios que nos dejaron nuestros antepasados. En la lucha colonial nuestros antepasados deciden liberarnos, deciden defender nuestra identidad, nuestros territorios\u2026\u201d<\/em>, indic\u00f3 el Presidente con sencillez y autoridad.<\/p>\n<h2 style=\"text-align:justify;\"><strong>\u00bfEn qu\u00e9 qued\u00f3 la consigna \u201cde la resistencia al poder\u201d?, pregunt\u00f3 Morales a ind\u00edgenas mayas de Guatemala<\/strong><\/h2>\n<p style=\"text-align:justify;\">Morales, con la estima que le tiene a Rigoberta Mench\u00fa, Premio Nobel de la Paz, hizo una memoria de la celebraci\u00f3n continental de los 500 a\u00f1os de resistencia ind\u00edgena, y pregunt\u00f3 sobre los consensos de aquel entonces:<\/p>\n<p style=\"padding-left:30px;text-align:justify;\"><em>\u201cEl 12 de octubre de 1992, se realiz\u00f3 un evento continental en Managua, Nicaragua. Yo ya no pude asistir (\u2026). En ese evento qu\u00e9 han decidido, y tambi\u00e9n fue un debate profundo en Quetzaltenango en 1991: \u00bfC\u00f3mo el movimiento ind\u00edgena, due\u00f1os milenarios absolutos de estas tierras. Nosotros mismos podemos gobernarnos?<\/em><\/p>\n<p style=\"padding-left:30px;text-align:justify;\"><em>En 1992, decidieron pasar de la resistencia a la toma del poder. Yo quiero decir hermana Rigoberta, en Bolivia, misi\u00f3n cumplida\u201d, indic\u00f3 el Presidente. Y concluy\u00f3 su idea: \u201cAntes en Bolivia gobernaban los gringos, ahora, gobernamos los indios\u201d.<\/em><\/p>\n<p style=\"text-align:justify;\">El auditorio, entusiasmado por las palabras transparentes del m\u00edtico Evo Morales, aplaud\u00eda de rato en rato al Presidente m\u00e1s eficiente y m\u00e1s aceptado en toda Abya Yala.<\/p>\n<h2 style=\"text-align:justify;\"><strong>Ret\u00f3 a los movimientos ind\u00edgenas y sociales a liberarse de la doctrina norteamericana<\/strong><\/h2>\n<figure id=\"attachment_701\" aria-describedby=\"caption-attachment-701\" style=\"width: 4608px\" class=\"wp-caption alignnone\"><img data-recalc-dims=\"1\" decoding=\"async\" data-attachment-id=\"701\" data-permalink=\"https:\/\/ollantayitzamna.com\/?attachment_id=701\" data-orig-file=\"https:\/\/i0.wp.com\/ollantayitzamna.com\/wp-content\/uploads\/2018\/11\/dscf3030.jpg?fit=4608%2C3072&amp;ssl=1\" data-orig-size=\"4608,3072\" data-comments-opened=\"1\" data-image-meta=\"{&quot;aperture&quot;:&quot;4&quot;,&quot;credit&quot;:&quot;&quot;,&quot;camera&quot;:&quot;FinePix HS20EXR&quot;,&quot;caption&quot;:&quot;&quot;,&quot;created_timestamp&quot;:&quot;1541632239&quot;,&quot;copyright&quot;:&quot;&quot;,&quot;focal_length&quot;:&quot;12.7&quot;,&quot;iso&quot;:&quot;800&quot;,&quot;shutter_speed&quot;:&quot;0.0125&quot;,&quot;title&quot;:&quot;&quot;,&quot;orientation&quot;:&quot;1&quot;}\" data-image-title=\"DSCF3030\" data-image-description=\"\" data-image-caption=\"&lt;p&gt;Mujeres mayas. Guatemala. C.Q.&lt;\/p&gt;\n\" data-large-file=\"https:\/\/i0.wp.com\/ollantayitzamna.com\/wp-content\/uploads\/2018\/11\/dscf3030.jpg?fit=800%2C533&amp;ssl=1\" class=\"alignnone size-full wp-image-701\" src=\"https:\/\/i0.wp.com\/ollantayitzamna.com\/wp-content\/uploads\/2018\/11\/dscf3030.jpg?resize=800%2C533&#038;ssl=1\" alt=\"DSCF3030\" width=\"800\" height=\"533\" \/><figcaption id=\"caption-attachment-701\" class=\"wp-caption-text\">Mujeres mayas. Guatemala. C.Q.<\/figcaption><\/figure>\n<p style=\"text-align:justify;\">Evo Morales, v\u00edctima y victorioso sobre las consecuencias del injerencismo norteamericano, indic\u00f3 que la unidad de los movimientos sociales e ind\u00edgenas pasa por abandonar la doctrina norteamericana:<\/p>\n<p style=\"padding-left:30px;text-align:justify;\"><em>\u201cPara unirnos hay que romper con la doctrina norteamericana. Dentro de los movimientos sociales. Especialmente en Bolivia, en los obreros, bien enraizados qu\u00e9: (\u2026) cualquier organizaci\u00f3n sindical o comunal no pueden hacer pol\u00edtica. A eso digo yo doctrina norteamericana. Doctrina del sistema capitalista. Por tanto, hab\u00eda poder sindical, pero no hab\u00eda poder pol\u00edtico. Otros nos dec\u00edan, no s\u00f3lo independencia sindical, sino pluralismo ideol\u00f3gico\u201d.<\/em><\/p>\n<p style=\"text-align:justify;\">Este mensaje desafi\u00f3 a muchos dirigentes e intelectuales mayas que en la actualidad promueven organizaciones \u201capol\u00edticas\u201d financiadas por la USAID en Guatemala.<\/p>\n<h2 style=\"text-align:justify;\"><strong>Plante\u00f3 la urgente necesidad de crear un instrumento pol\u00edtico propio de los pueblos y sectores humillados<\/strong><\/h2>\n<p style=\"text-align:justify;\">Evo Morales, sabe por experiencia propia que el discurso\/praxis de la \u201capoliticidad\u201d de los movimientos y organizaciones sociales tiene un alto costo pol\u00edtico para los pueblos. Por eso narra las razones de por qu\u00e9 en Bolivia se opt\u00f3 por la creaci\u00f3n de una organizaci\u00f3n pol\u00edtica propia.<\/p>\n<p style=\"text-align:justify;padding-left:30px;\"><em>\u201cImpulsamos el movimiento pol\u00edtico. Qu\u00e9 dijimos: no es s\u00f3lo suficiente tener el poder comunal, o el poder social, o el poder cultural si queremos cambiar Bolivia. Necesitamos un poder electoral (pol\u00edtico) con principios, programas y valores que nos dejaron nuestros antepasados (\u2026) un debate profundo dentro del movimiento ind\u00edgena campesino.<\/em><\/p>\n<p style=\"text-align:justify;padding-left:30px;\"><em>En cada pa\u00eds siempre a habido partidos de izquierda: un grupo de polit\u00f3logos se juntan, profesionales, antrop\u00f3logos, soci\u00f3logos. Es el partido de izquierda, partido del pueblo (\u2026). Pero, en Bolivia, esto nace del sector m\u00e1s del sector m\u00e1s humillado, m\u00e1s ofendido, m\u00e1s discriminado. Pol\u00edticamente oprimido, culturalmente alienado, econ\u00f3micamente socialmente explotado\u201d,<\/em> narr\u00f3 Morales.<\/p>\n<p style=\"text-align:justify;\">Adem\u00e1s, el Compa\u00f1ero Evo indic\u00f3: <em>\u201cEl Movimiento Al Socialismo (MAS-IPSP) est\u00e1 basado en todos los movimientos sociales. (\u2026) es el movimiento pol\u00edtico m\u00e1s grande desde la fundaci\u00f3n de la Rep\u00fablica, 1825\u201d<\/em>.<\/p>\n<h2 style=\"text-align:justify;\"><strong>Mencion\u00f3 algunos logros econ\u00f3micos de los 12 a\u00f1os de su gobierno<\/strong><\/h2>\n<p style=\"text-align:justify;\">El Presidente ind\u00edgena, que habla un castellano con un acento quechua marcado, quien apenas termin\u00f3 quinto grado de primaria a causa de la exclusi\u00f3n social, dej\u00f3 estupefactos a los doctores y licenciados del auditorio que poco o nada sab\u00edan de los resultados del proceso de cambio boliviano:<\/p>\n<p style=\"text-align:justify;padding-left:30px;\"><em>\u201c(En Bolivia), lo que no hicieron en gesti\u00f3n de 180 a\u00f1os, nosotros, pasamos, batimos record, en 12 a\u00f1os de gesti\u00f3n. 2005, inversi\u00f3n p\u00fablica, menos de 700 millones de d\u00f3lares (70% proven\u00eda de cr\u00e9ditos, 30% del tesoro p\u00fablico). A\u00f1o 2018, inversi\u00f3n p\u00fablica, 8 mil millones de d\u00f3lares.\u201d<\/em><\/p>\n<p style=\"text-align:justify;padding-left:30px;\"><em>\u201cCon las nacionalizaciones hemos cambiado la matriz econ\u00f3mica del pa\u00eds. En 180 a\u00f1os (de Rep\u00fablica) nos dejaron con 9.5 millones de d\u00f3lares del PIB. El a\u00f1o pasado llegamos a 37 mil millones de d\u00f3lares del PIB. Yo me pregunto: \u00bfacaso antes no hab\u00eda esa plata? Hab\u00eda esa plata. Pero, \u00bfd\u00f3nde se lo llevaban?\u201d<\/em><\/p>\n<p style=\"text-align:justify;padding-left:30px;\"><em>\u201cDurante el \u00e9poca neoliberal la renta petrolera acumulado era 2,300 millones de d\u00f3lares. 2018, la renta petrolera es de 36 mil millones de d\u00f3lares\u201d<\/em>.<\/p>\n<p style=\"text-align:justify;\">El Presidente, adem\u00e1s indic\u00f3 que la empresa de telefon\u00eda boliviana ENTEL, privatizado, para el a\u00f1o 2005 generaba una utilidad declarada de 70 millones de d\u00f3lares. Dicha empresa, nacionalizada en 2008, para el 2018 genera una utilidad de 150 millones de d\u00f3lares para el Estado Plurinacional.<\/p>\n<p style=\"text-align:justify;\">El compa\u00f1ero Presidente Morales, epilog\u00f3 su contundente y desafiante mensaje refiri\u00e9ndose a la agenda de los movimientos sociales de Bolivia en el poder:<\/p>\n<p style=\"text-align:justify;padding-left:30px;\"><em>\u201cEn lo pol\u00edtico, refundar Bolivia. En lo econ\u00f3mico, nacionalizar nuestros recursos naturales y empresas estrat\u00e9gicas. En lo social, redistribuir las ganancias econ\u00f3micas. Lo m\u00e1s dif\u00edcil ha sido la refundaci\u00f3n de Bolivia mediante Asamblea Constituyente. Lo m\u00e1s f\u00e1cil para m\u00ed ha sido la nacionalizaci\u00f3n de los recursos naturales. (\u2026) no me tembl\u00f3 la mano para nacionalizar, especialmente el gas y el petr\u00f3leo\u201d.<\/em><\/p>\n","protected":false},"excerpt":{"rendered":"<p>\u201cEn lo pol\u00edtico, refundar Bolivia. En lo econ\u00f3mico, nacionalizar nuestros recursos naturales y empresas estrat\u00e9gicas. En lo social, redistribuir las ganancias econ\u00f3micas. Lo m\u00e1s dif\u00edcil ha sido la refundaci\u00f3n de Bolivia mediante Asamblea Constituyente. Lo m\u00e1s f\u00e1cil para m\u00ed ha sido la nacionalizaci\u00f3n de los recursos naturales. (\u2026) no me tembl\u00f3 la mano para nacionalizar, [&hellip;]<\/p>\n","protected":false},"author":95365428,"featured_media":699,"comment_status":"open","ping_status":"open","sticky":false,"template":"","format":"standard","meta":{"_coblocks_attr":"","_coblocks_dimensions":"","_coblocks_responsive_height":"","_coblocks_accordion_ie_support":"","_crdt_document":"","_jetpack_newsletter_access":"","_jetpack_dont_email_post_to_subs":false,"_jetpack_newsletter_tier_id":0,"_jetpack_memberships_contains_paywalled_content":false,"_jetpack_memberships_contains_paid_content":false,"footnotes":"","jetpack_publicize_message":"","jetpack_publicize_feature_enabled":true,"jetpack_social_post_already_shared":false,"jetpack_social_options":{"image_generator_settings":{"template":"highway","default_image_id":0,"font":"","enabled":false},"version":2},"_wpas_customize_per_network":false,"jetpack_post_was_ever_published":false},"categories":[696796406],"tags":[226210,696795858,696795869,846965],"class_list":["post-698","post","type-post","status-publish","format-standard","has-post-thumbnail","hentry","category-comunalidad","tag-evo-morales","tag-guatemala","tag-movimientos-sociales","tag-pueblos-indigenas"],"yoast_head":"<!-- This site is optimized with the Yoast SEO plugin v27.4 - https:\/\/yoast.com\/product\/yoast-seo-wordpress\/ -->\n<title>Ense\u00f1anzas de EVO MORALES en Guatemala - Ollantay Itzamn\u00e1<\/title>\n<meta name=\"robots\" content=\"index, follow, max-snippet:-1, max-image-preview:large, max-video-preview:-1\" \/>\n<link rel=\"canonical\" href=\"https:\/\/ollantayitzamna.com\/?p=698\" \/>\n<meta property=\"og:locale\" content=\"es_ES\" \/>\n<meta property=\"og:type\" content=\"article\" \/>\n<meta property=\"og:title\" content=\"Ense\u00f1anzas de EVO MORALES en Guatemala - Ollantay Itzamn\u00e1\" \/>\n<meta property=\"og:description\" content=\"\u201cEn lo pol\u00edtico, refundar Bolivia. En lo econ\u00f3mico, nacionalizar nuestros recursos naturales y empresas estrat\u00e9gicas. En lo social, redistribuir las ganancias econ\u00f3micas. Lo m\u00e1s dif\u00edcil ha sido la refundaci\u00f3n de Bolivia mediante Asamblea Constituyente. Lo m\u00e1s f\u00e1cil para m\u00ed ha sido la nacionalizaci\u00f3n de los recursos naturales. (\u2026) no me tembl\u00f3 la mano para nacionalizar, [&hellip;]\" \/>\n<meta property=\"og:url\" content=\"https:\/\/ollantayitzamna.com\/?p=698\" \/>\n<meta property=\"og:site_name\" content=\"Ollantay Itzamn\u00e1\" \/>\n<meta property=\"article:published_time\" content=\"2018-11-19T05:05:17+00:00\" \/>\n<meta property=\"article:modified_time\" content=\"2025-07-04T01:20:20+00:00\" \/>\n<meta property=\"og:image\" content=\"https:\/\/i0.wp.com\/ollantayitzamna.com\/wp-content\/uploads\/2018\/11\/evo-usac.jpg?fit=1280%2C880&ssl=1\" \/>\n\t<meta property=\"og:image:width\" content=\"1280\" \/>\n\t<meta property=\"og:image:height\" content=\"880\" \/>\n\t<meta property=\"og:image:type\" content=\"image\/jpeg\" \/>\n<meta name=\"author\" content=\"ollantayitzamna\" \/>\n<meta name=\"twitter:card\" content=\"summary_large_image\" \/>\n<meta name=\"twitter:label1\" content=\"Escrito por\" \/>\n\t<meta name=\"twitter:data1\" content=\"ollantayitzamna\" \/>\n\t<meta name=\"twitter:label2\" content=\"Tiempo de lectura\" \/>\n\t<meta name=\"twitter:data2\" content=\"7 minutos\" \/>\n<script type=\"application\/ld+json\" class=\"yoast-schema-graph\">{\"@context\":\"https:\\\/\\\/schema.org\",\"@graph\":[{\"@type\":\"Article\",\"@id\":\"https:\\\/\\\/ollantayitzamna.com\\\/?p=698#article\",\"isPartOf\":{\"@id\":\"https:\\\/\\\/ollantayitzamna.com\\\/?p=698\"},\"author\":{\"name\":\"ollantayitzamna\",\"@id\":\"https:\\\/\\\/ollantayitzamna.com\\\/#\\\/schema\\\/person\\\/d7d683451f51a71c7d7c6b4b70437092\"},\"headline\":\"Ense\u00f1anzas de EVO MORALES en Guatemala\",\"datePublished\":\"2018-11-19T05:05:17+00:00\",\"dateModified\":\"2025-07-04T01:20:20+00:00\",\"mainEntityOfPage\":{\"@id\":\"https:\\\/\\\/ollantayitzamna.com\\\/?p=698\"},\"wordCount\":1471,\"commentCount\":0,\"image\":{\"@id\":\"https:\\\/\\\/ollantayitzamna.com\\\/?p=698#primaryimage\"},\"thumbnailUrl\":\"https:\\\/\\\/i0.wp.com\\\/ollantayitzamna.com\\\/wp-content\\\/uploads\\\/2018\\\/11\\\/evo-usac.jpg?fit=1280%2C880&ssl=1\",\"keywords\":[\"Evo Morales\",\"Guatemala\",\"Movimientos sociales\",\"pueblos ind\u00edgenas\"],\"articleSection\":[\"Comunalidad\"],\"inLanguage\":\"es\",\"potentialAction\":[{\"@type\":\"CommentAction\",\"name\":\"Comment\",\"target\":[\"https:\\\/\\\/ollantayitzamna.com\\\/?p=698#respond\"]}]},{\"@type\":\"WebPage\",\"@id\":\"https:\\\/\\\/ollantayitzamna.com\\\/?p=698\",\"url\":\"https:\\\/\\\/ollantayitzamna.com\\\/?p=698\",\"name\":\"Ense\u00f1anzas de EVO MORALES en Guatemala - Ollantay Itzamn\u00e1\",\"isPartOf\":{\"@id\":\"https:\\\/\\\/ollantayitzamna.com\\\/#website\"},\"primaryImageOfPage\":{\"@id\":\"https:\\\/\\\/ollantayitzamna.com\\\/?p=698#primaryimage\"},\"image\":{\"@id\":\"https:\\\/\\\/ollantayitzamna.com\\\/?p=698#primaryimage\"},\"thumbnailUrl\":\"https:\\\/\\\/i0.wp.com\\\/ollantayitzamna.com\\\/wp-content\\\/uploads\\\/2018\\\/11\\\/evo-usac.jpg?fit=1280%2C880&ssl=1\",\"datePublished\":\"2018-11-19T05:05:17+00:00\",\"dateModified\":\"2025-07-04T01:20:20+00:00\",\"author\":{\"@id\":\"https:\\\/\\\/ollantayitzamna.com\\\/#\\\/schema\\\/person\\\/d7d683451f51a71c7d7c6b4b70437092\"},\"breadcrumb\":{\"@id\":\"https:\\\/\\\/ollantayitzamna.com\\\/?p=698#breadcrumb\"},\"inLanguage\":\"es\",\"potentialAction\":[{\"@type\":\"ReadAction\",\"target\":[\"https:\\\/\\\/ollantayitzamna.com\\\/?p=698\"]}]},{\"@type\":\"ImageObject\",\"inLanguage\":\"es\",\"@id\":\"https:\\\/\\\/ollantayitzamna.com\\\/?p=698#primaryimage\",\"url\":\"https:\\\/\\\/i0.wp.com\\\/ollantayitzamna.com\\\/wp-content\\\/uploads\\\/2018\\\/11\\\/evo-usac.jpg?fit=1280%2C880&ssl=1\",\"contentUrl\":\"https:\\\/\\\/i0.wp.com\\\/ollantayitzamna.com\\\/wp-content\\\/uploads\\\/2018\\\/11\\\/evo-usac.jpg?fit=1280%2C880&ssl=1\",\"width\":1280,\"height\":880,\"caption\":\"Reconocimiento de Evo Morales. Doctor Honoris Causa. USAC. Guatemala. Internet\"},{\"@type\":\"BreadcrumbList\",\"@id\":\"https:\\\/\\\/ollantayitzamna.com\\\/?p=698#breadcrumb\",\"itemListElement\":[{\"@type\":\"ListItem\",\"position\":1,\"name\":\"Portada\",\"item\":\"https:\\\/\\\/ollantayitzamna.com\\\/\"},{\"@type\":\"ListItem\",\"position\":2,\"name\":\"Ense\u00f1anzas de EVO MORALES en Guatemala\"}]},{\"@type\":\"WebSite\",\"@id\":\"https:\\\/\\\/ollantayitzamna.com\\\/#website\",\"url\":\"https:\\\/\\\/ollantayitzamna.com\\\/\",\"name\":\"Ollantay Itzamn\u00e1\",\"description\":\"Susurros del silencio\",\"potentialAction\":[{\"@type\":\"SearchAction\",\"target\":{\"@type\":\"EntryPoint\",\"urlTemplate\":\"https:\\\/\\\/ollantayitzamna.com\\\/?s={search_term_string}\"},\"query-input\":{\"@type\":\"PropertyValueSpecification\",\"valueRequired\":true,\"valueName\":\"search_term_string\"}}],\"inLanguage\":\"es\"},{\"@type\":\"Person\",\"@id\":\"https:\\\/\\\/ollantayitzamna.com\\\/#\\\/schema\\\/person\\\/d7d683451f51a71c7d7c6b4b70437092\",\"name\":\"ollantayitzamna\",\"image\":{\"@type\":\"ImageObject\",\"inLanguage\":\"es\",\"@id\":\"https:\\\/\\\/secure.gravatar.com\\\/avatar\\\/576387c53cc1a5ef704abf20408627fa3cb969d3f33355a576a2b20d65397362?s=96&d=identicon&r=g\",\"url\":\"https:\\\/\\\/secure.gravatar.com\\\/avatar\\\/576387c53cc1a5ef704abf20408627fa3cb969d3f33355a576a2b20d65397362?s=96&d=identicon&r=g\",\"contentUrl\":\"https:\\\/\\\/secure.gravatar.com\\\/avatar\\\/576387c53cc1a5ef704abf20408627fa3cb969d3f33355a576a2b20d65397362?s=96&d=identicon&r=g\",\"caption\":\"ollantayitzamna\"},\"description\":\"Soy Tierra que siente, que llora, que ama, que conspira, que sue\u00f1a. Soy wawa (criatura) de la Pachamama.\",\"sameAs\":[\"http:\\\/\\\/ollantayitzamna.com\"],\"url\":\"https:\\\/\\\/ollantayitzamna.com\\\/?author=95365428\"}]}<\/script>\n<!-- \/ Yoast SEO plugin. -->","yoast_head_json":{"title":"Ense\u00f1anzas de EVO MORALES en Guatemala - Ollantay Itzamn\u00e1","robots":{"index":"index","follow":"follow","max-snippet":"max-snippet:-1","max-image-preview":"max-image-preview:large","max-video-preview":"max-video-preview:-1"},"canonical":"https:\/\/ollantayitzamna.com\/?p=698","og_locale":"es_ES","og_type":"article","og_title":"Ense\u00f1anzas de EVO MORALES en Guatemala - Ollantay Itzamn\u00e1","og_description":"\u201cEn lo pol\u00edtico, refundar Bolivia. En lo econ\u00f3mico, nacionalizar nuestros recursos naturales y empresas estrat\u00e9gicas. En lo social, redistribuir las ganancias econ\u00f3micas. Lo m\u00e1s dif\u00edcil ha sido la refundaci\u00f3n de Bolivia mediante Asamblea Constituyente. Lo m\u00e1s f\u00e1cil para m\u00ed ha sido la nacionalizaci\u00f3n de los recursos naturales. (\u2026) no me tembl\u00f3 la mano para nacionalizar, [&hellip;]","og_url":"https:\/\/ollantayitzamna.com\/?p=698","og_site_name":"Ollantay Itzamn\u00e1","article_published_time":"2018-11-19T05:05:17+00:00","article_modified_time":"2025-07-04T01:20:20+00:00","og_image":[{"width":1280,"height":880,"url":"https:\/\/i0.wp.com\/ollantayitzamna.com\/wp-content\/uploads\/2018\/11\/evo-usac.jpg?fit=1280%2C880&ssl=1","type":"image\/jpeg"}],"author":"ollantayitzamna","twitter_card":"summary_large_image","twitter_misc":{"Escrito por":"ollantayitzamna","Tiempo de lectura":"7 minutos"},"schema":{"@context":"https:\/\/schema.org","@graph":[{"@type":"Article","@id":"https:\/\/ollantayitzamna.com\/?p=698#article","isPartOf":{"@id":"https:\/\/ollantayitzamna.com\/?p=698"},"author":{"name":"ollantayitzamna","@id":"https:\/\/ollantayitzamna.com\/#\/schema\/person\/d7d683451f51a71c7d7c6b4b70437092"},"headline":"Ense\u00f1anzas de EVO MORALES en Guatemala","datePublished":"2018-11-19T05:05:17+00:00","dateModified":"2025-07-04T01:20:20+00:00","mainEntityOfPage":{"@id":"https:\/\/ollantayitzamna.com\/?p=698"},"wordCount":1471,"commentCount":0,"image":{"@id":"https:\/\/ollantayitzamna.com\/?p=698#primaryimage"},"thumbnailUrl":"https:\/\/i0.wp.com\/ollantayitzamna.com\/wp-content\/uploads\/2018\/11\/evo-usac.jpg?fit=1280%2C880&ssl=1","keywords":["Evo Morales","Guatemala","Movimientos sociales","pueblos ind\u00edgenas"],"articleSection":["Comunalidad"],"inLanguage":"es","potentialAction":[{"@type":"CommentAction","name":"Comment","target":["https:\/\/ollantayitzamna.com\/?p=698#respond"]}]},{"@type":"WebPage","@id":"https:\/\/ollantayitzamna.com\/?p=698","url":"https:\/\/ollantayitzamna.com\/?p=698","name":"Ense\u00f1anzas de EVO MORALES en Guatemala - Ollantay Itzamn\u00e1","isPartOf":{"@id":"https:\/\/ollantayitzamna.com\/#website"},"primaryImageOfPage":{"@id":"https:\/\/ollantayitzamna.com\/?p=698#primaryimage"},"image":{"@id":"https:\/\/ollantayitzamna.com\/?p=698#primaryimage"},"thumbnailUrl":"https:\/\/i0.wp.com\/ollantayitzamna.com\/wp-content\/uploads\/2018\/11\/evo-usac.jpg?fit=1280%2C880&ssl=1","datePublished":"2018-11-19T05:05:17+00:00","dateModified":"2025-07-04T01:20:20+00:00","author":{"@id":"https:\/\/ollantayitzamna.com\/#\/schema\/person\/d7d683451f51a71c7d7c6b4b70437092"},"breadcrumb":{"@id":"https:\/\/ollantayitzamna.com\/?p=698#breadcrumb"},"inLanguage":"es","potentialAction":[{"@type":"ReadAction","target":["https:\/\/ollantayitzamna.com\/?p=698"]}]},{"@type":"ImageObject","inLanguage":"es","@id":"https:\/\/ollantayitzamna.com\/?p=698#primaryimage","url":"https:\/\/i0.wp.com\/ollantayitzamna.com\/wp-content\/uploads\/2018\/11\/evo-usac.jpg?fit=1280%2C880&ssl=1","contentUrl":"https:\/\/i0.wp.com\/ollantayitzamna.com\/wp-content\/uploads\/2018\/11\/evo-usac.jpg?fit=1280%2C880&ssl=1","width":1280,"height":880,"caption":"Reconocimiento de Evo Morales. Doctor Honoris Causa. USAC. Guatemala. Internet"},{"@type":"BreadcrumbList","@id":"https:\/\/ollantayitzamna.com\/?p=698#breadcrumb","itemListElement":[{"@type":"ListItem","position":1,"name":"Portada","item":"https:\/\/ollantayitzamna.com\/"},{"@type":"ListItem","position":2,"name":"Ense\u00f1anzas de EVO MORALES en Guatemala"}]},{"@type":"WebSite","@id":"https:\/\/ollantayitzamna.com\/#website","url":"https:\/\/ollantayitzamna.com\/","name":"Ollantay Itzamn\u00e1","description":"Susurros del silencio","potentialAction":[{"@type":"SearchAction","target":{"@type":"EntryPoint","urlTemplate":"https:\/\/ollantayitzamna.com\/?s={search_term_string}"},"query-input":{"@type":"PropertyValueSpecification","valueRequired":true,"valueName":"search_term_string"}}],"inLanguage":"es"},{"@type":"Person","@id":"https:\/\/ollantayitzamna.com\/#\/schema\/person\/d7d683451f51a71c7d7c6b4b70437092","name":"ollantayitzamna","image":{"@type":"ImageObject","inLanguage":"es","@id":"https:\/\/secure.gravatar.com\/avatar\/576387c53cc1a5ef704abf20408627fa3cb969d3f33355a576a2b20d65397362?s=96&d=identicon&r=g","url":"https:\/\/secure.gravatar.com\/avatar\/576387c53cc1a5ef704abf20408627fa3cb969d3f33355a576a2b20d65397362?s=96&d=identicon&r=g","contentUrl":"https:\/\/secure.gravatar.com\/avatar\/576387c53cc1a5ef704abf20408627fa3cb969d3f33355a576a2b20d65397362?s=96&d=identicon&r=g","caption":"ollantayitzamna"},"description":"Soy Tierra que siente, que llora, que ama, que conspira, que sue\u00f1a. Soy wawa (criatura) de la Pachamama.","sameAs":["http:\/\/ollantayitzamna.com"],"url":"https:\/\/ollantayitzamna.com\/?author=95365428"}]}},"jetpack_publicize_connections":[],"jetpack_featured_media_url":"https:\/\/i0.wp.com\/ollantayitzamna.com\/wp-content\/uploads\/2018\/11\/evo-usac.jpg?fit=1280%2C880&ssl=1","jetpack_likes_enabled":true,"jetpack_sharing_enabled":true,"_links":{"self":[{"href":"https:\/\/ollantayitzamna.com\/index.php?rest_route=\/wp\/v2\/posts\/698","targetHints":{"allow":["GET"]}}],"collection":[{"href":"https:\/\/ollantayitzamna.com\/index.php?rest_route=\/wp\/v2\/posts"}],"about":[{"href":"https:\/\/ollantayitzamna.com\/index.php?rest_route=\/wp\/v2\/types\/post"}],"author":[{"embeddable":true,"href":"https:\/\/ollantayitzamna.com\/index.php?rest_route=\/wp\/v2\/users\/95365428"}],"replies":[{"embeddable":true,"href":"https:\/\/ollantayitzamna.com\/index.php?rest_route=%2Fwp%2Fv2%2Fcomments&post=698"}],"version-history":[{"count":4,"href":"https:\/\/ollantayitzamna.com\/index.php?rest_route=\/wp\/v2\/posts\/698\/revisions"}],"predecessor-version":[{"id":705,"href":"https:\/\/ollantayitzamna.com\/index.php?rest_route=\/wp\/v2\/posts\/698\/revisions\/705"}],"wp:featuredmedia":[{"embeddable":true,"href":"https:\/\/ollantayitzamna.com\/index.php?rest_route=\/wp\/v2\/media\/699"}],"wp:attachment":[{"href":"https:\/\/ollantayitzamna.com\/index.php?rest_route=%2Fwp%2Fv2%2Fmedia&parent=698"}],"wp:term":[{"taxonomy":"category","embeddable":true,"href":"https:\/\/ollantayitzamna.com\/index.php?rest_route=%2Fwp%2Fv2%2Fcategories&post=698"},{"taxonomy":"post_tag","embeddable":true,"href":"https:\/\/ollantayitzamna.com\/index.php?rest_route=%2Fwp%2Fv2%2Ftags&post=698"}],"curies":[{"name":"wp","href":"https:\/\/api.w.org\/{rel}","templated":true}]}}