{"id":7055,"date":"2025-11-09T13:02:41","date_gmt":"2025-11-09T19:02:41","guid":{"rendered":"https:\/\/ollantayitzamna.com\/?p=7055"},"modified":"2025-11-09T13:02:41","modified_gmt":"2025-11-09T19:02:41","slug":"sin-espiritualidad-no-hay-transformacion-politica-duradera-declaracion-de-teologias-politicas","status":"publish","type":"post","link":"https:\/\/ollantayitzamna.com\/?p=7055","title":{"rendered":"\u00abSin Espiritualidad no hay transformaci\u00f3n pol\u00edtica duradera\u00bb: Declaraci\u00f3n de Teolog\u00edas Pol\u00edticas"},"content":{"rendered":"\n<figure class=\"wp-block-gallery has-nested-images columns-default is-cropped wp-block-gallery-1 is-layout-flex wp-block-gallery-is-layout-flex\">\n<figure class=\"wp-block-image size-large\"><img data-recalc-dims=\"1\" fetchpriority=\"high\" decoding=\"async\" width=\"800\" height=\"451\" data-attachment-id=\"7053\" data-permalink=\"https:\/\/ollantayitzamna.com\/?attachment_id=7053\" data-orig-file=\"https:\/\/i0.wp.com\/ollantayitzamna.com\/wp-content\/uploads\/2025\/11\/20251107_0807487643277636340276137.jpg?fit=2000%2C1126&amp;ssl=1\" data-orig-size=\"2000,1126\" data-comments-opened=\"1\" data-image-meta=\"{&quot;aperture&quot;:&quot;1.7&quot;,&quot;credit&quot;:&quot;&quot;,&quot;camera&quot;:&quot;Galaxy S23 Ultra&quot;,&quot;caption&quot;:&quot;&quot;,&quot;created_timestamp&quot;:&quot;1762502868&quot;,&quot;copyright&quot;:&quot;&quot;,&quot;focal_length&quot;:&quot;6.3&quot;,&quot;iso&quot;:&quot;100&quot;,&quot;shutter_speed&quot;:&quot;0.016666666666667&quot;,&quot;title&quot;:&quot;&quot;,&quot;orientation&quot;:&quot;1&quot;}\" data-image-title=\"20251107_0807487643277636340276137\" data-image-description=\"\" data-image-caption=\"\" data-large-file=\"https:\/\/i0.wp.com\/ollantayitzamna.com\/wp-content\/uploads\/2025\/11\/20251107_0807487643277636340276137.jpg?fit=800%2C451&amp;ssl=1\" data-id=\"7053\" src=\"https:\/\/i0.wp.com\/ollantayitzamna.com\/wp-content\/uploads\/2025\/11\/20251107_0807487643277636340276137.jpg?resize=800%2C451&#038;ssl=1\" alt=\"\" class=\"wp-image-7053\" srcset=\"https:\/\/i0.wp.com\/ollantayitzamna.com\/wp-content\/uploads\/2025\/11\/20251107_0807487643277636340276137.jpg?resize=1024%2C577&amp;ssl=1 1024w, https:\/\/i0.wp.com\/ollantayitzamna.com\/wp-content\/uploads\/2025\/11\/20251107_0807487643277636340276137.jpg?resize=300%2C169&amp;ssl=1 300w, https:\/\/i0.wp.com\/ollantayitzamna.com\/wp-content\/uploads\/2025\/11\/20251107_0807487643277636340276137.jpg?resize=150%2C84&amp;ssl=1 150w, https:\/\/i0.wp.com\/ollantayitzamna.com\/wp-content\/uploads\/2025\/11\/20251107_0807487643277636340276137.jpg?resize=768%2C432&amp;ssl=1 768w, https:\/\/i0.wp.com\/ollantayitzamna.com\/wp-content\/uploads\/2025\/11\/20251107_0807487643277636340276137.jpg?resize=1536%2C865&amp;ssl=1 1536w, https:\/\/i0.wp.com\/ollantayitzamna.com\/wp-content\/uploads\/2025\/11\/20251107_0807487643277636340276137.jpg?w=2000&amp;ssl=1 2000w, https:\/\/i0.wp.com\/ollantayitzamna.com\/wp-content\/uploads\/2025\/11\/20251107_0807487643277636340276137.jpg?w=1600&amp;ssl=1 1600w\" sizes=\"(max-width: 800px) 100vw, 800px\" \/><\/figure>\n<\/figure>\n\n\n\n<p class=\"wp-block-paragraph\"><strong>Mazatenango, Guatemala &#8211; Con un llamado a entrelazar la espiritualidad con el compromiso pol\u00edtico para lograr una transformaci\u00f3n duradera, concluy\u00f3 en Mazatenango el Primer Encuentro de Espiritualidad y Teolog\u00eda Pol\u00edtica desde Abya Yala. M\u00e1s de 300 portavoces de comunidades eclesiales, movimientos sociales, te\u00f3logas, te\u00f3logos, y acad\u00e9micos de diversos pa\u00edses de Abya Yala \u2014incluyendo M\u00e9xico, Honduras, El Salvador, Colombia, Per\u00fa, Argentina, y Puerto Rico\u2014 se reunieron del 7 al 9 de noviembre de 2025 para compartir reflexiones y b\u00fasquedas comunes.<\/strong><\/p>\n\n\n\n<!--more-->\n\n\n\n<p class=\"wp-block-paragraph\">El evento, organizado por organizaciones como CODECA, \u00d1awi, y P\u00fablica Theology, surgi\u00f3 como un \u00abespacio de escucha y discernimiento para repensar la fe, la justicia y la esperanza\u00bb desde las realidades del continente y la sabidur\u00eda ancestral.<br><\/p>\n\n\n\n<p class=\"wp-block-paragraph\"><strong>Espiritualidad Encarnada y Decolonial<\/strong><br>La Declaraci\u00f3n de cierre destac\u00f3 una comprensi\u00f3n com\u00fan: la espiritualidad que nace en Abya Yala \u00abno puede separarse de la historia, de los cuerpos ni de la tierra\u00bb. Esta es una espiritualidad encarnada que se expresa en las luchas cotidianas y en el cuidado de la vida en todas sus formas.<\/p>\n\n\n\n<p class=\"wp-block-paragraph\">Frente al colonialismo, el patriarcado, el racismo y las nuevas formas de capitalismo global, los participantes afirmaron la urgencia de una teolog\u00eda que se piense y practique desde las comunidades, en clave pol\u00edtica, liberadora y decolonial.<\/p>\n\n\n\n<p class=\"wp-block-paragraph\">\u201cUna teolog\u00eda pol\u00edtica sin espiritualidad corre el riesgo de vaciarse de sentido, y una espiritualidad sin compromiso pol\u00edtico se vuelve est\u00e9ril ante el sufrimiento del mundo. Ambas dimensiones deben entrelazarse para que la fe se vuelva praxis transformadora.\u201d<\/p>\n\n\n\n<p class=\"wp-block-paragraph\"><strong>Tres dimensiones clave para la Teolog\u00eda Pol\u00edtica<\/strong><br>El Encuentro enfatiz\u00f3 que toda teolog\u00eda pol\u00edtica debe partir de tres dimensiones que expresan una metodolog\u00eda profundamente humana y espiritual:<\/p>\n\n\n\n<p class=\"wp-block-paragraph\">Sentir: Supone dejarse afectar por el sufrimiento y la esperanza de los pueblos.<\/p>\n\n\n\n<p class=\"wp-block-paragraph\">Cuidar: Implica asumir la responsabilidad mutua entre los seres humanos y con la creaci\u00f3n.<\/p>\n\n\n\n<p class=\"wp-block-paragraph\">Reparar: Remite a la acci\u00f3n transformadora que busca restaurar la dignidad y construir nuevas condiciones de vida.<br><\/p>\n\n\n\n<p class=\"wp-block-paragraph\">Adem\u00e1s, se reconoci\u00f3 la \u00abmochila ancestral\u00bb como s\u00edmbolo de la herencia espiritual y cultural de los pueblos, una memoria que resiste al olvido e inspira a tejer comunidad.<\/p>\n\n\n\n<p class=\"wp-block-paragraph\"><strong>Reconocimiento a la resistencia y mensaje final<\/strong><br>El equipo organizador expres\u00f3 su reconocimiento a las pr\u00e1cticas de organizaciones como CODECA y delegaciones internacionales, cuyas acciones son \u00abtestimonio vivo de una espiritualidad que se hace cuerpo y se convierte en resistencia\u00bb frente al fascismo, el racismo y la exclusi\u00f3n.<br><\/p>\n\n\n\n<p class=\"wp-block-paragraph\">El Encuentro reafirm\u00f3 su convicci\u00f3n de que \u00absin espiritualidad no hay transformaci\u00f3n pol\u00edtica duradera, y que sin justicia no puede haber verdadera espiritualidad\u00bb.<br><\/p>\n\n\n\n<p class=\"wp-block-paragraph\">Desde Mazatenango, Guatemala, el equipo organizador envi\u00f3 un mensaje de esperanza, resistencia y comuni\u00f3n al mundo, invitando a comunidades de fe y movimientos sociales a seguir tejiendo caminos comunes en la construcci\u00f3n de un horizonte de paz, equidad y dignidad.<\/p>\n","protected":false},"excerpt":{"rendered":"<p>Mazatenango, Guatemala &#8211; Con un llamado a entrelazar la espiritualidad con el compromiso pol\u00edtico para lograr una transformaci\u00f3n duradera, concluy\u00f3 en Mazatenango el Primer Encuentro de Espiritualidad y Teolog\u00eda Pol\u00edtica desde Abya Yala. M\u00e1s de 300 portavoces de comunidades eclesiales, movimientos sociales, te\u00f3logas, te\u00f3logos, y acad\u00e9micos de diversos pa\u00edses de Abya Yala \u2014incluyendo M\u00e9xico, Honduras, [&hellip;]<\/p>\n","protected":false},"author":95365428,"featured_media":7054,"comment_status":"open","ping_status":"open","sticky":false,"template":"","format":"standard","meta":{"_coblocks_attr":"","_coblocks_dimensions":"","_coblocks_responsive_height":"","_coblocks_accordion_ie_support":"","_jetpack_newsletter_access":"","_jetpack_dont_email_post_to_subs":false,"_jetpack_newsletter_tier_id":0,"_jetpack_memberships_contains_paywalled_content":false,"_wpcom_ai_launchpad_first_post":false,"_jetpack_feature_clip_id":0,"_jetpack_memberships_contains_paid_content":false,"footnotes":"","jetpack_publicize_message":"{title}\n\n{excerpt}\n\n{url}","jetpack_publicize_feature_enabled":true,"jetpack_social_post_already_shared":true,"jetpack_social_options":{"image_generator_settings":{"template":"highway","default_image_id":0,"font":"","enabled":false},"version":2},"_wpas_customize_per_network":false,"jetpack_post_was_ever_published":false},"categories":[406844226],"tags":[696796577,802477,696795858,696796356],"class_list":["post-7055","post","type-post","status-publish","format-standard","has-post-thumbnail","hentry","category-decolonialidad","tag-encuentro-continental","tag-espiritualidades","tag-guatemala","tag-teologia-politica"],"yoast_head":"<!-- This site is optimized with the Yoast SEO plugin v28.3 - https:\/\/yoast.com\/product\/yoast-seo-wordpress\/ -->\n<title>&quot;Sin Espiritualidad no hay transformaci\u00f3n pol\u00edtica duradera&quot;: Declaraci\u00f3n de Teolog\u00edas Pol\u00edticas - Ollantay Itzamn\u00e1<\/title>\n<meta name=\"robots\" content=\"index, follow, max-snippet:-1, max-image-preview:large, max-video-preview:-1\" \/>\n<link rel=\"canonical\" href=\"https:\/\/ollantayitzamna.com\/?p=7055\" \/>\n<meta property=\"og:locale\" content=\"es_ES\" \/>\n<meta property=\"og:type\" content=\"article\" \/>\n<meta property=\"og:title\" content=\"&quot;Sin Espiritualidad no hay transformaci\u00f3n pol\u00edtica duradera&quot;: Declaraci\u00f3n de Teolog\u00edas Pol\u00edticas - Ollantay Itzamn\u00e1\" \/>\n<meta property=\"og:description\" content=\"Mazatenango, Guatemala &#8211; Con un llamado a entrelazar la espiritualidad con el compromiso pol\u00edtico para lograr una transformaci\u00f3n duradera, concluy\u00f3 en Mazatenango el Primer Encuentro de Espiritualidad y Teolog\u00eda Pol\u00edtica desde Abya Yala. M\u00e1s de 300 portavoces de comunidades eclesiales, movimientos sociales, te\u00f3logas, te\u00f3logos, y acad\u00e9micos de diversos pa\u00edses de Abya Yala \u2014incluyendo M\u00e9xico, Honduras, [&hellip;]\" \/>\n<meta property=\"og:url\" content=\"https:\/\/ollantayitzamna.com\/?p=7055\" \/>\n<meta property=\"og:site_name\" content=\"Ollantay Itzamn\u00e1\" \/>\n<meta property=\"article:published_time\" content=\"2025-11-09T19:02:41+00:00\" \/>\n<meta property=\"og:image\" content=\"https:\/\/i0.wp.com\/ollantayitzamna.com\/wp-content\/uploads\/2025\/11\/20251107_0807487643277636340276137.jpg?fit=2000%2C1126&ssl=1\" \/>\n\t<meta property=\"og:image:width\" content=\"2000\" \/>\n\t<meta property=\"og:image:height\" content=\"1126\" \/>\n\t<meta property=\"og:image:type\" content=\"image\/jpeg\" \/>\n<meta name=\"author\" content=\"ollantayitzamna\" \/>\n<meta name=\"twitter:card\" content=\"summary_large_image\" \/>\n<meta name=\"twitter:label1\" content=\"Escrito por\" \/>\n\t<meta name=\"twitter:data1\" content=\"ollantayitzamna\" \/>\n\t<meta name=\"twitter:label2\" content=\"Tiempo de lectura\" \/>\n\t<meta name=\"twitter:data2\" content=\"2 minutos\" \/>\n<script type=\"application\/ld+json\" class=\"yoast-schema-graph\">{\"@context\":\"https:\\\/\\\/schema.org\",\"@graph\":[{\"@type\":\"Article\",\"@id\":\"https:\\\/\\\/ollantayitzamna.com\\\/?p=7055#article\",\"isPartOf\":{\"@id\":\"https:\\\/\\\/ollantayitzamna.com\\\/?p=7055\"},\"author\":{\"name\":\"ollantayitzamna\",\"@id\":\"https:\\\/\\\/ollantayitzamna.com\\\/#\\\/schema\\\/person\\\/d7d683451f51a71c7d7c6b4b70437092\"},\"headline\":\"\u00abSin Espiritualidad no hay transformaci\u00f3n pol\u00edtica duradera\u00bb: Declaraci\u00f3n de Teolog\u00edas Pol\u00edticas\",\"datePublished\":\"2025-11-09T19:02:41+00:00\",\"mainEntityOfPage\":{\"@id\":\"https:\\\/\\\/ollantayitzamna.com\\\/?p=7055\"},\"wordCount\":505,\"commentCount\":1,\"image\":{\"@id\":\"https:\\\/\\\/ollantayitzamna.com\\\/?p=7055#primaryimage\"},\"thumbnailUrl\":\"https:\\\/\\\/i0.wp.com\\\/ollantayitzamna.com\\\/wp-content\\\/uploads\\\/2025\\\/11\\\/IMG-20251109-WA0009.jpg?fit=1599%2C899&ssl=1\",\"keywords\":[\"encuentro continental\",\"espiritualidades\",\"Guatemala\",\"Teolog\u00eda Pol\u00edtica\"],\"articleSection\":[\"Decolonialidad\"],\"inLanguage\":\"es\",\"potentialAction\":[{\"@type\":\"CommentAction\",\"name\":\"Comment\",\"target\":[\"https:\\\/\\\/ollantayitzamna.com\\\/?p=7055#respond\"]}]},{\"@type\":\"WebPage\",\"@id\":\"https:\\\/\\\/ollantayitzamna.com\\\/?p=7055\",\"url\":\"https:\\\/\\\/ollantayitzamna.com\\\/?p=7055\",\"name\":\"\\\"Sin Espiritualidad no hay transformaci\u00f3n pol\u00edtica duradera\\\": Declaraci\u00f3n de Teolog\u00edas Pol\u00edticas - Ollantay Itzamn\u00e1\",\"isPartOf\":{\"@id\":\"https:\\\/\\\/ollantayitzamna.com\\\/#website\"},\"primaryImageOfPage\":{\"@id\":\"https:\\\/\\\/ollantayitzamna.com\\\/?p=7055#primaryimage\"},\"image\":{\"@id\":\"https:\\\/\\\/ollantayitzamna.com\\\/?p=7055#primaryimage\"},\"thumbnailUrl\":\"https:\\\/\\\/i0.wp.com\\\/ollantayitzamna.com\\\/wp-content\\\/uploads\\\/2025\\\/11\\\/IMG-20251109-WA0009.jpg?fit=1599%2C899&ssl=1\",\"datePublished\":\"2025-11-09T19:02:41+00:00\",\"author\":{\"@id\":\"https:\\\/\\\/ollantayitzamna.com\\\/#\\\/schema\\\/person\\\/d7d683451f51a71c7d7c6b4b70437092\"},\"breadcrumb\":{\"@id\":\"https:\\\/\\\/ollantayitzamna.com\\\/?p=7055#breadcrumb\"},\"inLanguage\":\"es\",\"potentialAction\":[{\"@type\":\"ReadAction\",\"target\":[\"https:\\\/\\\/ollantayitzamna.com\\\/?p=7055\"]}]},{\"@type\":\"ImageObject\",\"inLanguage\":\"es\",\"@id\":\"https:\\\/\\\/ollantayitzamna.com\\\/?p=7055#primaryimage\",\"url\":\"https:\\\/\\\/i0.wp.com\\\/ollantayitzamna.com\\\/wp-content\\\/uploads\\\/2025\\\/11\\\/IMG-20251109-WA0009.jpg?fit=1599%2C899&ssl=1\",\"contentUrl\":\"https:\\\/\\\/i0.wp.com\\\/ollantayitzamna.com\\\/wp-content\\\/uploads\\\/2025\\\/11\\\/IMG-20251109-WA0009.jpg?fit=1599%2C899&ssl=1\",\"width\":1599,\"height\":899},{\"@type\":\"BreadcrumbList\",\"@id\":\"https:\\\/\\\/ollantayitzamna.com\\\/?p=7055#breadcrumb\",\"itemListElement\":[{\"@type\":\"ListItem\",\"position\":1,\"name\":\"Portada\",\"item\":\"https:\\\/\\\/ollantayitzamna.com\\\/\"},{\"@type\":\"ListItem\",\"position\":2,\"name\":\"\u00abSin Espiritualidad no hay transformaci\u00f3n pol\u00edtica duradera\u00bb: Declaraci\u00f3n de Teolog\u00edas Pol\u00edticas\"}]},{\"@type\":\"WebSite\",\"@id\":\"https:\\\/\\\/ollantayitzamna.com\\\/#website\",\"url\":\"https:\\\/\\\/ollantayitzamna.com\\\/\",\"name\":\"Ollantay Itzamn\u00e1\",\"description\":\"Susurros del silencio\",\"potentialAction\":[{\"@type\":\"SearchAction\",\"target\":{\"@type\":\"EntryPoint\",\"urlTemplate\":\"https:\\\/\\\/ollantayitzamna.com\\\/?s={search_term_string}\"},\"query-input\":{\"@type\":\"PropertyValueSpecification\",\"valueRequired\":true,\"valueName\":\"search_term_string\"}}],\"inLanguage\":\"es\"},{\"@type\":\"Person\",\"@id\":\"https:\\\/\\\/ollantayitzamna.com\\\/#\\\/schema\\\/person\\\/d7d683451f51a71c7d7c6b4b70437092\",\"name\":\"ollantayitzamna\",\"image\":{\"@type\":\"ImageObject\",\"inLanguage\":\"es\",\"@id\":\"https:\\\/\\\/secure.gravatar.com\\\/avatar\\\/576387c53cc1a5ef704abf20408627fa3cb969d3f33355a576a2b20d65397362?s=96&d=identicon&r=g\",\"url\":\"https:\\\/\\\/secure.gravatar.com\\\/avatar\\\/576387c53cc1a5ef704abf20408627fa3cb969d3f33355a576a2b20d65397362?s=96&d=identicon&r=g\",\"contentUrl\":\"https:\\\/\\\/secure.gravatar.com\\\/avatar\\\/576387c53cc1a5ef704abf20408627fa3cb969d3f33355a576a2b20d65397362?s=96&d=identicon&r=g\",\"caption\":\"ollantayitzamna\"},\"description\":\"Soy Tierra que siente, que llora, que ama, que conspira, que sue\u00f1a. Soy wawa (criatura) de la Pachamama.\",\"sameAs\":[\"http:\\\/\\\/ollantayitzamna.com\"],\"url\":\"https:\\\/\\\/ollantayitzamna.com\\\/?author=95365428\"}]}<\/script>\n<!-- \/ Yoast SEO plugin. -->","yoast_head_json":{"title":"\"Sin Espiritualidad no hay transformaci\u00f3n pol\u00edtica duradera\": Declaraci\u00f3n de Teolog\u00edas Pol\u00edticas - Ollantay Itzamn\u00e1","robots":{"index":"index","follow":"follow","max-snippet":"max-snippet:-1","max-image-preview":"max-image-preview:large","max-video-preview":"max-video-preview:-1"},"canonical":"https:\/\/ollantayitzamna.com\/?p=7055","og_locale":"es_ES","og_type":"article","og_title":"\"Sin Espiritualidad no hay transformaci\u00f3n pol\u00edtica duradera\": Declaraci\u00f3n de Teolog\u00edas Pol\u00edticas - Ollantay Itzamn\u00e1","og_description":"Mazatenango, Guatemala &#8211; Con un llamado a entrelazar la espiritualidad con el compromiso pol\u00edtico para lograr una transformaci\u00f3n duradera, concluy\u00f3 en Mazatenango el Primer Encuentro de Espiritualidad y Teolog\u00eda Pol\u00edtica desde Abya Yala. M\u00e1s de 300 portavoces de comunidades eclesiales, movimientos sociales, te\u00f3logas, te\u00f3logos, y acad\u00e9micos de diversos pa\u00edses de Abya Yala \u2014incluyendo M\u00e9xico, Honduras, [&hellip;]","og_url":"https:\/\/ollantayitzamna.com\/?p=7055","og_site_name":"Ollantay Itzamn\u00e1","article_published_time":"2025-11-09T19:02:41+00:00","og_image":[{"width":2000,"height":1126,"url":"https:\/\/i0.wp.com\/ollantayitzamna.com\/wp-content\/uploads\/2025\/11\/20251107_0807487643277636340276137.jpg?fit=2000%2C1126&ssl=1","type":"image\/jpeg"}],"author":"ollantayitzamna","twitter_card":"summary_large_image","twitter_misc":{"Escrito por":"ollantayitzamna","Tiempo de lectura":"2 minutos"},"schema":{"@context":"https:\/\/schema.org","@graph":[{"@type":"Article","@id":"https:\/\/ollantayitzamna.com\/?p=7055#article","isPartOf":{"@id":"https:\/\/ollantayitzamna.com\/?p=7055"},"author":{"name":"ollantayitzamna","@id":"https:\/\/ollantayitzamna.com\/#\/schema\/person\/d7d683451f51a71c7d7c6b4b70437092"},"headline":"\u00abSin Espiritualidad no hay transformaci\u00f3n pol\u00edtica duradera\u00bb: Declaraci\u00f3n de Teolog\u00edas Pol\u00edticas","datePublished":"2025-11-09T19:02:41+00:00","mainEntityOfPage":{"@id":"https:\/\/ollantayitzamna.com\/?p=7055"},"wordCount":505,"commentCount":1,"image":{"@id":"https:\/\/ollantayitzamna.com\/?p=7055#primaryimage"},"thumbnailUrl":"https:\/\/i0.wp.com\/ollantayitzamna.com\/wp-content\/uploads\/2025\/11\/IMG-20251109-WA0009.jpg?fit=1599%2C899&ssl=1","keywords":["encuentro continental","espiritualidades","Guatemala","Teolog\u00eda Pol\u00edtica"],"articleSection":["Decolonialidad"],"inLanguage":"es","potentialAction":[{"@type":"CommentAction","name":"Comment","target":["https:\/\/ollantayitzamna.com\/?p=7055#respond"]}]},{"@type":"WebPage","@id":"https:\/\/ollantayitzamna.com\/?p=7055","url":"https:\/\/ollantayitzamna.com\/?p=7055","name":"\"Sin Espiritualidad no hay transformaci\u00f3n pol\u00edtica duradera\": Declaraci\u00f3n de Teolog\u00edas Pol\u00edticas - Ollantay Itzamn\u00e1","isPartOf":{"@id":"https:\/\/ollantayitzamna.com\/#website"},"primaryImageOfPage":{"@id":"https:\/\/ollantayitzamna.com\/?p=7055#primaryimage"},"image":{"@id":"https:\/\/ollantayitzamna.com\/?p=7055#primaryimage"},"thumbnailUrl":"https:\/\/i0.wp.com\/ollantayitzamna.com\/wp-content\/uploads\/2025\/11\/IMG-20251109-WA0009.jpg?fit=1599%2C899&ssl=1","datePublished":"2025-11-09T19:02:41+00:00","author":{"@id":"https:\/\/ollantayitzamna.com\/#\/schema\/person\/d7d683451f51a71c7d7c6b4b70437092"},"breadcrumb":{"@id":"https:\/\/ollantayitzamna.com\/?p=7055#breadcrumb"},"inLanguage":"es","potentialAction":[{"@type":"ReadAction","target":["https:\/\/ollantayitzamna.com\/?p=7055"]}]},{"@type":"ImageObject","inLanguage":"es","@id":"https:\/\/ollantayitzamna.com\/?p=7055#primaryimage","url":"https:\/\/i0.wp.com\/ollantayitzamna.com\/wp-content\/uploads\/2025\/11\/IMG-20251109-WA0009.jpg?fit=1599%2C899&ssl=1","contentUrl":"https:\/\/i0.wp.com\/ollantayitzamna.com\/wp-content\/uploads\/2025\/11\/IMG-20251109-WA0009.jpg?fit=1599%2C899&ssl=1","width":1599,"height":899},{"@type":"BreadcrumbList","@id":"https:\/\/ollantayitzamna.com\/?p=7055#breadcrumb","itemListElement":[{"@type":"ListItem","position":1,"name":"Portada","item":"https:\/\/ollantayitzamna.com\/"},{"@type":"ListItem","position":2,"name":"\u00abSin Espiritualidad no hay transformaci\u00f3n pol\u00edtica duradera\u00bb: Declaraci\u00f3n de Teolog\u00edas Pol\u00edticas"}]},{"@type":"WebSite","@id":"https:\/\/ollantayitzamna.com\/#website","url":"https:\/\/ollantayitzamna.com\/","name":"Ollantay Itzamn\u00e1","description":"Susurros del silencio","potentialAction":[{"@type":"SearchAction","target":{"@type":"EntryPoint","urlTemplate":"https:\/\/ollantayitzamna.com\/?s={search_term_string}"},"query-input":{"@type":"PropertyValueSpecification","valueRequired":true,"valueName":"search_term_string"}}],"inLanguage":"es"},{"@type":"Person","@id":"https:\/\/ollantayitzamna.com\/#\/schema\/person\/d7d683451f51a71c7d7c6b4b70437092","name":"ollantayitzamna","image":{"@type":"ImageObject","inLanguage":"es","@id":"https:\/\/secure.gravatar.com\/avatar\/576387c53cc1a5ef704abf20408627fa3cb969d3f33355a576a2b20d65397362?s=96&d=identicon&r=g","url":"https:\/\/secure.gravatar.com\/avatar\/576387c53cc1a5ef704abf20408627fa3cb969d3f33355a576a2b20d65397362?s=96&d=identicon&r=g","contentUrl":"https:\/\/secure.gravatar.com\/avatar\/576387c53cc1a5ef704abf20408627fa3cb969d3f33355a576a2b20d65397362?s=96&d=identicon&r=g","caption":"ollantayitzamna"},"description":"Soy Tierra que siente, que llora, que ama, que conspira, que sue\u00f1a. Soy wawa (criatura) de la Pachamama.","sameAs":["http:\/\/ollantayitzamna.com"],"url":"https:\/\/ollantayitzamna.com\/?author=95365428"}]}},"jetpack_publicize_connections":[],"jetpack_likes_enabled":true,"jetpack_sharing_enabled":true,"jetpack_featured_media_url":"https:\/\/i0.wp.com\/ollantayitzamna.com\/wp-content\/uploads\/2025\/11\/IMG-20251109-WA0009.jpg?fit=1599%2C899&ssl=1","_links":{"self":[{"href":"https:\/\/ollantayitzamna.com\/index.php?rest_route=\/wp\/v2\/posts\/7055","targetHints":{"allow":["GET"]}}],"collection":[{"href":"https:\/\/ollantayitzamna.com\/index.php?rest_route=\/wp\/v2\/posts"}],"about":[{"href":"https:\/\/ollantayitzamna.com\/index.php?rest_route=\/wp\/v2\/types\/post"}],"author":[{"embeddable":true,"href":"https:\/\/ollantayitzamna.com\/index.php?rest_route=\/wp\/v2\/users\/95365428"}],"replies":[{"embeddable":true,"href":"https:\/\/ollantayitzamna.com\/index.php?rest_route=%2Fwp%2Fv2%2Fcomments&post=7055"}],"version-history":[{"count":0,"href":"https:\/\/ollantayitzamna.com\/index.php?rest_route=\/wp\/v2\/posts\/7055\/revisions"}],"wp:featuredmedia":[{"embeddable":true,"href":"https:\/\/ollantayitzamna.com\/index.php?rest_route=\/wp\/v2\/media\/7054"}],"wp:attachment":[{"href":"https:\/\/ollantayitzamna.com\/index.php?rest_route=%2Fwp%2Fv2%2Fmedia&parent=7055"}],"wp:term":[{"taxonomy":"category","embeddable":true,"href":"https:\/\/ollantayitzamna.com\/index.php?rest_route=%2Fwp%2Fv2%2Fcategories&post=7055"},{"taxonomy":"post_tag","embeddable":true,"href":"https:\/\/ollantayitzamna.com\/index.php?rest_route=%2Fwp%2Fv2%2Ftags&post=7055"}],"curies":[{"name":"wp","href":"https:\/\/api.w.org\/{rel}","templated":true}]}}