{"id":7393,"date":"2026-04-22T12:06:55","date_gmt":"2026-04-22T18:06:55","guid":{"rendered":"https:\/\/ollantayitzamna.com\/?p=7393"},"modified":"2026-04-22T12:06:55","modified_gmt":"2026-04-22T18:06:55","slug":"campesinos-y-estudiantes-protestan-en-las-calles-de-guatemala","status":"publish","type":"post","link":"https:\/\/ollantayitzamna.com\/?p=7393","title":{"rendered":"Campesinos y estudiantes protestan en las calles de Guatemala"},"content":{"rendered":"\n<figure class=\"wp-block-gallery has-nested-images columns-default is-cropped wp-block-gallery-1 is-layout-flex wp-block-gallery-is-layout-flex\">\n<figure class=\"wp-block-image size-large\"><img data-recalc-dims=\"1\" fetchpriority=\"high\" decoding=\"async\" width=\"800\" height=\"600\" data-attachment-id=\"7390\" data-permalink=\"https:\/\/ollantayitzamna.com\/?attachment_id=7390\" data-orig-file=\"https:\/\/i0.wp.com\/ollantayitzamna.com\/wp-content\/uploads\/2026\/04\/fb_img_1776879636638795788065298005231.jpg?fit=1440%2C1080&amp;ssl=1\" data-orig-size=\"1440,1080\" data-comments-opened=\"1\" data-image-meta=\"{&quot;aperture&quot;:&quot;0&quot;,&quot;credit&quot;:&quot;&quot;,&quot;camera&quot;:&quot;&quot;,&quot;caption&quot;:&quot;&quot;,&quot;created_timestamp&quot;:&quot;0&quot;,&quot;copyright&quot;:&quot;&quot;,&quot;focal_length&quot;:&quot;0&quot;,&quot;iso&quot;:&quot;0&quot;,&quot;shutter_speed&quot;:&quot;0&quot;,&quot;title&quot;:&quot;&quot;,&quot;orientation&quot;:&quot;1&quot;}\" data-image-title=\"fb_img_1776879636638795788065298005231\" data-image-description=\"\" data-image-caption=\"\" data-large-file=\"https:\/\/i0.wp.com\/ollantayitzamna.com\/wp-content\/uploads\/2026\/04\/fb_img_1776879636638795788065298005231.jpg?fit=800%2C600&amp;ssl=1\" data-id=\"7390\" src=\"https:\/\/i0.wp.com\/ollantayitzamna.com\/wp-content\/uploads\/2026\/04\/fb_img_1776879636638795788065298005231.jpg?resize=800%2C600&#038;ssl=1\" alt=\"\" class=\"wp-image-7390\" srcset=\"https:\/\/i0.wp.com\/ollantayitzamna.com\/wp-content\/uploads\/2026\/04\/fb_img_1776879636638795788065298005231.jpg?resize=1024%2C768&amp;ssl=1 1024w, https:\/\/i0.wp.com\/ollantayitzamna.com\/wp-content\/uploads\/2026\/04\/fb_img_1776879636638795788065298005231.jpg?resize=300%2C225&amp;ssl=1 300w, https:\/\/i0.wp.com\/ollantayitzamna.com\/wp-content\/uploads\/2026\/04\/fb_img_1776879636638795788065298005231.jpg?resize=150%2C113&amp;ssl=1 150w, https:\/\/i0.wp.com\/ollantayitzamna.com\/wp-content\/uploads\/2026\/04\/fb_img_1776879636638795788065298005231.jpg?resize=768%2C576&amp;ssl=1 768w, https:\/\/i0.wp.com\/ollantayitzamna.com\/wp-content\/uploads\/2026\/04\/fb_img_1776879636638795788065298005231.jpg?w=1440&amp;ssl=1 1440w\" sizes=\"(max-width: 800px) 100vw, 800px\" \/><\/figure>\n<\/figure>\n\n\n\n<p class=\"wp-block-paragraph\"><strong>CIUDAD DE GUATEMALA<\/strong> \u2013 Desde las primeras horas de este mi\u00e9rcoles 22 de abril, la capital guatemalteca se convirti\u00f3 en el escenario de una masiva movilizaci\u00f3n encabezada por organizaciones campesinas y estudiantes universitarios. La marcha, que inici\u00f3 a las 7:00 a.m., tuvo como objetivo central exigir soluciones a la crisis agraria y manifestar un firme rechazo a lo que califican como un \u00abfraude electoral\u00bb en la reciente elecci\u00f3n del Rector de la Universidad de San Carlos de Guatemala (USAC).<\/p>\n\n\n\n<!--more-->\n\n\n\n<h3 class=\"wp-block-heading\">Bloques de protesta y recorridos<\/h3>\n\n\n\n<figure class=\"wp-block-gallery has-nested-images columns-default is-cropped wp-block-gallery-2 is-layout-flex wp-block-gallery-is-layout-flex\">\n<figure class=\"wp-block-image size-large\"><img data-recalc-dims=\"1\" decoding=\"async\" width=\"800\" height=\"600\" data-attachment-id=\"7391\" data-permalink=\"https:\/\/ollantayitzamna.com\/?attachment_id=7391\" data-orig-file=\"https:\/\/i0.wp.com\/ollantayitzamna.com\/wp-content\/uploads\/2026\/04\/fb_img_17768796420626234821649563338145.jpg?fit=1440%2C1080&amp;ssl=1\" data-orig-size=\"1440,1080\" data-comments-opened=\"1\" data-image-meta=\"{&quot;aperture&quot;:&quot;0&quot;,&quot;credit&quot;:&quot;&quot;,&quot;camera&quot;:&quot;&quot;,&quot;caption&quot;:&quot;&quot;,&quot;created_timestamp&quot;:&quot;0&quot;,&quot;copyright&quot;:&quot;&quot;,&quot;focal_length&quot;:&quot;0&quot;,&quot;iso&quot;:&quot;0&quot;,&quot;shutter_speed&quot;:&quot;0&quot;,&quot;title&quot;:&quot;&quot;,&quot;orientation&quot;:&quot;1&quot;}\" data-image-title=\"fb_img_17768796420626234821649563338145\" data-image-description=\"\" data-image-caption=\"\" data-large-file=\"https:\/\/i0.wp.com\/ollantayitzamna.com\/wp-content\/uploads\/2026\/04\/fb_img_17768796420626234821649563338145.jpg?fit=800%2C600&amp;ssl=1\" data-id=\"7391\" src=\"https:\/\/i0.wp.com\/ollantayitzamna.com\/wp-content\/uploads\/2026\/04\/fb_img_17768796420626234821649563338145.jpg?resize=800%2C600&#038;ssl=1\" alt=\"\" class=\"wp-image-7391\" srcset=\"https:\/\/i0.wp.com\/ollantayitzamna.com\/wp-content\/uploads\/2026\/04\/fb_img_17768796420626234821649563338145.jpg?resize=1024%2C768&amp;ssl=1 1024w, https:\/\/i0.wp.com\/ollantayitzamna.com\/wp-content\/uploads\/2026\/04\/fb_img_17768796420626234821649563338145.jpg?resize=300%2C225&amp;ssl=1 300w, https:\/\/i0.wp.com\/ollantayitzamna.com\/wp-content\/uploads\/2026\/04\/fb_img_17768796420626234821649563338145.jpg?resize=150%2C113&amp;ssl=1 150w, https:\/\/i0.wp.com\/ollantayitzamna.com\/wp-content\/uploads\/2026\/04\/fb_img_17768796420626234821649563338145.jpg?resize=768%2C576&amp;ssl=1 768w, https:\/\/i0.wp.com\/ollantayitzamna.com\/wp-content\/uploads\/2026\/04\/fb_img_17768796420626234821649563338145.jpg?w=1440&amp;ssl=1 1440w\" sizes=\"(max-width: 800px) 100vw, 800px\" \/><\/figure>\n<\/figure>\n\n\n\n<p class=\"wp-block-paragraph\">La jornada de protesta fue convocada por el <strong>Comit\u00e9 de Desarrollo Campesino (Codeca)<\/strong>, el <strong>Comit\u00e9 de Unidad Campesina (CCDA)<\/strong> y diversos colectivos de <strong>estudiantes de la USAC<\/strong>. Los manifestantes ingresaron a la urbe por las principales v\u00edas de acceso, afectando el tr\u00e1nsito en las rutas hacia el Centro Hist\u00f3rico.<br>Los diferentes frentes de la marcha convergieron en la <strong>Zona 1<\/strong>, avanzando de manera pac\u00edfica pero con consignas contundentes. Entre las demandas principales se encuentran:<\/p>\n\n\n\n<p class=\"wp-block-paragraph\"><strong>Conflictividad Agraria:<\/strong> Exigencia de acceso a tierras y el cese de desalojos en \u00e1reas rurales.<\/p>\n\n\n\n<p class=\"wp-block-paragraph\"><strong>Autonom\u00eda Universitaria:<\/strong> Denuncia de irregularidades en el proceso de elecci\u00f3n de las autoridades de la USAC, exigiendo la repetici\u00f3n de los comicios.<\/p>\n\n\n\n<p class=\"wp-block-paragraph\"><strong>Costo de la Vida:<\/strong> Protestas contra el alza en los precios de productos de la canasta b\u00e1sica.<\/p>\n\n\n\n<ul class=\"wp-block-list\"><\/ul>\n\n\n\n<h3 class=\"wp-block-heading\">Silencio del Ejecutivo<\/h3>\n\n\n\n<p class=\"wp-block-paragraph\">A pesar de la magnitud de la protesta y la presencia de los manifestantes en las cercan\u00edas de la sede de gobierno, la administraci\u00f3n del presidente <strong>Bernardo Ar\u00e9valo<\/strong> no ha emitido ninguna postura oficial hasta el momento.<\/p>\n","protected":false},"excerpt":{"rendered":"<p>CIUDAD DE GUATEMALA \u2013 Desde las primeras horas de este mi\u00e9rcoles 22 de abril, la capital guatemalteca se convirti\u00f3 en el escenario de una masiva movilizaci\u00f3n encabezada por organizaciones campesinas y estudiantes universitarios. La marcha, que inici\u00f3 a las 7:00 a.m., tuvo como objetivo central exigir soluciones a la crisis agraria y manifestar un firme [&hellip;]<\/p>\n","protected":false},"author":95365428,"featured_media":7392,"comment_status":"open","ping_status":"open","sticky":false,"template":"","format":"standard","meta":{"_coblocks_attr":"","_coblocks_dimensions":"","_coblocks_responsive_height":"","_coblocks_accordion_ie_support":"","_crdt_document":"","_jetpack_newsletter_access":"","_jetpack_dont_email_post_to_subs":false,"_jetpack_newsletter_tier_id":0,"_jetpack_memberships_contains_paywalled_content":false,"_jetpack_memberships_contains_paid_content":false,"footnotes":"","jetpack_publicize_message":"","jetpack_publicize_feature_enabled":true,"jetpack_social_post_already_shared":true,"jetpack_social_options":{"image_generator_settings":{"template":"highway","default_image_id":0,"font":"","enabled":false},"version":2},"_wpas_customize_per_network":false,"jetpack_post_was_ever_published":false},"categories":[696796406],"tags":[696796624,989952,1649489,5578823,549904,1032800],"class_list":["post-7393","post","type-post","status-publish","format-standard","has-post-thumbnail","hentry","category-comunalidad","tag-22-de-abril","tag-campesinos","tag-ccda","tag-codeca","tag-manifestacion","tag-usac"],"yoast_head":"<!-- This site is optimized with the Yoast SEO plugin v27.5 - https:\/\/yoast.com\/product\/yoast-seo-wordpress\/ -->\n<title>Campesinos y estudiantes protestan en las calles de Guatemala - Ollantay Itzamn\u00e1<\/title>\n<meta name=\"robots\" content=\"index, follow, max-snippet:-1, max-image-preview:large, max-video-preview:-1\" \/>\n<link rel=\"canonical\" href=\"https:\/\/ollantayitzamna.com\/?p=7393\" \/>\n<meta property=\"og:locale\" content=\"es_ES\" \/>\n<meta property=\"og:type\" content=\"article\" \/>\n<meta property=\"og:title\" content=\"Campesinos y estudiantes protestan en las calles de Guatemala - Ollantay Itzamn\u00e1\" \/>\n<meta property=\"og:description\" content=\"CIUDAD DE GUATEMALA \u2013 Desde las primeras horas de este mi\u00e9rcoles 22 de abril, la capital guatemalteca se convirti\u00f3 en el escenario de una masiva movilizaci\u00f3n encabezada por organizaciones campesinas y estudiantes universitarios. La marcha, que inici\u00f3 a las 7:00 a.m., tuvo como objetivo central exigir soluciones a la crisis agraria y manifestar un firme [&hellip;]\" \/>\n<meta property=\"og:url\" content=\"https:\/\/ollantayitzamna.com\/?p=7393\" \/>\n<meta property=\"og:site_name\" content=\"Ollantay Itzamn\u00e1\" \/>\n<meta property=\"article:published_time\" content=\"2026-04-22T18:06:55+00:00\" \/>\n<meta property=\"og:image\" content=\"https:\/\/ollantayitzamna.com\/wp-content\/uploads\/2026\/04\/fb_img_1776879636638795788065298005231-1024x768.jpg\" \/>\n<meta name=\"author\" content=\"ollantayitzamna\" \/>\n<meta name=\"twitter:card\" content=\"summary_large_image\" \/>\n<meta name=\"twitter:label1\" content=\"Escrito por\" \/>\n\t<meta name=\"twitter:data1\" content=\"ollantayitzamna\" \/>\n\t<meta name=\"twitter:label2\" content=\"Tiempo de lectura\" \/>\n\t<meta name=\"twitter:data2\" content=\"1 minuto\" \/>\n<script type=\"application\/ld+json\" class=\"yoast-schema-graph\">{\"@context\":\"https:\\\/\\\/schema.org\",\"@graph\":[{\"@type\":\"Article\",\"@id\":\"https:\\\/\\\/ollantayitzamna.com\\\/?p=7393#article\",\"isPartOf\":{\"@id\":\"https:\\\/\\\/ollantayitzamna.com\\\/?p=7393\"},\"author\":{\"name\":\"ollantayitzamna\",\"@id\":\"https:\\\/\\\/ollantayitzamna.com\\\/#\\\/schema\\\/person\\\/d7d683451f51a71c7d7c6b4b70437092\"},\"headline\":\"Campesinos y estudiantes protestan en las calles de Guatemala\",\"datePublished\":\"2026-04-22T18:06:55+00:00\",\"mainEntityOfPage\":{\"@id\":\"https:\\\/\\\/ollantayitzamna.com\\\/?p=7393\"},\"wordCount\":272,\"commentCount\":1,\"image\":{\"@id\":\"https:\\\/\\\/ollantayitzamna.com\\\/?p=7393#primaryimage\"},\"thumbnailUrl\":\"https:\\\/\\\/i0.wp.com\\\/ollantayitzamna.com\\\/wp-content\\\/uploads\\\/2026\\\/04\\\/FB_IMG_1776879636638.jpg?fit=1440%2C1080&ssl=1\",\"keywords\":[\"22 de abril\",\"campesinos\",\"CCDA\",\"CODECA\",\"manifestaci\u00f3n\",\"USAC\"],\"articleSection\":[\"Comunalidad\"],\"inLanguage\":\"es\",\"potentialAction\":[{\"@type\":\"CommentAction\",\"name\":\"Comment\",\"target\":[\"https:\\\/\\\/ollantayitzamna.com\\\/?p=7393#respond\"]}]},{\"@type\":\"WebPage\",\"@id\":\"https:\\\/\\\/ollantayitzamna.com\\\/?p=7393\",\"url\":\"https:\\\/\\\/ollantayitzamna.com\\\/?p=7393\",\"name\":\"Campesinos y estudiantes protestan en las calles de Guatemala - Ollantay Itzamn\u00e1\",\"isPartOf\":{\"@id\":\"https:\\\/\\\/ollantayitzamna.com\\\/#website\"},\"primaryImageOfPage\":{\"@id\":\"https:\\\/\\\/ollantayitzamna.com\\\/?p=7393#primaryimage\"},\"image\":{\"@id\":\"https:\\\/\\\/ollantayitzamna.com\\\/?p=7393#primaryimage\"},\"thumbnailUrl\":\"https:\\\/\\\/i0.wp.com\\\/ollantayitzamna.com\\\/wp-content\\\/uploads\\\/2026\\\/04\\\/FB_IMG_1776879636638.jpg?fit=1440%2C1080&ssl=1\",\"datePublished\":\"2026-04-22T18:06:55+00:00\",\"author\":{\"@id\":\"https:\\\/\\\/ollantayitzamna.com\\\/#\\\/schema\\\/person\\\/d7d683451f51a71c7d7c6b4b70437092\"},\"breadcrumb\":{\"@id\":\"https:\\\/\\\/ollantayitzamna.com\\\/?p=7393#breadcrumb\"},\"inLanguage\":\"es\",\"potentialAction\":[{\"@type\":\"ReadAction\",\"target\":[\"https:\\\/\\\/ollantayitzamna.com\\\/?p=7393\"]}]},{\"@type\":\"ImageObject\",\"inLanguage\":\"es\",\"@id\":\"https:\\\/\\\/ollantayitzamna.com\\\/?p=7393#primaryimage\",\"url\":\"https:\\\/\\\/i0.wp.com\\\/ollantayitzamna.com\\\/wp-content\\\/uploads\\\/2026\\\/04\\\/FB_IMG_1776879636638.jpg?fit=1440%2C1080&ssl=1\",\"contentUrl\":\"https:\\\/\\\/i0.wp.com\\\/ollantayitzamna.com\\\/wp-content\\\/uploads\\\/2026\\\/04\\\/FB_IMG_1776879636638.jpg?fit=1440%2C1080&ssl=1\",\"width\":1440,\"height\":1080},{\"@type\":\"BreadcrumbList\",\"@id\":\"https:\\\/\\\/ollantayitzamna.com\\\/?p=7393#breadcrumb\",\"itemListElement\":[{\"@type\":\"ListItem\",\"position\":1,\"name\":\"Portada\",\"item\":\"https:\\\/\\\/ollantayitzamna.com\\\/\"},{\"@type\":\"ListItem\",\"position\":2,\"name\":\"Campesinos y estudiantes protestan en las calles de Guatemala\"}]},{\"@type\":\"WebSite\",\"@id\":\"https:\\\/\\\/ollantayitzamna.com\\\/#website\",\"url\":\"https:\\\/\\\/ollantayitzamna.com\\\/\",\"name\":\"Ollantay Itzamn\u00e1\",\"description\":\"Susurros del silencio\",\"potentialAction\":[{\"@type\":\"SearchAction\",\"target\":{\"@type\":\"EntryPoint\",\"urlTemplate\":\"https:\\\/\\\/ollantayitzamna.com\\\/?s={search_term_string}\"},\"query-input\":{\"@type\":\"PropertyValueSpecification\",\"valueRequired\":true,\"valueName\":\"search_term_string\"}}],\"inLanguage\":\"es\"},{\"@type\":\"Person\",\"@id\":\"https:\\\/\\\/ollantayitzamna.com\\\/#\\\/schema\\\/person\\\/d7d683451f51a71c7d7c6b4b70437092\",\"name\":\"ollantayitzamna\",\"image\":{\"@type\":\"ImageObject\",\"inLanguage\":\"es\",\"@id\":\"https:\\\/\\\/secure.gravatar.com\\\/avatar\\\/576387c53cc1a5ef704abf20408627fa3cb969d3f33355a576a2b20d65397362?s=96&d=identicon&r=g\",\"url\":\"https:\\\/\\\/secure.gravatar.com\\\/avatar\\\/576387c53cc1a5ef704abf20408627fa3cb969d3f33355a576a2b20d65397362?s=96&d=identicon&r=g\",\"contentUrl\":\"https:\\\/\\\/secure.gravatar.com\\\/avatar\\\/576387c53cc1a5ef704abf20408627fa3cb969d3f33355a576a2b20d65397362?s=96&d=identicon&r=g\",\"caption\":\"ollantayitzamna\"},\"description\":\"Soy Tierra que siente, que llora, que ama, que conspira, que sue\u00f1a. Soy wawa (criatura) de la Pachamama.\",\"sameAs\":[\"http:\\\/\\\/ollantayitzamna.com\"],\"url\":\"https:\\\/\\\/ollantayitzamna.com\\\/?author=95365428\"}]}<\/script>\n<!-- \/ Yoast SEO plugin. -->","yoast_head_json":{"title":"Campesinos y estudiantes protestan en las calles de Guatemala - Ollantay Itzamn\u00e1","robots":{"index":"index","follow":"follow","max-snippet":"max-snippet:-1","max-image-preview":"max-image-preview:large","max-video-preview":"max-video-preview:-1"},"canonical":"https:\/\/ollantayitzamna.com\/?p=7393","og_locale":"es_ES","og_type":"article","og_title":"Campesinos y estudiantes protestan en las calles de Guatemala - Ollantay Itzamn\u00e1","og_description":"CIUDAD DE GUATEMALA \u2013 Desde las primeras horas de este mi\u00e9rcoles 22 de abril, la capital guatemalteca se convirti\u00f3 en el escenario de una masiva movilizaci\u00f3n encabezada por organizaciones campesinas y estudiantes universitarios. La marcha, que inici\u00f3 a las 7:00 a.m., tuvo como objetivo central exigir soluciones a la crisis agraria y manifestar un firme [&hellip;]","og_url":"https:\/\/ollantayitzamna.com\/?p=7393","og_site_name":"Ollantay Itzamn\u00e1","article_published_time":"2026-04-22T18:06:55+00:00","og_image":[{"url":"https:\/\/ollantayitzamna.com\/wp-content\/uploads\/2026\/04\/fb_img_1776879636638795788065298005231-1024x768.jpg","type":"","width":"","height":""}],"author":"ollantayitzamna","twitter_card":"summary_large_image","twitter_misc":{"Escrito por":"ollantayitzamna","Tiempo de lectura":"1 minuto"},"schema":{"@context":"https:\/\/schema.org","@graph":[{"@type":"Article","@id":"https:\/\/ollantayitzamna.com\/?p=7393#article","isPartOf":{"@id":"https:\/\/ollantayitzamna.com\/?p=7393"},"author":{"name":"ollantayitzamna","@id":"https:\/\/ollantayitzamna.com\/#\/schema\/person\/d7d683451f51a71c7d7c6b4b70437092"},"headline":"Campesinos y estudiantes protestan en las calles de Guatemala","datePublished":"2026-04-22T18:06:55+00:00","mainEntityOfPage":{"@id":"https:\/\/ollantayitzamna.com\/?p=7393"},"wordCount":272,"commentCount":1,"image":{"@id":"https:\/\/ollantayitzamna.com\/?p=7393#primaryimage"},"thumbnailUrl":"https:\/\/i0.wp.com\/ollantayitzamna.com\/wp-content\/uploads\/2026\/04\/FB_IMG_1776879636638.jpg?fit=1440%2C1080&ssl=1","keywords":["22 de abril","campesinos","CCDA","CODECA","manifestaci\u00f3n","USAC"],"articleSection":["Comunalidad"],"inLanguage":"es","potentialAction":[{"@type":"CommentAction","name":"Comment","target":["https:\/\/ollantayitzamna.com\/?p=7393#respond"]}]},{"@type":"WebPage","@id":"https:\/\/ollantayitzamna.com\/?p=7393","url":"https:\/\/ollantayitzamna.com\/?p=7393","name":"Campesinos y estudiantes protestan en las calles de Guatemala - Ollantay Itzamn\u00e1","isPartOf":{"@id":"https:\/\/ollantayitzamna.com\/#website"},"primaryImageOfPage":{"@id":"https:\/\/ollantayitzamna.com\/?p=7393#primaryimage"},"image":{"@id":"https:\/\/ollantayitzamna.com\/?p=7393#primaryimage"},"thumbnailUrl":"https:\/\/i0.wp.com\/ollantayitzamna.com\/wp-content\/uploads\/2026\/04\/FB_IMG_1776879636638.jpg?fit=1440%2C1080&ssl=1","datePublished":"2026-04-22T18:06:55+00:00","author":{"@id":"https:\/\/ollantayitzamna.com\/#\/schema\/person\/d7d683451f51a71c7d7c6b4b70437092"},"breadcrumb":{"@id":"https:\/\/ollantayitzamna.com\/?p=7393#breadcrumb"},"inLanguage":"es","potentialAction":[{"@type":"ReadAction","target":["https:\/\/ollantayitzamna.com\/?p=7393"]}]},{"@type":"ImageObject","inLanguage":"es","@id":"https:\/\/ollantayitzamna.com\/?p=7393#primaryimage","url":"https:\/\/i0.wp.com\/ollantayitzamna.com\/wp-content\/uploads\/2026\/04\/FB_IMG_1776879636638.jpg?fit=1440%2C1080&ssl=1","contentUrl":"https:\/\/i0.wp.com\/ollantayitzamna.com\/wp-content\/uploads\/2026\/04\/FB_IMG_1776879636638.jpg?fit=1440%2C1080&ssl=1","width":1440,"height":1080},{"@type":"BreadcrumbList","@id":"https:\/\/ollantayitzamna.com\/?p=7393#breadcrumb","itemListElement":[{"@type":"ListItem","position":1,"name":"Portada","item":"https:\/\/ollantayitzamna.com\/"},{"@type":"ListItem","position":2,"name":"Campesinos y estudiantes protestan en las calles de Guatemala"}]},{"@type":"WebSite","@id":"https:\/\/ollantayitzamna.com\/#website","url":"https:\/\/ollantayitzamna.com\/","name":"Ollantay Itzamn\u00e1","description":"Susurros del silencio","potentialAction":[{"@type":"SearchAction","target":{"@type":"EntryPoint","urlTemplate":"https:\/\/ollantayitzamna.com\/?s={search_term_string}"},"query-input":{"@type":"PropertyValueSpecification","valueRequired":true,"valueName":"search_term_string"}}],"inLanguage":"es"},{"@type":"Person","@id":"https:\/\/ollantayitzamna.com\/#\/schema\/person\/d7d683451f51a71c7d7c6b4b70437092","name":"ollantayitzamna","image":{"@type":"ImageObject","inLanguage":"es","@id":"https:\/\/secure.gravatar.com\/avatar\/576387c53cc1a5ef704abf20408627fa3cb969d3f33355a576a2b20d65397362?s=96&d=identicon&r=g","url":"https:\/\/secure.gravatar.com\/avatar\/576387c53cc1a5ef704abf20408627fa3cb969d3f33355a576a2b20d65397362?s=96&d=identicon&r=g","contentUrl":"https:\/\/secure.gravatar.com\/avatar\/576387c53cc1a5ef704abf20408627fa3cb969d3f33355a576a2b20d65397362?s=96&d=identicon&r=g","caption":"ollantayitzamna"},"description":"Soy Tierra que siente, que llora, que ama, que conspira, que sue\u00f1a. Soy wawa (criatura) de la Pachamama.","sameAs":["http:\/\/ollantayitzamna.com"],"url":"https:\/\/ollantayitzamna.com\/?author=95365428"}]}},"jetpack_publicize_connections":[],"jetpack_featured_media_url":"https:\/\/i0.wp.com\/ollantayitzamna.com\/wp-content\/uploads\/2026\/04\/FB_IMG_1776879636638.jpg?fit=1440%2C1080&ssl=1","jetpack_likes_enabled":true,"jetpack_sharing_enabled":true,"_links":{"self":[{"href":"https:\/\/ollantayitzamna.com\/index.php?rest_route=\/wp\/v2\/posts\/7393","targetHints":{"allow":["GET"]}}],"collection":[{"href":"https:\/\/ollantayitzamna.com\/index.php?rest_route=\/wp\/v2\/posts"}],"about":[{"href":"https:\/\/ollantayitzamna.com\/index.php?rest_route=\/wp\/v2\/types\/post"}],"author":[{"embeddable":true,"href":"https:\/\/ollantayitzamna.com\/index.php?rest_route=\/wp\/v2\/users\/95365428"}],"replies":[{"embeddable":true,"href":"https:\/\/ollantayitzamna.com\/index.php?rest_route=%2Fwp%2Fv2%2Fcomments&post=7393"}],"version-history":[{"count":0,"href":"https:\/\/ollantayitzamna.com\/index.php?rest_route=\/wp\/v2\/posts\/7393\/revisions"}],"wp:featuredmedia":[{"embeddable":true,"href":"https:\/\/ollantayitzamna.com\/index.php?rest_route=\/wp\/v2\/media\/7392"}],"wp:attachment":[{"href":"https:\/\/ollantayitzamna.com\/index.php?rest_route=%2Fwp%2Fv2%2Fmedia&parent=7393"}],"wp:term":[{"taxonomy":"category","embeddable":true,"href":"https:\/\/ollantayitzamna.com\/index.php?rest_route=%2Fwp%2Fv2%2Fcategories&post=7393"},{"taxonomy":"post_tag","embeddable":true,"href":"https:\/\/ollantayitzamna.com\/index.php?rest_route=%2Fwp%2Fv2%2Ftags&post=7393"}],"curies":[{"name":"wp","href":"https:\/\/api.w.org\/{rel}","templated":true}]}}