{"id":7399,"date":"2026-04-24T04:04:10","date_gmt":"2026-04-24T10:04:10","guid":{"rendered":"https:\/\/ollantayitzamna.com\/?p=7399"},"modified":"2026-04-24T04:04:10","modified_gmt":"2026-04-24T10:04:10","slug":"el-clamor-del-sur-leon-xiv-y-el-renacimiento-de-nazaret-en-africa","status":"publish","type":"post","link":"https:\/\/ollantayitzamna.com\/?p=7399","title":{"rendered":"El Clamor del Sur: Le\u00f3n XIV y el Renacimiento de Nazaret en \u00c1frica"},"content":{"rendered":"\n<h2 class=\"wp-block-heading\">La historia de la Iglesia y de la geopol\u00edtica mundial ha dado un vuelco s\u00edsmico. Lo que antes era considerado por los centros de poder como la \u00abperiferia\u00bb o el \u00abcontinente olvidado\u00bb, se ha erigido hoy como el epicentro moral de la humanidad. Bajo el pontificado de <strong>Le\u00f3n XIV<\/strong>, \u00c1frica no solo ha dejado de ser el territorio saqueado por el extractivismo colonial; se ha transformado en el <strong>nuevo Nazaret<\/strong>, el humilde punto de origen desde donde emana una verdad que incomoda a los poderosos.<\/h2>\n\n\n\n<figure class=\"wp-block-gallery has-nested-images columns-default is-cropped wp-block-gallery-1 is-layout-flex wp-block-gallery-is-layout-flex\">\n<figure class=\"wp-block-image\"><img decoding=\"async\" data-id=\"541\" src=\"file:\/\/\/data\/user\/0\/com.jetpack.android\/cache\/papa-leon-xiv-47818763972532630730.jpg\" alt=\"\" class=\"wp-image-541\"\/><\/figure>\n<\/figure>\n\n\n\n<!--more-->\n\n\n\n<h3 class=\"wp-block-heading\">Del Saqueo a la Resurrecci\u00f3n<\/h3>\n\n\n\n<p class=\"wp-block-paragraph\">Durante siglos, el imperio vio en \u00c1frica una cantera de recursos y una cifra en sus libros contables. Le\u00f3n XIV, con una sensibilidad que raya en lo m\u00edstico pero con los pies firmemente hundidos en la tierra roja del continente, ha invertido los t\u00e9rminos. Al trasladar su voz y su presencia al coraz\u00f3n de \u00c1frica, el Papa ha enviado un mensaje claro: <strong>el futuro de la justicia social no nacer\u00e1 de los salones de m\u00e1rmol de Bruselas o Washington, sino del clamor de los pueblos que han resistido.<\/strong><br \/>Este \u00abProfetismo de los Pobres\u00bb ha articulado una tr\u00edada que el imperio cre\u00eda haber enterrado:<\/p>\n\n\n\n<ul class=\"wp-block-list\">\n<li><strong>Anti-imperialismo radical:<\/strong> Una denuncia frontal a las estructuras financieras que encadenan a las naciones en desarrollo.<\/li>\n\n\n\n<li><strong>Cultura de la Paz:<\/strong> No como la ausencia de guerra, sino como la presencia de justicia distributiva.<\/li>\n\n\n\n<li><strong>Desobediencia Mundial:<\/strong> Un llamado a los ciudadanos del mundo a dejar de servir a los \u00eddolos del mercado y el consumo desenfrenado.<\/li>\n<\/ul>\n\n\n\n<h3 class=\"wp-block-heading\">El Choque de Dos Mundos: Le\u00f3n XIV vs. el Imperio<\/h3>\n\n\n\n<p class=\"wp-block-paragraph\">El escenario internacional ha sido testigo de un contraste casi cinematogr\u00e1fico. Por un lado, la <strong>brabuconada de Donald Trump<\/strong>, encarnando el \u00faltimo estertor de un imperialismo que intenta sostenerse mediante muros, aranceles y la ret\u00f3rica del miedo. Por el otro, la figura serena pero inquebrantable de Le\u00f3n XIV, quien desde la humildad de su \u00abNazaret africano\u00bb, ha restado validez a las amenazas del emperador.<\/p>\n\n\n\n<p class=\"wp-block-paragraph\">\u00abNo se puede servir a Dios y al Dinero, ni se puede hablar de paz mientras se financia el saqueo de los hermanos.\u00bb \u2014 Le\u00f3n XIV.<\/p>\n\n\n\n<p class=\"wp-block-paragraph\">Esta postura no es meramente diplom\u00e1tica; es <strong>prof\u00e9tica<\/strong>. Al no amilanarse ante las presiones de la Casa Blanca, Le\u00f3n XIV ha devuelto a la Iglesia su rol de \u00abpiedra de tropiezo\u00bb para los tiranos. Su llamado a la desobediencia civil global contra las pol\u00edticas que destruyen la Casa Com\u00fan y la dignidad humana ha calado hondo, creando una red de solidaridad que el imperio simplemente no puede bombardear.<\/p>\n\n\n\n<h3 class=\"wp-block-heading\">\u00c1frica ya no es el patio trasero del mundo; es la c\u00e1tedra desde la cual se dicta la nueva gram\u00e1tica del esp\u00edritu humano. Le\u00f3n XIV ha demostrado que para salvar al mundo, hay que mirarlo desde las heridas. La justicia social ha dejado de ser una utop\u00eda de escritorio para convertirse en un mandato divino que camina con sandalias sobre el polvo africano, record\u00e1ndonos que el imperio es temporal, pero la verdad de los pueblos es eterna.<\/h3>\n","protected":false},"excerpt":{"rendered":"<p>La historia de la Iglesia y de la geopol\u00edtica mundial ha dado un vuelco s\u00edsmico. Lo que antes era considerado por los centros de poder como la \u00abperiferia\u00bb o el \u00abcontinente olvidado\u00bb, se ha erigido hoy como el epicentro moral de la humanidad. Bajo el pontificado de Le\u00f3n XIV, \u00c1frica no solo ha dejado de [&hellip;]<\/p>\n","protected":false},"author":95365428,"featured_media":7398,"comment_status":"open","ping_status":"open","sticky":true,"template":"","format":"standard","meta":{"_coblocks_attr":"","_coblocks_dimensions":"","_coblocks_responsive_height":"","_coblocks_accordion_ie_support":"","_crdt_document":"","_jetpack_newsletter_access":"","_jetpack_dont_email_post_to_subs":false,"_jetpack_newsletter_tier_id":0,"_jetpack_memberships_contains_paywalled_content":false,"_jetpack_memberships_contains_paid_content":false,"footnotes":"","jetpack_publicize_message":"","jetpack_publicize_feature_enabled":true,"jetpack_social_post_already_shared":true,"jetpack_social_options":{"image_generator_settings":{"template":"highway","default_image_id":0,"font":"","enabled":false},"version":2},"_wpas_customize_per_network":false,"jetpack_post_was_ever_published":false},"categories":[406844226],"tags":[696796629,696796287,696796630,696796610,696796628],"class_list":["post-7399","post","type-post","status-publish","format-standard","has-post-thumbnail","hentry","category-decolonialidad","tag-anti-imperialismo","tag-africa","tag-desobediencia-global","tag-leon-xiv","tag-profetismo"],"yoast_head":"<!-- This site is optimized with the Yoast SEO plugin v27.4 - https:\/\/yoast.com\/product\/yoast-seo-wordpress\/ -->\n<title>El Clamor del Sur: Le\u00f3n XIV y el Renacimiento de Nazaret en \u00c1frica - Ollantay Itzamn\u00e1<\/title>\n<meta name=\"robots\" content=\"index, follow, max-snippet:-1, max-image-preview:large, max-video-preview:-1\" \/>\n<link rel=\"canonical\" href=\"https:\/\/ollantayitzamna.com\/?p=7399\" \/>\n<meta property=\"og:locale\" content=\"es_ES\" \/>\n<meta property=\"og:type\" content=\"article\" \/>\n<meta property=\"og:title\" content=\"El Clamor del Sur: Le\u00f3n XIV y el Renacimiento de Nazaret en \u00c1frica - Ollantay Itzamn\u00e1\" \/>\n<meta property=\"og:description\" content=\"La historia de la Iglesia y de la geopol\u00edtica mundial ha dado un vuelco s\u00edsmico. Lo que antes era considerado por los centros de poder como la \u00abperiferia\u00bb o el \u00abcontinente olvidado\u00bb, se ha erigido hoy como el epicentro moral de la humanidad. Bajo el pontificado de Le\u00f3n XIV, \u00c1frica no solo ha dejado de [&hellip;]\" \/>\n<meta property=\"og:url\" content=\"https:\/\/ollantayitzamna.com\/?p=7399\" \/>\n<meta property=\"og:site_name\" content=\"Ollantay Itzamn\u00e1\" \/>\n<meta property=\"article:published_time\" content=\"2026-04-24T10:04:10+00:00\" \/>\n<meta property=\"og:image\" content=\"https:\/\/i0.wp.com\/ollantayitzamna.com\/wp-content\/uploads\/2026\/04\/PAPA-LEON-XIV-4.jpg?fit=1920%2C1280&ssl=1\" \/>\n\t<meta property=\"og:image:width\" content=\"1920\" \/>\n\t<meta property=\"og:image:height\" content=\"1280\" \/>\n\t<meta property=\"og:image:type\" content=\"image\/jpeg\" \/>\n<meta name=\"author\" content=\"ollantayitzamna\" \/>\n<meta name=\"twitter:card\" content=\"summary_large_image\" \/>\n<meta name=\"twitter:label1\" content=\"Escrito por\" \/>\n\t<meta name=\"twitter:data1\" content=\"ollantayitzamna\" \/>\n\t<meta name=\"twitter:label2\" content=\"Tiempo de lectura\" \/>\n\t<meta name=\"twitter:data2\" content=\"3 minutos\" \/>\n<script type=\"application\/ld+json\" class=\"yoast-schema-graph\">{\"@context\":\"https:\\\/\\\/schema.org\",\"@graph\":[{\"@type\":\"Article\",\"@id\":\"https:\\\/\\\/ollantayitzamna.com\\\/?p=7399#article\",\"isPartOf\":{\"@id\":\"https:\\\/\\\/ollantayitzamna.com\\\/?p=7399\"},\"author\":{\"name\":\"ollantayitzamna\",\"@id\":\"https:\\\/\\\/ollantayitzamna.com\\\/#\\\/schema\\\/person\\\/d7d683451f51a71c7d7c6b4b70437092\"},\"headline\":\"El Clamor del Sur: Le\u00f3n XIV y el Renacimiento de Nazaret en \u00c1frica\",\"datePublished\":\"2026-04-24T10:04:10+00:00\",\"mainEntityOfPage\":{\"@id\":\"https:\\\/\\\/ollantayitzamna.com\\\/?p=7399\"},\"wordCount\":533,\"commentCount\":0,\"image\":{\"@id\":\"https:\\\/\\\/ollantayitzamna.com\\\/?p=7399#primaryimage\"},\"thumbnailUrl\":\"https:\\\/\\\/i0.wp.com\\\/ollantayitzamna.com\\\/wp-content\\\/uploads\\\/2026\\\/04\\\/PAPA-LEON-XIV-4.jpg?fit=1920%2C1280&ssl=1\",\"keywords\":[\"anti imperialismo\",\"\u00c1frica\",\"desobediencia global\",\"Le\u00f3n XIV\",\"profetismo\"],\"articleSection\":[\"Decolonialidad\"],\"inLanguage\":\"es\",\"potentialAction\":[{\"@type\":\"CommentAction\",\"name\":\"Comment\",\"target\":[\"https:\\\/\\\/ollantayitzamna.com\\\/?p=7399#respond\"]}]},{\"@type\":\"WebPage\",\"@id\":\"https:\\\/\\\/ollantayitzamna.com\\\/?p=7399\",\"url\":\"https:\\\/\\\/ollantayitzamna.com\\\/?p=7399\",\"name\":\"El Clamor del Sur: Le\u00f3n XIV y el Renacimiento de Nazaret en \u00c1frica - Ollantay Itzamn\u00e1\",\"isPartOf\":{\"@id\":\"https:\\\/\\\/ollantayitzamna.com\\\/#website\"},\"primaryImageOfPage\":{\"@id\":\"https:\\\/\\\/ollantayitzamna.com\\\/?p=7399#primaryimage\"},\"image\":{\"@id\":\"https:\\\/\\\/ollantayitzamna.com\\\/?p=7399#primaryimage\"},\"thumbnailUrl\":\"https:\\\/\\\/i0.wp.com\\\/ollantayitzamna.com\\\/wp-content\\\/uploads\\\/2026\\\/04\\\/PAPA-LEON-XIV-4.jpg?fit=1920%2C1280&ssl=1\",\"datePublished\":\"2026-04-24T10:04:10+00:00\",\"author\":{\"@id\":\"https:\\\/\\\/ollantayitzamna.com\\\/#\\\/schema\\\/person\\\/d7d683451f51a71c7d7c6b4b70437092\"},\"breadcrumb\":{\"@id\":\"https:\\\/\\\/ollantayitzamna.com\\\/?p=7399#breadcrumb\"},\"inLanguage\":\"es\",\"potentialAction\":[{\"@type\":\"ReadAction\",\"target\":[\"https:\\\/\\\/ollantayitzamna.com\\\/?p=7399\"]}]},{\"@type\":\"ImageObject\",\"inLanguage\":\"es\",\"@id\":\"https:\\\/\\\/ollantayitzamna.com\\\/?p=7399#primaryimage\",\"url\":\"https:\\\/\\\/i0.wp.com\\\/ollantayitzamna.com\\\/wp-content\\\/uploads\\\/2026\\\/04\\\/PAPA-LEON-XIV-4.jpg?fit=1920%2C1280&ssl=1\",\"contentUrl\":\"https:\\\/\\\/i0.wp.com\\\/ollantayitzamna.com\\\/wp-content\\\/uploads\\\/2026\\\/04\\\/PAPA-LEON-XIV-4.jpg?fit=1920%2C1280&ssl=1\",\"width\":1920,\"height\":1280,\"caption\":\"El Papa Le\u00f3n XIV es recibido por funcionarios a su llegada al Aeropuerto Internacional Yaounde Nsimalen en Yaounde, Camer\u00fan, 15 de abril de 2026. El pont\u00edfice se encuentra en la segunda etapa de un viaje apost\u00f3lico de 11 d\u00edas a \u00c1frica. (Papa, Camer\u00fan) EFE\\\/EPA\\\/LUCA ZENNARO\"},{\"@type\":\"BreadcrumbList\",\"@id\":\"https:\\\/\\\/ollantayitzamna.com\\\/?p=7399#breadcrumb\",\"itemListElement\":[{\"@type\":\"ListItem\",\"position\":1,\"name\":\"Portada\",\"item\":\"https:\\\/\\\/ollantayitzamna.com\\\/\"},{\"@type\":\"ListItem\",\"position\":2,\"name\":\"El Clamor del Sur: Le\u00f3n XIV y el Renacimiento de Nazaret en \u00c1frica\"}]},{\"@type\":\"WebSite\",\"@id\":\"https:\\\/\\\/ollantayitzamna.com\\\/#website\",\"url\":\"https:\\\/\\\/ollantayitzamna.com\\\/\",\"name\":\"Ollantay Itzamn\u00e1\",\"description\":\"Susurros del silencio\",\"potentialAction\":[{\"@type\":\"SearchAction\",\"target\":{\"@type\":\"EntryPoint\",\"urlTemplate\":\"https:\\\/\\\/ollantayitzamna.com\\\/?s={search_term_string}\"},\"query-input\":{\"@type\":\"PropertyValueSpecification\",\"valueRequired\":true,\"valueName\":\"search_term_string\"}}],\"inLanguage\":\"es\"},{\"@type\":\"Person\",\"@id\":\"https:\\\/\\\/ollantayitzamna.com\\\/#\\\/schema\\\/person\\\/d7d683451f51a71c7d7c6b4b70437092\",\"name\":\"ollantayitzamna\",\"image\":{\"@type\":\"ImageObject\",\"inLanguage\":\"es\",\"@id\":\"https:\\\/\\\/secure.gravatar.com\\\/avatar\\\/576387c53cc1a5ef704abf20408627fa3cb969d3f33355a576a2b20d65397362?s=96&d=identicon&r=g\",\"url\":\"https:\\\/\\\/secure.gravatar.com\\\/avatar\\\/576387c53cc1a5ef704abf20408627fa3cb969d3f33355a576a2b20d65397362?s=96&d=identicon&r=g\",\"contentUrl\":\"https:\\\/\\\/secure.gravatar.com\\\/avatar\\\/576387c53cc1a5ef704abf20408627fa3cb969d3f33355a576a2b20d65397362?s=96&d=identicon&r=g\",\"caption\":\"ollantayitzamna\"},\"description\":\"Soy Tierra que siente, que llora, que ama, que conspira, que sue\u00f1a. Soy wawa (criatura) de la Pachamama.\",\"sameAs\":[\"http:\\\/\\\/ollantayitzamna.com\"],\"url\":\"https:\\\/\\\/ollantayitzamna.com\\\/?author=95365428\"}]}<\/script>\n<!-- \/ Yoast SEO plugin. -->","yoast_head_json":{"title":"El Clamor del Sur: Le\u00f3n XIV y el Renacimiento de Nazaret en \u00c1frica - Ollantay Itzamn\u00e1","robots":{"index":"index","follow":"follow","max-snippet":"max-snippet:-1","max-image-preview":"max-image-preview:large","max-video-preview":"max-video-preview:-1"},"canonical":"https:\/\/ollantayitzamna.com\/?p=7399","og_locale":"es_ES","og_type":"article","og_title":"El Clamor del Sur: Le\u00f3n XIV y el Renacimiento de Nazaret en \u00c1frica - Ollantay Itzamn\u00e1","og_description":"La historia de la Iglesia y de la geopol\u00edtica mundial ha dado un vuelco s\u00edsmico. Lo que antes era considerado por los centros de poder como la \u00abperiferia\u00bb o el \u00abcontinente olvidado\u00bb, se ha erigido hoy como el epicentro moral de la humanidad. Bajo el pontificado de Le\u00f3n XIV, \u00c1frica no solo ha dejado de [&hellip;]","og_url":"https:\/\/ollantayitzamna.com\/?p=7399","og_site_name":"Ollantay Itzamn\u00e1","article_published_time":"2026-04-24T10:04:10+00:00","og_image":[{"width":1920,"height":1280,"url":"https:\/\/i0.wp.com\/ollantayitzamna.com\/wp-content\/uploads\/2026\/04\/PAPA-LEON-XIV-4.jpg?fit=1920%2C1280&ssl=1","type":"image\/jpeg"}],"author":"ollantayitzamna","twitter_card":"summary_large_image","twitter_misc":{"Escrito por":"ollantayitzamna","Tiempo de lectura":"3 minutos"},"schema":{"@context":"https:\/\/schema.org","@graph":[{"@type":"Article","@id":"https:\/\/ollantayitzamna.com\/?p=7399#article","isPartOf":{"@id":"https:\/\/ollantayitzamna.com\/?p=7399"},"author":{"name":"ollantayitzamna","@id":"https:\/\/ollantayitzamna.com\/#\/schema\/person\/d7d683451f51a71c7d7c6b4b70437092"},"headline":"El Clamor del Sur: Le\u00f3n XIV y el Renacimiento de Nazaret en \u00c1frica","datePublished":"2026-04-24T10:04:10+00:00","mainEntityOfPage":{"@id":"https:\/\/ollantayitzamna.com\/?p=7399"},"wordCount":533,"commentCount":0,"image":{"@id":"https:\/\/ollantayitzamna.com\/?p=7399#primaryimage"},"thumbnailUrl":"https:\/\/i0.wp.com\/ollantayitzamna.com\/wp-content\/uploads\/2026\/04\/PAPA-LEON-XIV-4.jpg?fit=1920%2C1280&ssl=1","keywords":["anti imperialismo","\u00c1frica","desobediencia global","Le\u00f3n XIV","profetismo"],"articleSection":["Decolonialidad"],"inLanguage":"es","potentialAction":[{"@type":"CommentAction","name":"Comment","target":["https:\/\/ollantayitzamna.com\/?p=7399#respond"]}]},{"@type":"WebPage","@id":"https:\/\/ollantayitzamna.com\/?p=7399","url":"https:\/\/ollantayitzamna.com\/?p=7399","name":"El Clamor del Sur: Le\u00f3n XIV y el Renacimiento de Nazaret en \u00c1frica - Ollantay Itzamn\u00e1","isPartOf":{"@id":"https:\/\/ollantayitzamna.com\/#website"},"primaryImageOfPage":{"@id":"https:\/\/ollantayitzamna.com\/?p=7399#primaryimage"},"image":{"@id":"https:\/\/ollantayitzamna.com\/?p=7399#primaryimage"},"thumbnailUrl":"https:\/\/i0.wp.com\/ollantayitzamna.com\/wp-content\/uploads\/2026\/04\/PAPA-LEON-XIV-4.jpg?fit=1920%2C1280&ssl=1","datePublished":"2026-04-24T10:04:10+00:00","author":{"@id":"https:\/\/ollantayitzamna.com\/#\/schema\/person\/d7d683451f51a71c7d7c6b4b70437092"},"breadcrumb":{"@id":"https:\/\/ollantayitzamna.com\/?p=7399#breadcrumb"},"inLanguage":"es","potentialAction":[{"@type":"ReadAction","target":["https:\/\/ollantayitzamna.com\/?p=7399"]}]},{"@type":"ImageObject","inLanguage":"es","@id":"https:\/\/ollantayitzamna.com\/?p=7399#primaryimage","url":"https:\/\/i0.wp.com\/ollantayitzamna.com\/wp-content\/uploads\/2026\/04\/PAPA-LEON-XIV-4.jpg?fit=1920%2C1280&ssl=1","contentUrl":"https:\/\/i0.wp.com\/ollantayitzamna.com\/wp-content\/uploads\/2026\/04\/PAPA-LEON-XIV-4.jpg?fit=1920%2C1280&ssl=1","width":1920,"height":1280,"caption":"El Papa Le\u00f3n XIV es recibido por funcionarios a su llegada al Aeropuerto Internacional Yaounde Nsimalen en Yaounde, Camer\u00fan, 15 de abril de 2026. El pont\u00edfice se encuentra en la segunda etapa de un viaje apost\u00f3lico de 11 d\u00edas a \u00c1frica. (Papa, Camer\u00fan) EFE\/EPA\/LUCA ZENNARO"},{"@type":"BreadcrumbList","@id":"https:\/\/ollantayitzamna.com\/?p=7399#breadcrumb","itemListElement":[{"@type":"ListItem","position":1,"name":"Portada","item":"https:\/\/ollantayitzamna.com\/"},{"@type":"ListItem","position":2,"name":"El Clamor del Sur: Le\u00f3n XIV y el Renacimiento de Nazaret en \u00c1frica"}]},{"@type":"WebSite","@id":"https:\/\/ollantayitzamna.com\/#website","url":"https:\/\/ollantayitzamna.com\/","name":"Ollantay Itzamn\u00e1","description":"Susurros del silencio","potentialAction":[{"@type":"SearchAction","target":{"@type":"EntryPoint","urlTemplate":"https:\/\/ollantayitzamna.com\/?s={search_term_string}"},"query-input":{"@type":"PropertyValueSpecification","valueRequired":true,"valueName":"search_term_string"}}],"inLanguage":"es"},{"@type":"Person","@id":"https:\/\/ollantayitzamna.com\/#\/schema\/person\/d7d683451f51a71c7d7c6b4b70437092","name":"ollantayitzamna","image":{"@type":"ImageObject","inLanguage":"es","@id":"https:\/\/secure.gravatar.com\/avatar\/576387c53cc1a5ef704abf20408627fa3cb969d3f33355a576a2b20d65397362?s=96&d=identicon&r=g","url":"https:\/\/secure.gravatar.com\/avatar\/576387c53cc1a5ef704abf20408627fa3cb969d3f33355a576a2b20d65397362?s=96&d=identicon&r=g","contentUrl":"https:\/\/secure.gravatar.com\/avatar\/576387c53cc1a5ef704abf20408627fa3cb969d3f33355a576a2b20d65397362?s=96&d=identicon&r=g","caption":"ollantayitzamna"},"description":"Soy Tierra que siente, que llora, que ama, que conspira, que sue\u00f1a. Soy wawa (criatura) de la Pachamama.","sameAs":["http:\/\/ollantayitzamna.com"],"url":"https:\/\/ollantayitzamna.com\/?author=95365428"}]}},"jetpack_publicize_connections":[],"jetpack_featured_media_url":"https:\/\/i0.wp.com\/ollantayitzamna.com\/wp-content\/uploads\/2026\/04\/PAPA-LEON-XIV-4.jpg?fit=1920%2C1280&ssl=1","jetpack_likes_enabled":true,"jetpack_sharing_enabled":true,"_links":{"self":[{"href":"https:\/\/ollantayitzamna.com\/index.php?rest_route=\/wp\/v2\/posts\/7399","targetHints":{"allow":["GET"]}}],"collection":[{"href":"https:\/\/ollantayitzamna.com\/index.php?rest_route=\/wp\/v2\/posts"}],"about":[{"href":"https:\/\/ollantayitzamna.com\/index.php?rest_route=\/wp\/v2\/types\/post"}],"author":[{"embeddable":true,"href":"https:\/\/ollantayitzamna.com\/index.php?rest_route=\/wp\/v2\/users\/95365428"}],"replies":[{"embeddable":true,"href":"https:\/\/ollantayitzamna.com\/index.php?rest_route=%2Fwp%2Fv2%2Fcomments&post=7399"}],"version-history":[{"count":1,"href":"https:\/\/ollantayitzamna.com\/index.php?rest_route=\/wp\/v2\/posts\/7399\/revisions"}],"predecessor-version":[{"id":7400,"href":"https:\/\/ollantayitzamna.com\/index.php?rest_route=\/wp\/v2\/posts\/7399\/revisions\/7400"}],"wp:featuredmedia":[{"embeddable":true,"href":"https:\/\/ollantayitzamna.com\/index.php?rest_route=\/wp\/v2\/media\/7398"}],"wp:attachment":[{"href":"https:\/\/ollantayitzamna.com\/index.php?rest_route=%2Fwp%2Fv2%2Fmedia&parent=7399"}],"wp:term":[{"taxonomy":"category","embeddable":true,"href":"https:\/\/ollantayitzamna.com\/index.php?rest_route=%2Fwp%2Fv2%2Fcategories&post=7399"},{"taxonomy":"post_tag","embeddable":true,"href":"https:\/\/ollantayitzamna.com\/index.php?rest_route=%2Fwp%2Fv2%2Ftags&post=7399"}],"curies":[{"name":"wp","href":"https:\/\/api.w.org\/{rel}","templated":true}]}}