{"id":776,"date":"2019-03-25T13:12:11","date_gmt":"2019-03-25T19:12:11","guid":{"rendered":"https:\/\/ollantayitzamna.com\/?p=776"},"modified":"2025-07-04T07:22:33","modified_gmt":"2025-07-04T13:22:33","slug":"ud-aun-defiende-el-derecho-de-antejuicio-o-inmunidad","status":"publish","type":"post","link":"https:\/\/ollantayitzamna.com\/?p=776","title":{"rendered":"Ud., \u00bfa\u00fan defiende el derecho de antejuicio o inmunidad?"},"content":{"rendered":"<p>&nbsp;<\/p>\n<figure id=\"attachment_777\" aria-describedby=\"caption-attachment-777\" style=\"width: 529px\" class=\"wp-caption aligncenter\"><img data-recalc-dims=\"1\" fetchpriority=\"high\" decoding=\"async\" data-attachment-id=\"777\" data-permalink=\"https:\/\/ollantayitzamna.com\/?attachment_id=777\" data-orig-file=\"https:\/\/i0.wp.com\/ollantayitzamna.com\/wp-content\/uploads\/2019\/03\/guayasamicc81n.jpg?fit=558%2C800&amp;ssl=1\" data-orig-size=\"558,800\" data-comments-opened=\"1\" data-image-meta=\"{&quot;aperture&quot;:&quot;0&quot;,&quot;credit&quot;:&quot;&quot;,&quot;camera&quot;:&quot;&quot;,&quot;caption&quot;:&quot;&quot;,&quot;created_timestamp&quot;:&quot;0&quot;,&quot;copyright&quot;:&quot;&quot;,&quot;focal_length&quot;:&quot;0&quot;,&quot;iso&quot;:&quot;0&quot;,&quot;shutter_speed&quot;:&quot;0&quot;,&quot;title&quot;:&quot;&quot;,&quot;orientation&quot;:&quot;0&quot;}\" data-image-title=\"Guayasami\u0301n\" data-image-description=\"\" data-image-caption=\"&lt;p&gt;Guayasam\u00edn. El grito&lt;\/p&gt;\n\" data-large-file=\"https:\/\/i0.wp.com\/ollantayitzamna.com\/wp-content\/uploads\/2019\/03\/guayasamicc81n.jpg?fit=558%2C800&amp;ssl=1\" class=\"size-full wp-image-777\" src=\"https:\/\/i0.wp.com\/ollantayitzamna.com\/wp-content\/uploads\/2019\/03\/guayasamicc81n.jpg?resize=529%2C758&#038;ssl=1\" alt=\"\" width=\"529\" height=\"758\" \/><figcaption id=\"caption-attachment-777\" class=\"wp-caption-text\">Guayasam\u00edn. El grito<\/figcaption><\/figure>\n<h3 style=\"text-align:center;\"><span style=\"color:#ff0000;\">El procedimiento jur\u00eddico pol\u00edtico para retirar la inmunidad a los denunciados no procede porque los magistrados y jueces (no electos por voto popular) son ahijados de los corruptos gobernantes. Los diputados no proceden a quitar la inmunidad a los otros corruptos porque las serpientes no se muerden entre s\u00ed. \u00bfEntonces? \u00bfSeguimos defendiendo la figura del antejuicio?<\/span><\/h3>\n<p><!--more--><\/p>\n<p>La ex Fiscal General de Guatemala, Thelma Aldana, actual candidata a la Presidencia por el partido Semilla, al escudarse en el derecho de antejuicio para evitar ser investigado, evidencia el agotamiento de dicha figura jur\u00eddica que las democracias liberales instauraron para garantizar el ejercicio parlamentario, y el contrapeso de los \u00f3rganos del poder estatal.<\/p>\n<p>La figura de la inmunidad parlamentaria, de origen ingl\u00e9s medieval, te\u00f3ricamente tiene dos cometidos: garantizar la inviolabilidad (no arresto) de los parlamentarios, y el impedimento a ser juzgado (inmunidad procesal) a los parlamentarios durante el ejercicio de su mandato. Con el tiempo esta inmunidad tambi\u00e9n se ampli\u00f3 para proteger a los presidentes.<\/p>\n<p>En Am\u00e9rica Latina, casi la totalidad de las constituciones pol\u00edticas disponen de esta figura jur\u00eddica para presidentes y legisladores. Honduras, en 2003, suprimi\u00f3 la figura de la inmunidad o antejuicio. Bolivia, en 2009, suprimi\u00f3 la inmunidad procesal (preserva la inmunidad de arresto). Chile, con las reformas del a\u00f1o 2000, permite incluso que los ex presidentes gocen de inmunidad.<\/p>\n<p>En Guatemala, en el a\u00f1o 2002, aprobaron la Ley en Materia de Antejuicio, y de manera irresponsable e inmoral, ampliaron dicho derecho incluso para magistrados de justicia, ministros, directores, alcaldes. \u00a1Hasta los candidatos a cargos de elecci\u00f3n popular gozan de dicho derecho! Y lo m\u00e1s bochornoso es que dicho derecho tiene car\u00e1cter de \u201cirrenunciabilidad\u201d, seg\u00fan Art. 3\u00ba de dicha Ley.<\/p>\n<h2><strong>La inmunidad o el antejuicio, como instrumento jur\u00eddico pol\u00edtico, no es bueno, ni malo en s\u00ed mismo<\/strong><\/h2>\n<p>Ocurre que en Guatemala, pa\u00eds campeona o subcampeona en la corrupci\u00f3n p\u00fablica a nivel internacional, esta figura jur\u00eddica fue y es perversamente utilizada por inescrupulosos funcionarios p\u00fablicos como escudo de protecci\u00f3n para sustraer o malversar fondos y bienes p\u00fablicos.<\/p>\n<p>El actual Presidente, Jimmy Morales, fue descubierto infraganti mientras recib\u00eda ilegalmente dinero del Ej\u00e9rcito. Y, gracias al antejuicio no fue ni investigado. Y as\u00ed, pesan rosarios de denuncias p\u00fablicas de corrupci\u00f3n, incluso con evidencias, contra funcionarios p\u00fablicos, pero el antejuicio los protege en la impunidad.<\/p>\n<p>Recientemente en Guatemala, hasta se volvi\u00f3 una moda las protestas masivas contra funcionarios corruptos escudados en el antejuicio, pero casi nadie puso en debate nacional la posibilidad de la anulaci\u00f3n de dicho escudo legal. M\u00e1s por el contrario, analistas y opinadores son contrarios a la supresi\u00f3n de dicho derecho, porque dicen que \u201cpreserva a las instituciones y al cargo del ataque de los contrarios\u201d.<\/p>\n<p>Lo cierto es que en el Tri\u00e1ngulo de la Muerte (Honduras, Guatemala y El Salvador) cuando los contrarios buscan aniquilar a sus enemigos lo hacen sin importar la inmunidad de \u00e9stos.<\/p>\n<p>En Guatemala es m\u00e1s que evidente que el intento del Estado de Derecho fracas\u00f3 fruto de sus contradicciones internas, y de la tergiversaci\u00f3n de mecanismos de garant\u00eda y control institucional, como el antejuicio. El pa\u00eds vive en una atm\u00f3sfera de impotencia colectiva viendo de c\u00f3mo sus gobernantes se enriquecen il\u00edcitamente, mientras casi el 60% de su poblaci\u00f3n sucumbe en la miseria. Ven el robo, pero no pueden detener, ni castigar al delincuente porque estos gozan de inmunidad. El antejuicio es un escudo transparente.<\/p>\n<p>El procedimiento jur\u00eddico pol\u00edtico para retirar la inmunidad a los denunciados no procede porque los magistrados y jueces (no electos por voto popular) son ahijados de los corruptos gobernantes. Los diputados no proceden a quitar la inmunidad a los otros corruptos porque las serpientes no se muerden entre s\u00ed. \u00bfEntonces? \u00bfSeguimos defendiendo la figura del antejuicio?<\/p>\n<p>Para esperanza de los pueblos, organizaciones ind\u00edgenas y campesinas, como el Movimiento para la Liberaci\u00f3n de los Pueblos (MLP), plantean la democratizaci\u00f3n de la democracia a la chapina devolviendo el poder de decisi\u00f3n y control al Soberano genuino, el pueblo en su sentido amplio. Y, una de las acciones b\u00e1sicas es la propuesta de la supresi\u00f3n del derecho de antejuicio. Los candidatos de MLP manejan la in\u00e9dita ret\u00f3rica de: \u201crenunciaremos al derecho de antejuicio si nos eligen como funcionarios p\u00fablicos\u201d.<\/p>\n<p>M\u00e9xico avanza en esa v\u00eda. Brasil, al igual que otros pa\u00edses de Suram\u00e9rica, tambi\u00e9n va por la v\u00eda progresiva de la supresi\u00f3n del derecho de la inmunidad parlamentaria. Al parecer, la inmunidad parlamentaria, que abon\u00f3 tanto a la corrupci\u00f3n e impunidad, terminar\u00e1 abonando la transici\u00f3n de la democracia representativa excluyente hacia unas democracias m\u00e1s participativas.<\/p>\n","protected":false},"excerpt":{"rendered":"<p>&nbsp; El procedimiento jur\u00eddico pol\u00edtico para retirar la inmunidad a los denunciados no procede porque los magistrados y jueces (no electos por voto popular) son ahijados de los corruptos gobernantes. Los diputados no proceden a quitar la inmunidad a los otros corruptos porque las serpientes no se muerden entre s\u00ed. \u00bfEntonces? \u00bfSeguimos defendiendo la figura [&hellip;]<\/p>\n","protected":false},"author":95365428,"featured_media":777,"comment_status":"open","ping_status":"open","sticky":false,"template":"","format":"standard","meta":{"_coblocks_attr":"","_coblocks_dimensions":"","_coblocks_responsive_height":"","_coblocks_accordion_ie_support":"","_jetpack_newsletter_access":"","_jetpack_dont_email_post_to_subs":false,"_jetpack_newsletter_tier_id":0,"_jetpack_memberships_contains_paywalled_content":false,"_wpcom_ai_launchpad_first_post":false,"_jetpack_feature_clip_id":0,"_jetpack_memberships_contains_paid_content":false,"footnotes":"","jetpack_publicize_message":"{title}\n\n{excerpt}\n\n{url}","jetpack_publicize_feature_enabled":true,"jetpack_social_post_already_shared":false,"jetpack_social_options":{"image_generator_settings":{"template":"highway","default_image_id":0,"font":"","enabled":false},"version":2},"_wpas_customize_per_network":false,"jetpack_post_was_ever_published":false},"categories":[696796406],"tags":[8148255,696795864,257589,696795858],"class_list":["post-776","post","type-post","status-publish","format-standard","has-post-thumbnail","hentry","category-comunalidad","tag-antejuicio","tag-corrupcion","tag-democracia","tag-guatemala"],"yoast_head":"<!-- This site is optimized with the Yoast SEO plugin v28.4 - https:\/\/yoast.com\/product\/yoast-seo-wordpress\/ -->\n<title>Ud., \u00bfa\u00fan defiende el derecho de antejuicio o inmunidad? - Ollantay Itzamn\u00e1<\/title>\n<meta name=\"robots\" content=\"index, follow, max-snippet:-1, max-image-preview:large, max-video-preview:-1\" \/>\n<link rel=\"canonical\" href=\"https:\/\/ollantayitzamna.com\/?p=776\" \/>\n<meta property=\"og:locale\" content=\"es_ES\" \/>\n<meta property=\"og:type\" content=\"article\" \/>\n<meta property=\"og:title\" content=\"Ud., \u00bfa\u00fan defiende el derecho de antejuicio o inmunidad? - Ollantay Itzamn\u00e1\" \/>\n<meta property=\"og:description\" content=\"&nbsp; El procedimiento jur\u00eddico pol\u00edtico para retirar la inmunidad a los denunciados no procede porque los magistrados y jueces (no electos por voto popular) son ahijados de los corruptos gobernantes. Los diputados no proceden a quitar la inmunidad a los otros corruptos porque las serpientes no se muerden entre s\u00ed. \u00bfEntonces? \u00bfSeguimos defendiendo la figura [&hellip;]\" \/>\n<meta property=\"og:url\" content=\"https:\/\/ollantayitzamna.com\/?p=776\" \/>\n<meta property=\"og:site_name\" content=\"Ollantay Itzamn\u00e1\" \/>\n<meta property=\"article:published_time\" content=\"2019-03-25T19:12:11+00:00\" \/>\n<meta property=\"article:modified_time\" content=\"2025-07-04T13:22:33+00:00\" \/>\n<meta property=\"og:image\" content=\"https:\/\/i0.wp.com\/ollantayitzamna.com\/wp-content\/uploads\/2019\/03\/guayasamicc81n.jpg?fit=558%2C800&ssl=1\" \/>\n\t<meta property=\"og:image:width\" content=\"558\" \/>\n\t<meta property=\"og:image:height\" content=\"800\" \/>\n\t<meta property=\"og:image:type\" content=\"image\/jpeg\" \/>\n<meta name=\"author\" content=\"ollantayitzamna\" \/>\n<meta name=\"twitter:card\" content=\"summary_large_image\" \/>\n<meta name=\"twitter:label1\" content=\"Escrito por\" \/>\n\t<meta name=\"twitter:data1\" content=\"ollantayitzamna\" \/>\n\t<meta name=\"twitter:label2\" content=\"Tiempo de lectura\" \/>\n\t<meta name=\"twitter:data2\" content=\"4 minutos\" \/>\n<script type=\"application\/ld+json\" class=\"yoast-schema-graph\">{\"@context\":\"https:\\\/\\\/schema.org\",\"@graph\":[{\"@type\":\"Article\",\"@id\":\"https:\\\/\\\/ollantayitzamna.com\\\/?p=776#article\",\"isPartOf\":{\"@id\":\"https:\\\/\\\/ollantayitzamna.com\\\/?p=776\"},\"author\":{\"name\":\"ollantayitzamna\",\"@id\":\"https:\\\/\\\/ollantayitzamna.com\\\/#\\\/schema\\\/person\\\/d7d683451f51a71c7d7c6b4b70437092\"},\"headline\":\"Ud., \u00bfa\u00fan defiende el derecho de antejuicio o inmunidad?\",\"datePublished\":\"2019-03-25T19:12:11+00:00\",\"dateModified\":\"2025-07-04T13:22:33+00:00\",\"mainEntityOfPage\":{\"@id\":\"https:\\\/\\\/ollantayitzamna.com\\\/?p=776\"},\"wordCount\":828,\"commentCount\":0,\"image\":{\"@id\":\"https:\\\/\\\/ollantayitzamna.com\\\/?p=776#primaryimage\"},\"thumbnailUrl\":\"https:\\\/\\\/i0.wp.com\\\/ollantayitzamna.com\\\/wp-content\\\/uploads\\\/2019\\\/03\\\/guayasamicc81n.jpg?fit=558%2C800&ssl=1\",\"keywords\":[\"antejuicio\",\"corrupci\u00f3n\",\"democracia\",\"Guatemala\"],\"articleSection\":[\"Comunalidad\"],\"inLanguage\":\"es\",\"potentialAction\":[{\"@type\":\"CommentAction\",\"name\":\"Comment\",\"target\":[\"https:\\\/\\\/ollantayitzamna.com\\\/?p=776#respond\"]}]},{\"@type\":\"WebPage\",\"@id\":\"https:\\\/\\\/ollantayitzamna.com\\\/?p=776\",\"url\":\"https:\\\/\\\/ollantayitzamna.com\\\/?p=776\",\"name\":\"Ud., \u00bfa\u00fan defiende el derecho de antejuicio o inmunidad? - Ollantay Itzamn\u00e1\",\"isPartOf\":{\"@id\":\"https:\\\/\\\/ollantayitzamna.com\\\/#website\"},\"primaryImageOfPage\":{\"@id\":\"https:\\\/\\\/ollantayitzamna.com\\\/?p=776#primaryimage\"},\"image\":{\"@id\":\"https:\\\/\\\/ollantayitzamna.com\\\/?p=776#primaryimage\"},\"thumbnailUrl\":\"https:\\\/\\\/i0.wp.com\\\/ollantayitzamna.com\\\/wp-content\\\/uploads\\\/2019\\\/03\\\/guayasamicc81n.jpg?fit=558%2C800&ssl=1\",\"datePublished\":\"2019-03-25T19:12:11+00:00\",\"dateModified\":\"2025-07-04T13:22:33+00:00\",\"author\":{\"@id\":\"https:\\\/\\\/ollantayitzamna.com\\\/#\\\/schema\\\/person\\\/d7d683451f51a71c7d7c6b4b70437092\"},\"breadcrumb\":{\"@id\":\"https:\\\/\\\/ollantayitzamna.com\\\/?p=776#breadcrumb\"},\"inLanguage\":\"es\",\"potentialAction\":[{\"@type\":\"ReadAction\",\"target\":[\"https:\\\/\\\/ollantayitzamna.com\\\/?p=776\"]}]},{\"@type\":\"ImageObject\",\"inLanguage\":\"es\",\"@id\":\"https:\\\/\\\/ollantayitzamna.com\\\/?p=776#primaryimage\",\"url\":\"https:\\\/\\\/i0.wp.com\\\/ollantayitzamna.com\\\/wp-content\\\/uploads\\\/2019\\\/03\\\/guayasamicc81n.jpg?fit=558%2C800&ssl=1\",\"contentUrl\":\"https:\\\/\\\/i0.wp.com\\\/ollantayitzamna.com\\\/wp-content\\\/uploads\\\/2019\\\/03\\\/guayasamicc81n.jpg?fit=558%2C800&ssl=1\",\"width\":558,\"height\":800,\"caption\":\"Guayasam\u00edn. El grito\"},{\"@type\":\"BreadcrumbList\",\"@id\":\"https:\\\/\\\/ollantayitzamna.com\\\/?p=776#breadcrumb\",\"itemListElement\":[{\"@type\":\"ListItem\",\"position\":1,\"name\":\"Portada\",\"item\":\"https:\\\/\\\/ollantayitzamna.com\\\/\"},{\"@type\":\"ListItem\",\"position\":2,\"name\":\"Ud., \u00bfa\u00fan defiende el derecho de antejuicio o inmunidad?\"}]},{\"@type\":\"WebSite\",\"@id\":\"https:\\\/\\\/ollantayitzamna.com\\\/#website\",\"url\":\"https:\\\/\\\/ollantayitzamna.com\\\/\",\"name\":\"Ollantay Itzamn\u00e1\",\"description\":\"Susurros del silencio\",\"potentialAction\":[{\"@type\":\"SearchAction\",\"target\":{\"@type\":\"EntryPoint\",\"urlTemplate\":\"https:\\\/\\\/ollantayitzamna.com\\\/?s={search_term_string}\"},\"query-input\":{\"@type\":\"PropertyValueSpecification\",\"valueRequired\":true,\"valueName\":\"search_term_string\"}}],\"inLanguage\":\"es\"},{\"@type\":\"Person\",\"@id\":\"https:\\\/\\\/ollantayitzamna.com\\\/#\\\/schema\\\/person\\\/d7d683451f51a71c7d7c6b4b70437092\",\"name\":\"ollantayitzamna\",\"image\":{\"@type\":\"ImageObject\",\"inLanguage\":\"es\",\"@id\":\"https:\\\/\\\/secure.gravatar.com\\\/avatar\\\/576387c53cc1a5ef704abf20408627fa3cb969d3f33355a576a2b20d65397362?s=96&d=identicon&r=g\",\"url\":\"https:\\\/\\\/secure.gravatar.com\\\/avatar\\\/576387c53cc1a5ef704abf20408627fa3cb969d3f33355a576a2b20d65397362?s=96&d=identicon&r=g\",\"contentUrl\":\"https:\\\/\\\/secure.gravatar.com\\\/avatar\\\/576387c53cc1a5ef704abf20408627fa3cb969d3f33355a576a2b20d65397362?s=96&d=identicon&r=g\",\"caption\":\"ollantayitzamna\"},\"description\":\"Soy Tierra que siente, que llora, que ama, que conspira, que sue\u00f1a. Soy wawa (criatura) de la Pachamama.\",\"sameAs\":[\"http:\\\/\\\/ollantayitzamna.com\"],\"url\":\"https:\\\/\\\/ollantayitzamna.com\\\/?author=95365428\"}]}<\/script>\n<!-- \/ Yoast SEO plugin. -->","yoast_head_json":{"title":"Ud., \u00bfa\u00fan defiende el derecho de antejuicio o inmunidad? - Ollantay Itzamn\u00e1","robots":{"index":"index","follow":"follow","max-snippet":"max-snippet:-1","max-image-preview":"max-image-preview:large","max-video-preview":"max-video-preview:-1"},"canonical":"https:\/\/ollantayitzamna.com\/?p=776","og_locale":"es_ES","og_type":"article","og_title":"Ud., \u00bfa\u00fan defiende el derecho de antejuicio o inmunidad? - Ollantay Itzamn\u00e1","og_description":"&nbsp; El procedimiento jur\u00eddico pol\u00edtico para retirar la inmunidad a los denunciados no procede porque los magistrados y jueces (no electos por voto popular) son ahijados de los corruptos gobernantes. Los diputados no proceden a quitar la inmunidad a los otros corruptos porque las serpientes no se muerden entre s\u00ed. \u00bfEntonces? \u00bfSeguimos defendiendo la figura [&hellip;]","og_url":"https:\/\/ollantayitzamna.com\/?p=776","og_site_name":"Ollantay Itzamn\u00e1","article_published_time":"2019-03-25T19:12:11+00:00","article_modified_time":"2025-07-04T13:22:33+00:00","og_image":[{"width":558,"height":800,"url":"https:\/\/i0.wp.com\/ollantayitzamna.com\/wp-content\/uploads\/2019\/03\/guayasamicc81n.jpg?fit=558%2C800&ssl=1","type":"image\/jpeg"}],"author":"ollantayitzamna","twitter_card":"summary_large_image","twitter_misc":{"Escrito por":"ollantayitzamna","Tiempo de lectura":"4 minutos"},"schema":{"@context":"https:\/\/schema.org","@graph":[{"@type":"Article","@id":"https:\/\/ollantayitzamna.com\/?p=776#article","isPartOf":{"@id":"https:\/\/ollantayitzamna.com\/?p=776"},"author":{"name":"ollantayitzamna","@id":"https:\/\/ollantayitzamna.com\/#\/schema\/person\/d7d683451f51a71c7d7c6b4b70437092"},"headline":"Ud., \u00bfa\u00fan defiende el derecho de antejuicio o inmunidad?","datePublished":"2019-03-25T19:12:11+00:00","dateModified":"2025-07-04T13:22:33+00:00","mainEntityOfPage":{"@id":"https:\/\/ollantayitzamna.com\/?p=776"},"wordCount":828,"commentCount":0,"image":{"@id":"https:\/\/ollantayitzamna.com\/?p=776#primaryimage"},"thumbnailUrl":"https:\/\/i0.wp.com\/ollantayitzamna.com\/wp-content\/uploads\/2019\/03\/guayasamicc81n.jpg?fit=558%2C800&ssl=1","keywords":["antejuicio","corrupci\u00f3n","democracia","Guatemala"],"articleSection":["Comunalidad"],"inLanguage":"es","potentialAction":[{"@type":"CommentAction","name":"Comment","target":["https:\/\/ollantayitzamna.com\/?p=776#respond"]}]},{"@type":"WebPage","@id":"https:\/\/ollantayitzamna.com\/?p=776","url":"https:\/\/ollantayitzamna.com\/?p=776","name":"Ud., \u00bfa\u00fan defiende el derecho de antejuicio o inmunidad? - Ollantay Itzamn\u00e1","isPartOf":{"@id":"https:\/\/ollantayitzamna.com\/#website"},"primaryImageOfPage":{"@id":"https:\/\/ollantayitzamna.com\/?p=776#primaryimage"},"image":{"@id":"https:\/\/ollantayitzamna.com\/?p=776#primaryimage"},"thumbnailUrl":"https:\/\/i0.wp.com\/ollantayitzamna.com\/wp-content\/uploads\/2019\/03\/guayasamicc81n.jpg?fit=558%2C800&ssl=1","datePublished":"2019-03-25T19:12:11+00:00","dateModified":"2025-07-04T13:22:33+00:00","author":{"@id":"https:\/\/ollantayitzamna.com\/#\/schema\/person\/d7d683451f51a71c7d7c6b4b70437092"},"breadcrumb":{"@id":"https:\/\/ollantayitzamna.com\/?p=776#breadcrumb"},"inLanguage":"es","potentialAction":[{"@type":"ReadAction","target":["https:\/\/ollantayitzamna.com\/?p=776"]}]},{"@type":"ImageObject","inLanguage":"es","@id":"https:\/\/ollantayitzamna.com\/?p=776#primaryimage","url":"https:\/\/i0.wp.com\/ollantayitzamna.com\/wp-content\/uploads\/2019\/03\/guayasamicc81n.jpg?fit=558%2C800&ssl=1","contentUrl":"https:\/\/i0.wp.com\/ollantayitzamna.com\/wp-content\/uploads\/2019\/03\/guayasamicc81n.jpg?fit=558%2C800&ssl=1","width":558,"height":800,"caption":"Guayasam\u00edn. El grito"},{"@type":"BreadcrumbList","@id":"https:\/\/ollantayitzamna.com\/?p=776#breadcrumb","itemListElement":[{"@type":"ListItem","position":1,"name":"Portada","item":"https:\/\/ollantayitzamna.com\/"},{"@type":"ListItem","position":2,"name":"Ud., \u00bfa\u00fan defiende el derecho de antejuicio o inmunidad?"}]},{"@type":"WebSite","@id":"https:\/\/ollantayitzamna.com\/#website","url":"https:\/\/ollantayitzamna.com\/","name":"Ollantay Itzamn\u00e1","description":"Susurros del silencio","potentialAction":[{"@type":"SearchAction","target":{"@type":"EntryPoint","urlTemplate":"https:\/\/ollantayitzamna.com\/?s={search_term_string}"},"query-input":{"@type":"PropertyValueSpecification","valueRequired":true,"valueName":"search_term_string"}}],"inLanguage":"es"},{"@type":"Person","@id":"https:\/\/ollantayitzamna.com\/#\/schema\/person\/d7d683451f51a71c7d7c6b4b70437092","name":"ollantayitzamna","image":{"@type":"ImageObject","inLanguage":"es","@id":"https:\/\/secure.gravatar.com\/avatar\/576387c53cc1a5ef704abf20408627fa3cb969d3f33355a576a2b20d65397362?s=96&d=identicon&r=g","url":"https:\/\/secure.gravatar.com\/avatar\/576387c53cc1a5ef704abf20408627fa3cb969d3f33355a576a2b20d65397362?s=96&d=identicon&r=g","contentUrl":"https:\/\/secure.gravatar.com\/avatar\/576387c53cc1a5ef704abf20408627fa3cb969d3f33355a576a2b20d65397362?s=96&d=identicon&r=g","caption":"ollantayitzamna"},"description":"Soy Tierra que siente, que llora, que ama, que conspira, que sue\u00f1a. Soy wawa (criatura) de la Pachamama.","sameAs":["http:\/\/ollantayitzamna.com"],"url":"https:\/\/ollantayitzamna.com\/?author=95365428"}]}},"jetpack_publicize_connections":[],"jetpack_likes_enabled":true,"jetpack_sharing_enabled":true,"jetpack_featured_media_url":"https:\/\/i0.wp.com\/ollantayitzamna.com\/wp-content\/uploads\/2019\/03\/guayasamicc81n.jpg?fit=558%2C800&ssl=1","_links":{"self":[{"href":"https:\/\/ollantayitzamna.com\/index.php?rest_route=\/wp\/v2\/posts\/776","targetHints":{"allow":["GET"]}}],"collection":[{"href":"https:\/\/ollantayitzamna.com\/index.php?rest_route=\/wp\/v2\/posts"}],"about":[{"href":"https:\/\/ollantayitzamna.com\/index.php?rest_route=\/wp\/v2\/types\/post"}],"author":[{"embeddable":true,"href":"https:\/\/ollantayitzamna.com\/index.php?rest_route=\/wp\/v2\/users\/95365428"}],"replies":[{"embeddable":true,"href":"https:\/\/ollantayitzamna.com\/index.php?rest_route=%2Fwp%2Fv2%2Fcomments&post=776"}],"version-history":[{"count":1,"href":"https:\/\/ollantayitzamna.com\/index.php?rest_route=\/wp\/v2\/posts\/776\/revisions"}],"predecessor-version":[{"id":778,"href":"https:\/\/ollantayitzamna.com\/index.php?rest_route=\/wp\/v2\/posts\/776\/revisions\/778"}],"wp:featuredmedia":[{"embeddable":true,"href":"https:\/\/ollantayitzamna.com\/index.php?rest_route=\/wp\/v2\/media\/777"}],"wp:attachment":[{"href":"https:\/\/ollantayitzamna.com\/index.php?rest_route=%2Fwp%2Fv2%2Fmedia&parent=776"}],"wp:term":[{"taxonomy":"category","embeddable":true,"href":"https:\/\/ollantayitzamna.com\/index.php?rest_route=%2Fwp%2Fv2%2Fcategories&post=776"},{"taxonomy":"post_tag","embeddable":true,"href":"https:\/\/ollantayitzamna.com\/index.php?rest_route=%2Fwp%2Fv2%2Ftags&post=776"}],"curies":[{"name":"wp","href":"https:\/\/api.w.org\/{rel}","templated":true}]}}