{"id":7984,"date":"2026-07-15T10:45:58","date_gmt":"2026-07-15T16:45:58","guid":{"rendered":"https:\/\/ollantayitzamna.com\/?p=7984"},"modified":"2026-07-15T10:45:58","modified_gmt":"2026-07-15T16:45:58","slug":"100-anos-de-everardo-zapata-santillana-creador-de-coquito-everardo-zapata-santillana-un-siglo-de-luz-y-pedagogia","status":"publish","type":"post","link":"https:\/\/ollantayitzamna.com\/?p=7984","title":{"rendered":"100 a\u00f1os de Everardo Zapata Santillana, creador de Coquito Everardo Zapata Santillana: Un siglo de luz y pedagog\u00eda"},"content":{"rendered":"<div id=\"model-response-message-contentr_3faded5352dea19e\" class=\"markdown markdown-main-panel enable-luminous-fast-follows enable-updated-hr-color\" dir=\"ltr\" aria-busy=\"false\" aria-live=\"polite\">\n<div class=\"attachment-container action-card\">\n<div class=\"container\">\n<div class=\"list-item-wrapper ng-star-inserted\">\n<div class=\"metadata ng-star-inserted\">\n<div class=\"text\">\n<div class=\"secondary-text-container ng-star-inserted\"><span class=\"secondary-text gds-body-m ng-star-inserted\"><img data-recalc-dims=\"1\" fetchpriority=\"high\" decoding=\"async\" data-attachment-id=\"7986\" data-permalink=\"https:\/\/ollantayitzamna.com\/?attachment_id=7986\" data-orig-file=\"https:\/\/i0.wp.com\/ollantayitzamna.com\/wp-content\/uploads\/2026\/07\/747536739_122270586884158347_4568623391388733251_n.jpg?fit=1080%2C1350&amp;ssl=1\" data-orig-size=\"1080,1350\" data-comments-opened=\"1\" data-image-meta=\"{&quot;aperture&quot;:&quot;0&quot;,&quot;credit&quot;:&quot;&quot;,&quot;camera&quot;:&quot;&quot;,&quot;caption&quot;:&quot;&quot;,&quot;created_timestamp&quot;:&quot;0&quot;,&quot;copyright&quot;:&quot;&quot;,&quot;focal_length&quot;:&quot;0&quot;,&quot;iso&quot;:&quot;0&quot;,&quot;shutter_speed&quot;:&quot;0&quot;,&quot;title&quot;:&quot;&quot;,&quot;orientation&quot;:&quot;0&quot;,&quot;alt&quot;:&quot;&quot;}\" data-image-title=\"747536739_122270586884158347_4568623391388733251_n\" data-image-description=\"\" data-image-caption=\"\" data-large-file=\"https:\/\/i0.wp.com\/ollantayitzamna.com\/wp-content\/uploads\/2026\/07\/747536739_122270586884158347_4568623391388733251_n.jpg?fit=800%2C1000&amp;ssl=1\" class=\"aligncenter size-full wp-image-7986\" src=\"https:\/\/i0.wp.com\/ollantayitzamna.com\/wp-content\/uploads\/2026\/07\/747536739_122270586884158347_4568623391388733251_n.jpg?resize=800%2C1000&#038;ssl=1\" alt=\"\" width=\"800\" height=\"1000\" srcset=\"https:\/\/i0.wp.com\/ollantayitzamna.com\/wp-content\/uploads\/2026\/07\/747536739_122270586884158347_4568623391388733251_n.jpg?w=1080&amp;ssl=1 1080w, https:\/\/i0.wp.com\/ollantayitzamna.com\/wp-content\/uploads\/2026\/07\/747536739_122270586884158347_4568623391388733251_n.jpg?resize=240%2C300&amp;ssl=1 240w, https:\/\/i0.wp.com\/ollantayitzamna.com\/wp-content\/uploads\/2026\/07\/747536739_122270586884158347_4568623391388733251_n.jpg?resize=819%2C1024&amp;ssl=1 819w, https:\/\/i0.wp.com\/ollantayitzamna.com\/wp-content\/uploads\/2026\/07\/747536739_122270586884158347_4568623391388733251_n.jpg?resize=120%2C150&amp;ssl=1 120w, https:\/\/i0.wp.com\/ollantayitzamna.com\/wp-content\/uploads\/2026\/07\/747536739_122270586884158347_4568623391388733251_n.jpg?resize=768%2C960&amp;ssl=1 768w\" sizes=\"(max-width: 800px) 100vw, 800px\" \/><\/span><\/div>\n<div><\/div>\n<div class=\"secondary-text-container ng-star-inserted\"><strong><span class=\"secondary-text gds-body-m ng-star-inserted\">El pr\u00f3ximo 15 de agosto de 2026, el maestro y escritor peruano Everardo Zapata Santillana cumplir\u00e1 100 a\u00f1os de vida. Su obra cumbre, el ic\u00f3nico libro did\u00e1ctico Coquito, ha sido la llave con la que decenas de millones de personas en toda Hispanoam\u00e9rica descubrimos el maravilloso mundo de la lectura y la escritura.<\/span><\/strong><\/div>\n<div><\/div>\n<div class=\"secondary-text-container ng-star-inserted\"><span class=\"secondary-text gds-body-m ng-star-inserted\">Desde la humildad y ante profundas adversidades materiales y culturales, el genial educador andino demostr\u00f3 que el verdadero ingenio florece en la dificultad. Con una profunda empat\u00eda y una creatividad sin l\u00edmites, dise\u00f1\u00f3 una herramienta pedag\u00f3gica revolucionaria que transform\u00f3 la educaci\u00f3n inicial de generaciones de ni\u00f1os. <\/span><\/div>\n<div><\/div>\n<div class=\"secondary-text-container ng-star-inserted\"><span class=\"secondary-text gds-body-m ng-star-inserted\">Hoy, en una era dominada por la Inteligencia Artificial que a menudo amenaza con adormecer las capacidades naturales, rescatar la figura de don Everardo se vuelve un acto de urgencia cultural. Su vida nos recuerda la importancia de cultivar la perseverancia y la genuina vocaci\u00f3n docente. El profesor Zapata Santillana nos sigue ense\u00f1ando que las culturas y el conocimiento no se reemplazan con algoritmos; se construyen y transmiten con amor, dedicaci\u00f3n, inteligencia y ternura.<\/span><\/div>\n<\/div>\n<\/div>\n<\/div>\n<\/div>\n<\/div>\n<\/div>\n<p>&nbsp;<\/p>\n","protected":false},"excerpt":{"rendered":"<p>El pr\u00f3ximo 15 de agosto de 2026, el maestro y escritor peruano Everardo Zapata Santillana cumplir\u00e1 100 a\u00f1os de vida. Su obra cumbre, el ic\u00f3nico libro did\u00e1ctico Coquito, ha sido la llave con la que decenas de millones de personas en toda Hispanoam\u00e9rica descubrimos el maravilloso mundo de la lectura y la escritura.<\/p>\n","protected":false},"author":95365428,"featured_media":7986,"comment_status":"open","ping_status":"open","sticky":false,"template":"","format":"standard","meta":{"_coblocks_attr":"","_coblocks_dimensions":"","_coblocks_responsive_height":"","_coblocks_accordion_ie_support":"","_jetpack_newsletter_access":"","_jetpack_dont_email_post_to_subs":false,"_jetpack_newsletter_tier_id":0,"_jetpack_memberships_contains_paywalled_content":false,"_wpcom_ai_launchpad_first_post":false,"_jetpack_feature_clip_id":0,"_jetpack_memberships_contains_paid_content":false,"footnotes":"","jetpack_publicize_message":"{title}\r\n\r\n{excerpt}\r\n\r\n{url}","jetpack_publicize_feature_enabled":true,"jetpack_social_post_already_shared":true,"jetpack_social_options":{"image_generator_settings":{"template":"highway","default_image_id":0,"font":"","enabled":false},"version":2},"_wpas_customize_per_network":false,"jetpack_post_was_ever_published":false},"categories":[696795897],"tags":[696796764,696796000,696796765,36547],"class_list":["post-7984","post","type-post","status-publish","format-standard","has-post-thumbnail","hentry","category-buen-vivir","tag-coquito","tag-educacion","tag-everardo-zapata","tag-peru"],"yoast_head":"<!-- This site is optimized with the Yoast SEO plugin v28.4 - https:\/\/yoast.com\/product\/yoast-seo-wordpress\/ -->\n<title>100 a\u00f1os de Everardo Zapata Santillana, creador de Coquito Everardo Zapata Santillana: Un siglo de luz y pedagog\u00eda - Ollantay Itzamn\u00e1<\/title>\n<meta name=\"description\" content=\"El pr\u00f3ximo 15 de agosto de 2026, el maestro y escritor peruano Everardo Zapata Santillana cumplir\u00e1 100 a\u00f1os de vida. Su obra cumbre, el ic\u00f3nico libro did\u00e1ctico Coquito, ha sido la llave con la que decenas de millones de personas en toda Hispanoam\u00e9rica descubrimos el maravilloso mundo de la lectura y la escritura.\" \/>\n<meta name=\"robots\" content=\"index, follow, max-snippet:-1, max-image-preview:large, max-video-preview:-1\" \/>\n<link rel=\"canonical\" href=\"https:\/\/ollantayitzamna.com\/?p=7984\" \/>\n<meta property=\"og:locale\" content=\"es_ES\" \/>\n<meta property=\"og:type\" content=\"article\" \/>\n<meta property=\"og:title\" content=\"100 a\u00f1os de Everardo Zapata Santillana, creador de Coquito Everardo Zapata Santillana: Un siglo de luz y pedagog\u00eda - Ollantay Itzamn\u00e1\" \/>\n<meta property=\"og:description\" content=\"El pr\u00f3ximo 15 de agosto de 2026, el maestro y escritor peruano Everardo Zapata Santillana cumplir\u00e1 100 a\u00f1os de vida. Su obra cumbre, el ic\u00f3nico libro did\u00e1ctico Coquito, ha sido la llave con la que decenas de millones de personas en toda Hispanoam\u00e9rica descubrimos el maravilloso mundo de la lectura y la escritura.\" \/>\n<meta property=\"og:url\" content=\"https:\/\/ollantayitzamna.com\/?p=7984\" \/>\n<meta property=\"og:site_name\" content=\"Ollantay Itzamn\u00e1\" \/>\n<meta property=\"article:published_time\" content=\"2026-07-15T16:45:58+00:00\" \/>\n<meta property=\"og:image\" content=\"https:\/\/ollantayitzamna.com\/wp-content\/uploads\/2026\/07\/747536739_122270586884158347_4568623391388733251_n.jpg\" \/>\n\t<meta property=\"og:image:width\" content=\"1080\" \/>\n\t<meta property=\"og:image:height\" content=\"1350\" \/>\n\t<meta property=\"og:image:type\" content=\"image\/jpeg\" \/>\n<meta name=\"author\" content=\"ollantayitzamna\" \/>\n<meta name=\"twitter:card\" content=\"summary_large_image\" \/>\n<meta name=\"twitter:label1\" content=\"Escrito por\" \/>\n\t<meta name=\"twitter:data1\" content=\"ollantayitzamna\" \/>\n\t<meta name=\"twitter:label2\" content=\"Tiempo de lectura\" \/>\n\t<meta name=\"twitter:data2\" content=\"2 minutos\" \/>\n<script type=\"application\/ld+json\" class=\"yoast-schema-graph\">{\"@context\":\"https:\\\/\\\/schema.org\",\"@graph\":[{\"@type\":\"Article\",\"@id\":\"https:\\\/\\\/ollantayitzamna.com\\\/?p=7984#article\",\"isPartOf\":{\"@id\":\"https:\\\/\\\/ollantayitzamna.com\\\/?p=7984\"},\"author\":{\"name\":\"ollantayitzamna\",\"@id\":\"https:\\\/\\\/ollantayitzamna.com\\\/#\\\/schema\\\/person\\\/d7d683451f51a71c7d7c6b4b70437092\"},\"headline\":\"100 a\u00f1os de Everardo Zapata Santillana, creador de Coquito Everardo Zapata Santillana: Un siglo de luz y pedagog\u00eda\",\"datePublished\":\"2026-07-15T16:45:58+00:00\",\"mainEntityOfPage\":{\"@id\":\"https:\\\/\\\/ollantayitzamna.com\\\/?p=7984\"},\"wordCount\":203,\"commentCount\":0,\"image\":{\"@id\":\"https:\\\/\\\/ollantayitzamna.com\\\/?p=7984#primaryimage\"},\"thumbnailUrl\":\"https:\\\/\\\/i0.wp.com\\\/ollantayitzamna.com\\\/wp-content\\\/uploads\\\/2026\\\/07\\\/747536739_122270586884158347_4568623391388733251_n.jpg?fit=1080%2C1350&ssl=1\",\"keywords\":[\"Coquito\",\"educaci\u00f3n\",\"Everardo Zapata\",\"Per\u00fa\"],\"articleSection\":[\"Buen Vivir\"],\"inLanguage\":\"es\",\"potentialAction\":[{\"@type\":\"CommentAction\",\"name\":\"Comment\",\"target\":[\"https:\\\/\\\/ollantayitzamna.com\\\/?p=7984#respond\"]}]},{\"@type\":\"WebPage\",\"@id\":\"https:\\\/\\\/ollantayitzamna.com\\\/?p=7984\",\"url\":\"https:\\\/\\\/ollantayitzamna.com\\\/?p=7984\",\"name\":\"100 a\u00f1os de Everardo Zapata Santillana, creador de Coquito Everardo Zapata Santillana: Un siglo de luz y pedagog\u00eda - Ollantay Itzamn\u00e1\",\"isPartOf\":{\"@id\":\"https:\\\/\\\/ollantayitzamna.com\\\/#website\"},\"primaryImageOfPage\":{\"@id\":\"https:\\\/\\\/ollantayitzamna.com\\\/?p=7984#primaryimage\"},\"image\":{\"@id\":\"https:\\\/\\\/ollantayitzamna.com\\\/?p=7984#primaryimage\"},\"thumbnailUrl\":\"https:\\\/\\\/i0.wp.com\\\/ollantayitzamna.com\\\/wp-content\\\/uploads\\\/2026\\\/07\\\/747536739_122270586884158347_4568623391388733251_n.jpg?fit=1080%2C1350&ssl=1\",\"datePublished\":\"2026-07-15T16:45:58+00:00\",\"author\":{\"@id\":\"https:\\\/\\\/ollantayitzamna.com\\\/#\\\/schema\\\/person\\\/d7d683451f51a71c7d7c6b4b70437092\"},\"description\":\"El pr\u00f3ximo 15 de agosto de 2026, el maestro y escritor peruano Everardo Zapata Santillana cumplir\u00e1 100 a\u00f1os de vida. Su obra cumbre, el ic\u00f3nico libro did\u00e1ctico Coquito, ha sido la llave con la que decenas de millones de personas en toda Hispanoam\u00e9rica descubrimos el maravilloso mundo de la lectura y la escritura.\",\"breadcrumb\":{\"@id\":\"https:\\\/\\\/ollantayitzamna.com\\\/?p=7984#breadcrumb\"},\"inLanguage\":\"es\",\"potentialAction\":[{\"@type\":\"ReadAction\",\"target\":[\"https:\\\/\\\/ollantayitzamna.com\\\/?p=7984\"]}]},{\"@type\":\"ImageObject\",\"inLanguage\":\"es\",\"@id\":\"https:\\\/\\\/ollantayitzamna.com\\\/?p=7984#primaryimage\",\"url\":\"https:\\\/\\\/i0.wp.com\\\/ollantayitzamna.com\\\/wp-content\\\/uploads\\\/2026\\\/07\\\/747536739_122270586884158347_4568623391388733251_n.jpg?fit=1080%2C1350&ssl=1\",\"contentUrl\":\"https:\\\/\\\/i0.wp.com\\\/ollantayitzamna.com\\\/wp-content\\\/uploads\\\/2026\\\/07\\\/747536739_122270586884158347_4568623391388733251_n.jpg?fit=1080%2C1350&ssl=1\",\"width\":1080,\"height\":1350},{\"@type\":\"BreadcrumbList\",\"@id\":\"https:\\\/\\\/ollantayitzamna.com\\\/?p=7984#breadcrumb\",\"itemListElement\":[{\"@type\":\"ListItem\",\"position\":1,\"name\":\"Portada\",\"item\":\"https:\\\/\\\/ollantayitzamna.com\\\/\"},{\"@type\":\"ListItem\",\"position\":2,\"name\":\"100 a\u00f1os de Everardo Zapata Santillana, creador de Coquito Everardo Zapata Santillana: Un siglo de luz y pedagog\u00eda\"}]},{\"@type\":\"WebSite\",\"@id\":\"https:\\\/\\\/ollantayitzamna.com\\\/#website\",\"url\":\"https:\\\/\\\/ollantayitzamna.com\\\/\",\"name\":\"Ollantay Itzamn\u00e1\",\"description\":\"Susurros del silencio\",\"potentialAction\":[{\"@type\":\"SearchAction\",\"target\":{\"@type\":\"EntryPoint\",\"urlTemplate\":\"https:\\\/\\\/ollantayitzamna.com\\\/?s={search_term_string}\"},\"query-input\":{\"@type\":\"PropertyValueSpecification\",\"valueRequired\":true,\"valueName\":\"search_term_string\"}}],\"inLanguage\":\"es\"},{\"@type\":\"Person\",\"@id\":\"https:\\\/\\\/ollantayitzamna.com\\\/#\\\/schema\\\/person\\\/d7d683451f51a71c7d7c6b4b70437092\",\"name\":\"ollantayitzamna\",\"image\":{\"@type\":\"ImageObject\",\"inLanguage\":\"es\",\"@id\":\"https:\\\/\\\/secure.gravatar.com\\\/avatar\\\/576387c53cc1a5ef704abf20408627fa3cb969d3f33355a576a2b20d65397362?s=96&d=identicon&r=g\",\"url\":\"https:\\\/\\\/secure.gravatar.com\\\/avatar\\\/576387c53cc1a5ef704abf20408627fa3cb969d3f33355a576a2b20d65397362?s=96&d=identicon&r=g\",\"contentUrl\":\"https:\\\/\\\/secure.gravatar.com\\\/avatar\\\/576387c53cc1a5ef704abf20408627fa3cb969d3f33355a576a2b20d65397362?s=96&d=identicon&r=g\",\"caption\":\"ollantayitzamna\"},\"description\":\"Soy Tierra que siente, que llora, que ama, que conspira, que sue\u00f1a. Soy wawa (criatura) de la Pachamama.\",\"sameAs\":[\"http:\\\/\\\/ollantayitzamna.com\"],\"url\":\"https:\\\/\\\/ollantayitzamna.com\\\/?author=95365428\"}]}<\/script>\n<!-- \/ Yoast SEO plugin. -->","yoast_head_json":{"title":"100 a\u00f1os de Everardo Zapata Santillana, creador de Coquito Everardo Zapata Santillana: Un siglo de luz y pedagog\u00eda - Ollantay Itzamn\u00e1","description":"El pr\u00f3ximo 15 de agosto de 2026, el maestro y escritor peruano Everardo Zapata Santillana cumplir\u00e1 100 a\u00f1os de vida. Su obra cumbre, el ic\u00f3nico libro did\u00e1ctico Coquito, ha sido la llave con la que decenas de millones de personas en toda Hispanoam\u00e9rica descubrimos el maravilloso mundo de la lectura y la escritura.","robots":{"index":"index","follow":"follow","max-snippet":"max-snippet:-1","max-image-preview":"max-image-preview:large","max-video-preview":"max-video-preview:-1"},"canonical":"https:\/\/ollantayitzamna.com\/?p=7984","og_locale":"es_ES","og_type":"article","og_title":"100 a\u00f1os de Everardo Zapata Santillana, creador de Coquito Everardo Zapata Santillana: Un siglo de luz y pedagog\u00eda - Ollantay Itzamn\u00e1","og_description":"El pr\u00f3ximo 15 de agosto de 2026, el maestro y escritor peruano Everardo Zapata Santillana cumplir\u00e1 100 a\u00f1os de vida. Su obra cumbre, el ic\u00f3nico libro did\u00e1ctico Coquito, ha sido la llave con la que decenas de millones de personas en toda Hispanoam\u00e9rica descubrimos el maravilloso mundo de la lectura y la escritura.","og_url":"https:\/\/ollantayitzamna.com\/?p=7984","og_site_name":"Ollantay Itzamn\u00e1","article_published_time":"2026-07-15T16:45:58+00:00","og_image":[{"width":1080,"height":1350,"url":"https:\/\/ollantayitzamna.com\/wp-content\/uploads\/2026\/07\/747536739_122270586884158347_4568623391388733251_n.jpg","type":"image\/jpeg"}],"author":"ollantayitzamna","twitter_card":"summary_large_image","twitter_misc":{"Escrito por":"ollantayitzamna","Tiempo de lectura":"2 minutos"},"schema":{"@context":"https:\/\/schema.org","@graph":[{"@type":"Article","@id":"https:\/\/ollantayitzamna.com\/?p=7984#article","isPartOf":{"@id":"https:\/\/ollantayitzamna.com\/?p=7984"},"author":{"name":"ollantayitzamna","@id":"https:\/\/ollantayitzamna.com\/#\/schema\/person\/d7d683451f51a71c7d7c6b4b70437092"},"headline":"100 a\u00f1os de Everardo Zapata Santillana, creador de Coquito Everardo Zapata Santillana: Un siglo de luz y pedagog\u00eda","datePublished":"2026-07-15T16:45:58+00:00","mainEntityOfPage":{"@id":"https:\/\/ollantayitzamna.com\/?p=7984"},"wordCount":203,"commentCount":0,"image":{"@id":"https:\/\/ollantayitzamna.com\/?p=7984#primaryimage"},"thumbnailUrl":"https:\/\/i0.wp.com\/ollantayitzamna.com\/wp-content\/uploads\/2026\/07\/747536739_122270586884158347_4568623391388733251_n.jpg?fit=1080%2C1350&ssl=1","keywords":["Coquito","educaci\u00f3n","Everardo Zapata","Per\u00fa"],"articleSection":["Buen Vivir"],"inLanguage":"es","potentialAction":[{"@type":"CommentAction","name":"Comment","target":["https:\/\/ollantayitzamna.com\/?p=7984#respond"]}]},{"@type":"WebPage","@id":"https:\/\/ollantayitzamna.com\/?p=7984","url":"https:\/\/ollantayitzamna.com\/?p=7984","name":"100 a\u00f1os de Everardo Zapata Santillana, creador de Coquito Everardo Zapata Santillana: Un siglo de luz y pedagog\u00eda - Ollantay Itzamn\u00e1","isPartOf":{"@id":"https:\/\/ollantayitzamna.com\/#website"},"primaryImageOfPage":{"@id":"https:\/\/ollantayitzamna.com\/?p=7984#primaryimage"},"image":{"@id":"https:\/\/ollantayitzamna.com\/?p=7984#primaryimage"},"thumbnailUrl":"https:\/\/i0.wp.com\/ollantayitzamna.com\/wp-content\/uploads\/2026\/07\/747536739_122270586884158347_4568623391388733251_n.jpg?fit=1080%2C1350&ssl=1","datePublished":"2026-07-15T16:45:58+00:00","author":{"@id":"https:\/\/ollantayitzamna.com\/#\/schema\/person\/d7d683451f51a71c7d7c6b4b70437092"},"description":"El pr\u00f3ximo 15 de agosto de 2026, el maestro y escritor peruano Everardo Zapata Santillana cumplir\u00e1 100 a\u00f1os de vida. Su obra cumbre, el ic\u00f3nico libro did\u00e1ctico Coquito, ha sido la llave con la que decenas de millones de personas en toda Hispanoam\u00e9rica descubrimos el maravilloso mundo de la lectura y la escritura.","breadcrumb":{"@id":"https:\/\/ollantayitzamna.com\/?p=7984#breadcrumb"},"inLanguage":"es","potentialAction":[{"@type":"ReadAction","target":["https:\/\/ollantayitzamna.com\/?p=7984"]}]},{"@type":"ImageObject","inLanguage":"es","@id":"https:\/\/ollantayitzamna.com\/?p=7984#primaryimage","url":"https:\/\/i0.wp.com\/ollantayitzamna.com\/wp-content\/uploads\/2026\/07\/747536739_122270586884158347_4568623391388733251_n.jpg?fit=1080%2C1350&ssl=1","contentUrl":"https:\/\/i0.wp.com\/ollantayitzamna.com\/wp-content\/uploads\/2026\/07\/747536739_122270586884158347_4568623391388733251_n.jpg?fit=1080%2C1350&ssl=1","width":1080,"height":1350},{"@type":"BreadcrumbList","@id":"https:\/\/ollantayitzamna.com\/?p=7984#breadcrumb","itemListElement":[{"@type":"ListItem","position":1,"name":"Portada","item":"https:\/\/ollantayitzamna.com\/"},{"@type":"ListItem","position":2,"name":"100 a\u00f1os de Everardo Zapata Santillana, creador de Coquito Everardo Zapata Santillana: Un siglo de luz y pedagog\u00eda"}]},{"@type":"WebSite","@id":"https:\/\/ollantayitzamna.com\/#website","url":"https:\/\/ollantayitzamna.com\/","name":"Ollantay Itzamn\u00e1","description":"Susurros del silencio","potentialAction":[{"@type":"SearchAction","target":{"@type":"EntryPoint","urlTemplate":"https:\/\/ollantayitzamna.com\/?s={search_term_string}"},"query-input":{"@type":"PropertyValueSpecification","valueRequired":true,"valueName":"search_term_string"}}],"inLanguage":"es"},{"@type":"Person","@id":"https:\/\/ollantayitzamna.com\/#\/schema\/person\/d7d683451f51a71c7d7c6b4b70437092","name":"ollantayitzamna","image":{"@type":"ImageObject","inLanguage":"es","@id":"https:\/\/secure.gravatar.com\/avatar\/576387c53cc1a5ef704abf20408627fa3cb969d3f33355a576a2b20d65397362?s=96&d=identicon&r=g","url":"https:\/\/secure.gravatar.com\/avatar\/576387c53cc1a5ef704abf20408627fa3cb969d3f33355a576a2b20d65397362?s=96&d=identicon&r=g","contentUrl":"https:\/\/secure.gravatar.com\/avatar\/576387c53cc1a5ef704abf20408627fa3cb969d3f33355a576a2b20d65397362?s=96&d=identicon&r=g","caption":"ollantayitzamna"},"description":"Soy Tierra que siente, que llora, que ama, que conspira, que sue\u00f1a. Soy wawa (criatura) de la Pachamama.","sameAs":["http:\/\/ollantayitzamna.com"],"url":"https:\/\/ollantayitzamna.com\/?author=95365428"}]}},"jetpack_publicize_connections":[],"jetpack_likes_enabled":true,"jetpack_sharing_enabled":true,"jetpack_featured_media_url":"https:\/\/i0.wp.com\/ollantayitzamna.com\/wp-content\/uploads\/2026\/07\/747536739_122270586884158347_4568623391388733251_n.jpg?fit=1080%2C1350&ssl=1","_links":{"self":[{"href":"https:\/\/ollantayitzamna.com\/index.php?rest_route=\/wp\/v2\/posts\/7984","targetHints":{"allow":["GET"]}}],"collection":[{"href":"https:\/\/ollantayitzamna.com\/index.php?rest_route=\/wp\/v2\/posts"}],"about":[{"href":"https:\/\/ollantayitzamna.com\/index.php?rest_route=\/wp\/v2\/types\/post"}],"author":[{"embeddable":true,"href":"https:\/\/ollantayitzamna.com\/index.php?rest_route=\/wp\/v2\/users\/95365428"}],"replies":[{"embeddable":true,"href":"https:\/\/ollantayitzamna.com\/index.php?rest_route=%2Fwp%2Fv2%2Fcomments&post=7984"}],"version-history":[{"count":3,"href":"https:\/\/ollantayitzamna.com\/index.php?rest_route=\/wp\/v2\/posts\/7984\/revisions"}],"predecessor-version":[{"id":7988,"href":"https:\/\/ollantayitzamna.com\/index.php?rest_route=\/wp\/v2\/posts\/7984\/revisions\/7988"}],"wp:featuredmedia":[{"embeddable":true,"href":"https:\/\/ollantayitzamna.com\/index.php?rest_route=\/wp\/v2\/media\/7986"}],"wp:attachment":[{"href":"https:\/\/ollantayitzamna.com\/index.php?rest_route=%2Fwp%2Fv2%2Fmedia&parent=7984"}],"wp:term":[{"taxonomy":"category","embeddable":true,"href":"https:\/\/ollantayitzamna.com\/index.php?rest_route=%2Fwp%2Fv2%2Fcategories&post=7984"},{"taxonomy":"post_tag","embeddable":true,"href":"https:\/\/ollantayitzamna.com\/index.php?rest_route=%2Fwp%2Fv2%2Ftags&post=7984"}],"curies":[{"name":"wp","href":"https:\/\/api.w.org\/{rel}","templated":true}]}}