{"id":843,"date":"2019-06-26T07:29:12","date_gmt":"2019-06-26T13:29:12","guid":{"rendered":"https:\/\/ollantayitzamna.com\/?p=843"},"modified":"2019-06-26T07:29:12","modified_gmt":"2019-06-26T13:29:12","slug":"que-cambio-en-honduras-a-10-anos-del-golpe-de-estado","status":"publish","type":"post","link":"https:\/\/ollantayitzamna.com\/?p=843","title":{"rendered":"\u00bfQu\u00e9 cambi\u00f3 en Honduras a 10 a\u00f1os del golpe de Estado?"},"content":{"rendered":"<figure id=\"attachment_845\" aria-describedby=\"caption-attachment-845\" style=\"width: 529px\" class=\"wp-caption aligncenter\"><img data-recalc-dims=\"1\" fetchpriority=\"high\" decoding=\"async\" data-attachment-id=\"845\" data-permalink=\"https:\/\/ollantayitzamna.com\/?attachment_id=845\" data-orig-file=\"https:\/\/i0.wp.com\/ollantayitzamna.com\/wp-content\/uploads\/2019\/06\/honduras.jpg?fit=800%2C445&amp;ssl=1\" data-orig-size=\"800,445\" data-comments-opened=\"1\" data-image-meta=\"{&quot;aperture&quot;:&quot;0&quot;,&quot;credit&quot;:&quot;&quot;,&quot;camera&quot;:&quot;&quot;,&quot;caption&quot;:&quot;&quot;,&quot;created_timestamp&quot;:&quot;0&quot;,&quot;copyright&quot;:&quot;&quot;,&quot;focal_length&quot;:&quot;0&quot;,&quot;iso&quot;:&quot;0&quot;,&quot;shutter_speed&quot;:&quot;0&quot;,&quot;title&quot;:&quot;&quot;,&quot;orientation&quot;:&quot;1&quot;}\" data-image-title=\"honduras\" data-image-description=\"\" data-image-caption=\"&lt;p&gt;Resistencia. Internet&lt;\/p&gt;\n\" data-large-file=\"https:\/\/i0.wp.com\/ollantayitzamna.com\/wp-content\/uploads\/2019\/06\/honduras.jpg?fit=800%2C445&amp;ssl=1\" class=\"size-full wp-image-845\" src=\"https:\/\/i0.wp.com\/ollantayitzamna.com\/wp-content\/uploads\/2019\/06\/honduras.jpg?resize=529%2C294&#038;ssl=1\" alt=\"\" width=\"529\" height=\"294\" \/><figcaption id=\"caption-attachment-845\" class=\"wp-caption-text\">Resistencia. Internet<\/figcaption><\/figure>\n<h3 style=\"text-align:center;\"><span style=\"color:#ff0000;\">Quiz\u00e1s se perdi\u00f3 una d\u00e9cada de oportunidad para consolidar el sujeto sociopol\u00edtico colectivo, alrededor de una agenda com\u00fan consensuada. Lo cierto es que con seguridad la Honduras post dictadura necesitar\u00e1 de ese sujeto y de esa agenda para proyectarse como pa\u00eds<\/span><\/h3>\n<p><!--more--><\/p>\n<p>En la madrugada del 28 de junio del 2009, el Ej\u00e9rcito de Honduras, obediente al gobierno norteamericano, irrumpi\u00f3 en la Casa Presidencial y en pijamas sac\u00f3 al entonces Presidente constitucional Manuel Zelaya y lo envi\u00f3 para Costa Rica.<\/p>\n<p>As\u00ed se consum\u00f3 el primer golpe de Estado del siglo, en el pa\u00eds m\u00e1s nublado (desconocido hasta entonces) de la regi\u00f3n, siempre bajo la consigna de: \u201cdemocracia\u201d, \u201cprosperidad\u201d, \u201clibertad\u201d&#8230;<\/p>\n<p>El gobierno norteamericano, en su intento de contener en Honduras el \u201cavance de los vientos anti imperialistas del Sur\u201d empuj\u00f3 a la irreflexiva oligarqu\u00eda y al Ej\u00e9rcito hondure\u00f1o al abismo letal del cual a\u00fan no logran salir.<\/p>\n<h2><strong>\u00bfQu\u00e9 cambi\u00f3 a 10 a\u00f1os del golpe de Estado?<\/strong><\/h2>\n<figure id=\"attachment_846\" aria-describedby=\"caption-attachment-846\" style=\"width: 529px\" class=\"wp-caption aligncenter\"><img data-recalc-dims=\"1\" decoding=\"async\" data-attachment-id=\"846\" data-permalink=\"https:\/\/ollantayitzamna.com\/?attachment_id=846\" data-orig-file=\"https:\/\/i0.wp.com\/ollantayitzamna.com\/wp-content\/uploads\/2019\/06\/honduras1.jpg?fit=1280%2C720&amp;ssl=1\" data-orig-size=\"1280,720\" data-comments-opened=\"1\" data-image-meta=\"{&quot;aperture&quot;:&quot;0&quot;,&quot;credit&quot;:&quot;&quot;,&quot;camera&quot;:&quot;&quot;,&quot;caption&quot;:&quot;&quot;,&quot;created_timestamp&quot;:&quot;0&quot;,&quot;copyright&quot;:&quot;&quot;,&quot;focal_length&quot;:&quot;0&quot;,&quot;iso&quot;:&quot;0&quot;,&quot;shutter_speed&quot;:&quot;0&quot;,&quot;title&quot;:&quot;&quot;,&quot;orientation&quot;:&quot;1&quot;}\" data-image-title=\"honduras1\" data-image-description=\"\" data-image-caption=\"&lt;p&gt;Resistencia. Internet&lt;\/p&gt;\n\" data-large-file=\"https:\/\/i0.wp.com\/ollantayitzamna.com\/wp-content\/uploads\/2019\/06\/honduras1.jpg?fit=800%2C450&amp;ssl=1\" class=\"size-full wp-image-846\" src=\"https:\/\/i0.wp.com\/ollantayitzamna.com\/wp-content\/uploads\/2019\/06\/honduras1.jpg?resize=529%2C298&#038;ssl=1\" alt=\"\" width=\"529\" height=\"298\" \/><figcaption id=\"caption-attachment-846\" class=\"wp-caption-text\">Resistencia. Internet<\/figcaption><\/figure>\n<p><span style=\"color:#ff0000;\"><u>Una d\u00e9cada de dictadura consolidada<\/u><\/span>. Si bien para este pa\u00eds bicentenario de 9 millones de habitantes la democracia no hab\u00eda trascendido de la alternancia plutocr\u00e1tica bipartidista, con el golpe de Estado incluso se anul\u00f3 por completo el orden constitucional y el ritual electoral.<\/p>\n<p>El partido Nacional, coautor del golpe, tom\u00f3 y se mantiene en el poder con dos fraudes electorales consecutivos (2013 y 2017). Incluso rompiendo el art\u00edculo p\u00e9treo de la Constituci\u00f3n Pol\u00edtica que proh\u00edbe la reelecci\u00f3n presidencial.<\/p>\n<p>En lo pol\u00edtico, Honduras se encuentra como a principios del siglo pasado: Los gobernantes \u201cdemocr\u00e1ticos\u201d se mantienen en el poder <em>mano militari<\/em>.<\/p>\n<p><span style=\"color:#ff0000;\"><u>Disoluci\u00f3n de las instituciones p\u00fablicas<\/u><\/span>. En dos siglos de Rep\u00fablica se hab\u00eda conseguido cimentar, aunque incipiente, las instituciones p\u00fablicas en base al ordenamiento jur\u00eddico.<\/p>\n<p>Ahora, los resabios de dicha incipiente institucionalidad fueron cooptados \u201cp\u00fablicamente\u201d por el crimen organizado y el narcotr\u00e1fico, y funcionan en la alegalidad. \u201cNarco municipios\u201d, \u201cnarco dictadura\u201d, \u201cimpuesto de guerra\u201d\u2026 son t\u00e9rminos utilizados para referirse a la administraci\u00f3n p\u00fablica.<\/p>\n<p><span style=\"color:#ff0000;\"><u>La pobreza trep\u00f3 de 58% al 70%<\/u><\/span>. Para 2009, <a href=\"https:\/\/www.unicef.org\/honduras\/ODM1.pdf\">el 58% de los hogares hondure\u00f1os viv\u00eda en situaci\u00f3n de pobreza, y en pobreza extrema, el 36%<\/a> (INE, 2009). Seg\u00fan informe del PNUD, para el 2018, <a href=\"http:\/\/www.hn.undp.org\/\">m\u00e1s del 70% de hondure\u00f1os viven en situaci\u00f3n de pobreza multidimensional<\/a>, y el 48% en situaci\u00f3n de pobreza extrema.<\/p>\n<p>La d\u00e9cada de la consolidaci\u00f3n de la dictadura produjo cerca de 2 millones de nuevos pobres en el pa\u00eds. Casi en ese mismo per\u00edodo, en pa\u00edses como Bolivia, cerca de 3 millones de pobres salieron a niveles de ingresos medios.<\/p>\n<p><span style=\"color:#ff0000;\"><u>Disoluci\u00f3n de los derechos humanos<\/u><\/span>. Para el Estado dictatorial de Honduras el principal enemigo interno del pa\u00eds es el o la defensora de derechos humanos. La dictadura premia con la impunidad al predador de defensores derechos (caso Berta C\u00e1ceres, y cientos m\u00e1s).<\/p>\n<p>Entre 2010 y 2016, cerca de 21 mil j\u00f3venes fueron asesinados, la mayor\u00eda escolares (UNAH, 2017). Con el golpe de Estado, se diluy\u00f3 el amor por la vida. El golpe y la dictadura hicieron de Honduras uno de los pa\u00edses m\u00e1s violentos y peligrosos del mundo.<\/p>\n<p><a href=\"http:\/\/www.pasosdeanimalgrande.com\/files\/periodistas_asesinados.pdf\">Entre 2009 y 2017, fueron asesinados 70 periodistas (de estos casos m\u00e1s del 90% se encuentran en la impunidad)<\/a>. Honduras vive una acelerada y violenta desintegraci\u00f3n social.<\/p>\n<p><span style=\"color:#ff0000;\"><u>Deuda p\u00fablica se duplic\u00f3<\/u><\/span>. El golpe de Estado fue una estrategia para afianzar el sistema neoliberal mediante la transferencia de bienes y servicios p\u00fablicos al sector privado.<\/p>\n<p>Seg\u00fan informes oficiales, el Producto Interno Bruto (PIB) del pa\u00eds creci\u00f3 de $14 mil millones (2009) a $ 23 mil millones (2018). Pero, tambi\u00e9n, en ese mismo per\u00edodo, <a href=\"http:\/\/www.cadtm.org\/La-deuda-publica-en-Honduras-y-sus-lesivas-consecuencias\">la deuda p\u00fablica se duplic\u00f3 de $ 8.6 millones a 16.5 millones<\/a>. Es decir, ahora, cada hondure\u00f1o nace con una deuda de $1700. El costo de la electricidad, la canasta b\u00e1sica, los hidrocarburos\u2026 se incrementaron como nunca antes.<\/p>\n<p>La econom\u00eda creci\u00f3 en un promedio de 3 a 4%, pero la estampida hondure\u00f1a hacia el exterior cobr\u00f3 ribetes dantescos. La econom\u00eda casi funciona a control remoto, gracias a los circulantes inyectados por la industria del narcontr\u00e1fico. <a href=\"https:\/\/www.efe.com\/efe\/america\/economia\/las-remesas-enviadas-a-honduras-crecieron-10-1-entre-enero-y-marzo-de-2019\/20000011-3948499\">Las remesas representan m\u00e1s del 18% del PIB del pa\u00eds.<\/a><\/p>\n<p><span style=\"color:#ff0000;\"><u>Germin\u00f3 una rebeld\u00eda popular<\/u><\/span>. Inmediatamente despu\u00e9s del golpe de Estado, en Honduras surgi\u00f3 una in\u00e9dita y espont\u00e1nea resistencia popular movilizada, articulada en el Frente Nacional de Resistencia Popular (FNRP). Con la creaci\u00f3n del partido pol\u00edtico Libertad y Refundaci\u00f3n Libre (dirigido por Zelaya), este movimiento social se fue desintegrando. Aunque algunos de sus integrantes a\u00fan resisten en las calles a la dictadura actual, no necesariamente bajo la orientaci\u00f3n de Libre o de Zelaya.<\/p>\n<p>Quiz\u00e1s se perdi\u00f3 una d\u00e9cada de oportunidad para consolidar el sujeto sociopol\u00edtico colectivo, alrededor de una agenda com\u00fan consensuada. Lo cierto es que con seguridad la Honduras post dictadura necesitar\u00e1 de ese sujeto y de esa agenda para proyectarse como pa\u00eds.<\/p>\n<p>Hace 10 a\u00f1os atr\u00e1s, la resistencia popular planteaba proceso constituyente popular para refundar el Estado. Dicha propuesta fue pospuesta por el partido Libre. Ahora, al parecer, la bandera de la constituyente es enarbolada por la oligarqu\u00eda dictatorial como su \u201cuna salida al caos\u201d.<a href=\"#_ftnref1\" name=\"_ftn1\"><\/a><\/p>\n","protected":false},"excerpt":{"rendered":"<p>Quiz\u00e1s se perdi\u00f3 una d\u00e9cada de oportunidad para consolidar el sujeto sociopol\u00edtico colectivo, alrededor de una agenda com\u00fan consensuada. Lo cierto es que con seguridad la Honduras post dictadura necesitar\u00e1 de ese sujeto y de esa agenda para proyectarse como pa\u00eds<\/p>\n","protected":false},"author":95365428,"featured_media":845,"comment_status":"open","ping_status":"open","sticky":false,"template":"","format":"standard","meta":{"_coblocks_attr":"","_coblocks_dimensions":"","_coblocks_responsive_height":"","_coblocks_accordion_ie_support":"","_jetpack_newsletter_access":"","_jetpack_dont_email_post_to_subs":false,"_jetpack_newsletter_tier_id":0,"_jetpack_memberships_contains_paywalled_content":false,"_wpcom_ai_launchpad_first_post":false,"_jetpack_feature_clip_id":0,"_jetpack_memberships_contains_paid_content":false,"footnotes":"","jetpack_publicize_message":"{title}\n\n{excerpt}\n\n{url}","jetpack_publicize_feature_enabled":true,"jetpack_social_post_already_shared":false,"jetpack_social_options":{"image_generator_settings":{"template":"highway","default_image_id":0,"font":"","enabled":false},"version":2},"_wpas_customize_per_network":false,"jetpack_post_was_ever_published":false},"categories":[406844226],"tags":[696795859,696795872,6738,59967],"class_list":["post-843","post","type-post","status-publish","format-standard","has-post-thumbnail","hentry","category-decolonialidad","tag-eeuu","tag-golpe-de-estado","tag-honduras","tag-libre"],"yoast_head":"<!-- This site is optimized with the Yoast SEO plugin v28.4 - https:\/\/yoast.com\/product\/yoast-seo-wordpress\/ -->\n<title>\u00bfQu\u00e9 cambi\u00f3 en Honduras a 10 a\u00f1os del golpe de Estado? - Ollantay Itzamn\u00e1<\/title>\n<meta name=\"robots\" content=\"index, follow, max-snippet:-1, max-image-preview:large, max-video-preview:-1\" \/>\n<link rel=\"canonical\" href=\"https:\/\/ollantayitzamna.com\/?p=843\" \/>\n<meta property=\"og:locale\" content=\"es_ES\" \/>\n<meta property=\"og:type\" content=\"article\" \/>\n<meta property=\"og:title\" content=\"\u00bfQu\u00e9 cambi\u00f3 en Honduras a 10 a\u00f1os del golpe de Estado? - Ollantay Itzamn\u00e1\" \/>\n<meta property=\"og:description\" content=\"Quiz\u00e1s se perdi\u00f3 una d\u00e9cada de oportunidad para consolidar el sujeto sociopol\u00edtico colectivo, alrededor de una agenda com\u00fan consensuada. Lo cierto es que con seguridad la Honduras post dictadura necesitar\u00e1 de ese sujeto y de esa agenda para proyectarse como pa\u00eds\" \/>\n<meta property=\"og:url\" content=\"https:\/\/ollantayitzamna.com\/?p=843\" \/>\n<meta property=\"og:site_name\" content=\"Ollantay Itzamn\u00e1\" \/>\n<meta property=\"article:published_time\" content=\"2019-06-26T13:29:12+00:00\" \/>\n<meta property=\"og:image\" content=\"https:\/\/i0.wp.com\/ollantayitzamna.com\/wp-content\/uploads\/2019\/06\/honduras.jpg?fit=800%2C445&ssl=1\" \/>\n\t<meta property=\"og:image:width\" content=\"800\" \/>\n\t<meta property=\"og:image:height\" content=\"445\" \/>\n\t<meta property=\"og:image:type\" content=\"image\/jpeg\" \/>\n<meta name=\"author\" content=\"ollantayitzamna\" \/>\n<meta name=\"twitter:card\" content=\"summary_large_image\" \/>\n<meta name=\"twitter:label1\" content=\"Escrito por\" \/>\n\t<meta name=\"twitter:data1\" content=\"ollantayitzamna\" \/>\n\t<meta name=\"twitter:label2\" content=\"Tiempo de lectura\" \/>\n\t<meta name=\"twitter:data2\" content=\"4 minutos\" \/>\n<script type=\"application\/ld+json\" class=\"yoast-schema-graph\">{\"@context\":\"https:\\\/\\\/schema.org\",\"@graph\":[{\"@type\":\"Article\",\"@id\":\"https:\\\/\\\/ollantayitzamna.com\\\/?p=843#article\",\"isPartOf\":{\"@id\":\"https:\\\/\\\/ollantayitzamna.com\\\/?p=843\"},\"author\":{\"name\":\"ollantayitzamna\",\"@id\":\"https:\\\/\\\/ollantayitzamna.com\\\/#\\\/schema\\\/person\\\/d7d683451f51a71c7d7c6b4b70437092\"},\"headline\":\"\u00bfQu\u00e9 cambi\u00f3 en Honduras a 10 a\u00f1os del golpe de Estado?\",\"datePublished\":\"2019-06-26T13:29:12+00:00\",\"mainEntityOfPage\":{\"@id\":\"https:\\\/\\\/ollantayitzamna.com\\\/?p=843\"},\"wordCount\":904,\"commentCount\":0,\"image\":{\"@id\":\"https:\\\/\\\/ollantayitzamna.com\\\/?p=843#primaryimage\"},\"thumbnailUrl\":\"https:\\\/\\\/i0.wp.com\\\/ollantayitzamna.com\\\/wp-content\\\/uploads\\\/2019\\\/06\\\/honduras.jpg?fit=800%2C445&ssl=1\",\"keywords\":[\"EEUU.\",\"Golpe de Estado\",\"Honduras\",\"Libre\"],\"articleSection\":[\"Decolonialidad\"],\"inLanguage\":\"es\",\"potentialAction\":[{\"@type\":\"CommentAction\",\"name\":\"Comment\",\"target\":[\"https:\\\/\\\/ollantayitzamna.com\\\/?p=843#respond\"]}]},{\"@type\":\"WebPage\",\"@id\":\"https:\\\/\\\/ollantayitzamna.com\\\/?p=843\",\"url\":\"https:\\\/\\\/ollantayitzamna.com\\\/?p=843\",\"name\":\"\u00bfQu\u00e9 cambi\u00f3 en Honduras a 10 a\u00f1os del golpe de Estado? - Ollantay Itzamn\u00e1\",\"isPartOf\":{\"@id\":\"https:\\\/\\\/ollantayitzamna.com\\\/#website\"},\"primaryImageOfPage\":{\"@id\":\"https:\\\/\\\/ollantayitzamna.com\\\/?p=843#primaryimage\"},\"image\":{\"@id\":\"https:\\\/\\\/ollantayitzamna.com\\\/?p=843#primaryimage\"},\"thumbnailUrl\":\"https:\\\/\\\/i0.wp.com\\\/ollantayitzamna.com\\\/wp-content\\\/uploads\\\/2019\\\/06\\\/honduras.jpg?fit=800%2C445&ssl=1\",\"datePublished\":\"2019-06-26T13:29:12+00:00\",\"author\":{\"@id\":\"https:\\\/\\\/ollantayitzamna.com\\\/#\\\/schema\\\/person\\\/d7d683451f51a71c7d7c6b4b70437092\"},\"breadcrumb\":{\"@id\":\"https:\\\/\\\/ollantayitzamna.com\\\/?p=843#breadcrumb\"},\"inLanguage\":\"es\",\"potentialAction\":[{\"@type\":\"ReadAction\",\"target\":[\"https:\\\/\\\/ollantayitzamna.com\\\/?p=843\"]}]},{\"@type\":\"ImageObject\",\"inLanguage\":\"es\",\"@id\":\"https:\\\/\\\/ollantayitzamna.com\\\/?p=843#primaryimage\",\"url\":\"https:\\\/\\\/i0.wp.com\\\/ollantayitzamna.com\\\/wp-content\\\/uploads\\\/2019\\\/06\\\/honduras.jpg?fit=800%2C445&ssl=1\",\"contentUrl\":\"https:\\\/\\\/i0.wp.com\\\/ollantayitzamna.com\\\/wp-content\\\/uploads\\\/2019\\\/06\\\/honduras.jpg?fit=800%2C445&ssl=1\",\"width\":800,\"height\":445,\"caption\":\"Resistencia. Internet\"},{\"@type\":\"BreadcrumbList\",\"@id\":\"https:\\\/\\\/ollantayitzamna.com\\\/?p=843#breadcrumb\",\"itemListElement\":[{\"@type\":\"ListItem\",\"position\":1,\"name\":\"Portada\",\"item\":\"https:\\\/\\\/ollantayitzamna.com\\\/\"},{\"@type\":\"ListItem\",\"position\":2,\"name\":\"\u00bfQu\u00e9 cambi\u00f3 en Honduras a 10 a\u00f1os del golpe de Estado?\"}]},{\"@type\":\"WebSite\",\"@id\":\"https:\\\/\\\/ollantayitzamna.com\\\/#website\",\"url\":\"https:\\\/\\\/ollantayitzamna.com\\\/\",\"name\":\"Ollantay Itzamn\u00e1\",\"description\":\"Susurros del silencio\",\"potentialAction\":[{\"@type\":\"SearchAction\",\"target\":{\"@type\":\"EntryPoint\",\"urlTemplate\":\"https:\\\/\\\/ollantayitzamna.com\\\/?s={search_term_string}\"},\"query-input\":{\"@type\":\"PropertyValueSpecification\",\"valueRequired\":true,\"valueName\":\"search_term_string\"}}],\"inLanguage\":\"es\"},{\"@type\":\"Person\",\"@id\":\"https:\\\/\\\/ollantayitzamna.com\\\/#\\\/schema\\\/person\\\/d7d683451f51a71c7d7c6b4b70437092\",\"name\":\"ollantayitzamna\",\"image\":{\"@type\":\"ImageObject\",\"inLanguage\":\"es\",\"@id\":\"https:\\\/\\\/secure.gravatar.com\\\/avatar\\\/576387c53cc1a5ef704abf20408627fa3cb969d3f33355a576a2b20d65397362?s=96&d=identicon&r=g\",\"url\":\"https:\\\/\\\/secure.gravatar.com\\\/avatar\\\/576387c53cc1a5ef704abf20408627fa3cb969d3f33355a576a2b20d65397362?s=96&d=identicon&r=g\",\"contentUrl\":\"https:\\\/\\\/secure.gravatar.com\\\/avatar\\\/576387c53cc1a5ef704abf20408627fa3cb969d3f33355a576a2b20d65397362?s=96&d=identicon&r=g\",\"caption\":\"ollantayitzamna\"},\"description\":\"Soy Tierra que siente, que llora, que ama, que conspira, que sue\u00f1a. Soy wawa (criatura) de la Pachamama.\",\"sameAs\":[\"http:\\\/\\\/ollantayitzamna.com\"],\"url\":\"https:\\\/\\\/ollantayitzamna.com\\\/?author=95365428\"}]}<\/script>\n<!-- \/ Yoast SEO plugin. -->","yoast_head_json":{"title":"\u00bfQu\u00e9 cambi\u00f3 en Honduras a 10 a\u00f1os del golpe de Estado? - Ollantay Itzamn\u00e1","robots":{"index":"index","follow":"follow","max-snippet":"max-snippet:-1","max-image-preview":"max-image-preview:large","max-video-preview":"max-video-preview:-1"},"canonical":"https:\/\/ollantayitzamna.com\/?p=843","og_locale":"es_ES","og_type":"article","og_title":"\u00bfQu\u00e9 cambi\u00f3 en Honduras a 10 a\u00f1os del golpe de Estado? - Ollantay Itzamn\u00e1","og_description":"Quiz\u00e1s se perdi\u00f3 una d\u00e9cada de oportunidad para consolidar el sujeto sociopol\u00edtico colectivo, alrededor de una agenda com\u00fan consensuada. Lo cierto es que con seguridad la Honduras post dictadura necesitar\u00e1 de ese sujeto y de esa agenda para proyectarse como pa\u00eds","og_url":"https:\/\/ollantayitzamna.com\/?p=843","og_site_name":"Ollantay Itzamn\u00e1","article_published_time":"2019-06-26T13:29:12+00:00","og_image":[{"width":800,"height":445,"url":"https:\/\/i0.wp.com\/ollantayitzamna.com\/wp-content\/uploads\/2019\/06\/honduras.jpg?fit=800%2C445&ssl=1","type":"image\/jpeg"}],"author":"ollantayitzamna","twitter_card":"summary_large_image","twitter_misc":{"Escrito por":"ollantayitzamna","Tiempo de lectura":"4 minutos"},"schema":{"@context":"https:\/\/schema.org","@graph":[{"@type":"Article","@id":"https:\/\/ollantayitzamna.com\/?p=843#article","isPartOf":{"@id":"https:\/\/ollantayitzamna.com\/?p=843"},"author":{"name":"ollantayitzamna","@id":"https:\/\/ollantayitzamna.com\/#\/schema\/person\/d7d683451f51a71c7d7c6b4b70437092"},"headline":"\u00bfQu\u00e9 cambi\u00f3 en Honduras a 10 a\u00f1os del golpe de Estado?","datePublished":"2019-06-26T13:29:12+00:00","mainEntityOfPage":{"@id":"https:\/\/ollantayitzamna.com\/?p=843"},"wordCount":904,"commentCount":0,"image":{"@id":"https:\/\/ollantayitzamna.com\/?p=843#primaryimage"},"thumbnailUrl":"https:\/\/i0.wp.com\/ollantayitzamna.com\/wp-content\/uploads\/2019\/06\/honduras.jpg?fit=800%2C445&ssl=1","keywords":["EEUU.","Golpe de Estado","Honduras","Libre"],"articleSection":["Decolonialidad"],"inLanguage":"es","potentialAction":[{"@type":"CommentAction","name":"Comment","target":["https:\/\/ollantayitzamna.com\/?p=843#respond"]}]},{"@type":"WebPage","@id":"https:\/\/ollantayitzamna.com\/?p=843","url":"https:\/\/ollantayitzamna.com\/?p=843","name":"\u00bfQu\u00e9 cambi\u00f3 en Honduras a 10 a\u00f1os del golpe de Estado? - Ollantay Itzamn\u00e1","isPartOf":{"@id":"https:\/\/ollantayitzamna.com\/#website"},"primaryImageOfPage":{"@id":"https:\/\/ollantayitzamna.com\/?p=843#primaryimage"},"image":{"@id":"https:\/\/ollantayitzamna.com\/?p=843#primaryimage"},"thumbnailUrl":"https:\/\/i0.wp.com\/ollantayitzamna.com\/wp-content\/uploads\/2019\/06\/honduras.jpg?fit=800%2C445&ssl=1","datePublished":"2019-06-26T13:29:12+00:00","author":{"@id":"https:\/\/ollantayitzamna.com\/#\/schema\/person\/d7d683451f51a71c7d7c6b4b70437092"},"breadcrumb":{"@id":"https:\/\/ollantayitzamna.com\/?p=843#breadcrumb"},"inLanguage":"es","potentialAction":[{"@type":"ReadAction","target":["https:\/\/ollantayitzamna.com\/?p=843"]}]},{"@type":"ImageObject","inLanguage":"es","@id":"https:\/\/ollantayitzamna.com\/?p=843#primaryimage","url":"https:\/\/i0.wp.com\/ollantayitzamna.com\/wp-content\/uploads\/2019\/06\/honduras.jpg?fit=800%2C445&ssl=1","contentUrl":"https:\/\/i0.wp.com\/ollantayitzamna.com\/wp-content\/uploads\/2019\/06\/honduras.jpg?fit=800%2C445&ssl=1","width":800,"height":445,"caption":"Resistencia. Internet"},{"@type":"BreadcrumbList","@id":"https:\/\/ollantayitzamna.com\/?p=843#breadcrumb","itemListElement":[{"@type":"ListItem","position":1,"name":"Portada","item":"https:\/\/ollantayitzamna.com\/"},{"@type":"ListItem","position":2,"name":"\u00bfQu\u00e9 cambi\u00f3 en Honduras a 10 a\u00f1os del golpe de Estado?"}]},{"@type":"WebSite","@id":"https:\/\/ollantayitzamna.com\/#website","url":"https:\/\/ollantayitzamna.com\/","name":"Ollantay Itzamn\u00e1","description":"Susurros del silencio","potentialAction":[{"@type":"SearchAction","target":{"@type":"EntryPoint","urlTemplate":"https:\/\/ollantayitzamna.com\/?s={search_term_string}"},"query-input":{"@type":"PropertyValueSpecification","valueRequired":true,"valueName":"search_term_string"}}],"inLanguage":"es"},{"@type":"Person","@id":"https:\/\/ollantayitzamna.com\/#\/schema\/person\/d7d683451f51a71c7d7c6b4b70437092","name":"ollantayitzamna","image":{"@type":"ImageObject","inLanguage":"es","@id":"https:\/\/secure.gravatar.com\/avatar\/576387c53cc1a5ef704abf20408627fa3cb969d3f33355a576a2b20d65397362?s=96&d=identicon&r=g","url":"https:\/\/secure.gravatar.com\/avatar\/576387c53cc1a5ef704abf20408627fa3cb969d3f33355a576a2b20d65397362?s=96&d=identicon&r=g","contentUrl":"https:\/\/secure.gravatar.com\/avatar\/576387c53cc1a5ef704abf20408627fa3cb969d3f33355a576a2b20d65397362?s=96&d=identicon&r=g","caption":"ollantayitzamna"},"description":"Soy Tierra que siente, que llora, que ama, que conspira, que sue\u00f1a. Soy wawa (criatura) de la Pachamama.","sameAs":["http:\/\/ollantayitzamna.com"],"url":"https:\/\/ollantayitzamna.com\/?author=95365428"}]}},"jetpack_publicize_connections":[],"jetpack_likes_enabled":true,"jetpack_sharing_enabled":true,"jetpack_featured_media_url":"https:\/\/i0.wp.com\/ollantayitzamna.com\/wp-content\/uploads\/2019\/06\/honduras.jpg?fit=800%2C445&ssl=1","_links":{"self":[{"href":"https:\/\/ollantayitzamna.com\/index.php?rest_route=\/wp\/v2\/posts\/843","targetHints":{"allow":["GET"]}}],"collection":[{"href":"https:\/\/ollantayitzamna.com\/index.php?rest_route=\/wp\/v2\/posts"}],"about":[{"href":"https:\/\/ollantayitzamna.com\/index.php?rest_route=\/wp\/v2\/types\/post"}],"author":[{"embeddable":true,"href":"https:\/\/ollantayitzamna.com\/index.php?rest_route=\/wp\/v2\/users\/95365428"}],"replies":[{"embeddable":true,"href":"https:\/\/ollantayitzamna.com\/index.php?rest_route=%2Fwp%2Fv2%2Fcomments&post=843"}],"version-history":[{"count":1,"href":"https:\/\/ollantayitzamna.com\/index.php?rest_route=\/wp\/v2\/posts\/843\/revisions"}],"predecessor-version":[{"id":847,"href":"https:\/\/ollantayitzamna.com\/index.php?rest_route=\/wp\/v2\/posts\/843\/revisions\/847"}],"wp:featuredmedia":[{"embeddable":true,"href":"https:\/\/ollantayitzamna.com\/index.php?rest_route=\/wp\/v2\/media\/845"}],"wp:attachment":[{"href":"https:\/\/ollantayitzamna.com\/index.php?rest_route=%2Fwp%2Fv2%2Fmedia&parent=843"}],"wp:term":[{"taxonomy":"category","embeddable":true,"href":"https:\/\/ollantayitzamna.com\/index.php?rest_route=%2Fwp%2Fv2%2Fcategories&post=843"},{"taxonomy":"post_tag","embeddable":true,"href":"https:\/\/ollantayitzamna.com\/index.php?rest_route=%2Fwp%2Fv2%2Ftags&post=843"}],"curies":[{"name":"wp","href":"https:\/\/api.w.org\/{rel}","templated":true}]}}