{"id":984,"date":"2019-08-09T08:04:56","date_gmt":"2019-08-09T14:04:56","guid":{"rendered":"http:\/\/ollantayitzamna.com\/?p=984"},"modified":"2025-07-03T18:51:48","modified_gmt":"2025-07-04T00:51:48","slug":"aun-no-es-el-dia-internacional-de-los-pueblos-indigenas","status":"publish","type":"post","link":"https:\/\/ollantayitzamna.com\/?p=984","title":{"rendered":"A\u00fan no es el D\u00eda Internacional de los Pueblos Ind\u00edgenas"},"content":{"rendered":"<figure id=\"attachment_987\" aria-describedby=\"caption-attachment-987\" style=\"width: 700px\" class=\"wp-caption aligncenter\"><img data-recalc-dims=\"1\" fetchpriority=\"high\" decoding=\"async\" data-attachment-id=\"987\" data-permalink=\"https:\/\/ollantayitzamna.com\/?attachment_id=987\" data-orig-file=\"https:\/\/i0.wp.com\/ollantayitzamna.com\/wp-content\/uploads\/2019\/08\/dsc_0670.jpg?fit=3995%2C4826&amp;ssl=1\" data-orig-size=\"3995,4826\" data-comments-opened=\"1\" data-image-meta=\"{&quot;aperture&quot;:&quot;6.3&quot;,&quot;credit&quot;:&quot;&quot;,&quot;camera&quot;:&quot;NIKON D5600&quot;,&quot;caption&quot;:&quot;&quot;,&quot;created_timestamp&quot;:&quot;1555233235&quot;,&quot;copyright&quot;:&quot;&quot;,&quot;focal_length&quot;:&quot;36&quot;,&quot;iso&quot;:&quot;200&quot;,&quot;shutter_speed&quot;:&quot;0.005&quot;,&quot;title&quot;:&quot;&quot;,&quot;orientation&quot;:&quot;1&quot;}\" data-image-title=\"DSC_0670\" data-image-description=\"\" data-image-caption=\"&lt;p&gt;Ni\u00f1os mayas. OI&lt;\/p&gt;\n\" data-large-file=\"https:\/\/i0.wp.com\/ollantayitzamna.com\/wp-content\/uploads\/2019\/08\/dsc_0670.jpg?fit=800%2C966&amp;ssl=1\" class=\"size-full wp-image-987\" src=\"https:\/\/i0.wp.com\/ollantayitzamna.com\/wp-content\/uploads\/2019\/08\/dsc_0670.jpg?resize=700%2C846&#038;ssl=1\" alt=\"\" width=\"700\" height=\"846\" \/><figcaption id=\"caption-attachment-987\" class=\"wp-caption-text\">Ni\u00f1os mayas. OI<\/figcaption><\/figure>\n<h2 style=\"text-align:center;\"><span style=\"color:#ff0000;\">Que el 9 de agosto nos motive hacia el activismo reflexivo y auto cr\u00edtico a las y los ind\u00edgenas privilegiados. Sobre todo a transitar del culturalismo\/folclorismo hacia la promoci\u00f3n\/ejercicio de los derechos pol\u00edticos y econ\u00f3micos. Es verdad que 9 de agosto a\u00fan no es, ni ser\u00e1, para todos nuestros hermanos\/as de las comunidades rurales, pero si las y los ind\u00edgenas privilegiados (sin abandonar nuestras comunidades) le apostamos a la autonom\u00eda ind\u00edgena, los territorios y el Buen Vivir, creo que habremos acelerado el esperado amanecer que tarda en clarear para la humanidad.<\/span><\/h2>\n<p><!--more-->Desde 1994, la comunidad internacional conmemora cada 9 de agosto como el D\u00eda Internacional de los Pueblos Ind\u00edgenas mediante diversas actividades p\u00fablicas para sensibilizar y visibilizar los derechos humanos jur\u00eddicamente reconocidos a los pueblos.<\/p>\n<p>Sin embargo, a 25 a\u00f1os de estar celebrando esta fecha, y a 30 a\u00f1os de la aprobaci\u00f3n del Convenio Internacional n\u00ba 169 de la OIT sobre Derechos de los Pueblos Ind\u00edgenas, las condiciones de subordinaci\u00f3n\/aniquilaci\u00f3n para las y los ind\u00edgenas recrudecen.<\/p>\n<p>El sistema mundo occidental capitalista, en su fase de acumulaci\u00f3n por despojo violento, est\u00e1 obligando a los pueblos ind\u00edgenas a defender sus territorios por v\u00edas no violentas, pero la respuesta sistem\u00e1tica de las empresas-estados es la criminalizaci\u00f3n y asesinato de ind\u00edgenas defensores de sus territorios.<\/p>\n<p>Si hacemos un balance de los asesinatos de defensores de derechos en pa\u00edses como Guatemala, Colombia o M\u00e9xico, casi el 100% de defensores de derechos asesinados son ind\u00edgenas. En lo que va del 2019, de los 8 asesinatos de defensores miembros del movimiento social que acompa\u00f1o en Guatemala, todos son ind\u00edgenas.<\/p>\n<p>Los bicentenarios estados criollos de Latinoam\u00e9rica a\u00fan contin\u00faan tratando a ind\u00edgenas como si fueran una especie de la fauna silvestre. No \u00fanicamente porque las y los ind\u00edgenas viven sin Estado, sin derechos, ni oportunidades, sino porque las pol\u00edticas de \u201cmestizaje\u201d y de eugenesia (blanqueamiento gen\u00e9tico) contin\u00faan vigentes y potentes mediante dispositivos culturales criollos instalados.<\/p>\n<p>Un ind\u00edgena para ser ciudadano en una Rep\u00fablica criolla est\u00e1 irremediablemente condenado a renegar de su \u201cser ind\u00edgena\u201d y a asimilar el alma criolla. En los estados criollos el ind\u00edgena que no renuncia a su identidad\/dignidad s\u00f3lo tiene obligaciones, mas no derechos. Mucho menos oportunidades.<\/p>\n<p>El sistema mundo occidental colonizador, en su versi\u00f3n neoliberal, no s\u00f3lo invade, despoja y destruye territorios ind\u00edgenas\/santuarios ecosist\u00e9micos, tambi\u00e9n rentabiliza el remanente cultural ind\u00edgena (que dej\u00f3 siglos de colonialismo permanente) como un exitoso bien comercial ex\u00f3tico.<\/p>\n<p>As\u00ed, los cuerpos de ind\u00edgenas, especialmente de j\u00f3venes, envueltos en tejidos multicolores, son expuestos como anzuelos para atrapar la atenci\u00f3n del consumidor en los mercados postmodernos.<\/p>\n<p>Suficiente observar ciudades como Oaxaca, Cusco, Antigua Guatemala\u2026 Ocurre con los vestigios de las espiritualidades ind\u00edgenas. Ocurre con la gastronom\u00eda. Ocurre con la indumentaria fruto de la Colonia. Ocurre con los lugares\/legados arqueol\u00f3gicos\u2026 Incluso con el cerebro y psicolog\u00eda de ind\u00edgenas profesionalizados.<\/p>\n<p>El a\u00f1o 2019 est\u00e1 establecido, por la ONU, como \u201cA\u00f1o Internacional de Lenguas Ind\u00edgenas\u201d. Aunque los ind\u00edgenas no hablamos lenguas, sino idiomas, porque el t\u00e9rmino lengua es una construcci\u00f3n ideol\u00f3gica para \u201cnaturalizar\u201d la subordinaci\u00f3n ind\u00edgena a las culturas oficiales (que s\u00ed hablan idioma). Sin embargo, las y los ind\u00edgenas conscientes no deber\u00edamos distraernos \u00fanicamente en la defensa\/ejercicio de nuestros derechos culturales. Debemos transitar hacia el ejercicio de los derechos pol\u00edticos y econ\u00f3micos.<\/p>\n<figure id=\"attachment_986\" aria-describedby=\"caption-attachment-986\" style=\"width: 700px\" class=\"wp-caption aligncenter\"><img data-recalc-dims=\"1\" decoding=\"async\" data-attachment-id=\"986\" data-permalink=\"https:\/\/ollantayitzamna.com\/?attachment_id=986\" data-orig-file=\"https:\/\/i0.wp.com\/ollantayitzamna.com\/wp-content\/uploads\/2019\/08\/dsc_0041.jpg?fit=5974%2C2172&amp;ssl=1\" data-orig-size=\"5974,2172\" data-comments-opened=\"1\" data-image-meta=\"{&quot;aperture&quot;:&quot;10&quot;,&quot;credit&quot;:&quot;OIIANTAY&quot;,&quot;camera&quot;:&quot;NIKON D5600&quot;,&quot;caption&quot;:&quot;&quot;,&quot;created_timestamp&quot;:&quot;1557412341&quot;,&quot;copyright&quot;:&quot;&quot;,&quot;focal_length&quot;:&quot;18&quot;,&quot;iso&quot;:&quot;400&quot;,&quot;shutter_speed&quot;:&quot;0.005&quot;,&quot;title&quot;:&quot;&quot;,&quot;orientation&quot;:&quot;1&quot;}\" data-image-title=\"DSC_0041\" data-image-description=\"\" data-image-caption=\"&lt;p&gt;Xincas. OI&lt;\/p&gt;\n\" data-large-file=\"https:\/\/i0.wp.com\/ollantayitzamna.com\/wp-content\/uploads\/2019\/08\/dsc_0041.jpg?fit=800%2C291&amp;ssl=1\" class=\"wp-image-986 size-full\" src=\"https:\/\/i0.wp.com\/ollantayitzamna.com\/wp-content\/uploads\/2019\/08\/dsc_0041.jpg?resize=700%2C255&#038;ssl=1\" alt=\"\" width=\"700\" height=\"255\" \/><figcaption id=\"caption-attachment-986\" class=\"wp-caption-text\">Xincas. OI<\/figcaption><\/figure>\n<p>La proclamaci\u00f3n y ejercicio de las autonom\u00edas ind\u00edgenas, en base a la norma internacional, es una tarea a\u00fan pendiente casi para todos los pueblos ind\u00edgenas. Ejercer autonom\u00eda requiere necesariamente recuperar nuestros territorios. Y esto implica reconfiguraci\u00f3n estructural de los estados criollos en estados plurinacionales. Sin territorio, y sin autonom\u00eda, toda lucha ind\u00edgena es miope.<\/p>\n<p>Quiz\u00e1s uno de los legados de los 25 a\u00f1os del D\u00eda Internacional de los Pueblos Ind\u00edgenas, o los 30 a\u00f1os del Convenio Internacional n\u00ba 169, sea el avance en la sensibilizaci\u00f3n\/ejercicio de los derechos culturales (idioma, traje, comida, espiritualidad). Pero, mucho de este esfuerzo se pervirti\u00f3 en el culturalismo y oportunismo ind\u00edgena rampante.<\/p>\n<p>A tal grado que en pa\u00edses envidiablemente multiculturales como Guatemala, con frondosas ONG y cooperaci\u00f3n internacional pro ind\u00edgenas, tenemos \u201creinas\u201d mayas (j\u00f3venes) coronadas y envueltas en aparatosos trajes indocoloniales haciendo ceremoniosas filas para reverenciar y besar la mano del candidato presidencial criollo (del sector ultraconservador\/militar). Esto ocurre, ahora.<\/p>\n<p>O la humillante lambisconer\u00eda de intelectuales y acad\u00e9micas mayas celebrando rimbombante Congreso Acad\u00e9mico sobre Racismo, en 2018, en Guatemala ciudad, nada menos que para legitimar y posesionar el logotipo y el nombre de la USAID como el benefactor m\u00e1s sublime de Guatemaya.<\/p>\n<p>Que el 9 de agosto nos motive hacia el activismo reflexivo y auto cr\u00edtico a las y los ind\u00edgenas privilegiados. Sobre todo a transitar del culturalismo\/folclorismo hacia la promoci\u00f3n\/ejercicio de los derechos pol\u00edticos y econ\u00f3micos. Es verdad que 9 de agosto a\u00fan no es, ni ser\u00e1, para todos nuestros hermanos\/as de las comunidades rurales, pero si las y los ind\u00edgenas privilegiados (sin abandonar nuestras comunidades) le apostamos a la autonom\u00eda ind\u00edgena, los territorios y el Buen Vivir, creo que habremos acelerado el esperado amanecer que tarda en clarear para la humanidad.<\/p>\n","protected":false},"excerpt":{"rendered":"<p>Que el 9 de agosto nos motive hacia el activismo reflexivo y auto cr\u00edtico a las y los ind\u00edgenas privilegiados. Sobre todo a transitar del culturalismo\/folclorismo hacia la promoci\u00f3n\/ejercicio de los derechos pol\u00edticos y econ\u00f3micos. Es verdad que 9 de agosto a\u00fan no es, ni ser\u00e1, para todos nuestros hermanos\/as de las comunidades rurales, pero [&hellip;]<\/p>\n","protected":false},"author":95365428,"featured_media":987,"comment_status":"open","ping_status":"open","sticky":false,"template":"","format":"standard","meta":{"_coblocks_attr":"","_coblocks_dimensions":"","_coblocks_responsive_height":"","_coblocks_accordion_ie_support":"","_jetpack_newsletter_access":"","_jetpack_dont_email_post_to_subs":false,"_jetpack_newsletter_tier_id":0,"_jetpack_memberships_contains_paywalled_content":false,"_wpcom_ai_launchpad_first_post":false,"_jetpack_feature_clip_id":0,"_jetpack_memberships_contains_paid_content":false,"footnotes":"","jetpack_publicize_message":"{title}\n\n{excerpt}\n\n{url}","jetpack_publicize_feature_enabled":true,"jetpack_social_post_already_shared":false,"jetpack_social_options":{"image_generator_settings":{"template":"highway","default_image_id":0,"font":"","enabled":false},"version":2},"_wpas_customize_per_network":false,"jetpack_post_was_ever_published":false},"categories":[696796406],"tags":[17212,228569,15684074,696795858,846965],"class_list":["post-984","post","type-post","status-publish","format-standard","has-post-thumbnail","hentry","category-comunalidad","tag-america-latina","tag-autodeterminacion","tag-culturalismo","tag-guatemala","tag-pueblos-indigenas"],"yoast_head":"<!-- This site is optimized with the Yoast SEO plugin v28.4 - https:\/\/yoast.com\/product\/yoast-seo-wordpress\/ -->\n<title>A\u00fan no es el D\u00eda Internacional de los Pueblos Ind\u00edgenas - Ollantay Itzamn\u00e1<\/title>\n<meta name=\"robots\" content=\"index, follow, max-snippet:-1, max-image-preview:large, max-video-preview:-1\" \/>\n<link rel=\"canonical\" href=\"https:\/\/ollantayitzamna.com\/?p=984\" \/>\n<meta property=\"og:locale\" content=\"es_ES\" \/>\n<meta property=\"og:type\" content=\"article\" \/>\n<meta property=\"og:title\" content=\"A\u00fan no es el D\u00eda Internacional de los Pueblos Ind\u00edgenas - Ollantay Itzamn\u00e1\" \/>\n<meta property=\"og:description\" content=\"Que el 9 de agosto nos motive hacia el activismo reflexivo y auto cr\u00edtico a las y los ind\u00edgenas privilegiados. Sobre todo a transitar del culturalismo\/folclorismo hacia la promoci\u00f3n\/ejercicio de los derechos pol\u00edticos y econ\u00f3micos. Es verdad que 9 de agosto a\u00fan no es, ni ser\u00e1, para todos nuestros hermanos\/as de las comunidades rurales, pero [&hellip;]\" \/>\n<meta property=\"og:url\" content=\"https:\/\/ollantayitzamna.com\/?p=984\" \/>\n<meta property=\"og:site_name\" content=\"Ollantay Itzamn\u00e1\" \/>\n<meta property=\"article:published_time\" content=\"2019-08-09T14:04:56+00:00\" \/>\n<meta property=\"article:modified_time\" content=\"2025-07-04T00:51:48+00:00\" \/>\n<meta property=\"og:image\" content=\"https:\/\/i0.wp.com\/ollantayitzamna.com\/wp-content\/uploads\/2019\/08\/dsc_0670.jpg?fit=800%2C966&ssl=1\" \/>\n\t<meta property=\"og:image:width\" content=\"800\" \/>\n\t<meta property=\"og:image:height\" content=\"966\" \/>\n\t<meta property=\"og:image:type\" content=\"image\/jpeg\" \/>\n<meta name=\"author\" content=\"ollantayitzamna\" \/>\n<meta name=\"twitter:card\" content=\"summary_large_image\" \/>\n<meta name=\"twitter:label1\" content=\"Escrito por\" \/>\n\t<meta name=\"twitter:data1\" content=\"ollantayitzamna\" \/>\n\t<meta name=\"twitter:label2\" content=\"Tiempo de lectura\" \/>\n\t<meta name=\"twitter:data2\" content=\"5 minutos\" \/>\n<script type=\"application\/ld+json\" class=\"yoast-schema-graph\">{\"@context\":\"https:\\\/\\\/schema.org\",\"@graph\":[{\"@type\":\"Article\",\"@id\":\"https:\\\/\\\/ollantayitzamna.com\\\/?p=984#article\",\"isPartOf\":{\"@id\":\"https:\\\/\\\/ollantayitzamna.com\\\/?p=984\"},\"author\":{\"name\":\"ollantayitzamna\",\"@id\":\"https:\\\/\\\/ollantayitzamna.com\\\/#\\\/schema\\\/person\\\/d7d683451f51a71c7d7c6b4b70437092\"},\"headline\":\"A\u00fan no es el D\u00eda Internacional de los Pueblos Ind\u00edgenas\",\"datePublished\":\"2019-08-09T14:04:56+00:00\",\"dateModified\":\"2025-07-04T00:51:48+00:00\",\"mainEntityOfPage\":{\"@id\":\"https:\\\/\\\/ollantayitzamna.com\\\/?p=984\"},\"wordCount\":959,\"commentCount\":0,\"image\":{\"@id\":\"https:\\\/\\\/ollantayitzamna.com\\\/?p=984#primaryimage\"},\"thumbnailUrl\":\"https:\\\/\\\/i0.wp.com\\\/ollantayitzamna.com\\\/wp-content\\\/uploads\\\/2019\\\/08\\\/dsc_0670.jpg?fit=3995%2C4826&ssl=1\",\"keywords\":[\"Am\u00e9rica Latina\",\"autodeterminaci\u00f3n\",\"culturalismo\",\"Guatemala\",\"pueblos ind\u00edgenas\"],\"articleSection\":[\"Comunalidad\"],\"inLanguage\":\"es\",\"potentialAction\":[{\"@type\":\"CommentAction\",\"name\":\"Comment\",\"target\":[\"https:\\\/\\\/ollantayitzamna.com\\\/?p=984#respond\"]}]},{\"@type\":\"WebPage\",\"@id\":\"https:\\\/\\\/ollantayitzamna.com\\\/?p=984\",\"url\":\"https:\\\/\\\/ollantayitzamna.com\\\/?p=984\",\"name\":\"A\u00fan no es el D\u00eda Internacional de los Pueblos Ind\u00edgenas - Ollantay Itzamn\u00e1\",\"isPartOf\":{\"@id\":\"https:\\\/\\\/ollantayitzamna.com\\\/#website\"},\"primaryImageOfPage\":{\"@id\":\"https:\\\/\\\/ollantayitzamna.com\\\/?p=984#primaryimage\"},\"image\":{\"@id\":\"https:\\\/\\\/ollantayitzamna.com\\\/?p=984#primaryimage\"},\"thumbnailUrl\":\"https:\\\/\\\/i0.wp.com\\\/ollantayitzamna.com\\\/wp-content\\\/uploads\\\/2019\\\/08\\\/dsc_0670.jpg?fit=3995%2C4826&ssl=1\",\"datePublished\":\"2019-08-09T14:04:56+00:00\",\"dateModified\":\"2025-07-04T00:51:48+00:00\",\"author\":{\"@id\":\"https:\\\/\\\/ollantayitzamna.com\\\/#\\\/schema\\\/person\\\/d7d683451f51a71c7d7c6b4b70437092\"},\"breadcrumb\":{\"@id\":\"https:\\\/\\\/ollantayitzamna.com\\\/?p=984#breadcrumb\"},\"inLanguage\":\"es\",\"potentialAction\":[{\"@type\":\"ReadAction\",\"target\":[\"https:\\\/\\\/ollantayitzamna.com\\\/?p=984\"]}]},{\"@type\":\"ImageObject\",\"inLanguage\":\"es\",\"@id\":\"https:\\\/\\\/ollantayitzamna.com\\\/?p=984#primaryimage\",\"url\":\"https:\\\/\\\/i0.wp.com\\\/ollantayitzamna.com\\\/wp-content\\\/uploads\\\/2019\\\/08\\\/dsc_0670.jpg?fit=3995%2C4826&ssl=1\",\"contentUrl\":\"https:\\\/\\\/i0.wp.com\\\/ollantayitzamna.com\\\/wp-content\\\/uploads\\\/2019\\\/08\\\/dsc_0670.jpg?fit=3995%2C4826&ssl=1\",\"width\":3995,\"height\":4826,\"caption\":\"Ni\u00f1os mayas. OI\"},{\"@type\":\"BreadcrumbList\",\"@id\":\"https:\\\/\\\/ollantayitzamna.com\\\/?p=984#breadcrumb\",\"itemListElement\":[{\"@type\":\"ListItem\",\"position\":1,\"name\":\"Portada\",\"item\":\"https:\\\/\\\/ollantayitzamna.com\\\/\"},{\"@type\":\"ListItem\",\"position\":2,\"name\":\"A\u00fan no es el D\u00eda Internacional de los Pueblos Ind\u00edgenas\"}]},{\"@type\":\"WebSite\",\"@id\":\"https:\\\/\\\/ollantayitzamna.com\\\/#website\",\"url\":\"https:\\\/\\\/ollantayitzamna.com\\\/\",\"name\":\"Ollantay Itzamn\u00e1\",\"description\":\"Susurros del silencio\",\"potentialAction\":[{\"@type\":\"SearchAction\",\"target\":{\"@type\":\"EntryPoint\",\"urlTemplate\":\"https:\\\/\\\/ollantayitzamna.com\\\/?s={search_term_string}\"},\"query-input\":{\"@type\":\"PropertyValueSpecification\",\"valueRequired\":true,\"valueName\":\"search_term_string\"}}],\"inLanguage\":\"es\"},{\"@type\":\"Person\",\"@id\":\"https:\\\/\\\/ollantayitzamna.com\\\/#\\\/schema\\\/person\\\/d7d683451f51a71c7d7c6b4b70437092\",\"name\":\"ollantayitzamna\",\"image\":{\"@type\":\"ImageObject\",\"inLanguage\":\"es\",\"@id\":\"https:\\\/\\\/secure.gravatar.com\\\/avatar\\\/576387c53cc1a5ef704abf20408627fa3cb969d3f33355a576a2b20d65397362?s=96&d=identicon&r=g\",\"url\":\"https:\\\/\\\/secure.gravatar.com\\\/avatar\\\/576387c53cc1a5ef704abf20408627fa3cb969d3f33355a576a2b20d65397362?s=96&d=identicon&r=g\",\"contentUrl\":\"https:\\\/\\\/secure.gravatar.com\\\/avatar\\\/576387c53cc1a5ef704abf20408627fa3cb969d3f33355a576a2b20d65397362?s=96&d=identicon&r=g\",\"caption\":\"ollantayitzamna\"},\"description\":\"Soy Tierra que siente, que llora, que ama, que conspira, que sue\u00f1a. Soy wawa (criatura) de la Pachamama.\",\"sameAs\":[\"http:\\\/\\\/ollantayitzamna.com\"],\"url\":\"https:\\\/\\\/ollantayitzamna.com\\\/?author=95365428\"}]}<\/script>\n<!-- \/ Yoast SEO plugin. -->","yoast_head_json":{"title":"A\u00fan no es el D\u00eda Internacional de los Pueblos Ind\u00edgenas - Ollantay Itzamn\u00e1","robots":{"index":"index","follow":"follow","max-snippet":"max-snippet:-1","max-image-preview":"max-image-preview:large","max-video-preview":"max-video-preview:-1"},"canonical":"https:\/\/ollantayitzamna.com\/?p=984","og_locale":"es_ES","og_type":"article","og_title":"A\u00fan no es el D\u00eda Internacional de los Pueblos Ind\u00edgenas - Ollantay Itzamn\u00e1","og_description":"Que el 9 de agosto nos motive hacia el activismo reflexivo y auto cr\u00edtico a las y los ind\u00edgenas privilegiados. Sobre todo a transitar del culturalismo\/folclorismo hacia la promoci\u00f3n\/ejercicio de los derechos pol\u00edticos y econ\u00f3micos. Es verdad que 9 de agosto a\u00fan no es, ni ser\u00e1, para todos nuestros hermanos\/as de las comunidades rurales, pero [&hellip;]","og_url":"https:\/\/ollantayitzamna.com\/?p=984","og_site_name":"Ollantay Itzamn\u00e1","article_published_time":"2019-08-09T14:04:56+00:00","article_modified_time":"2025-07-04T00:51:48+00:00","og_image":[{"url":"https:\/\/i0.wp.com\/ollantayitzamna.com\/wp-content\/uploads\/2019\/08\/dsc_0670.jpg?fit=800%2C966&ssl=1","width":800,"height":966,"type":"image\/jpeg"}],"author":"ollantayitzamna","twitter_card":"summary_large_image","twitter_misc":{"Escrito por":"ollantayitzamna","Tiempo de lectura":"5 minutos"},"schema":{"@context":"https:\/\/schema.org","@graph":[{"@type":"Article","@id":"https:\/\/ollantayitzamna.com\/?p=984#article","isPartOf":{"@id":"https:\/\/ollantayitzamna.com\/?p=984"},"author":{"name":"ollantayitzamna","@id":"https:\/\/ollantayitzamna.com\/#\/schema\/person\/d7d683451f51a71c7d7c6b4b70437092"},"headline":"A\u00fan no es el D\u00eda Internacional de los Pueblos Ind\u00edgenas","datePublished":"2019-08-09T14:04:56+00:00","dateModified":"2025-07-04T00:51:48+00:00","mainEntityOfPage":{"@id":"https:\/\/ollantayitzamna.com\/?p=984"},"wordCount":959,"commentCount":0,"image":{"@id":"https:\/\/ollantayitzamna.com\/?p=984#primaryimage"},"thumbnailUrl":"https:\/\/i0.wp.com\/ollantayitzamna.com\/wp-content\/uploads\/2019\/08\/dsc_0670.jpg?fit=3995%2C4826&ssl=1","keywords":["Am\u00e9rica Latina","autodeterminaci\u00f3n","culturalismo","Guatemala","pueblos ind\u00edgenas"],"articleSection":["Comunalidad"],"inLanguage":"es","potentialAction":[{"@type":"CommentAction","name":"Comment","target":["https:\/\/ollantayitzamna.com\/?p=984#respond"]}]},{"@type":"WebPage","@id":"https:\/\/ollantayitzamna.com\/?p=984","url":"https:\/\/ollantayitzamna.com\/?p=984","name":"A\u00fan no es el D\u00eda Internacional de los Pueblos Ind\u00edgenas - Ollantay Itzamn\u00e1","isPartOf":{"@id":"https:\/\/ollantayitzamna.com\/#website"},"primaryImageOfPage":{"@id":"https:\/\/ollantayitzamna.com\/?p=984#primaryimage"},"image":{"@id":"https:\/\/ollantayitzamna.com\/?p=984#primaryimage"},"thumbnailUrl":"https:\/\/i0.wp.com\/ollantayitzamna.com\/wp-content\/uploads\/2019\/08\/dsc_0670.jpg?fit=3995%2C4826&ssl=1","datePublished":"2019-08-09T14:04:56+00:00","dateModified":"2025-07-04T00:51:48+00:00","author":{"@id":"https:\/\/ollantayitzamna.com\/#\/schema\/person\/d7d683451f51a71c7d7c6b4b70437092"},"breadcrumb":{"@id":"https:\/\/ollantayitzamna.com\/?p=984#breadcrumb"},"inLanguage":"es","potentialAction":[{"@type":"ReadAction","target":["https:\/\/ollantayitzamna.com\/?p=984"]}]},{"@type":"ImageObject","inLanguage":"es","@id":"https:\/\/ollantayitzamna.com\/?p=984#primaryimage","url":"https:\/\/i0.wp.com\/ollantayitzamna.com\/wp-content\/uploads\/2019\/08\/dsc_0670.jpg?fit=3995%2C4826&ssl=1","contentUrl":"https:\/\/i0.wp.com\/ollantayitzamna.com\/wp-content\/uploads\/2019\/08\/dsc_0670.jpg?fit=3995%2C4826&ssl=1","width":3995,"height":4826,"caption":"Ni\u00f1os mayas. OI"},{"@type":"BreadcrumbList","@id":"https:\/\/ollantayitzamna.com\/?p=984#breadcrumb","itemListElement":[{"@type":"ListItem","position":1,"name":"Portada","item":"https:\/\/ollantayitzamna.com\/"},{"@type":"ListItem","position":2,"name":"A\u00fan no es el D\u00eda Internacional de los Pueblos Ind\u00edgenas"}]},{"@type":"WebSite","@id":"https:\/\/ollantayitzamna.com\/#website","url":"https:\/\/ollantayitzamna.com\/","name":"Ollantay Itzamn\u00e1","description":"Susurros del silencio","potentialAction":[{"@type":"SearchAction","target":{"@type":"EntryPoint","urlTemplate":"https:\/\/ollantayitzamna.com\/?s={search_term_string}"},"query-input":{"@type":"PropertyValueSpecification","valueRequired":true,"valueName":"search_term_string"}}],"inLanguage":"es"},{"@type":"Person","@id":"https:\/\/ollantayitzamna.com\/#\/schema\/person\/d7d683451f51a71c7d7c6b4b70437092","name":"ollantayitzamna","image":{"@type":"ImageObject","inLanguage":"es","@id":"https:\/\/secure.gravatar.com\/avatar\/576387c53cc1a5ef704abf20408627fa3cb969d3f33355a576a2b20d65397362?s=96&d=identicon&r=g","url":"https:\/\/secure.gravatar.com\/avatar\/576387c53cc1a5ef704abf20408627fa3cb969d3f33355a576a2b20d65397362?s=96&d=identicon&r=g","contentUrl":"https:\/\/secure.gravatar.com\/avatar\/576387c53cc1a5ef704abf20408627fa3cb969d3f33355a576a2b20d65397362?s=96&d=identicon&r=g","caption":"ollantayitzamna"},"description":"Soy Tierra que siente, que llora, que ama, que conspira, que sue\u00f1a. Soy wawa (criatura) de la Pachamama.","sameAs":["http:\/\/ollantayitzamna.com"],"url":"https:\/\/ollantayitzamna.com\/?author=95365428"}]}},"jetpack_publicize_connections":[],"jetpack_likes_enabled":true,"jetpack_sharing_enabled":true,"jetpack_featured_media_url":"https:\/\/i0.wp.com\/ollantayitzamna.com\/wp-content\/uploads\/2019\/08\/dsc_0670.jpg?fit=3995%2C4826&ssl=1","_links":{"self":[{"href":"https:\/\/ollantayitzamna.com\/index.php?rest_route=\/wp\/v2\/posts\/984","targetHints":{"allow":["GET"]}}],"collection":[{"href":"https:\/\/ollantayitzamna.com\/index.php?rest_route=\/wp\/v2\/posts"}],"about":[{"href":"https:\/\/ollantayitzamna.com\/index.php?rest_route=\/wp\/v2\/types\/post"}],"author":[{"embeddable":true,"href":"https:\/\/ollantayitzamna.com\/index.php?rest_route=\/wp\/v2\/users\/95365428"}],"replies":[{"embeddable":true,"href":"https:\/\/ollantayitzamna.com\/index.php?rest_route=%2Fwp%2Fv2%2Fcomments&post=984"}],"version-history":[{"count":3,"href":"https:\/\/ollantayitzamna.com\/index.php?rest_route=\/wp\/v2\/posts\/984\/revisions"}],"predecessor-version":[{"id":989,"href":"https:\/\/ollantayitzamna.com\/index.php?rest_route=\/wp\/v2\/posts\/984\/revisions\/989"}],"wp:featuredmedia":[{"embeddable":true,"href":"https:\/\/ollantayitzamna.com\/index.php?rest_route=\/wp\/v2\/media\/987"}],"wp:attachment":[{"href":"https:\/\/ollantayitzamna.com\/index.php?rest_route=%2Fwp%2Fv2%2Fmedia&parent=984"}],"wp:term":[{"taxonomy":"category","embeddable":true,"href":"https:\/\/ollantayitzamna.com\/index.php?rest_route=%2Fwp%2Fv2%2Fcategories&post=984"},{"taxonomy":"post_tag","embeddable":true,"href":"https:\/\/ollantayitzamna.com\/index.php?rest_route=%2Fwp%2Fv2%2Ftags&post=984"}],"curies":[{"name":"wp","href":"https:\/\/api.w.org\/{rel}","templated":true}]}}